{"id":29528,"date":"2026-04-29T15:33:50","date_gmt":"2026-04-29T13:33:50","guid":{"rendered":"https:\/\/www.armandotesta.it\/?p=29528"},"modified":"2026-04-29T15:33:50","modified_gmt":"2026-04-29T13:33:50","slug":"la-buona-stella-di-negroni-rinnova-il-packaging-degli-affettati-con-armando-testa","status":"publish","type":"post","link":"https:\/\/www.armandotesta.it\/it\/la-buona-stella-di-negroni-rinnova-il-packaging-degli-affettati-con-armando-testa\/","title":{"rendered":"La Buona Stella di Negroni rinnova il packaging degli affettati con Armando Testa."},"content":{"rendered":"\n<p>Un nuovo&nbsp;<em>system pack<\/em>, un\u2019identit\u00e0 visiva rinnovata e un posizionamento distintivo per&nbsp;<a href=\"https:\/\/www.negroni.com\/it\/prodotti\/affettati\"><strong>la gamma affettati Negroni<\/strong><\/a><strong><\/strong>che mette al centro l&#8217;iconica Stella: il brand racconta cos\u00ec l\u2019evoluzione della sua identit\u00e0 attraverso un progetto che coniuga il suo&nbsp;<em>heritage<\/em>&nbsp;centenario e un linguaggio contemporaneo creato da AT Design, unit di Branding &amp; Design dell\u2019Agenzia Armando Testa.&nbsp;<\/p>\n\n\n\n<p>Al centro del restyling \u2013 in tutti i punti vendita a partire da fine aprile &#8211; c\u2019\u00e8 il dialogo tra passato e futuro. Le forme e il colore che hanno fatto la storia dell\u2019iconico salame Negronetto rivivono oggi in un&nbsp;<em>layout<\/em>&nbsp;pulito e moderno, caratterizzato da un blu intenso che determina un ritorno alle radici visive della marca. Questo colore non solo richiama, infatti, le storiche confezioni del brand, ma diventa palcoscenico per la Stella di Negroni. Questa scelta cromatica e strutturale trasforma il packaging in un elemento narrativo in continuazione con il concept della nuova campagna \u201cLa tua Buona Stella\u201d, realizzata dalla stessa Armando Testa.&nbsp;<\/p>\n\n\n\n<p>Completa la trasformazione il&nbsp;<em>claim<\/em>&nbsp;introdotto sui packaging \u201cLa Stella che vuol dire Qualit\u00e0\u201d, che pi\u00f9 che una firma diventa una vera e propria promessa, un omaggio all&#8217;eredit\u00e0 di&nbsp;<a href=\"https:\/\/www.negroni.com\/it\/100-anni-di-storia\">Negroni<\/a>&nbsp;e all\u2019eccellenza della sua bont\u00e0 immutata nel tempo. La Stella,&nbsp;punto di partenza di tutti gli asset di comunicazione,&nbsp;si trasforma cos\u00ec in un simbolo ancora pi\u00f9 unico e proprietario.<\/p>\n\n\n\n<p>Il progetto di rebranding trova la sua naturale estensione sul punto vendita, dando vita ad un\u2019experience visiva che sfrutta il colore, il&nbsp;<em>look &amp; feel<\/em>&nbsp;e l\u2019iconico&nbsp;<em>jingle<\/em>&nbsp;del marchio per creare un percorso virtuoso che invita il pubblico a seguire &#8220;La tua Buona Stella&#8221; direttamente allo scaffale.&nbsp;<\/p>\n\n\n\n<p>In occasione del&nbsp;<em>restyling<\/em>, Negroni amplia inoltre la propria offerta con una novit\u00e0 di prodotto: il&nbsp;<a href=\"https:\/\/www.negroni.com\/it\/prodotti\/linea-stella\/salame-napoli\"><strong>Salame Napoli gi\u00e0 affettato<\/strong><\/a>. Ispirato alla tradizione partenopea, si distingue per la selezione accurata delle carni e per il processo di affumicatura prima della stagionatura, che ne esalta il profilo aromatico intenso e speziato.<\/p>\n\n\n\n<p>FOCUS &#8211; I 4 PANINI DELL\u2019ESTATE SECONDO IL MARCHIO DELLA STELLA: 4 ABBINAMENTI SFIZIOSI CON GLI AFFETTATI NEGRONI PER PRANZI O SPUNTINI VELOCI, PRATICI MA GUSTOSI<\/p>\n\n\n\n<p>In vista dell\u2019estate cresce la voglia di ricette pratiche, senza rinunciare al gusto. Per questo il marchio della Stella ripropone un grande classico come il panino all\u2019italiana in abbinamento a 4 ricette creative con gli affettati Negroni. Sfiziose proposte per vivere un\u2019esperienza gourmet veloce, fresca e di qualit\u00e0, ma anche per celebrare il&nbsp;<em>restyling<\/em>della gamma e il nuovo Salame Napoli gi\u00e0 affettato:&nbsp;<\/p>\n\n\n\n<ul class=\"wp-block-list\">\n<li><strong><em>Amigo con prosciutto cotto, peperoni grigliati e provola<\/em><\/strong>\u00a0<strong><em>affumicata<\/em><\/strong>: un panino ispirato al fantastico mondo dei games degli\u00a0anni \u201880. Ingredienti: 2 fette di Prosciutto Cotto Alta Qualit\u00e0 Negroni; 1 cucchiaio di formaggio spalmabile; 2 fette di pane integrale; erba cipollina; 2 fette di provola affumicata; insalata q.b.; 2 fette di peperoni; olio extravergine di oliva e sale q.b.\u00a0<\/li>\n\n\n\n<li><strong><em>Panino integrale con\u00a0prosciutto crudo, maionese e zucchine<\/em><\/strong><strong>:\u00a0<\/strong>un\u2019idea perfetta per la bella stagione. Ingredienti: 1 panino integrale; 1 confezione di Prosciutto Crudo; 1 zucchina; 1pomodoro; insalata q.b.; maionese q.b.; sale, pepe, olio extravergine di oliva q.b.\u00a0<\/li>\n\n\n\n<li><strong><em>Panino con salame Napoli, carciofini e mozzarella:\u00a0<\/em><\/strong>una proposta dal gusto deciso per chi ama gli strati. Ingredienti: pane tipo michetta; q.b. fette di Salame Napoli Negroni; carciofini sott\u2019olio q.b.; 1 mozzarella; pat\u00e8 di olive nere q.b.; rucola q.b.\u00a0<\/li>\n\n\n\n<li><strong><em>Panino con Negronetto, scamorza affumicata, senape, cicorino e pomodori secchi:\u00a0<\/em><\/strong>un\u00a0panino per chi \u00e8 amante dei sapori forti. Ingredienti: 8 fette di Negronetto; 1 panino di grano duro; 3 pomodori secchi; 1 cucchiaio di senape; 3 fette di scamorza affumicata; qualche foglia di cicorino fresco.\u00a0<\/li>\n<\/ul>\n\n\n\n<p><strong>CREDITS<\/strong><\/p>\n\n\n\n<p>Agenzia: Armando Testa&nbsp;<\/p>\n\n\n\n<p>Creative Team AT Design: Patrizia Massarenti, Lara Aldrighi, Dario Trigiani, Federica Lamonarca<\/p>\n\n\n\n<p>Client Service: Gabriele Nolfo<\/p>\n\n\n\n<figure class=\"wp-block-image size-large\"><img loading=\"lazy\" decoding=\"async\" width=\"1024\" height=\"682\" src=\"https:\/\/www.armandotesta.it\/wp-content\/uploads\/2026\/04\/Negroni_-Salame-Napoli-1024x682.jpg\" alt=\"\" class=\"wp-image-29533\" srcset=\"https:\/\/www.armandotesta.it\/wp-content\/uploads\/2026\/04\/Negroni_-Salame-Napoli-1024x682.jpg 1024w, https:\/\/www.armandotesta.it\/wp-content\/uploads\/2026\/04\/Negroni_-Salame-Napoli-300x200.jpg 300w, https:\/\/www.armandotesta.it\/wp-content\/uploads\/2026\/04\/Negroni_-Salame-Napoli-768x512.jpg 768w, https:\/\/www.armandotesta.it\/wp-content\/uploads\/2026\/04\/Negroni_-Salame-Napoli-1536x1024.jpg 1536w, https:\/\/www.armandotesta.it\/wp-content\/uploads\/2026\/04\/Negroni_-Salame-Napoli-2048x1365.jpg 2048w\" sizes=\"auto, (max-width: 1024px) 100vw, 1024px\" \/><\/figure>\n\n\n\n<figure class=\"wp-block-image size-large\"><img loading=\"lazy\" decoding=\"async\" width=\"1024\" height=\"683\" src=\"https:\/\/www.armandotesta.it\/wp-content\/uploads\/2026\/04\/Negroni_Negronetto_Prosciutto-Cotto_Prosciutto-Crudo-1024x683.jpg\" alt=\"\" class=\"wp-image-29531\" srcset=\"https:\/\/www.armandotesta.it\/wp-content\/uploads\/2026\/04\/Negroni_Negronetto_Prosciutto-Cotto_Prosciutto-Crudo-1024x683.jpg 1024w, https:\/\/www.armandotesta.it\/wp-content\/uploads\/2026\/04\/Negroni_Negronetto_Prosciutto-Cotto_Prosciutto-Crudo-300x200.jpg 300w, https:\/\/www.armandotesta.it\/wp-content\/uploads\/2026\/04\/Negroni_Negronetto_Prosciutto-Cotto_Prosciutto-Crudo-768x512.jpg 768w, https:\/\/www.armandotesta.it\/wp-content\/uploads\/2026\/04\/Negroni_Negronetto_Prosciutto-Cotto_Prosciutto-Crudo-1536x1024.jpg 1536w, https:\/\/www.armandotesta.it\/wp-content\/uploads\/2026\/04\/Negroni_Negronetto_Prosciutto-Cotto_Prosciutto-Crudo-2048x1365.jpg 2048w\" sizes=\"auto, (max-width: 1024px) 100vw, 1024px\" \/><\/figure>\n\n\n\n<figure class=\"wp-block-image size-large\"><img loading=\"lazy\" decoding=\"async\" width=\"1024\" height=\"511\" src=\"https:\/\/www.armandotesta.it\/wp-content\/uploads\/2026\/04\/Negroni_Panino-con-Negronetto-scamorza-affumicata-senape-cicorino-e-pomodori-secchi-1024x511.jpg\" alt=\"\" class=\"wp-image-29529\" srcset=\"https:\/\/www.armandotesta.it\/wp-content\/uploads\/2026\/04\/Negroni_Panino-con-Negronetto-scamorza-affumicata-senape-cicorino-e-pomodori-secchi-1024x511.jpg 1024w, https:\/\/www.armandotesta.it\/wp-content\/uploads\/2026\/04\/Negroni_Panino-con-Negronetto-scamorza-affumicata-senape-cicorino-e-pomodori-secchi-300x150.jpg 300w, https:\/\/www.armandotesta.it\/wp-content\/uploads\/2026\/04\/Negroni_Panino-con-Negronetto-scamorza-affumicata-senape-cicorino-e-pomodori-secchi-768x384.jpg 768w, https:\/\/www.armandotesta.it\/wp-content\/uploads\/2026\/04\/Negroni_Panino-con-Negronetto-scamorza-affumicata-senape-cicorino-e-pomodori-secchi-1536x767.jpg 1536w, https:\/\/www.armandotesta.it\/wp-content\/uploads\/2026\/04\/Negroni_Panino-con-Negronetto-scamorza-affumicata-senape-cicorino-e-pomodori-secchi.jpg 1920w\" sizes=\"auto, (max-width: 1024px) 100vw, 1024px\" \/><\/figure>\n","protected":false},"excerpt":{"rendered":"<p>Un nuovo&nbsp;system pack, un\u2019identit\u00e0 visiva rinnovata e un posizionamento distintivo per&nbsp;la gamma affettati Negroniche mette al centro l&#8217;iconica Stella: il brand racconta cos\u00ec l\u2019evoluzione della sua identit\u00e0 attraverso un progetto che coniuga il suo&nbsp;heritage&nbsp;centenario e un linguaggio contemporaneo creato da AT Design, unit di Branding &amp; Design dell\u2019Agenzia Armando Testa.&nbsp; Al centro del restyling \u2013 [&hellip;]<\/p>\n","protected":false},"author":6,"featured_media":29531,"comment_status":"closed","ping_status":"closed","sticky":false,"template":"","format":"standard","meta":{"_acf_changed":false,"inline_featured_image":false,"footnotes":""},"categories":[3],"tags":[],"class_list":["post-29528","post","type-post","status-publish","format-standard","has-post-thumbnail","hentry","category-non-categorizzato"],"acf":false,"yoast_head":"<!-- This site is optimized with the Yoast SEO plugin v27.5 - https:\/\/yoast.com\/product\/yoast-seo-wordpress\/ -->\n<title>La Buona Stella di Negroni rinnova il packaging degli affettati con Armando Testa. - Armando Testa<\/title>\n<meta name=\"robots\" content=\"index, follow, max-snippet:-1, max-image-preview:large, max-video-preview:-1\" \/>\n<link rel=\"canonical\" href=\"https:\/\/www.armandotesta.it\/it\/la-buona-stella-di-negroni-rinnova-il-packaging-degli-affettati-con-armando-testa\/\" \/>\n<meta property=\"og:locale\" content=\"it_IT\" \/>\n<meta property=\"og:type\" content=\"article\" \/>\n<meta property=\"og:title\" content=\"La Buona Stella di Negroni rinnova il packaging degli affettati con Armando Testa. - Armando Testa\" \/>\n<meta property=\"og:description\" content=\"Un nuovo&nbsp;system pack, un\u2019identit\u00e0 visiva rinnovata e un posizionamento distintivo per&nbsp;la gamma affettati Negroniche mette al centro l&#8217;iconica Stella: il brand racconta cos\u00ec l\u2019evoluzione della sua identit\u00e0 attraverso un progetto che coniuga il suo&nbsp;heritage&nbsp;centenario e un linguaggio contemporaneo creato da AT Design, unit di Branding &amp; Design dell\u2019Agenzia Armando Testa.&nbsp; Al centro del restyling \u2013 [&hellip;]\" \/>\n<meta property=\"og:url\" content=\"https:\/\/www.armandotesta.it\/it\/la-buona-stella-di-negroni-rinnova-il-packaging-degli-affettati-con-armando-testa\/\" \/>\n<meta property=\"og:site_name\" content=\"Armando Testa\" \/>\n<meta property=\"article:published_time\" content=\"2026-04-29T13:33:50+00:00\" \/>\n<meta property=\"og:image\" content=\"https:\/\/www.armandotesta.it\/wp-content\/uploads\/2026\/04\/Negroni_Negronetto_Prosciutto-Cotto_Prosciutto-Crudo-scaled.jpg\" \/>\n\t<meta property=\"og:image:width\" content=\"2560\" \/>\n\t<meta property=\"og:image:height\" content=\"1707\" \/>\n\t<meta property=\"og:image:type\" content=\"image\/jpeg\" \/>\n<meta name=\"author\" content=\"Rosi Iozzo\" \/>\n<meta name=\"twitter:card\" content=\"summary_large_image\" \/>\n<meta name=\"twitter:label1\" content=\"Scritto da\" \/>\n\t<meta name=\"twitter:data1\" content=\"Rosi Iozzo\" \/>\n\t<meta name=\"twitter:label2\" content=\"Tempo di lettura stimato\" \/>\n\t<meta name=\"twitter:data2\" content=\"4 minuti\" \/>\n<script type=\"application\/ld+json\" class=\"yoast-schema-graph\">{\"@context\":\"https:\\\/\\\/schema.org\",\"@graph\":[{\"@type\":\"Article\",\"@id\":\"https:\\\/\\\/www.armandotesta.it\\\/it\\\/la-buona-stella-di-negroni-rinnova-il-packaging-degli-affettati-con-armando-testa\\\/#article\",\"isPartOf\":{\"@id\":\"https:\\\/\\\/www.armandotesta.it\\\/it\\\/la-buona-stella-di-negroni-rinnova-il-packaging-degli-affettati-con-armando-testa\\\/\"},\"author\":{\"name\":\"Rosi Iozzo\",\"@id\":\"https:\\\/\\\/www.armandotesta.it\\\/it\\\/#\\\/schema\\\/person\\\/1529c30a6574d4885356bb7ccf84b2fe\"},\"headline\":\"La Buona Stella di Negroni rinnova il packaging degli affettati con Armando Testa.\",\"datePublished\":\"2026-04-29T13:33:50+00:00\",\"mainEntityOfPage\":{\"@id\":\"https:\\\/\\\/www.armandotesta.it\\\/it\\\/la-buona-stella-di-negroni-rinnova-il-packaging-degli-affettati-con-armando-testa\\\/\"},\"wordCount\":649,\"publisher\":{\"@id\":\"https:\\\/\\\/www.armandotesta.it\\\/it\\\/#organization\"},\"image\":{\"@id\":\"https:\\\/\\\/www.armandotesta.it\\\/it\\\/la-buona-stella-di-negroni-rinnova-il-packaging-degli-affettati-con-armando-testa\\\/#primaryimage\"},\"thumbnailUrl\":\"https:\\\/\\\/www.armandotesta.it\\\/wp-content\\\/uploads\\\/2026\\\/04\\\/Negroni_Negronetto_Prosciutto-Cotto_Prosciutto-Crudo-scaled.jpg\",\"articleSection\":[\"Non categorizzato\"],\"inLanguage\":\"it-IT\"},{\"@type\":\"WebPage\",\"@id\":\"https:\\\/\\\/www.armandotesta.it\\\/it\\\/la-buona-stella-di-negroni-rinnova-il-packaging-degli-affettati-con-armando-testa\\\/\",\"url\":\"https:\\\/\\\/www.armandotesta.it\\\/it\\\/la-buona-stella-di-negroni-rinnova-il-packaging-degli-affettati-con-armando-testa\\\/\",\"name\":\"La Buona Stella di Negroni rinnova il packaging degli affettati con Armando Testa. - Armando Testa\",\"isPartOf\":{\"@id\":\"https:\\\/\\\/www.armandotesta.it\\\/it\\\/#website\"},\"primaryImageOfPage\":{\"@id\":\"https:\\\/\\\/www.armandotesta.it\\\/it\\\/la-buona-stella-di-negroni-rinnova-il-packaging-degli-affettati-con-armando-testa\\\/#primaryimage\"},\"image\":{\"@id\":\"https:\\\/\\\/www.armandotesta.it\\\/it\\\/la-buona-stella-di-negroni-rinnova-il-packaging-degli-affettati-con-armando-testa\\\/#primaryimage\"},\"thumbnailUrl\":\"https:\\\/\\\/www.armandotesta.it\\\/wp-content\\\/uploads\\\/2026\\\/04\\\/Negroni_Negronetto_Prosciutto-Cotto_Prosciutto-Crudo-scaled.jpg\",\"datePublished\":\"2026-04-29T13:33:50+00:00\",\"breadcrumb\":{\"@id\":\"https:\\\/\\\/www.armandotesta.it\\\/it\\\/la-buona-stella-di-negroni-rinnova-il-packaging-degli-affettati-con-armando-testa\\\/#breadcrumb\"},\"inLanguage\":\"it-IT\",\"potentialAction\":[{\"@type\":\"ReadAction\",\"target\":[\"https:\\\/\\\/www.armandotesta.it\\\/it\\\/la-buona-stella-di-negroni-rinnova-il-packaging-degli-affettati-con-armando-testa\\\/\"]}]},{\"@type\":\"ImageObject\",\"inLanguage\":\"it-IT\",\"@id\":\"https:\\\/\\\/www.armandotesta.it\\\/it\\\/la-buona-stella-di-negroni-rinnova-il-packaging-degli-affettati-con-armando-testa\\\/#primaryimage\",\"url\":\"https:\\\/\\\/www.armandotesta.it\\\/wp-content\\\/uploads\\\/2026\\\/04\\\/Negroni_Negronetto_Prosciutto-Cotto_Prosciutto-Crudo-scaled.jpg\",\"contentUrl\":\"https:\\\/\\\/www.armandotesta.it\\\/wp-content\\\/uploads\\\/2026\\\/04\\\/Negroni_Negronetto_Prosciutto-Cotto_Prosciutto-Crudo-scaled.jpg\",\"width\":2560,\"height\":1707},{\"@type\":\"BreadcrumbList\",\"@id\":\"https:\\\/\\\/www.armandotesta.it\\\/it\\\/la-buona-stella-di-negroni-rinnova-il-packaging-degli-affettati-con-armando-testa\\\/#breadcrumb\",\"itemListElement\":[{\"@type\":\"ListItem\",\"position\":1,\"name\":\"Home\",\"item\":\"https:\\\/\\\/www.armandotesta.it\\\/it\\\/\"},{\"@type\":\"ListItem\",\"position\":2,\"name\":\"La Buona Stella di Negroni rinnova il packaging degli affettati con Armando Testa.\"}]},{\"@type\":\"WebSite\",\"@id\":\"https:\\\/\\\/www.armandotesta.it\\\/it\\\/#website\",\"url\":\"https:\\\/\\\/www.armandotesta.it\\\/it\\\/\",\"name\":\"Armando Testa\",\"description\":\"\",\"publisher\":{\"@id\":\"https:\\\/\\\/www.armandotesta.it\\\/it\\\/#organization\"},\"potentialAction\":[{\"@type\":\"SearchAction\",\"target\":{\"@type\":\"EntryPoint\",\"urlTemplate\":\"https:\\\/\\\/www.armandotesta.it\\\/it\\\/?s={search_term_string}\"},\"query-input\":{\"@type\":\"PropertyValueSpecification\",\"valueRequired\":true,\"valueName\":\"search_term_string\"}}],\"inLanguage\":\"it-IT\"},{\"@type\":\"Organization\",\"@id\":\"https:\\\/\\\/www.armandotesta.it\\\/it\\\/#organization\",\"name\":\"Armando Testa\",\"url\":\"https:\\\/\\\/www.armandotesta.it\\\/it\\\/\",\"logo\":{\"@type\":\"ImageObject\",\"inLanguage\":\"it-IT\",\"@id\":\"https:\\\/\\\/www.armandotesta.it\\\/it\\\/#\\\/schema\\\/logo\\\/image\\\/\",\"url\":\"https:\\\/\\\/www.armandotesta.it\\\/wp-content\\\/uploads\\\/2024\\\/01\\\/logo-at.png\",\"contentUrl\":\"https:\\\/\\\/www.armandotesta.it\\\/wp-content\\\/uploads\\\/2024\\\/01\\\/logo-at.png\",\"width\":200,\"height\":200,\"caption\":\"Armando Testa\"},\"image\":{\"@id\":\"https:\\\/\\\/www.armandotesta.it\\\/it\\\/#\\\/schema\\\/logo\\\/image\\\/\"}},{\"@type\":\"Person\",\"@id\":\"https:\\\/\\\/www.armandotesta.it\\\/it\\\/#\\\/schema\\\/person\\\/1529c30a6574d4885356bb7ccf84b2fe\",\"name\":\"Rosi Iozzo\",\"image\":{\"@type\":\"ImageObject\",\"inLanguage\":\"it-IT\",\"@id\":\"https:\\\/\\\/secure.gravatar.com\\\/avatar\\\/0bd345ff69c9b60f937c5da0e7f3c0c324e4553d98f365bf105425c7393de04f?s=96&d=mm&r=g\",\"url\":\"https:\\\/\\\/secure.gravatar.com\\\/avatar\\\/0bd345ff69c9b60f937c5da0e7f3c0c324e4553d98f365bf105425c7393de04f?s=96&d=mm&r=g\",\"contentUrl\":\"https:\\\/\\\/secure.gravatar.com\\\/avatar\\\/0bd345ff69c9b60f937c5da0e7f3c0c324e4553d98f365bf105425c7393de04f?s=96&d=mm&r=g\",\"caption\":\"Rosi Iozzo\"},\"url\":\"https:\\\/\\\/www.armandotesta.it\\\/it\\\/author\\\/riozzo\\\/\"}]}<\/script>\n<!-- \/ Yoast SEO plugin. -->","yoast_head_json":{"title":"La Buona Stella di Negroni rinnova il packaging degli affettati con Armando Testa. - Armando Testa","robots":{"index":"index","follow":"follow","max-snippet":"max-snippet:-1","max-image-preview":"max-image-preview:large","max-video-preview":"max-video-preview:-1"},"canonical":"https:\/\/www.armandotesta.it\/it\/la-buona-stella-di-negroni-rinnova-il-packaging-degli-affettati-con-armando-testa\/","og_locale":"it_IT","og_type":"article","og_title":"La Buona Stella di Negroni rinnova il packaging degli affettati con Armando Testa. - Armando Testa","og_description":"Un nuovo&nbsp;system pack, un\u2019identit\u00e0 visiva rinnovata e un posizionamento distintivo per&nbsp;la gamma affettati Negroniche mette al centro l&#8217;iconica Stella: il brand racconta cos\u00ec l\u2019evoluzione della sua identit\u00e0 attraverso un progetto che coniuga il suo&nbsp;heritage&nbsp;centenario e un linguaggio contemporaneo creato da AT Design, unit di Branding &amp; Design dell\u2019Agenzia Armando Testa.&nbsp; Al centro del restyling \u2013 [&hellip;]","og_url":"https:\/\/www.armandotesta.it\/it\/la-buona-stella-di-negroni-rinnova-il-packaging-degli-affettati-con-armando-testa\/","og_site_name":"Armando Testa","article_published_time":"2026-04-29T13:33:50+00:00","og_image":[{"width":2560,"height":1707,"url":"https:\/\/www.armandotesta.it\/wp-content\/uploads\/2026\/04\/Negroni_Negronetto_Prosciutto-Cotto_Prosciutto-Crudo-scaled.jpg","type":"image\/jpeg"}],"author":"Rosi Iozzo","twitter_card":"summary_large_image","twitter_misc":{"Scritto da":"Rosi Iozzo","Tempo di lettura stimato":"4 minuti"},"schema":{"@context":"https:\/\/schema.org","@graph":[{"@type":"Article","@id":"https:\/\/www.armandotesta.it\/it\/la-buona-stella-di-negroni-rinnova-il-packaging-degli-affettati-con-armando-testa\/#article","isPartOf":{"@id":"https:\/\/www.armandotesta.it\/it\/la-buona-stella-di-negroni-rinnova-il-packaging-degli-affettati-con-armando-testa\/"},"author":{"name":"Rosi Iozzo","@id":"https:\/\/www.armandotesta.it\/it\/#\/schema\/person\/1529c30a6574d4885356bb7ccf84b2fe"},"headline":"La Buona Stella di Negroni rinnova il packaging degli affettati con Armando Testa.","datePublished":"2026-04-29T13:33:50+00:00","mainEntityOfPage":{"@id":"https:\/\/www.armandotesta.it\/it\/la-buona-stella-di-negroni-rinnova-il-packaging-degli-affettati-con-armando-testa\/"},"wordCount":649,"publisher":{"@id":"https:\/\/www.armandotesta.it\/it\/#organization"},"image":{"@id":"https:\/\/www.armandotesta.it\/it\/la-buona-stella-di-negroni-rinnova-il-packaging-degli-affettati-con-armando-testa\/#primaryimage"},"thumbnailUrl":"https:\/\/www.armandotesta.it\/wp-content\/uploads\/2026\/04\/Negroni_Negronetto_Prosciutto-Cotto_Prosciutto-Crudo-scaled.jpg","articleSection":["Non categorizzato"],"inLanguage":"it-IT"},{"@type":"WebPage","@id":"https:\/\/www.armandotesta.it\/it\/la-buona-stella-di-negroni-rinnova-il-packaging-degli-affettati-con-armando-testa\/","url":"https:\/\/www.armandotesta.it\/it\/la-buona-stella-di-negroni-rinnova-il-packaging-degli-affettati-con-armando-testa\/","name":"La Buona Stella di Negroni rinnova il packaging degli affettati con Armando Testa. - Armando Testa","isPartOf":{"@id":"https:\/\/www.armandotesta.it\/it\/#website"},"primaryImageOfPage":{"@id":"https:\/\/www.armandotesta.it\/it\/la-buona-stella-di-negroni-rinnova-il-packaging-degli-affettati-con-armando-testa\/#primaryimage"},"image":{"@id":"https:\/\/www.armandotesta.it\/it\/la-buona-stella-di-negroni-rinnova-il-packaging-degli-affettati-con-armando-testa\/#primaryimage"},"thumbnailUrl":"https:\/\/www.armandotesta.it\/wp-content\/uploads\/2026\/04\/Negroni_Negronetto_Prosciutto-Cotto_Prosciutto-Crudo-scaled.jpg","datePublished":"2026-04-29T13:33:50+00:00","breadcrumb":{"@id":"https:\/\/www.armandotesta.it\/it\/la-buona-stella-di-negroni-rinnova-il-packaging-degli-affettati-con-armando-testa\/#breadcrumb"},"inLanguage":"it-IT","potentialAction":[{"@type":"ReadAction","target":["https:\/\/www.armandotesta.it\/it\/la-buona-stella-di-negroni-rinnova-il-packaging-degli-affettati-con-armando-testa\/"]}]},{"@type":"ImageObject","inLanguage":"it-IT","@id":"https:\/\/www.armandotesta.it\/it\/la-buona-stella-di-negroni-rinnova-il-packaging-degli-affettati-con-armando-testa\/#primaryimage","url":"https:\/\/www.armandotesta.it\/wp-content\/uploads\/2026\/04\/Negroni_Negronetto_Prosciutto-Cotto_Prosciutto-Crudo-scaled.jpg","contentUrl":"https:\/\/www.armandotesta.it\/wp-content\/uploads\/2026\/04\/Negroni_Negronetto_Prosciutto-Cotto_Prosciutto-Crudo-scaled.jpg","width":2560,"height":1707},{"@type":"BreadcrumbList","@id":"https:\/\/www.armandotesta.it\/it\/la-buona-stella-di-negroni-rinnova-il-packaging-degli-affettati-con-armando-testa\/#breadcrumb","itemListElement":[{"@type":"ListItem","position":1,"name":"Home","item":"https:\/\/www.armandotesta.it\/it\/"},{"@type":"ListItem","position":2,"name":"La Buona Stella di Negroni rinnova il packaging degli affettati con Armando Testa."}]},{"@type":"WebSite","@id":"https:\/\/www.armandotesta.it\/it\/#website","url":"https:\/\/www.armandotesta.it\/it\/","name":"Armando Testa","description":"","publisher":{"@id":"https:\/\/www.armandotesta.it\/it\/#organization"},"potentialAction":[{"@type":"SearchAction","target":{"@type":"EntryPoint","urlTemplate":"https:\/\/www.armandotesta.it\/it\/?s={search_term_string}"},"query-input":{"@type":"PropertyValueSpecification","valueRequired":true,"valueName":"search_term_string"}}],"inLanguage":"it-IT"},{"@type":"Organization","@id":"https:\/\/www.armandotesta.it\/it\/#organization","name":"Armando Testa","url":"https:\/\/www.armandotesta.it\/it\/","logo":{"@type":"ImageObject","inLanguage":"it-IT","@id":"https:\/\/www.armandotesta.it\/it\/#\/schema\/logo\/image\/","url":"https:\/\/www.armandotesta.it\/wp-content\/uploads\/2024\/01\/logo-at.png","contentUrl":"https:\/\/www.armandotesta.it\/wp-content\/uploads\/2024\/01\/logo-at.png","width":200,"height":200,"caption":"Armando Testa"},"image":{"@id":"https:\/\/www.armandotesta.it\/it\/#\/schema\/logo\/image\/"}},{"@type":"Person","@id":"https:\/\/www.armandotesta.it\/it\/#\/schema\/person\/1529c30a6574d4885356bb7ccf84b2fe","name":"Rosi Iozzo","image":{"@type":"ImageObject","inLanguage":"it-IT","@id":"https:\/\/secure.gravatar.com\/avatar\/0bd345ff69c9b60f937c5da0e7f3c0c324e4553d98f365bf105425c7393de04f?s=96&d=mm&r=g","url":"https:\/\/secure.gravatar.com\/avatar\/0bd345ff69c9b60f937c5da0e7f3c0c324e4553d98f365bf105425c7393de04f?s=96&d=mm&r=g","contentUrl":"https:\/\/secure.gravatar.com\/avatar\/0bd345ff69c9b60f937c5da0e7f3c0c324e4553d98f365bf105425c7393de04f?s=96&d=mm&r=g","caption":"Rosi Iozzo"},"url":"https:\/\/www.armandotesta.it\/it\/author\/riozzo\/"}]}},"_links":{"self":[{"href":"https:\/\/www.armandotesta.it\/it\/wp-json\/wp\/v2\/posts\/29528","targetHints":{"allow":["GET"]}}],"collection":[{"href":"https:\/\/www.armandotesta.it\/it\/wp-json\/wp\/v2\/posts"}],"about":[{"href":"https:\/\/www.armandotesta.it\/it\/wp-json\/wp\/v2\/types\/post"}],"author":[{"embeddable":true,"href":"https:\/\/www.armandotesta.it\/it\/wp-json\/wp\/v2\/users\/6"}],"replies":[{"embeddable":true,"href":"https:\/\/www.armandotesta.it\/it\/wp-json\/wp\/v2\/comments?post=29528"}],"version-history":[{"count":1,"href":"https:\/\/www.armandotesta.it\/it\/wp-json\/wp\/v2\/posts\/29528\/revisions"}],"predecessor-version":[{"id":29535,"href":"https:\/\/www.armandotesta.it\/it\/wp-json\/wp\/v2\/posts\/29528\/revisions\/29535"}],"wp:featuredmedia":[{"embeddable":true,"href":"https:\/\/www.armandotesta.it\/it\/wp-json\/wp\/v2\/media\/29531"}],"wp:attachment":[{"href":"https:\/\/www.armandotesta.it\/it\/wp-json\/wp\/v2\/media?parent=29528"}],"wp:term":[{"taxonomy":"category","embeddable":true,"href":"https:\/\/www.armandotesta.it\/it\/wp-json\/wp\/v2\/categories?post=29528"},{"taxonomy":"post_tag","embeddable":true,"href":"https:\/\/www.armandotesta.it\/it\/wp-json\/wp\/v2\/tags?post=29528"}],"curies":[{"name":"wp","href":"https:\/\/api.w.org\/{rel}","templated":true}]}}