{"id":29515,"date":"2026-04-28T15:48:34","date_gmt":"2026-04-28T13:48:34","guid":{"rendered":"https:\/\/www.armandotesta.it\/?p=29515"},"modified":"2026-04-28T19:53:50","modified_gmt":"2026-04-28T17:53:50","slug":"maserati-festeggia-con-777-il-centenario-del-tridente","status":"publish","type":"post","link":"https:\/\/www.armandotesta.it\/it\/maserati-festeggia-con-777-il-centenario-del-tridente\/","title":{"rendered":"Maserati festeggia con 777 il centenario del Tridente"},"content":{"rendered":"\n<p>Un simbolo diventato icona: \u00e8 questa la storia del leggendario Tridente di Maserati, che celebra il suo centenario con una campagna globale firmata dall\u2019agenzia 777, nata dall\u2019unione tra Armando Testa e Herezie.<\/p>\n\n\n\n<p>Era il 1926 quando il Tridente apparve per la prima volta su una vettura Maserati. A disegnarlo fu Mario Maserati, artista della famiglia, ispirato dalla statua del Nettuno di Bologna: un emblema di forza, coraggio e determinazione destinato a diventare la firma inconfondibile del marchio.<\/p>\n\n\n\n<p>Per raccontare questo importante anniversario, 777 ha sviluppato una campagna digitale globale che comprende affissioni OOH e DOOH, in cui, all\u2019interno della parola \u201cTrident\u201d, emerge \u201cRide\u201d, come a suggerire un viaggio inscritto nelle origini del marchio.&nbsp;<br>La celebrazione culmina poi in un video hero. Un racconto visivo che attraversa il tempo, mettendo in dialogo vetture storiche e modelli contemporanei, e che prende forma a partire da una domanda chiave: quando un emblema diventa una leggenda?<\/p>\n\n\n\n<p>Il video interpreta l\u2019anima del brand e la affida a una voce che riaffiora dal tempo: quella di Maria Teresa de Filippis, la prima donna qualificata per un Gran Premio di Formula 1 proprio al volante di una Maserati. Un omaggio a chi ha saputo condividere, insieme al marchio, quello stesso spirito autentico e pionieristico che ne definisce l\u2019essenza.<\/p>\n\n\n\n<p>Da un secolo, Maserati incarna la passione per le prestazioni, l\u2019eccellenza del design italiano e la capacit\u00e0 di innovare emozionando.&nbsp;<br>Oggi, celebriamo un percorso che guarda al futuro con la stessa intensit\u00e0 con cui \u00e8 nato: sotto il segno del Tridente.<\/p>\n\n\n\n<p><strong>CREDITS<\/strong><\/p>\n\n\n\n<p>Advertising Agency: 777<\/p>\n\n\n\n<p>Executive Creative Director: Andrea Stillacci<\/p>\n\n\n\n<p>Creative Team:&nbsp;Mattia Grassi, Giulia Di Crescenzo, Federico Albanese<\/p>\n\n\n\n<p>Editor:&nbsp;Thomas Marino<\/p>\n\n\n\n<p>Client Director: Marco Evola<\/p>\n\n\n\n<p>Account Team: Diletta Marchi<\/p>\n\n\n\n<p>Directors: Bruno Detante, Benini Stephane<\/p>\n\n\n\n<p>Production &amp; Post-Production Company: MATHEMATIC<\/p>\n\n\n\n<p>CEO: Guillaume Marien<\/p>\n\n\n\n<p>Executive Creative Producer: Augustin Vernier<\/p>\n\n\n\n<p>VFX Producer: Gouna Logan<\/p>\n\n\n\n<p>VFX Coordinators: Chiara La Selva&nbsp;<\/p>\n\n\n\n<p>CG &amp; VFX Supervisor: Jehan Bouazza, Yann Aldabe<\/p>\n\n\n\n<p>3D Environment: Yann Glica, Alan Bauge, Valentine Fripier, Lorine Guyard<\/p>\n\n\n\n<p>3D Modeling &amp; LookDev car: David Labelle, Nathan Vidal, Vincent Flohic<\/p>\n\n\n\n<p>Previz &amp; Layout: Julien Gohard, Pierre Outin<\/p>\n\n\n\n<p>Animators: Cyril Cassaigne, Julien Gohard<\/p>\n\n\n\n<p>Rig: Guillaume Boudeville<\/p>\n\n\n\n<p>Lighting &amp; Renders: Dorian Douaud, Fran\u00e7ois Heysen<\/p>\n\n\n\n<p>Matte-Painting: Quentin Collombet, Audrey Martini<\/p>\n\n\n\n<p>FX: Thomas Van Maele, Djelloul Bekri<\/p>\n\n\n\n<p>Compositing: Nicolas Millot, Edouard Koen<\/p>\n\n\n\n<p>Flame: Fr\u00e9d\u00e9ric Brandon<\/p>\n\n\n\n<p>Editor: Jehan Bouazza<\/p>\n\n\n\n<p>Music Authors: Flavio Ibba, Matteo Gallus<\/p>\n\n\n\n<p>Master &amp; Pubblishing: Red Rose Productions<\/p>\n\n\n\n<p>Post Production Audio: Top Digital<\/p>\n\n\n\n<p>AI Vox: Maria Teresa de Filippis<\/p>\n\n\n\n<figure class=\"wp-block-image size-large\"><img loading=\"lazy\" decoding=\"async\" width=\"1024\" height=\"576\" src=\"https:\/\/www.armandotesta.it\/wp-content\/uploads\/2026\/04\/Still-3-1024x576.jpg\" alt=\"\" class=\"wp-image-29516\" srcset=\"https:\/\/www.armandotesta.it\/wp-content\/uploads\/2026\/04\/Still-3-1024x576.jpg 1024w, https:\/\/www.armandotesta.it\/wp-content\/uploads\/2026\/04\/Still-3-300x169.jpg 300w, https:\/\/www.armandotesta.it\/wp-content\/uploads\/2026\/04\/Still-3-768x432.jpg 768w, https:\/\/www.armandotesta.it\/wp-content\/uploads\/2026\/04\/Still-3-1536x864.jpg 1536w, https:\/\/www.armandotesta.it\/wp-content\/uploads\/2026\/04\/Still-3-2048x1152.jpg 2048w\" sizes=\"auto, (max-width: 1024px) 100vw, 1024px\" \/><\/figure>\n\n\n\n<figure class=\"wp-block-image size-large\"><img loading=\"lazy\" decoding=\"async\" width=\"1024\" height=\"576\" src=\"https:\/\/www.armandotesta.it\/wp-content\/uploads\/2026\/04\/Still-2-1024x576.jpg\" alt=\"\" class=\"wp-image-29518\" srcset=\"https:\/\/www.armandotesta.it\/wp-content\/uploads\/2026\/04\/Still-2-1024x576.jpg 1024w, https:\/\/www.armandotesta.it\/wp-content\/uploads\/2026\/04\/Still-2-300x169.jpg 300w, https:\/\/www.armandotesta.it\/wp-content\/uploads\/2026\/04\/Still-2-768x432.jpg 768w, https:\/\/www.armandotesta.it\/wp-content\/uploads\/2026\/04\/Still-2-1536x864.jpg 1536w, https:\/\/www.armandotesta.it\/wp-content\/uploads\/2026\/04\/Still-2-2048x1152.jpg 2048w\" sizes=\"auto, (max-width: 1024px) 100vw, 1024px\" \/><\/figure>\n\n\n\n<figure class=\"wp-block-image size-large\"><img loading=\"lazy\" decoding=\"async\" width=\"1024\" height=\"576\" src=\"https:\/\/www.armandotesta.it\/wp-content\/uploads\/2026\/04\/Still-1-1024x576.jpg\" alt=\"\" class=\"wp-image-29520\" srcset=\"https:\/\/www.armandotesta.it\/wp-content\/uploads\/2026\/04\/Still-1-1024x576.jpg 1024w, https:\/\/www.armandotesta.it\/wp-content\/uploads\/2026\/04\/Still-1-300x169.jpg 300w, https:\/\/www.armandotesta.it\/wp-content\/uploads\/2026\/04\/Still-1-768x432.jpg 768w, https:\/\/www.armandotesta.it\/wp-content\/uploads\/2026\/04\/Still-1-1536x864.jpg 1536w, https:\/\/www.armandotesta.it\/wp-content\/uploads\/2026\/04\/Still-1-2048x1152.jpg 2048w\" sizes=\"auto, (max-width: 1024px) 100vw, 1024px\" \/><\/figure>\n\n\n\n<figure class=\"wp-block-embed is-type-video is-provider-youtube wp-block-embed-youtube wp-embed-aspect-16-9 wp-has-aspect-ratio\"><div class=\"wp-block-embed__wrapper\">\n<iframe loading=\"lazy\" title=\"Maserati - 100 Years of the Trident\" width=\"500\" height=\"281\" src=\"https:\/\/www.youtube.com\/embed\/4duQlKWEO0s?feature=oembed\" frameborder=\"0\" allow=\"accelerometer; autoplay; clipboard-write; encrypted-media; gyroscope; picture-in-picture; web-share\" referrerpolicy=\"strict-origin-when-cross-origin\" allowfullscreen><\/iframe>\n<\/div><\/figure>\n","protected":false},"excerpt":{"rendered":"<p>Un simbolo diventato icona: \u00e8 questa la storia del leggendario Tridente di Maserati, che celebra il suo centenario con una campagna globale firmata dall\u2019agenzia 777, nata dall\u2019unione tra Armando Testa e Herezie. Era il 1926 quando il Tridente apparve per la prima volta su una vettura Maserati. A disegnarlo fu Mario Maserati, artista della famiglia, [&hellip;]<\/p>\n","protected":false},"author":6,"featured_media":29518,"comment_status":"closed","ping_status":"closed","sticky":false,"template":"","format":"standard","meta":{"_acf_changed":false,"inline_featured_image":false,"footnotes":""},"categories":[3],"tags":[],"class_list":["post-29515","post","type-post","status-publish","format-standard","has-post-thumbnail","hentry","category-non-categorizzato"],"acf":false,"yoast_head":"<!-- This site is optimized with the Yoast SEO plugin v26.3 - https:\/\/yoast.com\/wordpress\/plugins\/seo\/ -->\n<title>Maserati festeggia con 777 il centenario del Tridente - Armando Testa<\/title>\n<meta name=\"robots\" content=\"index, follow, max-snippet:-1, max-image-preview:large, max-video-preview:-1\" \/>\n<link rel=\"canonical\" href=\"https:\/\/www.armandotesta.it\/it\/maserati-festeggia-con-777-il-centenario-del-tridente\/\" \/>\n<meta property=\"og:locale\" content=\"it_IT\" \/>\n<meta property=\"og:type\" content=\"article\" \/>\n<meta property=\"og:title\" content=\"Maserati festeggia con 777 il centenario del Tridente - Armando Testa\" \/>\n<meta property=\"og:description\" content=\"Un simbolo diventato icona: \u00e8 questa la storia del leggendario Tridente di Maserati, che celebra il suo centenario con una campagna globale firmata dall\u2019agenzia 777, nata dall\u2019unione tra Armando Testa e Herezie. Era il 1926 quando il Tridente apparve per la prima volta su una vettura Maserati. A disegnarlo fu Mario Maserati, artista della famiglia, [&hellip;]\" \/>\n<meta property=\"og:url\" content=\"https:\/\/www.armandotesta.it\/it\/maserati-festeggia-con-777-il-centenario-del-tridente\/\" \/>\n<meta property=\"og:site_name\" content=\"Armando Testa\" \/>\n<meta property=\"article:published_time\" content=\"2026-04-28T13:48:34+00:00\" \/>\n<meta property=\"article:modified_time\" content=\"2026-04-28T17:53:50+00:00\" \/>\n<meta property=\"og:image\" content=\"https:\/\/www.armandotesta.it\/wp-content\/uploads\/2026\/04\/Still-2-scaled.jpg\" \/>\n\t<meta property=\"og:image:width\" content=\"2560\" \/>\n\t<meta property=\"og:image:height\" content=\"1440\" \/>\n\t<meta property=\"og:image:type\" content=\"image\/jpeg\" \/>\n<meta name=\"author\" content=\"Rosi Iozzo\" \/>\n<meta name=\"twitter:card\" content=\"summary_large_image\" \/>\n<meta name=\"twitter:label1\" content=\"Scritto da\" \/>\n\t<meta name=\"twitter:data1\" content=\"Rosi Iozzo\" \/>\n\t<meta name=\"twitter:label2\" content=\"Tempo di lettura stimato\" \/>\n\t<meta name=\"twitter:data2\" content=\"3 minuti\" \/>\n<script type=\"application\/ld+json\" class=\"yoast-schema-graph\">{\"@context\":\"https:\/\/schema.org\",\"@graph\":[{\"@type\":\"Article\",\"@id\":\"https:\/\/www.armandotesta.it\/it\/maserati-festeggia-con-777-il-centenario-del-tridente\/#article\",\"isPartOf\":{\"@id\":\"https:\/\/www.armandotesta.it\/it\/maserati-festeggia-con-777-il-centenario-del-tridente\/\"},\"author\":{\"name\":\"Rosi Iozzo\",\"@id\":\"https:\/\/www.armandotesta.it\/it\/#\/schema\/person\/1529c30a6574d4885356bb7ccf84b2fe\"},\"headline\":\"Maserati festeggia con 777 il centenario del Tridente\",\"datePublished\":\"2026-04-28T13:48:34+00:00\",\"dateModified\":\"2026-04-28T17:53:50+00:00\",\"mainEntityOfPage\":{\"@id\":\"https:\/\/www.armandotesta.it\/it\/maserati-festeggia-con-777-il-centenario-del-tridente\/\"},\"wordCount\":426,\"publisher\":{\"@id\":\"https:\/\/www.armandotesta.it\/it\/#organization\"},\"image\":{\"@id\":\"https:\/\/www.armandotesta.it\/it\/maserati-festeggia-con-777-il-centenario-del-tridente\/#primaryimage\"},\"thumbnailUrl\":\"https:\/\/www.armandotesta.it\/wp-content\/uploads\/2026\/04\/Still-2-scaled.jpg\",\"articleSection\":[\"Non categorizzato\"],\"inLanguage\":\"it-IT\"},{\"@type\":\"WebPage\",\"@id\":\"https:\/\/www.armandotesta.it\/it\/maserati-festeggia-con-777-il-centenario-del-tridente\/\",\"url\":\"https:\/\/www.armandotesta.it\/it\/maserati-festeggia-con-777-il-centenario-del-tridente\/\",\"name\":\"Maserati festeggia con 777 il centenario del Tridente - Armando Testa\",\"isPartOf\":{\"@id\":\"https:\/\/www.armandotesta.it\/it\/#website\"},\"primaryImageOfPage\":{\"@id\":\"https:\/\/www.armandotesta.it\/it\/maserati-festeggia-con-777-il-centenario-del-tridente\/#primaryimage\"},\"image\":{\"@id\":\"https:\/\/www.armandotesta.it\/it\/maserati-festeggia-con-777-il-centenario-del-tridente\/#primaryimage\"},\"thumbnailUrl\":\"https:\/\/www.armandotesta.it\/wp-content\/uploads\/2026\/04\/Still-2-scaled.jpg\",\"datePublished\":\"2026-04-28T13:48:34+00:00\",\"dateModified\":\"2026-04-28T17:53:50+00:00\",\"breadcrumb\":{\"@id\":\"https:\/\/www.armandotesta.it\/it\/maserati-festeggia-con-777-il-centenario-del-tridente\/#breadcrumb\"},\"inLanguage\":\"it-IT\",\"potentialAction\":[{\"@type\":\"ReadAction\",\"target\":[\"https:\/\/www.armandotesta.it\/it\/maserati-festeggia-con-777-il-centenario-del-tridente\/\"]}]},{\"@type\":\"ImageObject\",\"inLanguage\":\"it-IT\",\"@id\":\"https:\/\/www.armandotesta.it\/it\/maserati-festeggia-con-777-il-centenario-del-tridente\/#primaryimage\",\"url\":\"https:\/\/www.armandotesta.it\/wp-content\/uploads\/2026\/04\/Still-2-scaled.jpg\",\"contentUrl\":\"https:\/\/www.armandotesta.it\/wp-content\/uploads\/2026\/04\/Still-2-scaled.jpg\",\"width\":2560,\"height\":1440},{\"@type\":\"BreadcrumbList\",\"@id\":\"https:\/\/www.armandotesta.it\/it\/maserati-festeggia-con-777-il-centenario-del-tridente\/#breadcrumb\",\"itemListElement\":[{\"@type\":\"ListItem\",\"position\":1,\"name\":\"Home\",\"item\":\"https:\/\/www.armandotesta.it\/it\/\"},{\"@type\":\"ListItem\",\"position\":2,\"name\":\"Maserati festeggia con 777 il centenario del Tridente\"}]},{\"@type\":\"WebSite\",\"@id\":\"https:\/\/www.armandotesta.it\/it\/#website\",\"url\":\"https:\/\/www.armandotesta.it\/it\/\",\"name\":\"Armando Testa\",\"description\":\"\",\"publisher\":{\"@id\":\"https:\/\/www.armandotesta.it\/it\/#organization\"},\"potentialAction\":[{\"@type\":\"SearchAction\",\"target\":{\"@type\":\"EntryPoint\",\"urlTemplate\":\"https:\/\/www.armandotesta.it\/it\/?s={search_term_string}\"},\"query-input\":{\"@type\":\"PropertyValueSpecification\",\"valueRequired\":true,\"valueName\":\"search_term_string\"}}],\"inLanguage\":\"it-IT\"},{\"@type\":\"Organization\",\"@id\":\"https:\/\/www.armandotesta.it\/it\/#organization\",\"name\":\"Armando Testa\",\"url\":\"https:\/\/www.armandotesta.it\/it\/\",\"logo\":{\"@type\":\"ImageObject\",\"inLanguage\":\"it-IT\",\"@id\":\"https:\/\/www.armandotesta.it\/it\/#\/schema\/logo\/image\/\",\"url\":\"https:\/\/www.armandotesta.it\/wp-content\/uploads\/2024\/01\/logo-at.png\",\"contentUrl\":\"https:\/\/www.armandotesta.it\/wp-content\/uploads\/2024\/01\/logo-at.png\",\"width\":200,\"height\":200,\"caption\":\"Armando Testa\"},\"image\":{\"@id\":\"https:\/\/www.armandotesta.it\/it\/#\/schema\/logo\/image\/\"}},{\"@type\":\"Person\",\"@id\":\"https:\/\/www.armandotesta.it\/it\/#\/schema\/person\/1529c30a6574d4885356bb7ccf84b2fe\",\"name\":\"Rosi Iozzo\",\"image\":{\"@type\":\"ImageObject\",\"inLanguage\":\"it-IT\",\"@id\":\"https:\/\/www.armandotesta.it\/it\/#\/schema\/person\/image\/\",\"url\":\"https:\/\/secure.gravatar.com\/avatar\/0bd345ff69c9b60f937c5da0e7f3c0c324e4553d98f365bf105425c7393de04f?s=96&d=mm&r=g\",\"contentUrl\":\"https:\/\/secure.gravatar.com\/avatar\/0bd345ff69c9b60f937c5da0e7f3c0c324e4553d98f365bf105425c7393de04f?s=96&d=mm&r=g\",\"caption\":\"Rosi Iozzo\"},\"url\":\"https:\/\/www.armandotesta.it\/it\/author\/riozzo\/\"}]}<\/script>\n<!-- \/ Yoast SEO plugin. -->","yoast_head_json":{"title":"Maserati festeggia con 777 il centenario del Tridente - Armando Testa","robots":{"index":"index","follow":"follow","max-snippet":"max-snippet:-1","max-image-preview":"max-image-preview:large","max-video-preview":"max-video-preview:-1"},"canonical":"https:\/\/www.armandotesta.it\/it\/maserati-festeggia-con-777-il-centenario-del-tridente\/","og_locale":"it_IT","og_type":"article","og_title":"Maserati festeggia con 777 il centenario del Tridente - Armando Testa","og_description":"Un simbolo diventato icona: \u00e8 questa la storia del leggendario Tridente di Maserati, che celebra il suo centenario con una campagna globale firmata dall\u2019agenzia 777, nata dall\u2019unione tra Armando Testa e Herezie. Era il 1926 quando il Tridente apparve per la prima volta su una vettura Maserati. A disegnarlo fu Mario Maserati, artista della famiglia, [&hellip;]","og_url":"https:\/\/www.armandotesta.it\/it\/maserati-festeggia-con-777-il-centenario-del-tridente\/","og_site_name":"Armando Testa","article_published_time":"2026-04-28T13:48:34+00:00","article_modified_time":"2026-04-28T17:53:50+00:00","og_image":[{"width":2560,"height":1440,"url":"https:\/\/www.armandotesta.it\/wp-content\/uploads\/2026\/04\/Still-2-scaled.jpg","type":"image\/jpeg"}],"author":"Rosi Iozzo","twitter_card":"summary_large_image","twitter_misc":{"Scritto da":"Rosi Iozzo","Tempo di lettura stimato":"3 minuti"},"schema":{"@context":"https:\/\/schema.org","@graph":[{"@type":"Article","@id":"https:\/\/www.armandotesta.it\/it\/maserati-festeggia-con-777-il-centenario-del-tridente\/#article","isPartOf":{"@id":"https:\/\/www.armandotesta.it\/it\/maserati-festeggia-con-777-il-centenario-del-tridente\/"},"author":{"name":"Rosi Iozzo","@id":"https:\/\/www.armandotesta.it\/it\/#\/schema\/person\/1529c30a6574d4885356bb7ccf84b2fe"},"headline":"Maserati festeggia con 777 il centenario del Tridente","datePublished":"2026-04-28T13:48:34+00:00","dateModified":"2026-04-28T17:53:50+00:00","mainEntityOfPage":{"@id":"https:\/\/www.armandotesta.it\/it\/maserati-festeggia-con-777-il-centenario-del-tridente\/"},"wordCount":426,"publisher":{"@id":"https:\/\/www.armandotesta.it\/it\/#organization"},"image":{"@id":"https:\/\/www.armandotesta.it\/it\/maserati-festeggia-con-777-il-centenario-del-tridente\/#primaryimage"},"thumbnailUrl":"https:\/\/www.armandotesta.it\/wp-content\/uploads\/2026\/04\/Still-2-scaled.jpg","articleSection":["Non categorizzato"],"inLanguage":"it-IT"},{"@type":"WebPage","@id":"https:\/\/www.armandotesta.it\/it\/maserati-festeggia-con-777-il-centenario-del-tridente\/","url":"https:\/\/www.armandotesta.it\/it\/maserati-festeggia-con-777-il-centenario-del-tridente\/","name":"Maserati festeggia con 777 il centenario del Tridente - Armando Testa","isPartOf":{"@id":"https:\/\/www.armandotesta.it\/it\/#website"},"primaryImageOfPage":{"@id":"https:\/\/www.armandotesta.it\/it\/maserati-festeggia-con-777-il-centenario-del-tridente\/#primaryimage"},"image":{"@id":"https:\/\/www.armandotesta.it\/it\/maserati-festeggia-con-777-il-centenario-del-tridente\/#primaryimage"},"thumbnailUrl":"https:\/\/www.armandotesta.it\/wp-content\/uploads\/2026\/04\/Still-2-scaled.jpg","datePublished":"2026-04-28T13:48:34+00:00","dateModified":"2026-04-28T17:53:50+00:00","breadcrumb":{"@id":"https:\/\/www.armandotesta.it\/it\/maserati-festeggia-con-777-il-centenario-del-tridente\/#breadcrumb"},"inLanguage":"it-IT","potentialAction":[{"@type":"ReadAction","target":["https:\/\/www.armandotesta.it\/it\/maserati-festeggia-con-777-il-centenario-del-tridente\/"]}]},{"@type":"ImageObject","inLanguage":"it-IT","@id":"https:\/\/www.armandotesta.it\/it\/maserati-festeggia-con-777-il-centenario-del-tridente\/#primaryimage","url":"https:\/\/www.armandotesta.it\/wp-content\/uploads\/2026\/04\/Still-2-scaled.jpg","contentUrl":"https:\/\/www.armandotesta.it\/wp-content\/uploads\/2026\/04\/Still-2-scaled.jpg","width":2560,"height":1440},{"@type":"BreadcrumbList","@id":"https:\/\/www.armandotesta.it\/it\/maserati-festeggia-con-777-il-centenario-del-tridente\/#breadcrumb","itemListElement":[{"@type":"ListItem","position":1,"name":"Home","item":"https:\/\/www.armandotesta.it\/it\/"},{"@type":"ListItem","position":2,"name":"Maserati festeggia con 777 il centenario del Tridente"}]},{"@type":"WebSite","@id":"https:\/\/www.armandotesta.it\/it\/#website","url":"https:\/\/www.armandotesta.it\/it\/","name":"Armando Testa","description":"","publisher":{"@id":"https:\/\/www.armandotesta.it\/it\/#organization"},"potentialAction":[{"@type":"SearchAction","target":{"@type":"EntryPoint","urlTemplate":"https:\/\/www.armandotesta.it\/it\/?s={search_term_string}"},"query-input":{"@type":"PropertyValueSpecification","valueRequired":true,"valueName":"search_term_string"}}],"inLanguage":"it-IT"},{"@type":"Organization","@id":"https:\/\/www.armandotesta.it\/it\/#organization","name":"Armando Testa","url":"https:\/\/www.armandotesta.it\/it\/","logo":{"@type":"ImageObject","inLanguage":"it-IT","@id":"https:\/\/www.armandotesta.it\/it\/#\/schema\/logo\/image\/","url":"https:\/\/www.armandotesta.it\/wp-content\/uploads\/2024\/01\/logo-at.png","contentUrl":"https:\/\/www.armandotesta.it\/wp-content\/uploads\/2024\/01\/logo-at.png","width":200,"height":200,"caption":"Armando Testa"},"image":{"@id":"https:\/\/www.armandotesta.it\/it\/#\/schema\/logo\/image\/"}},{"@type":"Person","@id":"https:\/\/www.armandotesta.it\/it\/#\/schema\/person\/1529c30a6574d4885356bb7ccf84b2fe","name":"Rosi Iozzo","image":{"@type":"ImageObject","inLanguage":"it-IT","@id":"https:\/\/www.armandotesta.it\/it\/#\/schema\/person\/image\/","url":"https:\/\/secure.gravatar.com\/avatar\/0bd345ff69c9b60f937c5da0e7f3c0c324e4553d98f365bf105425c7393de04f?s=96&d=mm&r=g","contentUrl":"https:\/\/secure.gravatar.com\/avatar\/0bd345ff69c9b60f937c5da0e7f3c0c324e4553d98f365bf105425c7393de04f?s=96&d=mm&r=g","caption":"Rosi Iozzo"},"url":"https:\/\/www.armandotesta.it\/it\/author\/riozzo\/"}]}},"_links":{"self":[{"href":"https:\/\/www.armandotesta.it\/it\/wp-json\/wp\/v2\/posts\/29515","targetHints":{"allow":["GET"]}}],"collection":[{"href":"https:\/\/www.armandotesta.it\/it\/wp-json\/wp\/v2\/posts"}],"about":[{"href":"https:\/\/www.armandotesta.it\/it\/wp-json\/wp\/v2\/types\/post"}],"author":[{"embeddable":true,"href":"https:\/\/www.armandotesta.it\/it\/wp-json\/wp\/v2\/users\/6"}],"replies":[{"embeddable":true,"href":"https:\/\/www.armandotesta.it\/it\/wp-json\/wp\/v2\/comments?post=29515"}],"version-history":[{"count":2,"href":"https:\/\/www.armandotesta.it\/it\/wp-json\/wp\/v2\/posts\/29515\/revisions"}],"predecessor-version":[{"id":29523,"href":"https:\/\/www.armandotesta.it\/it\/wp-json\/wp\/v2\/posts\/29515\/revisions\/29523"}],"wp:featuredmedia":[{"embeddable":true,"href":"https:\/\/www.armandotesta.it\/it\/wp-json\/wp\/v2\/media\/29518"}],"wp:attachment":[{"href":"https:\/\/www.armandotesta.it\/it\/wp-json\/wp\/v2\/media?parent=29515"}],"wp:term":[{"taxonomy":"category","embeddable":true,"href":"https:\/\/www.armandotesta.it\/it\/wp-json\/wp\/v2\/categories?post=29515"},{"taxonomy":"post_tag","embeddable":true,"href":"https:\/\/www.armandotesta.it\/it\/wp-json\/wp\/v2\/tags?post=29515"}],"curies":[{"name":"wp","href":"https:\/\/api.w.org\/{rel}","templated":true}]}}