{"id":29306,"date":"2026-03-17T14:30:25","date_gmt":"2026-03-17T13:30:25","guid":{"rendered":"https:\/\/www.armandotesta.it\/?p=29306"},"modified":"2026-03-17T14:31:18","modified_gmt":"2026-03-17T13:31:18","slug":"gruppo-hera-e-panini-realizzano-un-sogno-chiamato-riciclo-nel-nuovo-album-i-rifiuti-diventano-figurine-da-collezionare","status":"publish","type":"post","link":"https:\/\/www.armandotesta.it\/it\/gruppo-hera-e-panini-realizzano-un-sogno-chiamato-riciclo-nel-nuovo-album-i-rifiuti-diventano-figurine-da-collezionare\/","title":{"rendered":"Gruppo Hera e Panini realizzano \u201cUn sogno chiamato riciclo\u201d. Nel nuovo album i rifiuti diventano figurine da collezionare."},"content":{"rendered":"\n<p><em>Il progetto educativo, promosso dalla multiutility&nbsp;in collaborazione con l\u2019iconica azienda modenese, entra in alcune scuole primarie di Bologna e Modena per sensibilizzare bambini e famiglie sulla raccolta differenziata. I simpatici personaggi, nati dalla creativit\u00e0 dell\u2019agenzia di comunicazione&nbsp;<strong>Armando Testa<\/strong>, accompagnano i piccoli studenti in un\u2019avventura all\u2019insegna della sostenibilit\u00e0<\/em><\/p>\n\n\n\n<p>\u201cCelo, manca\u201d. Stavolta i beniamini da collezione non sono sportivi o eroi dei fumetti, ma Scartolina e Plastibolla. Sono loro, i rifiuti, i protagonisti di \u201cUn sogno chiamato riciclo\u201d, l\u2019album di figurine realizzato dal Gruppo Hera, una delle principali multiutility italiane, in collaborazione&nbsp;con Panini, celebre azienda di Modena specializzata in prodotti editoriali collezionabili, e con l\u2019agenzia di comunicazione Armando Testa.<\/p>\n\n\n\n<p>Prende il via in questi giorni, infatti, in alcune scuole primarie di Bologna e Modena, il progetto educativo promosso da Hera e pensato per accompagnare bambini e ragazzi alla scoperta del ciclo dei rifiuti attraverso uno strumento coinvolgente e vicino al loro immaginario.&nbsp;<\/p>\n\n\n\n<p>L\u2019album, attraverso sticker e giochi, racconta una storia a lieto fine, in cui i rifiuti hanno un \u201csogno nel bidone\u201d da realizzare: diventare qualcosa di prezioso. I bambini saranno accompagnati attraverso una narrazione fantastica in un percorso che parte dalla produzione dei rifiuti e arriva fino alla loro valorizzazione negli impianti, mettendo in luce i servizi offerti da Hera alle comunit\u00e0 e il lavoro quotidiano degli operatori ecologici.<\/p>\n\n\n\n<p>Come funziona l\u2019iniziativa che coinvolge le scuole primarie<\/p>\n\n\n\n<p>Il progetto pilota prevede di coinvolgere quasi duemila alunni tra marzo e maggio 2026, secondo calendari concordati con gli insegnanti. A Bologna hanno gi\u00e0 aderito le scuole primarie Padre&nbsp;&nbsp;Marella e Viscardi; a Modena si parte con Montecuccoli, Leopardi e Don Milani. L\u2019iniziativa vedr\u00e0 quattro incontri per ciascuna classe, durante i quali i bambini riceveranno gli album e le figurine e potranno dialogare con gli educatori ambientali della Grande Macchina del Mondo (lo storico progetto educativo per le scuole del Gruppo Hera) approfondendo temi come la sostenibilit\u00e0, l\u2019economia circolare, la tutela delle risorse e la raccolta differenziata. Durante il periodo di svolgimento del progetto sar\u00e0 inoltre possibile ottenere gratuitamente ulteriori bustine di figurine conferendo i rifiuti presso tutte le stazioni ecologiche di Bologna e al centro&nbsp;di raccolta Leonardo di Modena. Questa modalit\u00e0 intende coinvolgere attivamente anche le famiglie, incentivando comportamenti virtuosi e favorendo una maggiore conoscenza dei servizi ambientali. Gli educatori incaricati da Hera consegneranno infine un premio speciale per il primo album completato.<\/p>\n\n\n\n<p>Temi e personaggi: il sogno di Plastibolla e Scartolina si realizza negli impianti Hera<\/p>\n\n\n\n<p>L\u2019album, realizzato da Hera insieme a Panini, rappresenta&nbsp;uno strumento educativo originale che consente di approfondire in modo semplice e divertente temi come il riciclo dei rifiuti, l\u2019economia circolare, il funzionamento dei servizi ambientali sul territorio e il contributo che ognuno pu\u00f2 dare con i propri comportamenti. E\u2019 qui che entrano in gioco i simpatici personaggi nati dalla creativit\u00e0 dell\u2019agenzia Armando Testa: ognuno impersona una categoria di rifiuti con un desiderio, rinascere a nuova vita. Oltre a Plastibolla, fatta di imballaggi in plastica, e Scartolina, personaggio di carta e cartone, ci sono Metallaro, Vetrinozzo TinTin, Nucciabuccia, CamyRami, Mister Miscuglio, Oliastro Esausto, Max Ingombro e Tekno. Dieci colorati e buffissimi amici che, tra giochi e curiosit\u00e0, accompagnano i bambini negli impianti dove i sogni diventano realt\u00e0. Ogni rifiuto conferito nel posto giusto, infatti, contribuir\u00e0 a un mondo migliore. C\u2019\u00e8 chi rinascer\u00e0 sotto forma di energia, chi torner\u00e0 a essere carta o plastica, chi diventer\u00e0 biocarburante e chi verr\u00e0 aggiustato per essere di nuovo utile. Per il bene del Pianeta.<\/p>\n\n\n\n<p>\u201cCon la realizzazione di questo album, in collaborazione con due aziende del calibro di Panini e Armando Testa, vogliamo raccontare una storia vera nella quale i cittadini, in particolare i bambini e le loro famiglie, rivestono insieme a noi un ruolo fondamentale per perseguire gli obiettivi di economia circolare e sviluppo sostenibile previsti dall\u2019Agenda Onu 2030 \u2013&nbsp;spiega Giulio Renato, Direttore Centrale Servizi Ambientali e Flotte&nbsp;del Gruppo Hera&nbsp;\u2013 Siamo certi che il coinvolgimento delle giovani generazioni su questi temi sia imprescindibile, per questo&nbsp;da tempo entriamo nelle scuole di ogni ordine e grado con i nostri progetti La Grande Macchina del Mondo e pozzo di scienza, che ogni anno coinvolgono oltre centomila alunni\u201d.<\/p>\n\n\n\n<p>\u201cDa oltre sessant\u2019anni gli album di figurine Panini accompagnano l\u2019immaginario e il gioco di generazioni di bambini. Con questo progetto abbiamo voluto mettere la forza di questo linguaggio al servizio di un messaggio importante come quello della sostenibilit\u00e0 ambientale \u2013 commenta&nbsp;Martina Limoni, Direttrice Collezionabili di Panini&nbsp;\u2013. Trasformare i rifiuti in personaggi da collezionare \u00e8 un modo semplice e coinvolgente per raccontare il valore del riciclo e aiutare i pi\u00f9 piccoli a comprendere quanto i comportamenti quotidiani possano fare la differenza per il futuro del pianeta\u201d.<\/p>\n\n\n\n<p><strong>CREDITS ARMANDO TESTA:<\/strong><\/p>\n\n\n\n<p>Direzione Creativa Esecutiva: Nicola Cellemme, Georgia Ferraro<\/p>\n\n\n\n<p>Direzione Creativa: Roberto Gresti<\/p>\n\n\n\n<p>Creative Team: Delia Laviola, Chiara Demichelis, Monica Barbalonga<\/p>\n\n\n\n<p>Head of client Service Milano: Emanuele Cicogna Mozzoni<\/p>\n\n\n\n<p>Client Service: Eugenia Cesile, Manuel Amato, Gaia Salandrini<\/p>\n\n\n\n<p>Illustratrice: Susanna Rumiz<\/p>\n\n\n\n<figure class=\"wp-block-image size-large\"><img loading=\"lazy\" decoding=\"async\" width=\"903\" height=\"1024\" src=\"https:\/\/www.armandotesta.it\/wp-content\/uploads\/2026\/03\/Album-Panini-903x1024.jpg\" alt=\"\" class=\"wp-image-29311\" srcset=\"https:\/\/www.armandotesta.it\/wp-content\/uploads\/2026\/03\/Album-Panini-903x1024.jpg 903w, https:\/\/www.armandotesta.it\/wp-content\/uploads\/2026\/03\/Album-Panini-265x300.jpg 265w, https:\/\/www.armandotesta.it\/wp-content\/uploads\/2026\/03\/Album-Panini-768x871.jpg 768w, https:\/\/www.armandotesta.it\/wp-content\/uploads\/2026\/03\/Album-Panini-1354x1536.jpg 1354w, https:\/\/www.armandotesta.it\/wp-content\/uploads\/2026\/03\/Album-Panini-1806x2048.jpg 1806w\" sizes=\"auto, (max-width: 903px) 100vw, 903px\" \/><\/figure>\n\n\n\n<figure class=\"wp-block-image size-large\"><img loading=\"lazy\" decoding=\"async\" width=\"730\" height=\"1024\" src=\"https:\/\/www.armandotesta.it\/wp-content\/uploads\/2026\/03\/Unknown-730x1024.jpeg\" alt=\"\" class=\"wp-image-29309\" srcset=\"https:\/\/www.armandotesta.it\/wp-content\/uploads\/2026\/03\/Unknown-730x1024.jpeg 730w, https:\/\/www.armandotesta.it\/wp-content\/uploads\/2026\/03\/Unknown-214x300.jpeg 214w, https:\/\/www.armandotesta.it\/wp-content\/uploads\/2026\/03\/Unknown-768x1077.jpeg 768w, https:\/\/www.armandotesta.it\/wp-content\/uploads\/2026\/03\/Unknown-1095x1536.jpeg 1095w, https:\/\/www.armandotesta.it\/wp-content\/uploads\/2026\/03\/Unknown-1460x2048.jpeg 1460w, https:\/\/www.armandotesta.it\/wp-content\/uploads\/2026\/03\/Unknown-scaled.jpeg 1825w\" sizes=\"auto, (max-width: 730px) 100vw, 730px\" \/><\/figure>\n\n\n\n<figure class=\"wp-block-image size-large\"><img loading=\"lazy\" decoding=\"async\" width=\"1024\" height=\"683\" src=\"https:\/\/www.armandotesta.it\/wp-content\/uploads\/2026\/03\/Bambini-con-album-Panini-1024x683.jpg\" alt=\"\" class=\"wp-image-29307\" srcset=\"https:\/\/www.armandotesta.it\/wp-content\/uploads\/2026\/03\/Bambini-con-album-Panini-1024x683.jpg 1024w, https:\/\/www.armandotesta.it\/wp-content\/uploads\/2026\/03\/Bambini-con-album-Panini-300x200.jpg 300w, https:\/\/www.armandotesta.it\/wp-content\/uploads\/2026\/03\/Bambini-con-album-Panini-768x512.jpg 768w, https:\/\/www.armandotesta.it\/wp-content\/uploads\/2026\/03\/Bambini-con-album-Panini-1536x1024.jpg 1536w, https:\/\/www.armandotesta.it\/wp-content\/uploads\/2026\/03\/Bambini-con-album-Panini-2048x1366.jpg 2048w\" sizes=\"auto, (max-width: 1024px) 100vw, 1024px\" \/><\/figure>\n","protected":false},"excerpt":{"rendered":"<p>Il progetto educativo, promosso dalla multiutility&nbsp;in collaborazione con l\u2019iconica azienda modenese, entra in alcune scuole primarie di Bologna e Modena per sensibilizzare bambini e famiglie sulla raccolta differenziata. I simpatici personaggi, nati dalla creativit\u00e0 dell\u2019agenzia di comunicazione&nbsp;Armando Testa, accompagnano i piccoli studenti in un\u2019avventura all\u2019insegna della sostenibilit\u00e0 \u201cCelo, manca\u201d. Stavolta i beniamini da collezione non [&hellip;]<\/p>\n","protected":false},"author":6,"featured_media":29307,"comment_status":"closed","ping_status":"closed","sticky":false,"template":"","format":"standard","meta":{"_acf_changed":false,"inline_featured_image":false,"footnotes":""},"categories":[3],"tags":[],"class_list":["post-29306","post","type-post","status-publish","format-standard","has-post-thumbnail","hentry","category-non-categorizzato"],"acf":false,"yoast_head":"<!-- This site is optimized with the Yoast SEO plugin v27.5 - https:\/\/yoast.com\/product\/yoast-seo-wordpress\/ -->\n<title>Gruppo Hera e Panini realizzano \u201cUn sogno chiamato riciclo\u201d. Nel nuovo album i rifiuti diventano figurine da collezionare. - Armando Testa<\/title>\n<meta name=\"robots\" content=\"index, follow, max-snippet:-1, max-image-preview:large, max-video-preview:-1\" \/>\n<link rel=\"canonical\" href=\"https:\/\/www.armandotesta.it\/it\/gruppo-hera-e-panini-realizzano-un-sogno-chiamato-riciclo-nel-nuovo-album-i-rifiuti-diventano-figurine-da-collezionare\/\" \/>\n<meta property=\"og:locale\" content=\"it_IT\" \/>\n<meta property=\"og:type\" content=\"article\" \/>\n<meta property=\"og:title\" content=\"Gruppo Hera e Panini realizzano \u201cUn sogno chiamato riciclo\u201d. Nel nuovo album i rifiuti diventano figurine da collezionare. - Armando Testa\" \/>\n<meta property=\"og:description\" content=\"Il progetto educativo, promosso dalla multiutility&nbsp;in collaborazione con l\u2019iconica azienda modenese, entra in alcune scuole primarie di Bologna e Modena per sensibilizzare bambini e famiglie sulla raccolta differenziata. I simpatici personaggi, nati dalla creativit\u00e0 dell\u2019agenzia di comunicazione&nbsp;Armando Testa, accompagnano i piccoli studenti in un\u2019avventura all\u2019insegna della sostenibilit\u00e0 \u201cCelo, manca\u201d. Stavolta i beniamini da collezione non [&hellip;]\" \/>\n<meta property=\"og:url\" content=\"https:\/\/www.armandotesta.it\/it\/gruppo-hera-e-panini-realizzano-un-sogno-chiamato-riciclo-nel-nuovo-album-i-rifiuti-diventano-figurine-da-collezionare\/\" \/>\n<meta property=\"og:site_name\" content=\"Armando Testa\" \/>\n<meta property=\"article:published_time\" content=\"2026-03-17T13:30:25+00:00\" \/>\n<meta property=\"article:modified_time\" content=\"2026-03-17T13:31:18+00:00\" \/>\n<meta property=\"og:image\" content=\"https:\/\/www.armandotesta.it\/wp-content\/uploads\/2026\/03\/Bambini-con-album-Panini-scaled.jpg\" \/>\n\t<meta property=\"og:image:width\" content=\"2560\" \/>\n\t<meta property=\"og:image:height\" content=\"1707\" \/>\n\t<meta property=\"og:image:type\" content=\"image\/jpeg\" \/>\n<meta name=\"author\" content=\"Rosi Iozzo\" \/>\n<meta name=\"twitter:card\" content=\"summary_large_image\" \/>\n<meta name=\"twitter:label1\" content=\"Scritto da\" \/>\n\t<meta name=\"twitter:data1\" content=\"Rosi Iozzo\" \/>\n\t<meta name=\"twitter:label2\" content=\"Tempo di lettura stimato\" \/>\n\t<meta name=\"twitter:data2\" content=\"5 minuti\" \/>\n<script type=\"application\/ld+json\" class=\"yoast-schema-graph\">{\"@context\":\"https:\\\/\\\/schema.org\",\"@graph\":[{\"@type\":\"Article\",\"@id\":\"https:\\\/\\\/www.armandotesta.it\\\/it\\\/gruppo-hera-e-panini-realizzano-un-sogno-chiamato-riciclo-nel-nuovo-album-i-rifiuti-diventano-figurine-da-collezionare\\\/#article\",\"isPartOf\":{\"@id\":\"https:\\\/\\\/www.armandotesta.it\\\/it\\\/gruppo-hera-e-panini-realizzano-un-sogno-chiamato-riciclo-nel-nuovo-album-i-rifiuti-diventano-figurine-da-collezionare\\\/\"},\"author\":{\"name\":\"Rosi Iozzo\",\"@id\":\"https:\\\/\\\/www.armandotesta.it\\\/it\\\/#\\\/schema\\\/person\\\/1529c30a6574d4885356bb7ccf84b2fe\"},\"headline\":\"Gruppo Hera e Panini realizzano \u201cUn sogno chiamato riciclo\u201d. Nel nuovo album i rifiuti diventano figurine da collezionare.\",\"datePublished\":\"2026-03-17T13:30:25+00:00\",\"dateModified\":\"2026-03-17T13:31:18+00:00\",\"mainEntityOfPage\":{\"@id\":\"https:\\\/\\\/www.armandotesta.it\\\/it\\\/gruppo-hera-e-panini-realizzano-un-sogno-chiamato-riciclo-nel-nuovo-album-i-rifiuti-diventano-figurine-da-collezionare\\\/\"},\"wordCount\":860,\"publisher\":{\"@id\":\"https:\\\/\\\/www.armandotesta.it\\\/it\\\/#organization\"},\"image\":{\"@id\":\"https:\\\/\\\/www.armandotesta.it\\\/it\\\/gruppo-hera-e-panini-realizzano-un-sogno-chiamato-riciclo-nel-nuovo-album-i-rifiuti-diventano-figurine-da-collezionare\\\/#primaryimage\"},\"thumbnailUrl\":\"https:\\\/\\\/www.armandotesta.it\\\/wp-content\\\/uploads\\\/2026\\\/03\\\/Bambini-con-album-Panini-scaled.jpg\",\"articleSection\":[\"Non categorizzato\"],\"inLanguage\":\"it-IT\"},{\"@type\":\"WebPage\",\"@id\":\"https:\\\/\\\/www.armandotesta.it\\\/it\\\/gruppo-hera-e-panini-realizzano-un-sogno-chiamato-riciclo-nel-nuovo-album-i-rifiuti-diventano-figurine-da-collezionare\\\/\",\"url\":\"https:\\\/\\\/www.armandotesta.it\\\/it\\\/gruppo-hera-e-panini-realizzano-un-sogno-chiamato-riciclo-nel-nuovo-album-i-rifiuti-diventano-figurine-da-collezionare\\\/\",\"name\":\"Gruppo Hera e Panini realizzano \u201cUn sogno chiamato riciclo\u201d. Nel nuovo album i rifiuti diventano figurine da collezionare. - Armando Testa\",\"isPartOf\":{\"@id\":\"https:\\\/\\\/www.armandotesta.it\\\/it\\\/#website\"},\"primaryImageOfPage\":{\"@id\":\"https:\\\/\\\/www.armandotesta.it\\\/it\\\/gruppo-hera-e-panini-realizzano-un-sogno-chiamato-riciclo-nel-nuovo-album-i-rifiuti-diventano-figurine-da-collezionare\\\/#primaryimage\"},\"image\":{\"@id\":\"https:\\\/\\\/www.armandotesta.it\\\/it\\\/gruppo-hera-e-panini-realizzano-un-sogno-chiamato-riciclo-nel-nuovo-album-i-rifiuti-diventano-figurine-da-collezionare\\\/#primaryimage\"},\"thumbnailUrl\":\"https:\\\/\\\/www.armandotesta.it\\\/wp-content\\\/uploads\\\/2026\\\/03\\\/Bambini-con-album-Panini-scaled.jpg\",\"datePublished\":\"2026-03-17T13:30:25+00:00\",\"dateModified\":\"2026-03-17T13:31:18+00:00\",\"breadcrumb\":{\"@id\":\"https:\\\/\\\/www.armandotesta.it\\\/it\\\/gruppo-hera-e-panini-realizzano-un-sogno-chiamato-riciclo-nel-nuovo-album-i-rifiuti-diventano-figurine-da-collezionare\\\/#breadcrumb\"},\"inLanguage\":\"it-IT\",\"potentialAction\":[{\"@type\":\"ReadAction\",\"target\":[\"https:\\\/\\\/www.armandotesta.it\\\/it\\\/gruppo-hera-e-panini-realizzano-un-sogno-chiamato-riciclo-nel-nuovo-album-i-rifiuti-diventano-figurine-da-collezionare\\\/\"]}]},{\"@type\":\"ImageObject\",\"inLanguage\":\"it-IT\",\"@id\":\"https:\\\/\\\/www.armandotesta.it\\\/it\\\/gruppo-hera-e-panini-realizzano-un-sogno-chiamato-riciclo-nel-nuovo-album-i-rifiuti-diventano-figurine-da-collezionare\\\/#primaryimage\",\"url\":\"https:\\\/\\\/www.armandotesta.it\\\/wp-content\\\/uploads\\\/2026\\\/03\\\/Bambini-con-album-Panini-scaled.jpg\",\"contentUrl\":\"https:\\\/\\\/www.armandotesta.it\\\/wp-content\\\/uploads\\\/2026\\\/03\\\/Bambini-con-album-Panini-scaled.jpg\",\"width\":2560,\"height\":1707},{\"@type\":\"BreadcrumbList\",\"@id\":\"https:\\\/\\\/www.armandotesta.it\\\/it\\\/gruppo-hera-e-panini-realizzano-un-sogno-chiamato-riciclo-nel-nuovo-album-i-rifiuti-diventano-figurine-da-collezionare\\\/#breadcrumb\",\"itemListElement\":[{\"@type\":\"ListItem\",\"position\":1,\"name\":\"Home\",\"item\":\"https:\\\/\\\/www.armandotesta.it\\\/it\\\/\"},{\"@type\":\"ListItem\",\"position\":2,\"name\":\"Gruppo Hera e Panini realizzano \u201cUn sogno chiamato riciclo\u201d. Nel nuovo album i rifiuti diventano figurine da collezionare.\"}]},{\"@type\":\"WebSite\",\"@id\":\"https:\\\/\\\/www.armandotesta.it\\\/it\\\/#website\",\"url\":\"https:\\\/\\\/www.armandotesta.it\\\/it\\\/\",\"name\":\"Armando Testa\",\"description\":\"\",\"publisher\":{\"@id\":\"https:\\\/\\\/www.armandotesta.it\\\/it\\\/#organization\"},\"potentialAction\":[{\"@type\":\"SearchAction\",\"target\":{\"@type\":\"EntryPoint\",\"urlTemplate\":\"https:\\\/\\\/www.armandotesta.it\\\/it\\\/?s={search_term_string}\"},\"query-input\":{\"@type\":\"PropertyValueSpecification\",\"valueRequired\":true,\"valueName\":\"search_term_string\"}}],\"inLanguage\":\"it-IT\"},{\"@type\":\"Organization\",\"@id\":\"https:\\\/\\\/www.armandotesta.it\\\/it\\\/#organization\",\"name\":\"Armando Testa\",\"url\":\"https:\\\/\\\/www.armandotesta.it\\\/it\\\/\",\"logo\":{\"@type\":\"ImageObject\",\"inLanguage\":\"it-IT\",\"@id\":\"https:\\\/\\\/www.armandotesta.it\\\/it\\\/#\\\/schema\\\/logo\\\/image\\\/\",\"url\":\"https:\\\/\\\/www.armandotesta.it\\\/wp-content\\\/uploads\\\/2024\\\/01\\\/logo-at.png\",\"contentUrl\":\"https:\\\/\\\/www.armandotesta.it\\\/wp-content\\\/uploads\\\/2024\\\/01\\\/logo-at.png\",\"width\":200,\"height\":200,\"caption\":\"Armando Testa\"},\"image\":{\"@id\":\"https:\\\/\\\/www.armandotesta.it\\\/it\\\/#\\\/schema\\\/logo\\\/image\\\/\"}},{\"@type\":\"Person\",\"@id\":\"https:\\\/\\\/www.armandotesta.it\\\/it\\\/#\\\/schema\\\/person\\\/1529c30a6574d4885356bb7ccf84b2fe\",\"name\":\"Rosi Iozzo\",\"image\":{\"@type\":\"ImageObject\",\"inLanguage\":\"it-IT\",\"@id\":\"https:\\\/\\\/secure.gravatar.com\\\/avatar\\\/0bd345ff69c9b60f937c5da0e7f3c0c324e4553d98f365bf105425c7393de04f?s=96&d=mm&r=g\",\"url\":\"https:\\\/\\\/secure.gravatar.com\\\/avatar\\\/0bd345ff69c9b60f937c5da0e7f3c0c324e4553d98f365bf105425c7393de04f?s=96&d=mm&r=g\",\"contentUrl\":\"https:\\\/\\\/secure.gravatar.com\\\/avatar\\\/0bd345ff69c9b60f937c5da0e7f3c0c324e4553d98f365bf105425c7393de04f?s=96&d=mm&r=g\",\"caption\":\"Rosi Iozzo\"},\"url\":\"https:\\\/\\\/www.armandotesta.it\\\/it\\\/author\\\/riozzo\\\/\"}]}<\/script>\n<!-- \/ Yoast SEO plugin. -->","yoast_head_json":{"title":"Gruppo Hera e Panini realizzano \u201cUn sogno chiamato riciclo\u201d. Nel nuovo album i rifiuti diventano figurine da collezionare. - Armando Testa","robots":{"index":"index","follow":"follow","max-snippet":"max-snippet:-1","max-image-preview":"max-image-preview:large","max-video-preview":"max-video-preview:-1"},"canonical":"https:\/\/www.armandotesta.it\/it\/gruppo-hera-e-panini-realizzano-un-sogno-chiamato-riciclo-nel-nuovo-album-i-rifiuti-diventano-figurine-da-collezionare\/","og_locale":"it_IT","og_type":"article","og_title":"Gruppo Hera e Panini realizzano \u201cUn sogno chiamato riciclo\u201d. Nel nuovo album i rifiuti diventano figurine da collezionare. - Armando Testa","og_description":"Il progetto educativo, promosso dalla multiutility&nbsp;in collaborazione con l\u2019iconica azienda modenese, entra in alcune scuole primarie di Bologna e Modena per sensibilizzare bambini e famiglie sulla raccolta differenziata. I simpatici personaggi, nati dalla creativit\u00e0 dell\u2019agenzia di comunicazione&nbsp;Armando Testa, accompagnano i piccoli studenti in un\u2019avventura all\u2019insegna della sostenibilit\u00e0 \u201cCelo, manca\u201d. Stavolta i beniamini da collezione non [&hellip;]","og_url":"https:\/\/www.armandotesta.it\/it\/gruppo-hera-e-panini-realizzano-un-sogno-chiamato-riciclo-nel-nuovo-album-i-rifiuti-diventano-figurine-da-collezionare\/","og_site_name":"Armando Testa","article_published_time":"2026-03-17T13:30:25+00:00","article_modified_time":"2026-03-17T13:31:18+00:00","og_image":[{"width":2560,"height":1707,"url":"https:\/\/www.armandotesta.it\/wp-content\/uploads\/2026\/03\/Bambini-con-album-Panini-scaled.jpg","type":"image\/jpeg"}],"author":"Rosi Iozzo","twitter_card":"summary_large_image","twitter_misc":{"Scritto da":"Rosi Iozzo","Tempo di lettura stimato":"5 minuti"},"schema":{"@context":"https:\/\/schema.org","@graph":[{"@type":"Article","@id":"https:\/\/www.armandotesta.it\/it\/gruppo-hera-e-panini-realizzano-un-sogno-chiamato-riciclo-nel-nuovo-album-i-rifiuti-diventano-figurine-da-collezionare\/#article","isPartOf":{"@id":"https:\/\/www.armandotesta.it\/it\/gruppo-hera-e-panini-realizzano-un-sogno-chiamato-riciclo-nel-nuovo-album-i-rifiuti-diventano-figurine-da-collezionare\/"},"author":{"name":"Rosi Iozzo","@id":"https:\/\/www.armandotesta.it\/it\/#\/schema\/person\/1529c30a6574d4885356bb7ccf84b2fe"},"headline":"Gruppo Hera e Panini realizzano \u201cUn sogno chiamato riciclo\u201d. Nel nuovo album i rifiuti diventano figurine da collezionare.","datePublished":"2026-03-17T13:30:25+00:00","dateModified":"2026-03-17T13:31:18+00:00","mainEntityOfPage":{"@id":"https:\/\/www.armandotesta.it\/it\/gruppo-hera-e-panini-realizzano-un-sogno-chiamato-riciclo-nel-nuovo-album-i-rifiuti-diventano-figurine-da-collezionare\/"},"wordCount":860,"publisher":{"@id":"https:\/\/www.armandotesta.it\/it\/#organization"},"image":{"@id":"https:\/\/www.armandotesta.it\/it\/gruppo-hera-e-panini-realizzano-un-sogno-chiamato-riciclo-nel-nuovo-album-i-rifiuti-diventano-figurine-da-collezionare\/#primaryimage"},"thumbnailUrl":"https:\/\/www.armandotesta.it\/wp-content\/uploads\/2026\/03\/Bambini-con-album-Panini-scaled.jpg","articleSection":["Non categorizzato"],"inLanguage":"it-IT"},{"@type":"WebPage","@id":"https:\/\/www.armandotesta.it\/it\/gruppo-hera-e-panini-realizzano-un-sogno-chiamato-riciclo-nel-nuovo-album-i-rifiuti-diventano-figurine-da-collezionare\/","url":"https:\/\/www.armandotesta.it\/it\/gruppo-hera-e-panini-realizzano-un-sogno-chiamato-riciclo-nel-nuovo-album-i-rifiuti-diventano-figurine-da-collezionare\/","name":"Gruppo Hera e Panini realizzano \u201cUn sogno chiamato riciclo\u201d. Nel nuovo album i rifiuti diventano figurine da collezionare. - Armando Testa","isPartOf":{"@id":"https:\/\/www.armandotesta.it\/it\/#website"},"primaryImageOfPage":{"@id":"https:\/\/www.armandotesta.it\/it\/gruppo-hera-e-panini-realizzano-un-sogno-chiamato-riciclo-nel-nuovo-album-i-rifiuti-diventano-figurine-da-collezionare\/#primaryimage"},"image":{"@id":"https:\/\/www.armandotesta.it\/it\/gruppo-hera-e-panini-realizzano-un-sogno-chiamato-riciclo-nel-nuovo-album-i-rifiuti-diventano-figurine-da-collezionare\/#primaryimage"},"thumbnailUrl":"https:\/\/www.armandotesta.it\/wp-content\/uploads\/2026\/03\/Bambini-con-album-Panini-scaled.jpg","datePublished":"2026-03-17T13:30:25+00:00","dateModified":"2026-03-17T13:31:18+00:00","breadcrumb":{"@id":"https:\/\/www.armandotesta.it\/it\/gruppo-hera-e-panini-realizzano-un-sogno-chiamato-riciclo-nel-nuovo-album-i-rifiuti-diventano-figurine-da-collezionare\/#breadcrumb"},"inLanguage":"it-IT","potentialAction":[{"@type":"ReadAction","target":["https:\/\/www.armandotesta.it\/it\/gruppo-hera-e-panini-realizzano-un-sogno-chiamato-riciclo-nel-nuovo-album-i-rifiuti-diventano-figurine-da-collezionare\/"]}]},{"@type":"ImageObject","inLanguage":"it-IT","@id":"https:\/\/www.armandotesta.it\/it\/gruppo-hera-e-panini-realizzano-un-sogno-chiamato-riciclo-nel-nuovo-album-i-rifiuti-diventano-figurine-da-collezionare\/#primaryimage","url":"https:\/\/www.armandotesta.it\/wp-content\/uploads\/2026\/03\/Bambini-con-album-Panini-scaled.jpg","contentUrl":"https:\/\/www.armandotesta.it\/wp-content\/uploads\/2026\/03\/Bambini-con-album-Panini-scaled.jpg","width":2560,"height":1707},{"@type":"BreadcrumbList","@id":"https:\/\/www.armandotesta.it\/it\/gruppo-hera-e-panini-realizzano-un-sogno-chiamato-riciclo-nel-nuovo-album-i-rifiuti-diventano-figurine-da-collezionare\/#breadcrumb","itemListElement":[{"@type":"ListItem","position":1,"name":"Home","item":"https:\/\/www.armandotesta.it\/it\/"},{"@type":"ListItem","position":2,"name":"Gruppo Hera e Panini realizzano \u201cUn sogno chiamato riciclo\u201d. Nel nuovo album i rifiuti diventano figurine da collezionare."}]},{"@type":"WebSite","@id":"https:\/\/www.armandotesta.it\/it\/#website","url":"https:\/\/www.armandotesta.it\/it\/","name":"Armando Testa","description":"","publisher":{"@id":"https:\/\/www.armandotesta.it\/it\/#organization"},"potentialAction":[{"@type":"SearchAction","target":{"@type":"EntryPoint","urlTemplate":"https:\/\/www.armandotesta.it\/it\/?s={search_term_string}"},"query-input":{"@type":"PropertyValueSpecification","valueRequired":true,"valueName":"search_term_string"}}],"inLanguage":"it-IT"},{"@type":"Organization","@id":"https:\/\/www.armandotesta.it\/it\/#organization","name":"Armando Testa","url":"https:\/\/www.armandotesta.it\/it\/","logo":{"@type":"ImageObject","inLanguage":"it-IT","@id":"https:\/\/www.armandotesta.it\/it\/#\/schema\/logo\/image\/","url":"https:\/\/www.armandotesta.it\/wp-content\/uploads\/2024\/01\/logo-at.png","contentUrl":"https:\/\/www.armandotesta.it\/wp-content\/uploads\/2024\/01\/logo-at.png","width":200,"height":200,"caption":"Armando Testa"},"image":{"@id":"https:\/\/www.armandotesta.it\/it\/#\/schema\/logo\/image\/"}},{"@type":"Person","@id":"https:\/\/www.armandotesta.it\/it\/#\/schema\/person\/1529c30a6574d4885356bb7ccf84b2fe","name":"Rosi Iozzo","image":{"@type":"ImageObject","inLanguage":"it-IT","@id":"https:\/\/secure.gravatar.com\/avatar\/0bd345ff69c9b60f937c5da0e7f3c0c324e4553d98f365bf105425c7393de04f?s=96&d=mm&r=g","url":"https:\/\/secure.gravatar.com\/avatar\/0bd345ff69c9b60f937c5da0e7f3c0c324e4553d98f365bf105425c7393de04f?s=96&d=mm&r=g","contentUrl":"https:\/\/secure.gravatar.com\/avatar\/0bd345ff69c9b60f937c5da0e7f3c0c324e4553d98f365bf105425c7393de04f?s=96&d=mm&r=g","caption":"Rosi Iozzo"},"url":"https:\/\/www.armandotesta.it\/it\/author\/riozzo\/"}]}},"_links":{"self":[{"href":"https:\/\/www.armandotesta.it\/it\/wp-json\/wp\/v2\/posts\/29306","targetHints":{"allow":["GET"]}}],"collection":[{"href":"https:\/\/www.armandotesta.it\/it\/wp-json\/wp\/v2\/posts"}],"about":[{"href":"https:\/\/www.armandotesta.it\/it\/wp-json\/wp\/v2\/types\/post"}],"author":[{"embeddable":true,"href":"https:\/\/www.armandotesta.it\/it\/wp-json\/wp\/v2\/users\/6"}],"replies":[{"embeddable":true,"href":"https:\/\/www.armandotesta.it\/it\/wp-json\/wp\/v2\/comments?post=29306"}],"version-history":[{"count":1,"href":"https:\/\/www.armandotesta.it\/it\/wp-json\/wp\/v2\/posts\/29306\/revisions"}],"predecessor-version":[{"id":29313,"href":"https:\/\/www.armandotesta.it\/it\/wp-json\/wp\/v2\/posts\/29306\/revisions\/29313"}],"wp:featuredmedia":[{"embeddable":true,"href":"https:\/\/www.armandotesta.it\/it\/wp-json\/wp\/v2\/media\/29307"}],"wp:attachment":[{"href":"https:\/\/www.armandotesta.it\/it\/wp-json\/wp\/v2\/media?parent=29306"}],"wp:term":[{"taxonomy":"category","embeddable":true,"href":"https:\/\/www.armandotesta.it\/it\/wp-json\/wp\/v2\/categories?post=29306"},{"taxonomy":"post_tag","embeddable":true,"href":"https:\/\/www.armandotesta.it\/it\/wp-json\/wp\/v2\/tags?post=29306"}],"curies":[{"name":"wp","href":"https:\/\/api.w.org\/{rel}","templated":true}]}}