{"id":27462,"date":"2024-11-08T16:38:32","date_gmt":"2024-11-08T15:38:32","guid":{"rendered":"https:\/\/www.armandotesta.it\/?p=27462"},"modified":"2024-11-11T10:59:38","modified_gmt":"2024-11-11T09:59:38","slug":"yamaha-motor-europe-e-armando-testa-portano-a-eicma-2024-il-futuro-del-motociclismo","status":"publish","type":"post","link":"https:\/\/www.armandotesta.it\/it\/yamaha-motor-europe-e-armando-testa-portano-a-eicma-2024-il-futuro-del-motociclismo\/","title":{"rendered":"Yamaha Motor Europe e Armando Testa portano a Eicma 2024 il futuro del motociclismo."},"content":{"rendered":"\n<p>Yamaha Motor Europe torna all\u2019evento motociclistico pi\u00f9 importante dell\u2019anno con una serie di incredibili novit\u00e0. A Eicma innovazione e performance anche quest\u2019anno la fanno da padrone.<\/p>\n\n\n\n<p>Il colosso giapponese si avvale ancora una volta dell&#8217;esperienza e della creativit\u00e0 dell&#8217;agenzia Armando Testa per le nuove campagne internazionali e della collaborazione degli AT Studios, che ha realizzato molte delle produzioni, dall\u2019Italia al Monte Fuji.<\/p>\n\n\n\n<p>Ogni campagna \u00e8 stato un viaggio in uno dei tanti mondi Yamaha, uniti ancora una volta dalla distintiva firma Armando Testa, capace di rendere ogni messaggio emozionante e memorabile nel colpire i tanti differenti target del mondo a 2 ruote, dai collezionisti delle strade pi\u00f9 mitiche del mondo che a bordo delle loro TRACER 9, 9 GT e 9 GT+, riscoprono il piacere di guida con la nuova tecnologia Y-AMT, agli appassionati della storica Parigi-Dakar che trovano il loro paradiso nell\u2019affrontare l\u2019inferno del deserto del Sahara, enfatizzato creativamente dalla citazione dantesca \u201cLasciate ogni speranza o voi ch\u2019entrate\u201d nel video della T\u00e9n\u00e9r\u00e9 700 Rally, passando per l\u2019elogio alla perfezione e alla ricerca del dettaglio nel progetto \u201cMAX is in Details\u201d dedicato al nuovo TMAX Tech MAX realizzato con l\u2019ausilio dell\u2019intelligenza artificiale generativa, protagonista del segmento degli Sport Scooter che vede l\u2019ingresso nel suo rinomato roster dei nuovi NMAX 125 Tech MAX e NMAX 125&nbsp;, ingresso comunicato con il video \u201cJoin the MAX\u201d una vera e propria call to action dedicata al target pi\u00f9 giovane.<\/p>\n\n\n\n<p>In ultimo, i rider che sognano di guidare nelle notti di Tokyo a bordo delle loro Hyper Naked vedono sorgere una nuova \u201calba\u201d del Dark Side of Japan nel film \u201cDawn of a New Darkness\u201d dove un popolo di Okami, le maschere tradizionali giapponesi che raffigurano il lupo, ululano al nuovo astro che illumina le notti giapponesi. Mentre la media cilindrata MT-03 viene comunicata come il mezzo pi\u00f9 affilato per solcare le notti nel concept film \u201cSharp in the Dark\u201d e la MT-125 come il vero social network capace di connettere i giovani alla passione delle moto e dello stare insieme nel video \u201cConnect to the Dark\u201d, che sottolinea le nuove feature di connectivity della moto pi\u00f9 amata dai giovanissimi del Dark Side of Japan.<\/p>\n\n\n\n<p>Le campagne prevedono tre diversi tagli, 90\u2019\u2019, 30\u2019\u2019 e 15\u2019\u2019, un teaser di 10\u2019\u2019, stampa e immagini di catalogo e sono state pianificate su tutti i canali digital e social del brand.<\/p>\n\n\n\n<p><strong>Credits:<\/strong><\/p>\n\n\n\n<p><strong>Cliente<\/strong>: Yamaha Motor Europe<\/p>\n\n\n\n<p><strong>Agency<\/strong>: Armando Testa Group<\/p>\n\n\n\n<p><strong>Executive<\/strong> <strong>creative direction<\/strong>: Nicola Cellemme e Georgia Ferraro<\/p>\n\n\n\n<p><strong>Creative<\/strong> <strong>Supervisor<\/strong>: Lorenzo Blangiardo, Maria Meioli<\/p>\n\n\n\n<p><strong>Creative<\/strong> <strong>team<\/strong>: Chiara Panattoni, Carlotta Gilardi, Roberto Capodanno, Gaetano Corvino, Francesca Graziani, Marcello Maiorana, Maria Carmen Ranieri<\/p>\n\n\n\n<p><strong>Client<\/strong> <strong>service<\/strong> <strong>director<\/strong>: Emanuele Cicogna Mozzoni<\/p>\n\n\n\n<p><strong>AccountTeam<\/strong>:\u00a0Nikolina Gramegna, Martina Bonanno<\/p>\n\n\n\n<figure class=\"wp-block-image size-large\"><img loading=\"lazy\" decoding=\"async\" width=\"1024\" height=\"574\" src=\"https:\/\/www.armandotesta.it\/wp-content\/uploads\/2024\/11\/thumbnail_MT-07-2-1024x574.png\" alt=\"\" class=\"wp-image-27467\" srcset=\"https:\/\/www.armandotesta.it\/wp-content\/uploads\/2024\/11\/thumbnail_MT-07-2-1024x574.png 1024w, https:\/\/www.armandotesta.it\/wp-content\/uploads\/2024\/11\/thumbnail_MT-07-2-300x168.png 300w, https:\/\/www.armandotesta.it\/wp-content\/uploads\/2024\/11\/thumbnail_MT-07-2-768x431.png 768w, https:\/\/www.armandotesta.it\/wp-content\/uploads\/2024\/11\/thumbnail_MT-07-2.png 1280w\" sizes=\"auto, (max-width: 1024px) 100vw, 1024px\" \/><\/figure>\n\n\n\n<figure class=\"wp-block-image size-full\"><img loading=\"lazy\" decoding=\"async\" width=\"640\" height=\"360\" src=\"https:\/\/www.armandotesta.it\/wp-content\/uploads\/2024\/11\/thumbnail_TMAX-2.png\" alt=\"\" class=\"wp-image-27465\" srcset=\"https:\/\/www.armandotesta.it\/wp-content\/uploads\/2024\/11\/thumbnail_TMAX-2.png 640w, https:\/\/www.armandotesta.it\/wp-content\/uploads\/2024\/11\/thumbnail_TMAX-2-300x169.png 300w\" sizes=\"auto, (max-width: 640px) 100vw, 640px\" \/><\/figure>\n\n\n\n<figure class=\"wp-block-image size-large\"><img loading=\"lazy\" decoding=\"async\" width=\"1024\" height=\"574\" src=\"https:\/\/www.armandotesta.it\/wp-content\/uploads\/2024\/11\/thumbnail_TENERE-RALLY-1024x574.png\" alt=\"\" class=\"wp-image-27463\" srcset=\"https:\/\/www.armandotesta.it\/wp-content\/uploads\/2024\/11\/thumbnail_TENERE-RALLY-1024x574.png 1024w, https:\/\/www.armandotesta.it\/wp-content\/uploads\/2024\/11\/thumbnail_TENERE-RALLY-300x168.png 300w, https:\/\/www.armandotesta.it\/wp-content\/uploads\/2024\/11\/thumbnail_TENERE-RALLY-768x430.png 768w, https:\/\/www.armandotesta.it\/wp-content\/uploads\/2024\/11\/thumbnail_TENERE-RALLY.png 1280w\" sizes=\"auto, (max-width: 1024px) 100vw, 1024px\" \/><\/figure>\n\n\n\n<figure class=\"wp-block-embed is-type-video is-provider-youtube wp-block-embed-youtube wp-embed-aspect-16-9 wp-has-aspect-ratio\"><div class=\"wp-block-embed__wrapper\">\n<iframe loading=\"lazy\" title=\"2025 Yamaha MT-07: Dawn of a New Darkness\" width=\"500\" height=\"281\" src=\"https:\/\/www.youtube.com\/embed\/SyZ7-pzltiI?feature=oembed\" frameborder=\"0\" allow=\"accelerometer; autoplay; clipboard-write; encrypted-media; gyroscope; picture-in-picture; web-share\" referrerpolicy=\"strict-origin-when-cross-origin\" allowfullscreen><\/iframe>\n<\/div><\/figure>\n\n\n\n<figure class=\"wp-block-embed is-type-video is-provider-youtube wp-block-embed-youtube wp-embed-aspect-16-9 wp-has-aspect-ratio\"><div class=\"wp-block-embed__wrapper\">\n<iframe loading=\"lazy\" title=\"2025 Yamaha TMAX &amp; TMAX Tech MAX: MAX is in details\" width=\"500\" height=\"281\" src=\"https:\/\/www.youtube.com\/embed\/GhPqFoIGvY8?list=PL_g8svdfWqIo9b59IBe8IPZ6FmJoxZ7C6\" frameborder=\"0\" allow=\"accelerometer; autoplay; clipboard-write; encrypted-media; gyroscope; picture-in-picture; web-share\" referrerpolicy=\"strict-origin-when-cross-origin\" allowfullscreen><\/iframe>\n<\/div><\/figure>\n\n\n\n<figure class=\"wp-block-embed is-type-video is-provider-youtube wp-block-embed-youtube wp-embed-aspect-16-9 wp-has-aspect-ratio\"><div class=\"wp-block-embed__wrapper\">\n<iframe loading=\"lazy\" title=\"2025 Yamaha T\u00e9n\u00e9r\u00e9 700 Rally: Push your limits\" width=\"500\" height=\"281\" src=\"https:\/\/www.youtube.com\/embed\/-IizQq31g6c?list=PL_g8svdfWqIpfTnoszAPafe355frGw7dd\" frameborder=\"0\" allow=\"accelerometer; autoplay; clipboard-write; encrypted-media; gyroscope; picture-in-picture; web-share\" referrerpolicy=\"strict-origin-when-cross-origin\" allowfullscreen><\/iframe>\n<\/div><\/figure>\n","protected":false},"excerpt":{"rendered":"<p>Yamaha Motor Europe torna all\u2019evento motociclistico pi\u00f9 importante dell\u2019anno con una serie di incredibili novit\u00e0. A Eicma innovazione e performance anche quest\u2019anno la fanno da padrone. Il colosso giapponese si avvale ancora una volta dell&#8217;esperienza e della creativit\u00e0 dell&#8217;agenzia Armando Testa per le nuove campagne internazionali e della collaborazione degli AT Studios, che ha realizzato [&hellip;]<\/p>\n","protected":false},"author":6,"featured_media":27463,"comment_status":"closed","ping_status":"closed","sticky":false,"template":"","format":"standard","meta":{"_acf_changed":false,"inline_featured_image":false,"footnotes":""},"categories":[3],"tags":[],"class_list":["post-27462","post","type-post","status-publish","format-standard","has-post-thumbnail","hentry","category-non-categorizzato"],"acf":false,"yoast_head":"<!-- This site is optimized with the Yoast SEO plugin v27.5 - https:\/\/yoast.com\/product\/yoast-seo-wordpress\/ -->\n<title>Yamaha Motor Europe e Armando Testa portano a Eicma 2024 il futuro del motociclismo. - Armando Testa<\/title>\n<meta name=\"robots\" content=\"index, follow, max-snippet:-1, max-image-preview:large, max-video-preview:-1\" \/>\n<link rel=\"canonical\" href=\"https:\/\/www.armandotesta.it\/it\/yamaha-motor-europe-e-armando-testa-portano-a-eicma-2024-il-futuro-del-motociclismo\/\" \/>\n<meta property=\"og:locale\" content=\"it_IT\" \/>\n<meta property=\"og:type\" content=\"article\" \/>\n<meta property=\"og:title\" content=\"Yamaha Motor Europe e Armando Testa portano a Eicma 2024 il futuro del motociclismo. - Armando Testa\" \/>\n<meta property=\"og:description\" content=\"Yamaha Motor Europe torna all\u2019evento motociclistico pi\u00f9 importante dell\u2019anno con una serie di incredibili novit\u00e0. A Eicma innovazione e performance anche quest\u2019anno la fanno da padrone. Il colosso giapponese si avvale ancora una volta dell&#8217;esperienza e della creativit\u00e0 dell&#8217;agenzia Armando Testa per le nuove campagne internazionali e della collaborazione degli AT Studios, che ha realizzato [&hellip;]\" \/>\n<meta property=\"og:url\" content=\"https:\/\/www.armandotesta.it\/it\/yamaha-motor-europe-e-armando-testa-portano-a-eicma-2024-il-futuro-del-motociclismo\/\" \/>\n<meta property=\"og:site_name\" content=\"Armando Testa\" \/>\n<meta property=\"article:published_time\" content=\"2024-11-08T15:38:32+00:00\" \/>\n<meta property=\"article:modified_time\" content=\"2024-11-11T09:59:38+00:00\" \/>\n<meta property=\"og:image\" content=\"https:\/\/www.armandotesta.it\/wp-content\/uploads\/2024\/11\/thumbnail_TENERE-RALLY.png\" \/>\n\t<meta property=\"og:image:width\" content=\"1280\" \/>\n\t<meta property=\"og:image:height\" content=\"717\" \/>\n\t<meta property=\"og:image:type\" content=\"image\/png\" \/>\n<meta name=\"author\" content=\"Rosi Iozzo\" \/>\n<meta name=\"twitter:card\" content=\"summary_large_image\" \/>\n<meta name=\"twitter:label1\" content=\"Scritto da\" \/>\n\t<meta name=\"twitter:data1\" content=\"Rosi Iozzo\" \/>\n\t<meta name=\"twitter:label2\" content=\"Tempo di lettura stimato\" \/>\n\t<meta name=\"twitter:data2\" content=\"3 minuti\" \/>\n<script type=\"application\/ld+json\" class=\"yoast-schema-graph\">{\"@context\":\"https:\\\/\\\/schema.org\",\"@graph\":[{\"@type\":\"Article\",\"@id\":\"https:\\\/\\\/www.armandotesta.it\\\/it\\\/yamaha-motor-europe-e-armando-testa-portano-a-eicma-2024-il-futuro-del-motociclismo\\\/#article\",\"isPartOf\":{\"@id\":\"https:\\\/\\\/www.armandotesta.it\\\/it\\\/yamaha-motor-europe-e-armando-testa-portano-a-eicma-2024-il-futuro-del-motociclismo\\\/\"},\"author\":{\"name\":\"Rosi Iozzo\",\"@id\":\"https:\\\/\\\/www.armandotesta.it\\\/it\\\/#\\\/schema\\\/person\\\/1529c30a6574d4885356bb7ccf84b2fe\"},\"headline\":\"Yamaha Motor Europe e Armando Testa portano a Eicma 2024 il futuro del motociclismo.\",\"datePublished\":\"2024-11-08T15:38:32+00:00\",\"dateModified\":\"2024-11-11T09:59:38+00:00\",\"mainEntityOfPage\":{\"@id\":\"https:\\\/\\\/www.armandotesta.it\\\/it\\\/yamaha-motor-europe-e-armando-testa-portano-a-eicma-2024-il-futuro-del-motociclismo\\\/\"},\"wordCount\":501,\"publisher\":{\"@id\":\"https:\\\/\\\/www.armandotesta.it\\\/it\\\/#organization\"},\"image\":{\"@id\":\"https:\\\/\\\/www.armandotesta.it\\\/it\\\/yamaha-motor-europe-e-armando-testa-portano-a-eicma-2024-il-futuro-del-motociclismo\\\/#primaryimage\"},\"thumbnailUrl\":\"https:\\\/\\\/www.armandotesta.it\\\/wp-content\\\/uploads\\\/2024\\\/11\\\/thumbnail_TENERE-RALLY.png\",\"articleSection\":[\"Non categorizzato\"],\"inLanguage\":\"it-IT\"},{\"@type\":\"WebPage\",\"@id\":\"https:\\\/\\\/www.armandotesta.it\\\/it\\\/yamaha-motor-europe-e-armando-testa-portano-a-eicma-2024-il-futuro-del-motociclismo\\\/\",\"url\":\"https:\\\/\\\/www.armandotesta.it\\\/it\\\/yamaha-motor-europe-e-armando-testa-portano-a-eicma-2024-il-futuro-del-motociclismo\\\/\",\"name\":\"Yamaha Motor Europe e Armando Testa portano a Eicma 2024 il futuro del motociclismo. - Armando Testa\",\"isPartOf\":{\"@id\":\"https:\\\/\\\/www.armandotesta.it\\\/it\\\/#website\"},\"primaryImageOfPage\":{\"@id\":\"https:\\\/\\\/www.armandotesta.it\\\/it\\\/yamaha-motor-europe-e-armando-testa-portano-a-eicma-2024-il-futuro-del-motociclismo\\\/#primaryimage\"},\"image\":{\"@id\":\"https:\\\/\\\/www.armandotesta.it\\\/it\\\/yamaha-motor-europe-e-armando-testa-portano-a-eicma-2024-il-futuro-del-motociclismo\\\/#primaryimage\"},\"thumbnailUrl\":\"https:\\\/\\\/www.armandotesta.it\\\/wp-content\\\/uploads\\\/2024\\\/11\\\/thumbnail_TENERE-RALLY.png\",\"datePublished\":\"2024-11-08T15:38:32+00:00\",\"dateModified\":\"2024-11-11T09:59:38+00:00\",\"breadcrumb\":{\"@id\":\"https:\\\/\\\/www.armandotesta.it\\\/it\\\/yamaha-motor-europe-e-armando-testa-portano-a-eicma-2024-il-futuro-del-motociclismo\\\/#breadcrumb\"},\"inLanguage\":\"it-IT\",\"potentialAction\":[{\"@type\":\"ReadAction\",\"target\":[\"https:\\\/\\\/www.armandotesta.it\\\/it\\\/yamaha-motor-europe-e-armando-testa-portano-a-eicma-2024-il-futuro-del-motociclismo\\\/\"]}]},{\"@type\":\"ImageObject\",\"inLanguage\":\"it-IT\",\"@id\":\"https:\\\/\\\/www.armandotesta.it\\\/it\\\/yamaha-motor-europe-e-armando-testa-portano-a-eicma-2024-il-futuro-del-motociclismo\\\/#primaryimage\",\"url\":\"https:\\\/\\\/www.armandotesta.it\\\/wp-content\\\/uploads\\\/2024\\\/11\\\/thumbnail_TENERE-RALLY.png\",\"contentUrl\":\"https:\\\/\\\/www.armandotesta.it\\\/wp-content\\\/uploads\\\/2024\\\/11\\\/thumbnail_TENERE-RALLY.png\",\"width\":1280,\"height\":717},{\"@type\":\"BreadcrumbList\",\"@id\":\"https:\\\/\\\/www.armandotesta.it\\\/it\\\/yamaha-motor-europe-e-armando-testa-portano-a-eicma-2024-il-futuro-del-motociclismo\\\/#breadcrumb\",\"itemListElement\":[{\"@type\":\"ListItem\",\"position\":1,\"name\":\"Home\",\"item\":\"https:\\\/\\\/www.armandotesta.it\\\/it\\\/\"},{\"@type\":\"ListItem\",\"position\":2,\"name\":\"Yamaha Motor Europe e Armando Testa portano a Eicma 2024 il futuro del motociclismo.\"}]},{\"@type\":\"WebSite\",\"@id\":\"https:\\\/\\\/www.armandotesta.it\\\/it\\\/#website\",\"url\":\"https:\\\/\\\/www.armandotesta.it\\\/it\\\/\",\"name\":\"Armando Testa\",\"description\":\"\",\"publisher\":{\"@id\":\"https:\\\/\\\/www.armandotesta.it\\\/it\\\/#organization\"},\"potentialAction\":[{\"@type\":\"SearchAction\",\"target\":{\"@type\":\"EntryPoint\",\"urlTemplate\":\"https:\\\/\\\/www.armandotesta.it\\\/it\\\/?s={search_term_string}\"},\"query-input\":{\"@type\":\"PropertyValueSpecification\",\"valueRequired\":true,\"valueName\":\"search_term_string\"}}],\"inLanguage\":\"it-IT\"},{\"@type\":\"Organization\",\"@id\":\"https:\\\/\\\/www.armandotesta.it\\\/it\\\/#organization\",\"name\":\"Armando Testa\",\"url\":\"https:\\\/\\\/www.armandotesta.it\\\/it\\\/\",\"logo\":{\"@type\":\"ImageObject\",\"inLanguage\":\"it-IT\",\"@id\":\"https:\\\/\\\/www.armandotesta.it\\\/it\\\/#\\\/schema\\\/logo\\\/image\\\/\",\"url\":\"https:\\\/\\\/www.armandotesta.it\\\/wp-content\\\/uploads\\\/2024\\\/01\\\/logo-at.png\",\"contentUrl\":\"https:\\\/\\\/www.armandotesta.it\\\/wp-content\\\/uploads\\\/2024\\\/01\\\/logo-at.png\",\"width\":200,\"height\":200,\"caption\":\"Armando Testa\"},\"image\":{\"@id\":\"https:\\\/\\\/www.armandotesta.it\\\/it\\\/#\\\/schema\\\/logo\\\/image\\\/\"}},{\"@type\":\"Person\",\"@id\":\"https:\\\/\\\/www.armandotesta.it\\\/it\\\/#\\\/schema\\\/person\\\/1529c30a6574d4885356bb7ccf84b2fe\",\"name\":\"Rosi Iozzo\",\"image\":{\"@type\":\"ImageObject\",\"inLanguage\":\"it-IT\",\"@id\":\"https:\\\/\\\/secure.gravatar.com\\\/avatar\\\/0bd345ff69c9b60f937c5da0e7f3c0c324e4553d98f365bf105425c7393de04f?s=96&d=mm&r=g\",\"url\":\"https:\\\/\\\/secure.gravatar.com\\\/avatar\\\/0bd345ff69c9b60f937c5da0e7f3c0c324e4553d98f365bf105425c7393de04f?s=96&d=mm&r=g\",\"contentUrl\":\"https:\\\/\\\/secure.gravatar.com\\\/avatar\\\/0bd345ff69c9b60f937c5da0e7f3c0c324e4553d98f365bf105425c7393de04f?s=96&d=mm&r=g\",\"caption\":\"Rosi Iozzo\"},\"url\":\"https:\\\/\\\/www.armandotesta.it\\\/it\\\/author\\\/riozzo\\\/\"}]}<\/script>\n<!-- \/ Yoast SEO plugin. -->","yoast_head_json":{"title":"Yamaha Motor Europe e Armando Testa portano a Eicma 2024 il futuro del motociclismo. - Armando Testa","robots":{"index":"index","follow":"follow","max-snippet":"max-snippet:-1","max-image-preview":"max-image-preview:large","max-video-preview":"max-video-preview:-1"},"canonical":"https:\/\/www.armandotesta.it\/it\/yamaha-motor-europe-e-armando-testa-portano-a-eicma-2024-il-futuro-del-motociclismo\/","og_locale":"it_IT","og_type":"article","og_title":"Yamaha Motor Europe e Armando Testa portano a Eicma 2024 il futuro del motociclismo. - Armando Testa","og_description":"Yamaha Motor Europe torna all\u2019evento motociclistico pi\u00f9 importante dell\u2019anno con una serie di incredibili novit\u00e0. A Eicma innovazione e performance anche quest\u2019anno la fanno da padrone. Il colosso giapponese si avvale ancora una volta dell&#8217;esperienza e della creativit\u00e0 dell&#8217;agenzia Armando Testa per le nuove campagne internazionali e della collaborazione degli AT Studios, che ha realizzato [&hellip;]","og_url":"https:\/\/www.armandotesta.it\/it\/yamaha-motor-europe-e-armando-testa-portano-a-eicma-2024-il-futuro-del-motociclismo\/","og_site_name":"Armando Testa","article_published_time":"2024-11-08T15:38:32+00:00","article_modified_time":"2024-11-11T09:59:38+00:00","og_image":[{"width":1280,"height":717,"url":"https:\/\/www.armandotesta.it\/wp-content\/uploads\/2024\/11\/thumbnail_TENERE-RALLY.png","type":"image\/png"}],"author":"Rosi Iozzo","twitter_card":"summary_large_image","twitter_misc":{"Scritto da":"Rosi Iozzo","Tempo di lettura stimato":"3 minuti"},"schema":{"@context":"https:\/\/schema.org","@graph":[{"@type":"Article","@id":"https:\/\/www.armandotesta.it\/it\/yamaha-motor-europe-e-armando-testa-portano-a-eicma-2024-il-futuro-del-motociclismo\/#article","isPartOf":{"@id":"https:\/\/www.armandotesta.it\/it\/yamaha-motor-europe-e-armando-testa-portano-a-eicma-2024-il-futuro-del-motociclismo\/"},"author":{"name":"Rosi Iozzo","@id":"https:\/\/www.armandotesta.it\/it\/#\/schema\/person\/1529c30a6574d4885356bb7ccf84b2fe"},"headline":"Yamaha Motor Europe e Armando Testa portano a Eicma 2024 il futuro del motociclismo.","datePublished":"2024-11-08T15:38:32+00:00","dateModified":"2024-11-11T09:59:38+00:00","mainEntityOfPage":{"@id":"https:\/\/www.armandotesta.it\/it\/yamaha-motor-europe-e-armando-testa-portano-a-eicma-2024-il-futuro-del-motociclismo\/"},"wordCount":501,"publisher":{"@id":"https:\/\/www.armandotesta.it\/it\/#organization"},"image":{"@id":"https:\/\/www.armandotesta.it\/it\/yamaha-motor-europe-e-armando-testa-portano-a-eicma-2024-il-futuro-del-motociclismo\/#primaryimage"},"thumbnailUrl":"https:\/\/www.armandotesta.it\/wp-content\/uploads\/2024\/11\/thumbnail_TENERE-RALLY.png","articleSection":["Non categorizzato"],"inLanguage":"it-IT"},{"@type":"WebPage","@id":"https:\/\/www.armandotesta.it\/it\/yamaha-motor-europe-e-armando-testa-portano-a-eicma-2024-il-futuro-del-motociclismo\/","url":"https:\/\/www.armandotesta.it\/it\/yamaha-motor-europe-e-armando-testa-portano-a-eicma-2024-il-futuro-del-motociclismo\/","name":"Yamaha Motor Europe e Armando Testa portano a Eicma 2024 il futuro del motociclismo. - Armando Testa","isPartOf":{"@id":"https:\/\/www.armandotesta.it\/it\/#website"},"primaryImageOfPage":{"@id":"https:\/\/www.armandotesta.it\/it\/yamaha-motor-europe-e-armando-testa-portano-a-eicma-2024-il-futuro-del-motociclismo\/#primaryimage"},"image":{"@id":"https:\/\/www.armandotesta.it\/it\/yamaha-motor-europe-e-armando-testa-portano-a-eicma-2024-il-futuro-del-motociclismo\/#primaryimage"},"thumbnailUrl":"https:\/\/www.armandotesta.it\/wp-content\/uploads\/2024\/11\/thumbnail_TENERE-RALLY.png","datePublished":"2024-11-08T15:38:32+00:00","dateModified":"2024-11-11T09:59:38+00:00","breadcrumb":{"@id":"https:\/\/www.armandotesta.it\/it\/yamaha-motor-europe-e-armando-testa-portano-a-eicma-2024-il-futuro-del-motociclismo\/#breadcrumb"},"inLanguage":"it-IT","potentialAction":[{"@type":"ReadAction","target":["https:\/\/www.armandotesta.it\/it\/yamaha-motor-europe-e-armando-testa-portano-a-eicma-2024-il-futuro-del-motociclismo\/"]}]},{"@type":"ImageObject","inLanguage":"it-IT","@id":"https:\/\/www.armandotesta.it\/it\/yamaha-motor-europe-e-armando-testa-portano-a-eicma-2024-il-futuro-del-motociclismo\/#primaryimage","url":"https:\/\/www.armandotesta.it\/wp-content\/uploads\/2024\/11\/thumbnail_TENERE-RALLY.png","contentUrl":"https:\/\/www.armandotesta.it\/wp-content\/uploads\/2024\/11\/thumbnail_TENERE-RALLY.png","width":1280,"height":717},{"@type":"BreadcrumbList","@id":"https:\/\/www.armandotesta.it\/it\/yamaha-motor-europe-e-armando-testa-portano-a-eicma-2024-il-futuro-del-motociclismo\/#breadcrumb","itemListElement":[{"@type":"ListItem","position":1,"name":"Home","item":"https:\/\/www.armandotesta.it\/it\/"},{"@type":"ListItem","position":2,"name":"Yamaha Motor Europe e Armando Testa portano a Eicma 2024 il futuro del motociclismo."}]},{"@type":"WebSite","@id":"https:\/\/www.armandotesta.it\/it\/#website","url":"https:\/\/www.armandotesta.it\/it\/","name":"Armando Testa","description":"","publisher":{"@id":"https:\/\/www.armandotesta.it\/it\/#organization"},"potentialAction":[{"@type":"SearchAction","target":{"@type":"EntryPoint","urlTemplate":"https:\/\/www.armandotesta.it\/it\/?s={search_term_string}"},"query-input":{"@type":"PropertyValueSpecification","valueRequired":true,"valueName":"search_term_string"}}],"inLanguage":"it-IT"},{"@type":"Organization","@id":"https:\/\/www.armandotesta.it\/it\/#organization","name":"Armando Testa","url":"https:\/\/www.armandotesta.it\/it\/","logo":{"@type":"ImageObject","inLanguage":"it-IT","@id":"https:\/\/www.armandotesta.it\/it\/#\/schema\/logo\/image\/","url":"https:\/\/www.armandotesta.it\/wp-content\/uploads\/2024\/01\/logo-at.png","contentUrl":"https:\/\/www.armandotesta.it\/wp-content\/uploads\/2024\/01\/logo-at.png","width":200,"height":200,"caption":"Armando Testa"},"image":{"@id":"https:\/\/www.armandotesta.it\/it\/#\/schema\/logo\/image\/"}},{"@type":"Person","@id":"https:\/\/www.armandotesta.it\/it\/#\/schema\/person\/1529c30a6574d4885356bb7ccf84b2fe","name":"Rosi Iozzo","image":{"@type":"ImageObject","inLanguage":"it-IT","@id":"https:\/\/secure.gravatar.com\/avatar\/0bd345ff69c9b60f937c5da0e7f3c0c324e4553d98f365bf105425c7393de04f?s=96&d=mm&r=g","url":"https:\/\/secure.gravatar.com\/avatar\/0bd345ff69c9b60f937c5da0e7f3c0c324e4553d98f365bf105425c7393de04f?s=96&d=mm&r=g","contentUrl":"https:\/\/secure.gravatar.com\/avatar\/0bd345ff69c9b60f937c5da0e7f3c0c324e4553d98f365bf105425c7393de04f?s=96&d=mm&r=g","caption":"Rosi Iozzo"},"url":"https:\/\/www.armandotesta.it\/it\/author\/riozzo\/"}]}},"_links":{"self":[{"href":"https:\/\/www.armandotesta.it\/it\/wp-json\/wp\/v2\/posts\/27462","targetHints":{"allow":["GET"]}}],"collection":[{"href":"https:\/\/www.armandotesta.it\/it\/wp-json\/wp\/v2\/posts"}],"about":[{"href":"https:\/\/www.armandotesta.it\/it\/wp-json\/wp\/v2\/types\/post"}],"author":[{"embeddable":true,"href":"https:\/\/www.armandotesta.it\/it\/wp-json\/wp\/v2\/users\/6"}],"replies":[{"embeddable":true,"href":"https:\/\/www.armandotesta.it\/it\/wp-json\/wp\/v2\/comments?post=27462"}],"version-history":[{"count":1,"href":"https:\/\/www.armandotesta.it\/it\/wp-json\/wp\/v2\/posts\/27462\/revisions"}],"predecessor-version":[{"id":27469,"href":"https:\/\/www.armandotesta.it\/it\/wp-json\/wp\/v2\/posts\/27462\/revisions\/27469"}],"wp:featuredmedia":[{"embeddable":true,"href":"https:\/\/www.armandotesta.it\/it\/wp-json\/wp\/v2\/media\/27463"}],"wp:attachment":[{"href":"https:\/\/www.armandotesta.it\/it\/wp-json\/wp\/v2\/media?parent=27462"}],"wp:term":[{"taxonomy":"category","embeddable":true,"href":"https:\/\/www.armandotesta.it\/it\/wp-json\/wp\/v2\/categories?post=27462"},{"taxonomy":"post_tag","embeddable":true,"href":"https:\/\/www.armandotesta.it\/it\/wp-json\/wp\/v2\/tags?post=27462"}],"curies":[{"name":"wp","href":"https:\/\/api.w.org\/{rel}","templated":true}]}}