{"id":26398,"date":"2024-05-28T16:13:00","date_gmt":"2024-05-28T14:13:00","guid":{"rendered":"https:\/\/www.armandotesta.it\/?p=26398"},"modified":"2024-07-08T16:15:39","modified_gmt":"2024-07-08T14:15:39","slug":"riso-gallo-e-armando-testa-di-nuovo-insieme-per-bonta-pronte-ed-e-subito-amore","status":"publish","type":"post","link":"https:\/\/www.armandotesta.it\/it\/riso-gallo-e-armando-testa-di-nuovo-insieme-per-bonta-pronte-ed-e-subito-amore\/","title":{"rendered":"Riso Gallo e Armando Testa di nuovo insieme per Bont\u00e0 Pronte. Ed \u00e8 subito amore!"},"content":{"rendered":"\n<p>Le Bont\u00e0 Pronte di Riso Gallo sono tornate a comunicare in televisione, con un nuovo flight dello spot gi\u00e0 andato on air in precedenza.<\/p>\n\n\n\n<p>Per la prima volta le Bont\u00e0 Pronte Riso Gallo saranno presenti anche in affissione, con una nuova campagna firmata Armando Testa e pianificata strategicamente in prossimit\u00e0 di selezionati punti vendita Esselunga a Torino e Firenze.<\/p>\n\n\n\n<p>A potenziamento delle campagne tv e ooh, il flight sar\u00e0 supportato da una campagna display.<\/p>\n\n\n\n<p>Protagonista delle creativit\u00e0 \u00e8, ancora una volta, l\u2019istrionico gallo che, se in Tv seduce l\u2019audience con la simpatia e la musicalit\u00e0 del suo \u201ccanto\u201d, nei due soggetti affissione veste i panni dell\u2019appassionato della cucina che ha appena avuto un colpo di fulmine per le Bont\u00e0 Pronte, e di un artista dei fornelli che si sente in vena di creare capolavori.&nbsp;<\/p>\n\n\n\n<p>Del resto, amore ed ispirazione sono i due sentimenti pi\u00f9 facili da provare quando si assaggiano le Bont\u00e0 Pronte Riso Gallo, perfette per dare sfogo alla creativit\u00e0 perch\u00e9 preparate con risi selezionati e ingredienti di alta qualit\u00e0, ottime come base da arricchire a piacere.<\/p>\n\n\n\n<p>La pianificazione \u00e8 a cura di Media Italia.<\/p>\n\n\n\n<p>Credits:<\/p>\n\n\n\n<p>Direzione Creativa Esecutiva: Michele Mariani&nbsp;<\/p>\n\n\n\n<p>Team creativo: Dario D\u2019Angelo, Daniele Bona, Clara Vincelli<\/p>\n\n\n\n<p>Motion Designer: Fabio Semeraro<\/p>\n\n\n\n<p>Direzione Clienti: Gina Graci<\/p>\n\n\n\n<p>Team Account: Federica Cartocci<\/p>\n\n\n\n<p>Casa di produzione: Armando Testa Studios<\/p>\n\n\n\n<p>Animazione Gallo: H7-25 Studio<\/p>\n\n\n\n<p>Voce del Gallo: Paolo de Santis\u00a0<\/p>\n\n\n\n<figure class=\"wp-block-image size-full\"><img loading=\"lazy\" decoding=\"async\" width=\"1024\" height=\"503\" src=\"https:\/\/www.armandotesta.it\/wp-content\/uploads\/2024\/07\/Riso-Gallo_affissione_soggetto-Artista-1024x503-1.jpg\" alt=\"\" class=\"wp-image-26401\" srcset=\"https:\/\/www.armandotesta.it\/wp-content\/uploads\/2024\/07\/Riso-Gallo_affissione_soggetto-Artista-1024x503-1.jpg 1024w, https:\/\/www.armandotesta.it\/wp-content\/uploads\/2024\/07\/Riso-Gallo_affissione_soggetto-Artista-1024x503-1-300x147.jpg 300w, https:\/\/www.armandotesta.it\/wp-content\/uploads\/2024\/07\/Riso-Gallo_affissione_soggetto-Artista-1024x503-1-768x377.jpg 768w\" sizes=\"auto, (max-width: 1024px) 100vw, 1024px\" \/><\/figure>\n","protected":false},"excerpt":{"rendered":"<p>Le Bont\u00e0 Pronte di Riso Gallo sono tornate a comunicare in televisione, con un nuovo flight dello spot gi\u00e0 andato on air in precedenza. Per la prima volta le Bont\u00e0 Pronte Riso Gallo saranno presenti anche in affissione, con una nuova campagna firmata Armando Testa e pianificata strategicamente in prossimit\u00e0 di selezionati punti vendita Esselunga [&hellip;]<\/p>\n","protected":false},"author":1,"featured_media":26399,"comment_status":"closed","ping_status":"closed","sticky":false,"template":"","format":"standard","meta":{"_acf_changed":false,"inline_featured_image":false,"footnotes":""},"categories":[3],"tags":[],"class_list":["post-26398","post","type-post","status-publish","format-standard","has-post-thumbnail","hentry","category-non-categorizzato"],"acf":false,"yoast_head":"<!-- This site is optimized with the Yoast SEO plugin v27.5 - https:\/\/yoast.com\/product\/yoast-seo-wordpress\/ -->\n<title>Riso Gallo e Armando Testa di nuovo insieme per Bont\u00e0 Pronte. Ed \u00e8 subito amore! - Armando Testa<\/title>\n<meta name=\"robots\" content=\"index, follow, max-snippet:-1, max-image-preview:large, max-video-preview:-1\" \/>\n<link rel=\"canonical\" href=\"https:\/\/www.armandotesta.it\/it\/riso-gallo-e-armando-testa-di-nuovo-insieme-per-bonta-pronte-ed-e-subito-amore\/\" \/>\n<meta property=\"og:locale\" content=\"it_IT\" \/>\n<meta property=\"og:type\" content=\"article\" \/>\n<meta property=\"og:title\" content=\"Riso Gallo e Armando Testa di nuovo insieme per Bont\u00e0 Pronte. Ed \u00e8 subito amore! - Armando Testa\" \/>\n<meta property=\"og:description\" content=\"Le Bont\u00e0 Pronte di Riso Gallo sono tornate a comunicare in televisione, con un nuovo flight dello spot gi\u00e0 andato on air in precedenza. Per la prima volta le Bont\u00e0 Pronte Riso Gallo saranno presenti anche in affissione, con una nuova campagna firmata Armando Testa e pianificata strategicamente in prossimit\u00e0 di selezionati punti vendita Esselunga [&hellip;]\" \/>\n<meta property=\"og:url\" content=\"https:\/\/www.armandotesta.it\/it\/riso-gallo-e-armando-testa-di-nuovo-insieme-per-bonta-pronte-ed-e-subito-amore\/\" \/>\n<meta property=\"og:site_name\" content=\"Armando Testa\" \/>\n<meta property=\"article:published_time\" content=\"2024-05-28T14:13:00+00:00\" \/>\n<meta property=\"article:modified_time\" content=\"2024-07-08T14:15:39+00:00\" \/>\n<meta property=\"og:image\" content=\"https:\/\/www.armandotesta.it\/wp-content\/uploads\/2024\/07\/Riso-Gallo_affissione_soggetto-Innamorato.jpg\" \/>\n\t<meta property=\"og:image:width\" content=\"1920\" \/>\n\t<meta property=\"og:image:height\" content=\"950\" \/>\n\t<meta property=\"og:image:type\" content=\"image\/jpeg\" \/>\n<meta name=\"author\" content=\"admAT\" \/>\n<meta name=\"twitter:card\" content=\"summary_large_image\" \/>\n<meta name=\"twitter:label1\" content=\"Scritto da\" \/>\n\t<meta name=\"twitter:data1\" content=\"admAT\" \/>\n\t<meta name=\"twitter:label2\" content=\"Tempo di lettura stimato\" \/>\n\t<meta name=\"twitter:data2\" content=\"2 minuti\" \/>\n<script type=\"application\/ld+json\" class=\"yoast-schema-graph\">{\"@context\":\"https:\\\/\\\/schema.org\",\"@graph\":[{\"@type\":\"Article\",\"@id\":\"https:\\\/\\\/www.armandotesta.it\\\/it\\\/riso-gallo-e-armando-testa-di-nuovo-insieme-per-bonta-pronte-ed-e-subito-amore\\\/#article\",\"isPartOf\":{\"@id\":\"https:\\\/\\\/www.armandotesta.it\\\/it\\\/riso-gallo-e-armando-testa-di-nuovo-insieme-per-bonta-pronte-ed-e-subito-amore\\\/\"},\"author\":{\"name\":\"admAT\",\"@id\":\"https:\\\/\\\/www.armandotesta.it\\\/it\\\/#\\\/schema\\\/person\\\/46d1d2d167e5f7b857761f0d5183a848\"},\"headline\":\"Riso Gallo e Armando Testa di nuovo insieme per Bont\u00e0 Pronte. Ed \u00e8 subito amore!\",\"datePublished\":\"2024-05-28T14:13:00+00:00\",\"dateModified\":\"2024-07-08T14:15:39+00:00\",\"mainEntityOfPage\":{\"@id\":\"https:\\\/\\\/www.armandotesta.it\\\/it\\\/riso-gallo-e-armando-testa-di-nuovo-insieme-per-bonta-pronte-ed-e-subito-amore\\\/\"},\"wordCount\":247,\"publisher\":{\"@id\":\"https:\\\/\\\/www.armandotesta.it\\\/it\\\/#organization\"},\"image\":{\"@id\":\"https:\\\/\\\/www.armandotesta.it\\\/it\\\/riso-gallo-e-armando-testa-di-nuovo-insieme-per-bonta-pronte-ed-e-subito-amore\\\/#primaryimage\"},\"thumbnailUrl\":\"https:\\\/\\\/www.armandotesta.it\\\/wp-content\\\/uploads\\\/2024\\\/07\\\/Riso-Gallo_affissione_soggetto-Innamorato.jpg\",\"articleSection\":[\"Non categorizzato\"],\"inLanguage\":\"it-IT\"},{\"@type\":\"WebPage\",\"@id\":\"https:\\\/\\\/www.armandotesta.it\\\/it\\\/riso-gallo-e-armando-testa-di-nuovo-insieme-per-bonta-pronte-ed-e-subito-amore\\\/\",\"url\":\"https:\\\/\\\/www.armandotesta.it\\\/it\\\/riso-gallo-e-armando-testa-di-nuovo-insieme-per-bonta-pronte-ed-e-subito-amore\\\/\",\"name\":\"Riso Gallo e Armando Testa di nuovo insieme per Bont\u00e0 Pronte. Ed \u00e8 subito amore! - Armando Testa\",\"isPartOf\":{\"@id\":\"https:\\\/\\\/www.armandotesta.it\\\/it\\\/#website\"},\"primaryImageOfPage\":{\"@id\":\"https:\\\/\\\/www.armandotesta.it\\\/it\\\/riso-gallo-e-armando-testa-di-nuovo-insieme-per-bonta-pronte-ed-e-subito-amore\\\/#primaryimage\"},\"image\":{\"@id\":\"https:\\\/\\\/www.armandotesta.it\\\/it\\\/riso-gallo-e-armando-testa-di-nuovo-insieme-per-bonta-pronte-ed-e-subito-amore\\\/#primaryimage\"},\"thumbnailUrl\":\"https:\\\/\\\/www.armandotesta.it\\\/wp-content\\\/uploads\\\/2024\\\/07\\\/Riso-Gallo_affissione_soggetto-Innamorato.jpg\",\"datePublished\":\"2024-05-28T14:13:00+00:00\",\"dateModified\":\"2024-07-08T14:15:39+00:00\",\"breadcrumb\":{\"@id\":\"https:\\\/\\\/www.armandotesta.it\\\/it\\\/riso-gallo-e-armando-testa-di-nuovo-insieme-per-bonta-pronte-ed-e-subito-amore\\\/#breadcrumb\"},\"inLanguage\":\"it-IT\",\"potentialAction\":[{\"@type\":\"ReadAction\",\"target\":[\"https:\\\/\\\/www.armandotesta.it\\\/it\\\/riso-gallo-e-armando-testa-di-nuovo-insieme-per-bonta-pronte-ed-e-subito-amore\\\/\"]}]},{\"@type\":\"ImageObject\",\"inLanguage\":\"it-IT\",\"@id\":\"https:\\\/\\\/www.armandotesta.it\\\/it\\\/riso-gallo-e-armando-testa-di-nuovo-insieme-per-bonta-pronte-ed-e-subito-amore\\\/#primaryimage\",\"url\":\"https:\\\/\\\/www.armandotesta.it\\\/wp-content\\\/uploads\\\/2024\\\/07\\\/Riso-Gallo_affissione_soggetto-Innamorato.jpg\",\"contentUrl\":\"https:\\\/\\\/www.armandotesta.it\\\/wp-content\\\/uploads\\\/2024\\\/07\\\/Riso-Gallo_affissione_soggetto-Innamorato.jpg\",\"width\":1920,\"height\":950},{\"@type\":\"BreadcrumbList\",\"@id\":\"https:\\\/\\\/www.armandotesta.it\\\/it\\\/riso-gallo-e-armando-testa-di-nuovo-insieme-per-bonta-pronte-ed-e-subito-amore\\\/#breadcrumb\",\"itemListElement\":[{\"@type\":\"ListItem\",\"position\":1,\"name\":\"Home\",\"item\":\"https:\\\/\\\/www.armandotesta.it\\\/it\\\/\"},{\"@type\":\"ListItem\",\"position\":2,\"name\":\"Riso Gallo e Armando Testa di nuovo insieme per Bont\u00e0 Pronte. Ed \u00e8 subito amore!\"}]},{\"@type\":\"WebSite\",\"@id\":\"https:\\\/\\\/www.armandotesta.it\\\/it\\\/#website\",\"url\":\"https:\\\/\\\/www.armandotesta.it\\\/it\\\/\",\"name\":\"Armando Testa\",\"description\":\"\",\"publisher\":{\"@id\":\"https:\\\/\\\/www.armandotesta.it\\\/it\\\/#organization\"},\"potentialAction\":[{\"@type\":\"SearchAction\",\"target\":{\"@type\":\"EntryPoint\",\"urlTemplate\":\"https:\\\/\\\/www.armandotesta.it\\\/it\\\/?s={search_term_string}\"},\"query-input\":{\"@type\":\"PropertyValueSpecification\",\"valueRequired\":true,\"valueName\":\"search_term_string\"}}],\"inLanguage\":\"it-IT\"},{\"@type\":\"Organization\",\"@id\":\"https:\\\/\\\/www.armandotesta.it\\\/it\\\/#organization\",\"name\":\"Armando Testa\",\"url\":\"https:\\\/\\\/www.armandotesta.it\\\/it\\\/\",\"logo\":{\"@type\":\"ImageObject\",\"inLanguage\":\"it-IT\",\"@id\":\"https:\\\/\\\/www.armandotesta.it\\\/it\\\/#\\\/schema\\\/logo\\\/image\\\/\",\"url\":\"https:\\\/\\\/www.armandotesta.it\\\/wp-content\\\/uploads\\\/2024\\\/01\\\/logo-at.png\",\"contentUrl\":\"https:\\\/\\\/www.armandotesta.it\\\/wp-content\\\/uploads\\\/2024\\\/01\\\/logo-at.png\",\"width\":200,\"height\":200,\"caption\":\"Armando Testa\"},\"image\":{\"@id\":\"https:\\\/\\\/www.armandotesta.it\\\/it\\\/#\\\/schema\\\/logo\\\/image\\\/\"}},{\"@type\":\"Person\",\"@id\":\"https:\\\/\\\/www.armandotesta.it\\\/it\\\/#\\\/schema\\\/person\\\/46d1d2d167e5f7b857761f0d5183a848\",\"name\":\"admAT\",\"image\":{\"@type\":\"ImageObject\",\"inLanguage\":\"it-IT\",\"@id\":\"https:\\\/\\\/secure.gravatar.com\\\/avatar\\\/9772e708d87105ee06ea2e627102fade92688c33bb2e0083a7a18b56280f7239?s=96&d=mm&r=g\",\"url\":\"https:\\\/\\\/secure.gravatar.com\\\/avatar\\\/9772e708d87105ee06ea2e627102fade92688c33bb2e0083a7a18b56280f7239?s=96&d=mm&r=g\",\"contentUrl\":\"https:\\\/\\\/secure.gravatar.com\\\/avatar\\\/9772e708d87105ee06ea2e627102fade92688c33bb2e0083a7a18b56280f7239?s=96&d=mm&r=g\",\"caption\":\"admAT\"},\"sameAs\":[\"https:\\\/\\\/www.armandotesta.it\"],\"url\":\"https:\\\/\\\/www.armandotesta.it\\\/it\\\/author\\\/admat\\\/\"}]}<\/script>\n<!-- \/ Yoast SEO plugin. -->","yoast_head_json":{"title":"Riso Gallo e Armando Testa di nuovo insieme per Bont\u00e0 Pronte. Ed \u00e8 subito amore! - Armando Testa","robots":{"index":"index","follow":"follow","max-snippet":"max-snippet:-1","max-image-preview":"max-image-preview:large","max-video-preview":"max-video-preview:-1"},"canonical":"https:\/\/www.armandotesta.it\/it\/riso-gallo-e-armando-testa-di-nuovo-insieme-per-bonta-pronte-ed-e-subito-amore\/","og_locale":"it_IT","og_type":"article","og_title":"Riso Gallo e Armando Testa di nuovo insieme per Bont\u00e0 Pronte. Ed \u00e8 subito amore! - Armando Testa","og_description":"Le Bont\u00e0 Pronte di Riso Gallo sono tornate a comunicare in televisione, con un nuovo flight dello spot gi\u00e0 andato on air in precedenza. Per la prima volta le Bont\u00e0 Pronte Riso Gallo saranno presenti anche in affissione, con una nuova campagna firmata Armando Testa e pianificata strategicamente in prossimit\u00e0 di selezionati punti vendita Esselunga [&hellip;]","og_url":"https:\/\/www.armandotesta.it\/it\/riso-gallo-e-armando-testa-di-nuovo-insieme-per-bonta-pronte-ed-e-subito-amore\/","og_site_name":"Armando Testa","article_published_time":"2024-05-28T14:13:00+00:00","article_modified_time":"2024-07-08T14:15:39+00:00","og_image":[{"width":1920,"height":950,"url":"https:\/\/www.armandotesta.it\/wp-content\/uploads\/2024\/07\/Riso-Gallo_affissione_soggetto-Innamorato.jpg","type":"image\/jpeg"}],"author":"admAT","twitter_card":"summary_large_image","twitter_misc":{"Scritto da":"admAT","Tempo di lettura stimato":"2 minuti"},"schema":{"@context":"https:\/\/schema.org","@graph":[{"@type":"Article","@id":"https:\/\/www.armandotesta.it\/it\/riso-gallo-e-armando-testa-di-nuovo-insieme-per-bonta-pronte-ed-e-subito-amore\/#article","isPartOf":{"@id":"https:\/\/www.armandotesta.it\/it\/riso-gallo-e-armando-testa-di-nuovo-insieme-per-bonta-pronte-ed-e-subito-amore\/"},"author":{"name":"admAT","@id":"https:\/\/www.armandotesta.it\/it\/#\/schema\/person\/46d1d2d167e5f7b857761f0d5183a848"},"headline":"Riso Gallo e Armando Testa di nuovo insieme per Bont\u00e0 Pronte. Ed \u00e8 subito amore!","datePublished":"2024-05-28T14:13:00+00:00","dateModified":"2024-07-08T14:15:39+00:00","mainEntityOfPage":{"@id":"https:\/\/www.armandotesta.it\/it\/riso-gallo-e-armando-testa-di-nuovo-insieme-per-bonta-pronte-ed-e-subito-amore\/"},"wordCount":247,"publisher":{"@id":"https:\/\/www.armandotesta.it\/it\/#organization"},"image":{"@id":"https:\/\/www.armandotesta.it\/it\/riso-gallo-e-armando-testa-di-nuovo-insieme-per-bonta-pronte-ed-e-subito-amore\/#primaryimage"},"thumbnailUrl":"https:\/\/www.armandotesta.it\/wp-content\/uploads\/2024\/07\/Riso-Gallo_affissione_soggetto-Innamorato.jpg","articleSection":["Non categorizzato"],"inLanguage":"it-IT"},{"@type":"WebPage","@id":"https:\/\/www.armandotesta.it\/it\/riso-gallo-e-armando-testa-di-nuovo-insieme-per-bonta-pronte-ed-e-subito-amore\/","url":"https:\/\/www.armandotesta.it\/it\/riso-gallo-e-armando-testa-di-nuovo-insieme-per-bonta-pronte-ed-e-subito-amore\/","name":"Riso Gallo e Armando Testa di nuovo insieme per Bont\u00e0 Pronte. Ed \u00e8 subito amore! - Armando Testa","isPartOf":{"@id":"https:\/\/www.armandotesta.it\/it\/#website"},"primaryImageOfPage":{"@id":"https:\/\/www.armandotesta.it\/it\/riso-gallo-e-armando-testa-di-nuovo-insieme-per-bonta-pronte-ed-e-subito-amore\/#primaryimage"},"image":{"@id":"https:\/\/www.armandotesta.it\/it\/riso-gallo-e-armando-testa-di-nuovo-insieme-per-bonta-pronte-ed-e-subito-amore\/#primaryimage"},"thumbnailUrl":"https:\/\/www.armandotesta.it\/wp-content\/uploads\/2024\/07\/Riso-Gallo_affissione_soggetto-Innamorato.jpg","datePublished":"2024-05-28T14:13:00+00:00","dateModified":"2024-07-08T14:15:39+00:00","breadcrumb":{"@id":"https:\/\/www.armandotesta.it\/it\/riso-gallo-e-armando-testa-di-nuovo-insieme-per-bonta-pronte-ed-e-subito-amore\/#breadcrumb"},"inLanguage":"it-IT","potentialAction":[{"@type":"ReadAction","target":["https:\/\/www.armandotesta.it\/it\/riso-gallo-e-armando-testa-di-nuovo-insieme-per-bonta-pronte-ed-e-subito-amore\/"]}]},{"@type":"ImageObject","inLanguage":"it-IT","@id":"https:\/\/www.armandotesta.it\/it\/riso-gallo-e-armando-testa-di-nuovo-insieme-per-bonta-pronte-ed-e-subito-amore\/#primaryimage","url":"https:\/\/www.armandotesta.it\/wp-content\/uploads\/2024\/07\/Riso-Gallo_affissione_soggetto-Innamorato.jpg","contentUrl":"https:\/\/www.armandotesta.it\/wp-content\/uploads\/2024\/07\/Riso-Gallo_affissione_soggetto-Innamorato.jpg","width":1920,"height":950},{"@type":"BreadcrumbList","@id":"https:\/\/www.armandotesta.it\/it\/riso-gallo-e-armando-testa-di-nuovo-insieme-per-bonta-pronte-ed-e-subito-amore\/#breadcrumb","itemListElement":[{"@type":"ListItem","position":1,"name":"Home","item":"https:\/\/www.armandotesta.it\/it\/"},{"@type":"ListItem","position":2,"name":"Riso Gallo e Armando Testa di nuovo insieme per Bont\u00e0 Pronte. Ed \u00e8 subito amore!"}]},{"@type":"WebSite","@id":"https:\/\/www.armandotesta.it\/it\/#website","url":"https:\/\/www.armandotesta.it\/it\/","name":"Armando Testa","description":"","publisher":{"@id":"https:\/\/www.armandotesta.it\/it\/#organization"},"potentialAction":[{"@type":"SearchAction","target":{"@type":"EntryPoint","urlTemplate":"https:\/\/www.armandotesta.it\/it\/?s={search_term_string}"},"query-input":{"@type":"PropertyValueSpecification","valueRequired":true,"valueName":"search_term_string"}}],"inLanguage":"it-IT"},{"@type":"Organization","@id":"https:\/\/www.armandotesta.it\/it\/#organization","name":"Armando Testa","url":"https:\/\/www.armandotesta.it\/it\/","logo":{"@type":"ImageObject","inLanguage":"it-IT","@id":"https:\/\/www.armandotesta.it\/it\/#\/schema\/logo\/image\/","url":"https:\/\/www.armandotesta.it\/wp-content\/uploads\/2024\/01\/logo-at.png","contentUrl":"https:\/\/www.armandotesta.it\/wp-content\/uploads\/2024\/01\/logo-at.png","width":200,"height":200,"caption":"Armando Testa"},"image":{"@id":"https:\/\/www.armandotesta.it\/it\/#\/schema\/logo\/image\/"}},{"@type":"Person","@id":"https:\/\/www.armandotesta.it\/it\/#\/schema\/person\/46d1d2d167e5f7b857761f0d5183a848","name":"admAT","image":{"@type":"ImageObject","inLanguage":"it-IT","@id":"https:\/\/secure.gravatar.com\/avatar\/9772e708d87105ee06ea2e627102fade92688c33bb2e0083a7a18b56280f7239?s=96&d=mm&r=g","url":"https:\/\/secure.gravatar.com\/avatar\/9772e708d87105ee06ea2e627102fade92688c33bb2e0083a7a18b56280f7239?s=96&d=mm&r=g","contentUrl":"https:\/\/secure.gravatar.com\/avatar\/9772e708d87105ee06ea2e627102fade92688c33bb2e0083a7a18b56280f7239?s=96&d=mm&r=g","caption":"admAT"},"sameAs":["https:\/\/www.armandotesta.it"],"url":"https:\/\/www.armandotesta.it\/it\/author\/admat\/"}]}},"_links":{"self":[{"href":"https:\/\/www.armandotesta.it\/it\/wp-json\/wp\/v2\/posts\/26398","targetHints":{"allow":["GET"]}}],"collection":[{"href":"https:\/\/www.armandotesta.it\/it\/wp-json\/wp\/v2\/posts"}],"about":[{"href":"https:\/\/www.armandotesta.it\/it\/wp-json\/wp\/v2\/types\/post"}],"author":[{"embeddable":true,"href":"https:\/\/www.armandotesta.it\/it\/wp-json\/wp\/v2\/users\/1"}],"replies":[{"embeddable":true,"href":"https:\/\/www.armandotesta.it\/it\/wp-json\/wp\/v2\/comments?post=26398"}],"version-history":[{"count":1,"href":"https:\/\/www.armandotesta.it\/it\/wp-json\/wp\/v2\/posts\/26398\/revisions"}],"predecessor-version":[{"id":26403,"href":"https:\/\/www.armandotesta.it\/it\/wp-json\/wp\/v2\/posts\/26398\/revisions\/26403"}],"wp:featuredmedia":[{"embeddable":true,"href":"https:\/\/www.armandotesta.it\/it\/wp-json\/wp\/v2\/media\/26399"}],"wp:attachment":[{"href":"https:\/\/www.armandotesta.it\/it\/wp-json\/wp\/v2\/media?parent=26398"}],"wp:term":[{"taxonomy":"category","embeddable":true,"href":"https:\/\/www.armandotesta.it\/it\/wp-json\/wp\/v2\/categories?post=26398"},{"taxonomy":"post_tag","embeddable":true,"href":"https:\/\/www.armandotesta.it\/it\/wp-json\/wp\/v2\/tags?post=26398"}],"curies":[{"name":"wp","href":"https:\/\/api.w.org\/{rel}","templated":true}]}}