{"id":24905,"date":"2024-02-06T12:14:03","date_gmt":"2024-02-06T11:14:03","guid":{"rendered":"https:\/\/www.armandotesta.it\/lagenzia-777-sara-responsabile-delle-attivita-di-comunicazione-del-marchio-lancia\/"},"modified":"2024-06-04T15:43:30","modified_gmt":"2024-06-04T13:43:30","slug":"lagenzia-777-sara-responsabile-delle-attivita-di-comunicazione-del-marchio-lancia","status":"publish","type":"post","link":"https:\/\/www.armandotesta.it\/it\/lagenzia-777-sara-responsabile-delle-attivita-di-comunicazione-del-marchio-lancia\/","title":{"rendered":"L\u2019agenzia 777 sar\u00e0 responsabile delle attivit\u00e0 di comunicazione del marchio Lancia."},"content":{"rendered":"\n<p>L\u2019agenzia 777 \u00e8 la nuova agenzia di comunicazione creata da Armando Testa ed Herezie, interamente dedicata al gruppo Stellantis.<\/p>\n\n\n\n<p>Le due agenzie indipendenti di maggior successo in Italia e Francia hanno creato una nuova societ\u00e0 modellata attorno agli obiettivi di comunicazione del Gruppo.<br>Il nome 777 non \u00e8 casuale: riflette l&#8217;esatta distanza chilometrica tra i centri urbani di Parigi e Torino. Queste non sono solo le citt\u00e0 dove hanno rispettivamente le sedi Armando Testa ed Herezie: sono luoghi storicamente significativi per molti dei marchi che oggi fanno parte del Gruppo Stellantis.<br>L&#8217;agenzia si occuper\u00e0 della comunicazione integrata del marchio Lancia sul perimetro Europeo su cui il marchio andr\u00e0 ad operare, iniziando con la campagna di lancio della Nuova Ypsilon Edizione Limitata Cassina che sar\u00e0 live il prossimo 14 Febbraio.<\/p>\n\n\n\n<p>Le due agenzie lavorano insieme sin dal lancio del pitch internazionale che mirava a selezionare le agenzie creative per alcuni marchi Stellantis. Armando Testa \u00e8 la pi\u00f9 grande agenzia indipendente in Italia, Herezie \u00e8 l&#8217;agenzia indipendente pi\u00f9 premiata in Francia.<br>Il risultato strategico e creativo di 777 sar\u00e0 co-sviluppato e co-creato dalle due agenzie, in modo continuo e integrato. I due co-amministratori delegati Marco Testa e Andrea Stillacci dichiarano: &#8220;Si tratta di un cambiamento culturale per entrambe le nostre societ\u00e0. 777 si concentra sulla creazione di un potente hub internazionale, immaginato e creato su misura per i campi di gioco strategici e creativi. Il viaggio che abbiamo iniziato con il marchio Lancia \u00e8 a dir poco entusiasmante.&#8221;<\/p>\n\n\n\n<figure class=\"wp-block-image size-large is-resized\"><img loading=\"lazy\" decoding=\"async\" src=\"https:\/\/newsroom.armandotesta.it\/wp-content\/uploads\/2024\/02\/thumbnail_777_-01-768x768.png\" alt=\"\" class=\"wp-image-7014\" width=\"747\" height=\"747\"\/><\/figure>\n\n\n\n<figure class=\"wp-block-image size-large is-resized\"><img loading=\"lazy\" decoding=\"async\" src=\"https:\/\/newsroom.armandotesta.it\/wp-content\/uploads\/2024\/02\/thumbnail_Marco_Testa-720x768.jpg\" alt=\"\" class=\"wp-image-7015\" width=\"720\" height=\"768\"\/><\/figure>\n\n\n\n<figure class=\"wp-block-image size-large\"><img decoding=\"async\" src=\"https:\/\/newsroom.armandotesta.it\/wp-content\/uploads\/2024\/02\/thumbnail_Andrea_Stillacci-516x768.jpg\" alt=\"\" class=\"wp-image-7016\"\/><\/figure>\n","protected":false},"excerpt":{"rendered":"<p>L\u2019agenzia 777 \u00e8 la nuova agenzia di comunicazione creata da Armando Testa ed Herezie, interamente dedicata al gruppo Stellantis. Le due agenzie indipendenti di maggior successo in Italia e Francia hanno creato una nuova societ\u00e0 modellata attorno agli obiettivi di comunicazione del Gruppo.Il nome 777 non \u00e8 casuale: riflette l&#8217;esatta distanza chilometrica tra i centri [&hellip;]<\/p>\n","protected":false},"author":1,"featured_media":20788,"comment_status":"closed","ping_status":"closed","sticky":false,"template":"","format":"standard","meta":{"_acf_changed":false,"inline_featured_image":false,"footnotes":""},"categories":[],"tags":[],"class_list":["post-24905","post","type-post","status-publish","format-standard","has-post-thumbnail","hentry"],"acf":false,"yoast_head":"<!-- This site is optimized with the Yoast SEO plugin v26.3 - https:\/\/yoast.com\/wordpress\/plugins\/seo\/ -->\n<title>L\u2019agenzia 777 sar\u00e0 responsabile delle attivit\u00e0 di comunicazione del marchio Lancia. - Armando Testa<\/title>\n<meta name=\"robots\" content=\"index, follow, max-snippet:-1, max-image-preview:large, max-video-preview:-1\" \/>\n<link rel=\"canonical\" href=\"https:\/\/www.armandotesta.it\/it\/lagenzia-777-sara-responsabile-delle-attivita-di-comunicazione-del-marchio-lancia\/\" \/>\n<meta property=\"og:locale\" content=\"it_IT\" \/>\n<meta property=\"og:type\" content=\"article\" \/>\n<meta property=\"og:title\" content=\"L\u2019agenzia 777 sar\u00e0 responsabile delle attivit\u00e0 di comunicazione del marchio Lancia. - Armando Testa\" \/>\n<meta property=\"og:description\" content=\"L\u2019agenzia 777 \u00e8 la nuova agenzia di comunicazione creata da Armando Testa ed Herezie, interamente dedicata al gruppo Stellantis. Le due agenzie indipendenti di maggior successo in Italia e Francia hanno creato una nuova societ\u00e0 modellata attorno agli obiettivi di comunicazione del Gruppo.Il nome 777 non \u00e8 casuale: riflette l&#8217;esatta distanza chilometrica tra i centri [&hellip;]\" \/>\n<meta property=\"og:url\" content=\"https:\/\/www.armandotesta.it\/it\/lagenzia-777-sara-responsabile-delle-attivita-di-comunicazione-del-marchio-lancia\/\" \/>\n<meta property=\"og:site_name\" content=\"Armando Testa\" \/>\n<meta property=\"article:published_time\" content=\"2024-02-06T11:14:03+00:00\" \/>\n<meta property=\"article:modified_time\" content=\"2024-06-04T13:43:30+00:00\" \/>\n<meta property=\"og:image\" content=\"https:\/\/www.armandotesta.it\/wp-content\/uploads\/2024\/06\/thumbnail_777_-01.png\" \/>\n\t<meta property=\"og:image:width\" content=\"1920\" \/>\n\t<meta property=\"og:image:height\" content=\"1920\" \/>\n\t<meta property=\"og:image:type\" content=\"image\/png\" \/>\n<meta name=\"author\" content=\"admAT\" \/>\n<meta name=\"twitter:card\" content=\"summary_large_image\" \/>\n<meta name=\"twitter:label1\" content=\"Scritto da\" \/>\n\t<meta name=\"twitter:data1\" content=\"admAT\" \/>\n\t<meta name=\"twitter:label2\" content=\"Tempo di lettura stimato\" \/>\n\t<meta name=\"twitter:data2\" content=\"1 minuto\" \/>\n<script type=\"application\/ld+json\" class=\"yoast-schema-graph\">{\"@context\":\"https:\/\/schema.org\",\"@graph\":[{\"@type\":\"Article\",\"@id\":\"https:\/\/www.armandotesta.it\/it\/lagenzia-777-sara-responsabile-delle-attivita-di-comunicazione-del-marchio-lancia\/#article\",\"isPartOf\":{\"@id\":\"https:\/\/www.armandotesta.it\/it\/lagenzia-777-sara-responsabile-delle-attivita-di-comunicazione-del-marchio-lancia\/\"},\"author\":{\"name\":\"admAT\",\"@id\":\"https:\/\/www.armandotesta.it\/it\/#\/schema\/person\/46d1d2d167e5f7b857761f0d5183a848\"},\"headline\":\"L\u2019agenzia 777 sar\u00e0 responsabile delle attivit\u00e0 di comunicazione del marchio Lancia.\",\"datePublished\":\"2024-02-06T11:14:03+00:00\",\"dateModified\":\"2024-06-04T13:43:30+00:00\",\"mainEntityOfPage\":{\"@id\":\"https:\/\/www.armandotesta.it\/it\/lagenzia-777-sara-responsabile-delle-attivita-di-comunicazione-del-marchio-lancia\/\"},\"wordCount\":251,\"publisher\":{\"@id\":\"https:\/\/www.armandotesta.it\/it\/#organization\"},\"image\":{\"@id\":\"https:\/\/www.armandotesta.it\/it\/lagenzia-777-sara-responsabile-delle-attivita-di-comunicazione-del-marchio-lancia\/#primaryimage\"},\"thumbnailUrl\":\"https:\/\/www.armandotesta.it\/wp-content\/uploads\/2024\/06\/thumbnail_777_-01.png\",\"inLanguage\":\"it-IT\"},{\"@type\":\"WebPage\",\"@id\":\"https:\/\/www.armandotesta.it\/it\/lagenzia-777-sara-responsabile-delle-attivita-di-comunicazione-del-marchio-lancia\/\",\"url\":\"https:\/\/www.armandotesta.it\/it\/lagenzia-777-sara-responsabile-delle-attivita-di-comunicazione-del-marchio-lancia\/\",\"name\":\"L\u2019agenzia 777 sar\u00e0 responsabile delle attivit\u00e0 di comunicazione del marchio Lancia. - Armando Testa\",\"isPartOf\":{\"@id\":\"https:\/\/www.armandotesta.it\/it\/#website\"},\"primaryImageOfPage\":{\"@id\":\"https:\/\/www.armandotesta.it\/it\/lagenzia-777-sara-responsabile-delle-attivita-di-comunicazione-del-marchio-lancia\/#primaryimage\"},\"image\":{\"@id\":\"https:\/\/www.armandotesta.it\/it\/lagenzia-777-sara-responsabile-delle-attivita-di-comunicazione-del-marchio-lancia\/#primaryimage\"},\"thumbnailUrl\":\"https:\/\/www.armandotesta.it\/wp-content\/uploads\/2024\/06\/thumbnail_777_-01.png\",\"datePublished\":\"2024-02-06T11:14:03+00:00\",\"dateModified\":\"2024-06-04T13:43:30+00:00\",\"breadcrumb\":{\"@id\":\"https:\/\/www.armandotesta.it\/it\/lagenzia-777-sara-responsabile-delle-attivita-di-comunicazione-del-marchio-lancia\/#breadcrumb\"},\"inLanguage\":\"it-IT\",\"potentialAction\":[{\"@type\":\"ReadAction\",\"target\":[\"https:\/\/www.armandotesta.it\/it\/lagenzia-777-sara-responsabile-delle-attivita-di-comunicazione-del-marchio-lancia\/\"]}]},{\"@type\":\"ImageObject\",\"inLanguage\":\"it-IT\",\"@id\":\"https:\/\/www.armandotesta.it\/it\/lagenzia-777-sara-responsabile-delle-attivita-di-comunicazione-del-marchio-lancia\/#primaryimage\",\"url\":\"https:\/\/www.armandotesta.it\/wp-content\/uploads\/2024\/06\/thumbnail_777_-01.png\",\"contentUrl\":\"https:\/\/www.armandotesta.it\/wp-content\/uploads\/2024\/06\/thumbnail_777_-01.png\",\"width\":1920,\"height\":1920},{\"@type\":\"BreadcrumbList\",\"@id\":\"https:\/\/www.armandotesta.it\/it\/lagenzia-777-sara-responsabile-delle-attivita-di-comunicazione-del-marchio-lancia\/#breadcrumb\",\"itemListElement\":[{\"@type\":\"ListItem\",\"position\":1,\"name\":\"Home\",\"item\":\"https:\/\/www.armandotesta.it\/it\/\"},{\"@type\":\"ListItem\",\"position\":2,\"name\":\"L\u2019agenzia 777 sar\u00e0 responsabile delle attivit\u00e0 di comunicazione del marchio Lancia.\"}]},{\"@type\":\"WebSite\",\"@id\":\"https:\/\/www.armandotesta.it\/it\/#website\",\"url\":\"https:\/\/www.armandotesta.it\/it\/\",\"name\":\"Armando Testa\",\"description\":\"\",\"publisher\":{\"@id\":\"https:\/\/www.armandotesta.it\/it\/#organization\"},\"potentialAction\":[{\"@type\":\"SearchAction\",\"target\":{\"@type\":\"EntryPoint\",\"urlTemplate\":\"https:\/\/www.armandotesta.it\/it\/?s={search_term_string}\"},\"query-input\":{\"@type\":\"PropertyValueSpecification\",\"valueRequired\":true,\"valueName\":\"search_term_string\"}}],\"inLanguage\":\"it-IT\"},{\"@type\":\"Organization\",\"@id\":\"https:\/\/www.armandotesta.it\/it\/#organization\",\"name\":\"Armando Testa\",\"url\":\"https:\/\/www.armandotesta.it\/it\/\",\"logo\":{\"@type\":\"ImageObject\",\"inLanguage\":\"it-IT\",\"@id\":\"https:\/\/www.armandotesta.it\/it\/#\/schema\/logo\/image\/\",\"url\":\"https:\/\/www.armandotesta.it\/wp-content\/uploads\/2024\/01\/logo-at.png\",\"contentUrl\":\"https:\/\/www.armandotesta.it\/wp-content\/uploads\/2024\/01\/logo-at.png\",\"width\":200,\"height\":200,\"caption\":\"Armando Testa\"},\"image\":{\"@id\":\"https:\/\/www.armandotesta.it\/it\/#\/schema\/logo\/image\/\"}},{\"@type\":\"Person\",\"@id\":\"https:\/\/www.armandotesta.it\/it\/#\/schema\/person\/46d1d2d167e5f7b857761f0d5183a848\",\"name\":\"admAT\",\"image\":{\"@type\":\"ImageObject\",\"inLanguage\":\"it-IT\",\"@id\":\"https:\/\/www.armandotesta.it\/it\/#\/schema\/person\/image\/\",\"url\":\"https:\/\/secure.gravatar.com\/avatar\/9772e708d87105ee06ea2e627102fade92688c33bb2e0083a7a18b56280f7239?s=96&d=mm&r=g\",\"contentUrl\":\"https:\/\/secure.gravatar.com\/avatar\/9772e708d87105ee06ea2e627102fade92688c33bb2e0083a7a18b56280f7239?s=96&d=mm&r=g\",\"caption\":\"admAT\"},\"sameAs\":[\"https:\/\/www.armandotesta.it\"],\"url\":\"https:\/\/www.armandotesta.it\/it\/author\/admat\/\"}]}<\/script>\n<!-- \/ Yoast SEO plugin. -->","yoast_head_json":{"title":"L\u2019agenzia 777 sar\u00e0 responsabile delle attivit\u00e0 di comunicazione del marchio Lancia. - Armando Testa","robots":{"index":"index","follow":"follow","max-snippet":"max-snippet:-1","max-image-preview":"max-image-preview:large","max-video-preview":"max-video-preview:-1"},"canonical":"https:\/\/www.armandotesta.it\/it\/lagenzia-777-sara-responsabile-delle-attivita-di-comunicazione-del-marchio-lancia\/","og_locale":"it_IT","og_type":"article","og_title":"L\u2019agenzia 777 sar\u00e0 responsabile delle attivit\u00e0 di comunicazione del marchio Lancia. - Armando Testa","og_description":"L\u2019agenzia 777 \u00e8 la nuova agenzia di comunicazione creata da Armando Testa ed Herezie, interamente dedicata al gruppo Stellantis. Le due agenzie indipendenti di maggior successo in Italia e Francia hanno creato una nuova societ\u00e0 modellata attorno agli obiettivi di comunicazione del Gruppo.Il nome 777 non \u00e8 casuale: riflette l&#8217;esatta distanza chilometrica tra i centri [&hellip;]","og_url":"https:\/\/www.armandotesta.it\/it\/lagenzia-777-sara-responsabile-delle-attivita-di-comunicazione-del-marchio-lancia\/","og_site_name":"Armando Testa","article_published_time":"2024-02-06T11:14:03+00:00","article_modified_time":"2024-06-04T13:43:30+00:00","og_image":[{"width":1920,"height":1920,"url":"https:\/\/www.armandotesta.it\/wp-content\/uploads\/2024\/06\/thumbnail_777_-01.png","type":"image\/png"}],"author":"admAT","twitter_card":"summary_large_image","twitter_misc":{"Scritto da":"admAT","Tempo di lettura stimato":"1 minuto"},"schema":{"@context":"https:\/\/schema.org","@graph":[{"@type":"Article","@id":"https:\/\/www.armandotesta.it\/it\/lagenzia-777-sara-responsabile-delle-attivita-di-comunicazione-del-marchio-lancia\/#article","isPartOf":{"@id":"https:\/\/www.armandotesta.it\/it\/lagenzia-777-sara-responsabile-delle-attivita-di-comunicazione-del-marchio-lancia\/"},"author":{"name":"admAT","@id":"https:\/\/www.armandotesta.it\/it\/#\/schema\/person\/46d1d2d167e5f7b857761f0d5183a848"},"headline":"L\u2019agenzia 777 sar\u00e0 responsabile delle attivit\u00e0 di comunicazione del marchio Lancia.","datePublished":"2024-02-06T11:14:03+00:00","dateModified":"2024-06-04T13:43:30+00:00","mainEntityOfPage":{"@id":"https:\/\/www.armandotesta.it\/it\/lagenzia-777-sara-responsabile-delle-attivita-di-comunicazione-del-marchio-lancia\/"},"wordCount":251,"publisher":{"@id":"https:\/\/www.armandotesta.it\/it\/#organization"},"image":{"@id":"https:\/\/www.armandotesta.it\/it\/lagenzia-777-sara-responsabile-delle-attivita-di-comunicazione-del-marchio-lancia\/#primaryimage"},"thumbnailUrl":"https:\/\/www.armandotesta.it\/wp-content\/uploads\/2024\/06\/thumbnail_777_-01.png","inLanguage":"it-IT"},{"@type":"WebPage","@id":"https:\/\/www.armandotesta.it\/it\/lagenzia-777-sara-responsabile-delle-attivita-di-comunicazione-del-marchio-lancia\/","url":"https:\/\/www.armandotesta.it\/it\/lagenzia-777-sara-responsabile-delle-attivita-di-comunicazione-del-marchio-lancia\/","name":"L\u2019agenzia 777 sar\u00e0 responsabile delle attivit\u00e0 di comunicazione del marchio Lancia. - Armando Testa","isPartOf":{"@id":"https:\/\/www.armandotesta.it\/it\/#website"},"primaryImageOfPage":{"@id":"https:\/\/www.armandotesta.it\/it\/lagenzia-777-sara-responsabile-delle-attivita-di-comunicazione-del-marchio-lancia\/#primaryimage"},"image":{"@id":"https:\/\/www.armandotesta.it\/it\/lagenzia-777-sara-responsabile-delle-attivita-di-comunicazione-del-marchio-lancia\/#primaryimage"},"thumbnailUrl":"https:\/\/www.armandotesta.it\/wp-content\/uploads\/2024\/06\/thumbnail_777_-01.png","datePublished":"2024-02-06T11:14:03+00:00","dateModified":"2024-06-04T13:43:30+00:00","breadcrumb":{"@id":"https:\/\/www.armandotesta.it\/it\/lagenzia-777-sara-responsabile-delle-attivita-di-comunicazione-del-marchio-lancia\/#breadcrumb"},"inLanguage":"it-IT","potentialAction":[{"@type":"ReadAction","target":["https:\/\/www.armandotesta.it\/it\/lagenzia-777-sara-responsabile-delle-attivita-di-comunicazione-del-marchio-lancia\/"]}]},{"@type":"ImageObject","inLanguage":"it-IT","@id":"https:\/\/www.armandotesta.it\/it\/lagenzia-777-sara-responsabile-delle-attivita-di-comunicazione-del-marchio-lancia\/#primaryimage","url":"https:\/\/www.armandotesta.it\/wp-content\/uploads\/2024\/06\/thumbnail_777_-01.png","contentUrl":"https:\/\/www.armandotesta.it\/wp-content\/uploads\/2024\/06\/thumbnail_777_-01.png","width":1920,"height":1920},{"@type":"BreadcrumbList","@id":"https:\/\/www.armandotesta.it\/it\/lagenzia-777-sara-responsabile-delle-attivita-di-comunicazione-del-marchio-lancia\/#breadcrumb","itemListElement":[{"@type":"ListItem","position":1,"name":"Home","item":"https:\/\/www.armandotesta.it\/it\/"},{"@type":"ListItem","position":2,"name":"L\u2019agenzia 777 sar\u00e0 responsabile delle attivit\u00e0 di comunicazione del marchio Lancia."}]},{"@type":"WebSite","@id":"https:\/\/www.armandotesta.it\/it\/#website","url":"https:\/\/www.armandotesta.it\/it\/","name":"Armando Testa","description":"","publisher":{"@id":"https:\/\/www.armandotesta.it\/it\/#organization"},"potentialAction":[{"@type":"SearchAction","target":{"@type":"EntryPoint","urlTemplate":"https:\/\/www.armandotesta.it\/it\/?s={search_term_string}"},"query-input":{"@type":"PropertyValueSpecification","valueRequired":true,"valueName":"search_term_string"}}],"inLanguage":"it-IT"},{"@type":"Organization","@id":"https:\/\/www.armandotesta.it\/it\/#organization","name":"Armando Testa","url":"https:\/\/www.armandotesta.it\/it\/","logo":{"@type":"ImageObject","inLanguage":"it-IT","@id":"https:\/\/www.armandotesta.it\/it\/#\/schema\/logo\/image\/","url":"https:\/\/www.armandotesta.it\/wp-content\/uploads\/2024\/01\/logo-at.png","contentUrl":"https:\/\/www.armandotesta.it\/wp-content\/uploads\/2024\/01\/logo-at.png","width":200,"height":200,"caption":"Armando Testa"},"image":{"@id":"https:\/\/www.armandotesta.it\/it\/#\/schema\/logo\/image\/"}},{"@type":"Person","@id":"https:\/\/www.armandotesta.it\/it\/#\/schema\/person\/46d1d2d167e5f7b857761f0d5183a848","name":"admAT","image":{"@type":"ImageObject","inLanguage":"it-IT","@id":"https:\/\/www.armandotesta.it\/it\/#\/schema\/person\/image\/","url":"https:\/\/secure.gravatar.com\/avatar\/9772e708d87105ee06ea2e627102fade92688c33bb2e0083a7a18b56280f7239?s=96&d=mm&r=g","contentUrl":"https:\/\/secure.gravatar.com\/avatar\/9772e708d87105ee06ea2e627102fade92688c33bb2e0083a7a18b56280f7239?s=96&d=mm&r=g","caption":"admAT"},"sameAs":["https:\/\/www.armandotesta.it"],"url":"https:\/\/www.armandotesta.it\/it\/author\/admat\/"}]}},"_links":{"self":[{"href":"https:\/\/www.armandotesta.it\/it\/wp-json\/wp\/v2\/posts\/24905","targetHints":{"allow":["GET"]}}],"collection":[{"href":"https:\/\/www.armandotesta.it\/it\/wp-json\/wp\/v2\/posts"}],"about":[{"href":"https:\/\/www.armandotesta.it\/it\/wp-json\/wp\/v2\/types\/post"}],"author":[{"embeddable":true,"href":"https:\/\/www.armandotesta.it\/it\/wp-json\/wp\/v2\/users\/1"}],"replies":[{"embeddable":true,"href":"https:\/\/www.armandotesta.it\/it\/wp-json\/wp\/v2\/comments?post=24905"}],"version-history":[{"count":1,"href":"https:\/\/www.armandotesta.it\/it\/wp-json\/wp\/v2\/posts\/24905\/revisions"}],"predecessor-version":[{"id":25833,"href":"https:\/\/www.armandotesta.it\/it\/wp-json\/wp\/v2\/posts\/24905\/revisions\/25833"}],"wp:featuredmedia":[{"embeddable":true,"href":"https:\/\/www.armandotesta.it\/it\/wp-json\/wp\/v2\/media\/20788"}],"wp:attachment":[{"href":"https:\/\/www.armandotesta.it\/it\/wp-json\/wp\/v2\/media?parent=24905"}],"wp:term":[{"taxonomy":"category","embeddable":true,"href":"https:\/\/www.armandotesta.it\/it\/wp-json\/wp\/v2\/categories?post=24905"},{"taxonomy":"post_tag","embeddable":true,"href":"https:\/\/www.armandotesta.it\/it\/wp-json\/wp\/v2\/tags?post=24905"}],"curies":[{"name":"wp","href":"https:\/\/api.w.org\/{rel}","templated":true}]}}