{"id":24900,"date":"2024-01-09T11:59:57","date_gmt":"2024-01-09T10:59:57","guid":{"rendered":"https:\/\/www.armandotesta.it\/mortadella-favola-al-cinema-e-in-tv-per-il-natale-2023-con-armando-testa-torino\/"},"modified":"2024-06-04T15:43:28","modified_gmt":"2024-06-04T13:43:28","slug":"mortadella-favola-al-cinema-e-in-tv-per-il-natale-2023-con-armando-testa-torino","status":"publish","type":"post","link":"https:\/\/www.armandotesta.it\/it\/mortadella-favola-al-cinema-e-in-tv-per-il-natale-2023-con-armando-testa-torino\/","title":{"rendered":"Mortadella Favola al cinema e in tv per il Natale 2023 con Armando Testa Torino."},"content":{"rendered":"\n<p><em>Dal 21 dicembre al 3 gennaio lo spot firmato Armando Testa Torino sar\u00e0 proiettato nei cinema a circuito Rai e dal 24 dicembre al 6 gennaio sui principali canali televisivi&nbsp;<\/em><\/p>\n\n\n\n<p>&nbsp;Dal 21 dicembre al 6 gennaio Mortadella Favola di Salumificio Palmieri, realt\u00e0 tra le pi\u00f9 rilevanti nel panorama dei salumi italiani, sar\u00e0 protagonista nei cinema: la suggestiva campagna pubblicitaria firmata dall\u2019Agenzia Armando Testa Torino per il Salumificio Palmieri, andr\u00e0 in onda nelle sale del circuito cinema Rai Pubblicit\u00e0 anticipando le proiezioni pi\u00f9 attese dell\u2019anno. Lo spot, girato al Teatro Comunale Luciano Pavarotti di Modena, sar\u00e0 ospitato da 155 strutture per un totale di 727 schermi in tutta Italia. Presenza confermata anche in tv sulle reti Mediaset e Rai dal 24 dicembre al 6 gennaio.&nbsp;<\/p>\n\n\n\n<p><em>\u201cSiamo felici di accompagnare gli italiani nel periodo festivo con la nostra comunicazione al cinema e in tv&nbsp;<\/em>\u2013 commenta Francesco Palmieri, amministratore delegato del Salumificio Palmieri.&nbsp;<em>Lo spot, girato nel 2023, rappresenta la sintesi di quei valori che ben raccontano la nostra cultura d\u2019impresa: il legame con il territorio modenese, data l\u2019ambientazione al Pavarotti di Modena, il gusto unico e dirompente del nostro prodotto pi\u00f9 amato, ma anche uno spirito giocoso e conviviale, particolarmente azzeccato a Natale\u201d.&nbsp;<\/em><\/p>\n\n\n\n<p>Sul grande e piccolo schermo, il sipario si apre: un elegante coro di voci in abito scuro mugugna sommessamente l\u2019Inno alla Gioia di Schiller mentre assaggia Mortadella Favola. La sequenza di immagini e melodia evolve rapidamente in un canto sempre pi\u00f9 arioso, forte e intenso, i primi piani dei coristi restituiscono sorrisi e vivaci espressioni di compiacimento. Un salumiere, divertito, affetta il salume nel foyer del teatro, pronto da servire agli speciali commensali. Una narrazione dotata di un tocco di magia, che coniuga rigore e ironia in un connubio diretto ed efficace. In chiusura, il pay-off \u201c<em>MMMortadella Favola: che gioia per il palato!\u201d&nbsp;<\/em>che d\u00e0 il nome anche allo spot. Il Coro \u00e8 quello della Scuola di Musica Carlo e Guglielmo Andreoli di Mirandola, il Direttore d\u2019Orchestra \u00e8 il maestro Mirco Besutti.&nbsp;<\/p>\n\n\n\n<p>La campagna vivr\u00e0 anche sui social proprietari di Mortadella Favola con un social pack dedicato, con tagli dello spot adattati ad hoc e contenuti statici che coprono tutte le fasi, teaser, on air e follow up.<\/p>\n\n\n\n<p>La produzione \u00e8 di Armando Testa Studios con la regia di Simone Rovellini. Pianificazione Media Italia.<\/p>\n\n\n\n<p>CREDITS<\/p>\n\n\n\n<p>Cliente: Salumificio Mec Palmieri<\/p>\n\n\n\n<p>Agenzia: Armando Testa Torino<\/p>\n\n\n\n<p>Direzione Creativa: Andrea Lantelme, Federico Bonenti<\/p>\n\n\n\n<p>Creative Team: Sara Greco, Antonella Raso, Clara Vincelli<\/p>\n\n\n\n<p>Direzione Clienti: Giovanna Far\u00e8<\/p>\n\n\n\n<p>Client Service: Gabriele Nolfo<\/p>\n\n\n\n<p>Social Media Manager: Fabio Cuscun\u00e0, Sara Zavattaro<\/p>\n\n\n\n<p>Motion Designer: Luca Perli<\/p>\n\n\n\n<p>Casa di produzione: Armando Testa Studios<\/p>\n\n\n\n<p>Regia: Simone Rovellini<\/p>\n\n\n\n<figure class=\"wp-block-gallery has-nested-images columns-default is-cropped wp-block-gallery-1 is-layout-flex wp-block-gallery-is-layout-flex\">\n<figure class=\"wp-block-image size-large\"><img decoding=\"async\" data-id=\"6967\" src=\"https:\/\/newsroom.armandotesta.it\/wp-content\/uploads\/2024\/01\/Favola_4-1024x577.png\" alt=\"\" class=\"wp-image-6967\"\/><\/figure>\n<\/figure>\n\n\n\n<figure class=\"wp-block-gallery has-nested-images columns-default is-cropped wp-block-gallery-2 is-layout-flex wp-block-gallery-is-layout-flex\">\n<figure class=\"wp-block-image size-large\"><img decoding=\"async\" data-id=\"6968\" src=\"https:\/\/newsroom.armandotesta.it\/wp-content\/uploads\/2024\/01\/Favola_1-1024x571.png\" alt=\"\" class=\"wp-image-6968\"\/><\/figure>\n<\/figure>\n\n\n\n<figure class=\"wp-block-gallery has-nested-images columns-default is-cropped wp-block-gallery-3 is-layout-flex wp-block-gallery-is-layout-flex\">\n<figure class=\"wp-block-image size-large\"><img decoding=\"async\" data-id=\"6969\" src=\"https:\/\/newsroom.armandotesta.it\/wp-content\/uploads\/2024\/01\/Favola_2-1024x573.png\" alt=\"\" class=\"wp-image-6969\"\/><\/figure>\n<\/figure>\n\n\n\n<figure class=\"wp-block-embed is-type-video is-provider-youtube wp-block-embed-youtube wp-embed-aspect-16-9 wp-has-aspect-ratio\"><div class=\"wp-block-embed__wrapper\">\n<iframe loading=\"lazy\" title=\"MMMortadella Favola - Che gioia per il palato!\" width=\"500\" height=\"281\" src=\"https:\/\/www.youtube.com\/embed\/bF2Atas4jvI?feature=oembed\" frameborder=\"0\" allow=\"accelerometer; autoplay; clipboard-write; encrypted-media; gyroscope; picture-in-picture; web-share\" referrerpolicy=\"strict-origin-when-cross-origin\" allowfullscreen><\/iframe>\n<\/div><\/figure>\n","protected":false},"excerpt":{"rendered":"<p>Dal 21 dicembre al 3 gennaio lo spot firmato Armando Testa Torino sar\u00e0 proiettato nei cinema a circuito Rai e dal 24 dicembre al 6 gennaio sui principali canali televisivi&nbsp; &nbsp;Dal 21 dicembre al 6 gennaio Mortadella Favola di Salumificio Palmieri, realt\u00e0 tra le pi\u00f9 rilevanti nel panorama dei salumi italiani, sar\u00e0 protagonista nei cinema: [&hellip;]<\/p>\n","protected":false},"author":1,"featured_media":20776,"comment_status":"closed","ping_status":"closed","sticky":false,"template":"","format":"standard","meta":{"_acf_changed":false,"inline_featured_image":false,"footnotes":""},"categories":[],"tags":[],"class_list":["post-24900","post","type-post","status-publish","format-standard","has-post-thumbnail","hentry"],"acf":false,"yoast_head":"<!-- This site is optimized with the Yoast SEO plugin v26.3 - https:\/\/yoast.com\/wordpress\/plugins\/seo\/ -->\n<title>Mortadella Favola al cinema e in tv per il Natale 2023 con Armando Testa Torino. - Armando Testa<\/title>\n<meta name=\"robots\" content=\"index, follow, max-snippet:-1, max-image-preview:large, max-video-preview:-1\" \/>\n<link rel=\"canonical\" href=\"https:\/\/www.armandotesta.it\/it\/mortadella-favola-al-cinema-e-in-tv-per-il-natale-2023-con-armando-testa-torino\/\" \/>\n<meta property=\"og:locale\" content=\"it_IT\" \/>\n<meta property=\"og:type\" content=\"article\" \/>\n<meta property=\"og:title\" content=\"Mortadella Favola al cinema e in tv per il Natale 2023 con Armando Testa Torino. - Armando Testa\" \/>\n<meta property=\"og:description\" content=\"Dal 21 dicembre al 3 gennaio lo spot firmato Armando Testa Torino sar\u00e0 proiettato nei cinema a circuito Rai e dal 24 dicembre al 6 gennaio sui principali canali televisivi&nbsp; &nbsp;Dal 21 dicembre al 6 gennaio Mortadella Favola di Salumificio Palmieri, realt\u00e0 tra le pi\u00f9 rilevanti nel panorama dei salumi italiani, sar\u00e0 protagonista nei cinema: [&hellip;]\" \/>\n<meta property=\"og:url\" content=\"https:\/\/www.armandotesta.it\/it\/mortadella-favola-al-cinema-e-in-tv-per-il-natale-2023-con-armando-testa-torino\/\" \/>\n<meta property=\"og:site_name\" content=\"Armando Testa\" \/>\n<meta property=\"article:published_time\" content=\"2024-01-09T10:59:57+00:00\" \/>\n<meta property=\"article:modified_time\" content=\"2024-06-04T13:43:28+00:00\" \/>\n<meta property=\"og:image\" content=\"https:\/\/www.armandotesta.it\/wp-content\/uploads\/2024\/06\/thumbnail_Favola_2.png\" \/>\n\t<meta property=\"og:image:width\" content=\"1920\" \/>\n\t<meta property=\"og:image:height\" content=\"1074\" \/>\n\t<meta property=\"og:image:type\" content=\"image\/png\" \/>\n<meta name=\"author\" content=\"admAT\" \/>\n<meta name=\"twitter:card\" content=\"summary_large_image\" \/>\n<meta name=\"twitter:label1\" content=\"Scritto da\" \/>\n\t<meta name=\"twitter:data1\" content=\"admAT\" \/>\n\t<meta name=\"twitter:label2\" content=\"Tempo di lettura stimato\" \/>\n\t<meta name=\"twitter:data2\" content=\"2 minuti\" \/>\n<script type=\"application\/ld+json\" class=\"yoast-schema-graph\">{\"@context\":\"https:\/\/schema.org\",\"@graph\":[{\"@type\":\"Article\",\"@id\":\"https:\/\/www.armandotesta.it\/it\/mortadella-favola-al-cinema-e-in-tv-per-il-natale-2023-con-armando-testa-torino\/#article\",\"isPartOf\":{\"@id\":\"https:\/\/www.armandotesta.it\/it\/mortadella-favola-al-cinema-e-in-tv-per-il-natale-2023-con-armando-testa-torino\/\"},\"author\":{\"name\":\"admAT\",\"@id\":\"https:\/\/www.armandotesta.it\/it\/#\/schema\/person\/46d1d2d167e5f7b857761f0d5183a848\"},\"headline\":\"Mortadella Favola al cinema e in tv per il Natale 2023 con Armando Testa Torino.\",\"datePublished\":\"2024-01-09T10:59:57+00:00\",\"dateModified\":\"2024-06-04T13:43:28+00:00\",\"mainEntityOfPage\":{\"@id\":\"https:\/\/www.armandotesta.it\/it\/mortadella-favola-al-cinema-e-in-tv-per-il-natale-2023-con-armando-testa-torino\/\"},\"wordCount\":459,\"publisher\":{\"@id\":\"https:\/\/www.armandotesta.it\/it\/#organization\"},\"image\":{\"@id\":\"https:\/\/www.armandotesta.it\/it\/mortadella-favola-al-cinema-e-in-tv-per-il-natale-2023-con-armando-testa-torino\/#primaryimage\"},\"thumbnailUrl\":\"https:\/\/www.armandotesta.it\/wp-content\/uploads\/2024\/06\/thumbnail_Favola_2.png\",\"inLanguage\":\"it-IT\"},{\"@type\":\"WebPage\",\"@id\":\"https:\/\/www.armandotesta.it\/it\/mortadella-favola-al-cinema-e-in-tv-per-il-natale-2023-con-armando-testa-torino\/\",\"url\":\"https:\/\/www.armandotesta.it\/it\/mortadella-favola-al-cinema-e-in-tv-per-il-natale-2023-con-armando-testa-torino\/\",\"name\":\"Mortadella Favola al cinema e in tv per il Natale 2023 con Armando Testa Torino. - Armando Testa\",\"isPartOf\":{\"@id\":\"https:\/\/www.armandotesta.it\/it\/#website\"},\"primaryImageOfPage\":{\"@id\":\"https:\/\/www.armandotesta.it\/it\/mortadella-favola-al-cinema-e-in-tv-per-il-natale-2023-con-armando-testa-torino\/#primaryimage\"},\"image\":{\"@id\":\"https:\/\/www.armandotesta.it\/it\/mortadella-favola-al-cinema-e-in-tv-per-il-natale-2023-con-armando-testa-torino\/#primaryimage\"},\"thumbnailUrl\":\"https:\/\/www.armandotesta.it\/wp-content\/uploads\/2024\/06\/thumbnail_Favola_2.png\",\"datePublished\":\"2024-01-09T10:59:57+00:00\",\"dateModified\":\"2024-06-04T13:43:28+00:00\",\"breadcrumb\":{\"@id\":\"https:\/\/www.armandotesta.it\/it\/mortadella-favola-al-cinema-e-in-tv-per-il-natale-2023-con-armando-testa-torino\/#breadcrumb\"},\"inLanguage\":\"it-IT\",\"potentialAction\":[{\"@type\":\"ReadAction\",\"target\":[\"https:\/\/www.armandotesta.it\/it\/mortadella-favola-al-cinema-e-in-tv-per-il-natale-2023-con-armando-testa-torino\/\"]}]},{\"@type\":\"ImageObject\",\"inLanguage\":\"it-IT\",\"@id\":\"https:\/\/www.armandotesta.it\/it\/mortadella-favola-al-cinema-e-in-tv-per-il-natale-2023-con-armando-testa-torino\/#primaryimage\",\"url\":\"https:\/\/www.armandotesta.it\/wp-content\/uploads\/2024\/06\/thumbnail_Favola_2.png\",\"contentUrl\":\"https:\/\/www.armandotesta.it\/wp-content\/uploads\/2024\/06\/thumbnail_Favola_2.png\",\"width\":1920,\"height\":1074},{\"@type\":\"BreadcrumbList\",\"@id\":\"https:\/\/www.armandotesta.it\/it\/mortadella-favola-al-cinema-e-in-tv-per-il-natale-2023-con-armando-testa-torino\/#breadcrumb\",\"itemListElement\":[{\"@type\":\"ListItem\",\"position\":1,\"name\":\"Home\",\"item\":\"https:\/\/www.armandotesta.it\/it\/\"},{\"@type\":\"ListItem\",\"position\":2,\"name\":\"Mortadella Favola al cinema e in tv per il Natale 2023 con Armando Testa Torino.\"}]},{\"@type\":\"WebSite\",\"@id\":\"https:\/\/www.armandotesta.it\/it\/#website\",\"url\":\"https:\/\/www.armandotesta.it\/it\/\",\"name\":\"Armando Testa\",\"description\":\"\",\"publisher\":{\"@id\":\"https:\/\/www.armandotesta.it\/it\/#organization\"},\"potentialAction\":[{\"@type\":\"SearchAction\",\"target\":{\"@type\":\"EntryPoint\",\"urlTemplate\":\"https:\/\/www.armandotesta.it\/it\/?s={search_term_string}\"},\"query-input\":{\"@type\":\"PropertyValueSpecification\",\"valueRequired\":true,\"valueName\":\"search_term_string\"}}],\"inLanguage\":\"it-IT\"},{\"@type\":\"Organization\",\"@id\":\"https:\/\/www.armandotesta.it\/it\/#organization\",\"name\":\"Armando Testa\",\"url\":\"https:\/\/www.armandotesta.it\/it\/\",\"logo\":{\"@type\":\"ImageObject\",\"inLanguage\":\"it-IT\",\"@id\":\"https:\/\/www.armandotesta.it\/it\/#\/schema\/logo\/image\/\",\"url\":\"https:\/\/www.armandotesta.it\/wp-content\/uploads\/2024\/01\/logo-at.png\",\"contentUrl\":\"https:\/\/www.armandotesta.it\/wp-content\/uploads\/2024\/01\/logo-at.png\",\"width\":200,\"height\":200,\"caption\":\"Armando Testa\"},\"image\":{\"@id\":\"https:\/\/www.armandotesta.it\/it\/#\/schema\/logo\/image\/\"}},{\"@type\":\"Person\",\"@id\":\"https:\/\/www.armandotesta.it\/it\/#\/schema\/person\/46d1d2d167e5f7b857761f0d5183a848\",\"name\":\"admAT\",\"image\":{\"@type\":\"ImageObject\",\"inLanguage\":\"it-IT\",\"@id\":\"https:\/\/www.armandotesta.it\/it\/#\/schema\/person\/image\/\",\"url\":\"https:\/\/secure.gravatar.com\/avatar\/9772e708d87105ee06ea2e627102fade92688c33bb2e0083a7a18b56280f7239?s=96&d=mm&r=g\",\"contentUrl\":\"https:\/\/secure.gravatar.com\/avatar\/9772e708d87105ee06ea2e627102fade92688c33bb2e0083a7a18b56280f7239?s=96&d=mm&r=g\",\"caption\":\"admAT\"},\"sameAs\":[\"https:\/\/www.armandotesta.it\"],\"url\":\"https:\/\/www.armandotesta.it\/it\/author\/admat\/\"}]}<\/script>\n<!-- \/ Yoast SEO plugin. -->","yoast_head_json":{"title":"Mortadella Favola al cinema e in tv per il Natale 2023 con Armando Testa Torino. - Armando Testa","robots":{"index":"index","follow":"follow","max-snippet":"max-snippet:-1","max-image-preview":"max-image-preview:large","max-video-preview":"max-video-preview:-1"},"canonical":"https:\/\/www.armandotesta.it\/it\/mortadella-favola-al-cinema-e-in-tv-per-il-natale-2023-con-armando-testa-torino\/","og_locale":"it_IT","og_type":"article","og_title":"Mortadella Favola al cinema e in tv per il Natale 2023 con Armando Testa Torino. - Armando Testa","og_description":"Dal 21 dicembre al 3 gennaio lo spot firmato Armando Testa Torino sar\u00e0 proiettato nei cinema a circuito Rai e dal 24 dicembre al 6 gennaio sui principali canali televisivi&nbsp; &nbsp;Dal 21 dicembre al 6 gennaio Mortadella Favola di Salumificio Palmieri, realt\u00e0 tra le pi\u00f9 rilevanti nel panorama dei salumi italiani, sar\u00e0 protagonista nei cinema: [&hellip;]","og_url":"https:\/\/www.armandotesta.it\/it\/mortadella-favola-al-cinema-e-in-tv-per-il-natale-2023-con-armando-testa-torino\/","og_site_name":"Armando Testa","article_published_time":"2024-01-09T10:59:57+00:00","article_modified_time":"2024-06-04T13:43:28+00:00","og_image":[{"width":1920,"height":1074,"url":"https:\/\/www.armandotesta.it\/wp-content\/uploads\/2024\/06\/thumbnail_Favola_2.png","type":"image\/png"}],"author":"admAT","twitter_card":"summary_large_image","twitter_misc":{"Scritto da":"admAT","Tempo di lettura stimato":"2 minuti"},"schema":{"@context":"https:\/\/schema.org","@graph":[{"@type":"Article","@id":"https:\/\/www.armandotesta.it\/it\/mortadella-favola-al-cinema-e-in-tv-per-il-natale-2023-con-armando-testa-torino\/#article","isPartOf":{"@id":"https:\/\/www.armandotesta.it\/it\/mortadella-favola-al-cinema-e-in-tv-per-il-natale-2023-con-armando-testa-torino\/"},"author":{"name":"admAT","@id":"https:\/\/www.armandotesta.it\/it\/#\/schema\/person\/46d1d2d167e5f7b857761f0d5183a848"},"headline":"Mortadella Favola al cinema e in tv per il Natale 2023 con Armando Testa Torino.","datePublished":"2024-01-09T10:59:57+00:00","dateModified":"2024-06-04T13:43:28+00:00","mainEntityOfPage":{"@id":"https:\/\/www.armandotesta.it\/it\/mortadella-favola-al-cinema-e-in-tv-per-il-natale-2023-con-armando-testa-torino\/"},"wordCount":459,"publisher":{"@id":"https:\/\/www.armandotesta.it\/it\/#organization"},"image":{"@id":"https:\/\/www.armandotesta.it\/it\/mortadella-favola-al-cinema-e-in-tv-per-il-natale-2023-con-armando-testa-torino\/#primaryimage"},"thumbnailUrl":"https:\/\/www.armandotesta.it\/wp-content\/uploads\/2024\/06\/thumbnail_Favola_2.png","inLanguage":"it-IT"},{"@type":"WebPage","@id":"https:\/\/www.armandotesta.it\/it\/mortadella-favola-al-cinema-e-in-tv-per-il-natale-2023-con-armando-testa-torino\/","url":"https:\/\/www.armandotesta.it\/it\/mortadella-favola-al-cinema-e-in-tv-per-il-natale-2023-con-armando-testa-torino\/","name":"Mortadella Favola al cinema e in tv per il Natale 2023 con Armando Testa Torino. - Armando Testa","isPartOf":{"@id":"https:\/\/www.armandotesta.it\/it\/#website"},"primaryImageOfPage":{"@id":"https:\/\/www.armandotesta.it\/it\/mortadella-favola-al-cinema-e-in-tv-per-il-natale-2023-con-armando-testa-torino\/#primaryimage"},"image":{"@id":"https:\/\/www.armandotesta.it\/it\/mortadella-favola-al-cinema-e-in-tv-per-il-natale-2023-con-armando-testa-torino\/#primaryimage"},"thumbnailUrl":"https:\/\/www.armandotesta.it\/wp-content\/uploads\/2024\/06\/thumbnail_Favola_2.png","datePublished":"2024-01-09T10:59:57+00:00","dateModified":"2024-06-04T13:43:28+00:00","breadcrumb":{"@id":"https:\/\/www.armandotesta.it\/it\/mortadella-favola-al-cinema-e-in-tv-per-il-natale-2023-con-armando-testa-torino\/#breadcrumb"},"inLanguage":"it-IT","potentialAction":[{"@type":"ReadAction","target":["https:\/\/www.armandotesta.it\/it\/mortadella-favola-al-cinema-e-in-tv-per-il-natale-2023-con-armando-testa-torino\/"]}]},{"@type":"ImageObject","inLanguage":"it-IT","@id":"https:\/\/www.armandotesta.it\/it\/mortadella-favola-al-cinema-e-in-tv-per-il-natale-2023-con-armando-testa-torino\/#primaryimage","url":"https:\/\/www.armandotesta.it\/wp-content\/uploads\/2024\/06\/thumbnail_Favola_2.png","contentUrl":"https:\/\/www.armandotesta.it\/wp-content\/uploads\/2024\/06\/thumbnail_Favola_2.png","width":1920,"height":1074},{"@type":"BreadcrumbList","@id":"https:\/\/www.armandotesta.it\/it\/mortadella-favola-al-cinema-e-in-tv-per-il-natale-2023-con-armando-testa-torino\/#breadcrumb","itemListElement":[{"@type":"ListItem","position":1,"name":"Home","item":"https:\/\/www.armandotesta.it\/it\/"},{"@type":"ListItem","position":2,"name":"Mortadella Favola al cinema e in tv per il Natale 2023 con Armando Testa Torino."}]},{"@type":"WebSite","@id":"https:\/\/www.armandotesta.it\/it\/#website","url":"https:\/\/www.armandotesta.it\/it\/","name":"Armando Testa","description":"","publisher":{"@id":"https:\/\/www.armandotesta.it\/it\/#organization"},"potentialAction":[{"@type":"SearchAction","target":{"@type":"EntryPoint","urlTemplate":"https:\/\/www.armandotesta.it\/it\/?s={search_term_string}"},"query-input":{"@type":"PropertyValueSpecification","valueRequired":true,"valueName":"search_term_string"}}],"inLanguage":"it-IT"},{"@type":"Organization","@id":"https:\/\/www.armandotesta.it\/it\/#organization","name":"Armando Testa","url":"https:\/\/www.armandotesta.it\/it\/","logo":{"@type":"ImageObject","inLanguage":"it-IT","@id":"https:\/\/www.armandotesta.it\/it\/#\/schema\/logo\/image\/","url":"https:\/\/www.armandotesta.it\/wp-content\/uploads\/2024\/01\/logo-at.png","contentUrl":"https:\/\/www.armandotesta.it\/wp-content\/uploads\/2024\/01\/logo-at.png","width":200,"height":200,"caption":"Armando Testa"},"image":{"@id":"https:\/\/www.armandotesta.it\/it\/#\/schema\/logo\/image\/"}},{"@type":"Person","@id":"https:\/\/www.armandotesta.it\/it\/#\/schema\/person\/46d1d2d167e5f7b857761f0d5183a848","name":"admAT","image":{"@type":"ImageObject","inLanguage":"it-IT","@id":"https:\/\/www.armandotesta.it\/it\/#\/schema\/person\/image\/","url":"https:\/\/secure.gravatar.com\/avatar\/9772e708d87105ee06ea2e627102fade92688c33bb2e0083a7a18b56280f7239?s=96&d=mm&r=g","contentUrl":"https:\/\/secure.gravatar.com\/avatar\/9772e708d87105ee06ea2e627102fade92688c33bb2e0083a7a18b56280f7239?s=96&d=mm&r=g","caption":"admAT"},"sameAs":["https:\/\/www.armandotesta.it"],"url":"https:\/\/www.armandotesta.it\/it\/author\/admat\/"}]}},"_links":{"self":[{"href":"https:\/\/www.armandotesta.it\/it\/wp-json\/wp\/v2\/posts\/24900","targetHints":{"allow":["GET"]}}],"collection":[{"href":"https:\/\/www.armandotesta.it\/it\/wp-json\/wp\/v2\/posts"}],"about":[{"href":"https:\/\/www.armandotesta.it\/it\/wp-json\/wp\/v2\/types\/post"}],"author":[{"embeddable":true,"href":"https:\/\/www.armandotesta.it\/it\/wp-json\/wp\/v2\/users\/1"}],"replies":[{"embeddable":true,"href":"https:\/\/www.armandotesta.it\/it\/wp-json\/wp\/v2\/comments?post=24900"}],"version-history":[{"count":1,"href":"https:\/\/www.armandotesta.it\/it\/wp-json\/wp\/v2\/posts\/24900\/revisions"}],"predecessor-version":[{"id":25828,"href":"https:\/\/www.armandotesta.it\/it\/wp-json\/wp\/v2\/posts\/24900\/revisions\/25828"}],"wp:featuredmedia":[{"embeddable":true,"href":"https:\/\/www.armandotesta.it\/it\/wp-json\/wp\/v2\/media\/20776"}],"wp:attachment":[{"href":"https:\/\/www.armandotesta.it\/it\/wp-json\/wp\/v2\/media?parent=24900"}],"wp:term":[{"taxonomy":"category","embeddable":true,"href":"https:\/\/www.armandotesta.it\/it\/wp-json\/wp\/v2\/categories?post=24900"},{"taxonomy":"post_tag","embeddable":true,"href":"https:\/\/www.armandotesta.it\/it\/wp-json\/wp\/v2\/tags?post=24900"}],"curies":[{"name":"wp","href":"https:\/\/api.w.org\/{rel}","templated":true}]}}