{"id":24882,"date":"2023-11-14T11:30:40","date_gmt":"2023-11-14T10:30:40","guid":{"rendered":"https:\/\/www.armandotesta.it\/acqua-aalmora-lancia-la-nuova-campagna-di-comunicazione-firmata-armando-testa\/"},"modified":"2024-06-04T15:43:20","modified_gmt":"2024-06-04T13:43:20","slug":"acqua-aalmora-lancia-la-nuova-campagna-di-comunicazione-firmata-armando-testa","status":"publish","type":"post","link":"https:\/\/www.armandotesta.it\/it\/acqua-aalmora-lancia-la-nuova-campagna-di-comunicazione-firmata-armando-testa\/","title":{"rendered":"Acqua Valmora lancia la nuova campagna di comunicazione firmata Armando Testa."},"content":{"rendered":"\n<p>Acqua Valmora sceglie tramite assegnazione diretta l\u2019agenzia Armando Testa per la nuova campagna di comunicazione.&nbsp;<\/p>\n\n\n\n<p>Un parco montano incontaminato, un testimonial speciale e una fonte di acqua pura, questi i tre concetti attorno a cui Valmora ridefinisce il suo posizionamento.&nbsp;<\/p>\n\n\n\n<p>La nuova campagna narra infatti il luogo d\u2019origine di Acqua Valmora: il Parco Montano di Ror\u00e0, certificato PEFC (Programme for Endorsement of Forest Certification schemes), il pi\u00f9 rigoroso sistema di certificazione forestale del mondo.&nbsp;<\/p>\n\n\n\n<p>Lo spot, interamente girato nel parco, ha come protagonista un testimonial speciale: un tenero cerbiatto che ci guida alla scoperta di questo luogo incontaminato. Il cucciolo, con i suoi occhi dolcissimi, rappresenta purezza ed istinto ed \u00e8 proprio quest\u2019ultimo che lo guida verso la fonte. Cos\u00ec come il cerbiatto, per natura, sa riconoscere e scegliere l\u2019acqua pi\u00f9 pura, anche noi, spinti dal nostro istinto, ricerchiamo la purezza che ci fa stare bene.&nbsp;<\/p>\n\n\n\n<p>\u201cLa nostra acqua minimamente mineralizzata \u00e8 un prodotto di alta qualit\u00e0 e con una origine certificata. Questo \u00e8 il focus della nuova campagna pubblicitaria che la creativit\u00e0 di Armando Testa ha saputo valorizzare e interpretare attraverso un testimonial speciale che sicuramente ci conquister\u00e0\u201d, afferma Luca Ruffini, Direttore Generale Damilano Gruppo.&nbsp;<\/p>\n\n\n\n<p>\u201cLa fonte della tua natura\u201d \u00e8 il claim della campagna pubblicitaria che sar\u00e0 on air a partire da domenica 12 novembre sulle principali emittenti Tv, social e canali digital, con formati statici e dinamici.&nbsp;<\/p>\n\n\n\n<p>Per lo sviluppo del character sono state utilizzate tecniche avanzate di motion graphic, in grado di far coesistere la magia e la bellezza del 3D con la natura incontaminata del Parco Montano di Ror\u00e0.&nbsp;<\/p>\n\n\n\n<p>Il piano di amplificazione media prevede inoltre una campagna stampa pianificata sui quotidiani nazionali e testate sportive, oltre a un\u2019operazione di presidio on field per le Nitto ATP Finals di Torino di cui Acqua Valmora \u00e8 Gold Partner.&nbsp;<\/p>\n\n\n\n<p>La produzione \u00e8 stata affidata ad Armando Testa Studios.<\/p>\n\n\n\n<p>Pianificazione Media: Personal Media&nbsp;<\/p>\n\n\n\n<p><strong>CREDITS:<\/strong><\/p>\n\n\n\n<p>Cliente: Acqua Valmora<br>Marketing Manager: Claudia Rosso<br>Agenzia: Armando Testa<br>Direzione creativa: Jacopo Morini, Fabiano Pagliara Creative team: Sarin Demirdjian, Francesca Graziani <\/p>\n\n\n\n<p>Client service: Andrea Cantore<br>CdP: Armando Testa Studios&nbsp;<\/p>\n\n\n\n<figure class=\"wp-block-image size-large is-resized\"><img loading=\"lazy\" decoding=\"async\" src=\"https:\/\/newsroom.armandotesta.it\/wp-content\/uploads\/2023\/11\/Valmora_3-1024x579.jpeg\" alt=\"\" class=\"wp-image-6844\" width=\"840\" height=\"474\"\/><\/figure>\n\n\n\n<figure class=\"wp-block-image size-large\"><img decoding=\"async\" src=\"https:\/\/newsroom.armandotesta.it\/wp-content\/uploads\/2023\/11\/Valmora_2-1024x583.jpeg\" alt=\"\" class=\"wp-image-6843\"\/><\/figure>\n\n\n\n<figure class=\"wp-block-image size-large\"><img decoding=\"async\" src=\"https:\/\/newsroom.armandotesta.it\/wp-content\/uploads\/2023\/11\/Iper-1024x579.jpg\" alt=\"\" class=\"wp-image-6842\"\/><\/figure>\n\n\n\n<figure class=\"wp-block-image size-large\"><img decoding=\"async\" src=\"https:\/\/newsroom.armandotesta.it\/wp-content\/uploads\/2023\/11\/Campagna-stampa-515x768.jpg\" alt=\"\" class=\"wp-image-6841\"\/><\/figure>\n\n\n\n<figure class=\"wp-block-embed is-type-video is-provider-youtube wp-block-embed-youtube wp-embed-aspect-16-9 wp-has-aspect-ratio\"><div class=\"wp-block-embed__wrapper\">\n<iframe loading=\"lazy\" title=\"Valmora Acqua -  Cerbiatto\" width=\"500\" height=\"281\" src=\"https:\/\/www.youtube.com\/embed\/b-JAfyN3e5w?feature=oembed\" frameborder=\"0\" allow=\"accelerometer; autoplay; clipboard-write; encrypted-media; gyroscope; picture-in-picture; web-share\" referrerpolicy=\"strict-origin-when-cross-origin\" allowfullscreen><\/iframe>\n<\/div><\/figure>\n","protected":false},"excerpt":{"rendered":"<p>Acqua Valmora sceglie tramite assegnazione diretta l\u2019agenzia Armando Testa per la nuova campagna di comunicazione.&nbsp; Un parco montano incontaminato, un testimonial speciale e una fonte di acqua pura, questi i tre concetti attorno a cui Valmora ridefinisce il suo posizionamento.&nbsp; La nuova campagna narra infatti il luogo d\u2019origine di Acqua Valmora: il Parco Montano di [&hellip;]<\/p>\n","protected":false},"author":1,"featured_media":20750,"comment_status":"closed","ping_status":"closed","sticky":false,"template":"","format":"standard","meta":{"_acf_changed":false,"inline_featured_image":false,"footnotes":""},"categories":[],"tags":[],"class_list":["post-24882","post","type-post","status-publish","format-standard","has-post-thumbnail","hentry"],"acf":false,"yoast_head":"<!-- This site is optimized with the Yoast SEO plugin v26.3 - https:\/\/yoast.com\/wordpress\/plugins\/seo\/ -->\n<title>Acqua Valmora lancia la nuova campagna di comunicazione firmata Armando Testa. - Armando Testa<\/title>\n<meta name=\"robots\" content=\"index, follow, max-snippet:-1, max-image-preview:large, max-video-preview:-1\" \/>\n<link rel=\"canonical\" href=\"https:\/\/www.armandotesta.it\/it\/acqua-aalmora-lancia-la-nuova-campagna-di-comunicazione-firmata-armando-testa\/\" \/>\n<meta property=\"og:locale\" content=\"it_IT\" \/>\n<meta property=\"og:type\" content=\"article\" \/>\n<meta property=\"og:title\" content=\"Acqua Valmora lancia la nuova campagna di comunicazione firmata Armando Testa. - Armando Testa\" \/>\n<meta property=\"og:description\" content=\"Acqua Valmora sceglie tramite assegnazione diretta l\u2019agenzia Armando Testa per la nuova campagna di comunicazione.&nbsp; Un parco montano incontaminato, un testimonial speciale e una fonte di acqua pura, questi i tre concetti attorno a cui Valmora ridefinisce il suo posizionamento.&nbsp; La nuova campagna narra infatti il luogo d\u2019origine di Acqua Valmora: il Parco Montano di [&hellip;]\" \/>\n<meta property=\"og:url\" content=\"https:\/\/www.armandotesta.it\/it\/acqua-aalmora-lancia-la-nuova-campagna-di-comunicazione-firmata-armando-testa\/\" \/>\n<meta property=\"og:site_name\" content=\"Armando Testa\" \/>\n<meta property=\"article:published_time\" content=\"2023-11-14T10:30:40+00:00\" \/>\n<meta property=\"article:modified_time\" content=\"2024-06-04T13:43:20+00:00\" \/>\n<meta property=\"og:image\" content=\"https:\/\/www.armandotesta.it\/wp-content\/uploads\/2024\/06\/Campagna-stampa-scaled-1.jpg\" \/>\n\t<meta property=\"og:image:width\" content=\"1717\" \/>\n\t<meta property=\"og:image:height\" content=\"2560\" \/>\n\t<meta property=\"og:image:type\" content=\"image\/jpeg\" \/>\n<meta name=\"author\" content=\"admAT\" \/>\n<meta name=\"twitter:card\" content=\"summary_large_image\" \/>\n<meta name=\"twitter:label1\" content=\"Scritto da\" \/>\n\t<meta name=\"twitter:data1\" content=\"admAT\" \/>\n\t<meta name=\"twitter:label2\" content=\"Tempo di lettura stimato\" \/>\n\t<meta name=\"twitter:data2\" content=\"2 minuti\" \/>\n<script type=\"application\/ld+json\" class=\"yoast-schema-graph\">{\"@context\":\"https:\/\/schema.org\",\"@graph\":[{\"@type\":\"Article\",\"@id\":\"https:\/\/www.armandotesta.it\/it\/acqua-aalmora-lancia-la-nuova-campagna-di-comunicazione-firmata-armando-testa\/#article\",\"isPartOf\":{\"@id\":\"https:\/\/www.armandotesta.it\/it\/acqua-aalmora-lancia-la-nuova-campagna-di-comunicazione-firmata-armando-testa\/\"},\"author\":{\"name\":\"admAT\",\"@id\":\"https:\/\/www.armandotesta.it\/it\/#\/schema\/person\/46d1d2d167e5f7b857761f0d5183a848\"},\"headline\":\"Acqua Valmora lancia la nuova campagna di comunicazione firmata Armando Testa.\",\"datePublished\":\"2023-11-14T10:30:40+00:00\",\"dateModified\":\"2024-06-04T13:43:20+00:00\",\"mainEntityOfPage\":{\"@id\":\"https:\/\/www.armandotesta.it\/it\/acqua-aalmora-lancia-la-nuova-campagna-di-comunicazione-firmata-armando-testa\/\"},\"wordCount\":370,\"publisher\":{\"@id\":\"https:\/\/www.armandotesta.it\/it\/#organization\"},\"image\":{\"@id\":\"https:\/\/www.armandotesta.it\/it\/acqua-aalmora-lancia-la-nuova-campagna-di-comunicazione-firmata-armando-testa\/#primaryimage\"},\"thumbnailUrl\":\"https:\/\/www.armandotesta.it\/wp-content\/uploads\/2024\/06\/Campagna-stampa-scaled-1.jpg\",\"inLanguage\":\"it-IT\"},{\"@type\":\"WebPage\",\"@id\":\"https:\/\/www.armandotesta.it\/it\/acqua-aalmora-lancia-la-nuova-campagna-di-comunicazione-firmata-armando-testa\/\",\"url\":\"https:\/\/www.armandotesta.it\/it\/acqua-aalmora-lancia-la-nuova-campagna-di-comunicazione-firmata-armando-testa\/\",\"name\":\"Acqua Valmora lancia la nuova campagna di comunicazione firmata Armando Testa. - Armando Testa\",\"isPartOf\":{\"@id\":\"https:\/\/www.armandotesta.it\/it\/#website\"},\"primaryImageOfPage\":{\"@id\":\"https:\/\/www.armandotesta.it\/it\/acqua-aalmora-lancia-la-nuova-campagna-di-comunicazione-firmata-armando-testa\/#primaryimage\"},\"image\":{\"@id\":\"https:\/\/www.armandotesta.it\/it\/acqua-aalmora-lancia-la-nuova-campagna-di-comunicazione-firmata-armando-testa\/#primaryimage\"},\"thumbnailUrl\":\"https:\/\/www.armandotesta.it\/wp-content\/uploads\/2024\/06\/Campagna-stampa-scaled-1.jpg\",\"datePublished\":\"2023-11-14T10:30:40+00:00\",\"dateModified\":\"2024-06-04T13:43:20+00:00\",\"breadcrumb\":{\"@id\":\"https:\/\/www.armandotesta.it\/it\/acqua-aalmora-lancia-la-nuova-campagna-di-comunicazione-firmata-armando-testa\/#breadcrumb\"},\"inLanguage\":\"it-IT\",\"potentialAction\":[{\"@type\":\"ReadAction\",\"target\":[\"https:\/\/www.armandotesta.it\/it\/acqua-aalmora-lancia-la-nuova-campagna-di-comunicazione-firmata-armando-testa\/\"]}]},{\"@type\":\"ImageObject\",\"inLanguage\":\"it-IT\",\"@id\":\"https:\/\/www.armandotesta.it\/it\/acqua-aalmora-lancia-la-nuova-campagna-di-comunicazione-firmata-armando-testa\/#primaryimage\",\"url\":\"https:\/\/www.armandotesta.it\/wp-content\/uploads\/2024\/06\/Campagna-stampa-scaled-1.jpg\",\"contentUrl\":\"https:\/\/www.armandotesta.it\/wp-content\/uploads\/2024\/06\/Campagna-stampa-scaled-1.jpg\",\"width\":1717,\"height\":2560},{\"@type\":\"BreadcrumbList\",\"@id\":\"https:\/\/www.armandotesta.it\/it\/acqua-aalmora-lancia-la-nuova-campagna-di-comunicazione-firmata-armando-testa\/#breadcrumb\",\"itemListElement\":[{\"@type\":\"ListItem\",\"position\":1,\"name\":\"Home\",\"item\":\"https:\/\/www.armandotesta.it\/it\/\"},{\"@type\":\"ListItem\",\"position\":2,\"name\":\"Acqua Valmora lancia la nuova campagna di comunicazione firmata Armando Testa.\"}]},{\"@type\":\"WebSite\",\"@id\":\"https:\/\/www.armandotesta.it\/it\/#website\",\"url\":\"https:\/\/www.armandotesta.it\/it\/\",\"name\":\"Armando Testa\",\"description\":\"\",\"publisher\":{\"@id\":\"https:\/\/www.armandotesta.it\/it\/#organization\"},\"potentialAction\":[{\"@type\":\"SearchAction\",\"target\":{\"@type\":\"EntryPoint\",\"urlTemplate\":\"https:\/\/www.armandotesta.it\/it\/?s={search_term_string}\"},\"query-input\":{\"@type\":\"PropertyValueSpecification\",\"valueRequired\":true,\"valueName\":\"search_term_string\"}}],\"inLanguage\":\"it-IT\"},{\"@type\":\"Organization\",\"@id\":\"https:\/\/www.armandotesta.it\/it\/#organization\",\"name\":\"Armando Testa\",\"url\":\"https:\/\/www.armandotesta.it\/it\/\",\"logo\":{\"@type\":\"ImageObject\",\"inLanguage\":\"it-IT\",\"@id\":\"https:\/\/www.armandotesta.it\/it\/#\/schema\/logo\/image\/\",\"url\":\"https:\/\/www.armandotesta.it\/wp-content\/uploads\/2024\/01\/logo-at.png\",\"contentUrl\":\"https:\/\/www.armandotesta.it\/wp-content\/uploads\/2024\/01\/logo-at.png\",\"width\":200,\"height\":200,\"caption\":\"Armando Testa\"},\"image\":{\"@id\":\"https:\/\/www.armandotesta.it\/it\/#\/schema\/logo\/image\/\"}},{\"@type\":\"Person\",\"@id\":\"https:\/\/www.armandotesta.it\/it\/#\/schema\/person\/46d1d2d167e5f7b857761f0d5183a848\",\"name\":\"admAT\",\"image\":{\"@type\":\"ImageObject\",\"inLanguage\":\"it-IT\",\"@id\":\"https:\/\/www.armandotesta.it\/it\/#\/schema\/person\/image\/\",\"url\":\"https:\/\/secure.gravatar.com\/avatar\/9772e708d87105ee06ea2e627102fade92688c33bb2e0083a7a18b56280f7239?s=96&d=mm&r=g\",\"contentUrl\":\"https:\/\/secure.gravatar.com\/avatar\/9772e708d87105ee06ea2e627102fade92688c33bb2e0083a7a18b56280f7239?s=96&d=mm&r=g\",\"caption\":\"admAT\"},\"sameAs\":[\"https:\/\/www.armandotesta.it\"],\"url\":\"https:\/\/www.armandotesta.it\/it\/author\/admat\/\"}]}<\/script>\n<!-- \/ Yoast SEO plugin. -->","yoast_head_json":{"title":"Acqua Valmora lancia la nuova campagna di comunicazione firmata Armando Testa. - Armando Testa","robots":{"index":"index","follow":"follow","max-snippet":"max-snippet:-1","max-image-preview":"max-image-preview:large","max-video-preview":"max-video-preview:-1"},"canonical":"https:\/\/www.armandotesta.it\/it\/acqua-aalmora-lancia-la-nuova-campagna-di-comunicazione-firmata-armando-testa\/","og_locale":"it_IT","og_type":"article","og_title":"Acqua Valmora lancia la nuova campagna di comunicazione firmata Armando Testa. - Armando Testa","og_description":"Acqua Valmora sceglie tramite assegnazione diretta l\u2019agenzia Armando Testa per la nuova campagna di comunicazione.&nbsp; Un parco montano incontaminato, un testimonial speciale e una fonte di acqua pura, questi i tre concetti attorno a cui Valmora ridefinisce il suo posizionamento.&nbsp; La nuova campagna narra infatti il luogo d\u2019origine di Acqua Valmora: il Parco Montano di [&hellip;]","og_url":"https:\/\/www.armandotesta.it\/it\/acqua-aalmora-lancia-la-nuova-campagna-di-comunicazione-firmata-armando-testa\/","og_site_name":"Armando Testa","article_published_time":"2023-11-14T10:30:40+00:00","article_modified_time":"2024-06-04T13:43:20+00:00","og_image":[{"width":1717,"height":2560,"url":"https:\/\/www.armandotesta.it\/wp-content\/uploads\/2024\/06\/Campagna-stampa-scaled-1.jpg","type":"image\/jpeg"}],"author":"admAT","twitter_card":"summary_large_image","twitter_misc":{"Scritto da":"admAT","Tempo di lettura stimato":"2 minuti"},"schema":{"@context":"https:\/\/schema.org","@graph":[{"@type":"Article","@id":"https:\/\/www.armandotesta.it\/it\/acqua-aalmora-lancia-la-nuova-campagna-di-comunicazione-firmata-armando-testa\/#article","isPartOf":{"@id":"https:\/\/www.armandotesta.it\/it\/acqua-aalmora-lancia-la-nuova-campagna-di-comunicazione-firmata-armando-testa\/"},"author":{"name":"admAT","@id":"https:\/\/www.armandotesta.it\/it\/#\/schema\/person\/46d1d2d167e5f7b857761f0d5183a848"},"headline":"Acqua Valmora lancia la nuova campagna di comunicazione firmata Armando Testa.","datePublished":"2023-11-14T10:30:40+00:00","dateModified":"2024-06-04T13:43:20+00:00","mainEntityOfPage":{"@id":"https:\/\/www.armandotesta.it\/it\/acqua-aalmora-lancia-la-nuova-campagna-di-comunicazione-firmata-armando-testa\/"},"wordCount":370,"publisher":{"@id":"https:\/\/www.armandotesta.it\/it\/#organization"},"image":{"@id":"https:\/\/www.armandotesta.it\/it\/acqua-aalmora-lancia-la-nuova-campagna-di-comunicazione-firmata-armando-testa\/#primaryimage"},"thumbnailUrl":"https:\/\/www.armandotesta.it\/wp-content\/uploads\/2024\/06\/Campagna-stampa-scaled-1.jpg","inLanguage":"it-IT"},{"@type":"WebPage","@id":"https:\/\/www.armandotesta.it\/it\/acqua-aalmora-lancia-la-nuova-campagna-di-comunicazione-firmata-armando-testa\/","url":"https:\/\/www.armandotesta.it\/it\/acqua-aalmora-lancia-la-nuova-campagna-di-comunicazione-firmata-armando-testa\/","name":"Acqua Valmora lancia la nuova campagna di comunicazione firmata Armando Testa. - Armando Testa","isPartOf":{"@id":"https:\/\/www.armandotesta.it\/it\/#website"},"primaryImageOfPage":{"@id":"https:\/\/www.armandotesta.it\/it\/acqua-aalmora-lancia-la-nuova-campagna-di-comunicazione-firmata-armando-testa\/#primaryimage"},"image":{"@id":"https:\/\/www.armandotesta.it\/it\/acqua-aalmora-lancia-la-nuova-campagna-di-comunicazione-firmata-armando-testa\/#primaryimage"},"thumbnailUrl":"https:\/\/www.armandotesta.it\/wp-content\/uploads\/2024\/06\/Campagna-stampa-scaled-1.jpg","datePublished":"2023-11-14T10:30:40+00:00","dateModified":"2024-06-04T13:43:20+00:00","breadcrumb":{"@id":"https:\/\/www.armandotesta.it\/it\/acqua-aalmora-lancia-la-nuova-campagna-di-comunicazione-firmata-armando-testa\/#breadcrumb"},"inLanguage":"it-IT","potentialAction":[{"@type":"ReadAction","target":["https:\/\/www.armandotesta.it\/it\/acqua-aalmora-lancia-la-nuova-campagna-di-comunicazione-firmata-armando-testa\/"]}]},{"@type":"ImageObject","inLanguage":"it-IT","@id":"https:\/\/www.armandotesta.it\/it\/acqua-aalmora-lancia-la-nuova-campagna-di-comunicazione-firmata-armando-testa\/#primaryimage","url":"https:\/\/www.armandotesta.it\/wp-content\/uploads\/2024\/06\/Campagna-stampa-scaled-1.jpg","contentUrl":"https:\/\/www.armandotesta.it\/wp-content\/uploads\/2024\/06\/Campagna-stampa-scaled-1.jpg","width":1717,"height":2560},{"@type":"BreadcrumbList","@id":"https:\/\/www.armandotesta.it\/it\/acqua-aalmora-lancia-la-nuova-campagna-di-comunicazione-firmata-armando-testa\/#breadcrumb","itemListElement":[{"@type":"ListItem","position":1,"name":"Home","item":"https:\/\/www.armandotesta.it\/it\/"},{"@type":"ListItem","position":2,"name":"Acqua Valmora lancia la nuova campagna di comunicazione firmata Armando Testa."}]},{"@type":"WebSite","@id":"https:\/\/www.armandotesta.it\/it\/#website","url":"https:\/\/www.armandotesta.it\/it\/","name":"Armando Testa","description":"","publisher":{"@id":"https:\/\/www.armandotesta.it\/it\/#organization"},"potentialAction":[{"@type":"SearchAction","target":{"@type":"EntryPoint","urlTemplate":"https:\/\/www.armandotesta.it\/it\/?s={search_term_string}"},"query-input":{"@type":"PropertyValueSpecification","valueRequired":true,"valueName":"search_term_string"}}],"inLanguage":"it-IT"},{"@type":"Organization","@id":"https:\/\/www.armandotesta.it\/it\/#organization","name":"Armando Testa","url":"https:\/\/www.armandotesta.it\/it\/","logo":{"@type":"ImageObject","inLanguage":"it-IT","@id":"https:\/\/www.armandotesta.it\/it\/#\/schema\/logo\/image\/","url":"https:\/\/www.armandotesta.it\/wp-content\/uploads\/2024\/01\/logo-at.png","contentUrl":"https:\/\/www.armandotesta.it\/wp-content\/uploads\/2024\/01\/logo-at.png","width":200,"height":200,"caption":"Armando Testa"},"image":{"@id":"https:\/\/www.armandotesta.it\/it\/#\/schema\/logo\/image\/"}},{"@type":"Person","@id":"https:\/\/www.armandotesta.it\/it\/#\/schema\/person\/46d1d2d167e5f7b857761f0d5183a848","name":"admAT","image":{"@type":"ImageObject","inLanguage":"it-IT","@id":"https:\/\/www.armandotesta.it\/it\/#\/schema\/person\/image\/","url":"https:\/\/secure.gravatar.com\/avatar\/9772e708d87105ee06ea2e627102fade92688c33bb2e0083a7a18b56280f7239?s=96&d=mm&r=g","contentUrl":"https:\/\/secure.gravatar.com\/avatar\/9772e708d87105ee06ea2e627102fade92688c33bb2e0083a7a18b56280f7239?s=96&d=mm&r=g","caption":"admAT"},"sameAs":["https:\/\/www.armandotesta.it"],"url":"https:\/\/www.armandotesta.it\/it\/author\/admat\/"}]}},"_links":{"self":[{"href":"https:\/\/www.armandotesta.it\/it\/wp-json\/wp\/v2\/posts\/24882","targetHints":{"allow":["GET"]}}],"collection":[{"href":"https:\/\/www.armandotesta.it\/it\/wp-json\/wp\/v2\/posts"}],"about":[{"href":"https:\/\/www.armandotesta.it\/it\/wp-json\/wp\/v2\/types\/post"}],"author":[{"embeddable":true,"href":"https:\/\/www.armandotesta.it\/it\/wp-json\/wp\/v2\/users\/1"}],"replies":[{"embeddable":true,"href":"https:\/\/www.armandotesta.it\/it\/wp-json\/wp\/v2\/comments?post=24882"}],"version-history":[{"count":1,"href":"https:\/\/www.armandotesta.it\/it\/wp-json\/wp\/v2\/posts\/24882\/revisions"}],"predecessor-version":[{"id":25810,"href":"https:\/\/www.armandotesta.it\/it\/wp-json\/wp\/v2\/posts\/24882\/revisions\/25810"}],"wp:featuredmedia":[{"embeddable":true,"href":"https:\/\/www.armandotesta.it\/it\/wp-json\/wp\/v2\/media\/20750"}],"wp:attachment":[{"href":"https:\/\/www.armandotesta.it\/it\/wp-json\/wp\/v2\/media?parent=24882"}],"wp:term":[{"taxonomy":"category","embeddable":true,"href":"https:\/\/www.armandotesta.it\/it\/wp-json\/wp\/v2\/categories?post=24882"},{"taxonomy":"post_tag","embeddable":true,"href":"https:\/\/www.armandotesta.it\/it\/wp-json\/wp\/v2\/tags?post=24882"}],"curies":[{"name":"wp","href":"https:\/\/api.w.org\/{rel}","templated":true}]}}