{"id":24863,"date":"2023-10-19T11:16:26","date_gmt":"2023-10-19T09:16:26","guid":{"rendered":"https:\/\/www.armandotesta.it\/con-bionike-e-intesta-e-tempo-di-ampliare-lorizzonte-della-tua-bellezza\/"},"modified":"2024-06-04T15:43:14","modified_gmt":"2024-06-04T13:43:14","slug":"con-bionike-e-intesta-e-tempo-di-ampliare-lorizzonte-della-tua-bellezza","status":"publish","type":"post","link":"https:\/\/www.armandotesta.it\/it\/con-bionike-e-intesta-e-tempo-di-ampliare-lorizzonte-della-tua-bellezza\/","title":{"rendered":"Con BioNike e InTesta, \u00e8 tempo di ampliare l\u2019orizzonte della tua bellezza."},"content":{"rendered":"\n<p>Le prime rughe, la perdita di tono, luminosit\u00e0 ed elasticit\u00e0\u2026Pi\u00f9 una donna va verso l\u2019et\u00e0 matura, pi\u00f9 potrebbe sentire avvicinarsi l\u2019orizzonte di una bellezza che appare meno florida e fresca di un tempo. Ma perch\u00e9 l\u2019et\u00e0 di una donna dovrebbe segnare la linea di confine della sua bellezza? &nbsp;<\/p>\n\n\n\n<p>Il passare del tempo porta la donna a guardare al proprio orizzonte di bellezza con timore e diffidenza.<\/p>\n\n\n\n<p>\u00c8 il momento di guardare questo concetto da un nuovo punto di vista e valorizzare la propria pelle con i trattamenti pi\u00f9 adatti ad ogni stagione della vita. Solo cos\u00ec pu\u00f2 aprirsi davanti a lei un nuovo orizzonte &#8211; molto pi\u00f9 ampio e consapevole &#8211; a cui volgere lo sguardo per affrontare il passare del tempo con positivit\u00e0 e sicurezza.<\/p>\n\n\n\n<p><em>\u201cAmplia l\u2019orizzonte della tua bellezza\u201d<\/em> infatti, \u00e8 il concetto che ha dato origine alla campagna di BioNike, ideata da InTesta &#8211; Gruppo Armando Testa, per la nuova comunicazione della gamma Defence My Age, i trattamenti dermocosmetici specifici per elevare la qualit\u00e0 della pelle di ogni donna a seconda della sua et\u00e0.<\/p>\n\n\n\n<p>Nel video, tre donne dai 40 ai 60 anni, si muovono in un ambiente suggestivo ed etereo, caratterizzato da panorami aperti ed elementi naturali. Le osserviamo camminare su specchi appoggiati sopra una distesa d\u2019acqua e guardare l\u2019orizzonte &#8211; simbolo metaforico della vita &#8211; che si staglia davanti ai loro occhi con la fierezza di chi \u00e8 consapevole che ogni et\u00e0 ha la sua bellezza.<\/p>\n\n\n\n<p>Ciascuna ambientazione \u00e8 caratterizzata da un cielo dai colori differenti, che rappresenta simbolicamente i colori delle varie linee di prodotto ma anche le diverse fasi della vita di una donna. Una donna capace di guardare all\u2019avanzare del tempo ampliando, non solo la sua idea di bellezza, ma anche il suo approccio alla skincare; e capace di prendersi cura della pelle con i prodotti studiati per le sue esigenze: riattivarla dopo i 40 anni, rinnovarla dopo i 50 e rinforzarla oltrepassati i 60.<\/p>\n\n\n\n<p>La campagna TV, la cui regia \u00e8 stata affidata a Giorgio Neri, prevede un TVC della gamma completa e tre TVC specifici per ciascuna linea di prodotto: Defence My Age Pearl per le pelli dai 40 anni in su, Defence My Age per le pelli dopo i 50 anni e Defence My Age Gold, per quelle over 60.<\/p>\n\n\n\n<p>Il TVC da 20\u2019\u2019 dedicato alla comunicazione dell\u2019intera gamma \u00e8 on air dal 15 ottobre. L\u2019intera comunicazione BioNike Defence My Age \u00e8 supportata anche da una campagna stampa, POP e digital<strong>,<\/strong> con tagli pi\u00f9 brevi per la fruizione social.<\/p>\n\n\n\n<p><strong>CREDITS<\/strong>:<\/p>\n\n\n\n<p>\u2022 Agenzia: InTesta &#8211; Gruppo Armando Testa<\/p>\n\n\n\n<p>\u2022 Direttori Creativi Esecutivi: Nicola Cellemme, Georgia Ferraro<\/p>\n\n\n\n<p>\u2022 Team Creativo: Chiara Panattoni, Carlotta Gilardi<\/p>\n\n\n\n<p>\u2022 Client Director: Laura Alberti<\/p>\n\n\n\n<p>\u2022 Account Executive: Erika Gentile<\/p>\n\n\n\n<p>\u2022 Casa di Produzione: Albatros Film<\/p>\n\n\n\n<figure class=\"wp-block-gallery has-nested-images columns-default is-cropped wp-block-gallery-1 is-layout-flex wp-block-gallery-is-layout-flex\">\n<figure class=\"wp-block-image size-large\"><img decoding=\"async\" data-id=\"6755\" src=\"https:\/\/newsroom.armandotesta.it\/wp-content\/uploads\/2023\/10\/thumbnail_Frame_Bionike_DefenceMyAge2-1024x426.png\" alt=\"\" class=\"wp-image-6755\"\/><\/figure>\n<\/figure>\n\n\n\n<figure class=\"wp-block-gallery has-nested-images columns-default is-cropped wp-block-gallery-2 is-layout-flex wp-block-gallery-is-layout-flex\">\n<figure class=\"wp-block-image size-large\"><img decoding=\"async\" data-id=\"6756\" src=\"https:\/\/newsroom.armandotesta.it\/wp-content\/uploads\/2023\/10\/thumbnail_Frame_Bionike_DefenceMyAge-1024x439.png\" alt=\"\" class=\"wp-image-6756\"\/><\/figure>\n<\/figure>\n\n\n\n<figure class=\"wp-block-embed is-type-video is-provider-youtube wp-block-embed-youtube wp-embed-aspect-16-9 wp-has-aspect-ratio\"><div class=\"wp-block-embed__wrapper\">\n<iframe loading=\"lazy\" title=\"BioNike Defence My Age\" width=\"500\" height=\"281\" src=\"https:\/\/www.youtube.com\/embed\/9JsK4Lg2kSE?feature=oembed\" frameborder=\"0\" allow=\"accelerometer; autoplay; clipboard-write; encrypted-media; gyroscope; picture-in-picture; web-share\" referrerpolicy=\"strict-origin-when-cross-origin\" allowfullscreen><\/iframe>\n<\/div><\/figure>\n","protected":false},"excerpt":{"rendered":"<p>Le prime rughe, la perdita di tono, luminosit\u00e0 ed elasticit\u00e0\u2026Pi\u00f9 una donna va verso l\u2019et\u00e0 matura, pi\u00f9 potrebbe sentire avvicinarsi l\u2019orizzonte di una bellezza che appare meno florida e fresca di un tempo. Ma perch\u00e9 l\u2019et\u00e0 di una donna dovrebbe segnare la linea di confine della sua bellezza? &nbsp; Il passare del tempo porta la [&hellip;]<\/p>\n","protected":false},"author":1,"featured_media":20735,"comment_status":"closed","ping_status":"closed","sticky":false,"template":"","format":"standard","meta":{"_acf_changed":false,"inline_featured_image":false,"footnotes":""},"categories":[],"tags":[],"class_list":["post-24863","post","type-post","status-publish","format-standard","has-post-thumbnail","hentry"],"acf":false,"yoast_head":"<!-- This site is optimized with the Yoast SEO plugin v26.3 - https:\/\/yoast.com\/wordpress\/plugins\/seo\/ -->\n<title>Con BioNike e InTesta, \u00e8 tempo di ampliare l\u2019orizzonte della tua bellezza. - Armando Testa<\/title>\n<meta name=\"robots\" content=\"index, follow, max-snippet:-1, max-image-preview:large, max-video-preview:-1\" \/>\n<link rel=\"canonical\" href=\"https:\/\/www.armandotesta.it\/it\/con-bionike-e-intesta-e-tempo-di-ampliare-lorizzonte-della-tua-bellezza\/\" \/>\n<meta property=\"og:locale\" content=\"it_IT\" \/>\n<meta property=\"og:type\" content=\"article\" \/>\n<meta property=\"og:title\" content=\"Con BioNike e InTesta, \u00e8 tempo di ampliare l\u2019orizzonte della tua bellezza. - Armando Testa\" \/>\n<meta property=\"og:description\" content=\"Le prime rughe, la perdita di tono, luminosit\u00e0 ed elasticit\u00e0\u2026Pi\u00f9 una donna va verso l\u2019et\u00e0 matura, pi\u00f9 potrebbe sentire avvicinarsi l\u2019orizzonte di una bellezza che appare meno florida e fresca di un tempo. Ma perch\u00e9 l\u2019et\u00e0 di una donna dovrebbe segnare la linea di confine della sua bellezza? &nbsp; Il passare del tempo porta la [&hellip;]\" \/>\n<meta property=\"og:url\" content=\"https:\/\/www.armandotesta.it\/it\/con-bionike-e-intesta-e-tempo-di-ampliare-lorizzonte-della-tua-bellezza\/\" \/>\n<meta property=\"og:site_name\" content=\"Armando Testa\" \/>\n<meta property=\"article:published_time\" content=\"2023-10-19T09:16:26+00:00\" \/>\n<meta property=\"article:modified_time\" content=\"2024-06-04T13:43:14+00:00\" \/>\n<meta property=\"og:image\" content=\"https:\/\/www.armandotesta.it\/wp-content\/uploads\/2024\/06\/thumbnail_Frame_Bionike_DefenceMyAge.png\" \/>\n\t<meta property=\"og:image:width\" content=\"1438\" \/>\n\t<meta property=\"og:image:height\" content=\"617\" \/>\n\t<meta property=\"og:image:type\" content=\"image\/png\" \/>\n<meta name=\"author\" content=\"admAT\" \/>\n<meta name=\"twitter:card\" content=\"summary_large_image\" \/>\n<meta name=\"twitter:label1\" content=\"Scritto da\" \/>\n\t<meta name=\"twitter:data1\" content=\"admAT\" \/>\n\t<meta name=\"twitter:label2\" content=\"Tempo di lettura stimato\" \/>\n\t<meta name=\"twitter:data2\" content=\"2 minuti\" \/>\n<script type=\"application\/ld+json\" class=\"yoast-schema-graph\">{\"@context\":\"https:\/\/schema.org\",\"@graph\":[{\"@type\":\"Article\",\"@id\":\"https:\/\/www.armandotesta.it\/it\/con-bionike-e-intesta-e-tempo-di-ampliare-lorizzonte-della-tua-bellezza\/#article\",\"isPartOf\":{\"@id\":\"https:\/\/www.armandotesta.it\/it\/con-bionike-e-intesta-e-tempo-di-ampliare-lorizzonte-della-tua-bellezza\/\"},\"author\":{\"name\":\"admAT\",\"@id\":\"https:\/\/www.armandotesta.it\/it\/#\/schema\/person\/46d1d2d167e5f7b857761f0d5183a848\"},\"headline\":\"Con BioNike e InTesta, \u00e8 tempo di ampliare l\u2019orizzonte della tua bellezza.\",\"datePublished\":\"2023-10-19T09:16:26+00:00\",\"dateModified\":\"2024-06-04T13:43:14+00:00\",\"mainEntityOfPage\":{\"@id\":\"https:\/\/www.armandotesta.it\/it\/con-bionike-e-intesta-e-tempo-di-ampliare-lorizzonte-della-tua-bellezza\/\"},\"wordCount\":468,\"publisher\":{\"@id\":\"https:\/\/www.armandotesta.it\/it\/#organization\"},\"image\":{\"@id\":\"https:\/\/www.armandotesta.it\/it\/con-bionike-e-intesta-e-tempo-di-ampliare-lorizzonte-della-tua-bellezza\/#primaryimage\"},\"thumbnailUrl\":\"https:\/\/www.armandotesta.it\/wp-content\/uploads\/2024\/06\/thumbnail_Frame_Bionike_DefenceMyAge.png\",\"inLanguage\":\"it-IT\"},{\"@type\":\"WebPage\",\"@id\":\"https:\/\/www.armandotesta.it\/it\/con-bionike-e-intesta-e-tempo-di-ampliare-lorizzonte-della-tua-bellezza\/\",\"url\":\"https:\/\/www.armandotesta.it\/it\/con-bionike-e-intesta-e-tempo-di-ampliare-lorizzonte-della-tua-bellezza\/\",\"name\":\"Con BioNike e InTesta, \u00e8 tempo di ampliare l\u2019orizzonte della tua bellezza. - Armando Testa\",\"isPartOf\":{\"@id\":\"https:\/\/www.armandotesta.it\/it\/#website\"},\"primaryImageOfPage\":{\"@id\":\"https:\/\/www.armandotesta.it\/it\/con-bionike-e-intesta-e-tempo-di-ampliare-lorizzonte-della-tua-bellezza\/#primaryimage\"},\"image\":{\"@id\":\"https:\/\/www.armandotesta.it\/it\/con-bionike-e-intesta-e-tempo-di-ampliare-lorizzonte-della-tua-bellezza\/#primaryimage\"},\"thumbnailUrl\":\"https:\/\/www.armandotesta.it\/wp-content\/uploads\/2024\/06\/thumbnail_Frame_Bionike_DefenceMyAge.png\",\"datePublished\":\"2023-10-19T09:16:26+00:00\",\"dateModified\":\"2024-06-04T13:43:14+00:00\",\"breadcrumb\":{\"@id\":\"https:\/\/www.armandotesta.it\/it\/con-bionike-e-intesta-e-tempo-di-ampliare-lorizzonte-della-tua-bellezza\/#breadcrumb\"},\"inLanguage\":\"it-IT\",\"potentialAction\":[{\"@type\":\"ReadAction\",\"target\":[\"https:\/\/www.armandotesta.it\/it\/con-bionike-e-intesta-e-tempo-di-ampliare-lorizzonte-della-tua-bellezza\/\"]}]},{\"@type\":\"ImageObject\",\"inLanguage\":\"it-IT\",\"@id\":\"https:\/\/www.armandotesta.it\/it\/con-bionike-e-intesta-e-tempo-di-ampliare-lorizzonte-della-tua-bellezza\/#primaryimage\",\"url\":\"https:\/\/www.armandotesta.it\/wp-content\/uploads\/2024\/06\/thumbnail_Frame_Bionike_DefenceMyAge.png\",\"contentUrl\":\"https:\/\/www.armandotesta.it\/wp-content\/uploads\/2024\/06\/thumbnail_Frame_Bionike_DefenceMyAge.png\",\"width\":1438,\"height\":617},{\"@type\":\"BreadcrumbList\",\"@id\":\"https:\/\/www.armandotesta.it\/it\/con-bionike-e-intesta-e-tempo-di-ampliare-lorizzonte-della-tua-bellezza\/#breadcrumb\",\"itemListElement\":[{\"@type\":\"ListItem\",\"position\":1,\"name\":\"Home\",\"item\":\"https:\/\/www.armandotesta.it\/it\/\"},{\"@type\":\"ListItem\",\"position\":2,\"name\":\"Con BioNike e InTesta, \u00e8 tempo di ampliare l\u2019orizzonte della tua bellezza.\"}]},{\"@type\":\"WebSite\",\"@id\":\"https:\/\/www.armandotesta.it\/it\/#website\",\"url\":\"https:\/\/www.armandotesta.it\/it\/\",\"name\":\"Armando Testa\",\"description\":\"\",\"publisher\":{\"@id\":\"https:\/\/www.armandotesta.it\/it\/#organization\"},\"potentialAction\":[{\"@type\":\"SearchAction\",\"target\":{\"@type\":\"EntryPoint\",\"urlTemplate\":\"https:\/\/www.armandotesta.it\/it\/?s={search_term_string}\"},\"query-input\":{\"@type\":\"PropertyValueSpecification\",\"valueRequired\":true,\"valueName\":\"search_term_string\"}}],\"inLanguage\":\"it-IT\"},{\"@type\":\"Organization\",\"@id\":\"https:\/\/www.armandotesta.it\/it\/#organization\",\"name\":\"Armando Testa\",\"url\":\"https:\/\/www.armandotesta.it\/it\/\",\"logo\":{\"@type\":\"ImageObject\",\"inLanguage\":\"it-IT\",\"@id\":\"https:\/\/www.armandotesta.it\/it\/#\/schema\/logo\/image\/\",\"url\":\"https:\/\/www.armandotesta.it\/wp-content\/uploads\/2024\/01\/logo-at.png\",\"contentUrl\":\"https:\/\/www.armandotesta.it\/wp-content\/uploads\/2024\/01\/logo-at.png\",\"width\":200,\"height\":200,\"caption\":\"Armando Testa\"},\"image\":{\"@id\":\"https:\/\/www.armandotesta.it\/it\/#\/schema\/logo\/image\/\"}},{\"@type\":\"Person\",\"@id\":\"https:\/\/www.armandotesta.it\/it\/#\/schema\/person\/46d1d2d167e5f7b857761f0d5183a848\",\"name\":\"admAT\",\"image\":{\"@type\":\"ImageObject\",\"inLanguage\":\"it-IT\",\"@id\":\"https:\/\/www.armandotesta.it\/it\/#\/schema\/person\/image\/\",\"url\":\"https:\/\/secure.gravatar.com\/avatar\/9772e708d87105ee06ea2e627102fade92688c33bb2e0083a7a18b56280f7239?s=96&d=mm&r=g\",\"contentUrl\":\"https:\/\/secure.gravatar.com\/avatar\/9772e708d87105ee06ea2e627102fade92688c33bb2e0083a7a18b56280f7239?s=96&d=mm&r=g\",\"caption\":\"admAT\"},\"sameAs\":[\"https:\/\/www.armandotesta.it\"],\"url\":\"https:\/\/www.armandotesta.it\/it\/author\/admat\/\"}]}<\/script>\n<!-- \/ Yoast SEO plugin. -->","yoast_head_json":{"title":"Con BioNike e InTesta, \u00e8 tempo di ampliare l\u2019orizzonte della tua bellezza. - Armando Testa","robots":{"index":"index","follow":"follow","max-snippet":"max-snippet:-1","max-image-preview":"max-image-preview:large","max-video-preview":"max-video-preview:-1"},"canonical":"https:\/\/www.armandotesta.it\/it\/con-bionike-e-intesta-e-tempo-di-ampliare-lorizzonte-della-tua-bellezza\/","og_locale":"it_IT","og_type":"article","og_title":"Con BioNike e InTesta, \u00e8 tempo di ampliare l\u2019orizzonte della tua bellezza. - Armando Testa","og_description":"Le prime rughe, la perdita di tono, luminosit\u00e0 ed elasticit\u00e0\u2026Pi\u00f9 una donna va verso l\u2019et\u00e0 matura, pi\u00f9 potrebbe sentire avvicinarsi l\u2019orizzonte di una bellezza che appare meno florida e fresca di un tempo. Ma perch\u00e9 l\u2019et\u00e0 di una donna dovrebbe segnare la linea di confine della sua bellezza? &nbsp; Il passare del tempo porta la [&hellip;]","og_url":"https:\/\/www.armandotesta.it\/it\/con-bionike-e-intesta-e-tempo-di-ampliare-lorizzonte-della-tua-bellezza\/","og_site_name":"Armando Testa","article_published_time":"2023-10-19T09:16:26+00:00","article_modified_time":"2024-06-04T13:43:14+00:00","og_image":[{"width":1438,"height":617,"url":"https:\/\/www.armandotesta.it\/wp-content\/uploads\/2024\/06\/thumbnail_Frame_Bionike_DefenceMyAge.png","type":"image\/png"}],"author":"admAT","twitter_card":"summary_large_image","twitter_misc":{"Scritto da":"admAT","Tempo di lettura stimato":"2 minuti"},"schema":{"@context":"https:\/\/schema.org","@graph":[{"@type":"Article","@id":"https:\/\/www.armandotesta.it\/it\/con-bionike-e-intesta-e-tempo-di-ampliare-lorizzonte-della-tua-bellezza\/#article","isPartOf":{"@id":"https:\/\/www.armandotesta.it\/it\/con-bionike-e-intesta-e-tempo-di-ampliare-lorizzonte-della-tua-bellezza\/"},"author":{"name":"admAT","@id":"https:\/\/www.armandotesta.it\/it\/#\/schema\/person\/46d1d2d167e5f7b857761f0d5183a848"},"headline":"Con BioNike e InTesta, \u00e8 tempo di ampliare l\u2019orizzonte della tua bellezza.","datePublished":"2023-10-19T09:16:26+00:00","dateModified":"2024-06-04T13:43:14+00:00","mainEntityOfPage":{"@id":"https:\/\/www.armandotesta.it\/it\/con-bionike-e-intesta-e-tempo-di-ampliare-lorizzonte-della-tua-bellezza\/"},"wordCount":468,"publisher":{"@id":"https:\/\/www.armandotesta.it\/it\/#organization"},"image":{"@id":"https:\/\/www.armandotesta.it\/it\/con-bionike-e-intesta-e-tempo-di-ampliare-lorizzonte-della-tua-bellezza\/#primaryimage"},"thumbnailUrl":"https:\/\/www.armandotesta.it\/wp-content\/uploads\/2024\/06\/thumbnail_Frame_Bionike_DefenceMyAge.png","inLanguage":"it-IT"},{"@type":"WebPage","@id":"https:\/\/www.armandotesta.it\/it\/con-bionike-e-intesta-e-tempo-di-ampliare-lorizzonte-della-tua-bellezza\/","url":"https:\/\/www.armandotesta.it\/it\/con-bionike-e-intesta-e-tempo-di-ampliare-lorizzonte-della-tua-bellezza\/","name":"Con BioNike e InTesta, \u00e8 tempo di ampliare l\u2019orizzonte della tua bellezza. - Armando Testa","isPartOf":{"@id":"https:\/\/www.armandotesta.it\/it\/#website"},"primaryImageOfPage":{"@id":"https:\/\/www.armandotesta.it\/it\/con-bionike-e-intesta-e-tempo-di-ampliare-lorizzonte-della-tua-bellezza\/#primaryimage"},"image":{"@id":"https:\/\/www.armandotesta.it\/it\/con-bionike-e-intesta-e-tempo-di-ampliare-lorizzonte-della-tua-bellezza\/#primaryimage"},"thumbnailUrl":"https:\/\/www.armandotesta.it\/wp-content\/uploads\/2024\/06\/thumbnail_Frame_Bionike_DefenceMyAge.png","datePublished":"2023-10-19T09:16:26+00:00","dateModified":"2024-06-04T13:43:14+00:00","breadcrumb":{"@id":"https:\/\/www.armandotesta.it\/it\/con-bionike-e-intesta-e-tempo-di-ampliare-lorizzonte-della-tua-bellezza\/#breadcrumb"},"inLanguage":"it-IT","potentialAction":[{"@type":"ReadAction","target":["https:\/\/www.armandotesta.it\/it\/con-bionike-e-intesta-e-tempo-di-ampliare-lorizzonte-della-tua-bellezza\/"]}]},{"@type":"ImageObject","inLanguage":"it-IT","@id":"https:\/\/www.armandotesta.it\/it\/con-bionike-e-intesta-e-tempo-di-ampliare-lorizzonte-della-tua-bellezza\/#primaryimage","url":"https:\/\/www.armandotesta.it\/wp-content\/uploads\/2024\/06\/thumbnail_Frame_Bionike_DefenceMyAge.png","contentUrl":"https:\/\/www.armandotesta.it\/wp-content\/uploads\/2024\/06\/thumbnail_Frame_Bionike_DefenceMyAge.png","width":1438,"height":617},{"@type":"BreadcrumbList","@id":"https:\/\/www.armandotesta.it\/it\/con-bionike-e-intesta-e-tempo-di-ampliare-lorizzonte-della-tua-bellezza\/#breadcrumb","itemListElement":[{"@type":"ListItem","position":1,"name":"Home","item":"https:\/\/www.armandotesta.it\/it\/"},{"@type":"ListItem","position":2,"name":"Con BioNike e InTesta, \u00e8 tempo di ampliare l\u2019orizzonte della tua bellezza."}]},{"@type":"WebSite","@id":"https:\/\/www.armandotesta.it\/it\/#website","url":"https:\/\/www.armandotesta.it\/it\/","name":"Armando Testa","description":"","publisher":{"@id":"https:\/\/www.armandotesta.it\/it\/#organization"},"potentialAction":[{"@type":"SearchAction","target":{"@type":"EntryPoint","urlTemplate":"https:\/\/www.armandotesta.it\/it\/?s={search_term_string}"},"query-input":{"@type":"PropertyValueSpecification","valueRequired":true,"valueName":"search_term_string"}}],"inLanguage":"it-IT"},{"@type":"Organization","@id":"https:\/\/www.armandotesta.it\/it\/#organization","name":"Armando Testa","url":"https:\/\/www.armandotesta.it\/it\/","logo":{"@type":"ImageObject","inLanguage":"it-IT","@id":"https:\/\/www.armandotesta.it\/it\/#\/schema\/logo\/image\/","url":"https:\/\/www.armandotesta.it\/wp-content\/uploads\/2024\/01\/logo-at.png","contentUrl":"https:\/\/www.armandotesta.it\/wp-content\/uploads\/2024\/01\/logo-at.png","width":200,"height":200,"caption":"Armando Testa"},"image":{"@id":"https:\/\/www.armandotesta.it\/it\/#\/schema\/logo\/image\/"}},{"@type":"Person","@id":"https:\/\/www.armandotesta.it\/it\/#\/schema\/person\/46d1d2d167e5f7b857761f0d5183a848","name":"admAT","image":{"@type":"ImageObject","inLanguage":"it-IT","@id":"https:\/\/www.armandotesta.it\/it\/#\/schema\/person\/image\/","url":"https:\/\/secure.gravatar.com\/avatar\/9772e708d87105ee06ea2e627102fade92688c33bb2e0083a7a18b56280f7239?s=96&d=mm&r=g","contentUrl":"https:\/\/secure.gravatar.com\/avatar\/9772e708d87105ee06ea2e627102fade92688c33bb2e0083a7a18b56280f7239?s=96&d=mm&r=g","caption":"admAT"},"sameAs":["https:\/\/www.armandotesta.it"],"url":"https:\/\/www.armandotesta.it\/it\/author\/admat\/"}]}},"_links":{"self":[{"href":"https:\/\/www.armandotesta.it\/it\/wp-json\/wp\/v2\/posts\/24863","targetHints":{"allow":["GET"]}}],"collection":[{"href":"https:\/\/www.armandotesta.it\/it\/wp-json\/wp\/v2\/posts"}],"about":[{"href":"https:\/\/www.armandotesta.it\/it\/wp-json\/wp\/v2\/types\/post"}],"author":[{"embeddable":true,"href":"https:\/\/www.armandotesta.it\/it\/wp-json\/wp\/v2\/users\/1"}],"replies":[{"embeddable":true,"href":"https:\/\/www.armandotesta.it\/it\/wp-json\/wp\/v2\/comments?post=24863"}],"version-history":[{"count":1,"href":"https:\/\/www.armandotesta.it\/it\/wp-json\/wp\/v2\/posts\/24863\/revisions"}],"predecessor-version":[{"id":25791,"href":"https:\/\/www.armandotesta.it\/it\/wp-json\/wp\/v2\/posts\/24863\/revisions\/25791"}],"wp:featuredmedia":[{"embeddable":true,"href":"https:\/\/www.armandotesta.it\/it\/wp-json\/wp\/v2\/media\/20735"}],"wp:attachment":[{"href":"https:\/\/www.armandotesta.it\/it\/wp-json\/wp\/v2\/media?parent=24863"}],"wp:term":[{"taxonomy":"category","embeddable":true,"href":"https:\/\/www.armandotesta.it\/it\/wp-json\/wp\/v2\/categories?post=24863"},{"taxonomy":"post_tag","embeddable":true,"href":"https:\/\/www.armandotesta.it\/it\/wp-json\/wp\/v2\/tags?post=24863"}],"curies":[{"name":"wp","href":"https:\/\/api.w.org\/{rel}","templated":true}]}}