{"id":24856,"date":"2023-10-05T08:18:39","date_gmt":"2023-10-05T06:18:39","guid":{"rendered":"https:\/\/www.armandotesta.it\/la-tua-casa-la-tua-storia-la-campagna-tescoma-ideata-da-armando-testa-si-prepara-per-un-nuovo-capitolo-e-dedica-alle-donne-tre-illustrazioni-da-fiaba\/"},"modified":"2024-06-04T15:43:11","modified_gmt":"2024-06-04T13:43:11","slug":"la-tua-casa-la-tua-storia-la-campagna-tescoma-ideata-da-armando-testa-si-prepara-per-un-nuovo-capitolo-e-dedica-alle-donne-tre-illustrazioni-da-fiaba","status":"publish","type":"post","link":"https:\/\/www.armandotesta.it\/it\/la-tua-casa-la-tua-storia-la-campagna-tescoma-ideata-da-armando-testa-si-prepara-per-un-nuovo-capitolo-e-dedica-alle-donne-tre-illustrazioni-da-fiaba\/","title":{"rendered":"\u201cLa tua casa, la tua storia\u201d. La campagna Tescoma ideata da Armando Testa\u00a0si prepara per un nuovo capitolo e dedica alle donne tre illustrazioni da fiaba."},"content":{"rendered":"\n<p>Nella primavera del 2020, il team creativo e strategico di Armando Testa, insieme al marketing team di Tescoma, ha dato vita a una campagna costruita su un insight estremamente significativo, reso ancora pi\u00f9 rilevante dalla realt\u00e0 che tutti stavamo vivendo, essendo in pieno lockdown.<\/p>\n\n\n\n<p>Partendo dal concetto di casa, e dall\u2019analisi di come il viverla stesse mutando, era emerso come sempre di pi\u00f9 \u201ccasa\u201d non sia soltanto un luogo fisico da abitare, ma uno spazio emotivo prima ancora che funzionale, in cui mettere in scena storie personalissime e uniche, fatte di relazioni, sapori, attitudini.<\/p>\n\n\n\n<p>Da qui l\u2019idea di attingere ad uno dei mondi pi\u00f9 potenti dell\u2019immaginario collettivo: quello delle fiabe. Ispirata dunque alle favole pi\u00f9 intramontabili e belle, la campagna, con leggerezza e un tocco di ironia, ha raccontato istanti di vita in cui le persone, e i prodotti Tescoma, sono uniti nello scrivere attimi speciali. In fondo la natura stessa dei prodotti Tescoma, pensati proprio per semplificare la vita di chi li utilizza, li rende i perfetti comprimari di un racconto vicino alle persone: un giovane pap\u00e0 con una bimba che ha fame pi\u00f9 del lupo, una dolce Alice circondata da meraviglie di profumi, una mamma con sette bambini a cui preparare bont\u00e0 in un nanosecondo\u2026<\/p>\n\n\n\n<p>Una campagna studiata per essere multi media e pianificata in tv, digital, stampa, affissione, radio e punti vendita, che ha avvicinato ancora di pi\u00f9 il brand al suo target e che \u00e8 riuscita a far conoscere l\u2019offerta Tescoma e le novit\u00e0 degli ultimi lanci in un modo diretto, empatico e dunque estremamente efficace, e che ha portato ad ottime performance di vendita.<\/p>\n\n\n\n<p>Dopo due anni, e mentre gi\u00e0 si sta guardando al futuro, la volont\u00e0 \u00e8 stata celebrare il capitolo \u201cfiabe\u201d con uno stile fortemente legato al tema della campagna: la fiaba illustrata. Tre soggetti, tre prodotti, tre donne protagoniste e tre illustratori scelti nel panorama italiano e internazionale.<\/p>\n\n\n\n<p>Michelangelo Rossino ha dato vita a una modernissima e ironica strega di Biancaneve che ha inaugurato le grigliate primaverili, Lucie Queffelec a un\u2019inedita versione femminile di Hercules, che il primo maggio ha celebrato le donne e le mamme che sono una forza ogni giorno, e infine Giovanni Esposito, in arte Quasirosso, che firma la terza illustrazione in uscita il 4 di ottobre: una giovane Cenerentola, ben felice di parcheggiare la zucca per godersi a casa un caff\u00e8 buono come al bar.<\/p>\n\n\n\n<p>Tre soggetti con i quali Tescoma ha voluto porre al centro la donna come figura forte e fondamentale in tutte le sue sfaccettature, celebrandone la forza, l\u2019unicit\u00e0, la determinazione, e quell\u2019ironia tutta femminile con la quale ogni giorno le donne sanno anche cambiare le regole, e scriverne di proprie. Naturalmente con i prodotti Tescoma sempre al loro fianco, come una piccola magia all&#8217;interno della quotidianit\u00e0.<\/p>\n\n\n\n<p>\u201cLa tua casa la tua storia\u201d continuer\u00e0 nei prossimi mesi, e la creative and strategic kitchen Armando Testa \u00e8 gi\u00e0 al lavoro sugli ingredienti di una prossima evoluzione, ma le protagoniste e i protagonisti delle fiabe raccontate serviranno sempre a ricordarci che ognuno di noi \u00e8 speciale, e quando \u00e8 a casa con chi ama, ancora di pi\u00f9.<\/p>\n\n\n\n<p><strong>Credits<\/strong><\/p>\n\n\n\n<p>Direzione Creativa: Monica Pirocca e Michela Sartorio<\/p>\n\n\n\n<p>Direzione Clienti: Benedetta Buzzoni<\/p>\n\n\n\n<p>Head of Strategy: Guglielmo Pezzino<\/p>\n\n\n\n<p>Team Creativo: Chiara De Michelis, Quentin Chatelin<\/p>\n\n\n\n<p>Account: Francesca Toschi<\/p>\n\n\n\n<figure class=\"wp-block-image size-large\"><img decoding=\"async\" src=\"https:\/\/newsroom.armandotesta.it\/wp-content\/uploads\/2023\/10\/2_Tescoma-523x768.jpg\" alt=\"\" class=\"wp-image-6710\"\/><\/figure>\n\n\n\n<figure class=\"wp-block-image size-large is-resized\"><img loading=\"lazy\" decoding=\"async\" src=\"https:\/\/newsroom.armandotesta.it\/wp-content\/uploads\/2023\/10\/1_Tescoma-523x768.jpg\" alt=\"\" class=\"wp-image-6709\" width=\"523\" height=\"768\"\/><\/figure>\n\n\n\n<figure class=\"wp-block-image size-large\"><img decoding=\"async\" src=\"https:\/\/newsroom.armandotesta.it\/wp-content\/uploads\/2023\/10\/3_Tescoma-523x768.jpg\" alt=\"\" class=\"wp-image-6708\"\/><\/figure>\n","protected":false},"excerpt":{"rendered":"<p>Nella primavera del 2020, il team creativo e strategico di Armando Testa, insieme al marketing team di Tescoma, ha dato vita a una campagna costruita su un insight estremamente significativo, reso ancora pi\u00f9 rilevante dalla realt\u00e0 che tutti stavamo vivendo, essendo in pieno lockdown. Partendo dal concetto di casa, e dall\u2019analisi di come il viverla [&hellip;]<\/p>\n","protected":false},"author":1,"featured_media":20726,"comment_status":"closed","ping_status":"closed","sticky":false,"template":"","format":"standard","meta":{"_acf_changed":false,"inline_featured_image":false,"footnotes":""},"categories":[],"tags":[],"class_list":["post-24856","post","type-post","status-publish","format-standard","has-post-thumbnail","hentry"],"acf":false,"yoast_head":"<!-- This site is optimized with the Yoast SEO plugin v26.3 - https:\/\/yoast.com\/wordpress\/plugins\/seo\/ -->\n<title>\u201cLa tua casa, la tua storia\u201d. La campagna Tescoma ideata da Armando Testa\u00a0si prepara per un nuovo capitolo e dedica alle donne tre illustrazioni da fiaba. - Armando Testa<\/title>\n<meta name=\"robots\" content=\"index, follow, max-snippet:-1, max-image-preview:large, max-video-preview:-1\" \/>\n<link rel=\"canonical\" href=\"https:\/\/www.armandotesta.it\/it\/la-tua-casa-la-tua-storia-la-campagna-tescoma-ideata-da-armando-testa-si-prepara-per-un-nuovo-capitolo-e-dedica-alle-donne-tre-illustrazioni-da-fiaba\/\" \/>\n<meta property=\"og:locale\" content=\"it_IT\" \/>\n<meta property=\"og:type\" content=\"article\" \/>\n<meta property=\"og:title\" content=\"\u201cLa tua casa, la tua storia\u201d. La campagna Tescoma ideata da Armando Testa\u00a0si prepara per un nuovo capitolo e dedica alle donne tre illustrazioni da fiaba. - Armando Testa\" \/>\n<meta property=\"og:description\" content=\"Nella primavera del 2020, il team creativo e strategico di Armando Testa, insieme al marketing team di Tescoma, ha dato vita a una campagna costruita su un insight estremamente significativo, reso ancora pi\u00f9 rilevante dalla realt\u00e0 che tutti stavamo vivendo, essendo in pieno lockdown. Partendo dal concetto di casa, e dall\u2019analisi di come il viverla [&hellip;]\" \/>\n<meta property=\"og:url\" content=\"https:\/\/www.armandotesta.it\/it\/la-tua-casa-la-tua-storia-la-campagna-tescoma-ideata-da-armando-testa-si-prepara-per-un-nuovo-capitolo-e-dedica-alle-donne-tre-illustrazioni-da-fiaba\/\" \/>\n<meta property=\"og:site_name\" content=\"Armando Testa\" \/>\n<meta property=\"article:published_time\" content=\"2023-10-05T06:18:39+00:00\" \/>\n<meta property=\"article:modified_time\" content=\"2024-06-04T13:43:11+00:00\" \/>\n<meta property=\"og:image\" content=\"https:\/\/www.armandotesta.it\/wp-content\/uploads\/2024\/06\/1_Tescoma-697x1024.jpg\" \/>\n\t<meta property=\"og:image:width\" content=\"697\" \/>\n\t<meta property=\"og:image:height\" content=\"1024\" \/>\n\t<meta property=\"og:image:type\" content=\"image\/jpeg\" \/>\n<meta name=\"author\" content=\"admAT\" \/>\n<meta name=\"twitter:card\" content=\"summary_large_image\" \/>\n<meta name=\"twitter:label1\" content=\"Scritto da\" \/>\n\t<meta name=\"twitter:data1\" content=\"admAT\" \/>\n\t<meta name=\"twitter:label2\" content=\"Tempo di lettura stimato\" \/>\n\t<meta name=\"twitter:data2\" content=\"3 minuti\" \/>\n<script type=\"application\/ld+json\" class=\"yoast-schema-graph\">{\"@context\":\"https:\/\/schema.org\",\"@graph\":[{\"@type\":\"Article\",\"@id\":\"https:\/\/www.armandotesta.it\/it\/la-tua-casa-la-tua-storia-la-campagna-tescoma-ideata-da-armando-testa-si-prepara-per-un-nuovo-capitolo-e-dedica-alle-donne-tre-illustrazioni-da-fiaba\/#article\",\"isPartOf\":{\"@id\":\"https:\/\/www.armandotesta.it\/it\/la-tua-casa-la-tua-storia-la-campagna-tescoma-ideata-da-armando-testa-si-prepara-per-un-nuovo-capitolo-e-dedica-alle-donne-tre-illustrazioni-da-fiaba\/\"},\"author\":{\"name\":\"admAT\",\"@id\":\"https:\/\/www.armandotesta.it\/it\/#\/schema\/person\/46d1d2d167e5f7b857761f0d5183a848\"},\"headline\":\"\u201cLa tua casa, la tua storia\u201d. La campagna Tescoma ideata da Armando Testa\u00a0si prepara per un nuovo capitolo e dedica alle donne tre illustrazioni da fiaba.\",\"datePublished\":\"2023-10-05T06:18:39+00:00\",\"dateModified\":\"2024-06-04T13:43:11+00:00\",\"mainEntityOfPage\":{\"@id\":\"https:\/\/www.armandotesta.it\/it\/la-tua-casa-la-tua-storia-la-campagna-tescoma-ideata-da-armando-testa-si-prepara-per-un-nuovo-capitolo-e-dedica-alle-donne-tre-illustrazioni-da-fiaba\/\"},\"wordCount\":575,\"publisher\":{\"@id\":\"https:\/\/www.armandotesta.it\/it\/#organization\"},\"image\":{\"@id\":\"https:\/\/www.armandotesta.it\/it\/la-tua-casa-la-tua-storia-la-campagna-tescoma-ideata-da-armando-testa-si-prepara-per-un-nuovo-capitolo-e-dedica-alle-donne-tre-illustrazioni-da-fiaba\/#primaryimage\"},\"thumbnailUrl\":\"https:\/\/www.armandotesta.it\/wp-content\/uploads\/2024\/06\/1_Tescoma.jpg\",\"inLanguage\":\"it-IT\"},{\"@type\":\"WebPage\",\"@id\":\"https:\/\/www.armandotesta.it\/it\/la-tua-casa-la-tua-storia-la-campagna-tescoma-ideata-da-armando-testa-si-prepara-per-un-nuovo-capitolo-e-dedica-alle-donne-tre-illustrazioni-da-fiaba\/\",\"url\":\"https:\/\/www.armandotesta.it\/it\/la-tua-casa-la-tua-storia-la-campagna-tescoma-ideata-da-armando-testa-si-prepara-per-un-nuovo-capitolo-e-dedica-alle-donne-tre-illustrazioni-da-fiaba\/\",\"name\":\"\u201cLa tua casa, la tua storia\u201d. La campagna Tescoma ideata da Armando Testa\u00a0si prepara per un nuovo capitolo e dedica alle donne tre illustrazioni da fiaba. - Armando Testa\",\"isPartOf\":{\"@id\":\"https:\/\/www.armandotesta.it\/it\/#website\"},\"primaryImageOfPage\":{\"@id\":\"https:\/\/www.armandotesta.it\/it\/la-tua-casa-la-tua-storia-la-campagna-tescoma-ideata-da-armando-testa-si-prepara-per-un-nuovo-capitolo-e-dedica-alle-donne-tre-illustrazioni-da-fiaba\/#primaryimage\"},\"image\":{\"@id\":\"https:\/\/www.armandotesta.it\/it\/la-tua-casa-la-tua-storia-la-campagna-tescoma-ideata-da-armando-testa-si-prepara-per-un-nuovo-capitolo-e-dedica-alle-donne-tre-illustrazioni-da-fiaba\/#primaryimage\"},\"thumbnailUrl\":\"https:\/\/www.armandotesta.it\/wp-content\/uploads\/2024\/06\/1_Tescoma.jpg\",\"datePublished\":\"2023-10-05T06:18:39+00:00\",\"dateModified\":\"2024-06-04T13:43:11+00:00\",\"breadcrumb\":{\"@id\":\"https:\/\/www.armandotesta.it\/it\/la-tua-casa-la-tua-storia-la-campagna-tescoma-ideata-da-armando-testa-si-prepara-per-un-nuovo-capitolo-e-dedica-alle-donne-tre-illustrazioni-da-fiaba\/#breadcrumb\"},\"inLanguage\":\"it-IT\",\"potentialAction\":[{\"@type\":\"ReadAction\",\"target\":[\"https:\/\/www.armandotesta.it\/it\/la-tua-casa-la-tua-storia-la-campagna-tescoma-ideata-da-armando-testa-si-prepara-per-un-nuovo-capitolo-e-dedica-alle-donne-tre-illustrazioni-da-fiaba\/\"]}]},{\"@type\":\"ImageObject\",\"inLanguage\":\"it-IT\",\"@id\":\"https:\/\/www.armandotesta.it\/it\/la-tua-casa-la-tua-storia-la-campagna-tescoma-ideata-da-armando-testa-si-prepara-per-un-nuovo-capitolo-e-dedica-alle-donne-tre-illustrazioni-da-fiaba\/#primaryimage\",\"url\":\"https:\/\/www.armandotesta.it\/wp-content\/uploads\/2024\/06\/1_Tescoma.jpg\",\"contentUrl\":\"https:\/\/www.armandotesta.it\/wp-content\/uploads\/2024\/06\/1_Tescoma.jpg\",\"width\":1340,\"height\":1969},{\"@type\":\"BreadcrumbList\",\"@id\":\"https:\/\/www.armandotesta.it\/it\/la-tua-casa-la-tua-storia-la-campagna-tescoma-ideata-da-armando-testa-si-prepara-per-un-nuovo-capitolo-e-dedica-alle-donne-tre-illustrazioni-da-fiaba\/#breadcrumb\",\"itemListElement\":[{\"@type\":\"ListItem\",\"position\":1,\"name\":\"Home\",\"item\":\"https:\/\/www.armandotesta.it\/it\/\"},{\"@type\":\"ListItem\",\"position\":2,\"name\":\"\u201cLa tua casa, la tua storia\u201d. La campagna Tescoma ideata da Armando Testa\u00a0si prepara per un nuovo capitolo e dedica alle donne tre illustrazioni da fiaba.\"}]},{\"@type\":\"WebSite\",\"@id\":\"https:\/\/www.armandotesta.it\/it\/#website\",\"url\":\"https:\/\/www.armandotesta.it\/it\/\",\"name\":\"Armando Testa\",\"description\":\"\",\"publisher\":{\"@id\":\"https:\/\/www.armandotesta.it\/it\/#organization\"},\"potentialAction\":[{\"@type\":\"SearchAction\",\"target\":{\"@type\":\"EntryPoint\",\"urlTemplate\":\"https:\/\/www.armandotesta.it\/it\/?s={search_term_string}\"},\"query-input\":{\"@type\":\"PropertyValueSpecification\",\"valueRequired\":true,\"valueName\":\"search_term_string\"}}],\"inLanguage\":\"it-IT\"},{\"@type\":\"Organization\",\"@id\":\"https:\/\/www.armandotesta.it\/it\/#organization\",\"name\":\"Armando Testa\",\"url\":\"https:\/\/www.armandotesta.it\/it\/\",\"logo\":{\"@type\":\"ImageObject\",\"inLanguage\":\"it-IT\",\"@id\":\"https:\/\/www.armandotesta.it\/it\/#\/schema\/logo\/image\/\",\"url\":\"https:\/\/www.armandotesta.it\/wp-content\/uploads\/2024\/01\/logo-at.png\",\"contentUrl\":\"https:\/\/www.armandotesta.it\/wp-content\/uploads\/2024\/01\/logo-at.png\",\"width\":200,\"height\":200,\"caption\":\"Armando Testa\"},\"image\":{\"@id\":\"https:\/\/www.armandotesta.it\/it\/#\/schema\/logo\/image\/\"}},{\"@type\":\"Person\",\"@id\":\"https:\/\/www.armandotesta.it\/it\/#\/schema\/person\/46d1d2d167e5f7b857761f0d5183a848\",\"name\":\"admAT\",\"image\":{\"@type\":\"ImageObject\",\"inLanguage\":\"it-IT\",\"@id\":\"https:\/\/www.armandotesta.it\/it\/#\/schema\/person\/image\/\",\"url\":\"https:\/\/secure.gravatar.com\/avatar\/9772e708d87105ee06ea2e627102fade92688c33bb2e0083a7a18b56280f7239?s=96&d=mm&r=g\",\"contentUrl\":\"https:\/\/secure.gravatar.com\/avatar\/9772e708d87105ee06ea2e627102fade92688c33bb2e0083a7a18b56280f7239?s=96&d=mm&r=g\",\"caption\":\"admAT\"},\"sameAs\":[\"https:\/\/www.armandotesta.it\"],\"url\":\"https:\/\/www.armandotesta.it\/it\/author\/admat\/\"}]}<\/script>\n<!-- \/ Yoast SEO plugin. -->","yoast_head_json":{"title":"\u201cLa tua casa, la tua storia\u201d. La campagna Tescoma ideata da Armando Testa\u00a0si prepara per un nuovo capitolo e dedica alle donne tre illustrazioni da fiaba. - Armando Testa","robots":{"index":"index","follow":"follow","max-snippet":"max-snippet:-1","max-image-preview":"max-image-preview:large","max-video-preview":"max-video-preview:-1"},"canonical":"https:\/\/www.armandotesta.it\/it\/la-tua-casa-la-tua-storia-la-campagna-tescoma-ideata-da-armando-testa-si-prepara-per-un-nuovo-capitolo-e-dedica-alle-donne-tre-illustrazioni-da-fiaba\/","og_locale":"it_IT","og_type":"article","og_title":"\u201cLa tua casa, la tua storia\u201d. La campagna Tescoma ideata da Armando Testa\u00a0si prepara per un nuovo capitolo e dedica alle donne tre illustrazioni da fiaba. - Armando Testa","og_description":"Nella primavera del 2020, il team creativo e strategico di Armando Testa, insieme al marketing team di Tescoma, ha dato vita a una campagna costruita su un insight estremamente significativo, reso ancora pi\u00f9 rilevante dalla realt\u00e0 che tutti stavamo vivendo, essendo in pieno lockdown. Partendo dal concetto di casa, e dall\u2019analisi di come il viverla [&hellip;]","og_url":"https:\/\/www.armandotesta.it\/it\/la-tua-casa-la-tua-storia-la-campagna-tescoma-ideata-da-armando-testa-si-prepara-per-un-nuovo-capitolo-e-dedica-alle-donne-tre-illustrazioni-da-fiaba\/","og_site_name":"Armando Testa","article_published_time":"2023-10-05T06:18:39+00:00","article_modified_time":"2024-06-04T13:43:11+00:00","og_image":[{"width":697,"height":1024,"url":"https:\/\/www.armandotesta.it\/wp-content\/uploads\/2024\/06\/1_Tescoma-697x1024.jpg","type":"image\/jpeg"}],"author":"admAT","twitter_card":"summary_large_image","twitter_misc":{"Scritto da":"admAT","Tempo di lettura stimato":"3 minuti"},"schema":{"@context":"https:\/\/schema.org","@graph":[{"@type":"Article","@id":"https:\/\/www.armandotesta.it\/it\/la-tua-casa-la-tua-storia-la-campagna-tescoma-ideata-da-armando-testa-si-prepara-per-un-nuovo-capitolo-e-dedica-alle-donne-tre-illustrazioni-da-fiaba\/#article","isPartOf":{"@id":"https:\/\/www.armandotesta.it\/it\/la-tua-casa-la-tua-storia-la-campagna-tescoma-ideata-da-armando-testa-si-prepara-per-un-nuovo-capitolo-e-dedica-alle-donne-tre-illustrazioni-da-fiaba\/"},"author":{"name":"admAT","@id":"https:\/\/www.armandotesta.it\/it\/#\/schema\/person\/46d1d2d167e5f7b857761f0d5183a848"},"headline":"\u201cLa tua casa, la tua storia\u201d. La campagna Tescoma ideata da Armando Testa\u00a0si prepara per un nuovo capitolo e dedica alle donne tre illustrazioni da fiaba.","datePublished":"2023-10-05T06:18:39+00:00","dateModified":"2024-06-04T13:43:11+00:00","mainEntityOfPage":{"@id":"https:\/\/www.armandotesta.it\/it\/la-tua-casa-la-tua-storia-la-campagna-tescoma-ideata-da-armando-testa-si-prepara-per-un-nuovo-capitolo-e-dedica-alle-donne-tre-illustrazioni-da-fiaba\/"},"wordCount":575,"publisher":{"@id":"https:\/\/www.armandotesta.it\/it\/#organization"},"image":{"@id":"https:\/\/www.armandotesta.it\/it\/la-tua-casa-la-tua-storia-la-campagna-tescoma-ideata-da-armando-testa-si-prepara-per-un-nuovo-capitolo-e-dedica-alle-donne-tre-illustrazioni-da-fiaba\/#primaryimage"},"thumbnailUrl":"https:\/\/www.armandotesta.it\/wp-content\/uploads\/2024\/06\/1_Tescoma.jpg","inLanguage":"it-IT"},{"@type":"WebPage","@id":"https:\/\/www.armandotesta.it\/it\/la-tua-casa-la-tua-storia-la-campagna-tescoma-ideata-da-armando-testa-si-prepara-per-un-nuovo-capitolo-e-dedica-alle-donne-tre-illustrazioni-da-fiaba\/","url":"https:\/\/www.armandotesta.it\/it\/la-tua-casa-la-tua-storia-la-campagna-tescoma-ideata-da-armando-testa-si-prepara-per-un-nuovo-capitolo-e-dedica-alle-donne-tre-illustrazioni-da-fiaba\/","name":"\u201cLa tua casa, la tua storia\u201d. La campagna Tescoma ideata da Armando Testa\u00a0si prepara per un nuovo capitolo e dedica alle donne tre illustrazioni da fiaba. - Armando Testa","isPartOf":{"@id":"https:\/\/www.armandotesta.it\/it\/#website"},"primaryImageOfPage":{"@id":"https:\/\/www.armandotesta.it\/it\/la-tua-casa-la-tua-storia-la-campagna-tescoma-ideata-da-armando-testa-si-prepara-per-un-nuovo-capitolo-e-dedica-alle-donne-tre-illustrazioni-da-fiaba\/#primaryimage"},"image":{"@id":"https:\/\/www.armandotesta.it\/it\/la-tua-casa-la-tua-storia-la-campagna-tescoma-ideata-da-armando-testa-si-prepara-per-un-nuovo-capitolo-e-dedica-alle-donne-tre-illustrazioni-da-fiaba\/#primaryimage"},"thumbnailUrl":"https:\/\/www.armandotesta.it\/wp-content\/uploads\/2024\/06\/1_Tescoma.jpg","datePublished":"2023-10-05T06:18:39+00:00","dateModified":"2024-06-04T13:43:11+00:00","breadcrumb":{"@id":"https:\/\/www.armandotesta.it\/it\/la-tua-casa-la-tua-storia-la-campagna-tescoma-ideata-da-armando-testa-si-prepara-per-un-nuovo-capitolo-e-dedica-alle-donne-tre-illustrazioni-da-fiaba\/#breadcrumb"},"inLanguage":"it-IT","potentialAction":[{"@type":"ReadAction","target":["https:\/\/www.armandotesta.it\/it\/la-tua-casa-la-tua-storia-la-campagna-tescoma-ideata-da-armando-testa-si-prepara-per-un-nuovo-capitolo-e-dedica-alle-donne-tre-illustrazioni-da-fiaba\/"]}]},{"@type":"ImageObject","inLanguage":"it-IT","@id":"https:\/\/www.armandotesta.it\/it\/la-tua-casa-la-tua-storia-la-campagna-tescoma-ideata-da-armando-testa-si-prepara-per-un-nuovo-capitolo-e-dedica-alle-donne-tre-illustrazioni-da-fiaba\/#primaryimage","url":"https:\/\/www.armandotesta.it\/wp-content\/uploads\/2024\/06\/1_Tescoma.jpg","contentUrl":"https:\/\/www.armandotesta.it\/wp-content\/uploads\/2024\/06\/1_Tescoma.jpg","width":1340,"height":1969},{"@type":"BreadcrumbList","@id":"https:\/\/www.armandotesta.it\/it\/la-tua-casa-la-tua-storia-la-campagna-tescoma-ideata-da-armando-testa-si-prepara-per-un-nuovo-capitolo-e-dedica-alle-donne-tre-illustrazioni-da-fiaba\/#breadcrumb","itemListElement":[{"@type":"ListItem","position":1,"name":"Home","item":"https:\/\/www.armandotesta.it\/it\/"},{"@type":"ListItem","position":2,"name":"\u201cLa tua casa, la tua storia\u201d. La campagna Tescoma ideata da Armando Testa\u00a0si prepara per un nuovo capitolo e dedica alle donne tre illustrazioni da fiaba."}]},{"@type":"WebSite","@id":"https:\/\/www.armandotesta.it\/it\/#website","url":"https:\/\/www.armandotesta.it\/it\/","name":"Armando Testa","description":"","publisher":{"@id":"https:\/\/www.armandotesta.it\/it\/#organization"},"potentialAction":[{"@type":"SearchAction","target":{"@type":"EntryPoint","urlTemplate":"https:\/\/www.armandotesta.it\/it\/?s={search_term_string}"},"query-input":{"@type":"PropertyValueSpecification","valueRequired":true,"valueName":"search_term_string"}}],"inLanguage":"it-IT"},{"@type":"Organization","@id":"https:\/\/www.armandotesta.it\/it\/#organization","name":"Armando Testa","url":"https:\/\/www.armandotesta.it\/it\/","logo":{"@type":"ImageObject","inLanguage":"it-IT","@id":"https:\/\/www.armandotesta.it\/it\/#\/schema\/logo\/image\/","url":"https:\/\/www.armandotesta.it\/wp-content\/uploads\/2024\/01\/logo-at.png","contentUrl":"https:\/\/www.armandotesta.it\/wp-content\/uploads\/2024\/01\/logo-at.png","width":200,"height":200,"caption":"Armando Testa"},"image":{"@id":"https:\/\/www.armandotesta.it\/it\/#\/schema\/logo\/image\/"}},{"@type":"Person","@id":"https:\/\/www.armandotesta.it\/it\/#\/schema\/person\/46d1d2d167e5f7b857761f0d5183a848","name":"admAT","image":{"@type":"ImageObject","inLanguage":"it-IT","@id":"https:\/\/www.armandotesta.it\/it\/#\/schema\/person\/image\/","url":"https:\/\/secure.gravatar.com\/avatar\/9772e708d87105ee06ea2e627102fade92688c33bb2e0083a7a18b56280f7239?s=96&d=mm&r=g","contentUrl":"https:\/\/secure.gravatar.com\/avatar\/9772e708d87105ee06ea2e627102fade92688c33bb2e0083a7a18b56280f7239?s=96&d=mm&r=g","caption":"admAT"},"sameAs":["https:\/\/www.armandotesta.it"],"url":"https:\/\/www.armandotesta.it\/it\/author\/admat\/"}]}},"_links":{"self":[{"href":"https:\/\/www.armandotesta.it\/it\/wp-json\/wp\/v2\/posts\/24856","targetHints":{"allow":["GET"]}}],"collection":[{"href":"https:\/\/www.armandotesta.it\/it\/wp-json\/wp\/v2\/posts"}],"about":[{"href":"https:\/\/www.armandotesta.it\/it\/wp-json\/wp\/v2\/types\/post"}],"author":[{"embeddable":true,"href":"https:\/\/www.armandotesta.it\/it\/wp-json\/wp\/v2\/users\/1"}],"replies":[{"embeddable":true,"href":"https:\/\/www.armandotesta.it\/it\/wp-json\/wp\/v2\/comments?post=24856"}],"version-history":[{"count":1,"href":"https:\/\/www.armandotesta.it\/it\/wp-json\/wp\/v2\/posts\/24856\/revisions"}],"predecessor-version":[{"id":25784,"href":"https:\/\/www.armandotesta.it\/it\/wp-json\/wp\/v2\/posts\/24856\/revisions\/25784"}],"wp:featuredmedia":[{"embeddable":true,"href":"https:\/\/www.armandotesta.it\/it\/wp-json\/wp\/v2\/media\/20726"}],"wp:attachment":[{"href":"https:\/\/www.armandotesta.it\/it\/wp-json\/wp\/v2\/media?parent=24856"}],"wp:term":[{"taxonomy":"category","embeddable":true,"href":"https:\/\/www.armandotesta.it\/it\/wp-json\/wp\/v2\/categories?post=24856"},{"taxonomy":"post_tag","embeddable":true,"href":"https:\/\/www.armandotesta.it\/it\/wp-json\/wp\/v2\/tags?post=24856"}],"curies":[{"name":"wp","href":"https:\/\/api.w.org\/{rel}","templated":true}]}}