{"id":24851,"date":"2023-09-04T15:35:13","date_gmt":"2023-09-04T13:35:13","guid":{"rendered":"https:\/\/www.armandotesta.it\/peuterey-e-armando-testa-lanciano-la-nuova-campagna-adv-made-to-resist-extreme-dream-conditions\/"},"modified":"2024-06-04T15:43:05","modified_gmt":"2024-06-04T13:43:05","slug":"peuterey-e-armando-testa-lanciano-la-nuova-campagna-adv-made-to-resist-extreme-dream-conditions","status":"publish","type":"post","link":"https:\/\/www.armandotesta.it\/it\/peuterey-e-armando-testa-lanciano-la-nuova-campagna-adv-made-to-resist-extreme-dream-conditions\/","title":{"rendered":"Peuterey e Armando Testa lanciano la nuova campagna adv\u00a0 \u201cMade To Resist Extreme Dream Conditions\u201d"},"content":{"rendered":"\n<p>Peuterey esplora scenari immaginifici con la nuova campagna&nbsp;<em>\u201cMade to resist extreme dream conditions\u201d,&nbsp;<\/em>firmata da Armando Testa. Performanti, resistenti ed essenziali, i capi della collezione fall-winter 2023\/24 sono interpretati da nuovi sognatori, protagonisti di avventure al confine tra il reale e il fantastico. Il visual concept, creato grazie a diversi tool di Intelligenza Artificiale, ha unito il mondo della pittura con quello dell\u2019animazione.<\/p>\n\n\n\n<p>E cos\u00ec Peuterey intraprende un viaggio di scoperta in cui le proposte della prossima stagione sono immerse in ambientazioni surreali che prendono vita grazie al talento creativo del fotografo e regista Alberto Maria Colombo e all\u2019uso innovativo dell\u2019I.A. In questa dimensione sperimentale che indaga nuove potenzialit\u00e0 espressive si definisce una narrazione contemporanea del marchio, fatta di spettacolari scenari inesistenti: un habitat di farfalle, un ecosistema sottomarino, un paesaggio lunare o una pioggia di ombrelli. \u00abGli artwork sono stati creati in collaborazione con l\u2019illustratrice Anna Paladini attraverso l\u2019uso della tecnologia I.A. \u201ctext to image\u201d in cui l\u2019input di testo restituisce un output di immagini\u00bb, ha spiegato Colombo.&nbsp;<\/p>\n\n\n\n<p>Ogni scenario \u00e8 frutto della generazione di circa 1.500-2.000 foto e, per rendere al meglio il mood della campagna, la disegnatrice si \u00e8 concentrata sulla scrittura di prompt capaci di suggerire scenari immaginifici, implementando una parte di scrittura tecnica per la gestione della palette colori, armonizzata a quella dei capi. L\u2019editing e la pittura digitale hanno permesso di ricostruire una perfetta scenografia attorno alla collezione.&nbsp;<\/p>\n\n\n\n<p>A completamento del progetto, \u00e8 stato realizzato un video firmato dal creative coder \u00dcm\u00fct Yildiz con la tecnologia I.A. \u201cstable diffusion\u201d, che prevede l\u2019attivazione di un codice personalizzato per animare le immagini statiche, conferendo loro vita e movimento pur mantenendo lo stesso stile pittorico delle illustrazioni.&nbsp;Ci\u00f2 che rende il progetto Peuterey differente e all\u2019avanguardia rispetto a ci\u00f2 che \u00e8 stato fatto fino a ora \u00e8 stata la possibilit\u00e0, tramite l\u2019I.A., di animare il mondo surreale creato per le immagini still, definendo una continuit\u00e0 estetica e di linguaggio fra la campagna foto e quella video.<\/p>\n\n\n\n<p><br>Con il suo sguardo pionieristico sulla moda, grazie a cui \u00e8 riuscito a stabilire un inedito punto di contatto tra la fluidit\u00e0 dei capi tecnici e lo stile urban, Peuterey&nbsp;continua dunque&nbsp;a&nbsp;<\/p>\n\n\n\n<p>esplorare nuovi mondi e territori con il desiderio di abitarli. Lo storytelling della campagna valorizza i contenuti di performance e di attualit\u00e0 della collezione di questa stagione invernale, definita da uno stile minimal e da materiali d\u2019eccellenza.&nbsp;<\/p>\n\n\n\n<p>Sviluppata su print, outdoor, video digital e social media,&nbsp;<em>\u201cMade to resist extreme dream conditions\u201d<\/em>&nbsp;\u00e8 on air dal 15 agosto con una pianificazione a livello internazionale.<\/p>\n\n\n\n<p><\/p>\n\n\n\n<p><strong>CREDITS:<\/strong><\/p>\n\n\n\n<p><strong>Peuterey S.r.l.<\/strong><\/p>\n\n\n\n<p>Brand team: Cristina Castelli, Giovanni Lusini<\/p>\n\n\n\n<p><strong>Armando Testa S.p.A.<\/strong><\/p>\n\n\n\n<p>Direzione Creativa Esecutiva: Michele Mariani<\/p>\n\n\n\n<p>Creative Team: Barbara Ghiotti, Antonella Raso, Chiara Bonventre<\/p>\n\n\n\n<p>Direttore Clienti: Stefano Salvatore<\/p>\n\n\n\n<p>Account Executive: Martina Conterio<\/p>\n\n\n\n<p>Social media Team: Fabio Cuscun\u00e0, Sara Zavattaro<\/p>\n\n\n\n<p>Fotografo e Regista: Alberto Maria Colombo<\/p>\n\n\n\n<p>Illustratrice: Anna Paladini&nbsp;<\/p>\n\n\n\n<p>Casa di produzione: Armando Testa Studios<\/p>\n\n\n\n<figure class=\"wp-block-gallery has-nested-images columns-default is-cropped wp-block-gallery-1 is-layout-flex wp-block-gallery-is-layout-flex\">\n<figure class=\"wp-block-image size-large\"><img decoding=\"async\" data-id=\"6670\" src=\"https:\/\/newsroom.armandotesta.it\/wp-content\/uploads\/2023\/09\/PEU00443_MASTER-A4_01-543x768.jpg\" alt=\"\" class=\"wp-image-6670\"\/><\/figure>\n\n\n\n<figure class=\"wp-block-image size-large\"><img decoding=\"async\" data-id=\"6671\" src=\"https:\/\/newsroom.armandotesta.it\/wp-content\/uploads\/2023\/09\/PEU00443_MASTER-A4_02-543x768.jpg\" alt=\"\" class=\"wp-image-6671\"\/><\/figure>\n<\/figure>\n\n\n\n<figure class=\"wp-block-embed is-type-video is-provider-youtube wp-block-embed-youtube wp-embed-aspect-16-9 wp-has-aspect-ratio\"><div class=\"wp-block-embed__wrapper\">\n<iframe loading=\"lazy\" title=\"Peuterey FW23 | Made to resist extreme dream conditions\" width=\"500\" height=\"281\" src=\"https:\/\/www.youtube.com\/embed\/FgNalToqghE?feature=oembed\" frameborder=\"0\" allow=\"accelerometer; autoplay; clipboard-write; encrypted-media; gyroscope; picture-in-picture; web-share\" referrerpolicy=\"strict-origin-when-cross-origin\" allowfullscreen><\/iframe>\n<\/div><\/figure>\n","protected":false},"excerpt":{"rendered":"<p>Peuterey esplora scenari immaginifici con la nuova campagna&nbsp;\u201cMade to resist extreme dream conditions\u201d,&nbsp;firmata da Armando Testa. Performanti, resistenti ed essenziali, i capi della collezione fall-winter 2023\/24 sono interpretati da nuovi sognatori, protagonisti di avventure al confine tra il reale e il fantastico. Il visual concept, creato grazie a diversi tool di Intelligenza Artificiale, ha unito [&hellip;]<\/p>\n","protected":false},"author":1,"featured_media":20721,"comment_status":"closed","ping_status":"closed","sticky":false,"template":"","format":"standard","meta":{"_acf_changed":false,"inline_featured_image":false,"footnotes":""},"categories":[],"tags":[],"class_list":["post-24851","post","type-post","status-publish","format-standard","has-post-thumbnail","hentry"],"acf":false,"yoast_head":"<!-- This site is optimized with the Yoast SEO plugin v26.3 - https:\/\/yoast.com\/wordpress\/plugins\/seo\/ -->\n<title>Peuterey e Armando Testa lanciano la nuova campagna adv\u00a0 \u201cMade To Resist Extreme Dream Conditions\u201d - Armando Testa<\/title>\n<meta name=\"robots\" content=\"index, follow, max-snippet:-1, max-image-preview:large, max-video-preview:-1\" \/>\n<link rel=\"canonical\" href=\"https:\/\/www.armandotesta.it\/it\/peuterey-e-armando-testa-lanciano-la-nuova-campagna-adv-made-to-resist-extreme-dream-conditions\/\" \/>\n<meta property=\"og:locale\" content=\"it_IT\" \/>\n<meta property=\"og:type\" content=\"article\" \/>\n<meta property=\"og:title\" content=\"Peuterey e Armando Testa lanciano la nuova campagna adv\u00a0 \u201cMade To Resist Extreme Dream Conditions\u201d - Armando Testa\" \/>\n<meta property=\"og:description\" content=\"Peuterey esplora scenari immaginifici con la nuova campagna&nbsp;\u201cMade to resist extreme dream conditions\u201d,&nbsp;firmata da Armando Testa. Performanti, resistenti ed essenziali, i capi della collezione fall-winter 2023\/24 sono interpretati da nuovi sognatori, protagonisti di avventure al confine tra il reale e il fantastico. Il visual concept, creato grazie a diversi tool di Intelligenza Artificiale, ha unito [&hellip;]\" \/>\n<meta property=\"og:url\" content=\"https:\/\/www.armandotesta.it\/it\/peuterey-e-armando-testa-lanciano-la-nuova-campagna-adv-made-to-resist-extreme-dream-conditions\/\" \/>\n<meta property=\"og:site_name\" content=\"Armando Testa\" \/>\n<meta property=\"article:published_time\" content=\"2023-09-04T13:35:13+00:00\" \/>\n<meta property=\"article:modified_time\" content=\"2024-06-04T13:43:05+00:00\" \/>\n<meta property=\"og:image\" content=\"https:\/\/www.armandotesta.it\/wp-content\/uploads\/2024\/06\/PEU00443_MASTER-A4_01-scaled-1.jpg\" \/>\n\t<meta property=\"og:image:width\" content=\"1810\" \/>\n\t<meta property=\"og:image:height\" content=\"2560\" \/>\n\t<meta property=\"og:image:type\" content=\"image\/jpeg\" \/>\n<meta name=\"author\" content=\"admAT\" \/>\n<meta name=\"twitter:card\" content=\"summary_large_image\" \/>\n<meta name=\"twitter:label1\" content=\"Scritto da\" \/>\n\t<meta name=\"twitter:data1\" content=\"admAT\" \/>\n\t<meta name=\"twitter:label2\" content=\"Tempo di lettura stimato\" \/>\n\t<meta name=\"twitter:data2\" content=\"3 minuti\" \/>\n<script type=\"application\/ld+json\" class=\"yoast-schema-graph\">{\"@context\":\"https:\/\/schema.org\",\"@graph\":[{\"@type\":\"Article\",\"@id\":\"https:\/\/www.armandotesta.it\/it\/peuterey-e-armando-testa-lanciano-la-nuova-campagna-adv-made-to-resist-extreme-dream-conditions\/#article\",\"isPartOf\":{\"@id\":\"https:\/\/www.armandotesta.it\/it\/peuterey-e-armando-testa-lanciano-la-nuova-campagna-adv-made-to-resist-extreme-dream-conditions\/\"},\"author\":{\"name\":\"admAT\",\"@id\":\"https:\/\/www.armandotesta.it\/it\/#\/schema\/person\/46d1d2d167e5f7b857761f0d5183a848\"},\"headline\":\"Peuterey e Armando Testa lanciano la nuova campagna adv\u00a0 \u201cMade To Resist Extreme Dream Conditions\u201d\",\"datePublished\":\"2023-09-04T13:35:13+00:00\",\"dateModified\":\"2024-06-04T13:43:05+00:00\",\"mainEntityOfPage\":{\"@id\":\"https:\/\/www.armandotesta.it\/it\/peuterey-e-armando-testa-lanciano-la-nuova-campagna-adv-made-to-resist-extreme-dream-conditions\/\"},\"wordCount\":527,\"publisher\":{\"@id\":\"https:\/\/www.armandotesta.it\/it\/#organization\"},\"image\":{\"@id\":\"https:\/\/www.armandotesta.it\/it\/peuterey-e-armando-testa-lanciano-la-nuova-campagna-adv-made-to-resist-extreme-dream-conditions\/#primaryimage\"},\"thumbnailUrl\":\"https:\/\/www.armandotesta.it\/wp-content\/uploads\/2024\/06\/PEU00443_MASTER-A4_01-scaled-1.jpg\",\"inLanguage\":\"it-IT\"},{\"@type\":\"WebPage\",\"@id\":\"https:\/\/www.armandotesta.it\/it\/peuterey-e-armando-testa-lanciano-la-nuova-campagna-adv-made-to-resist-extreme-dream-conditions\/\",\"url\":\"https:\/\/www.armandotesta.it\/it\/peuterey-e-armando-testa-lanciano-la-nuova-campagna-adv-made-to-resist-extreme-dream-conditions\/\",\"name\":\"Peuterey e Armando Testa lanciano la nuova campagna adv\u00a0 \u201cMade To Resist Extreme Dream Conditions\u201d - Armando Testa\",\"isPartOf\":{\"@id\":\"https:\/\/www.armandotesta.it\/it\/#website\"},\"primaryImageOfPage\":{\"@id\":\"https:\/\/www.armandotesta.it\/it\/peuterey-e-armando-testa-lanciano-la-nuova-campagna-adv-made-to-resist-extreme-dream-conditions\/#primaryimage\"},\"image\":{\"@id\":\"https:\/\/www.armandotesta.it\/it\/peuterey-e-armando-testa-lanciano-la-nuova-campagna-adv-made-to-resist-extreme-dream-conditions\/#primaryimage\"},\"thumbnailUrl\":\"https:\/\/www.armandotesta.it\/wp-content\/uploads\/2024\/06\/PEU00443_MASTER-A4_01-scaled-1.jpg\",\"datePublished\":\"2023-09-04T13:35:13+00:00\",\"dateModified\":\"2024-06-04T13:43:05+00:00\",\"breadcrumb\":{\"@id\":\"https:\/\/www.armandotesta.it\/it\/peuterey-e-armando-testa-lanciano-la-nuova-campagna-adv-made-to-resist-extreme-dream-conditions\/#breadcrumb\"},\"inLanguage\":\"it-IT\",\"potentialAction\":[{\"@type\":\"ReadAction\",\"target\":[\"https:\/\/www.armandotesta.it\/it\/peuterey-e-armando-testa-lanciano-la-nuova-campagna-adv-made-to-resist-extreme-dream-conditions\/\"]}]},{\"@type\":\"ImageObject\",\"inLanguage\":\"it-IT\",\"@id\":\"https:\/\/www.armandotesta.it\/it\/peuterey-e-armando-testa-lanciano-la-nuova-campagna-adv-made-to-resist-extreme-dream-conditions\/#primaryimage\",\"url\":\"https:\/\/www.armandotesta.it\/wp-content\/uploads\/2024\/06\/PEU00443_MASTER-A4_01-scaled-1.jpg\",\"contentUrl\":\"https:\/\/www.armandotesta.it\/wp-content\/uploads\/2024\/06\/PEU00443_MASTER-A4_01-scaled-1.jpg\",\"width\":1810,\"height\":2560},{\"@type\":\"BreadcrumbList\",\"@id\":\"https:\/\/www.armandotesta.it\/it\/peuterey-e-armando-testa-lanciano-la-nuova-campagna-adv-made-to-resist-extreme-dream-conditions\/#breadcrumb\",\"itemListElement\":[{\"@type\":\"ListItem\",\"position\":1,\"name\":\"Home\",\"item\":\"https:\/\/www.armandotesta.it\/it\/\"},{\"@type\":\"ListItem\",\"position\":2,\"name\":\"Peuterey e Armando Testa lanciano la nuova campagna adv\u00a0 \u201cMade To Resist Extreme Dream Conditions\u201d\"}]},{\"@type\":\"WebSite\",\"@id\":\"https:\/\/www.armandotesta.it\/it\/#website\",\"url\":\"https:\/\/www.armandotesta.it\/it\/\",\"name\":\"Armando Testa\",\"description\":\"\",\"publisher\":{\"@id\":\"https:\/\/www.armandotesta.it\/it\/#organization\"},\"potentialAction\":[{\"@type\":\"SearchAction\",\"target\":{\"@type\":\"EntryPoint\",\"urlTemplate\":\"https:\/\/www.armandotesta.it\/it\/?s={search_term_string}\"},\"query-input\":{\"@type\":\"PropertyValueSpecification\",\"valueRequired\":true,\"valueName\":\"search_term_string\"}}],\"inLanguage\":\"it-IT\"},{\"@type\":\"Organization\",\"@id\":\"https:\/\/www.armandotesta.it\/it\/#organization\",\"name\":\"Armando Testa\",\"url\":\"https:\/\/www.armandotesta.it\/it\/\",\"logo\":{\"@type\":\"ImageObject\",\"inLanguage\":\"it-IT\",\"@id\":\"https:\/\/www.armandotesta.it\/it\/#\/schema\/logo\/image\/\",\"url\":\"https:\/\/www.armandotesta.it\/wp-content\/uploads\/2024\/01\/logo-at.png\",\"contentUrl\":\"https:\/\/www.armandotesta.it\/wp-content\/uploads\/2024\/01\/logo-at.png\",\"width\":200,\"height\":200,\"caption\":\"Armando Testa\"},\"image\":{\"@id\":\"https:\/\/www.armandotesta.it\/it\/#\/schema\/logo\/image\/\"}},{\"@type\":\"Person\",\"@id\":\"https:\/\/www.armandotesta.it\/it\/#\/schema\/person\/46d1d2d167e5f7b857761f0d5183a848\",\"name\":\"admAT\",\"image\":{\"@type\":\"ImageObject\",\"inLanguage\":\"it-IT\",\"@id\":\"https:\/\/www.armandotesta.it\/it\/#\/schema\/person\/image\/\",\"url\":\"https:\/\/secure.gravatar.com\/avatar\/9772e708d87105ee06ea2e627102fade92688c33bb2e0083a7a18b56280f7239?s=96&d=mm&r=g\",\"contentUrl\":\"https:\/\/secure.gravatar.com\/avatar\/9772e708d87105ee06ea2e627102fade92688c33bb2e0083a7a18b56280f7239?s=96&d=mm&r=g\",\"caption\":\"admAT\"},\"sameAs\":[\"https:\/\/www.armandotesta.it\"],\"url\":\"https:\/\/www.armandotesta.it\/it\/author\/admat\/\"}]}<\/script>\n<!-- \/ Yoast SEO plugin. -->","yoast_head_json":{"title":"Peuterey e Armando Testa lanciano la nuova campagna adv\u00a0 \u201cMade To Resist Extreme Dream Conditions\u201d - Armando Testa","robots":{"index":"index","follow":"follow","max-snippet":"max-snippet:-1","max-image-preview":"max-image-preview:large","max-video-preview":"max-video-preview:-1"},"canonical":"https:\/\/www.armandotesta.it\/it\/peuterey-e-armando-testa-lanciano-la-nuova-campagna-adv-made-to-resist-extreme-dream-conditions\/","og_locale":"it_IT","og_type":"article","og_title":"Peuterey e Armando Testa lanciano la nuova campagna adv\u00a0 \u201cMade To Resist Extreme Dream Conditions\u201d - Armando Testa","og_description":"Peuterey esplora scenari immaginifici con la nuova campagna&nbsp;\u201cMade to resist extreme dream conditions\u201d,&nbsp;firmata da Armando Testa. Performanti, resistenti ed essenziali, i capi della collezione fall-winter 2023\/24 sono interpretati da nuovi sognatori, protagonisti di avventure al confine tra il reale e il fantastico. Il visual concept, creato grazie a diversi tool di Intelligenza Artificiale, ha unito [&hellip;]","og_url":"https:\/\/www.armandotesta.it\/it\/peuterey-e-armando-testa-lanciano-la-nuova-campagna-adv-made-to-resist-extreme-dream-conditions\/","og_site_name":"Armando Testa","article_published_time":"2023-09-04T13:35:13+00:00","article_modified_time":"2024-06-04T13:43:05+00:00","og_image":[{"width":1810,"height":2560,"url":"https:\/\/www.armandotesta.it\/wp-content\/uploads\/2024\/06\/PEU00443_MASTER-A4_01-scaled-1.jpg","type":"image\/jpeg"}],"author":"admAT","twitter_card":"summary_large_image","twitter_misc":{"Scritto da":"admAT","Tempo di lettura stimato":"3 minuti"},"schema":{"@context":"https:\/\/schema.org","@graph":[{"@type":"Article","@id":"https:\/\/www.armandotesta.it\/it\/peuterey-e-armando-testa-lanciano-la-nuova-campagna-adv-made-to-resist-extreme-dream-conditions\/#article","isPartOf":{"@id":"https:\/\/www.armandotesta.it\/it\/peuterey-e-armando-testa-lanciano-la-nuova-campagna-adv-made-to-resist-extreme-dream-conditions\/"},"author":{"name":"admAT","@id":"https:\/\/www.armandotesta.it\/it\/#\/schema\/person\/46d1d2d167e5f7b857761f0d5183a848"},"headline":"Peuterey e Armando Testa lanciano la nuova campagna adv\u00a0 \u201cMade To Resist Extreme Dream Conditions\u201d","datePublished":"2023-09-04T13:35:13+00:00","dateModified":"2024-06-04T13:43:05+00:00","mainEntityOfPage":{"@id":"https:\/\/www.armandotesta.it\/it\/peuterey-e-armando-testa-lanciano-la-nuova-campagna-adv-made-to-resist-extreme-dream-conditions\/"},"wordCount":527,"publisher":{"@id":"https:\/\/www.armandotesta.it\/it\/#organization"},"image":{"@id":"https:\/\/www.armandotesta.it\/it\/peuterey-e-armando-testa-lanciano-la-nuova-campagna-adv-made-to-resist-extreme-dream-conditions\/#primaryimage"},"thumbnailUrl":"https:\/\/www.armandotesta.it\/wp-content\/uploads\/2024\/06\/PEU00443_MASTER-A4_01-scaled-1.jpg","inLanguage":"it-IT"},{"@type":"WebPage","@id":"https:\/\/www.armandotesta.it\/it\/peuterey-e-armando-testa-lanciano-la-nuova-campagna-adv-made-to-resist-extreme-dream-conditions\/","url":"https:\/\/www.armandotesta.it\/it\/peuterey-e-armando-testa-lanciano-la-nuova-campagna-adv-made-to-resist-extreme-dream-conditions\/","name":"Peuterey e Armando Testa lanciano la nuova campagna adv\u00a0 \u201cMade To Resist Extreme Dream Conditions\u201d - Armando Testa","isPartOf":{"@id":"https:\/\/www.armandotesta.it\/it\/#website"},"primaryImageOfPage":{"@id":"https:\/\/www.armandotesta.it\/it\/peuterey-e-armando-testa-lanciano-la-nuova-campagna-adv-made-to-resist-extreme-dream-conditions\/#primaryimage"},"image":{"@id":"https:\/\/www.armandotesta.it\/it\/peuterey-e-armando-testa-lanciano-la-nuova-campagna-adv-made-to-resist-extreme-dream-conditions\/#primaryimage"},"thumbnailUrl":"https:\/\/www.armandotesta.it\/wp-content\/uploads\/2024\/06\/PEU00443_MASTER-A4_01-scaled-1.jpg","datePublished":"2023-09-04T13:35:13+00:00","dateModified":"2024-06-04T13:43:05+00:00","breadcrumb":{"@id":"https:\/\/www.armandotesta.it\/it\/peuterey-e-armando-testa-lanciano-la-nuova-campagna-adv-made-to-resist-extreme-dream-conditions\/#breadcrumb"},"inLanguage":"it-IT","potentialAction":[{"@type":"ReadAction","target":["https:\/\/www.armandotesta.it\/it\/peuterey-e-armando-testa-lanciano-la-nuova-campagna-adv-made-to-resist-extreme-dream-conditions\/"]}]},{"@type":"ImageObject","inLanguage":"it-IT","@id":"https:\/\/www.armandotesta.it\/it\/peuterey-e-armando-testa-lanciano-la-nuova-campagna-adv-made-to-resist-extreme-dream-conditions\/#primaryimage","url":"https:\/\/www.armandotesta.it\/wp-content\/uploads\/2024\/06\/PEU00443_MASTER-A4_01-scaled-1.jpg","contentUrl":"https:\/\/www.armandotesta.it\/wp-content\/uploads\/2024\/06\/PEU00443_MASTER-A4_01-scaled-1.jpg","width":1810,"height":2560},{"@type":"BreadcrumbList","@id":"https:\/\/www.armandotesta.it\/it\/peuterey-e-armando-testa-lanciano-la-nuova-campagna-adv-made-to-resist-extreme-dream-conditions\/#breadcrumb","itemListElement":[{"@type":"ListItem","position":1,"name":"Home","item":"https:\/\/www.armandotesta.it\/it\/"},{"@type":"ListItem","position":2,"name":"Peuterey e Armando Testa lanciano la nuova campagna adv\u00a0 \u201cMade To Resist Extreme Dream Conditions\u201d"}]},{"@type":"WebSite","@id":"https:\/\/www.armandotesta.it\/it\/#website","url":"https:\/\/www.armandotesta.it\/it\/","name":"Armando Testa","description":"","publisher":{"@id":"https:\/\/www.armandotesta.it\/it\/#organization"},"potentialAction":[{"@type":"SearchAction","target":{"@type":"EntryPoint","urlTemplate":"https:\/\/www.armandotesta.it\/it\/?s={search_term_string}"},"query-input":{"@type":"PropertyValueSpecification","valueRequired":true,"valueName":"search_term_string"}}],"inLanguage":"it-IT"},{"@type":"Organization","@id":"https:\/\/www.armandotesta.it\/it\/#organization","name":"Armando Testa","url":"https:\/\/www.armandotesta.it\/it\/","logo":{"@type":"ImageObject","inLanguage":"it-IT","@id":"https:\/\/www.armandotesta.it\/it\/#\/schema\/logo\/image\/","url":"https:\/\/www.armandotesta.it\/wp-content\/uploads\/2024\/01\/logo-at.png","contentUrl":"https:\/\/www.armandotesta.it\/wp-content\/uploads\/2024\/01\/logo-at.png","width":200,"height":200,"caption":"Armando Testa"},"image":{"@id":"https:\/\/www.armandotesta.it\/it\/#\/schema\/logo\/image\/"}},{"@type":"Person","@id":"https:\/\/www.armandotesta.it\/it\/#\/schema\/person\/46d1d2d167e5f7b857761f0d5183a848","name":"admAT","image":{"@type":"ImageObject","inLanguage":"it-IT","@id":"https:\/\/www.armandotesta.it\/it\/#\/schema\/person\/image\/","url":"https:\/\/secure.gravatar.com\/avatar\/9772e708d87105ee06ea2e627102fade92688c33bb2e0083a7a18b56280f7239?s=96&d=mm&r=g","contentUrl":"https:\/\/secure.gravatar.com\/avatar\/9772e708d87105ee06ea2e627102fade92688c33bb2e0083a7a18b56280f7239?s=96&d=mm&r=g","caption":"admAT"},"sameAs":["https:\/\/www.armandotesta.it"],"url":"https:\/\/www.armandotesta.it\/it\/author\/admat\/"}]}},"_links":{"self":[{"href":"https:\/\/www.armandotesta.it\/it\/wp-json\/wp\/v2\/posts\/24851","targetHints":{"allow":["GET"]}}],"collection":[{"href":"https:\/\/www.armandotesta.it\/it\/wp-json\/wp\/v2\/posts"}],"about":[{"href":"https:\/\/www.armandotesta.it\/it\/wp-json\/wp\/v2\/types\/post"}],"author":[{"embeddable":true,"href":"https:\/\/www.armandotesta.it\/it\/wp-json\/wp\/v2\/users\/1"}],"replies":[{"embeddable":true,"href":"https:\/\/www.armandotesta.it\/it\/wp-json\/wp\/v2\/comments?post=24851"}],"version-history":[{"count":1,"href":"https:\/\/www.armandotesta.it\/it\/wp-json\/wp\/v2\/posts\/24851\/revisions"}],"predecessor-version":[{"id":25779,"href":"https:\/\/www.armandotesta.it\/it\/wp-json\/wp\/v2\/posts\/24851\/revisions\/25779"}],"wp:featuredmedia":[{"embeddable":true,"href":"https:\/\/www.armandotesta.it\/it\/wp-json\/wp\/v2\/media\/20721"}],"wp:attachment":[{"href":"https:\/\/www.armandotesta.it\/it\/wp-json\/wp\/v2\/media?parent=24851"}],"wp:term":[{"taxonomy":"category","embeddable":true,"href":"https:\/\/www.armandotesta.it\/it\/wp-json\/wp\/v2\/categories?post=24851"},{"taxonomy":"post_tag","embeddable":true,"href":"https:\/\/www.armandotesta.it\/it\/wp-json\/wp\/v2\/tags?post=24851"}],"curies":[{"name":"wp","href":"https:\/\/api.w.org\/{rel}","templated":true}]}}