{"id":24848,"date":"2023-07-18T17:12:42","date_gmt":"2023-07-18T15:12:42","guid":{"rendered":"https:\/\/www.armandotesta.it\/riso-gallo-e-armando-testa-riportano-sotto-i-riflettori-la-linea-basmati-da-agricoltura-sostenibile-un-riso-da-amare-chicco-dopo-chicco\/"},"modified":"2024-06-04T15:43:04","modified_gmt":"2024-06-04T13:43:04","slug":"riso-gallo-e-armando-testa-riportano-sotto-i-riflettori-la-linea-basmati-da-agricoltura-sostenibile-un-riso-da-amare-chicco-dopo-chicco","status":"publish","type":"post","link":"https:\/\/www.armandotesta.it\/it\/riso-gallo-e-armando-testa-riportano-sotto-i-riflettori-la-linea-basmati-da-agricoltura-sostenibile-un-riso-da-amare-chicco-dopo-chicco\/","title":{"rendered":"Riso Gallo e Armando Testa riportano sotto i riflettori la linea Basmati da agricoltura sostenibile: un riso da amare chicco dopo chicco.\u00a0"},"content":{"rendered":"\n<p>Riso Gallo ritorna a far parlare di s\u00e9, dei suoi valori e della sua bont\u00e0, portando on air dal 16 luglio una nuova versione dello spot firmato da Armando Testa e dedicato alla linea di Risi Basmati, gli unici in Italia provenienti da agricoltura sostenibile, e al Nero e Rosso integrali.<\/p>\n\n\n\n<p>Proprio come nel film originale, l\u2019istrionico Gallo \u00e8 protagonista di una divertente animazione in 3D in cui, dividendosi per un attimo in tre, dichiara il suo amore per l\u2019ambiente, il gusto ed il benessere: gli stessi valori che danno vita ai risi Basmati, Rosso e Nero Riso Gallo, e che possiamo ritrovare assaporandoli.<\/p>\n\n\n\n<p>Mentre il Gallo descrive la bont\u00e0 delle diverse qualit\u00e0 di riso, l\u2019animazione si interrompe per far posto ad un girato di ingredienti che si incontrano in maniera spettacolare: chicchi di riso che incrociano fiocchi di carote e freschi edamame che atterrano su un letto di riso Basmati cotto al vapore, accanto ad invitanti fettine di salmone. Una leggera versata di salsa di soia va ad ultimare una irresistibile bowl di pok\u00e9, un piatto perfetto per l\u2019estate.<\/p>\n\n\n\n<p>L\u2019inquadratura finale dello spot si sposta nuovamente sul Gallo, che ha ora di fronte a s\u00e9 l\u2019intera linea di risi. Dopo avere ricordato che provengono tutti da agricoltura sostenibile, nel suo tipico stile istrionico, lancia un canto che \u00e8 allo stesso tempo lo storico payoff del brand: Riso Gallo, chicchiricchi di fantasia.<\/p>\n\n\n\n<p>Il commercial, on air in TV e digital nel cut 20\u201d sar\u00e0 supportato da contenuti social, sempre con l\u2019inconfondibile \u201cpiglio\u201d ruspante e simpatico del Gallo e sempre con la Direzione Creativa dell\u2019Agenzia Armando Testa.<\/p>\n\n\n\n<p>La produzione \u00e8 di Armando Testa Studios. La pianificazione \u00e8 a cura di Media Italia, che dal mese di giugno \u00e8 il centro media di Riso Gallo.<\/p>\n\n\n\n<p>Credits:<\/p>\n\n\n\n<p>Direzione Creativa Esecutiva: Michele Mariani&nbsp;<\/p>\n\n\n\n<p>Team creativo: Dario D\u2019Angelo, Daniele Bona<\/p>\n\n\n\n<p>Team account: Gina Graci, Federica Cartocci<\/p>\n\n\n\n<p>Casa di produzione: Armando Testa Studios<\/p>\n\n\n\n<p>Animazione Gallo: H7-25 Studio<\/p>\n\n\n\n<p>Voce del Gallo: Paolo de Santis&nbsp;<\/p>\n\n\n\n<p>Centro media: Media Italia<\/p>\n\n\n\n<figure class=\"wp-block-image size-large\"><img decoding=\"async\" src=\"https:\/\/newsroom.armandotesta.it\/wp-content\/uploads\/2023\/07\/cuore-1024x576.png\" alt=\"\" class=\"wp-image-6625\"\/><\/figure>\n\n\n\n<figure class=\"wp-block-image size-large\"><img decoding=\"async\" src=\"https:\/\/newsroom.armandotesta.it\/wp-content\/uploads\/2023\/07\/3galli-1024x576.png\" alt=\"\" class=\"wp-image-6624\"\/><\/figure>\n\n\n\n<figure class=\"wp-block-embed is-type-video is-provider-youtube wp-block-embed-youtube wp-embed-aspect-16-9 wp-has-aspect-ratio\"><div class=\"wp-block-embed__wrapper\">\n<iframe loading=\"lazy\" title=\"Riso Gallo Sostenibilit\u00e0 Basmati\" width=\"500\" height=\"281\" src=\"https:\/\/www.youtube.com\/embed\/SKqwKt4oX5M?feature=oembed\" frameborder=\"0\" allow=\"accelerometer; autoplay; clipboard-write; encrypted-media; gyroscope; picture-in-picture; web-share\" referrerpolicy=\"strict-origin-when-cross-origin\" allowfullscreen><\/iframe>\n<\/div><\/figure>\n","protected":false},"excerpt":{"rendered":"<p>Riso Gallo ritorna a far parlare di s\u00e9, dei suoi valori e della sua bont\u00e0, portando on air dal 16 luglio una nuova versione dello spot firmato da Armando Testa e dedicato alla linea di Risi Basmati, gli unici in Italia provenienti da agricoltura sostenibile, e al Nero e Rosso integrali. Proprio come nel film [&hellip;]<\/p>\n","protected":false},"author":1,"featured_media":20716,"comment_status":"closed","ping_status":"closed","sticky":false,"template":"","format":"standard","meta":{"_acf_changed":false,"inline_featured_image":false,"footnotes":""},"categories":[],"tags":[],"class_list":["post-24848","post","type-post","status-publish","format-standard","has-post-thumbnail","hentry"],"acf":false,"yoast_head":"<!-- This site is optimized with the Yoast SEO plugin v26.3 - https:\/\/yoast.com\/wordpress\/plugins\/seo\/ -->\n<title>Riso Gallo e Armando Testa riportano sotto i riflettori la linea Basmati da agricoltura sostenibile: un riso da amare chicco dopo chicco.\u00a0 - Armando Testa<\/title>\n<meta name=\"robots\" content=\"index, follow, max-snippet:-1, max-image-preview:large, max-video-preview:-1\" \/>\n<link rel=\"canonical\" href=\"https:\/\/www.armandotesta.it\/it\/riso-gallo-e-armando-testa-riportano-sotto-i-riflettori-la-linea-basmati-da-agricoltura-sostenibile-un-riso-da-amare-chicco-dopo-chicco\/\" \/>\n<meta property=\"og:locale\" content=\"it_IT\" \/>\n<meta property=\"og:type\" content=\"article\" \/>\n<meta property=\"og:title\" content=\"Riso Gallo e Armando Testa riportano sotto i riflettori la linea Basmati da agricoltura sostenibile: un riso da amare chicco dopo chicco.\u00a0 - Armando Testa\" \/>\n<meta property=\"og:description\" content=\"Riso Gallo ritorna a far parlare di s\u00e9, dei suoi valori e della sua bont\u00e0, portando on air dal 16 luglio una nuova versione dello spot firmato da Armando Testa e dedicato alla linea di Risi Basmati, gli unici in Italia provenienti da agricoltura sostenibile, e al Nero e Rosso integrali. Proprio come nel film [&hellip;]\" \/>\n<meta property=\"og:url\" content=\"https:\/\/www.armandotesta.it\/it\/riso-gallo-e-armando-testa-riportano-sotto-i-riflettori-la-linea-basmati-da-agricoltura-sostenibile-un-riso-da-amare-chicco-dopo-chicco\/\" \/>\n<meta property=\"og:site_name\" content=\"Armando Testa\" \/>\n<meta property=\"article:published_time\" content=\"2023-07-18T15:12:42+00:00\" \/>\n<meta property=\"article:modified_time\" content=\"2024-06-04T13:43:04+00:00\" \/>\n<meta property=\"og:image\" content=\"https:\/\/www.armandotesta.it\/wp-content\/uploads\/2024\/06\/3galli-1-1024x576.png\" \/>\n\t<meta property=\"og:image:width\" content=\"1024\" \/>\n\t<meta property=\"og:image:height\" content=\"576\" \/>\n\t<meta property=\"og:image:type\" content=\"image\/png\" \/>\n<meta name=\"author\" content=\"admAT\" \/>\n<meta name=\"twitter:card\" content=\"summary_large_image\" \/>\n<meta name=\"twitter:label1\" content=\"Scritto da\" \/>\n\t<meta name=\"twitter:data1\" content=\"admAT\" \/>\n\t<meta name=\"twitter:label2\" content=\"Tempo di lettura stimato\" \/>\n\t<meta name=\"twitter:data2\" content=\"2 minuti\" \/>\n<script type=\"application\/ld+json\" class=\"yoast-schema-graph\">{\"@context\":\"https:\/\/schema.org\",\"@graph\":[{\"@type\":\"Article\",\"@id\":\"https:\/\/www.armandotesta.it\/it\/riso-gallo-e-armando-testa-riportano-sotto-i-riflettori-la-linea-basmati-da-agricoltura-sostenibile-un-riso-da-amare-chicco-dopo-chicco\/#article\",\"isPartOf\":{\"@id\":\"https:\/\/www.armandotesta.it\/it\/riso-gallo-e-armando-testa-riportano-sotto-i-riflettori-la-linea-basmati-da-agricoltura-sostenibile-un-riso-da-amare-chicco-dopo-chicco\/\"},\"author\":{\"name\":\"admAT\",\"@id\":\"https:\/\/www.armandotesta.it\/it\/#\/schema\/person\/46d1d2d167e5f7b857761f0d5183a848\"},\"headline\":\"Riso Gallo e Armando Testa riportano sotto i riflettori la linea Basmati da agricoltura sostenibile: un riso da amare chicco dopo chicco.\u00a0\",\"datePublished\":\"2023-07-18T15:12:42+00:00\",\"dateModified\":\"2024-06-04T13:43:04+00:00\",\"mainEntityOfPage\":{\"@id\":\"https:\/\/www.armandotesta.it\/it\/riso-gallo-e-armando-testa-riportano-sotto-i-riflettori-la-linea-basmati-da-agricoltura-sostenibile-un-riso-da-amare-chicco-dopo-chicco\/\"},\"wordCount\":367,\"publisher\":{\"@id\":\"https:\/\/www.armandotesta.it\/it\/#organization\"},\"image\":{\"@id\":\"https:\/\/www.armandotesta.it\/it\/riso-gallo-e-armando-testa-riportano-sotto-i-riflettori-la-linea-basmati-da-agricoltura-sostenibile-un-riso-da-amare-chicco-dopo-chicco\/#primaryimage\"},\"thumbnailUrl\":\"https:\/\/www.armandotesta.it\/wp-content\/uploads\/2024\/06\/3galli-1.png\",\"inLanguage\":\"it-IT\"},{\"@type\":\"WebPage\",\"@id\":\"https:\/\/www.armandotesta.it\/it\/riso-gallo-e-armando-testa-riportano-sotto-i-riflettori-la-linea-basmati-da-agricoltura-sostenibile-un-riso-da-amare-chicco-dopo-chicco\/\",\"url\":\"https:\/\/www.armandotesta.it\/it\/riso-gallo-e-armando-testa-riportano-sotto-i-riflettori-la-linea-basmati-da-agricoltura-sostenibile-un-riso-da-amare-chicco-dopo-chicco\/\",\"name\":\"Riso Gallo e Armando Testa riportano sotto i riflettori la linea Basmati da agricoltura sostenibile: un riso da amare chicco dopo chicco.\u00a0 - Armando Testa\",\"isPartOf\":{\"@id\":\"https:\/\/www.armandotesta.it\/it\/#website\"},\"primaryImageOfPage\":{\"@id\":\"https:\/\/www.armandotesta.it\/it\/riso-gallo-e-armando-testa-riportano-sotto-i-riflettori-la-linea-basmati-da-agricoltura-sostenibile-un-riso-da-amare-chicco-dopo-chicco\/#primaryimage\"},\"image\":{\"@id\":\"https:\/\/www.armandotesta.it\/it\/riso-gallo-e-armando-testa-riportano-sotto-i-riflettori-la-linea-basmati-da-agricoltura-sostenibile-un-riso-da-amare-chicco-dopo-chicco\/#primaryimage\"},\"thumbnailUrl\":\"https:\/\/www.armandotesta.it\/wp-content\/uploads\/2024\/06\/3galli-1.png\",\"datePublished\":\"2023-07-18T15:12:42+00:00\",\"dateModified\":\"2024-06-04T13:43:04+00:00\",\"breadcrumb\":{\"@id\":\"https:\/\/www.armandotesta.it\/it\/riso-gallo-e-armando-testa-riportano-sotto-i-riflettori-la-linea-basmati-da-agricoltura-sostenibile-un-riso-da-amare-chicco-dopo-chicco\/#breadcrumb\"},\"inLanguage\":\"it-IT\",\"potentialAction\":[{\"@type\":\"ReadAction\",\"target\":[\"https:\/\/www.armandotesta.it\/it\/riso-gallo-e-armando-testa-riportano-sotto-i-riflettori-la-linea-basmati-da-agricoltura-sostenibile-un-riso-da-amare-chicco-dopo-chicco\/\"]}]},{\"@type\":\"ImageObject\",\"inLanguage\":\"it-IT\",\"@id\":\"https:\/\/www.armandotesta.it\/it\/riso-gallo-e-armando-testa-riportano-sotto-i-riflettori-la-linea-basmati-da-agricoltura-sostenibile-un-riso-da-amare-chicco-dopo-chicco\/#primaryimage\",\"url\":\"https:\/\/www.armandotesta.it\/wp-content\/uploads\/2024\/06\/3galli-1.png\",\"contentUrl\":\"https:\/\/www.armandotesta.it\/wp-content\/uploads\/2024\/06\/3galli-1.png\",\"width\":1920,\"height\":1080},{\"@type\":\"BreadcrumbList\",\"@id\":\"https:\/\/www.armandotesta.it\/it\/riso-gallo-e-armando-testa-riportano-sotto-i-riflettori-la-linea-basmati-da-agricoltura-sostenibile-un-riso-da-amare-chicco-dopo-chicco\/#breadcrumb\",\"itemListElement\":[{\"@type\":\"ListItem\",\"position\":1,\"name\":\"Home\",\"item\":\"https:\/\/www.armandotesta.it\/it\/\"},{\"@type\":\"ListItem\",\"position\":2,\"name\":\"Riso Gallo e Armando Testa riportano sotto i riflettori la linea Basmati da agricoltura sostenibile: un riso da amare chicco dopo chicco.\u00a0\"}]},{\"@type\":\"WebSite\",\"@id\":\"https:\/\/www.armandotesta.it\/it\/#website\",\"url\":\"https:\/\/www.armandotesta.it\/it\/\",\"name\":\"Armando Testa\",\"description\":\"\",\"publisher\":{\"@id\":\"https:\/\/www.armandotesta.it\/it\/#organization\"},\"potentialAction\":[{\"@type\":\"SearchAction\",\"target\":{\"@type\":\"EntryPoint\",\"urlTemplate\":\"https:\/\/www.armandotesta.it\/it\/?s={search_term_string}\"},\"query-input\":{\"@type\":\"PropertyValueSpecification\",\"valueRequired\":true,\"valueName\":\"search_term_string\"}}],\"inLanguage\":\"it-IT\"},{\"@type\":\"Organization\",\"@id\":\"https:\/\/www.armandotesta.it\/it\/#organization\",\"name\":\"Armando Testa\",\"url\":\"https:\/\/www.armandotesta.it\/it\/\",\"logo\":{\"@type\":\"ImageObject\",\"inLanguage\":\"it-IT\",\"@id\":\"https:\/\/www.armandotesta.it\/it\/#\/schema\/logo\/image\/\",\"url\":\"https:\/\/www.armandotesta.it\/wp-content\/uploads\/2024\/01\/logo-at.png\",\"contentUrl\":\"https:\/\/www.armandotesta.it\/wp-content\/uploads\/2024\/01\/logo-at.png\",\"width\":200,\"height\":200,\"caption\":\"Armando Testa\"},\"image\":{\"@id\":\"https:\/\/www.armandotesta.it\/it\/#\/schema\/logo\/image\/\"}},{\"@type\":\"Person\",\"@id\":\"https:\/\/www.armandotesta.it\/it\/#\/schema\/person\/46d1d2d167e5f7b857761f0d5183a848\",\"name\":\"admAT\",\"image\":{\"@type\":\"ImageObject\",\"inLanguage\":\"it-IT\",\"@id\":\"https:\/\/www.armandotesta.it\/it\/#\/schema\/person\/image\/\",\"url\":\"https:\/\/secure.gravatar.com\/avatar\/9772e708d87105ee06ea2e627102fade92688c33bb2e0083a7a18b56280f7239?s=96&d=mm&r=g\",\"contentUrl\":\"https:\/\/secure.gravatar.com\/avatar\/9772e708d87105ee06ea2e627102fade92688c33bb2e0083a7a18b56280f7239?s=96&d=mm&r=g\",\"caption\":\"admAT\"},\"sameAs\":[\"https:\/\/www.armandotesta.it\"],\"url\":\"https:\/\/www.armandotesta.it\/it\/author\/admat\/\"}]}<\/script>\n<!-- \/ Yoast SEO plugin. -->","yoast_head_json":{"title":"Riso Gallo e Armando Testa riportano sotto i riflettori la linea Basmati da agricoltura sostenibile: un riso da amare chicco dopo chicco.\u00a0 - Armando Testa","robots":{"index":"index","follow":"follow","max-snippet":"max-snippet:-1","max-image-preview":"max-image-preview:large","max-video-preview":"max-video-preview:-1"},"canonical":"https:\/\/www.armandotesta.it\/it\/riso-gallo-e-armando-testa-riportano-sotto-i-riflettori-la-linea-basmati-da-agricoltura-sostenibile-un-riso-da-amare-chicco-dopo-chicco\/","og_locale":"it_IT","og_type":"article","og_title":"Riso Gallo e Armando Testa riportano sotto i riflettori la linea Basmati da agricoltura sostenibile: un riso da amare chicco dopo chicco.\u00a0 - Armando Testa","og_description":"Riso Gallo ritorna a far parlare di s\u00e9, dei suoi valori e della sua bont\u00e0, portando on air dal 16 luglio una nuova versione dello spot firmato da Armando Testa e dedicato alla linea di Risi Basmati, gli unici in Italia provenienti da agricoltura sostenibile, e al Nero e Rosso integrali. Proprio come nel film [&hellip;]","og_url":"https:\/\/www.armandotesta.it\/it\/riso-gallo-e-armando-testa-riportano-sotto-i-riflettori-la-linea-basmati-da-agricoltura-sostenibile-un-riso-da-amare-chicco-dopo-chicco\/","og_site_name":"Armando Testa","article_published_time":"2023-07-18T15:12:42+00:00","article_modified_time":"2024-06-04T13:43:04+00:00","og_image":[{"width":1024,"height":576,"url":"https:\/\/www.armandotesta.it\/wp-content\/uploads\/2024\/06\/3galli-1-1024x576.png","type":"image\/png"}],"author":"admAT","twitter_card":"summary_large_image","twitter_misc":{"Scritto da":"admAT","Tempo di lettura stimato":"2 minuti"},"schema":{"@context":"https:\/\/schema.org","@graph":[{"@type":"Article","@id":"https:\/\/www.armandotesta.it\/it\/riso-gallo-e-armando-testa-riportano-sotto-i-riflettori-la-linea-basmati-da-agricoltura-sostenibile-un-riso-da-amare-chicco-dopo-chicco\/#article","isPartOf":{"@id":"https:\/\/www.armandotesta.it\/it\/riso-gallo-e-armando-testa-riportano-sotto-i-riflettori-la-linea-basmati-da-agricoltura-sostenibile-un-riso-da-amare-chicco-dopo-chicco\/"},"author":{"name":"admAT","@id":"https:\/\/www.armandotesta.it\/it\/#\/schema\/person\/46d1d2d167e5f7b857761f0d5183a848"},"headline":"Riso Gallo e Armando Testa riportano sotto i riflettori la linea Basmati da agricoltura sostenibile: un riso da amare chicco dopo chicco.\u00a0","datePublished":"2023-07-18T15:12:42+00:00","dateModified":"2024-06-04T13:43:04+00:00","mainEntityOfPage":{"@id":"https:\/\/www.armandotesta.it\/it\/riso-gallo-e-armando-testa-riportano-sotto-i-riflettori-la-linea-basmati-da-agricoltura-sostenibile-un-riso-da-amare-chicco-dopo-chicco\/"},"wordCount":367,"publisher":{"@id":"https:\/\/www.armandotesta.it\/it\/#organization"},"image":{"@id":"https:\/\/www.armandotesta.it\/it\/riso-gallo-e-armando-testa-riportano-sotto-i-riflettori-la-linea-basmati-da-agricoltura-sostenibile-un-riso-da-amare-chicco-dopo-chicco\/#primaryimage"},"thumbnailUrl":"https:\/\/www.armandotesta.it\/wp-content\/uploads\/2024\/06\/3galli-1.png","inLanguage":"it-IT"},{"@type":"WebPage","@id":"https:\/\/www.armandotesta.it\/it\/riso-gallo-e-armando-testa-riportano-sotto-i-riflettori-la-linea-basmati-da-agricoltura-sostenibile-un-riso-da-amare-chicco-dopo-chicco\/","url":"https:\/\/www.armandotesta.it\/it\/riso-gallo-e-armando-testa-riportano-sotto-i-riflettori-la-linea-basmati-da-agricoltura-sostenibile-un-riso-da-amare-chicco-dopo-chicco\/","name":"Riso Gallo e Armando Testa riportano sotto i riflettori la linea Basmati da agricoltura sostenibile: un riso da amare chicco dopo chicco.\u00a0 - Armando Testa","isPartOf":{"@id":"https:\/\/www.armandotesta.it\/it\/#website"},"primaryImageOfPage":{"@id":"https:\/\/www.armandotesta.it\/it\/riso-gallo-e-armando-testa-riportano-sotto-i-riflettori-la-linea-basmati-da-agricoltura-sostenibile-un-riso-da-amare-chicco-dopo-chicco\/#primaryimage"},"image":{"@id":"https:\/\/www.armandotesta.it\/it\/riso-gallo-e-armando-testa-riportano-sotto-i-riflettori-la-linea-basmati-da-agricoltura-sostenibile-un-riso-da-amare-chicco-dopo-chicco\/#primaryimage"},"thumbnailUrl":"https:\/\/www.armandotesta.it\/wp-content\/uploads\/2024\/06\/3galli-1.png","datePublished":"2023-07-18T15:12:42+00:00","dateModified":"2024-06-04T13:43:04+00:00","breadcrumb":{"@id":"https:\/\/www.armandotesta.it\/it\/riso-gallo-e-armando-testa-riportano-sotto-i-riflettori-la-linea-basmati-da-agricoltura-sostenibile-un-riso-da-amare-chicco-dopo-chicco\/#breadcrumb"},"inLanguage":"it-IT","potentialAction":[{"@type":"ReadAction","target":["https:\/\/www.armandotesta.it\/it\/riso-gallo-e-armando-testa-riportano-sotto-i-riflettori-la-linea-basmati-da-agricoltura-sostenibile-un-riso-da-amare-chicco-dopo-chicco\/"]}]},{"@type":"ImageObject","inLanguage":"it-IT","@id":"https:\/\/www.armandotesta.it\/it\/riso-gallo-e-armando-testa-riportano-sotto-i-riflettori-la-linea-basmati-da-agricoltura-sostenibile-un-riso-da-amare-chicco-dopo-chicco\/#primaryimage","url":"https:\/\/www.armandotesta.it\/wp-content\/uploads\/2024\/06\/3galli-1.png","contentUrl":"https:\/\/www.armandotesta.it\/wp-content\/uploads\/2024\/06\/3galli-1.png","width":1920,"height":1080},{"@type":"BreadcrumbList","@id":"https:\/\/www.armandotesta.it\/it\/riso-gallo-e-armando-testa-riportano-sotto-i-riflettori-la-linea-basmati-da-agricoltura-sostenibile-un-riso-da-amare-chicco-dopo-chicco\/#breadcrumb","itemListElement":[{"@type":"ListItem","position":1,"name":"Home","item":"https:\/\/www.armandotesta.it\/it\/"},{"@type":"ListItem","position":2,"name":"Riso Gallo e Armando Testa riportano sotto i riflettori la linea Basmati da agricoltura sostenibile: un riso da amare chicco dopo chicco.\u00a0"}]},{"@type":"WebSite","@id":"https:\/\/www.armandotesta.it\/it\/#website","url":"https:\/\/www.armandotesta.it\/it\/","name":"Armando Testa","description":"","publisher":{"@id":"https:\/\/www.armandotesta.it\/it\/#organization"},"potentialAction":[{"@type":"SearchAction","target":{"@type":"EntryPoint","urlTemplate":"https:\/\/www.armandotesta.it\/it\/?s={search_term_string}"},"query-input":{"@type":"PropertyValueSpecification","valueRequired":true,"valueName":"search_term_string"}}],"inLanguage":"it-IT"},{"@type":"Organization","@id":"https:\/\/www.armandotesta.it\/it\/#organization","name":"Armando Testa","url":"https:\/\/www.armandotesta.it\/it\/","logo":{"@type":"ImageObject","inLanguage":"it-IT","@id":"https:\/\/www.armandotesta.it\/it\/#\/schema\/logo\/image\/","url":"https:\/\/www.armandotesta.it\/wp-content\/uploads\/2024\/01\/logo-at.png","contentUrl":"https:\/\/www.armandotesta.it\/wp-content\/uploads\/2024\/01\/logo-at.png","width":200,"height":200,"caption":"Armando Testa"},"image":{"@id":"https:\/\/www.armandotesta.it\/it\/#\/schema\/logo\/image\/"}},{"@type":"Person","@id":"https:\/\/www.armandotesta.it\/it\/#\/schema\/person\/46d1d2d167e5f7b857761f0d5183a848","name":"admAT","image":{"@type":"ImageObject","inLanguage":"it-IT","@id":"https:\/\/www.armandotesta.it\/it\/#\/schema\/person\/image\/","url":"https:\/\/secure.gravatar.com\/avatar\/9772e708d87105ee06ea2e627102fade92688c33bb2e0083a7a18b56280f7239?s=96&d=mm&r=g","contentUrl":"https:\/\/secure.gravatar.com\/avatar\/9772e708d87105ee06ea2e627102fade92688c33bb2e0083a7a18b56280f7239?s=96&d=mm&r=g","caption":"admAT"},"sameAs":["https:\/\/www.armandotesta.it"],"url":"https:\/\/www.armandotesta.it\/it\/author\/admat\/"}]}},"_links":{"self":[{"href":"https:\/\/www.armandotesta.it\/it\/wp-json\/wp\/v2\/posts\/24848","targetHints":{"allow":["GET"]}}],"collection":[{"href":"https:\/\/www.armandotesta.it\/it\/wp-json\/wp\/v2\/posts"}],"about":[{"href":"https:\/\/www.armandotesta.it\/it\/wp-json\/wp\/v2\/types\/post"}],"author":[{"embeddable":true,"href":"https:\/\/www.armandotesta.it\/it\/wp-json\/wp\/v2\/users\/1"}],"replies":[{"embeddable":true,"href":"https:\/\/www.armandotesta.it\/it\/wp-json\/wp\/v2\/comments?post=24848"}],"version-history":[{"count":1,"href":"https:\/\/www.armandotesta.it\/it\/wp-json\/wp\/v2\/posts\/24848\/revisions"}],"predecessor-version":[{"id":25776,"href":"https:\/\/www.armandotesta.it\/it\/wp-json\/wp\/v2\/posts\/24848\/revisions\/25776"}],"wp:featuredmedia":[{"embeddable":true,"href":"https:\/\/www.armandotesta.it\/it\/wp-json\/wp\/v2\/media\/20716"}],"wp:attachment":[{"href":"https:\/\/www.armandotesta.it\/it\/wp-json\/wp\/v2\/media?parent=24848"}],"wp:term":[{"taxonomy":"category","embeddable":true,"href":"https:\/\/www.armandotesta.it\/it\/wp-json\/wp\/v2\/categories?post=24848"},{"taxonomy":"post_tag","embeddable":true,"href":"https:\/\/www.armandotesta.it\/it\/wp-json\/wp\/v2\/tags?post=24848"}],"curies":[{"name":"wp","href":"https:\/\/api.w.org\/{rel}","templated":true}]}}