{"id":24845,"date":"2023-07-12T15:32:08","date_gmt":"2023-07-12T13:32:08","guid":{"rendered":"https:\/\/www.armandotesta.it\/6589\/"},"modified":"2024-06-04T15:43:03","modified_gmt":"2024-06-04T13:43:03","slug":"6589","status":"publish","type":"post","link":"https:\/\/www.armandotesta.it\/it\/6589\/","title":{"rendered":"Un viaggio nell\u2019habitat naturale della conservazione alimentare: Cuki lancia la campagna per la nuova App Cuki Save the Food con Armando Testa.\u00a0"},"content":{"rendered":"\n<p>A chi non \u00e8 mai capitato di congelare gli avanzi di cibo e poi dimenticarseli negli angoli pi\u00f9 remoti del freezer, rischiando che vengano inutilmente sprecati?<br>Il congelatore \u00e8 un elettrodomestico presente in quasi tutte le case, ma accade spesso che passi da strumento di uso quotidiano a luogo inesplorato per lunghi periodi.<br>&nbsp;<br>Cuki, che da sempre ha come mission la conservazione degli alimenti e la lotta allo spreco, lancia la nuova App Cuki Save the Food, l\u2019alleato digitale perfetto per avere il proprio freezer sempre a portata di mano.<br>&nbsp;<br>L\u2019app \u00e8 stata progettata e sviluppata dall\u2019agenzia Armando Testa: uno strumento innovativo, utile, semplice da utilizzare e offerto gratuitamente per aiutare i componenti di uno stesso nucleo familiare o chi condivide la stessa abitazione a essere consapevoli di cosa \u00e8 presente nel proprio freezer.<br>&nbsp;<br>Nella comunicazione di campagna, con un approccio creativo che mutua il linguaggio dei documentari naturalistici, il congelatore diventa proprio l\u2019ambiente \u201cnaturale\u201d della conservazione, la culla della biodiversit\u00e0 alimentare in cui i nostri cibi possono sentirsi protetti e al sicuro, sempre freschi. Conoscere il proprio freezer \u00e8 la strategia pi\u00f9 efficace per contrastare gli sprechi: con l\u2019App Cuki Save the Food tutto questo diventa possibile in maniera immediata e intuitiva.<br>&nbsp;<br>Destinata ad un uso casalingo, indipendentemente dall\u2019utilizzo dei prodotti Cuki, l\u2019App Cuki Save the Food &#8211; disponibile su Apple Store e Google Play \u2013 ci consente di sapere in ogni momento cosa \u00e8 presente nel nostro freezer e quando \u00e8 ora di scongelare i nostri cibi. 5 giorni prima della data consigliata di scongelamento, infatti, verr\u00e0 inviata una notifica sull\u2019alimento da scongelare e consumare al pi\u00f9 presto.<br>&nbsp;<br>Grazie ad un vastissimo database di oltre 350 alimenti di diverso tipo, sia freschi che cucinati, sar\u00e0 sufficiente selezionare quello che si vuole congelare e l\u2019App far\u00e0 tutto da sola, indicando nella scheda dell\u2019alimento la data di congelamento e i giorni che rimangono alla sua scongelazione. Qualora un particolare alimento non fosse presente all\u2019interno del database, sar\u00e0 in ogni momento possibile l\u2019inserimento manuale.<br>&nbsp;<br>L\u2019App \u00e8 inoltre dotata di tante altre funzionalit\u00e0, come la gestione di pi\u00f9 freezer presenti in case diverse, la condivisione del freezer con altri membri della famiglia e consigli pratici su come confezionare correttamente gli alimenti, congelarli e scongelarli nel modo pi\u00f9 appropriato.&nbsp;<br>&nbsp;<br>Dal 12 luglio parte la campagna di comunicazione integrata, costruita su un ecosistema di pi\u00f9 touchpoint: digital, social, TV e annunci stampa quotidiani.<br>La campagna prevede un contenuto video hero da 15\u201d, pillole video verticali sulle specifiche funzionalit\u00e0 dell\u2019app e contenuti statici con obiettivi di awareness e consideration.<br>&nbsp;<br>La strategia media, a cura di Media Italia, prevede un mix di player con modelli di targeting differente, con un online su diversi device CTV, Desktop, Mobile, Streaming audio.La produzione video \u00e8 a cura di Armando Testa Studios.<br>&nbsp;<br>Credits<br>&nbsp;<br>Cliente: Cuki Cofresco<br>Direttore Marketing: Carlo Bertolino<br>Brand Manager: Elisabeth Beccaris<br>Agenzia: Armando Testa<br>Direzione creativa esecutiva: Michele Mariani<br>Direzione creativa digital: Gabriella De Stefano, Paolo Fenoglio<br>Creative team: Laura Guida, Laura Celli Volta<br>Social media manager: Fabio Cuscun\u00e0, Eleonora Valerisce<br>CTO: Marco Savojardo<br>Client service: Giovanna Far\u00e8, Arianna Cipolloni, Francesca Toschi<br>Produzione: Armando Testa Studios<br>Regia: Dadomani<br>Media: Media Italia<\/p>\n\n\n\n<figure class=\"wp-block-gallery has-nested-images columns-default is-cropped wp-block-gallery-1 is-layout-flex wp-block-gallery-is-layout-flex\">\n<figure class=\"wp-block-image size-large\"><img decoding=\"async\" data-id=\"6590\" src=\"https:\/\/newsroom.armandotesta.it\/wp-content\/uploads\/2023\/07\/Cuki_1-1024x576.png\" alt=\"\" class=\"wp-image-6590\"\/><\/figure>\n\n\n\n<figure class=\"wp-block-image size-large\"><img decoding=\"async\" data-id=\"6591\" src=\"https:\/\/newsroom.armandotesta.it\/wp-content\/uploads\/2023\/07\/Cuki_2-768x768.png\" alt=\"\" class=\"wp-image-6591\"\/><\/figure>\n<\/figure>\n\n\n\n<figure class=\"wp-block-embed is-type-video is-provider-youtube wp-block-embed-youtube wp-embed-aspect-16-9 wp-has-aspect-ratio\"><div class=\"wp-block-embed__wrapper\">\n<iframe loading=\"lazy\" title=\"Cuki | Save the Food App\" width=\"500\" height=\"281\" src=\"https:\/\/www.youtube.com\/embed\/VwXOtmtv0Bg?feature=oembed\" frameborder=\"0\" allow=\"accelerometer; autoplay; clipboard-write; encrypted-media; gyroscope; picture-in-picture; web-share\" referrerpolicy=\"strict-origin-when-cross-origin\" allowfullscreen><\/iframe>\n<\/div><\/figure>\n\n\n\n<h2 class=\"wp-block-heading\"><\/h2>\n\n\n\n<h2 class=\"wp-block-heading\"><\/h2>\n\n\n\n<h2 class=\"wp-block-heading\"><\/h2>\n","protected":false},"excerpt":{"rendered":"<p>A chi non \u00e8 mai capitato di congelare gli avanzi di cibo e poi dimenticarseli negli angoli pi\u00f9 remoti del freezer, rischiando che vengano inutilmente sprecati?Il congelatore \u00e8 un elettrodomestico presente in quasi tutte le case, ma accade spesso che passi da strumento di uso quotidiano a luogo inesplorato per lunghi periodi.&nbsp;Cuki, che da sempre [&hellip;]<\/p>\n","protected":false},"author":1,"featured_media":24846,"comment_status":"closed","ping_status":"closed","sticky":false,"template":"","format":"standard","meta":{"_acf_changed":false,"inline_featured_image":false,"footnotes":""},"categories":[],"tags":[],"class_list":["post-24845","post","type-post","status-publish","format-standard","has-post-thumbnail","hentry"],"acf":false,"yoast_head":"<!-- This site is optimized with the Yoast SEO plugin v26.3 - https:\/\/yoast.com\/wordpress\/plugins\/seo\/ -->\n<title>Un viaggio nell\u2019habitat naturale della conservazione alimentare: Cuki lancia la campagna per la nuova App Cuki Save the Food con Armando Testa.\u00a0 - Armando Testa<\/title>\n<meta name=\"robots\" content=\"index, follow, max-snippet:-1, max-image-preview:large, max-video-preview:-1\" \/>\n<link rel=\"canonical\" href=\"https:\/\/www.armandotesta.it\/it\/6589\/\" \/>\n<meta property=\"og:locale\" content=\"it_IT\" \/>\n<meta property=\"og:type\" content=\"article\" \/>\n<meta property=\"og:title\" content=\"Un viaggio nell\u2019habitat naturale della conservazione alimentare: Cuki lancia la campagna per la nuova App Cuki Save the Food con Armando Testa.\u00a0 - Armando Testa\" \/>\n<meta property=\"og:description\" content=\"A chi non \u00e8 mai capitato di congelare gli avanzi di cibo e poi dimenticarseli negli angoli pi\u00f9 remoti del freezer, rischiando che vengano inutilmente sprecati?Il congelatore \u00e8 un elettrodomestico presente in quasi tutte le case, ma accade spesso che passi da strumento di uso quotidiano a luogo inesplorato per lunghi periodi.&nbsp;Cuki, che da sempre [&hellip;]\" \/>\n<meta property=\"og:url\" content=\"https:\/\/www.armandotesta.it\/it\/6589\/\" \/>\n<meta property=\"og:site_name\" content=\"Armando Testa\" \/>\n<meta property=\"article:published_time\" content=\"2023-07-12T13:32:08+00:00\" \/>\n<meta property=\"article:modified_time\" content=\"2024-06-04T13:43:03+00:00\" \/>\n<meta property=\"og:image\" content=\"https:\/\/www.armandotesta.it\/wp-content\/uploads\/2024\/06\/Cuki_1-1024x576.png\" \/>\n\t<meta property=\"og:image:width\" content=\"1024\" \/>\n\t<meta property=\"og:image:height\" content=\"576\" \/>\n\t<meta property=\"og:image:type\" content=\"image\/png\" \/>\n<meta name=\"author\" content=\"admAT\" \/>\n<meta name=\"twitter:card\" content=\"summary_large_image\" \/>\n<meta name=\"twitter:label1\" content=\"Scritto da\" \/>\n\t<meta name=\"twitter:data1\" content=\"admAT\" \/>\n\t<meta name=\"twitter:label2\" content=\"Tempo di lettura stimato\" \/>\n\t<meta name=\"twitter:data2\" content=\"3 minuti\" \/>\n<script type=\"application\/ld+json\" class=\"yoast-schema-graph\">{\"@context\":\"https:\/\/schema.org\",\"@graph\":[{\"@type\":\"Article\",\"@id\":\"https:\/\/www.armandotesta.it\/it\/6589\/#article\",\"isPartOf\":{\"@id\":\"https:\/\/www.armandotesta.it\/it\/6589\/\"},\"author\":{\"name\":\"admAT\",\"@id\":\"https:\/\/www.armandotesta.it\/it\/#\/schema\/person\/46d1d2d167e5f7b857761f0d5183a848\"},\"headline\":\"Un viaggio nell\u2019habitat naturale della conservazione alimentare: Cuki lancia la campagna per la nuova App Cuki Save the Food con Armando Testa.\u00a0\",\"datePublished\":\"2023-07-12T13:32:08+00:00\",\"dateModified\":\"2024-06-04T13:43:03+00:00\",\"mainEntityOfPage\":{\"@id\":\"https:\/\/www.armandotesta.it\/it\/6589\/\"},\"wordCount\":552,\"publisher\":{\"@id\":\"https:\/\/www.armandotesta.it\/it\/#organization\"},\"image\":{\"@id\":\"https:\/\/www.armandotesta.it\/it\/6589\/#primaryimage\"},\"thumbnailUrl\":\"https:\/\/www.armandotesta.it\/wp-content\/uploads\/2024\/06\/Cuki_1.png\",\"inLanguage\":\"it-IT\"},{\"@type\":\"WebPage\",\"@id\":\"https:\/\/www.armandotesta.it\/it\/6589\/\",\"url\":\"https:\/\/www.armandotesta.it\/it\/6589\/\",\"name\":\"Un viaggio nell\u2019habitat naturale della conservazione alimentare: Cuki lancia la campagna per la nuova App Cuki Save the Food con Armando Testa.\u00a0 - Armando Testa\",\"isPartOf\":{\"@id\":\"https:\/\/www.armandotesta.it\/it\/#website\"},\"primaryImageOfPage\":{\"@id\":\"https:\/\/www.armandotesta.it\/it\/6589\/#primaryimage\"},\"image\":{\"@id\":\"https:\/\/www.armandotesta.it\/it\/6589\/#primaryimage\"},\"thumbnailUrl\":\"https:\/\/www.armandotesta.it\/wp-content\/uploads\/2024\/06\/Cuki_1.png\",\"datePublished\":\"2023-07-12T13:32:08+00:00\",\"dateModified\":\"2024-06-04T13:43:03+00:00\",\"breadcrumb\":{\"@id\":\"https:\/\/www.armandotesta.it\/it\/6589\/#breadcrumb\"},\"inLanguage\":\"it-IT\",\"potentialAction\":[{\"@type\":\"ReadAction\",\"target\":[\"https:\/\/www.armandotesta.it\/it\/6589\/\"]}]},{\"@type\":\"ImageObject\",\"inLanguage\":\"it-IT\",\"@id\":\"https:\/\/www.armandotesta.it\/it\/6589\/#primaryimage\",\"url\":\"https:\/\/www.armandotesta.it\/wp-content\/uploads\/2024\/06\/Cuki_1.png\",\"contentUrl\":\"https:\/\/www.armandotesta.it\/wp-content\/uploads\/2024\/06\/Cuki_1.png\",\"width\":1920,\"height\":1080},{\"@type\":\"BreadcrumbList\",\"@id\":\"https:\/\/www.armandotesta.it\/it\/6589\/#breadcrumb\",\"itemListElement\":[{\"@type\":\"ListItem\",\"position\":1,\"name\":\"Home\",\"item\":\"https:\/\/www.armandotesta.it\/it\/\"},{\"@type\":\"ListItem\",\"position\":2,\"name\":\"Un viaggio nell\u2019habitat naturale della conservazione alimentare: Cuki lancia la campagna per la nuova App Cuki Save the Food con Armando Testa.\u00a0\"}]},{\"@type\":\"WebSite\",\"@id\":\"https:\/\/www.armandotesta.it\/it\/#website\",\"url\":\"https:\/\/www.armandotesta.it\/it\/\",\"name\":\"Armando Testa\",\"description\":\"\",\"publisher\":{\"@id\":\"https:\/\/www.armandotesta.it\/it\/#organization\"},\"potentialAction\":[{\"@type\":\"SearchAction\",\"target\":{\"@type\":\"EntryPoint\",\"urlTemplate\":\"https:\/\/www.armandotesta.it\/it\/?s={search_term_string}\"},\"query-input\":{\"@type\":\"PropertyValueSpecification\",\"valueRequired\":true,\"valueName\":\"search_term_string\"}}],\"inLanguage\":\"it-IT\"},{\"@type\":\"Organization\",\"@id\":\"https:\/\/www.armandotesta.it\/it\/#organization\",\"name\":\"Armando Testa\",\"url\":\"https:\/\/www.armandotesta.it\/it\/\",\"logo\":{\"@type\":\"ImageObject\",\"inLanguage\":\"it-IT\",\"@id\":\"https:\/\/www.armandotesta.it\/it\/#\/schema\/logo\/image\/\",\"url\":\"https:\/\/www.armandotesta.it\/wp-content\/uploads\/2024\/01\/logo-at.png\",\"contentUrl\":\"https:\/\/www.armandotesta.it\/wp-content\/uploads\/2024\/01\/logo-at.png\",\"width\":200,\"height\":200,\"caption\":\"Armando Testa\"},\"image\":{\"@id\":\"https:\/\/www.armandotesta.it\/it\/#\/schema\/logo\/image\/\"}},{\"@type\":\"Person\",\"@id\":\"https:\/\/www.armandotesta.it\/it\/#\/schema\/person\/46d1d2d167e5f7b857761f0d5183a848\",\"name\":\"admAT\",\"image\":{\"@type\":\"ImageObject\",\"inLanguage\":\"it-IT\",\"@id\":\"https:\/\/www.armandotesta.it\/it\/#\/schema\/person\/image\/\",\"url\":\"https:\/\/secure.gravatar.com\/avatar\/9772e708d87105ee06ea2e627102fade92688c33bb2e0083a7a18b56280f7239?s=96&d=mm&r=g\",\"contentUrl\":\"https:\/\/secure.gravatar.com\/avatar\/9772e708d87105ee06ea2e627102fade92688c33bb2e0083a7a18b56280f7239?s=96&d=mm&r=g\",\"caption\":\"admAT\"},\"sameAs\":[\"https:\/\/www.armandotesta.it\"],\"url\":\"https:\/\/www.armandotesta.it\/it\/author\/admat\/\"}]}<\/script>\n<!-- \/ Yoast SEO plugin. -->","yoast_head_json":{"title":"Un viaggio nell\u2019habitat naturale della conservazione alimentare: Cuki lancia la campagna per la nuova App Cuki Save the Food con Armando Testa.\u00a0 - Armando Testa","robots":{"index":"index","follow":"follow","max-snippet":"max-snippet:-1","max-image-preview":"max-image-preview:large","max-video-preview":"max-video-preview:-1"},"canonical":"https:\/\/www.armandotesta.it\/it\/6589\/","og_locale":"it_IT","og_type":"article","og_title":"Un viaggio nell\u2019habitat naturale della conservazione alimentare: Cuki lancia la campagna per la nuova App Cuki Save the Food con Armando Testa.\u00a0 - Armando Testa","og_description":"A chi non \u00e8 mai capitato di congelare gli avanzi di cibo e poi dimenticarseli negli angoli pi\u00f9 remoti del freezer, rischiando che vengano inutilmente sprecati?Il congelatore \u00e8 un elettrodomestico presente in quasi tutte le case, ma accade spesso che passi da strumento di uso quotidiano a luogo inesplorato per lunghi periodi.&nbsp;Cuki, che da sempre [&hellip;]","og_url":"https:\/\/www.armandotesta.it\/it\/6589\/","og_site_name":"Armando Testa","article_published_time":"2023-07-12T13:32:08+00:00","article_modified_time":"2024-06-04T13:43:03+00:00","og_image":[{"width":1024,"height":576,"url":"https:\/\/www.armandotesta.it\/wp-content\/uploads\/2024\/06\/Cuki_1-1024x576.png","type":"image\/png"}],"author":"admAT","twitter_card":"summary_large_image","twitter_misc":{"Scritto da":"admAT","Tempo di lettura stimato":"3 minuti"},"schema":{"@context":"https:\/\/schema.org","@graph":[{"@type":"Article","@id":"https:\/\/www.armandotesta.it\/it\/6589\/#article","isPartOf":{"@id":"https:\/\/www.armandotesta.it\/it\/6589\/"},"author":{"name":"admAT","@id":"https:\/\/www.armandotesta.it\/it\/#\/schema\/person\/46d1d2d167e5f7b857761f0d5183a848"},"headline":"Un viaggio nell\u2019habitat naturale della conservazione alimentare: Cuki lancia la campagna per la nuova App Cuki Save the Food con Armando Testa.\u00a0","datePublished":"2023-07-12T13:32:08+00:00","dateModified":"2024-06-04T13:43:03+00:00","mainEntityOfPage":{"@id":"https:\/\/www.armandotesta.it\/it\/6589\/"},"wordCount":552,"publisher":{"@id":"https:\/\/www.armandotesta.it\/it\/#organization"},"image":{"@id":"https:\/\/www.armandotesta.it\/it\/6589\/#primaryimage"},"thumbnailUrl":"https:\/\/www.armandotesta.it\/wp-content\/uploads\/2024\/06\/Cuki_1.png","inLanguage":"it-IT"},{"@type":"WebPage","@id":"https:\/\/www.armandotesta.it\/it\/6589\/","url":"https:\/\/www.armandotesta.it\/it\/6589\/","name":"Un viaggio nell\u2019habitat naturale della conservazione alimentare: Cuki lancia la campagna per la nuova App Cuki Save the Food con Armando Testa.\u00a0 - Armando Testa","isPartOf":{"@id":"https:\/\/www.armandotesta.it\/it\/#website"},"primaryImageOfPage":{"@id":"https:\/\/www.armandotesta.it\/it\/6589\/#primaryimage"},"image":{"@id":"https:\/\/www.armandotesta.it\/it\/6589\/#primaryimage"},"thumbnailUrl":"https:\/\/www.armandotesta.it\/wp-content\/uploads\/2024\/06\/Cuki_1.png","datePublished":"2023-07-12T13:32:08+00:00","dateModified":"2024-06-04T13:43:03+00:00","breadcrumb":{"@id":"https:\/\/www.armandotesta.it\/it\/6589\/#breadcrumb"},"inLanguage":"it-IT","potentialAction":[{"@type":"ReadAction","target":["https:\/\/www.armandotesta.it\/it\/6589\/"]}]},{"@type":"ImageObject","inLanguage":"it-IT","@id":"https:\/\/www.armandotesta.it\/it\/6589\/#primaryimage","url":"https:\/\/www.armandotesta.it\/wp-content\/uploads\/2024\/06\/Cuki_1.png","contentUrl":"https:\/\/www.armandotesta.it\/wp-content\/uploads\/2024\/06\/Cuki_1.png","width":1920,"height":1080},{"@type":"BreadcrumbList","@id":"https:\/\/www.armandotesta.it\/it\/6589\/#breadcrumb","itemListElement":[{"@type":"ListItem","position":1,"name":"Home","item":"https:\/\/www.armandotesta.it\/it\/"},{"@type":"ListItem","position":2,"name":"Un viaggio nell\u2019habitat naturale della conservazione alimentare: Cuki lancia la campagna per la nuova App Cuki Save the Food con Armando Testa.\u00a0"}]},{"@type":"WebSite","@id":"https:\/\/www.armandotesta.it\/it\/#website","url":"https:\/\/www.armandotesta.it\/it\/","name":"Armando Testa","description":"","publisher":{"@id":"https:\/\/www.armandotesta.it\/it\/#organization"},"potentialAction":[{"@type":"SearchAction","target":{"@type":"EntryPoint","urlTemplate":"https:\/\/www.armandotesta.it\/it\/?s={search_term_string}"},"query-input":{"@type":"PropertyValueSpecification","valueRequired":true,"valueName":"search_term_string"}}],"inLanguage":"it-IT"},{"@type":"Organization","@id":"https:\/\/www.armandotesta.it\/it\/#organization","name":"Armando Testa","url":"https:\/\/www.armandotesta.it\/it\/","logo":{"@type":"ImageObject","inLanguage":"it-IT","@id":"https:\/\/www.armandotesta.it\/it\/#\/schema\/logo\/image\/","url":"https:\/\/www.armandotesta.it\/wp-content\/uploads\/2024\/01\/logo-at.png","contentUrl":"https:\/\/www.armandotesta.it\/wp-content\/uploads\/2024\/01\/logo-at.png","width":200,"height":200,"caption":"Armando Testa"},"image":{"@id":"https:\/\/www.armandotesta.it\/it\/#\/schema\/logo\/image\/"}},{"@type":"Person","@id":"https:\/\/www.armandotesta.it\/it\/#\/schema\/person\/46d1d2d167e5f7b857761f0d5183a848","name":"admAT","image":{"@type":"ImageObject","inLanguage":"it-IT","@id":"https:\/\/www.armandotesta.it\/it\/#\/schema\/person\/image\/","url":"https:\/\/secure.gravatar.com\/avatar\/9772e708d87105ee06ea2e627102fade92688c33bb2e0083a7a18b56280f7239?s=96&d=mm&r=g","contentUrl":"https:\/\/secure.gravatar.com\/avatar\/9772e708d87105ee06ea2e627102fade92688c33bb2e0083a7a18b56280f7239?s=96&d=mm&r=g","caption":"admAT"},"sameAs":["https:\/\/www.armandotesta.it"],"url":"https:\/\/www.armandotesta.it\/it\/author\/admat\/"}]}},"_links":{"self":[{"href":"https:\/\/www.armandotesta.it\/it\/wp-json\/wp\/v2\/posts\/24845","targetHints":{"allow":["GET"]}}],"collection":[{"href":"https:\/\/www.armandotesta.it\/it\/wp-json\/wp\/v2\/posts"}],"about":[{"href":"https:\/\/www.armandotesta.it\/it\/wp-json\/wp\/v2\/types\/post"}],"author":[{"embeddable":true,"href":"https:\/\/www.armandotesta.it\/it\/wp-json\/wp\/v2\/users\/1"}],"replies":[{"embeddable":true,"href":"https:\/\/www.armandotesta.it\/it\/wp-json\/wp\/v2\/comments?post=24845"}],"version-history":[{"count":1,"href":"https:\/\/www.armandotesta.it\/it\/wp-json\/wp\/v2\/posts\/24845\/revisions"}],"predecessor-version":[{"id":25773,"href":"https:\/\/www.armandotesta.it\/it\/wp-json\/wp\/v2\/posts\/24845\/revisions\/25773"}],"wp:featuredmedia":[{"embeddable":true,"href":"https:\/\/www.armandotesta.it\/it\/wp-json\/wp\/v2\/media\/24846"}],"wp:attachment":[{"href":"https:\/\/www.armandotesta.it\/it\/wp-json\/wp\/v2\/media?parent=24845"}],"wp:term":[{"taxonomy":"category","embeddable":true,"href":"https:\/\/www.armandotesta.it\/it\/wp-json\/wp\/v2\/categories?post=24845"},{"taxonomy":"post_tag","embeddable":true,"href":"https:\/\/www.armandotesta.it\/it\/wp-json\/wp\/v2\/tags?post=24845"}],"curies":[{"name":"wp","href":"https:\/\/api.w.org\/{rel}","templated":true}]}}