{"id":24829,"date":"2023-04-13T10:31:36","date_gmt":"2023-04-13T08:31:36","guid":{"rendered":"https:\/\/www.armandotesta.it\/nuova-luce-ai-tuoi-capelli-con-biopoint-hair-lamination-e-intesta\/"},"modified":"2024-06-04T15:42:57","modified_gmt":"2024-06-04T13:42:57","slug":"nuova-luce-ai-tuoi-capelli-con-biopoint-hair-lamination-e-intesta","status":"publish","type":"post","link":"https:\/\/www.armandotesta.it\/it\/nuova-luce-ai-tuoi-capelli-con-biopoint-hair-lamination-e-intesta\/","title":{"rendered":"Nuova luce ai tuoi capelli con Biopoint Hair Lamination e InTesta."},"content":{"rendered":"\n<p><em>On air la nuova campagna TV Biopoint, per scoprire l\u2019innovativo effetto della laminazione capillare.&nbsp;<\/em><\/p>\n\n\n\n<p>Quando i capelli sono sfibrati, danneggiati e opachi non ci piace mostrarli. Preferiamo legarli o nasconderli con fasce o cappelli, per cercare di non attirare l\u2019attenzione su di loro e su di noi.&nbsp;<\/p>\n\n\n\n<p>Ma riscoprire capelli sani e corposi che splendono di nuova luce e riflettono un nuovo stato d\u2019animo &#8211;&nbsp;<em>proprio come la superficie di uno specchio&nbsp;<\/em>&#8211; \u00e8 un attimo, con il nuovissimo trattamento&nbsp;<strong>Biopoint Hair Lamination.&nbsp;<\/strong><\/p>\n\n\n\n<p>Su questo concetto si basa la nuova campagna TV di&nbsp;<strong>Sodalis Group<\/strong>&nbsp;&#8211; ideata e sviluppata da&nbsp;<strong>InTesta<\/strong>&nbsp;(Gruppo Armando Testa) &#8211; per il suo innovativo ed esclusivo&nbsp;<strong>trattamento di laminazione capelli professionale.&nbsp;<\/strong><\/p>\n\n\n\n<p>La laminazione capelli \u00e8 un trattamento riparatore e rinnovatore che sta spopolando tra le celebrities di tutto il mondo e oggi arriva finalmente nelle case di ogni donna, offrendo lo stesso risultato professionale di un salone in pochi semplici passaggi.&nbsp;<strong>Shampoo, Maschera Ricondizionante, Siero Laminante e Cristallo Gel Sublimatore<\/strong>&nbsp;sono infatti i&nbsp;<strong>4 step&nbsp;<\/strong>del programma Biopoint Hair Lamination che permette di ottenere subito una chioma brillante e luminosa, piena di riflessi e visivamente pi\u00f9 bella perch\u00e9 perfettamente sigillata e rimpolpata.<\/p>\n\n\n\n<p>Nel video, la cui regia \u00e8 stata affidata a&nbsp;<strong>Senio Zapruder<\/strong>, la protagonista \u00e8 una splendida ragazza dai bellissimi capelli castani, che si muove in un setting astratto, dalle tonalit\u00e0 che richiamano i colori del packaging. La camera ruota attorno a lei, svelandoci con rapidi movimenti e giochi di luce i suoi&nbsp;<strong>capelli: lucenti, glossati, effetto specchio 3D.&nbsp;<\/strong><\/p>\n\n\n\n<p>Gli specchi sono protagonisti, proprio perch\u00e9 uno dei risultati pi\u00f9 evidenti \u00e8&nbsp;<strong>\u201cl\u2019effetto specchio\u201d&nbsp;<\/strong>che il prodotto rende visibile sui capelli, sin dalla prima applicazione. Ma non solo: gli specchi sono anche la metafora visiva che enfatizza al meglio la reale moltiplicazione dei benefici del prodotto: capelli 4 volte pi\u00f9 idratati, 7 volte pi\u00f9 riparati e 7 volte pi\u00f9 lucenti.&nbsp;<\/p>\n\n\n\n<p>E per le consumatrici pi\u00f9 curiose, Biopoint ha realizzato anche un pratico kit con quattro mini size per provare il trattamento completo e lasciarsi conquistare dal suo effetto wow.<\/p>\n\n\n\n<p>Il&nbsp;<strong>TVC da 20\u2019\u2019&nbsp;<\/strong>\u00e8 on air&nbsp;su&nbsp;<strong>tutte le emittenti<\/strong>&nbsp;insieme a una campagna digital con tagli pi\u00f9 brevi per la fruizione social.<\/p>\n\n\n\n<p><strong>CREDITS<\/strong>:<\/p>\n\n\n\n<p>\u2022&nbsp;Agenzia: InTesta &#8211; Gruppo Armando Testa<\/p>\n\n\n\n<p>\u2022&nbsp;Direttori Creativi Esecutivi: Nicola Cellemme, Georgia Ferraro<\/p>\n\n\n\n<p>\u2022&nbsp;Team Creativo: Chiara Panattoni, Carlotta Gilardi<\/p>\n\n\n\n<p>\u2022&nbsp;Client Service: Laura Alberti, Giulia Bresciani&nbsp;<\/p>\n\n\n\n<p>\u2022\u00a0Casa di Produzione: Albatros Film<\/p>\n\n\n\n<figure class=\"wp-block-gallery has-nested-images columns-default is-cropped wp-block-gallery-1 is-layout-flex wp-block-gallery-is-layout-flex\">\n<figure class=\"wp-block-image size-large\"><img decoding=\"async\" data-id=\"6475\" src=\"https:\/\/newsroom.armandotesta.it\/wp-content\/uploads\/2023\/04\/Biopoint-1-614x768.png\" alt=\"\" class=\"wp-image-6475\"\/><\/figure>\n\n\n\n<figure class=\"wp-block-image size-large\"><img decoding=\"async\" data-id=\"6476\" src=\"https:\/\/newsroom.armandotesta.it\/wp-content\/uploads\/2023\/04\/BioPoint-599x768.jpg\" alt=\"\" class=\"wp-image-6476\"\/><\/figure>\n<\/figure>\n\n\n\n<figure class=\"wp-block-embed is-type-video is-provider-youtube wp-block-embed-youtube wp-embed-aspect-16-9 wp-has-aspect-ratio\"><div class=\"wp-block-embed__wrapper\">\n<iframe loading=\"lazy\" title=\"Biopoint Hair Lamination\" width=\"500\" height=\"281\" src=\"https:\/\/www.youtube.com\/embed\/EwGXHlBR7R8?feature=oembed\" frameborder=\"0\" allow=\"accelerometer; autoplay; clipboard-write; encrypted-media; gyroscope; picture-in-picture; web-share\" referrerpolicy=\"strict-origin-when-cross-origin\" allowfullscreen><\/iframe>\n<\/div><\/figure>\n","protected":false},"excerpt":{"rendered":"<p>On air la nuova campagna TV Biopoint, per scoprire l\u2019innovativo effetto della laminazione capillare.&nbsp; Quando i capelli sono sfibrati, danneggiati e opachi non ci piace mostrarli. Preferiamo legarli o nasconderli con fasce o cappelli, per cercare di non attirare l\u2019attenzione su di loro e su di noi.&nbsp; Ma riscoprire capelli sani e corposi che splendono [&hellip;]<\/p>\n","protected":false},"author":1,"featured_media":20695,"comment_status":"closed","ping_status":"closed","sticky":false,"template":"","format":"standard","meta":{"_acf_changed":false,"inline_featured_image":false,"footnotes":""},"categories":[],"tags":[],"class_list":["post-24829","post","type-post","status-publish","format-standard","has-post-thumbnail","hentry"],"acf":false,"yoast_head":"<!-- This site is optimized with the Yoast SEO plugin v26.3 - https:\/\/yoast.com\/wordpress\/plugins\/seo\/ -->\n<title>Nuova luce ai tuoi capelli con Biopoint Hair Lamination e InTesta. - Armando Testa<\/title>\n<meta name=\"robots\" content=\"index, follow, max-snippet:-1, max-image-preview:large, max-video-preview:-1\" \/>\n<link rel=\"canonical\" href=\"https:\/\/www.armandotesta.it\/it\/nuova-luce-ai-tuoi-capelli-con-biopoint-hair-lamination-e-intesta\/\" \/>\n<meta property=\"og:locale\" content=\"it_IT\" \/>\n<meta property=\"og:type\" content=\"article\" \/>\n<meta property=\"og:title\" content=\"Nuova luce ai tuoi capelli con Biopoint Hair Lamination e InTesta. - Armando Testa\" \/>\n<meta property=\"og:description\" content=\"On air la nuova campagna TV Biopoint, per scoprire l\u2019innovativo effetto della laminazione capillare.&nbsp; Quando i capelli sono sfibrati, danneggiati e opachi non ci piace mostrarli. Preferiamo legarli o nasconderli con fasce o cappelli, per cercare di non attirare l\u2019attenzione su di loro e su di noi.&nbsp; Ma riscoprire capelli sani e corposi che splendono [&hellip;]\" \/>\n<meta property=\"og:url\" content=\"https:\/\/www.armandotesta.it\/it\/nuova-luce-ai-tuoi-capelli-con-biopoint-hair-lamination-e-intesta\/\" \/>\n<meta property=\"og:site_name\" content=\"Armando Testa\" \/>\n<meta property=\"article:published_time\" content=\"2023-04-13T08:31:36+00:00\" \/>\n<meta property=\"article:modified_time\" content=\"2024-06-04T13:42:57+00:00\" \/>\n<meta property=\"og:image\" content=\"https:\/\/www.armandotesta.it\/wp-content\/uploads\/2024\/06\/Biopoint-1.png\" \/>\n\t<meta property=\"og:image:width\" content=\"1080\" \/>\n\t<meta property=\"og:image:height\" content=\"1350\" \/>\n\t<meta property=\"og:image:type\" content=\"image\/png\" \/>\n<meta name=\"author\" content=\"admAT\" \/>\n<meta name=\"twitter:card\" content=\"summary_large_image\" \/>\n<meta name=\"twitter:label1\" content=\"Scritto da\" \/>\n\t<meta name=\"twitter:data1\" content=\"admAT\" \/>\n\t<meta name=\"twitter:label2\" content=\"Tempo di lettura stimato\" \/>\n\t<meta name=\"twitter:data2\" content=\"2 minuti\" \/>\n<script type=\"application\/ld+json\" class=\"yoast-schema-graph\">{\"@context\":\"https:\/\/schema.org\",\"@graph\":[{\"@type\":\"Article\",\"@id\":\"https:\/\/www.armandotesta.it\/it\/nuova-luce-ai-tuoi-capelli-con-biopoint-hair-lamination-e-intesta\/#article\",\"isPartOf\":{\"@id\":\"https:\/\/www.armandotesta.it\/it\/nuova-luce-ai-tuoi-capelli-con-biopoint-hair-lamination-e-intesta\/\"},\"author\":{\"name\":\"admAT\",\"@id\":\"https:\/\/www.armandotesta.it\/it\/#\/schema\/person\/46d1d2d167e5f7b857761f0d5183a848\"},\"headline\":\"Nuova luce ai tuoi capelli con Biopoint Hair Lamination e InTesta.\",\"datePublished\":\"2023-04-13T08:31:36+00:00\",\"dateModified\":\"2024-06-04T13:42:57+00:00\",\"mainEntityOfPage\":{\"@id\":\"https:\/\/www.armandotesta.it\/it\/nuova-luce-ai-tuoi-capelli-con-biopoint-hair-lamination-e-intesta\/\"},\"wordCount\":440,\"publisher\":{\"@id\":\"https:\/\/www.armandotesta.it\/it\/#organization\"},\"image\":{\"@id\":\"https:\/\/www.armandotesta.it\/it\/nuova-luce-ai-tuoi-capelli-con-biopoint-hair-lamination-e-intesta\/#primaryimage\"},\"thumbnailUrl\":\"https:\/\/www.armandotesta.it\/wp-content\/uploads\/2024\/06\/Biopoint-1.png\",\"inLanguage\":\"it-IT\"},{\"@type\":\"WebPage\",\"@id\":\"https:\/\/www.armandotesta.it\/it\/nuova-luce-ai-tuoi-capelli-con-biopoint-hair-lamination-e-intesta\/\",\"url\":\"https:\/\/www.armandotesta.it\/it\/nuova-luce-ai-tuoi-capelli-con-biopoint-hair-lamination-e-intesta\/\",\"name\":\"Nuova luce ai tuoi capelli con Biopoint Hair Lamination e InTesta. - Armando Testa\",\"isPartOf\":{\"@id\":\"https:\/\/www.armandotesta.it\/it\/#website\"},\"primaryImageOfPage\":{\"@id\":\"https:\/\/www.armandotesta.it\/it\/nuova-luce-ai-tuoi-capelli-con-biopoint-hair-lamination-e-intesta\/#primaryimage\"},\"image\":{\"@id\":\"https:\/\/www.armandotesta.it\/it\/nuova-luce-ai-tuoi-capelli-con-biopoint-hair-lamination-e-intesta\/#primaryimage\"},\"thumbnailUrl\":\"https:\/\/www.armandotesta.it\/wp-content\/uploads\/2024\/06\/Biopoint-1.png\",\"datePublished\":\"2023-04-13T08:31:36+00:00\",\"dateModified\":\"2024-06-04T13:42:57+00:00\",\"breadcrumb\":{\"@id\":\"https:\/\/www.armandotesta.it\/it\/nuova-luce-ai-tuoi-capelli-con-biopoint-hair-lamination-e-intesta\/#breadcrumb\"},\"inLanguage\":\"it-IT\",\"potentialAction\":[{\"@type\":\"ReadAction\",\"target\":[\"https:\/\/www.armandotesta.it\/it\/nuova-luce-ai-tuoi-capelli-con-biopoint-hair-lamination-e-intesta\/\"]}]},{\"@type\":\"ImageObject\",\"inLanguage\":\"it-IT\",\"@id\":\"https:\/\/www.armandotesta.it\/it\/nuova-luce-ai-tuoi-capelli-con-biopoint-hair-lamination-e-intesta\/#primaryimage\",\"url\":\"https:\/\/www.armandotesta.it\/wp-content\/uploads\/2024\/06\/Biopoint-1.png\",\"contentUrl\":\"https:\/\/www.armandotesta.it\/wp-content\/uploads\/2024\/06\/Biopoint-1.png\",\"width\":1080,\"height\":1350},{\"@type\":\"BreadcrumbList\",\"@id\":\"https:\/\/www.armandotesta.it\/it\/nuova-luce-ai-tuoi-capelli-con-biopoint-hair-lamination-e-intesta\/#breadcrumb\",\"itemListElement\":[{\"@type\":\"ListItem\",\"position\":1,\"name\":\"Home\",\"item\":\"https:\/\/www.armandotesta.it\/it\/\"},{\"@type\":\"ListItem\",\"position\":2,\"name\":\"Nuova luce ai tuoi capelli con Biopoint Hair Lamination e InTesta.\"}]},{\"@type\":\"WebSite\",\"@id\":\"https:\/\/www.armandotesta.it\/it\/#website\",\"url\":\"https:\/\/www.armandotesta.it\/it\/\",\"name\":\"Armando Testa\",\"description\":\"\",\"publisher\":{\"@id\":\"https:\/\/www.armandotesta.it\/it\/#organization\"},\"potentialAction\":[{\"@type\":\"SearchAction\",\"target\":{\"@type\":\"EntryPoint\",\"urlTemplate\":\"https:\/\/www.armandotesta.it\/it\/?s={search_term_string}\"},\"query-input\":{\"@type\":\"PropertyValueSpecification\",\"valueRequired\":true,\"valueName\":\"search_term_string\"}}],\"inLanguage\":\"it-IT\"},{\"@type\":\"Organization\",\"@id\":\"https:\/\/www.armandotesta.it\/it\/#organization\",\"name\":\"Armando Testa\",\"url\":\"https:\/\/www.armandotesta.it\/it\/\",\"logo\":{\"@type\":\"ImageObject\",\"inLanguage\":\"it-IT\",\"@id\":\"https:\/\/www.armandotesta.it\/it\/#\/schema\/logo\/image\/\",\"url\":\"https:\/\/www.armandotesta.it\/wp-content\/uploads\/2024\/01\/logo-at.png\",\"contentUrl\":\"https:\/\/www.armandotesta.it\/wp-content\/uploads\/2024\/01\/logo-at.png\",\"width\":200,\"height\":200,\"caption\":\"Armando Testa\"},\"image\":{\"@id\":\"https:\/\/www.armandotesta.it\/it\/#\/schema\/logo\/image\/\"}},{\"@type\":\"Person\",\"@id\":\"https:\/\/www.armandotesta.it\/it\/#\/schema\/person\/46d1d2d167e5f7b857761f0d5183a848\",\"name\":\"admAT\",\"image\":{\"@type\":\"ImageObject\",\"inLanguage\":\"it-IT\",\"@id\":\"https:\/\/www.armandotesta.it\/it\/#\/schema\/person\/image\/\",\"url\":\"https:\/\/secure.gravatar.com\/avatar\/9772e708d87105ee06ea2e627102fade92688c33bb2e0083a7a18b56280f7239?s=96&d=mm&r=g\",\"contentUrl\":\"https:\/\/secure.gravatar.com\/avatar\/9772e708d87105ee06ea2e627102fade92688c33bb2e0083a7a18b56280f7239?s=96&d=mm&r=g\",\"caption\":\"admAT\"},\"sameAs\":[\"https:\/\/www.armandotesta.it\"],\"url\":\"https:\/\/www.armandotesta.it\/it\/author\/admat\/\"}]}<\/script>\n<!-- \/ Yoast SEO plugin. -->","yoast_head_json":{"title":"Nuova luce ai tuoi capelli con Biopoint Hair Lamination e InTesta. - Armando Testa","robots":{"index":"index","follow":"follow","max-snippet":"max-snippet:-1","max-image-preview":"max-image-preview:large","max-video-preview":"max-video-preview:-1"},"canonical":"https:\/\/www.armandotesta.it\/it\/nuova-luce-ai-tuoi-capelli-con-biopoint-hair-lamination-e-intesta\/","og_locale":"it_IT","og_type":"article","og_title":"Nuova luce ai tuoi capelli con Biopoint Hair Lamination e InTesta. - Armando Testa","og_description":"On air la nuova campagna TV Biopoint, per scoprire l\u2019innovativo effetto della laminazione capillare.&nbsp; Quando i capelli sono sfibrati, danneggiati e opachi non ci piace mostrarli. Preferiamo legarli o nasconderli con fasce o cappelli, per cercare di non attirare l\u2019attenzione su di loro e su di noi.&nbsp; Ma riscoprire capelli sani e corposi che splendono [&hellip;]","og_url":"https:\/\/www.armandotesta.it\/it\/nuova-luce-ai-tuoi-capelli-con-biopoint-hair-lamination-e-intesta\/","og_site_name":"Armando Testa","article_published_time":"2023-04-13T08:31:36+00:00","article_modified_time":"2024-06-04T13:42:57+00:00","og_image":[{"width":1080,"height":1350,"url":"https:\/\/www.armandotesta.it\/wp-content\/uploads\/2024\/06\/Biopoint-1.png","type":"image\/png"}],"author":"admAT","twitter_card":"summary_large_image","twitter_misc":{"Scritto da":"admAT","Tempo di lettura stimato":"2 minuti"},"schema":{"@context":"https:\/\/schema.org","@graph":[{"@type":"Article","@id":"https:\/\/www.armandotesta.it\/it\/nuova-luce-ai-tuoi-capelli-con-biopoint-hair-lamination-e-intesta\/#article","isPartOf":{"@id":"https:\/\/www.armandotesta.it\/it\/nuova-luce-ai-tuoi-capelli-con-biopoint-hair-lamination-e-intesta\/"},"author":{"name":"admAT","@id":"https:\/\/www.armandotesta.it\/it\/#\/schema\/person\/46d1d2d167e5f7b857761f0d5183a848"},"headline":"Nuova luce ai tuoi capelli con Biopoint Hair Lamination e InTesta.","datePublished":"2023-04-13T08:31:36+00:00","dateModified":"2024-06-04T13:42:57+00:00","mainEntityOfPage":{"@id":"https:\/\/www.armandotesta.it\/it\/nuova-luce-ai-tuoi-capelli-con-biopoint-hair-lamination-e-intesta\/"},"wordCount":440,"publisher":{"@id":"https:\/\/www.armandotesta.it\/it\/#organization"},"image":{"@id":"https:\/\/www.armandotesta.it\/it\/nuova-luce-ai-tuoi-capelli-con-biopoint-hair-lamination-e-intesta\/#primaryimage"},"thumbnailUrl":"https:\/\/www.armandotesta.it\/wp-content\/uploads\/2024\/06\/Biopoint-1.png","inLanguage":"it-IT"},{"@type":"WebPage","@id":"https:\/\/www.armandotesta.it\/it\/nuova-luce-ai-tuoi-capelli-con-biopoint-hair-lamination-e-intesta\/","url":"https:\/\/www.armandotesta.it\/it\/nuova-luce-ai-tuoi-capelli-con-biopoint-hair-lamination-e-intesta\/","name":"Nuova luce ai tuoi capelli con Biopoint Hair Lamination e InTesta. - Armando Testa","isPartOf":{"@id":"https:\/\/www.armandotesta.it\/it\/#website"},"primaryImageOfPage":{"@id":"https:\/\/www.armandotesta.it\/it\/nuova-luce-ai-tuoi-capelli-con-biopoint-hair-lamination-e-intesta\/#primaryimage"},"image":{"@id":"https:\/\/www.armandotesta.it\/it\/nuova-luce-ai-tuoi-capelli-con-biopoint-hair-lamination-e-intesta\/#primaryimage"},"thumbnailUrl":"https:\/\/www.armandotesta.it\/wp-content\/uploads\/2024\/06\/Biopoint-1.png","datePublished":"2023-04-13T08:31:36+00:00","dateModified":"2024-06-04T13:42:57+00:00","breadcrumb":{"@id":"https:\/\/www.armandotesta.it\/it\/nuova-luce-ai-tuoi-capelli-con-biopoint-hair-lamination-e-intesta\/#breadcrumb"},"inLanguage":"it-IT","potentialAction":[{"@type":"ReadAction","target":["https:\/\/www.armandotesta.it\/it\/nuova-luce-ai-tuoi-capelli-con-biopoint-hair-lamination-e-intesta\/"]}]},{"@type":"ImageObject","inLanguage":"it-IT","@id":"https:\/\/www.armandotesta.it\/it\/nuova-luce-ai-tuoi-capelli-con-biopoint-hair-lamination-e-intesta\/#primaryimage","url":"https:\/\/www.armandotesta.it\/wp-content\/uploads\/2024\/06\/Biopoint-1.png","contentUrl":"https:\/\/www.armandotesta.it\/wp-content\/uploads\/2024\/06\/Biopoint-1.png","width":1080,"height":1350},{"@type":"BreadcrumbList","@id":"https:\/\/www.armandotesta.it\/it\/nuova-luce-ai-tuoi-capelli-con-biopoint-hair-lamination-e-intesta\/#breadcrumb","itemListElement":[{"@type":"ListItem","position":1,"name":"Home","item":"https:\/\/www.armandotesta.it\/it\/"},{"@type":"ListItem","position":2,"name":"Nuova luce ai tuoi capelli con Biopoint Hair Lamination e InTesta."}]},{"@type":"WebSite","@id":"https:\/\/www.armandotesta.it\/it\/#website","url":"https:\/\/www.armandotesta.it\/it\/","name":"Armando Testa","description":"","publisher":{"@id":"https:\/\/www.armandotesta.it\/it\/#organization"},"potentialAction":[{"@type":"SearchAction","target":{"@type":"EntryPoint","urlTemplate":"https:\/\/www.armandotesta.it\/it\/?s={search_term_string}"},"query-input":{"@type":"PropertyValueSpecification","valueRequired":true,"valueName":"search_term_string"}}],"inLanguage":"it-IT"},{"@type":"Organization","@id":"https:\/\/www.armandotesta.it\/it\/#organization","name":"Armando Testa","url":"https:\/\/www.armandotesta.it\/it\/","logo":{"@type":"ImageObject","inLanguage":"it-IT","@id":"https:\/\/www.armandotesta.it\/it\/#\/schema\/logo\/image\/","url":"https:\/\/www.armandotesta.it\/wp-content\/uploads\/2024\/01\/logo-at.png","contentUrl":"https:\/\/www.armandotesta.it\/wp-content\/uploads\/2024\/01\/logo-at.png","width":200,"height":200,"caption":"Armando Testa"},"image":{"@id":"https:\/\/www.armandotesta.it\/it\/#\/schema\/logo\/image\/"}},{"@type":"Person","@id":"https:\/\/www.armandotesta.it\/it\/#\/schema\/person\/46d1d2d167e5f7b857761f0d5183a848","name":"admAT","image":{"@type":"ImageObject","inLanguage":"it-IT","@id":"https:\/\/www.armandotesta.it\/it\/#\/schema\/person\/image\/","url":"https:\/\/secure.gravatar.com\/avatar\/9772e708d87105ee06ea2e627102fade92688c33bb2e0083a7a18b56280f7239?s=96&d=mm&r=g","contentUrl":"https:\/\/secure.gravatar.com\/avatar\/9772e708d87105ee06ea2e627102fade92688c33bb2e0083a7a18b56280f7239?s=96&d=mm&r=g","caption":"admAT"},"sameAs":["https:\/\/www.armandotesta.it"],"url":"https:\/\/www.armandotesta.it\/it\/author\/admat\/"}]}},"_links":{"self":[{"href":"https:\/\/www.armandotesta.it\/it\/wp-json\/wp\/v2\/posts\/24829","targetHints":{"allow":["GET"]}}],"collection":[{"href":"https:\/\/www.armandotesta.it\/it\/wp-json\/wp\/v2\/posts"}],"about":[{"href":"https:\/\/www.armandotesta.it\/it\/wp-json\/wp\/v2\/types\/post"}],"author":[{"embeddable":true,"href":"https:\/\/www.armandotesta.it\/it\/wp-json\/wp\/v2\/users\/1"}],"replies":[{"embeddable":true,"href":"https:\/\/www.armandotesta.it\/it\/wp-json\/wp\/v2\/comments?post=24829"}],"version-history":[{"count":1,"href":"https:\/\/www.armandotesta.it\/it\/wp-json\/wp\/v2\/posts\/24829\/revisions"}],"predecessor-version":[{"id":25757,"href":"https:\/\/www.armandotesta.it\/it\/wp-json\/wp\/v2\/posts\/24829\/revisions\/25757"}],"wp:featuredmedia":[{"embeddable":true,"href":"https:\/\/www.armandotesta.it\/it\/wp-json\/wp\/v2\/media\/20695"}],"wp:attachment":[{"href":"https:\/\/www.armandotesta.it\/it\/wp-json\/wp\/v2\/media?parent=24829"}],"wp:term":[{"taxonomy":"category","embeddable":true,"href":"https:\/\/www.armandotesta.it\/it\/wp-json\/wp\/v2\/categories?post=24829"},{"taxonomy":"post_tag","embeddable":true,"href":"https:\/\/www.armandotesta.it\/it\/wp-json\/wp\/v2\/tags?post=24829"}],"curies":[{"name":"wp","href":"https:\/\/api.w.org\/{rel}","templated":true}]}}