{"id":24823,"date":"2023-04-04T15:58:41","date_gmt":"2023-04-04T13:58:41","guid":{"rendered":"https:\/\/www.armandotesta.it\/humangest-sceglie-lagenzia-armando-testa-per-la-nuova-campagna-la-differenza-e-nel-talento-con-victoria-cabello-in-onda-a-partire-da-sabato-1-aprile-sui-principali-canali-t\/"},"modified":"2024-06-04T15:42:54","modified_gmt":"2024-06-04T13:42:54","slug":"humangest-sceglie-lagenzia-armando-testa-per-la-nuova-campagna-la-differenza-e-nel-talento-con-victoria-cabello-in-onda-a-partire-da-sabato-1-aprile-sui-principali-canali-t","status":"publish","type":"post","link":"https:\/\/www.armandotesta.it\/it\/humangest-sceglie-lagenzia-armando-testa-per-la-nuova-campagna-la-differenza-e-nel-talento-con-victoria-cabello-in-onda-a-partire-da-sabato-1-aprile-sui-principali-canali-t\/","title":{"rendered":"<strong>Humangest sceglie l\u2019agenzia Armando Testa per la nuova campagna \u201cLa differenza \u00e8 nel talento\u201d con Victoria Cabello, in onda a partire da sabato 1 aprile sui principali canali Tv, Radio e Digital\u00a0<\/strong>"},"content":{"rendered":"\n<p><strong><em>Oltre allo spot TV, Victoria Cabello condurr\u00e0 per Humangest anche \u201cNiceJob!\u201d, un format irriverente dal tono di voce ironico, per rispondere alle principali domande sul mondo del lavoro.<\/em><\/strong><strong><em><\/em><\/strong><\/p>\n\n\n\n<p><strong><em>In ogni puntata un ospite proveniente dal mondo dello spettacolo compiler\u00e0 il suo curriculum<\/em><\/strong><strong><em>,<\/em><\/strong><strong><em>&nbsp;tra aneddoti inaspettati e riflessioni sul mondo del lavoro.<\/em><\/strong><\/p>\n\n\n\n<p>Humangest, Agenzia per il Lavoro di\u00a0SGB Humangest Holding, Gruppo\u00a0specializzato nei servizi di ricerca e selezione del personale, gamification, reclutamento, mobilit\u00e0 internazionale, formazione, outsourcing, logistica e payroll \u2013\u00a0ha scelto l\u2019agenzia leader del settore pubblicitario\u00a0<strong>Armando Testa<\/strong>\u00a0per la nuova campagna guidata dal claim \u201c<em>La differenza \u00e8 nel talento<\/em>\u201d, on air a partire da sabato 1\u00b0 aprile.<\/p>\n\n\n\n<p>Il mondo del lavoro \u00e8 piuttosto articolato e denso di interrogativi, sia da parte di chi cerca delle opportunit\u00e0 di carriera, che da parte di chi le offre. Tra i diversi settori e ruoli aziendali si nascondono, infatti, sogni e passioni, ma anche percorsi formativi e lavorativi che \u2013 in maniera pi\u00f9 o meno rapida e diretta \u2013 possono portare al raggiungimento di risultati. Soprattutto per coloro che intraprendono per la prima volta la ricerca di un impiego, ci sono dubbi, incertezze e curiosit\u00e0 che muovono delle domande, spesso inascoltate. Contestualmente, le aziende hanno bisogno di comunicare le proprie esigenze al fine di realizzare un matching efficace con i candidati.<\/p>\n\n\n\n<p>\u00c8&nbsp;in questo panorama che si inserisce la nuova campagna di Humangest. Trasmesso per la prima volta sabato 1\u00b0 aprile su Dazn, lo spot di 15\u2019\u2019 andr\u00e0 in onda per tre mesi sui principali canali TV, Radio, Digital e Social, tra cui Sky TG24, TGcom24 e Radio 24. Per la pianificazione media dell\u2019intera campagna di comunicazione, Humangest ha investito una cifra superiore al milione di euro.<\/p>\n\n\n\n<p>\u00ab<em>La campagna marketing 2023 di Humangest rappresenta un salto di qualit\u00e0 rispetto al passato ed \u00e8 un investimento mirato a raggiungere il pubblico pi\u00f9 ampio possibile e a incrementare con successo la visibilit\u00e0 del nostro brand. Coinvolgere, incuriosire e fidelizzare \u2013 sia i singoli che le aziende \u2013 \u00e8 fondamentale per stringere nuovi rapporti e fortificare quelli gi\u00e0 esistenti; abbiamo quindi deciso di farlo con i canali e gli strumenti pi\u00f9 efficaci, oltre che con grandi professionisti del mondo dello spettacolo<\/em>\u00bb<em>,<\/em><strong>&nbsp;<\/strong>commenta&nbsp;<strong>Gianluca Zelli, Amministratore Delegato di SGB Humangest Holding<\/strong>.&nbsp;\u00ab<em>Il nuovo claim Humangest legato alla campagna,&nbsp;<\/em>\u201cLa differenza \u00e8 nel talento\u201d<em>, racchiude la mission e i valori che ci portano a lavorare con passione, ogni giorno, al fine di valorizzare il talento di ciascuno e favorire l\u2019incontro perfetto tra domanda e offerta<\/em>\u00bb.<\/p>\n\n\n\n<p>Victoria Cabello, voce e volto della nuova campagna, condurr\u00e0 inoltre il talk \u201c<strong><em>NiceJob!<\/em><\/strong>\u201d. Il nuovo format di Humangest \u2013 che andr\u00e0 in onda sui canali social aziendali, con la prima puntata in programma per il prossimo 19 aprile \u2013&nbsp;&nbsp;si propone di affrontare le tematiche pi\u00f9 attuali che riguardano il mondo del lavoro, in maniera ingaggiante&nbsp;e genuina, grazie ai contributi di ospiti \u201cfuori dagli schemi\u201d. Personaggi famosi e con carriere di successo saranno infatti intervistati per scoprire da dove sono partiti, in che modo hanno mosso i primi passi e come apparirebbe il loro curriculum se dovessero compilarlo oggi. Cos\u00ec facendo, fra scambi di battute ironici e conversazioni dal tono leggero, molte delle domande che i candidati si pongono trovano risposta, grazie all\u2019esempio e alla testimonianza di chi ha avuto successo nel proprio lavoro.<\/p>\n\n\n\n<p>\u00ab<em>Lavoro e talento sono un binomio imprescindibile e con Humangest abbiamo esplorato questo tema&nbsp;<\/em><em>attraverso<\/em><em>&nbsp;un linguaggio pop che mi assomiglia molto. Mi sono divertita a compilare i curriculum&nbsp;di personaggi davvero straordinari che hanno fatto la storia. Compilare il mio curriculum oggi? Ecco, io l&#8217;inferno me lo immagino cos\u00ec!<\/em>\u00bb, dichiara&nbsp;<strong>Victoria Cabello<\/strong>, testimonial della campagna e conduttrice del format NiceJob!.<\/p>\n\n\n\n<p>La campanga ed il format NiceJob! sono stati ideati e realizzati dall\u2019agenzia Armando Testa, che si occuper\u00e0 anche della selezione degli ospiti per il talk e della registrazione delle puntate, girate con la regia di Augusto Storero e la produzione di Armando Testa Studios.<\/p>\n\n\n\n<p>\u00ab<em>Abbiamo fatto un curriculum cos\u00ec ai personaggi dello spettacolo!\u00bb<\/em>, commentano&nbsp;<strong>Jacopo Morini<\/strong>&nbsp;e&nbsp;<strong>Fabiano Pagliara<\/strong>, Direttori Creativi dell\u2019 Armando Testa.&nbsp;<em>\u00ab\u00c8 stato bello poter lavorare con un cliente autorevole che, in un settore \u201cserio\u201d come quello del lavoro, ci ha permesso di dare un taglio pop&nbsp;ed&nbsp;entertainment alla comunicazione<\/em>\u00bb.<\/p>\n\n\n\n<p>L&#8217;intero spot \u00e8 visionabile sul sito Humangest al link:&nbsp;<a href=\"http:\/\/www.humangest.it\/index.php\/human-news\/879\">www.humangest.it\/index.php\/human-news\/879<\/a><\/p>\n\n\n\n<p><strong><em>Credits Armando Testa Group:<\/em><\/strong><\/p>\n\n\n\n<p><strong>Direzione Creativa<\/strong><\/p>\n\n\n\n<p>Jacopo Morini e Fabiano Pagliara<\/p>\n\n\n\n<p><strong>Direzione clienti<\/strong><\/p>\n\n\n\n<p>Carlotta Paterlini<\/p>\n\n\n\n<p><strong>Produzione&nbsp;<\/strong><\/p>\n\n\n\n<p>Armando Testa Studios<\/p>\n\n\n\n<p><strong>Regia<\/strong><\/p>\n\n\n\n<p>Augusto Storero<\/p>\n\n\n\n<figure class=\"wp-block-embed is-type-video is-provider-youtube wp-block-embed-youtube wp-embed-aspect-16-9 wp-has-aspect-ratio\"><div class=\"wp-block-embed__wrapper\">\n<iframe loading=\"lazy\" title=\"Humangest | La differenza \u00e8 nel talento\" width=\"500\" height=\"281\" src=\"https:\/\/www.youtube.com\/embed\/VgumhYCOSvM?feature=oembed\" frameborder=\"0\" allow=\"accelerometer; autoplay; clipboard-write; encrypted-media; gyroscope; picture-in-picture; web-share\" referrerpolicy=\"strict-origin-when-cross-origin\" allowfullscreen><\/iframe>\n<\/div><\/figure>\n\n\n\n<figure class=\"wp-block-gallery has-nested-images columns-default is-cropped wp-block-gallery-1 is-layout-flex wp-block-gallery-is-layout-flex\">\n<figure class=\"wp-block-image size-large\"><img decoding=\"async\" data-id=\"6449\" src=\"https:\/\/newsroom.armandotesta.it\/wp-content\/uploads\/2023\/04\/SGB-spot-3-1024x577.jpg\" alt=\"\" class=\"wp-image-6449\"\/><\/figure>\n\n\n\n<figure class=\"wp-block-image size-large\"><img decoding=\"async\" data-id=\"6450\" src=\"https:\/\/newsroom.armandotesta.it\/wp-content\/uploads\/2023\/04\/SGB-spot-2-1024x575.jpg\" alt=\"\" class=\"wp-image-6450\"\/><\/figure>\n\n\n\n<figure class=\"wp-block-image size-large\"><img decoding=\"async\" data-id=\"6451\" src=\"https:\/\/newsroom.armandotesta.it\/wp-content\/uploads\/2023\/04\/SGB-spot-1-1024x575.jpg\" alt=\"\" class=\"wp-image-6451\"\/><\/figure>\n<\/figure>\n","protected":false},"excerpt":{"rendered":"<p>Oltre allo spot TV, Victoria Cabello condurr\u00e0 per Humangest anche \u201cNiceJob!\u201d, un format irriverente dal tono di voce ironico, per rispondere alle principali domande sul mondo del lavoro. In ogni puntata un ospite proveniente dal mondo dello spettacolo compiler\u00e0 il suo curriculum,&nbsp;tra aneddoti inaspettati e riflessioni sul mondo del lavoro. Humangest, Agenzia per il Lavoro [&hellip;]<\/p>\n","protected":false},"author":1,"featured_media":20691,"comment_status":"closed","ping_status":"closed","sticky":false,"template":"","format":"standard","meta":{"_acf_changed":false,"inline_featured_image":false,"footnotes":""},"categories":[],"tags":[],"class_list":["post-24823","post","type-post","status-publish","format-standard","has-post-thumbnail","hentry"],"acf":false,"yoast_head":"<!-- This site is optimized with the Yoast SEO plugin v26.3 - https:\/\/yoast.com\/wordpress\/plugins\/seo\/ -->\n<title>Humangest sceglie l\u2019agenzia Armando Testa per la nuova campagna \u201cLa differenza \u00e8 nel talento\u201d con Victoria Cabello, in onda a partire da sabato 1 aprile sui principali canali Tv, Radio e Digital\u00a0 - Armando Testa<\/title>\n<meta name=\"robots\" content=\"index, follow, max-snippet:-1, max-image-preview:large, max-video-preview:-1\" \/>\n<link rel=\"canonical\" href=\"https:\/\/www.armandotesta.it\/it\/humangest-sceglie-lagenzia-armando-testa-per-la-nuova-campagna-la-differenza-e-nel-talento-con-victoria-cabello-in-onda-a-partire-da-sabato-1-aprile-sui-principali-canali-t\/\" \/>\n<meta property=\"og:locale\" content=\"it_IT\" \/>\n<meta property=\"og:type\" content=\"article\" \/>\n<meta property=\"og:title\" content=\"Humangest sceglie l\u2019agenzia Armando Testa per la nuova campagna \u201cLa differenza \u00e8 nel talento\u201d con Victoria Cabello, in onda a partire da sabato 1 aprile sui principali canali Tv, Radio e Digital\u00a0 - Armando Testa\" \/>\n<meta property=\"og:description\" content=\"Oltre allo spot TV, Victoria Cabello condurr\u00e0 per Humangest anche \u201cNiceJob!\u201d, un format irriverente dal tono di voce ironico, per rispondere alle principali domande sul mondo del lavoro. In ogni puntata un ospite proveniente dal mondo dello spettacolo compiler\u00e0 il suo curriculum,&nbsp;tra aneddoti inaspettati e riflessioni sul mondo del lavoro. Humangest, Agenzia per il Lavoro [&hellip;]\" \/>\n<meta property=\"og:url\" content=\"https:\/\/www.armandotesta.it\/it\/humangest-sceglie-lagenzia-armando-testa-per-la-nuova-campagna-la-differenza-e-nel-talento-con-victoria-cabello-in-onda-a-partire-da-sabato-1-aprile-sui-principali-canali-t\/\" \/>\n<meta property=\"og:site_name\" content=\"Armando Testa\" \/>\n<meta property=\"article:published_time\" content=\"2023-04-04T13:58:41+00:00\" \/>\n<meta property=\"article:modified_time\" content=\"2024-06-04T13:42:54+00:00\" \/>\n<meta property=\"og:image\" content=\"https:\/\/www.armandotesta.it\/wp-content\/uploads\/2024\/06\/SGB-spot-3-scaled-1.jpg\" \/>\n\t<meta property=\"og:image:width\" content=\"2560\" \/>\n\t<meta property=\"og:image:height\" content=\"1443\" \/>\n\t<meta property=\"og:image:type\" content=\"image\/jpeg\" \/>\n<meta name=\"author\" content=\"admAT\" \/>\n<meta name=\"twitter:card\" content=\"summary_large_image\" \/>\n<meta name=\"twitter:label1\" content=\"Scritto da\" \/>\n\t<meta name=\"twitter:data1\" content=\"admAT\" \/>\n\t<meta name=\"twitter:label2\" content=\"Tempo di lettura stimato\" \/>\n\t<meta name=\"twitter:data2\" content=\"4 minuti\" \/>\n<script type=\"application\/ld+json\" class=\"yoast-schema-graph\">{\"@context\":\"https:\/\/schema.org\",\"@graph\":[{\"@type\":\"Article\",\"@id\":\"https:\/\/www.armandotesta.it\/it\/humangest-sceglie-lagenzia-armando-testa-per-la-nuova-campagna-la-differenza-e-nel-talento-con-victoria-cabello-in-onda-a-partire-da-sabato-1-aprile-sui-principali-canali-t\/#article\",\"isPartOf\":{\"@id\":\"https:\/\/www.armandotesta.it\/it\/humangest-sceglie-lagenzia-armando-testa-per-la-nuova-campagna-la-differenza-e-nel-talento-con-victoria-cabello-in-onda-a-partire-da-sabato-1-aprile-sui-principali-canali-t\/\"},\"author\":{\"name\":\"admAT\",\"@id\":\"https:\/\/www.armandotesta.it\/it\/#\/schema\/person\/46d1d2d167e5f7b857761f0d5183a848\"},\"headline\":\"Humangest sceglie l\u2019agenzia Armando Testa per la nuova campagna \u201cLa differenza \u00e8 nel talento\u201d con Victoria Cabello, in onda a partire da sabato 1 aprile sui principali canali Tv, Radio e Digital\u00a0\",\"datePublished\":\"2023-04-04T13:58:41+00:00\",\"dateModified\":\"2024-06-04T13:42:54+00:00\",\"mainEntityOfPage\":{\"@id\":\"https:\/\/www.armandotesta.it\/it\/humangest-sceglie-lagenzia-armando-testa-per-la-nuova-campagna-la-differenza-e-nel-talento-con-victoria-cabello-in-onda-a-partire-da-sabato-1-aprile-sui-principali-canali-t\/\"},\"wordCount\":787,\"publisher\":{\"@id\":\"https:\/\/www.armandotesta.it\/it\/#organization\"},\"image\":{\"@id\":\"https:\/\/www.armandotesta.it\/it\/humangest-sceglie-lagenzia-armando-testa-per-la-nuova-campagna-la-differenza-e-nel-talento-con-victoria-cabello-in-onda-a-partire-da-sabato-1-aprile-sui-principali-canali-t\/#primaryimage\"},\"thumbnailUrl\":\"https:\/\/www.armandotesta.it\/wp-content\/uploads\/2024\/06\/SGB-spot-3-scaled-1.jpg\",\"inLanguage\":\"it-IT\"},{\"@type\":\"WebPage\",\"@id\":\"https:\/\/www.armandotesta.it\/it\/humangest-sceglie-lagenzia-armando-testa-per-la-nuova-campagna-la-differenza-e-nel-talento-con-victoria-cabello-in-onda-a-partire-da-sabato-1-aprile-sui-principali-canali-t\/\",\"url\":\"https:\/\/www.armandotesta.it\/it\/humangest-sceglie-lagenzia-armando-testa-per-la-nuova-campagna-la-differenza-e-nel-talento-con-victoria-cabello-in-onda-a-partire-da-sabato-1-aprile-sui-principali-canali-t\/\",\"name\":\"Humangest sceglie l\u2019agenzia Armando Testa per la nuova campagna \u201cLa differenza \u00e8 nel talento\u201d con Victoria Cabello, in onda a partire da sabato 1 aprile sui principali canali Tv, Radio e Digital\u00a0 - Armando Testa\",\"isPartOf\":{\"@id\":\"https:\/\/www.armandotesta.it\/it\/#website\"},\"primaryImageOfPage\":{\"@id\":\"https:\/\/www.armandotesta.it\/it\/humangest-sceglie-lagenzia-armando-testa-per-la-nuova-campagna-la-differenza-e-nel-talento-con-victoria-cabello-in-onda-a-partire-da-sabato-1-aprile-sui-principali-canali-t\/#primaryimage\"},\"image\":{\"@id\":\"https:\/\/www.armandotesta.it\/it\/humangest-sceglie-lagenzia-armando-testa-per-la-nuova-campagna-la-differenza-e-nel-talento-con-victoria-cabello-in-onda-a-partire-da-sabato-1-aprile-sui-principali-canali-t\/#primaryimage\"},\"thumbnailUrl\":\"https:\/\/www.armandotesta.it\/wp-content\/uploads\/2024\/06\/SGB-spot-3-scaled-1.jpg\",\"datePublished\":\"2023-04-04T13:58:41+00:00\",\"dateModified\":\"2024-06-04T13:42:54+00:00\",\"breadcrumb\":{\"@id\":\"https:\/\/www.armandotesta.it\/it\/humangest-sceglie-lagenzia-armando-testa-per-la-nuova-campagna-la-differenza-e-nel-talento-con-victoria-cabello-in-onda-a-partire-da-sabato-1-aprile-sui-principali-canali-t\/#breadcrumb\"},\"inLanguage\":\"it-IT\",\"potentialAction\":[{\"@type\":\"ReadAction\",\"target\":[\"https:\/\/www.armandotesta.it\/it\/humangest-sceglie-lagenzia-armando-testa-per-la-nuova-campagna-la-differenza-e-nel-talento-con-victoria-cabello-in-onda-a-partire-da-sabato-1-aprile-sui-principali-canali-t\/\"]}]},{\"@type\":\"ImageObject\",\"inLanguage\":\"it-IT\",\"@id\":\"https:\/\/www.armandotesta.it\/it\/humangest-sceglie-lagenzia-armando-testa-per-la-nuova-campagna-la-differenza-e-nel-talento-con-victoria-cabello-in-onda-a-partire-da-sabato-1-aprile-sui-principali-canali-t\/#primaryimage\",\"url\":\"https:\/\/www.armandotesta.it\/wp-content\/uploads\/2024\/06\/SGB-spot-3-scaled-1.jpg\",\"contentUrl\":\"https:\/\/www.armandotesta.it\/wp-content\/uploads\/2024\/06\/SGB-spot-3-scaled-1.jpg\",\"width\":2560,\"height\":1443},{\"@type\":\"BreadcrumbList\",\"@id\":\"https:\/\/www.armandotesta.it\/it\/humangest-sceglie-lagenzia-armando-testa-per-la-nuova-campagna-la-differenza-e-nel-talento-con-victoria-cabello-in-onda-a-partire-da-sabato-1-aprile-sui-principali-canali-t\/#breadcrumb\",\"itemListElement\":[{\"@type\":\"ListItem\",\"position\":1,\"name\":\"Home\",\"item\":\"https:\/\/www.armandotesta.it\/it\/\"},{\"@type\":\"ListItem\",\"position\":2,\"name\":\"Humangest sceglie l\u2019agenzia Armando Testa per la nuova campagna \u201cLa differenza \u00e8 nel talento\u201d con Victoria Cabello, in onda a partire da sabato 1 aprile sui principali canali Tv, Radio e Digital\u00a0\"}]},{\"@type\":\"WebSite\",\"@id\":\"https:\/\/www.armandotesta.it\/it\/#website\",\"url\":\"https:\/\/www.armandotesta.it\/it\/\",\"name\":\"Armando Testa\",\"description\":\"\",\"publisher\":{\"@id\":\"https:\/\/www.armandotesta.it\/it\/#organization\"},\"potentialAction\":[{\"@type\":\"SearchAction\",\"target\":{\"@type\":\"EntryPoint\",\"urlTemplate\":\"https:\/\/www.armandotesta.it\/it\/?s={search_term_string}\"},\"query-input\":{\"@type\":\"PropertyValueSpecification\",\"valueRequired\":true,\"valueName\":\"search_term_string\"}}],\"inLanguage\":\"it-IT\"},{\"@type\":\"Organization\",\"@id\":\"https:\/\/www.armandotesta.it\/it\/#organization\",\"name\":\"Armando Testa\",\"url\":\"https:\/\/www.armandotesta.it\/it\/\",\"logo\":{\"@type\":\"ImageObject\",\"inLanguage\":\"it-IT\",\"@id\":\"https:\/\/www.armandotesta.it\/it\/#\/schema\/logo\/image\/\",\"url\":\"https:\/\/www.armandotesta.it\/wp-content\/uploads\/2024\/01\/logo-at.png\",\"contentUrl\":\"https:\/\/www.armandotesta.it\/wp-content\/uploads\/2024\/01\/logo-at.png\",\"width\":200,\"height\":200,\"caption\":\"Armando Testa\"},\"image\":{\"@id\":\"https:\/\/www.armandotesta.it\/it\/#\/schema\/logo\/image\/\"}},{\"@type\":\"Person\",\"@id\":\"https:\/\/www.armandotesta.it\/it\/#\/schema\/person\/46d1d2d167e5f7b857761f0d5183a848\",\"name\":\"admAT\",\"image\":{\"@type\":\"ImageObject\",\"inLanguage\":\"it-IT\",\"@id\":\"https:\/\/www.armandotesta.it\/it\/#\/schema\/person\/image\/\",\"url\":\"https:\/\/secure.gravatar.com\/avatar\/9772e708d87105ee06ea2e627102fade92688c33bb2e0083a7a18b56280f7239?s=96&d=mm&r=g\",\"contentUrl\":\"https:\/\/secure.gravatar.com\/avatar\/9772e708d87105ee06ea2e627102fade92688c33bb2e0083a7a18b56280f7239?s=96&d=mm&r=g\",\"caption\":\"admAT\"},\"sameAs\":[\"https:\/\/www.armandotesta.it\"],\"url\":\"https:\/\/www.armandotesta.it\/it\/author\/admat\/\"}]}<\/script>\n<!-- \/ Yoast SEO plugin. -->","yoast_head_json":{"title":"Humangest sceglie l\u2019agenzia Armando Testa per la nuova campagna \u201cLa differenza \u00e8 nel talento\u201d con Victoria Cabello, in onda a partire da sabato 1 aprile sui principali canali Tv, Radio e Digital\u00a0 - Armando Testa","robots":{"index":"index","follow":"follow","max-snippet":"max-snippet:-1","max-image-preview":"max-image-preview:large","max-video-preview":"max-video-preview:-1"},"canonical":"https:\/\/www.armandotesta.it\/it\/humangest-sceglie-lagenzia-armando-testa-per-la-nuova-campagna-la-differenza-e-nel-talento-con-victoria-cabello-in-onda-a-partire-da-sabato-1-aprile-sui-principali-canali-t\/","og_locale":"it_IT","og_type":"article","og_title":"Humangest sceglie l\u2019agenzia Armando Testa per la nuova campagna \u201cLa differenza \u00e8 nel talento\u201d con Victoria Cabello, in onda a partire da sabato 1 aprile sui principali canali Tv, Radio e Digital\u00a0 - Armando Testa","og_description":"Oltre allo spot TV, Victoria Cabello condurr\u00e0 per Humangest anche \u201cNiceJob!\u201d, un format irriverente dal tono di voce ironico, per rispondere alle principali domande sul mondo del lavoro. In ogni puntata un ospite proveniente dal mondo dello spettacolo compiler\u00e0 il suo curriculum,&nbsp;tra aneddoti inaspettati e riflessioni sul mondo del lavoro. Humangest, Agenzia per il Lavoro [&hellip;]","og_url":"https:\/\/www.armandotesta.it\/it\/humangest-sceglie-lagenzia-armando-testa-per-la-nuova-campagna-la-differenza-e-nel-talento-con-victoria-cabello-in-onda-a-partire-da-sabato-1-aprile-sui-principali-canali-t\/","og_site_name":"Armando Testa","article_published_time":"2023-04-04T13:58:41+00:00","article_modified_time":"2024-06-04T13:42:54+00:00","og_image":[{"width":2560,"height":1443,"url":"https:\/\/www.armandotesta.it\/wp-content\/uploads\/2024\/06\/SGB-spot-3-scaled-1.jpg","type":"image\/jpeg"}],"author":"admAT","twitter_card":"summary_large_image","twitter_misc":{"Scritto da":"admAT","Tempo di lettura stimato":"4 minuti"},"schema":{"@context":"https:\/\/schema.org","@graph":[{"@type":"Article","@id":"https:\/\/www.armandotesta.it\/it\/humangest-sceglie-lagenzia-armando-testa-per-la-nuova-campagna-la-differenza-e-nel-talento-con-victoria-cabello-in-onda-a-partire-da-sabato-1-aprile-sui-principali-canali-t\/#article","isPartOf":{"@id":"https:\/\/www.armandotesta.it\/it\/humangest-sceglie-lagenzia-armando-testa-per-la-nuova-campagna-la-differenza-e-nel-talento-con-victoria-cabello-in-onda-a-partire-da-sabato-1-aprile-sui-principali-canali-t\/"},"author":{"name":"admAT","@id":"https:\/\/www.armandotesta.it\/it\/#\/schema\/person\/46d1d2d167e5f7b857761f0d5183a848"},"headline":"Humangest sceglie l\u2019agenzia Armando Testa per la nuova campagna \u201cLa differenza \u00e8 nel talento\u201d con Victoria Cabello, in onda a partire da sabato 1 aprile sui principali canali Tv, Radio e Digital\u00a0","datePublished":"2023-04-04T13:58:41+00:00","dateModified":"2024-06-04T13:42:54+00:00","mainEntityOfPage":{"@id":"https:\/\/www.armandotesta.it\/it\/humangest-sceglie-lagenzia-armando-testa-per-la-nuova-campagna-la-differenza-e-nel-talento-con-victoria-cabello-in-onda-a-partire-da-sabato-1-aprile-sui-principali-canali-t\/"},"wordCount":787,"publisher":{"@id":"https:\/\/www.armandotesta.it\/it\/#organization"},"image":{"@id":"https:\/\/www.armandotesta.it\/it\/humangest-sceglie-lagenzia-armando-testa-per-la-nuova-campagna-la-differenza-e-nel-talento-con-victoria-cabello-in-onda-a-partire-da-sabato-1-aprile-sui-principali-canali-t\/#primaryimage"},"thumbnailUrl":"https:\/\/www.armandotesta.it\/wp-content\/uploads\/2024\/06\/SGB-spot-3-scaled-1.jpg","inLanguage":"it-IT"},{"@type":"WebPage","@id":"https:\/\/www.armandotesta.it\/it\/humangest-sceglie-lagenzia-armando-testa-per-la-nuova-campagna-la-differenza-e-nel-talento-con-victoria-cabello-in-onda-a-partire-da-sabato-1-aprile-sui-principali-canali-t\/","url":"https:\/\/www.armandotesta.it\/it\/humangest-sceglie-lagenzia-armando-testa-per-la-nuova-campagna-la-differenza-e-nel-talento-con-victoria-cabello-in-onda-a-partire-da-sabato-1-aprile-sui-principali-canali-t\/","name":"Humangest sceglie l\u2019agenzia Armando Testa per la nuova campagna \u201cLa differenza \u00e8 nel talento\u201d con Victoria Cabello, in onda a partire da sabato 1 aprile sui principali canali Tv, Radio e Digital\u00a0 - Armando Testa","isPartOf":{"@id":"https:\/\/www.armandotesta.it\/it\/#website"},"primaryImageOfPage":{"@id":"https:\/\/www.armandotesta.it\/it\/humangest-sceglie-lagenzia-armando-testa-per-la-nuova-campagna-la-differenza-e-nel-talento-con-victoria-cabello-in-onda-a-partire-da-sabato-1-aprile-sui-principali-canali-t\/#primaryimage"},"image":{"@id":"https:\/\/www.armandotesta.it\/it\/humangest-sceglie-lagenzia-armando-testa-per-la-nuova-campagna-la-differenza-e-nel-talento-con-victoria-cabello-in-onda-a-partire-da-sabato-1-aprile-sui-principali-canali-t\/#primaryimage"},"thumbnailUrl":"https:\/\/www.armandotesta.it\/wp-content\/uploads\/2024\/06\/SGB-spot-3-scaled-1.jpg","datePublished":"2023-04-04T13:58:41+00:00","dateModified":"2024-06-04T13:42:54+00:00","breadcrumb":{"@id":"https:\/\/www.armandotesta.it\/it\/humangest-sceglie-lagenzia-armando-testa-per-la-nuova-campagna-la-differenza-e-nel-talento-con-victoria-cabello-in-onda-a-partire-da-sabato-1-aprile-sui-principali-canali-t\/#breadcrumb"},"inLanguage":"it-IT","potentialAction":[{"@type":"ReadAction","target":["https:\/\/www.armandotesta.it\/it\/humangest-sceglie-lagenzia-armando-testa-per-la-nuova-campagna-la-differenza-e-nel-talento-con-victoria-cabello-in-onda-a-partire-da-sabato-1-aprile-sui-principali-canali-t\/"]}]},{"@type":"ImageObject","inLanguage":"it-IT","@id":"https:\/\/www.armandotesta.it\/it\/humangest-sceglie-lagenzia-armando-testa-per-la-nuova-campagna-la-differenza-e-nel-talento-con-victoria-cabello-in-onda-a-partire-da-sabato-1-aprile-sui-principali-canali-t\/#primaryimage","url":"https:\/\/www.armandotesta.it\/wp-content\/uploads\/2024\/06\/SGB-spot-3-scaled-1.jpg","contentUrl":"https:\/\/www.armandotesta.it\/wp-content\/uploads\/2024\/06\/SGB-spot-3-scaled-1.jpg","width":2560,"height":1443},{"@type":"BreadcrumbList","@id":"https:\/\/www.armandotesta.it\/it\/humangest-sceglie-lagenzia-armando-testa-per-la-nuova-campagna-la-differenza-e-nel-talento-con-victoria-cabello-in-onda-a-partire-da-sabato-1-aprile-sui-principali-canali-t\/#breadcrumb","itemListElement":[{"@type":"ListItem","position":1,"name":"Home","item":"https:\/\/www.armandotesta.it\/it\/"},{"@type":"ListItem","position":2,"name":"Humangest sceglie l\u2019agenzia Armando Testa per la nuova campagna \u201cLa differenza \u00e8 nel talento\u201d con Victoria Cabello, in onda a partire da sabato 1 aprile sui principali canali Tv, Radio e Digital\u00a0"}]},{"@type":"WebSite","@id":"https:\/\/www.armandotesta.it\/it\/#website","url":"https:\/\/www.armandotesta.it\/it\/","name":"Armando Testa","description":"","publisher":{"@id":"https:\/\/www.armandotesta.it\/it\/#organization"},"potentialAction":[{"@type":"SearchAction","target":{"@type":"EntryPoint","urlTemplate":"https:\/\/www.armandotesta.it\/it\/?s={search_term_string}"},"query-input":{"@type":"PropertyValueSpecification","valueRequired":true,"valueName":"search_term_string"}}],"inLanguage":"it-IT"},{"@type":"Organization","@id":"https:\/\/www.armandotesta.it\/it\/#organization","name":"Armando Testa","url":"https:\/\/www.armandotesta.it\/it\/","logo":{"@type":"ImageObject","inLanguage":"it-IT","@id":"https:\/\/www.armandotesta.it\/it\/#\/schema\/logo\/image\/","url":"https:\/\/www.armandotesta.it\/wp-content\/uploads\/2024\/01\/logo-at.png","contentUrl":"https:\/\/www.armandotesta.it\/wp-content\/uploads\/2024\/01\/logo-at.png","width":200,"height":200,"caption":"Armando Testa"},"image":{"@id":"https:\/\/www.armandotesta.it\/it\/#\/schema\/logo\/image\/"}},{"@type":"Person","@id":"https:\/\/www.armandotesta.it\/it\/#\/schema\/person\/46d1d2d167e5f7b857761f0d5183a848","name":"admAT","image":{"@type":"ImageObject","inLanguage":"it-IT","@id":"https:\/\/www.armandotesta.it\/it\/#\/schema\/person\/image\/","url":"https:\/\/secure.gravatar.com\/avatar\/9772e708d87105ee06ea2e627102fade92688c33bb2e0083a7a18b56280f7239?s=96&d=mm&r=g","contentUrl":"https:\/\/secure.gravatar.com\/avatar\/9772e708d87105ee06ea2e627102fade92688c33bb2e0083a7a18b56280f7239?s=96&d=mm&r=g","caption":"admAT"},"sameAs":["https:\/\/www.armandotesta.it"],"url":"https:\/\/www.armandotesta.it\/it\/author\/admat\/"}]}},"_links":{"self":[{"href":"https:\/\/www.armandotesta.it\/it\/wp-json\/wp\/v2\/posts\/24823","targetHints":{"allow":["GET"]}}],"collection":[{"href":"https:\/\/www.armandotesta.it\/it\/wp-json\/wp\/v2\/posts"}],"about":[{"href":"https:\/\/www.armandotesta.it\/it\/wp-json\/wp\/v2\/types\/post"}],"author":[{"embeddable":true,"href":"https:\/\/www.armandotesta.it\/it\/wp-json\/wp\/v2\/users\/1"}],"replies":[{"embeddable":true,"href":"https:\/\/www.armandotesta.it\/it\/wp-json\/wp\/v2\/comments?post=24823"}],"version-history":[{"count":1,"href":"https:\/\/www.armandotesta.it\/it\/wp-json\/wp\/v2\/posts\/24823\/revisions"}],"predecessor-version":[{"id":25751,"href":"https:\/\/www.armandotesta.it\/it\/wp-json\/wp\/v2\/posts\/24823\/revisions\/25751"}],"wp:featuredmedia":[{"embeddable":true,"href":"https:\/\/www.armandotesta.it\/it\/wp-json\/wp\/v2\/media\/20691"}],"wp:attachment":[{"href":"https:\/\/www.armandotesta.it\/it\/wp-json\/wp\/v2\/media?parent=24823"}],"wp:term":[{"taxonomy":"category","embeddable":true,"href":"https:\/\/www.armandotesta.it\/it\/wp-json\/wp\/v2\/categories?post=24823"},{"taxonomy":"post_tag","embeddable":true,"href":"https:\/\/www.armandotesta.it\/it\/wp-json\/wp\/v2\/tags?post=24823"}],"curies":[{"name":"wp","href":"https:\/\/api.w.org\/{rel}","templated":true}]}}