{"id":24822,"date":"2023-04-04T15:17:21","date_gmt":"2023-04-04T13:17:21","guid":{"rendered":"https:\/\/www.armandotesta.it\/una-vacanza-in-umbria-da-maestro-dal-2-aprile-on-air-la-campagna-primaverile-di-promozione-turistica-dellumbria-firmata-da-armando-testa\/"},"modified":"2024-06-04T15:42:54","modified_gmt":"2024-06-04T13:42:54","slug":"una-vacanza-in-umbria-da-maestro-dal-2-aprile-on-air-la-campagna-primaverile-di-promozione-turistica-dellumbria-firmata-da-armando-testa","status":"publish","type":"post","link":"https:\/\/www.armandotesta.it\/it\/una-vacanza-in-umbria-da-maestro-dal-2-aprile-on-air-la-campagna-primaverile-di-promozione-turistica-dellumbria-firmata-da-armando-testa\/","title":{"rendered":"<strong>Una vacanza in Umbria da \u201cMaestro\u201d: dal 2 aprile on air la campagna primaverile di promozione turistica dell\u2019Umbria firmata da Armando Testa\u00a0<\/strong>"},"content":{"rendered":"\n<p>Il Perugino esce furtivamente dal suo celebre dipinto l\u2019&#8221;Adorazione dei Magi\u201d custodito nella Galleria Nazionale dell\u2019Umbria a Perugia, per allontanarsi verso l\u2019uscita alla scoperta delle bellezze delle citt\u00e0 e dei borghi umbri: riparte la campagna di promozione turistica della Regione Umbria e, questa volta, sar\u00e0 \u201cil meglio Maestro d\u2019Italia\u201d in persona, a promuovere la stagione primaverile con un nuovo spot video a firma di Armando Testa, on air dal 2 aprile in Tv.<\/p>\n\n\n\n<p>Il film si apre in una delle Sale pi\u00f9 belle della Galleria Nazionale, dalla quale si allontana il Perugino che, una volta in strada, si proporr\u00e0 ad una coppia di turisti come insolita guida, alla scoperta delle bellezze dell\u2019Umbria.&nbsp;<\/p>\n\n\n\n<p>Il frenetico viaggio del trio toccher\u00e0 i luoghi cari al grande artista: da Citt\u00e0 della Pieve al Trasimeno, da Panicale alla Cascata delle Marmore, in un susseguirsi di borghi spettacolari, paesaggi mozzafiato e opere magistrali. Ingredienti che rendono la vacanza in Umbria un\u2019esperienza indimenticabile.<\/p>\n\n\n\n<p>Lo spot si chiude con un invito a \u201cVivere l\u2019arte con nuove emozioni\u201d e lo storico pay-off \u201cUmbria. Cuore verde d\u2019Italia\u201d.<\/p>\n\n\n\n<p>La campagna di comunicazione prevede&nbsp;&nbsp;una rotazione di tre soggetti formato 30\u201d che, nella parte finale, fotografano territori diversi in modo da dare visibilit\u00e0 al panorama umbro nella sua completezza. A&nbsp;partire dal mese di maggio, il viaggio vedr\u00e0 altri territori umbri che faranno da sfondo.&nbsp;La produzione \u00e8 di Armando Testa Studios con la regia di Luca Grafner; strategia media di The Gate Communication.<\/p>\n\n\n\n<p>Credits:<\/p>\n\n\n\n<p>Cliente: Regione Umbria<\/p>\n\n\n\n<p>Agenzia: Armando Testa<\/p>\n\n\n\n<p>Direzione creativa: Raffaele Balducci<\/p>\n\n\n\n<p>Creative team: Raffaele Balducci, Daniele Bona<\/p>\n\n\n\n<p>Client Service: Giovanna Far\u00e8<\/p>\n\n\n\n<p>Casa di Produzione: Armando Testa Studios<\/p>\n\n\n\n<p>Executive Producer: Raffaele Romano<\/p>\n\n\n\n<p>Producer: Chicco Ronchetti<\/p>\n\n\n\n<p>Regia: Luca Grafner<\/p>\n\n\n\n<p>Musica: Opera Music<\/p>\n\n\n\n<figure class=\"wp-block-gallery has-nested-images columns-default is-cropped wp-block-gallery-1 is-layout-flex wp-block-gallery-is-layout-flex\">\n<figure class=\"wp-block-image size-large\"><img decoding=\"async\" data-id=\"6441\" src=\"https:\/\/newsroom.armandotesta.it\/wp-content\/uploads\/2023\/04\/1-1024x576.jpg\" alt=\"\" class=\"wp-image-6441\"\/><\/figure>\n\n\n\n<figure class=\"wp-block-image size-large\"><img decoding=\"async\" data-id=\"6442\" src=\"https:\/\/newsroom.armandotesta.it\/wp-content\/uploads\/2023\/04\/2-1024x576.jpg\" alt=\"\" class=\"wp-image-6442\"\/><\/figure>\n\n\n\n<figure class=\"wp-block-image size-large\"><img decoding=\"async\" data-id=\"6443\" src=\"https:\/\/newsroom.armandotesta.it\/wp-content\/uploads\/2023\/04\/3-1024x576.jpg\" alt=\"\" class=\"wp-image-6443\"\/><\/figure>\n\n\n\n<figure class=\"wp-block-image size-large\"><img decoding=\"async\" data-id=\"6444\" src=\"https:\/\/newsroom.armandotesta.it\/wp-content\/uploads\/2023\/04\/4-1024x576.jpg\" alt=\"\" class=\"wp-image-6444\"\/><\/figure>\n<\/figure>\n\n\n\n<figure class=\"wp-block-embed is-type-video is-provider-youtube wp-block-embed-youtube wp-embed-aspect-16-9 wp-has-aspect-ratio\"><div class=\"wp-block-embed__wrapper\">\n<iframe loading=\"lazy\" title=\"Umbria Cuore Verde d&#039;Italia\" width=\"500\" height=\"281\" src=\"https:\/\/www.youtube.com\/embed\/f9kCywnE2kI?feature=oembed\" frameborder=\"0\" allow=\"accelerometer; autoplay; clipboard-write; encrypted-media; gyroscope; picture-in-picture; web-share\" referrerpolicy=\"strict-origin-when-cross-origin\" allowfullscreen><\/iframe>\n<\/div><\/figure>\n","protected":false},"excerpt":{"rendered":"<p>Il Perugino esce furtivamente dal suo celebre dipinto l\u2019&#8221;Adorazione dei Magi\u201d custodito nella Galleria Nazionale dell\u2019Umbria a Perugia, per allontanarsi verso l\u2019uscita alla scoperta delle bellezze delle citt\u00e0 e dei borghi umbri: riparte la campagna di promozione turistica della Regione Umbria e, questa volta, sar\u00e0 \u201cil meglio Maestro d\u2019Italia\u201d in persona, a promuovere la stagione [&hellip;]<\/p>\n","protected":false},"author":1,"featured_media":20686,"comment_status":"closed","ping_status":"closed","sticky":false,"template":"","format":"standard","meta":{"_acf_changed":false,"inline_featured_image":false,"footnotes":""},"categories":[],"tags":[],"class_list":["post-24822","post","type-post","status-publish","format-standard","has-post-thumbnail","hentry"],"acf":false,"yoast_head":"<!-- This site is optimized with the Yoast SEO plugin v26.3 - https:\/\/yoast.com\/wordpress\/plugins\/seo\/ -->\n<title>Una vacanza in Umbria da \u201cMaestro\u201d: dal 2 aprile on air la campagna primaverile di promozione turistica dell\u2019Umbria firmata da Armando Testa\u00a0 - Armando Testa<\/title>\n<meta name=\"robots\" content=\"index, follow, max-snippet:-1, max-image-preview:large, max-video-preview:-1\" \/>\n<link rel=\"canonical\" href=\"https:\/\/www.armandotesta.it\/it\/una-vacanza-in-umbria-da-maestro-dal-2-aprile-on-air-la-campagna-primaverile-di-promozione-turistica-dellumbria-firmata-da-armando-testa\/\" \/>\n<meta property=\"og:locale\" content=\"it_IT\" \/>\n<meta property=\"og:type\" content=\"article\" \/>\n<meta property=\"og:title\" content=\"Una vacanza in Umbria da \u201cMaestro\u201d: dal 2 aprile on air la campagna primaverile di promozione turistica dell\u2019Umbria firmata da Armando Testa\u00a0 - Armando Testa\" \/>\n<meta property=\"og:description\" content=\"Il Perugino esce furtivamente dal suo celebre dipinto l\u2019&#8221;Adorazione dei Magi\u201d custodito nella Galleria Nazionale dell\u2019Umbria a Perugia, per allontanarsi verso l\u2019uscita alla scoperta delle bellezze delle citt\u00e0 e dei borghi umbri: riparte la campagna di promozione turistica della Regione Umbria e, questa volta, sar\u00e0 \u201cil meglio Maestro d\u2019Italia\u201d in persona, a promuovere la stagione [&hellip;]\" \/>\n<meta property=\"og:url\" content=\"https:\/\/www.armandotesta.it\/it\/una-vacanza-in-umbria-da-maestro-dal-2-aprile-on-air-la-campagna-primaverile-di-promozione-turistica-dellumbria-firmata-da-armando-testa\/\" \/>\n<meta property=\"og:site_name\" content=\"Armando Testa\" \/>\n<meta property=\"article:published_time\" content=\"2023-04-04T13:17:21+00:00\" \/>\n<meta property=\"article:modified_time\" content=\"2024-06-04T13:42:54+00:00\" \/>\n<meta property=\"og:image\" content=\"https:\/\/www.armandotesta.it\/wp-content\/uploads\/2024\/06\/3-5.jpg\" \/>\n\t<meta property=\"og:image:width\" content=\"1920\" \/>\n\t<meta property=\"og:image:height\" content=\"1080\" \/>\n\t<meta property=\"og:image:type\" content=\"image\/jpeg\" \/>\n<meta name=\"author\" content=\"admAT\" \/>\n<meta name=\"twitter:card\" content=\"summary_large_image\" \/>\n<meta name=\"twitter:label1\" content=\"Scritto da\" \/>\n\t<meta name=\"twitter:data1\" content=\"admAT\" \/>\n\t<meta name=\"twitter:label2\" content=\"Tempo di lettura stimato\" \/>\n\t<meta name=\"twitter:data2\" content=\"1 minuto\" \/>\n<script type=\"application\/ld+json\" class=\"yoast-schema-graph\">{\"@context\":\"https:\/\/schema.org\",\"@graph\":[{\"@type\":\"Article\",\"@id\":\"https:\/\/www.armandotesta.it\/it\/una-vacanza-in-umbria-da-maestro-dal-2-aprile-on-air-la-campagna-primaverile-di-promozione-turistica-dellumbria-firmata-da-armando-testa\/#article\",\"isPartOf\":{\"@id\":\"https:\/\/www.armandotesta.it\/it\/una-vacanza-in-umbria-da-maestro-dal-2-aprile-on-air-la-campagna-primaverile-di-promozione-turistica-dellumbria-firmata-da-armando-testa\/\"},\"author\":{\"name\":\"admAT\",\"@id\":\"https:\/\/www.armandotesta.it\/it\/#\/schema\/person\/46d1d2d167e5f7b857761f0d5183a848\"},\"headline\":\"Una vacanza in Umbria da \u201cMaestro\u201d: dal 2 aprile on air la campagna primaverile di promozione turistica dell\u2019Umbria firmata da Armando Testa\u00a0\",\"datePublished\":\"2023-04-04T13:17:21+00:00\",\"dateModified\":\"2024-06-04T13:42:54+00:00\",\"mainEntityOfPage\":{\"@id\":\"https:\/\/www.armandotesta.it\/it\/una-vacanza-in-umbria-da-maestro-dal-2-aprile-on-air-la-campagna-primaverile-di-promozione-turistica-dellumbria-firmata-da-armando-testa\/\"},\"wordCount\":320,\"publisher\":{\"@id\":\"https:\/\/www.armandotesta.it\/it\/#organization\"},\"image\":{\"@id\":\"https:\/\/www.armandotesta.it\/it\/una-vacanza-in-umbria-da-maestro-dal-2-aprile-on-air-la-campagna-primaverile-di-promozione-turistica-dellumbria-firmata-da-armando-testa\/#primaryimage\"},\"thumbnailUrl\":\"https:\/\/www.armandotesta.it\/wp-content\/uploads\/2024\/06\/3-5.jpg\",\"inLanguage\":\"it-IT\"},{\"@type\":\"WebPage\",\"@id\":\"https:\/\/www.armandotesta.it\/it\/una-vacanza-in-umbria-da-maestro-dal-2-aprile-on-air-la-campagna-primaverile-di-promozione-turistica-dellumbria-firmata-da-armando-testa\/\",\"url\":\"https:\/\/www.armandotesta.it\/it\/una-vacanza-in-umbria-da-maestro-dal-2-aprile-on-air-la-campagna-primaverile-di-promozione-turistica-dellumbria-firmata-da-armando-testa\/\",\"name\":\"Una vacanza in Umbria da \u201cMaestro\u201d: dal 2 aprile on air la campagna primaverile di promozione turistica dell\u2019Umbria firmata da Armando Testa\u00a0 - Armando Testa\",\"isPartOf\":{\"@id\":\"https:\/\/www.armandotesta.it\/it\/#website\"},\"primaryImageOfPage\":{\"@id\":\"https:\/\/www.armandotesta.it\/it\/una-vacanza-in-umbria-da-maestro-dal-2-aprile-on-air-la-campagna-primaverile-di-promozione-turistica-dellumbria-firmata-da-armando-testa\/#primaryimage\"},\"image\":{\"@id\":\"https:\/\/www.armandotesta.it\/it\/una-vacanza-in-umbria-da-maestro-dal-2-aprile-on-air-la-campagna-primaverile-di-promozione-turistica-dellumbria-firmata-da-armando-testa\/#primaryimage\"},\"thumbnailUrl\":\"https:\/\/www.armandotesta.it\/wp-content\/uploads\/2024\/06\/3-5.jpg\",\"datePublished\":\"2023-04-04T13:17:21+00:00\",\"dateModified\":\"2024-06-04T13:42:54+00:00\",\"breadcrumb\":{\"@id\":\"https:\/\/www.armandotesta.it\/it\/una-vacanza-in-umbria-da-maestro-dal-2-aprile-on-air-la-campagna-primaverile-di-promozione-turistica-dellumbria-firmata-da-armando-testa\/#breadcrumb\"},\"inLanguage\":\"it-IT\",\"potentialAction\":[{\"@type\":\"ReadAction\",\"target\":[\"https:\/\/www.armandotesta.it\/it\/una-vacanza-in-umbria-da-maestro-dal-2-aprile-on-air-la-campagna-primaverile-di-promozione-turistica-dellumbria-firmata-da-armando-testa\/\"]}]},{\"@type\":\"ImageObject\",\"inLanguage\":\"it-IT\",\"@id\":\"https:\/\/www.armandotesta.it\/it\/una-vacanza-in-umbria-da-maestro-dal-2-aprile-on-air-la-campagna-primaverile-di-promozione-turistica-dellumbria-firmata-da-armando-testa\/#primaryimage\",\"url\":\"https:\/\/www.armandotesta.it\/wp-content\/uploads\/2024\/06\/3-5.jpg\",\"contentUrl\":\"https:\/\/www.armandotesta.it\/wp-content\/uploads\/2024\/06\/3-5.jpg\",\"width\":1920,\"height\":1080},{\"@type\":\"BreadcrumbList\",\"@id\":\"https:\/\/www.armandotesta.it\/it\/una-vacanza-in-umbria-da-maestro-dal-2-aprile-on-air-la-campagna-primaverile-di-promozione-turistica-dellumbria-firmata-da-armando-testa\/#breadcrumb\",\"itemListElement\":[{\"@type\":\"ListItem\",\"position\":1,\"name\":\"Home\",\"item\":\"https:\/\/www.armandotesta.it\/it\/\"},{\"@type\":\"ListItem\",\"position\":2,\"name\":\"Una vacanza in Umbria da \u201cMaestro\u201d: dal 2 aprile on air la campagna primaverile di promozione turistica dell\u2019Umbria firmata da Armando Testa\u00a0\"}]},{\"@type\":\"WebSite\",\"@id\":\"https:\/\/www.armandotesta.it\/it\/#website\",\"url\":\"https:\/\/www.armandotesta.it\/it\/\",\"name\":\"Armando Testa\",\"description\":\"\",\"publisher\":{\"@id\":\"https:\/\/www.armandotesta.it\/it\/#organization\"},\"potentialAction\":[{\"@type\":\"SearchAction\",\"target\":{\"@type\":\"EntryPoint\",\"urlTemplate\":\"https:\/\/www.armandotesta.it\/it\/?s={search_term_string}\"},\"query-input\":{\"@type\":\"PropertyValueSpecification\",\"valueRequired\":true,\"valueName\":\"search_term_string\"}}],\"inLanguage\":\"it-IT\"},{\"@type\":\"Organization\",\"@id\":\"https:\/\/www.armandotesta.it\/it\/#organization\",\"name\":\"Armando Testa\",\"url\":\"https:\/\/www.armandotesta.it\/it\/\",\"logo\":{\"@type\":\"ImageObject\",\"inLanguage\":\"it-IT\",\"@id\":\"https:\/\/www.armandotesta.it\/it\/#\/schema\/logo\/image\/\",\"url\":\"https:\/\/www.armandotesta.it\/wp-content\/uploads\/2024\/01\/logo-at.png\",\"contentUrl\":\"https:\/\/www.armandotesta.it\/wp-content\/uploads\/2024\/01\/logo-at.png\",\"width\":200,\"height\":200,\"caption\":\"Armando Testa\"},\"image\":{\"@id\":\"https:\/\/www.armandotesta.it\/it\/#\/schema\/logo\/image\/\"}},{\"@type\":\"Person\",\"@id\":\"https:\/\/www.armandotesta.it\/it\/#\/schema\/person\/46d1d2d167e5f7b857761f0d5183a848\",\"name\":\"admAT\",\"image\":{\"@type\":\"ImageObject\",\"inLanguage\":\"it-IT\",\"@id\":\"https:\/\/www.armandotesta.it\/it\/#\/schema\/person\/image\/\",\"url\":\"https:\/\/secure.gravatar.com\/avatar\/9772e708d87105ee06ea2e627102fade92688c33bb2e0083a7a18b56280f7239?s=96&d=mm&r=g\",\"contentUrl\":\"https:\/\/secure.gravatar.com\/avatar\/9772e708d87105ee06ea2e627102fade92688c33bb2e0083a7a18b56280f7239?s=96&d=mm&r=g\",\"caption\":\"admAT\"},\"sameAs\":[\"https:\/\/www.armandotesta.it\"],\"url\":\"https:\/\/www.armandotesta.it\/it\/author\/admat\/\"}]}<\/script>\n<!-- \/ Yoast SEO plugin. -->","yoast_head_json":{"title":"Una vacanza in Umbria da \u201cMaestro\u201d: dal 2 aprile on air la campagna primaverile di promozione turistica dell\u2019Umbria firmata da Armando Testa\u00a0 - Armando Testa","robots":{"index":"index","follow":"follow","max-snippet":"max-snippet:-1","max-image-preview":"max-image-preview:large","max-video-preview":"max-video-preview:-1"},"canonical":"https:\/\/www.armandotesta.it\/it\/una-vacanza-in-umbria-da-maestro-dal-2-aprile-on-air-la-campagna-primaverile-di-promozione-turistica-dellumbria-firmata-da-armando-testa\/","og_locale":"it_IT","og_type":"article","og_title":"Una vacanza in Umbria da \u201cMaestro\u201d: dal 2 aprile on air la campagna primaverile di promozione turistica dell\u2019Umbria firmata da Armando Testa\u00a0 - Armando Testa","og_description":"Il Perugino esce furtivamente dal suo celebre dipinto l\u2019&#8221;Adorazione dei Magi\u201d custodito nella Galleria Nazionale dell\u2019Umbria a Perugia, per allontanarsi verso l\u2019uscita alla scoperta delle bellezze delle citt\u00e0 e dei borghi umbri: riparte la campagna di promozione turistica della Regione Umbria e, questa volta, sar\u00e0 \u201cil meglio Maestro d\u2019Italia\u201d in persona, a promuovere la stagione [&hellip;]","og_url":"https:\/\/www.armandotesta.it\/it\/una-vacanza-in-umbria-da-maestro-dal-2-aprile-on-air-la-campagna-primaverile-di-promozione-turistica-dellumbria-firmata-da-armando-testa\/","og_site_name":"Armando Testa","article_published_time":"2023-04-04T13:17:21+00:00","article_modified_time":"2024-06-04T13:42:54+00:00","og_image":[{"width":1920,"height":1080,"url":"https:\/\/www.armandotesta.it\/wp-content\/uploads\/2024\/06\/3-5.jpg","type":"image\/jpeg"}],"author":"admAT","twitter_card":"summary_large_image","twitter_misc":{"Scritto da":"admAT","Tempo di lettura stimato":"1 minuto"},"schema":{"@context":"https:\/\/schema.org","@graph":[{"@type":"Article","@id":"https:\/\/www.armandotesta.it\/it\/una-vacanza-in-umbria-da-maestro-dal-2-aprile-on-air-la-campagna-primaverile-di-promozione-turistica-dellumbria-firmata-da-armando-testa\/#article","isPartOf":{"@id":"https:\/\/www.armandotesta.it\/it\/una-vacanza-in-umbria-da-maestro-dal-2-aprile-on-air-la-campagna-primaverile-di-promozione-turistica-dellumbria-firmata-da-armando-testa\/"},"author":{"name":"admAT","@id":"https:\/\/www.armandotesta.it\/it\/#\/schema\/person\/46d1d2d167e5f7b857761f0d5183a848"},"headline":"Una vacanza in Umbria da \u201cMaestro\u201d: dal 2 aprile on air la campagna primaverile di promozione turistica dell\u2019Umbria firmata da Armando Testa\u00a0","datePublished":"2023-04-04T13:17:21+00:00","dateModified":"2024-06-04T13:42:54+00:00","mainEntityOfPage":{"@id":"https:\/\/www.armandotesta.it\/it\/una-vacanza-in-umbria-da-maestro-dal-2-aprile-on-air-la-campagna-primaverile-di-promozione-turistica-dellumbria-firmata-da-armando-testa\/"},"wordCount":320,"publisher":{"@id":"https:\/\/www.armandotesta.it\/it\/#organization"},"image":{"@id":"https:\/\/www.armandotesta.it\/it\/una-vacanza-in-umbria-da-maestro-dal-2-aprile-on-air-la-campagna-primaverile-di-promozione-turistica-dellumbria-firmata-da-armando-testa\/#primaryimage"},"thumbnailUrl":"https:\/\/www.armandotesta.it\/wp-content\/uploads\/2024\/06\/3-5.jpg","inLanguage":"it-IT"},{"@type":"WebPage","@id":"https:\/\/www.armandotesta.it\/it\/una-vacanza-in-umbria-da-maestro-dal-2-aprile-on-air-la-campagna-primaverile-di-promozione-turistica-dellumbria-firmata-da-armando-testa\/","url":"https:\/\/www.armandotesta.it\/it\/una-vacanza-in-umbria-da-maestro-dal-2-aprile-on-air-la-campagna-primaverile-di-promozione-turistica-dellumbria-firmata-da-armando-testa\/","name":"Una vacanza in Umbria da \u201cMaestro\u201d: dal 2 aprile on air la campagna primaverile di promozione turistica dell\u2019Umbria firmata da Armando Testa\u00a0 - Armando Testa","isPartOf":{"@id":"https:\/\/www.armandotesta.it\/it\/#website"},"primaryImageOfPage":{"@id":"https:\/\/www.armandotesta.it\/it\/una-vacanza-in-umbria-da-maestro-dal-2-aprile-on-air-la-campagna-primaverile-di-promozione-turistica-dellumbria-firmata-da-armando-testa\/#primaryimage"},"image":{"@id":"https:\/\/www.armandotesta.it\/it\/una-vacanza-in-umbria-da-maestro-dal-2-aprile-on-air-la-campagna-primaverile-di-promozione-turistica-dellumbria-firmata-da-armando-testa\/#primaryimage"},"thumbnailUrl":"https:\/\/www.armandotesta.it\/wp-content\/uploads\/2024\/06\/3-5.jpg","datePublished":"2023-04-04T13:17:21+00:00","dateModified":"2024-06-04T13:42:54+00:00","breadcrumb":{"@id":"https:\/\/www.armandotesta.it\/it\/una-vacanza-in-umbria-da-maestro-dal-2-aprile-on-air-la-campagna-primaverile-di-promozione-turistica-dellumbria-firmata-da-armando-testa\/#breadcrumb"},"inLanguage":"it-IT","potentialAction":[{"@type":"ReadAction","target":["https:\/\/www.armandotesta.it\/it\/una-vacanza-in-umbria-da-maestro-dal-2-aprile-on-air-la-campagna-primaverile-di-promozione-turistica-dellumbria-firmata-da-armando-testa\/"]}]},{"@type":"ImageObject","inLanguage":"it-IT","@id":"https:\/\/www.armandotesta.it\/it\/una-vacanza-in-umbria-da-maestro-dal-2-aprile-on-air-la-campagna-primaverile-di-promozione-turistica-dellumbria-firmata-da-armando-testa\/#primaryimage","url":"https:\/\/www.armandotesta.it\/wp-content\/uploads\/2024\/06\/3-5.jpg","contentUrl":"https:\/\/www.armandotesta.it\/wp-content\/uploads\/2024\/06\/3-5.jpg","width":1920,"height":1080},{"@type":"BreadcrumbList","@id":"https:\/\/www.armandotesta.it\/it\/una-vacanza-in-umbria-da-maestro-dal-2-aprile-on-air-la-campagna-primaverile-di-promozione-turistica-dellumbria-firmata-da-armando-testa\/#breadcrumb","itemListElement":[{"@type":"ListItem","position":1,"name":"Home","item":"https:\/\/www.armandotesta.it\/it\/"},{"@type":"ListItem","position":2,"name":"Una vacanza in Umbria da \u201cMaestro\u201d: dal 2 aprile on air la campagna primaverile di promozione turistica dell\u2019Umbria firmata da Armando Testa\u00a0"}]},{"@type":"WebSite","@id":"https:\/\/www.armandotesta.it\/it\/#website","url":"https:\/\/www.armandotesta.it\/it\/","name":"Armando Testa","description":"","publisher":{"@id":"https:\/\/www.armandotesta.it\/it\/#organization"},"potentialAction":[{"@type":"SearchAction","target":{"@type":"EntryPoint","urlTemplate":"https:\/\/www.armandotesta.it\/it\/?s={search_term_string}"},"query-input":{"@type":"PropertyValueSpecification","valueRequired":true,"valueName":"search_term_string"}}],"inLanguage":"it-IT"},{"@type":"Organization","@id":"https:\/\/www.armandotesta.it\/it\/#organization","name":"Armando Testa","url":"https:\/\/www.armandotesta.it\/it\/","logo":{"@type":"ImageObject","inLanguage":"it-IT","@id":"https:\/\/www.armandotesta.it\/it\/#\/schema\/logo\/image\/","url":"https:\/\/www.armandotesta.it\/wp-content\/uploads\/2024\/01\/logo-at.png","contentUrl":"https:\/\/www.armandotesta.it\/wp-content\/uploads\/2024\/01\/logo-at.png","width":200,"height":200,"caption":"Armando Testa"},"image":{"@id":"https:\/\/www.armandotesta.it\/it\/#\/schema\/logo\/image\/"}},{"@type":"Person","@id":"https:\/\/www.armandotesta.it\/it\/#\/schema\/person\/46d1d2d167e5f7b857761f0d5183a848","name":"admAT","image":{"@type":"ImageObject","inLanguage":"it-IT","@id":"https:\/\/www.armandotesta.it\/it\/#\/schema\/person\/image\/","url":"https:\/\/secure.gravatar.com\/avatar\/9772e708d87105ee06ea2e627102fade92688c33bb2e0083a7a18b56280f7239?s=96&d=mm&r=g","contentUrl":"https:\/\/secure.gravatar.com\/avatar\/9772e708d87105ee06ea2e627102fade92688c33bb2e0083a7a18b56280f7239?s=96&d=mm&r=g","caption":"admAT"},"sameAs":["https:\/\/www.armandotesta.it"],"url":"https:\/\/www.armandotesta.it\/it\/author\/admat\/"}]}},"_links":{"self":[{"href":"https:\/\/www.armandotesta.it\/it\/wp-json\/wp\/v2\/posts\/24822","targetHints":{"allow":["GET"]}}],"collection":[{"href":"https:\/\/www.armandotesta.it\/it\/wp-json\/wp\/v2\/posts"}],"about":[{"href":"https:\/\/www.armandotesta.it\/it\/wp-json\/wp\/v2\/types\/post"}],"author":[{"embeddable":true,"href":"https:\/\/www.armandotesta.it\/it\/wp-json\/wp\/v2\/users\/1"}],"replies":[{"embeddable":true,"href":"https:\/\/www.armandotesta.it\/it\/wp-json\/wp\/v2\/comments?post=24822"}],"version-history":[{"count":1,"href":"https:\/\/www.armandotesta.it\/it\/wp-json\/wp\/v2\/posts\/24822\/revisions"}],"predecessor-version":[{"id":25750,"href":"https:\/\/www.armandotesta.it\/it\/wp-json\/wp\/v2\/posts\/24822\/revisions\/25750"}],"wp:featuredmedia":[{"embeddable":true,"href":"https:\/\/www.armandotesta.it\/it\/wp-json\/wp\/v2\/media\/20686"}],"wp:attachment":[{"href":"https:\/\/www.armandotesta.it\/it\/wp-json\/wp\/v2\/media?parent=24822"}],"wp:term":[{"taxonomy":"category","embeddable":true,"href":"https:\/\/www.armandotesta.it\/it\/wp-json\/wp\/v2\/categories?post=24822"},{"taxonomy":"post_tag","embeddable":true,"href":"https:\/\/www.armandotesta.it\/it\/wp-json\/wp\/v2\/tags?post=24822"}],"curies":[{"name":"wp","href":"https:\/\/api.w.org\/{rel}","templated":true}]}}