{"id":24810,"date":"2023-01-24T11:59:30","date_gmt":"2023-01-24T10:59:30","guid":{"rendered":"https:\/\/www.armandotesta.it\/lines-presenta-il-nuovo-seta-ultra-con-le-rivoluzionarie-ali-a-incastro-perfetto-al-via-la-nuova-campagna-firmata-da-armando-testa\/"},"modified":"2024-06-04T15:42:49","modified_gmt":"2024-06-04T13:42:49","slug":"lines-presenta-il-nuovo-seta-ultra-con-le-rivoluzionarie-ali-a-incastro-perfetto-al-via-la-nuova-campagna-firmata-da-armando-testa","status":"publish","type":"post","link":"https:\/\/www.armandotesta.it\/it\/lines-presenta-il-nuovo-seta-ultra-con-le-rivoluzionarie-ali-a-incastro-perfetto-al-via-la-nuova-campagna-firmata-da-armando-testa\/","title":{"rendered":"Lines presenta il nuovo Seta Ultra con le rivoluzionarie ali a incastro perfetto. Al via la nuova campagna firmata da Armando Testa."},"content":{"rendered":"\n<p>Lines ridisegna le ali del nuovo Seta Ultra e diventa pioniere di una novit\u00e0 tanto attesa. Sono le \u201c<em>ali a incastro perfetto\u201d le<\/em>&nbsp;protagoniste della nuova campagna integrata on air dal 22 gennaio firmata da Armando Testa.<\/p>\n\n\n\n<p>Milano, 24 gennaio 2023<strong>&nbsp;\u2013&nbsp;<\/strong>Lines, brand di Fater, ha spinto sull\u2019innovazione creando l\u2019esclusivo assorbente con \u201c<em>ali a incastro perfetto\u201d<\/em>&nbsp;che combaciano senza sovrapporsi. Maggiore facilit\u00e0 nell\u2019uso e nella rimozione dell\u2019assorbente e massima aderenza allo slip sono le caratteristiche distintive del nuovo Lines Seta Ultra.&nbsp;<\/p>\n\n\n\n<p><em>\u201cAscoltare le esigenze delle donne ed essere al loro fianco nella quotidianit\u00e0 \u00e8 ci\u00f2 per cui Lines si impegna da sempre&nbsp;<\/em><strong>\u2013 commenta Ione Volpe, FemCare &amp; AdultCare Marketing Director di Fater &#8211;<\/strong><em>&nbsp;<\/em><em>Per questo motivo continuiamo a studiare prodotti innovativi e sempre pi\u00f9 performanti, come Lines Seta Ultra con Ali a Incastro Perfetto. Inoltre &#8211;&nbsp;<\/em><strong>continua Ione Volpe &#8211;<\/strong><em>&nbsp;<\/em><em>per mantenere acceso il dialogo sugli stereotipi di genere e combattere il tab\u00f9 delle mestruazioni e dell\u2019assorbente come un oggetto da nascondere, abbiamo collaborato con giovani artiste per il restyling delle bustine&#8217;\u2019<\/em><\/p>\n\n\n\n<p>Da questa innovazione nasce l\u2019idea della nuova omnichannel campaign firmata dall\u2019agenzia Armando Testa. La creativit\u00e0 parte da una human truth semplice in cui tutti noi possiamo ritrovarci: nella vita certe cose non dovrebbero incontrarsi mai. Come, ad esempio, la pizza margherita e l\u2019ananas, il nuovo fidanzato vegetariano e il tacchino della nonna al pranzo della domenica o le ali dell\u2019assorbente, appunto. William9 firma la regia di un racconto autentico e dal tono di voce spiccatamente ironico, capace di presentare il problema da una prospettiva unica e di introdurre la soluzione in maniera fresca e pop, anche grazie all\u2019innovativa demo 3D dedicata totalmente alla nuova feature di prodotto, il design esclusivo delle ali.<\/p>\n\n\n\n<p><em>\u201cLines \u00e8 da sempre un brand di innovazione che permette di poter lavorare creativamente in modo forte e strategico \u2013&nbsp;<strong>commenta Georgia Ferraro Executive Creative Director di Armando Testa<\/strong>. E oggi, l\u2019innovazione di prodotto \u00e8 talmente rilevante per la vita di chi ha le mestruazioni, che creare una campagna moderna e dal piglio bold ci \u00e8 venuto ancora pi\u00f9 facile.<\/em>&nbsp;<\/p>\n\n\n\n<p><em>Ci siamo divertiti a ideare un progetto integrato digital, social e TV in cui non solo il nostro giovane target potesse riconoscersi, ma che fosse anche capace di strappare un sorriso grazie al suo tono fresco e ironico.<\/em>\u201d<\/p>\n\n\n\n<p>Per questa importante innovazione Lines lancer\u00e0 la nuova grafica delle bustine firmata da Francesca Gasparri, una giovane designer scelta attraverso un concorso promosso da LINES per le principali scuole italiane di design e le loro studentesse.<\/p>\n\n\n\n<p>La campagna, pianificata da Media Italia e prodotta da Mercurio, si articola in due soggetti TV da 20\u201d, on air a partire dal 22 gennaio, a cui si uniscono una digital e social campaign pensate in ottica native per le piattaforme di Spotify, Meta e Google. Su TikTok, inoltre, il concept sar\u00e0 arricchito dai content originali delle Gemels (@legemels).<\/p>\n\n\n\n<p><strong>Credits<\/strong><\/p>\n\n\n\n<p>Team Marketing Fater \u2013 Lines<\/p>\n\n\n\n<p>General Manager: Antonio Fazzari<\/p>\n\n\n\n<p>FemCare &amp; AdultCare Marketing Director Fater : Ione Volpe<\/p>\n\n\n\n<p>Head of Marketing Pads&amp;Tampons: Mariaelena D\u2019Ippolito<\/p>\n\n\n\n<p>Brand Manager Lines Pads: Mariana De Simone&nbsp;&nbsp;<\/p>\n\n\n\n<p>Agenzia: Armando Testa<\/p>\n\n\n\n<p>Direttori Creativi Esecutivi: Georgia Ferraro, Nicola Cellemme<\/p>\n\n\n\n<p>Team Creativo: Lorenzo Blangiardo, Wanda Napoletano, Chiara Panattoni, Carlotta Gilardi.&nbsp;<\/p>\n\n\n\n<p>Social Media Manager: Eleonora Valerisce<\/p>\n\n\n\n<p>Team Account: Raffaele Reinerio, Cristina Omenetto, Arianna Cipolloni<\/p>\n\n\n\n<p>Casa di Produzione<\/p>\n\n\n\n<p>Cdp: Mercurio<\/p>\n\n\n\n<p>Regia: William9<\/p>\n\n\n\n<p>Centro Media: Media Italia&nbsp;&nbsp;<\/p>\n\n\n\n<ul class=\"wp-block-gallery columns-1 is-cropped wp-block-gallery-1 is-layout-flex wp-block-gallery-is-layout-flex\"><li class=\"blocks-gallery-item\"><figure><img decoding=\"async\" src=\"https:\/\/newsroom.armandotesta.it\/wp-content\/uploads\/2023\/01\/thumbnail_lines_frames_B-1024x576.jpg\" alt=\"\" data-id=\"6324\" data-link=\"https:\/\/newsroom.armandotesta.it\/it\/lines-presenta-il-nuovo-seta-ultra-con-le-rivoluzionarie-ali-a-incastro-perfetto-al-via-la-nuova-campagna-firmata-da-armando-testa\/thumbnail_lines_frames_b\/\" class=\"wp-image-6324\"\/><\/figure><\/li><\/ul>\n\n\n\n<ul class=\"wp-block-gallery columns-1 is-cropped wp-block-gallery-2 is-layout-flex wp-block-gallery-is-layout-flex\"><li class=\"blocks-gallery-item\"><figure><img decoding=\"async\" src=\"https:\/\/newsroom.armandotesta.it\/wp-content\/uploads\/2023\/01\/lines_frames_A-1024x576.jpg\" alt=\"\" data-id=\"6320\" data-link=\"https:\/\/newsroom.armandotesta.it\/it\/?attachment_id=6320\" class=\"wp-image-6320\"\/><\/figure><\/li><\/ul>\n\n\n\n<figure class=\"wp-block-embed-youtube wp-block-embed is-type-video is-provider-youtube wp-embed-aspect-16-9 wp-has-aspect-ratio\"><div class=\"wp-block-embed__wrapper\">\n<iframe loading=\"lazy\" title=\"L\u2019asciutto pulito n.1 con ali a Incastro Perfetto!\" width=\"500\" height=\"281\" src=\"https:\/\/www.youtube.com\/embed\/PFOJNNvA4c4?feature=oembed\" frameborder=\"0\" allow=\"accelerometer; autoplay; clipboard-write; encrypted-media; gyroscope; picture-in-picture; web-share\" referrerpolicy=\"strict-origin-when-cross-origin\" allowfullscreen><\/iframe>\n<\/div><\/figure>\n\n\n\n<figure class=\"wp-block-embed-youtube wp-block-embed is-type-video is-provider-youtube wp-embed-aspect-16-9 wp-has-aspect-ratio\"><div class=\"wp-block-embed__wrapper\">\n<iframe loading=\"lazy\" title=\"L\u2019asciutto pulito n.1 con ali a Incastro Perfetto!\" width=\"500\" height=\"281\" src=\"https:\/\/www.youtube.com\/embed\/uCkn4f-mJZM?feature=oembed\" frameborder=\"0\" allow=\"accelerometer; autoplay; clipboard-write; encrypted-media; gyroscope; picture-in-picture; web-share\" referrerpolicy=\"strict-origin-when-cross-origin\" allowfullscreen><\/iframe>\n<\/div><\/figure>\n","protected":false},"excerpt":{"rendered":"<p>Lines ridisegna le ali del nuovo Seta Ultra e diventa pioniere di una novit\u00e0 tanto attesa. Sono le \u201cali a incastro perfetto\u201d le&nbsp;protagoniste della nuova campagna integrata on air dal 22 gennaio firmata da Armando Testa. Milano, 24 gennaio 2023&nbsp;\u2013&nbsp;Lines, brand di Fater, ha spinto sull\u2019innovazione creando l\u2019esclusivo assorbente con \u201cali a incastro perfetto\u201d&nbsp;che combaciano [&hellip;]<\/p>\n","protected":false},"author":1,"featured_media":20670,"comment_status":"closed","ping_status":"closed","sticky":false,"template":"","format":"standard","meta":{"_acf_changed":false,"inline_featured_image":false,"footnotes":""},"categories":[],"tags":[],"class_list":["post-24810","post","type-post","status-publish","format-standard","has-post-thumbnail","hentry"],"acf":false,"yoast_head":"<!-- This site is optimized with the Yoast SEO plugin v26.3 - https:\/\/yoast.com\/wordpress\/plugins\/seo\/ -->\n<title>Lines presenta il nuovo Seta Ultra con le rivoluzionarie ali a incastro perfetto. Al via la nuova campagna firmata da Armando Testa. - Armando Testa<\/title>\n<meta name=\"robots\" content=\"index, follow, max-snippet:-1, max-image-preview:large, max-video-preview:-1\" \/>\n<link rel=\"canonical\" href=\"https:\/\/www.armandotesta.it\/it\/lines-presenta-il-nuovo-seta-ultra-con-le-rivoluzionarie-ali-a-incastro-perfetto-al-via-la-nuova-campagna-firmata-da-armando-testa\/\" \/>\n<meta property=\"og:locale\" content=\"it_IT\" \/>\n<meta property=\"og:type\" content=\"article\" \/>\n<meta property=\"og:title\" content=\"Lines presenta il nuovo Seta Ultra con le rivoluzionarie ali a incastro perfetto. Al via la nuova campagna firmata da Armando Testa. - Armando Testa\" \/>\n<meta property=\"og:description\" content=\"Lines ridisegna le ali del nuovo Seta Ultra e diventa pioniere di una novit\u00e0 tanto attesa. Sono le \u201cali a incastro perfetto\u201d le&nbsp;protagoniste della nuova campagna integrata on air dal 22 gennaio firmata da Armando Testa. Milano, 24 gennaio 2023&nbsp;\u2013&nbsp;Lines, brand di Fater, ha spinto sull\u2019innovazione creando l\u2019esclusivo assorbente con \u201cali a incastro perfetto\u201d&nbsp;che combaciano [&hellip;]\" \/>\n<meta property=\"og:url\" content=\"https:\/\/www.armandotesta.it\/it\/lines-presenta-il-nuovo-seta-ultra-con-le-rivoluzionarie-ali-a-incastro-perfetto-al-via-la-nuova-campagna-firmata-da-armando-testa\/\" \/>\n<meta property=\"og:site_name\" content=\"Armando Testa\" \/>\n<meta property=\"article:published_time\" content=\"2023-01-24T10:59:30+00:00\" \/>\n<meta property=\"article:modified_time\" content=\"2024-06-04T13:42:49+00:00\" \/>\n<meta property=\"og:image\" content=\"https:\/\/www.armandotesta.it\/wp-content\/uploads\/2024\/06\/lines_frames_A.jpg\" \/>\n\t<meta property=\"og:image:width\" content=\"1920\" \/>\n\t<meta property=\"og:image:height\" content=\"1080\" \/>\n\t<meta property=\"og:image:type\" content=\"image\/jpeg\" \/>\n<meta name=\"author\" content=\"admAT\" \/>\n<meta name=\"twitter:card\" content=\"summary_large_image\" \/>\n<meta name=\"twitter:label1\" content=\"Scritto da\" \/>\n\t<meta name=\"twitter:data1\" content=\"admAT\" \/>\n\t<meta name=\"twitter:label2\" content=\"Tempo di lettura stimato\" \/>\n\t<meta name=\"twitter:data2\" content=\"3 minuti\" \/>\n<script type=\"application\/ld+json\" class=\"yoast-schema-graph\">{\"@context\":\"https:\/\/schema.org\",\"@graph\":[{\"@type\":\"Article\",\"@id\":\"https:\/\/www.armandotesta.it\/it\/lines-presenta-il-nuovo-seta-ultra-con-le-rivoluzionarie-ali-a-incastro-perfetto-al-via-la-nuova-campagna-firmata-da-armando-testa\/#article\",\"isPartOf\":{\"@id\":\"https:\/\/www.armandotesta.it\/it\/lines-presenta-il-nuovo-seta-ultra-con-le-rivoluzionarie-ali-a-incastro-perfetto-al-via-la-nuova-campagna-firmata-da-armando-testa\/\"},\"author\":{\"name\":\"admAT\",\"@id\":\"https:\/\/www.armandotesta.it\/it\/#\/schema\/person\/46d1d2d167e5f7b857761f0d5183a848\"},\"headline\":\"Lines presenta il nuovo Seta Ultra con le rivoluzionarie ali a incastro perfetto. Al via la nuova campagna firmata da Armando Testa.\",\"datePublished\":\"2023-01-24T10:59:30+00:00\",\"dateModified\":\"2024-06-04T13:42:49+00:00\",\"mainEntityOfPage\":{\"@id\":\"https:\/\/www.armandotesta.it\/it\/lines-presenta-il-nuovo-seta-ultra-con-le-rivoluzionarie-ali-a-incastro-perfetto-al-via-la-nuova-campagna-firmata-da-armando-testa\/\"},\"wordCount\":609,\"publisher\":{\"@id\":\"https:\/\/www.armandotesta.it\/it\/#organization\"},\"image\":{\"@id\":\"https:\/\/www.armandotesta.it\/it\/lines-presenta-il-nuovo-seta-ultra-con-le-rivoluzionarie-ali-a-incastro-perfetto-al-via-la-nuova-campagna-firmata-da-armando-testa\/#primaryimage\"},\"thumbnailUrl\":\"https:\/\/www.armandotesta.it\/wp-content\/uploads\/2024\/06\/lines_frames_A.jpg\",\"inLanguage\":\"it-IT\"},{\"@type\":\"WebPage\",\"@id\":\"https:\/\/www.armandotesta.it\/it\/lines-presenta-il-nuovo-seta-ultra-con-le-rivoluzionarie-ali-a-incastro-perfetto-al-via-la-nuova-campagna-firmata-da-armando-testa\/\",\"url\":\"https:\/\/www.armandotesta.it\/it\/lines-presenta-il-nuovo-seta-ultra-con-le-rivoluzionarie-ali-a-incastro-perfetto-al-via-la-nuova-campagna-firmata-da-armando-testa\/\",\"name\":\"Lines presenta il nuovo Seta Ultra con le rivoluzionarie ali a incastro perfetto. Al via la nuova campagna firmata da Armando Testa. - Armando Testa\",\"isPartOf\":{\"@id\":\"https:\/\/www.armandotesta.it\/it\/#website\"},\"primaryImageOfPage\":{\"@id\":\"https:\/\/www.armandotesta.it\/it\/lines-presenta-il-nuovo-seta-ultra-con-le-rivoluzionarie-ali-a-incastro-perfetto-al-via-la-nuova-campagna-firmata-da-armando-testa\/#primaryimage\"},\"image\":{\"@id\":\"https:\/\/www.armandotesta.it\/it\/lines-presenta-il-nuovo-seta-ultra-con-le-rivoluzionarie-ali-a-incastro-perfetto-al-via-la-nuova-campagna-firmata-da-armando-testa\/#primaryimage\"},\"thumbnailUrl\":\"https:\/\/www.armandotesta.it\/wp-content\/uploads\/2024\/06\/lines_frames_A.jpg\",\"datePublished\":\"2023-01-24T10:59:30+00:00\",\"dateModified\":\"2024-06-04T13:42:49+00:00\",\"breadcrumb\":{\"@id\":\"https:\/\/www.armandotesta.it\/it\/lines-presenta-il-nuovo-seta-ultra-con-le-rivoluzionarie-ali-a-incastro-perfetto-al-via-la-nuova-campagna-firmata-da-armando-testa\/#breadcrumb\"},\"inLanguage\":\"it-IT\",\"potentialAction\":[{\"@type\":\"ReadAction\",\"target\":[\"https:\/\/www.armandotesta.it\/it\/lines-presenta-il-nuovo-seta-ultra-con-le-rivoluzionarie-ali-a-incastro-perfetto-al-via-la-nuova-campagna-firmata-da-armando-testa\/\"]}]},{\"@type\":\"ImageObject\",\"inLanguage\":\"it-IT\",\"@id\":\"https:\/\/www.armandotesta.it\/it\/lines-presenta-il-nuovo-seta-ultra-con-le-rivoluzionarie-ali-a-incastro-perfetto-al-via-la-nuova-campagna-firmata-da-armando-testa\/#primaryimage\",\"url\":\"https:\/\/www.armandotesta.it\/wp-content\/uploads\/2024\/06\/lines_frames_A.jpg\",\"contentUrl\":\"https:\/\/www.armandotesta.it\/wp-content\/uploads\/2024\/06\/lines_frames_A.jpg\",\"width\":1920,\"height\":1080},{\"@type\":\"BreadcrumbList\",\"@id\":\"https:\/\/www.armandotesta.it\/it\/lines-presenta-il-nuovo-seta-ultra-con-le-rivoluzionarie-ali-a-incastro-perfetto-al-via-la-nuova-campagna-firmata-da-armando-testa\/#breadcrumb\",\"itemListElement\":[{\"@type\":\"ListItem\",\"position\":1,\"name\":\"Home\",\"item\":\"https:\/\/www.armandotesta.it\/it\/\"},{\"@type\":\"ListItem\",\"position\":2,\"name\":\"Lines presenta il nuovo Seta Ultra con le rivoluzionarie ali a incastro perfetto. Al via la nuova campagna firmata da Armando Testa.\"}]},{\"@type\":\"WebSite\",\"@id\":\"https:\/\/www.armandotesta.it\/it\/#website\",\"url\":\"https:\/\/www.armandotesta.it\/it\/\",\"name\":\"Armando Testa\",\"description\":\"\",\"publisher\":{\"@id\":\"https:\/\/www.armandotesta.it\/it\/#organization\"},\"potentialAction\":[{\"@type\":\"SearchAction\",\"target\":{\"@type\":\"EntryPoint\",\"urlTemplate\":\"https:\/\/www.armandotesta.it\/it\/?s={search_term_string}\"},\"query-input\":{\"@type\":\"PropertyValueSpecification\",\"valueRequired\":true,\"valueName\":\"search_term_string\"}}],\"inLanguage\":\"it-IT\"},{\"@type\":\"Organization\",\"@id\":\"https:\/\/www.armandotesta.it\/it\/#organization\",\"name\":\"Armando Testa\",\"url\":\"https:\/\/www.armandotesta.it\/it\/\",\"logo\":{\"@type\":\"ImageObject\",\"inLanguage\":\"it-IT\",\"@id\":\"https:\/\/www.armandotesta.it\/it\/#\/schema\/logo\/image\/\",\"url\":\"https:\/\/www.armandotesta.it\/wp-content\/uploads\/2024\/01\/logo-at.png\",\"contentUrl\":\"https:\/\/www.armandotesta.it\/wp-content\/uploads\/2024\/01\/logo-at.png\",\"width\":200,\"height\":200,\"caption\":\"Armando Testa\"},\"image\":{\"@id\":\"https:\/\/www.armandotesta.it\/it\/#\/schema\/logo\/image\/\"}},{\"@type\":\"Person\",\"@id\":\"https:\/\/www.armandotesta.it\/it\/#\/schema\/person\/46d1d2d167e5f7b857761f0d5183a848\",\"name\":\"admAT\",\"image\":{\"@type\":\"ImageObject\",\"inLanguage\":\"it-IT\",\"@id\":\"https:\/\/www.armandotesta.it\/it\/#\/schema\/person\/image\/\",\"url\":\"https:\/\/secure.gravatar.com\/avatar\/9772e708d87105ee06ea2e627102fade92688c33bb2e0083a7a18b56280f7239?s=96&d=mm&r=g\",\"contentUrl\":\"https:\/\/secure.gravatar.com\/avatar\/9772e708d87105ee06ea2e627102fade92688c33bb2e0083a7a18b56280f7239?s=96&d=mm&r=g\",\"caption\":\"admAT\"},\"sameAs\":[\"https:\/\/www.armandotesta.it\"],\"url\":\"https:\/\/www.armandotesta.it\/it\/author\/admat\/\"}]}<\/script>\n<!-- \/ Yoast SEO plugin. -->","yoast_head_json":{"title":"Lines presenta il nuovo Seta Ultra con le rivoluzionarie ali a incastro perfetto. Al via la nuova campagna firmata da Armando Testa. - Armando Testa","robots":{"index":"index","follow":"follow","max-snippet":"max-snippet:-1","max-image-preview":"max-image-preview:large","max-video-preview":"max-video-preview:-1"},"canonical":"https:\/\/www.armandotesta.it\/it\/lines-presenta-il-nuovo-seta-ultra-con-le-rivoluzionarie-ali-a-incastro-perfetto-al-via-la-nuova-campagna-firmata-da-armando-testa\/","og_locale":"it_IT","og_type":"article","og_title":"Lines presenta il nuovo Seta Ultra con le rivoluzionarie ali a incastro perfetto. Al via la nuova campagna firmata da Armando Testa. - Armando Testa","og_description":"Lines ridisegna le ali del nuovo Seta Ultra e diventa pioniere di una novit\u00e0 tanto attesa. Sono le \u201cali a incastro perfetto\u201d le&nbsp;protagoniste della nuova campagna integrata on air dal 22 gennaio firmata da Armando Testa. Milano, 24 gennaio 2023&nbsp;\u2013&nbsp;Lines, brand di Fater, ha spinto sull\u2019innovazione creando l\u2019esclusivo assorbente con \u201cali a incastro perfetto\u201d&nbsp;che combaciano [&hellip;]","og_url":"https:\/\/www.armandotesta.it\/it\/lines-presenta-il-nuovo-seta-ultra-con-le-rivoluzionarie-ali-a-incastro-perfetto-al-via-la-nuova-campagna-firmata-da-armando-testa\/","og_site_name":"Armando Testa","article_published_time":"2023-01-24T10:59:30+00:00","article_modified_time":"2024-06-04T13:42:49+00:00","og_image":[{"width":1920,"height":1080,"url":"https:\/\/www.armandotesta.it\/wp-content\/uploads\/2024\/06\/lines_frames_A.jpg","type":"image\/jpeg"}],"author":"admAT","twitter_card":"summary_large_image","twitter_misc":{"Scritto da":"admAT","Tempo di lettura stimato":"3 minuti"},"schema":{"@context":"https:\/\/schema.org","@graph":[{"@type":"Article","@id":"https:\/\/www.armandotesta.it\/it\/lines-presenta-il-nuovo-seta-ultra-con-le-rivoluzionarie-ali-a-incastro-perfetto-al-via-la-nuova-campagna-firmata-da-armando-testa\/#article","isPartOf":{"@id":"https:\/\/www.armandotesta.it\/it\/lines-presenta-il-nuovo-seta-ultra-con-le-rivoluzionarie-ali-a-incastro-perfetto-al-via-la-nuova-campagna-firmata-da-armando-testa\/"},"author":{"name":"admAT","@id":"https:\/\/www.armandotesta.it\/it\/#\/schema\/person\/46d1d2d167e5f7b857761f0d5183a848"},"headline":"Lines presenta il nuovo Seta Ultra con le rivoluzionarie ali a incastro perfetto. Al via la nuova campagna firmata da Armando Testa.","datePublished":"2023-01-24T10:59:30+00:00","dateModified":"2024-06-04T13:42:49+00:00","mainEntityOfPage":{"@id":"https:\/\/www.armandotesta.it\/it\/lines-presenta-il-nuovo-seta-ultra-con-le-rivoluzionarie-ali-a-incastro-perfetto-al-via-la-nuova-campagna-firmata-da-armando-testa\/"},"wordCount":609,"publisher":{"@id":"https:\/\/www.armandotesta.it\/it\/#organization"},"image":{"@id":"https:\/\/www.armandotesta.it\/it\/lines-presenta-il-nuovo-seta-ultra-con-le-rivoluzionarie-ali-a-incastro-perfetto-al-via-la-nuova-campagna-firmata-da-armando-testa\/#primaryimage"},"thumbnailUrl":"https:\/\/www.armandotesta.it\/wp-content\/uploads\/2024\/06\/lines_frames_A.jpg","inLanguage":"it-IT"},{"@type":"WebPage","@id":"https:\/\/www.armandotesta.it\/it\/lines-presenta-il-nuovo-seta-ultra-con-le-rivoluzionarie-ali-a-incastro-perfetto-al-via-la-nuova-campagna-firmata-da-armando-testa\/","url":"https:\/\/www.armandotesta.it\/it\/lines-presenta-il-nuovo-seta-ultra-con-le-rivoluzionarie-ali-a-incastro-perfetto-al-via-la-nuova-campagna-firmata-da-armando-testa\/","name":"Lines presenta il nuovo Seta Ultra con le rivoluzionarie ali a incastro perfetto. Al via la nuova campagna firmata da Armando Testa. - Armando Testa","isPartOf":{"@id":"https:\/\/www.armandotesta.it\/it\/#website"},"primaryImageOfPage":{"@id":"https:\/\/www.armandotesta.it\/it\/lines-presenta-il-nuovo-seta-ultra-con-le-rivoluzionarie-ali-a-incastro-perfetto-al-via-la-nuova-campagna-firmata-da-armando-testa\/#primaryimage"},"image":{"@id":"https:\/\/www.armandotesta.it\/it\/lines-presenta-il-nuovo-seta-ultra-con-le-rivoluzionarie-ali-a-incastro-perfetto-al-via-la-nuova-campagna-firmata-da-armando-testa\/#primaryimage"},"thumbnailUrl":"https:\/\/www.armandotesta.it\/wp-content\/uploads\/2024\/06\/lines_frames_A.jpg","datePublished":"2023-01-24T10:59:30+00:00","dateModified":"2024-06-04T13:42:49+00:00","breadcrumb":{"@id":"https:\/\/www.armandotesta.it\/it\/lines-presenta-il-nuovo-seta-ultra-con-le-rivoluzionarie-ali-a-incastro-perfetto-al-via-la-nuova-campagna-firmata-da-armando-testa\/#breadcrumb"},"inLanguage":"it-IT","potentialAction":[{"@type":"ReadAction","target":["https:\/\/www.armandotesta.it\/it\/lines-presenta-il-nuovo-seta-ultra-con-le-rivoluzionarie-ali-a-incastro-perfetto-al-via-la-nuova-campagna-firmata-da-armando-testa\/"]}]},{"@type":"ImageObject","inLanguage":"it-IT","@id":"https:\/\/www.armandotesta.it\/it\/lines-presenta-il-nuovo-seta-ultra-con-le-rivoluzionarie-ali-a-incastro-perfetto-al-via-la-nuova-campagna-firmata-da-armando-testa\/#primaryimage","url":"https:\/\/www.armandotesta.it\/wp-content\/uploads\/2024\/06\/lines_frames_A.jpg","contentUrl":"https:\/\/www.armandotesta.it\/wp-content\/uploads\/2024\/06\/lines_frames_A.jpg","width":1920,"height":1080},{"@type":"BreadcrumbList","@id":"https:\/\/www.armandotesta.it\/it\/lines-presenta-il-nuovo-seta-ultra-con-le-rivoluzionarie-ali-a-incastro-perfetto-al-via-la-nuova-campagna-firmata-da-armando-testa\/#breadcrumb","itemListElement":[{"@type":"ListItem","position":1,"name":"Home","item":"https:\/\/www.armandotesta.it\/it\/"},{"@type":"ListItem","position":2,"name":"Lines presenta il nuovo Seta Ultra con le rivoluzionarie ali a incastro perfetto. Al via la nuova campagna firmata da Armando Testa."}]},{"@type":"WebSite","@id":"https:\/\/www.armandotesta.it\/it\/#website","url":"https:\/\/www.armandotesta.it\/it\/","name":"Armando Testa","description":"","publisher":{"@id":"https:\/\/www.armandotesta.it\/it\/#organization"},"potentialAction":[{"@type":"SearchAction","target":{"@type":"EntryPoint","urlTemplate":"https:\/\/www.armandotesta.it\/it\/?s={search_term_string}"},"query-input":{"@type":"PropertyValueSpecification","valueRequired":true,"valueName":"search_term_string"}}],"inLanguage":"it-IT"},{"@type":"Organization","@id":"https:\/\/www.armandotesta.it\/it\/#organization","name":"Armando Testa","url":"https:\/\/www.armandotesta.it\/it\/","logo":{"@type":"ImageObject","inLanguage":"it-IT","@id":"https:\/\/www.armandotesta.it\/it\/#\/schema\/logo\/image\/","url":"https:\/\/www.armandotesta.it\/wp-content\/uploads\/2024\/01\/logo-at.png","contentUrl":"https:\/\/www.armandotesta.it\/wp-content\/uploads\/2024\/01\/logo-at.png","width":200,"height":200,"caption":"Armando Testa"},"image":{"@id":"https:\/\/www.armandotesta.it\/it\/#\/schema\/logo\/image\/"}},{"@type":"Person","@id":"https:\/\/www.armandotesta.it\/it\/#\/schema\/person\/46d1d2d167e5f7b857761f0d5183a848","name":"admAT","image":{"@type":"ImageObject","inLanguage":"it-IT","@id":"https:\/\/www.armandotesta.it\/it\/#\/schema\/person\/image\/","url":"https:\/\/secure.gravatar.com\/avatar\/9772e708d87105ee06ea2e627102fade92688c33bb2e0083a7a18b56280f7239?s=96&d=mm&r=g","contentUrl":"https:\/\/secure.gravatar.com\/avatar\/9772e708d87105ee06ea2e627102fade92688c33bb2e0083a7a18b56280f7239?s=96&d=mm&r=g","caption":"admAT"},"sameAs":["https:\/\/www.armandotesta.it"],"url":"https:\/\/www.armandotesta.it\/it\/author\/admat\/"}]}},"_links":{"self":[{"href":"https:\/\/www.armandotesta.it\/it\/wp-json\/wp\/v2\/posts\/24810","targetHints":{"allow":["GET"]}}],"collection":[{"href":"https:\/\/www.armandotesta.it\/it\/wp-json\/wp\/v2\/posts"}],"about":[{"href":"https:\/\/www.armandotesta.it\/it\/wp-json\/wp\/v2\/types\/post"}],"author":[{"embeddable":true,"href":"https:\/\/www.armandotesta.it\/it\/wp-json\/wp\/v2\/users\/1"}],"replies":[{"embeddable":true,"href":"https:\/\/www.armandotesta.it\/it\/wp-json\/wp\/v2\/comments?post=24810"}],"version-history":[{"count":1,"href":"https:\/\/www.armandotesta.it\/it\/wp-json\/wp\/v2\/posts\/24810\/revisions"}],"predecessor-version":[{"id":25738,"href":"https:\/\/www.armandotesta.it\/it\/wp-json\/wp\/v2\/posts\/24810\/revisions\/25738"}],"wp:featuredmedia":[{"embeddable":true,"href":"https:\/\/www.armandotesta.it\/it\/wp-json\/wp\/v2\/media\/20670"}],"wp:attachment":[{"href":"https:\/\/www.armandotesta.it\/it\/wp-json\/wp\/v2\/media?parent=24810"}],"wp:term":[{"taxonomy":"category","embeddable":true,"href":"https:\/\/www.armandotesta.it\/it\/wp-json\/wp\/v2\/categories?post=24810"},{"taxonomy":"post_tag","embeddable":true,"href":"https:\/\/www.armandotesta.it\/it\/wp-json\/wp\/v2\/tags?post=24810"}],"curies":[{"name":"wp","href":"https:\/\/api.w.org\/{rel}","templated":true}]}}