{"id":24798,"date":"2022-11-10T16:12:36","date_gmt":"2022-11-10T15:12:36","guid":{"rendered":"https:\/\/www.armandotesta.it\/lavazza-e-armando-testa-yes-were-open\/"},"modified":"2024-06-04T15:42:42","modified_gmt":"2024-06-04T13:42:42","slug":"lavazza-e-armando-testa-yes-were-open","status":"publish","type":"post","link":"https:\/\/www.armandotesta.it\/it\/lavazza-e-armando-testa-yes-were-open\/","title":{"rendered":"Lavazza e Armando Testa, YES! we&#8217;re OPEN"},"content":{"rendered":"\n<p>\u201cYes! We\u2019re Open\u201d \u00e8 il titolo del Calendario Lavazza 2023, firmato dalla fotografa Alex Prager, con la direzione creativa dell\u2019agenzia Armando Testa.<\/p>\n\n\n\n<p>Dopo la presentazione ufficiale alla Triennale di Milano sono seguite, sempre in collaborazione con Armando Testa, una serie di iniziative. E altre ne seguiranno.<\/p>\n\n\n\n<p>Un abbigliaggio del Flagship Store Lavazza di Piazza San Fedele e altri prestigiosi bar di Milano, con vetrofanie e affissioni.<\/p>\n\n\n\n<p>Una domination su WeTransfer con le foto pi\u00f9 rappresentative del Calendario e il video-manifesto.<\/p>\n\n\n\n<p>Una campagna e varie attivit\u00e0 social per scoprire il progetto e il sito.&nbsp;<\/p>\n\n\n\n<p>Un sito quest\u2019anno ancora pi\u00f9 speciale perch\u00e9 dedicato oltre che a \u201cYes! We\u2019re open\u201d anche agli ultimi dieci anni dei Calendari legati alla sostenibilit\u00e0 e&nbsp;ai progetti della Fondazione Lavazza, tramite una sezione di \u201ceaster egg\u201d nascosti negli scatti di Alex Prager.<\/p>\n\n\n\n<p>\u201cYes! We\u2019re Open\u201d \u00e8 un messaggio universale di inclusione e&nbsp;accoglienza, che Lavazza lancia dal suo territorio di appartenenza: quello dei bar.<\/p>\n\n\n\n<p>Perch\u00e9 il bar \u00e8 il luogo pi\u00f9 democratico al mondo, dove da sempre non esistono pregiudizi, non si appiccicano etichette e ognuno \u00e8 il benvenuto.<\/p>\n\n\n\n<p>E per questa ragione, secondo Armando Testa e Lavazza, leggiamo \u201cYes! We\u2019re open\u201d sia sulla porta dei bar che sulla copertina del Calendario.<\/p>\n\n\n\n<p>Un cartello che \u00e8 molto pi\u00f9 di un invito: una promessa, un messaggio di libert\u00e0 e di accoglienza che arriva in un momento storico di (ri)apertura dei bar dopo anni complessi.<\/p>\n\n\n\n<p>Un vero e proprio posizionamento che rispecchia fedelmente i valori di un global brand come Lavazza, \u201copen\u201d dal 1895.<\/p>\n\n\n\n<p>All\u2019ideazione, allo sviluppo e alla realizzazione hanno lavorato per Armando Testa:&nbsp;<\/p>\n\n\n\n<p>Michele Mariani, Direttore Creativo Esecutivo<\/p>\n\n\n\n<p>Federico Bonenti e Andrea Lantelme, Direttori Creativi, copy e art<\/p>\n\n\n\n<p>Michela Repellino, Graphic Designer<\/p>\n\n\n\n<p>Antonella Raso, Junior Copy<\/p>\n\n\n\n<p>Ottavia Giola, Junior Art<\/p>\n\n\n\n<p>Per la parte digitale e di realizzazione del sito:<\/p>\n\n\n\n<p>Gabriella De Stefano e Paolo Fenoglio Direttori Creativi<\/p>\n\n\n\n<p>Marco Savojardo Chief Technology Officer<\/p>\n\n\n\n<p>Maria Matarrese UX designer<\/p>\n\n\n\n<p>Silvia Maistrello UI Designer<\/p>\n\n\n\n<p>Antonio Pezzella Creative Developer<\/p>\n\n\n\n<p>Luca Perli Motion Designer<\/p>\n\n\n\n<p>Team Account e Project Management: Gina Graci, Francesca Romaldo,&nbsp;Federica Cartocci.<\/p>\n\n\n\n<figure class=\"wp-block-image\"><img decoding=\"async\" src=\"https:\/\/newsroom.armandotesta.it\/wp-content\/uploads\/2022\/11\/LV_CAL-2023_COVER-768x768.jpg\" alt=\"\" class=\"wp-image-6182\"\/><\/figure>\n\n\n\n<figure class=\"wp-block-image\"><img decoding=\"async\" src=\"https:\/\/newsroom.armandotesta.it\/wp-content\/uploads\/2022\/11\/LV_CAL-2023_GEN-882x768.jpg\" alt=\"\" class=\"wp-image-6183\"\/><\/figure>\n\n\n\n<figure class=\"wp-block-image\"><img decoding=\"async\" src=\"https:\/\/newsroom.armandotesta.it\/wp-content\/uploads\/2022\/11\/LV_CAL-2023_LUG-957x768.jpg\" alt=\"\" class=\"wp-image-6184\"\/><\/figure>\n","protected":false},"excerpt":{"rendered":"<p>\u201cYes! We\u2019re Open\u201d \u00e8 il titolo del Calendario Lavazza 2023, firmato dalla fotografa Alex Prager, con la direzione creativa dell\u2019agenzia Armando Testa. Dopo la presentazione ufficiale alla Triennale di Milano sono seguite, sempre in collaborazione con Armando Testa, una serie di iniziative. E altre ne seguiranno. Un abbigliaggio del Flagship Store Lavazza di Piazza San [&hellip;]<\/p>\n","protected":false},"author":1,"featured_media":20632,"comment_status":"closed","ping_status":"closed","sticky":false,"template":"","format":"standard","meta":{"_acf_changed":false,"inline_featured_image":false,"footnotes":""},"categories":[],"tags":[],"class_list":["post-24798","post","type-post","status-publish","format-standard","has-post-thumbnail","hentry"],"acf":false,"yoast_head":"<!-- This site is optimized with the Yoast SEO plugin v26.3 - https:\/\/yoast.com\/wordpress\/plugins\/seo\/ -->\n<title>Lavazza e Armando Testa, YES! we&#039;re OPEN - Armando Testa<\/title>\n<meta name=\"robots\" content=\"index, follow, max-snippet:-1, max-image-preview:large, max-video-preview:-1\" \/>\n<link rel=\"canonical\" href=\"https:\/\/www.armandotesta.it\/it\/lavazza-e-armando-testa-yes-were-open\/\" \/>\n<meta property=\"og:locale\" content=\"it_IT\" \/>\n<meta property=\"og:type\" content=\"article\" \/>\n<meta property=\"og:title\" content=\"Lavazza e Armando Testa, YES! we&#039;re OPEN - Armando Testa\" \/>\n<meta property=\"og:description\" content=\"\u201cYes! We\u2019re Open\u201d \u00e8 il titolo del Calendario Lavazza 2023, firmato dalla fotografa Alex Prager, con la direzione creativa dell\u2019agenzia Armando Testa. Dopo la presentazione ufficiale alla Triennale di Milano sono seguite, sempre in collaborazione con Armando Testa, una serie di iniziative. E altre ne seguiranno. Un abbigliaggio del Flagship Store Lavazza di Piazza San [&hellip;]\" \/>\n<meta property=\"og:url\" content=\"https:\/\/www.armandotesta.it\/it\/lavazza-e-armando-testa-yes-were-open\/\" \/>\n<meta property=\"og:site_name\" content=\"Armando Testa\" \/>\n<meta property=\"article:published_time\" content=\"2022-11-10T15:12:36+00:00\" \/>\n<meta property=\"article:modified_time\" content=\"2024-06-04T13:42:42+00:00\" \/>\n<meta property=\"og:image\" content=\"https:\/\/www.armandotesta.it\/wp-content\/uploads\/2024\/06\/LV_CAL-2023_LUG.jpg\" \/>\n\t<meta property=\"og:image:width\" content=\"1104\" \/>\n\t<meta property=\"og:image:height\" content=\"886\" \/>\n\t<meta property=\"og:image:type\" content=\"image\/jpeg\" \/>\n<meta name=\"author\" content=\"admAT\" \/>\n<meta name=\"twitter:card\" content=\"summary_large_image\" \/>\n<meta name=\"twitter:label1\" content=\"Scritto da\" \/>\n\t<meta name=\"twitter:data1\" content=\"admAT\" \/>\n\t<meta name=\"twitter:label2\" content=\"Tempo di lettura stimato\" \/>\n\t<meta name=\"twitter:data2\" content=\"2 minuti\" \/>\n<script type=\"application\/ld+json\" class=\"yoast-schema-graph\">{\"@context\":\"https:\/\/schema.org\",\"@graph\":[{\"@type\":\"Article\",\"@id\":\"https:\/\/www.armandotesta.it\/it\/lavazza-e-armando-testa-yes-were-open\/#article\",\"isPartOf\":{\"@id\":\"https:\/\/www.armandotesta.it\/it\/lavazza-e-armando-testa-yes-were-open\/\"},\"author\":{\"name\":\"admAT\",\"@id\":\"https:\/\/www.armandotesta.it\/it\/#\/schema\/person\/46d1d2d167e5f7b857761f0d5183a848\"},\"headline\":\"Lavazza e Armando Testa, YES! we&#8217;re OPEN\",\"datePublished\":\"2022-11-10T15:12:36+00:00\",\"dateModified\":\"2024-06-04T13:42:42+00:00\",\"mainEntityOfPage\":{\"@id\":\"https:\/\/www.armandotesta.it\/it\/lavazza-e-armando-testa-yes-were-open\/\"},\"wordCount\":356,\"publisher\":{\"@id\":\"https:\/\/www.armandotesta.it\/it\/#organization\"},\"image\":{\"@id\":\"https:\/\/www.armandotesta.it\/it\/lavazza-e-armando-testa-yes-were-open\/#primaryimage\"},\"thumbnailUrl\":\"https:\/\/www.armandotesta.it\/wp-content\/uploads\/2024\/06\/LV_CAL-2023_LUG.jpg\",\"inLanguage\":\"it-IT\"},{\"@type\":\"WebPage\",\"@id\":\"https:\/\/www.armandotesta.it\/it\/lavazza-e-armando-testa-yes-were-open\/\",\"url\":\"https:\/\/www.armandotesta.it\/it\/lavazza-e-armando-testa-yes-were-open\/\",\"name\":\"Lavazza e Armando Testa, YES! we're OPEN - Armando Testa\",\"isPartOf\":{\"@id\":\"https:\/\/www.armandotesta.it\/it\/#website\"},\"primaryImageOfPage\":{\"@id\":\"https:\/\/www.armandotesta.it\/it\/lavazza-e-armando-testa-yes-were-open\/#primaryimage\"},\"image\":{\"@id\":\"https:\/\/www.armandotesta.it\/it\/lavazza-e-armando-testa-yes-were-open\/#primaryimage\"},\"thumbnailUrl\":\"https:\/\/www.armandotesta.it\/wp-content\/uploads\/2024\/06\/LV_CAL-2023_LUG.jpg\",\"datePublished\":\"2022-11-10T15:12:36+00:00\",\"dateModified\":\"2024-06-04T13:42:42+00:00\",\"breadcrumb\":{\"@id\":\"https:\/\/www.armandotesta.it\/it\/lavazza-e-armando-testa-yes-were-open\/#breadcrumb\"},\"inLanguage\":\"it-IT\",\"potentialAction\":[{\"@type\":\"ReadAction\",\"target\":[\"https:\/\/www.armandotesta.it\/it\/lavazza-e-armando-testa-yes-were-open\/\"]}]},{\"@type\":\"ImageObject\",\"inLanguage\":\"it-IT\",\"@id\":\"https:\/\/www.armandotesta.it\/it\/lavazza-e-armando-testa-yes-were-open\/#primaryimage\",\"url\":\"https:\/\/www.armandotesta.it\/wp-content\/uploads\/2024\/06\/LV_CAL-2023_LUG.jpg\",\"contentUrl\":\"https:\/\/www.armandotesta.it\/wp-content\/uploads\/2024\/06\/LV_CAL-2023_LUG.jpg\",\"width\":1104,\"height\":886},{\"@type\":\"BreadcrumbList\",\"@id\":\"https:\/\/www.armandotesta.it\/it\/lavazza-e-armando-testa-yes-were-open\/#breadcrumb\",\"itemListElement\":[{\"@type\":\"ListItem\",\"position\":1,\"name\":\"Home\",\"item\":\"https:\/\/www.armandotesta.it\/it\/\"},{\"@type\":\"ListItem\",\"position\":2,\"name\":\"Lavazza e Armando Testa, YES! we&#8217;re OPEN\"}]},{\"@type\":\"WebSite\",\"@id\":\"https:\/\/www.armandotesta.it\/it\/#website\",\"url\":\"https:\/\/www.armandotesta.it\/it\/\",\"name\":\"Armando Testa\",\"description\":\"\",\"publisher\":{\"@id\":\"https:\/\/www.armandotesta.it\/it\/#organization\"},\"potentialAction\":[{\"@type\":\"SearchAction\",\"target\":{\"@type\":\"EntryPoint\",\"urlTemplate\":\"https:\/\/www.armandotesta.it\/it\/?s={search_term_string}\"},\"query-input\":{\"@type\":\"PropertyValueSpecification\",\"valueRequired\":true,\"valueName\":\"search_term_string\"}}],\"inLanguage\":\"it-IT\"},{\"@type\":\"Organization\",\"@id\":\"https:\/\/www.armandotesta.it\/it\/#organization\",\"name\":\"Armando Testa\",\"url\":\"https:\/\/www.armandotesta.it\/it\/\",\"logo\":{\"@type\":\"ImageObject\",\"inLanguage\":\"it-IT\",\"@id\":\"https:\/\/www.armandotesta.it\/it\/#\/schema\/logo\/image\/\",\"url\":\"https:\/\/www.armandotesta.it\/wp-content\/uploads\/2024\/01\/logo-at.png\",\"contentUrl\":\"https:\/\/www.armandotesta.it\/wp-content\/uploads\/2024\/01\/logo-at.png\",\"width\":200,\"height\":200,\"caption\":\"Armando Testa\"},\"image\":{\"@id\":\"https:\/\/www.armandotesta.it\/it\/#\/schema\/logo\/image\/\"}},{\"@type\":\"Person\",\"@id\":\"https:\/\/www.armandotesta.it\/it\/#\/schema\/person\/46d1d2d167e5f7b857761f0d5183a848\",\"name\":\"admAT\",\"image\":{\"@type\":\"ImageObject\",\"inLanguage\":\"it-IT\",\"@id\":\"https:\/\/www.armandotesta.it\/it\/#\/schema\/person\/image\/\",\"url\":\"https:\/\/secure.gravatar.com\/avatar\/9772e708d87105ee06ea2e627102fade92688c33bb2e0083a7a18b56280f7239?s=96&d=mm&r=g\",\"contentUrl\":\"https:\/\/secure.gravatar.com\/avatar\/9772e708d87105ee06ea2e627102fade92688c33bb2e0083a7a18b56280f7239?s=96&d=mm&r=g\",\"caption\":\"admAT\"},\"sameAs\":[\"https:\/\/www.armandotesta.it\"],\"url\":\"https:\/\/www.armandotesta.it\/it\/author\/admat\/\"}]}<\/script>\n<!-- \/ Yoast SEO plugin. -->","yoast_head_json":{"title":"Lavazza e Armando Testa, YES! we're OPEN - Armando Testa","robots":{"index":"index","follow":"follow","max-snippet":"max-snippet:-1","max-image-preview":"max-image-preview:large","max-video-preview":"max-video-preview:-1"},"canonical":"https:\/\/www.armandotesta.it\/it\/lavazza-e-armando-testa-yes-were-open\/","og_locale":"it_IT","og_type":"article","og_title":"Lavazza e Armando Testa, YES! we're OPEN - Armando Testa","og_description":"\u201cYes! We\u2019re Open\u201d \u00e8 il titolo del Calendario Lavazza 2023, firmato dalla fotografa Alex Prager, con la direzione creativa dell\u2019agenzia Armando Testa. Dopo la presentazione ufficiale alla Triennale di Milano sono seguite, sempre in collaborazione con Armando Testa, una serie di iniziative. E altre ne seguiranno. Un abbigliaggio del Flagship Store Lavazza di Piazza San [&hellip;]","og_url":"https:\/\/www.armandotesta.it\/it\/lavazza-e-armando-testa-yes-were-open\/","og_site_name":"Armando Testa","article_published_time":"2022-11-10T15:12:36+00:00","article_modified_time":"2024-06-04T13:42:42+00:00","og_image":[{"width":1104,"height":886,"url":"https:\/\/www.armandotesta.it\/wp-content\/uploads\/2024\/06\/LV_CAL-2023_LUG.jpg","type":"image\/jpeg"}],"author":"admAT","twitter_card":"summary_large_image","twitter_misc":{"Scritto da":"admAT","Tempo di lettura stimato":"2 minuti"},"schema":{"@context":"https:\/\/schema.org","@graph":[{"@type":"Article","@id":"https:\/\/www.armandotesta.it\/it\/lavazza-e-armando-testa-yes-were-open\/#article","isPartOf":{"@id":"https:\/\/www.armandotesta.it\/it\/lavazza-e-armando-testa-yes-were-open\/"},"author":{"name":"admAT","@id":"https:\/\/www.armandotesta.it\/it\/#\/schema\/person\/46d1d2d167e5f7b857761f0d5183a848"},"headline":"Lavazza e Armando Testa, YES! we&#8217;re OPEN","datePublished":"2022-11-10T15:12:36+00:00","dateModified":"2024-06-04T13:42:42+00:00","mainEntityOfPage":{"@id":"https:\/\/www.armandotesta.it\/it\/lavazza-e-armando-testa-yes-were-open\/"},"wordCount":356,"publisher":{"@id":"https:\/\/www.armandotesta.it\/it\/#organization"},"image":{"@id":"https:\/\/www.armandotesta.it\/it\/lavazza-e-armando-testa-yes-were-open\/#primaryimage"},"thumbnailUrl":"https:\/\/www.armandotesta.it\/wp-content\/uploads\/2024\/06\/LV_CAL-2023_LUG.jpg","inLanguage":"it-IT"},{"@type":"WebPage","@id":"https:\/\/www.armandotesta.it\/it\/lavazza-e-armando-testa-yes-were-open\/","url":"https:\/\/www.armandotesta.it\/it\/lavazza-e-armando-testa-yes-were-open\/","name":"Lavazza e Armando Testa, YES! we're OPEN - Armando Testa","isPartOf":{"@id":"https:\/\/www.armandotesta.it\/it\/#website"},"primaryImageOfPage":{"@id":"https:\/\/www.armandotesta.it\/it\/lavazza-e-armando-testa-yes-were-open\/#primaryimage"},"image":{"@id":"https:\/\/www.armandotesta.it\/it\/lavazza-e-armando-testa-yes-were-open\/#primaryimage"},"thumbnailUrl":"https:\/\/www.armandotesta.it\/wp-content\/uploads\/2024\/06\/LV_CAL-2023_LUG.jpg","datePublished":"2022-11-10T15:12:36+00:00","dateModified":"2024-06-04T13:42:42+00:00","breadcrumb":{"@id":"https:\/\/www.armandotesta.it\/it\/lavazza-e-armando-testa-yes-were-open\/#breadcrumb"},"inLanguage":"it-IT","potentialAction":[{"@type":"ReadAction","target":["https:\/\/www.armandotesta.it\/it\/lavazza-e-armando-testa-yes-were-open\/"]}]},{"@type":"ImageObject","inLanguage":"it-IT","@id":"https:\/\/www.armandotesta.it\/it\/lavazza-e-armando-testa-yes-were-open\/#primaryimage","url":"https:\/\/www.armandotesta.it\/wp-content\/uploads\/2024\/06\/LV_CAL-2023_LUG.jpg","contentUrl":"https:\/\/www.armandotesta.it\/wp-content\/uploads\/2024\/06\/LV_CAL-2023_LUG.jpg","width":1104,"height":886},{"@type":"BreadcrumbList","@id":"https:\/\/www.armandotesta.it\/it\/lavazza-e-armando-testa-yes-were-open\/#breadcrumb","itemListElement":[{"@type":"ListItem","position":1,"name":"Home","item":"https:\/\/www.armandotesta.it\/it\/"},{"@type":"ListItem","position":2,"name":"Lavazza e Armando Testa, YES! we&#8217;re OPEN"}]},{"@type":"WebSite","@id":"https:\/\/www.armandotesta.it\/it\/#website","url":"https:\/\/www.armandotesta.it\/it\/","name":"Armando Testa","description":"","publisher":{"@id":"https:\/\/www.armandotesta.it\/it\/#organization"},"potentialAction":[{"@type":"SearchAction","target":{"@type":"EntryPoint","urlTemplate":"https:\/\/www.armandotesta.it\/it\/?s={search_term_string}"},"query-input":{"@type":"PropertyValueSpecification","valueRequired":true,"valueName":"search_term_string"}}],"inLanguage":"it-IT"},{"@type":"Organization","@id":"https:\/\/www.armandotesta.it\/it\/#organization","name":"Armando Testa","url":"https:\/\/www.armandotesta.it\/it\/","logo":{"@type":"ImageObject","inLanguage":"it-IT","@id":"https:\/\/www.armandotesta.it\/it\/#\/schema\/logo\/image\/","url":"https:\/\/www.armandotesta.it\/wp-content\/uploads\/2024\/01\/logo-at.png","contentUrl":"https:\/\/www.armandotesta.it\/wp-content\/uploads\/2024\/01\/logo-at.png","width":200,"height":200,"caption":"Armando Testa"},"image":{"@id":"https:\/\/www.armandotesta.it\/it\/#\/schema\/logo\/image\/"}},{"@type":"Person","@id":"https:\/\/www.armandotesta.it\/it\/#\/schema\/person\/46d1d2d167e5f7b857761f0d5183a848","name":"admAT","image":{"@type":"ImageObject","inLanguage":"it-IT","@id":"https:\/\/www.armandotesta.it\/it\/#\/schema\/person\/image\/","url":"https:\/\/secure.gravatar.com\/avatar\/9772e708d87105ee06ea2e627102fade92688c33bb2e0083a7a18b56280f7239?s=96&d=mm&r=g","contentUrl":"https:\/\/secure.gravatar.com\/avatar\/9772e708d87105ee06ea2e627102fade92688c33bb2e0083a7a18b56280f7239?s=96&d=mm&r=g","caption":"admAT"},"sameAs":["https:\/\/www.armandotesta.it"],"url":"https:\/\/www.armandotesta.it\/it\/author\/admat\/"}]}},"_links":{"self":[{"href":"https:\/\/www.armandotesta.it\/it\/wp-json\/wp\/v2\/posts\/24798","targetHints":{"allow":["GET"]}}],"collection":[{"href":"https:\/\/www.armandotesta.it\/it\/wp-json\/wp\/v2\/posts"}],"about":[{"href":"https:\/\/www.armandotesta.it\/it\/wp-json\/wp\/v2\/types\/post"}],"author":[{"embeddable":true,"href":"https:\/\/www.armandotesta.it\/it\/wp-json\/wp\/v2\/users\/1"}],"replies":[{"embeddable":true,"href":"https:\/\/www.armandotesta.it\/it\/wp-json\/wp\/v2\/comments?post=24798"}],"version-history":[{"count":1,"href":"https:\/\/www.armandotesta.it\/it\/wp-json\/wp\/v2\/posts\/24798\/revisions"}],"predecessor-version":[{"id":25726,"href":"https:\/\/www.armandotesta.it\/it\/wp-json\/wp\/v2\/posts\/24798\/revisions\/25726"}],"wp:featuredmedia":[{"embeddable":true,"href":"https:\/\/www.armandotesta.it\/it\/wp-json\/wp\/v2\/media\/20632"}],"wp:attachment":[{"href":"https:\/\/www.armandotesta.it\/it\/wp-json\/wp\/v2\/media?parent=24798"}],"wp:term":[{"taxonomy":"category","embeddable":true,"href":"https:\/\/www.armandotesta.it\/it\/wp-json\/wp\/v2\/categories?post=24798"},{"taxonomy":"post_tag","embeddable":true,"href":"https:\/\/www.armandotesta.it\/it\/wp-json\/wp\/v2\/tags?post=24798"}],"curies":[{"name":"wp","href":"https:\/\/api.w.org\/{rel}","templated":true}]}}