{"id":24758,"date":"2022-09-01T15:26:48","date_gmt":"2022-09-01T13:26:48","guid":{"rendered":"https:\/\/www.armandotesta.it\/fit-your-uniqueness-peuterey-celebra-lunicita-di-ognuno-con-la-collezione-f-w-2022-23-protagonista-della-campagna-firmata-armando-testa\/"},"modified":"2024-06-04T15:42:27","modified_gmt":"2024-06-04T13:42:27","slug":"fit-your-uniqueness-peuterey-celebra-lunicita-di-ognuno-con-la-collezione-f-w-2022-23-protagonista-della-campagna-firmata-armando-testa","status":"publish","type":"post","link":"https:\/\/www.armandotesta.it\/it\/fit-your-uniqueness-peuterey-celebra-lunicita-di-ognuno-con-la-collezione-f-w-2022-23-protagonista-della-campagna-firmata-armando-testa\/","title":{"rendered":"\u201cFit your uniqueness\u201d: Peuterey celebra l&#8217;unicit\u00e0 di ognuno con la collezione F\/W 2022\/23,  protagonista della campagna firmata Armando Testa"},"content":{"rendered":"\n<p><em>\u201cFit your Uniqueness\u201d<\/em>&nbsp;\u00e8 un invito ad accettarsi, piacersi, amarsi.&nbsp;<\/p>\n\n\n\n<p>\u201cIndossa la tua unicit\u00e0\u201d significa scegliere di stare bene con se stessi per mostrare con orgoglio la propria identit\u00e0 e eccezionalit\u00e0. Questo \u00e8 il concept con cui Armando Testa ha creato la nuova campagna ADV 2022 di Peuterey.<\/p>\n\n\n\n<p>Il progetto creativo vuole raccontare, infatti, l\u2019esigenza sempre pi\u00f9 viva di esprimere se stessi senza paure, limiti o schemi, di abbracciare tutti quei particolari che regalano tanti nuovi significati alla propria personalit\u00e0, di riprendere in mano la propria vita dopo le molte sfide affrontate in questi ultimi anni.&nbsp;<\/p>\n\n\n\n<p>Peuterey, il brand premium nell\u2019ambito dell\u2019outerwear che da sempre mette al centro le persone e i loro bisogni pi\u00f9 veri, risponde a questo desiderio raccontando in prima persona la propria unicit\u00e0 attraverso i suoi capi e le storie di chi li indossa.<\/p>\n\n\n\n<p>\u201c<em>Fit Your Uniqueness<\/em>\u201d \u00e8 il claim che, come un fil rouge, definisce la nuova campagna AI\/2022 firmata da Armando Testa e scattata dal fotografo Andy Massaccesi.<\/p>\n\n\n\n<p>Una frase da cui prende vita un progetto integrato che permette di rappresentare l\u2019unicit\u00e0 in tutte le sue forme con una narrazione a cavallo tra le grammatiche digitali e un trattamento che porta con s\u00e9 l\u2019heritage del brand, con un richiamo alla sartorialit\u00e0 e all\u2019human touch, grazie all\u2019utilizzo grafico della tecnica dell\u2019handwriting: tante scritte diverse, tutte fatte a mano, esprimono il modo di essere di ognuno dei protagonisti.<\/p>\n\n\n\n<p>Chi indossa Peuterey si riconosce immediatamente per la passione, la sicurezza di s\u00e9, il romanticismo e la creativit\u00e0, ma anche per la libert\u00e0 di immaginare e sognare, per la fierezza nell\u2019indossare ci\u00f2 che lo rende unico, come i capi Peuterey che esaltano l\u2019essenza di ognuno.&nbsp;<\/p>\n\n\n\n<p>Sviluppata su stampa, affissione, video digital e social media, la campagna Peuterey&nbsp;<em>\u201cFit your uniqueness\u201d<\/em>\u00e8 on air dal 15 agosto e vede il suo sviluppo a livello internazionale tra settembre e fine anno.<\/p>\n\n\n\n<p><strong>CREDITS:<\/strong><\/p>\n\n\n\n<p><strong>Peuterey S.r.l.<\/strong><\/p>\n\n\n\n<p>Brand team: Giovanni Lusini, Cristina Castelli<\/p>\n\n\n\n<p><strong>Armando Testa S.p.A.<\/strong><\/p>\n\n\n\n<p>Direzione Creativa Esecutiva: Michele Mariani<\/p>\n\n\n\n<p>Creative Team: Maria Meioli, Ottavia Giola, Antonella Raso<\/p>\n\n\n\n<p>Account Team: Stefano Salvatore, Martina Conterio<\/p>\n\n\n\n<p>Social media Team: Fabio Cuscun\u00e0, Sara Zavattaro<\/p>\n\n\n\n<p>Fotografo: Andy Massaccesi<\/p>\n\n\n\n<p>Registi: Luca Grafner, Oscar Grafner<\/p>\n\n\n\n<p>Calligrafo: Mattia Riami<\/p>\n\n\n\n<p>Casa di produzione: Little Bull Studios<\/p>\n\n\n\n<p>Studio di animazione: Studio Magoga<\/p>\n\n\n\n<ul class=\"wp-block-gallery columns-3 is-cropped wp-block-gallery-1 is-layout-flex wp-block-gallery-is-layout-flex\"><li class=\"blocks-gallery-item\"><figure><img decoding=\"async\" src=\"https:\/\/newsroom.armandotesta.it\/wp-content\/uploads\/2022\/09\/PEUTEREY_FIT-YOUR-UNIQUENESS_GROUP.jpeg\" alt=\"\" data-id=\"5945\" data-link=\"https:\/\/newsroom.armandotesta.it\/it\/?attachment_id=5945\" class=\"wp-image-5945\"\/><\/figure><\/li><li class=\"blocks-gallery-item\"><figure><img decoding=\"async\" src=\"https:\/\/newsroom.armandotesta.it\/wp-content\/uploads\/2022\/09\/PEUTEREY_FIT-YOUR-UNIQUENESS_KASA-544x768.jpg\" alt=\"\" data-id=\"5946\" data-link=\"https:\/\/newsroom.armandotesta.it\/it\/?attachment_id=5946\" class=\"wp-image-5946\"\/><\/figure><\/li><li class=\"blocks-gallery-item\"><figure><img decoding=\"async\" src=\"https:\/\/newsroom.armandotesta.it\/wp-content\/uploads\/2022\/09\/PEUTEREY_FIT-YOUR-UNIQUENESS_NOTARI-544x768.jpg\" alt=\"\" data-id=\"5947\" data-link=\"https:\/\/newsroom.armandotesta.it\/it\/?attachment_id=5947\" class=\"wp-image-5947\"\/><\/figure><\/li><\/ul>\n","protected":false},"excerpt":{"rendered":"<p>\u201cFit your Uniqueness\u201d&nbsp;\u00e8 un invito ad accettarsi, piacersi, amarsi.&nbsp; \u201cIndossa la tua unicit\u00e0\u201d significa scegliere di stare bene con se stessi per mostrare con orgoglio la propria identit\u00e0 e eccezionalit\u00e0. Questo \u00e8 il concept con cui Armando Testa ha creato la nuova campagna ADV 2022 di Peuterey. Il progetto creativo vuole raccontare, infatti, l\u2019esigenza sempre [&hellip;]<\/p>\n","protected":false},"author":1,"featured_media":20576,"comment_status":"closed","ping_status":"closed","sticky":false,"template":"","format":"standard","meta":{"_acf_changed":false,"inline_featured_image":false,"footnotes":""},"categories":[],"tags":[],"class_list":["post-24758","post","type-post","status-publish","format-standard","has-post-thumbnail","hentry"],"acf":false,"yoast_head":"<!-- This site is optimized with the Yoast SEO plugin v26.3 - https:\/\/yoast.com\/wordpress\/plugins\/seo\/ -->\n<title>\u201cFit your uniqueness\u201d: Peuterey celebra l&#039;unicit\u00e0 di ognuno con la collezione F\/W 2022\/23, protagonista della campagna firmata Armando Testa - Armando Testa<\/title>\n<meta name=\"robots\" content=\"index, follow, max-snippet:-1, max-image-preview:large, max-video-preview:-1\" \/>\n<link rel=\"canonical\" href=\"https:\/\/www.armandotesta.it\/it\/fit-your-uniqueness-peuterey-celebra-lunicita-di-ognuno-con-la-collezione-f-w-2022-23-protagonista-della-campagna-firmata-armando-testa\/\" \/>\n<meta property=\"og:locale\" content=\"it_IT\" \/>\n<meta property=\"og:type\" content=\"article\" \/>\n<meta property=\"og:title\" content=\"\u201cFit your uniqueness\u201d: Peuterey celebra l&#039;unicit\u00e0 di ognuno con la collezione F\/W 2022\/23, protagonista della campagna firmata Armando Testa - Armando Testa\" \/>\n<meta property=\"og:description\" content=\"\u201cFit your Uniqueness\u201d&nbsp;\u00e8 un invito ad accettarsi, piacersi, amarsi.&nbsp; \u201cIndossa la tua unicit\u00e0\u201d significa scegliere di stare bene con se stessi per mostrare con orgoglio la propria identit\u00e0 e eccezionalit\u00e0. Questo \u00e8 il concept con cui Armando Testa ha creato la nuova campagna ADV 2022 di Peuterey. Il progetto creativo vuole raccontare, infatti, l\u2019esigenza sempre [&hellip;]\" \/>\n<meta property=\"og:url\" content=\"https:\/\/www.armandotesta.it\/it\/fit-your-uniqueness-peuterey-celebra-lunicita-di-ognuno-con-la-collezione-f-w-2022-23-protagonista-della-campagna-firmata-armando-testa\/\" \/>\n<meta property=\"og:site_name\" content=\"Armando Testa\" \/>\n<meta property=\"article:published_time\" content=\"2022-09-01T13:26:48+00:00\" \/>\n<meta property=\"article:modified_time\" content=\"2024-06-04T13:42:27+00:00\" \/>\n<meta property=\"og:image\" content=\"https:\/\/www.armandotesta.it\/wp-content\/uploads\/2024\/06\/PEUTEREY_FIT-YOUR-UNIQUENESS_GROUP.jpeg\" \/>\n\t<meta property=\"og:image:width\" content=\"835\" \/>\n\t<meta property=\"og:image:height\" content=\"591\" \/>\n\t<meta property=\"og:image:type\" content=\"image\/jpeg\" \/>\n<meta name=\"author\" content=\"admAT\" \/>\n<meta name=\"twitter:card\" content=\"summary_large_image\" \/>\n<meta name=\"twitter:label1\" content=\"Scritto da\" \/>\n\t<meta name=\"twitter:data1\" content=\"admAT\" \/>\n\t<meta name=\"twitter:label2\" content=\"Tempo di lettura stimato\" \/>\n\t<meta name=\"twitter:data2\" content=\"2 minuti\" \/>\n<script type=\"application\/ld+json\" class=\"yoast-schema-graph\">{\"@context\":\"https:\/\/schema.org\",\"@graph\":[{\"@type\":\"Article\",\"@id\":\"https:\/\/www.armandotesta.it\/it\/fit-your-uniqueness-peuterey-celebra-lunicita-di-ognuno-con-la-collezione-f-w-2022-23-protagonista-della-campagna-firmata-armando-testa\/#article\",\"isPartOf\":{\"@id\":\"https:\/\/www.armandotesta.it\/it\/fit-your-uniqueness-peuterey-celebra-lunicita-di-ognuno-con-la-collezione-f-w-2022-23-protagonista-della-campagna-firmata-armando-testa\/\"},\"author\":{\"name\":\"admAT\",\"@id\":\"https:\/\/www.armandotesta.it\/it\/#\/schema\/person\/46d1d2d167e5f7b857761f0d5183a848\"},\"headline\":\"\u201cFit your uniqueness\u201d: Peuterey celebra l&#8217;unicit\u00e0 di ognuno con la collezione F\/W 2022\/23, protagonista della campagna firmata Armando Testa\",\"datePublished\":\"2022-09-01T13:26:48+00:00\",\"dateModified\":\"2024-06-04T13:42:27+00:00\",\"mainEntityOfPage\":{\"@id\":\"https:\/\/www.armandotesta.it\/it\/fit-your-uniqueness-peuterey-celebra-lunicita-di-ognuno-con-la-collezione-f-w-2022-23-protagonista-della-campagna-firmata-armando-testa\/\"},\"wordCount\":404,\"publisher\":{\"@id\":\"https:\/\/www.armandotesta.it\/it\/#organization\"},\"image\":{\"@id\":\"https:\/\/www.armandotesta.it\/it\/fit-your-uniqueness-peuterey-celebra-lunicita-di-ognuno-con-la-collezione-f-w-2022-23-protagonista-della-campagna-firmata-armando-testa\/#primaryimage\"},\"thumbnailUrl\":\"https:\/\/www.armandotesta.it\/wp-content\/uploads\/2024\/06\/PEUTEREY_FIT-YOUR-UNIQUENESS_GROUP.jpeg\",\"inLanguage\":\"it-IT\"},{\"@type\":\"WebPage\",\"@id\":\"https:\/\/www.armandotesta.it\/it\/fit-your-uniqueness-peuterey-celebra-lunicita-di-ognuno-con-la-collezione-f-w-2022-23-protagonista-della-campagna-firmata-armando-testa\/\",\"url\":\"https:\/\/www.armandotesta.it\/it\/fit-your-uniqueness-peuterey-celebra-lunicita-di-ognuno-con-la-collezione-f-w-2022-23-protagonista-della-campagna-firmata-armando-testa\/\",\"name\":\"\u201cFit your uniqueness\u201d: Peuterey celebra l'unicit\u00e0 di ognuno con la collezione F\/W 2022\/23, protagonista della campagna firmata Armando Testa - Armando Testa\",\"isPartOf\":{\"@id\":\"https:\/\/www.armandotesta.it\/it\/#website\"},\"primaryImageOfPage\":{\"@id\":\"https:\/\/www.armandotesta.it\/it\/fit-your-uniqueness-peuterey-celebra-lunicita-di-ognuno-con-la-collezione-f-w-2022-23-protagonista-della-campagna-firmata-armando-testa\/#primaryimage\"},\"image\":{\"@id\":\"https:\/\/www.armandotesta.it\/it\/fit-your-uniqueness-peuterey-celebra-lunicita-di-ognuno-con-la-collezione-f-w-2022-23-protagonista-della-campagna-firmata-armando-testa\/#primaryimage\"},\"thumbnailUrl\":\"https:\/\/www.armandotesta.it\/wp-content\/uploads\/2024\/06\/PEUTEREY_FIT-YOUR-UNIQUENESS_GROUP.jpeg\",\"datePublished\":\"2022-09-01T13:26:48+00:00\",\"dateModified\":\"2024-06-04T13:42:27+00:00\",\"breadcrumb\":{\"@id\":\"https:\/\/www.armandotesta.it\/it\/fit-your-uniqueness-peuterey-celebra-lunicita-di-ognuno-con-la-collezione-f-w-2022-23-protagonista-della-campagna-firmata-armando-testa\/#breadcrumb\"},\"inLanguage\":\"it-IT\",\"potentialAction\":[{\"@type\":\"ReadAction\",\"target\":[\"https:\/\/www.armandotesta.it\/it\/fit-your-uniqueness-peuterey-celebra-lunicita-di-ognuno-con-la-collezione-f-w-2022-23-protagonista-della-campagna-firmata-armando-testa\/\"]}]},{\"@type\":\"ImageObject\",\"inLanguage\":\"it-IT\",\"@id\":\"https:\/\/www.armandotesta.it\/it\/fit-your-uniqueness-peuterey-celebra-lunicita-di-ognuno-con-la-collezione-f-w-2022-23-protagonista-della-campagna-firmata-armando-testa\/#primaryimage\",\"url\":\"https:\/\/www.armandotesta.it\/wp-content\/uploads\/2024\/06\/PEUTEREY_FIT-YOUR-UNIQUENESS_GROUP.jpeg\",\"contentUrl\":\"https:\/\/www.armandotesta.it\/wp-content\/uploads\/2024\/06\/PEUTEREY_FIT-YOUR-UNIQUENESS_GROUP.jpeg\",\"width\":835,\"height\":591},{\"@type\":\"BreadcrumbList\",\"@id\":\"https:\/\/www.armandotesta.it\/it\/fit-your-uniqueness-peuterey-celebra-lunicita-di-ognuno-con-la-collezione-f-w-2022-23-protagonista-della-campagna-firmata-armando-testa\/#breadcrumb\",\"itemListElement\":[{\"@type\":\"ListItem\",\"position\":1,\"name\":\"Home\",\"item\":\"https:\/\/www.armandotesta.it\/it\/\"},{\"@type\":\"ListItem\",\"position\":2,\"name\":\"\u201cFit your uniqueness\u201d: Peuterey celebra l&#8217;unicit\u00e0 di ognuno con la collezione F\/W 2022\/23, protagonista della campagna firmata Armando Testa\"}]},{\"@type\":\"WebSite\",\"@id\":\"https:\/\/www.armandotesta.it\/it\/#website\",\"url\":\"https:\/\/www.armandotesta.it\/it\/\",\"name\":\"Armando Testa\",\"description\":\"\",\"publisher\":{\"@id\":\"https:\/\/www.armandotesta.it\/it\/#organization\"},\"potentialAction\":[{\"@type\":\"SearchAction\",\"target\":{\"@type\":\"EntryPoint\",\"urlTemplate\":\"https:\/\/www.armandotesta.it\/it\/?s={search_term_string}\"},\"query-input\":{\"@type\":\"PropertyValueSpecification\",\"valueRequired\":true,\"valueName\":\"search_term_string\"}}],\"inLanguage\":\"it-IT\"},{\"@type\":\"Organization\",\"@id\":\"https:\/\/www.armandotesta.it\/it\/#organization\",\"name\":\"Armando Testa\",\"url\":\"https:\/\/www.armandotesta.it\/it\/\",\"logo\":{\"@type\":\"ImageObject\",\"inLanguage\":\"it-IT\",\"@id\":\"https:\/\/www.armandotesta.it\/it\/#\/schema\/logo\/image\/\",\"url\":\"https:\/\/www.armandotesta.it\/wp-content\/uploads\/2024\/01\/logo-at.png\",\"contentUrl\":\"https:\/\/www.armandotesta.it\/wp-content\/uploads\/2024\/01\/logo-at.png\",\"width\":200,\"height\":200,\"caption\":\"Armando Testa\"},\"image\":{\"@id\":\"https:\/\/www.armandotesta.it\/it\/#\/schema\/logo\/image\/\"}},{\"@type\":\"Person\",\"@id\":\"https:\/\/www.armandotesta.it\/it\/#\/schema\/person\/46d1d2d167e5f7b857761f0d5183a848\",\"name\":\"admAT\",\"image\":{\"@type\":\"ImageObject\",\"inLanguage\":\"it-IT\",\"@id\":\"https:\/\/www.armandotesta.it\/it\/#\/schema\/person\/image\/\",\"url\":\"https:\/\/secure.gravatar.com\/avatar\/9772e708d87105ee06ea2e627102fade92688c33bb2e0083a7a18b56280f7239?s=96&d=mm&r=g\",\"contentUrl\":\"https:\/\/secure.gravatar.com\/avatar\/9772e708d87105ee06ea2e627102fade92688c33bb2e0083a7a18b56280f7239?s=96&d=mm&r=g\",\"caption\":\"admAT\"},\"sameAs\":[\"https:\/\/www.armandotesta.it\"],\"url\":\"https:\/\/www.armandotesta.it\/it\/author\/admat\/\"}]}<\/script>\n<!-- \/ Yoast SEO plugin. -->","yoast_head_json":{"title":"\u201cFit your uniqueness\u201d: Peuterey celebra l'unicit\u00e0 di ognuno con la collezione F\/W 2022\/23, protagonista della campagna firmata Armando Testa - Armando Testa","robots":{"index":"index","follow":"follow","max-snippet":"max-snippet:-1","max-image-preview":"max-image-preview:large","max-video-preview":"max-video-preview:-1"},"canonical":"https:\/\/www.armandotesta.it\/it\/fit-your-uniqueness-peuterey-celebra-lunicita-di-ognuno-con-la-collezione-f-w-2022-23-protagonista-della-campagna-firmata-armando-testa\/","og_locale":"it_IT","og_type":"article","og_title":"\u201cFit your uniqueness\u201d: Peuterey celebra l'unicit\u00e0 di ognuno con la collezione F\/W 2022\/23, protagonista della campagna firmata Armando Testa - Armando Testa","og_description":"\u201cFit your Uniqueness\u201d&nbsp;\u00e8 un invito ad accettarsi, piacersi, amarsi.&nbsp; \u201cIndossa la tua unicit\u00e0\u201d significa scegliere di stare bene con se stessi per mostrare con orgoglio la propria identit\u00e0 e eccezionalit\u00e0. Questo \u00e8 il concept con cui Armando Testa ha creato la nuova campagna ADV 2022 di Peuterey. Il progetto creativo vuole raccontare, infatti, l\u2019esigenza sempre [&hellip;]","og_url":"https:\/\/www.armandotesta.it\/it\/fit-your-uniqueness-peuterey-celebra-lunicita-di-ognuno-con-la-collezione-f-w-2022-23-protagonista-della-campagna-firmata-armando-testa\/","og_site_name":"Armando Testa","article_published_time":"2022-09-01T13:26:48+00:00","article_modified_time":"2024-06-04T13:42:27+00:00","og_image":[{"width":835,"height":591,"url":"https:\/\/www.armandotesta.it\/wp-content\/uploads\/2024\/06\/PEUTEREY_FIT-YOUR-UNIQUENESS_GROUP.jpeg","type":"image\/jpeg"}],"author":"admAT","twitter_card":"summary_large_image","twitter_misc":{"Scritto da":"admAT","Tempo di lettura stimato":"2 minuti"},"schema":{"@context":"https:\/\/schema.org","@graph":[{"@type":"Article","@id":"https:\/\/www.armandotesta.it\/it\/fit-your-uniqueness-peuterey-celebra-lunicita-di-ognuno-con-la-collezione-f-w-2022-23-protagonista-della-campagna-firmata-armando-testa\/#article","isPartOf":{"@id":"https:\/\/www.armandotesta.it\/it\/fit-your-uniqueness-peuterey-celebra-lunicita-di-ognuno-con-la-collezione-f-w-2022-23-protagonista-della-campagna-firmata-armando-testa\/"},"author":{"name":"admAT","@id":"https:\/\/www.armandotesta.it\/it\/#\/schema\/person\/46d1d2d167e5f7b857761f0d5183a848"},"headline":"\u201cFit your uniqueness\u201d: Peuterey celebra l&#8217;unicit\u00e0 di ognuno con la collezione F\/W 2022\/23, protagonista della campagna firmata Armando Testa","datePublished":"2022-09-01T13:26:48+00:00","dateModified":"2024-06-04T13:42:27+00:00","mainEntityOfPage":{"@id":"https:\/\/www.armandotesta.it\/it\/fit-your-uniqueness-peuterey-celebra-lunicita-di-ognuno-con-la-collezione-f-w-2022-23-protagonista-della-campagna-firmata-armando-testa\/"},"wordCount":404,"publisher":{"@id":"https:\/\/www.armandotesta.it\/it\/#organization"},"image":{"@id":"https:\/\/www.armandotesta.it\/it\/fit-your-uniqueness-peuterey-celebra-lunicita-di-ognuno-con-la-collezione-f-w-2022-23-protagonista-della-campagna-firmata-armando-testa\/#primaryimage"},"thumbnailUrl":"https:\/\/www.armandotesta.it\/wp-content\/uploads\/2024\/06\/PEUTEREY_FIT-YOUR-UNIQUENESS_GROUP.jpeg","inLanguage":"it-IT"},{"@type":"WebPage","@id":"https:\/\/www.armandotesta.it\/it\/fit-your-uniqueness-peuterey-celebra-lunicita-di-ognuno-con-la-collezione-f-w-2022-23-protagonista-della-campagna-firmata-armando-testa\/","url":"https:\/\/www.armandotesta.it\/it\/fit-your-uniqueness-peuterey-celebra-lunicita-di-ognuno-con-la-collezione-f-w-2022-23-protagonista-della-campagna-firmata-armando-testa\/","name":"\u201cFit your uniqueness\u201d: Peuterey celebra l'unicit\u00e0 di ognuno con la collezione F\/W 2022\/23, protagonista della campagna firmata Armando Testa - Armando Testa","isPartOf":{"@id":"https:\/\/www.armandotesta.it\/it\/#website"},"primaryImageOfPage":{"@id":"https:\/\/www.armandotesta.it\/it\/fit-your-uniqueness-peuterey-celebra-lunicita-di-ognuno-con-la-collezione-f-w-2022-23-protagonista-della-campagna-firmata-armando-testa\/#primaryimage"},"image":{"@id":"https:\/\/www.armandotesta.it\/it\/fit-your-uniqueness-peuterey-celebra-lunicita-di-ognuno-con-la-collezione-f-w-2022-23-protagonista-della-campagna-firmata-armando-testa\/#primaryimage"},"thumbnailUrl":"https:\/\/www.armandotesta.it\/wp-content\/uploads\/2024\/06\/PEUTEREY_FIT-YOUR-UNIQUENESS_GROUP.jpeg","datePublished":"2022-09-01T13:26:48+00:00","dateModified":"2024-06-04T13:42:27+00:00","breadcrumb":{"@id":"https:\/\/www.armandotesta.it\/it\/fit-your-uniqueness-peuterey-celebra-lunicita-di-ognuno-con-la-collezione-f-w-2022-23-protagonista-della-campagna-firmata-armando-testa\/#breadcrumb"},"inLanguage":"it-IT","potentialAction":[{"@type":"ReadAction","target":["https:\/\/www.armandotesta.it\/it\/fit-your-uniqueness-peuterey-celebra-lunicita-di-ognuno-con-la-collezione-f-w-2022-23-protagonista-della-campagna-firmata-armando-testa\/"]}]},{"@type":"ImageObject","inLanguage":"it-IT","@id":"https:\/\/www.armandotesta.it\/it\/fit-your-uniqueness-peuterey-celebra-lunicita-di-ognuno-con-la-collezione-f-w-2022-23-protagonista-della-campagna-firmata-armando-testa\/#primaryimage","url":"https:\/\/www.armandotesta.it\/wp-content\/uploads\/2024\/06\/PEUTEREY_FIT-YOUR-UNIQUENESS_GROUP.jpeg","contentUrl":"https:\/\/www.armandotesta.it\/wp-content\/uploads\/2024\/06\/PEUTEREY_FIT-YOUR-UNIQUENESS_GROUP.jpeg","width":835,"height":591},{"@type":"BreadcrumbList","@id":"https:\/\/www.armandotesta.it\/it\/fit-your-uniqueness-peuterey-celebra-lunicita-di-ognuno-con-la-collezione-f-w-2022-23-protagonista-della-campagna-firmata-armando-testa\/#breadcrumb","itemListElement":[{"@type":"ListItem","position":1,"name":"Home","item":"https:\/\/www.armandotesta.it\/it\/"},{"@type":"ListItem","position":2,"name":"\u201cFit your uniqueness\u201d: Peuterey celebra l&#8217;unicit\u00e0 di ognuno con la collezione F\/W 2022\/23, protagonista della campagna firmata Armando Testa"}]},{"@type":"WebSite","@id":"https:\/\/www.armandotesta.it\/it\/#website","url":"https:\/\/www.armandotesta.it\/it\/","name":"Armando Testa","description":"","publisher":{"@id":"https:\/\/www.armandotesta.it\/it\/#organization"},"potentialAction":[{"@type":"SearchAction","target":{"@type":"EntryPoint","urlTemplate":"https:\/\/www.armandotesta.it\/it\/?s={search_term_string}"},"query-input":{"@type":"PropertyValueSpecification","valueRequired":true,"valueName":"search_term_string"}}],"inLanguage":"it-IT"},{"@type":"Organization","@id":"https:\/\/www.armandotesta.it\/it\/#organization","name":"Armando Testa","url":"https:\/\/www.armandotesta.it\/it\/","logo":{"@type":"ImageObject","inLanguage":"it-IT","@id":"https:\/\/www.armandotesta.it\/it\/#\/schema\/logo\/image\/","url":"https:\/\/www.armandotesta.it\/wp-content\/uploads\/2024\/01\/logo-at.png","contentUrl":"https:\/\/www.armandotesta.it\/wp-content\/uploads\/2024\/01\/logo-at.png","width":200,"height":200,"caption":"Armando Testa"},"image":{"@id":"https:\/\/www.armandotesta.it\/it\/#\/schema\/logo\/image\/"}},{"@type":"Person","@id":"https:\/\/www.armandotesta.it\/it\/#\/schema\/person\/46d1d2d167e5f7b857761f0d5183a848","name":"admAT","image":{"@type":"ImageObject","inLanguage":"it-IT","@id":"https:\/\/www.armandotesta.it\/it\/#\/schema\/person\/image\/","url":"https:\/\/secure.gravatar.com\/avatar\/9772e708d87105ee06ea2e627102fade92688c33bb2e0083a7a18b56280f7239?s=96&d=mm&r=g","contentUrl":"https:\/\/secure.gravatar.com\/avatar\/9772e708d87105ee06ea2e627102fade92688c33bb2e0083a7a18b56280f7239?s=96&d=mm&r=g","caption":"admAT"},"sameAs":["https:\/\/www.armandotesta.it"],"url":"https:\/\/www.armandotesta.it\/it\/author\/admat\/"}]}},"_links":{"self":[{"href":"https:\/\/www.armandotesta.it\/it\/wp-json\/wp\/v2\/posts\/24758","targetHints":{"allow":["GET"]}}],"collection":[{"href":"https:\/\/www.armandotesta.it\/it\/wp-json\/wp\/v2\/posts"}],"about":[{"href":"https:\/\/www.armandotesta.it\/it\/wp-json\/wp\/v2\/types\/post"}],"author":[{"embeddable":true,"href":"https:\/\/www.armandotesta.it\/it\/wp-json\/wp\/v2\/users\/1"}],"replies":[{"embeddable":true,"href":"https:\/\/www.armandotesta.it\/it\/wp-json\/wp\/v2\/comments?post=24758"}],"version-history":[{"count":1,"href":"https:\/\/www.armandotesta.it\/it\/wp-json\/wp\/v2\/posts\/24758\/revisions"}],"predecessor-version":[{"id":25686,"href":"https:\/\/www.armandotesta.it\/it\/wp-json\/wp\/v2\/posts\/24758\/revisions\/25686"}],"wp:featuredmedia":[{"embeddable":true,"href":"https:\/\/www.armandotesta.it\/it\/wp-json\/wp\/v2\/media\/20576"}],"wp:attachment":[{"href":"https:\/\/www.armandotesta.it\/it\/wp-json\/wp\/v2\/media?parent=24758"}],"wp:term":[{"taxonomy":"category","embeddable":true,"href":"https:\/\/www.armandotesta.it\/it\/wp-json\/wp\/v2\/categories?post=24758"},{"taxonomy":"post_tag","embeddable":true,"href":"https:\/\/www.armandotesta.it\/it\/wp-json\/wp\/v2\/tags?post=24758"}],"curies":[{"name":"wp","href":"https:\/\/api.w.org\/{rel}","templated":true}]}}