{"id":24756,"date":"2022-07-19T09:12:13","date_gmt":"2022-07-19T07:12:13","guid":{"rendered":"https:\/\/www.armandotesta.it\/lestate-italiana-si-colora-di-giallo-con-chiquita-e-armando-testa\/"},"modified":"2024-06-04T15:42:27","modified_gmt":"2024-06-04T13:42:27","slug":"lestate-italiana-si-colora-di-giallo-con-chiquita-e-armando-testa","status":"publish","type":"post","link":"https:\/\/www.armandotesta.it\/it\/lestate-italiana-si-colora-di-giallo-con-chiquita-e-armando-testa\/","title":{"rendered":"L\u2019estate italiana si colora di giallo, con Chiquita e Armando Testa."},"content":{"rendered":"\n<p>Cos\u2019hanno in comune l\u2019estate, la banana Chiquita e l\u2019Italia? Moltissime cose: il colore del sole, il sorriso, la naturalezza e tutto il gusto inconfondibile della semplicit\u00e0. E allora quale idea migliore di dare il benvenuto ai turisti nel nostro Paese se non una campagna Chiquita che trasformi aeroporti, porti, pullman e traghetti per tutta la bella stagione?<\/p>\n\n\n\n<p>La campagna, molto iconica e legata allo stile pop del brand, gioca col colore e con le caratteristiche del prodotto sia nella parte visiva, che mette al centro una bellissima banana tenuta da una mano, sia nella parte testuale, dove tante headline si alternano per portare il sorriso a chi le legge.&nbsp;<\/p>\n\n\n\n<p>I temi delle affissioni sono quelli che da sempre contraddistinguono la banana 10 e lode (la sua naturalezza, la sua freschezza, il suo gusto, il suo essere healthy) e si incontrano in questa campagna summer con quelli dell\u2019italianit\u00e0 e dell\u2019accoglienza a braccia aperte, sempre festosa, che contraddistingue il Paese.<\/p>\n\n\n\n<p>La campagna, realizzata da Armando Testa sotto la Direzione Creativa Esecutiva di Michele Mariani, sar\u00e0 visibile dal 15 luglio nei principali aeroporti e&nbsp;&nbsp;nelle localit\u00e0 balneari italiane. La pianificazione \u00e8 a cura di Local Planet.<\/p>\n\n\n\n<ul class=\"wp-block-gallery columns-2 is-cropped wp-block-gallery-1 is-layout-flex wp-block-gallery-is-layout-flex\"><li class=\"blocks-gallery-item\"><figure><img decoding=\"async\" src=\"https:\/\/newsroom.armandotesta.it\/wp-content\/uploads\/2022\/07\/Chiq1-1024x600.jpg\" alt=\"\" data-id=\"5937\" data-link=\"https:\/\/newsroom.armandotesta.it\/it\/?attachment_id=5937\" class=\"wp-image-5937\"\/><\/figure><\/li><li class=\"blocks-gallery-item\"><figure><img decoding=\"async\" src=\"https:\/\/newsroom.armandotesta.it\/wp-content\/uploads\/2022\/07\/Chiq2-591x768.jpg\" alt=\"\" data-id=\"5938\" data-link=\"https:\/\/newsroom.armandotesta.it\/it\/?attachment_id=5938\" class=\"wp-image-5938\"\/><\/figure><\/li><\/ul>\n","protected":false},"excerpt":{"rendered":"<p>Cos\u2019hanno in comune l\u2019estate, la banana Chiquita e l\u2019Italia? Moltissime cose: il colore del sole, il sorriso, la naturalezza e tutto il gusto inconfondibile della semplicit\u00e0. E allora quale idea migliore di dare il benvenuto ai turisti nel nostro Paese se non una campagna Chiquita che trasformi aeroporti, porti, pullman e traghetti per tutta la [&hellip;]<\/p>\n","protected":false},"author":1,"featured_media":20574,"comment_status":"closed","ping_status":"closed","sticky":false,"template":"","format":"standard","meta":{"_acf_changed":false,"inline_featured_image":false,"footnotes":""},"categories":[],"tags":[],"class_list":["post-24756","post","type-post","status-publish","format-standard","has-post-thumbnail","hentry"],"acf":false,"yoast_head":"<!-- This site is optimized with the Yoast SEO plugin v26.3 - https:\/\/yoast.com\/wordpress\/plugins\/seo\/ -->\n<title>L\u2019estate italiana si colora di giallo, con Chiquita e Armando Testa. - Armando Testa<\/title>\n<meta name=\"robots\" content=\"index, follow, max-snippet:-1, max-image-preview:large, max-video-preview:-1\" \/>\n<link rel=\"canonical\" href=\"https:\/\/www.armandotesta.it\/it\/lestate-italiana-si-colora-di-giallo-con-chiquita-e-armando-testa\/\" \/>\n<meta property=\"og:locale\" content=\"it_IT\" \/>\n<meta property=\"og:type\" content=\"article\" \/>\n<meta property=\"og:title\" content=\"L\u2019estate italiana si colora di giallo, con Chiquita e Armando Testa. - Armando Testa\" \/>\n<meta property=\"og:description\" content=\"Cos\u2019hanno in comune l\u2019estate, la banana Chiquita e l\u2019Italia? Moltissime cose: il colore del sole, il sorriso, la naturalezza e tutto il gusto inconfondibile della semplicit\u00e0. E allora quale idea migliore di dare il benvenuto ai turisti nel nostro Paese se non una campagna Chiquita che trasformi aeroporti, porti, pullman e traghetti per tutta la [&hellip;]\" \/>\n<meta property=\"og:url\" content=\"https:\/\/www.armandotesta.it\/it\/lestate-italiana-si-colora-di-giallo-con-chiquita-e-armando-testa\/\" \/>\n<meta property=\"og:site_name\" content=\"Armando Testa\" \/>\n<meta property=\"article:published_time\" content=\"2022-07-19T07:12:13+00:00\" \/>\n<meta property=\"article:modified_time\" content=\"2024-06-04T13:42:27+00:00\" \/>\n<meta property=\"og:image\" content=\"https:\/\/www.armandotesta.it\/wp-content\/uploads\/2024\/06\/Chiq1.jpg\" \/>\n\t<meta property=\"og:image:width\" content=\"1421\" \/>\n\t<meta property=\"og:image:height\" content=\"833\" \/>\n\t<meta property=\"og:image:type\" content=\"image\/jpeg\" \/>\n<meta name=\"author\" content=\"admAT\" \/>\n<meta name=\"twitter:card\" content=\"summary_large_image\" \/>\n<meta name=\"twitter:label1\" content=\"Scritto da\" \/>\n\t<meta name=\"twitter:data1\" content=\"admAT\" \/>\n\t<meta name=\"twitter:label2\" content=\"Tempo di lettura stimato\" \/>\n\t<meta name=\"twitter:data2\" content=\"1 minuto\" \/>\n<script type=\"application\/ld+json\" class=\"yoast-schema-graph\">{\"@context\":\"https:\/\/schema.org\",\"@graph\":[{\"@type\":\"Article\",\"@id\":\"https:\/\/www.armandotesta.it\/it\/lestate-italiana-si-colora-di-giallo-con-chiquita-e-armando-testa\/#article\",\"isPartOf\":{\"@id\":\"https:\/\/www.armandotesta.it\/it\/lestate-italiana-si-colora-di-giallo-con-chiquita-e-armando-testa\/\"},\"author\":{\"name\":\"admAT\",\"@id\":\"https:\/\/www.armandotesta.it\/it\/#\/schema\/person\/46d1d2d167e5f7b857761f0d5183a848\"},\"headline\":\"L\u2019estate italiana si colora di giallo, con Chiquita e Armando Testa.\",\"datePublished\":\"2022-07-19T07:12:13+00:00\",\"dateModified\":\"2024-06-04T13:42:27+00:00\",\"mainEntityOfPage\":{\"@id\":\"https:\/\/www.armandotesta.it\/it\/lestate-italiana-si-colora-di-giallo-con-chiquita-e-armando-testa\/\"},\"wordCount\":210,\"publisher\":{\"@id\":\"https:\/\/www.armandotesta.it\/it\/#organization\"},\"image\":{\"@id\":\"https:\/\/www.armandotesta.it\/it\/lestate-italiana-si-colora-di-giallo-con-chiquita-e-armando-testa\/#primaryimage\"},\"thumbnailUrl\":\"https:\/\/www.armandotesta.it\/wp-content\/uploads\/2024\/06\/Chiq1.jpg\",\"inLanguage\":\"it-IT\"},{\"@type\":\"WebPage\",\"@id\":\"https:\/\/www.armandotesta.it\/it\/lestate-italiana-si-colora-di-giallo-con-chiquita-e-armando-testa\/\",\"url\":\"https:\/\/www.armandotesta.it\/it\/lestate-italiana-si-colora-di-giallo-con-chiquita-e-armando-testa\/\",\"name\":\"L\u2019estate italiana si colora di giallo, con Chiquita e Armando Testa. - Armando Testa\",\"isPartOf\":{\"@id\":\"https:\/\/www.armandotesta.it\/it\/#website\"},\"primaryImageOfPage\":{\"@id\":\"https:\/\/www.armandotesta.it\/it\/lestate-italiana-si-colora-di-giallo-con-chiquita-e-armando-testa\/#primaryimage\"},\"image\":{\"@id\":\"https:\/\/www.armandotesta.it\/it\/lestate-italiana-si-colora-di-giallo-con-chiquita-e-armando-testa\/#primaryimage\"},\"thumbnailUrl\":\"https:\/\/www.armandotesta.it\/wp-content\/uploads\/2024\/06\/Chiq1.jpg\",\"datePublished\":\"2022-07-19T07:12:13+00:00\",\"dateModified\":\"2024-06-04T13:42:27+00:00\",\"breadcrumb\":{\"@id\":\"https:\/\/www.armandotesta.it\/it\/lestate-italiana-si-colora-di-giallo-con-chiquita-e-armando-testa\/#breadcrumb\"},\"inLanguage\":\"it-IT\",\"potentialAction\":[{\"@type\":\"ReadAction\",\"target\":[\"https:\/\/www.armandotesta.it\/it\/lestate-italiana-si-colora-di-giallo-con-chiquita-e-armando-testa\/\"]}]},{\"@type\":\"ImageObject\",\"inLanguage\":\"it-IT\",\"@id\":\"https:\/\/www.armandotesta.it\/it\/lestate-italiana-si-colora-di-giallo-con-chiquita-e-armando-testa\/#primaryimage\",\"url\":\"https:\/\/www.armandotesta.it\/wp-content\/uploads\/2024\/06\/Chiq1.jpg\",\"contentUrl\":\"https:\/\/www.armandotesta.it\/wp-content\/uploads\/2024\/06\/Chiq1.jpg\",\"width\":1421,\"height\":833},{\"@type\":\"BreadcrumbList\",\"@id\":\"https:\/\/www.armandotesta.it\/it\/lestate-italiana-si-colora-di-giallo-con-chiquita-e-armando-testa\/#breadcrumb\",\"itemListElement\":[{\"@type\":\"ListItem\",\"position\":1,\"name\":\"Home\",\"item\":\"https:\/\/www.armandotesta.it\/it\/\"},{\"@type\":\"ListItem\",\"position\":2,\"name\":\"L\u2019estate italiana si colora di giallo, con Chiquita e Armando Testa.\"}]},{\"@type\":\"WebSite\",\"@id\":\"https:\/\/www.armandotesta.it\/it\/#website\",\"url\":\"https:\/\/www.armandotesta.it\/it\/\",\"name\":\"Armando Testa\",\"description\":\"\",\"publisher\":{\"@id\":\"https:\/\/www.armandotesta.it\/it\/#organization\"},\"potentialAction\":[{\"@type\":\"SearchAction\",\"target\":{\"@type\":\"EntryPoint\",\"urlTemplate\":\"https:\/\/www.armandotesta.it\/it\/?s={search_term_string}\"},\"query-input\":{\"@type\":\"PropertyValueSpecification\",\"valueRequired\":true,\"valueName\":\"search_term_string\"}}],\"inLanguage\":\"it-IT\"},{\"@type\":\"Organization\",\"@id\":\"https:\/\/www.armandotesta.it\/it\/#organization\",\"name\":\"Armando Testa\",\"url\":\"https:\/\/www.armandotesta.it\/it\/\",\"logo\":{\"@type\":\"ImageObject\",\"inLanguage\":\"it-IT\",\"@id\":\"https:\/\/www.armandotesta.it\/it\/#\/schema\/logo\/image\/\",\"url\":\"https:\/\/www.armandotesta.it\/wp-content\/uploads\/2024\/01\/logo-at.png\",\"contentUrl\":\"https:\/\/www.armandotesta.it\/wp-content\/uploads\/2024\/01\/logo-at.png\",\"width\":200,\"height\":200,\"caption\":\"Armando Testa\"},\"image\":{\"@id\":\"https:\/\/www.armandotesta.it\/it\/#\/schema\/logo\/image\/\"}},{\"@type\":\"Person\",\"@id\":\"https:\/\/www.armandotesta.it\/it\/#\/schema\/person\/46d1d2d167e5f7b857761f0d5183a848\",\"name\":\"admAT\",\"image\":{\"@type\":\"ImageObject\",\"inLanguage\":\"it-IT\",\"@id\":\"https:\/\/www.armandotesta.it\/it\/#\/schema\/person\/image\/\",\"url\":\"https:\/\/secure.gravatar.com\/avatar\/9772e708d87105ee06ea2e627102fade92688c33bb2e0083a7a18b56280f7239?s=96&d=mm&r=g\",\"contentUrl\":\"https:\/\/secure.gravatar.com\/avatar\/9772e708d87105ee06ea2e627102fade92688c33bb2e0083a7a18b56280f7239?s=96&d=mm&r=g\",\"caption\":\"admAT\"},\"sameAs\":[\"https:\/\/www.armandotesta.it\"],\"url\":\"https:\/\/www.armandotesta.it\/it\/author\/admat\/\"}]}<\/script>\n<!-- \/ Yoast SEO plugin. -->","yoast_head_json":{"title":"L\u2019estate italiana si colora di giallo, con Chiquita e Armando Testa. - Armando Testa","robots":{"index":"index","follow":"follow","max-snippet":"max-snippet:-1","max-image-preview":"max-image-preview:large","max-video-preview":"max-video-preview:-1"},"canonical":"https:\/\/www.armandotesta.it\/it\/lestate-italiana-si-colora-di-giallo-con-chiquita-e-armando-testa\/","og_locale":"it_IT","og_type":"article","og_title":"L\u2019estate italiana si colora di giallo, con Chiquita e Armando Testa. - Armando Testa","og_description":"Cos\u2019hanno in comune l\u2019estate, la banana Chiquita e l\u2019Italia? Moltissime cose: il colore del sole, il sorriso, la naturalezza e tutto il gusto inconfondibile della semplicit\u00e0. E allora quale idea migliore di dare il benvenuto ai turisti nel nostro Paese se non una campagna Chiquita che trasformi aeroporti, porti, pullman e traghetti per tutta la [&hellip;]","og_url":"https:\/\/www.armandotesta.it\/it\/lestate-italiana-si-colora-di-giallo-con-chiquita-e-armando-testa\/","og_site_name":"Armando Testa","article_published_time":"2022-07-19T07:12:13+00:00","article_modified_time":"2024-06-04T13:42:27+00:00","og_image":[{"width":1421,"height":833,"url":"https:\/\/www.armandotesta.it\/wp-content\/uploads\/2024\/06\/Chiq1.jpg","type":"image\/jpeg"}],"author":"admAT","twitter_card":"summary_large_image","twitter_misc":{"Scritto da":"admAT","Tempo di lettura stimato":"1 minuto"},"schema":{"@context":"https:\/\/schema.org","@graph":[{"@type":"Article","@id":"https:\/\/www.armandotesta.it\/it\/lestate-italiana-si-colora-di-giallo-con-chiquita-e-armando-testa\/#article","isPartOf":{"@id":"https:\/\/www.armandotesta.it\/it\/lestate-italiana-si-colora-di-giallo-con-chiquita-e-armando-testa\/"},"author":{"name":"admAT","@id":"https:\/\/www.armandotesta.it\/it\/#\/schema\/person\/46d1d2d167e5f7b857761f0d5183a848"},"headline":"L\u2019estate italiana si colora di giallo, con Chiquita e Armando Testa.","datePublished":"2022-07-19T07:12:13+00:00","dateModified":"2024-06-04T13:42:27+00:00","mainEntityOfPage":{"@id":"https:\/\/www.armandotesta.it\/it\/lestate-italiana-si-colora-di-giallo-con-chiquita-e-armando-testa\/"},"wordCount":210,"publisher":{"@id":"https:\/\/www.armandotesta.it\/it\/#organization"},"image":{"@id":"https:\/\/www.armandotesta.it\/it\/lestate-italiana-si-colora-di-giallo-con-chiquita-e-armando-testa\/#primaryimage"},"thumbnailUrl":"https:\/\/www.armandotesta.it\/wp-content\/uploads\/2024\/06\/Chiq1.jpg","inLanguage":"it-IT"},{"@type":"WebPage","@id":"https:\/\/www.armandotesta.it\/it\/lestate-italiana-si-colora-di-giallo-con-chiquita-e-armando-testa\/","url":"https:\/\/www.armandotesta.it\/it\/lestate-italiana-si-colora-di-giallo-con-chiquita-e-armando-testa\/","name":"L\u2019estate italiana si colora di giallo, con Chiquita e Armando Testa. - Armando Testa","isPartOf":{"@id":"https:\/\/www.armandotesta.it\/it\/#website"},"primaryImageOfPage":{"@id":"https:\/\/www.armandotesta.it\/it\/lestate-italiana-si-colora-di-giallo-con-chiquita-e-armando-testa\/#primaryimage"},"image":{"@id":"https:\/\/www.armandotesta.it\/it\/lestate-italiana-si-colora-di-giallo-con-chiquita-e-armando-testa\/#primaryimage"},"thumbnailUrl":"https:\/\/www.armandotesta.it\/wp-content\/uploads\/2024\/06\/Chiq1.jpg","datePublished":"2022-07-19T07:12:13+00:00","dateModified":"2024-06-04T13:42:27+00:00","breadcrumb":{"@id":"https:\/\/www.armandotesta.it\/it\/lestate-italiana-si-colora-di-giallo-con-chiquita-e-armando-testa\/#breadcrumb"},"inLanguage":"it-IT","potentialAction":[{"@type":"ReadAction","target":["https:\/\/www.armandotesta.it\/it\/lestate-italiana-si-colora-di-giallo-con-chiquita-e-armando-testa\/"]}]},{"@type":"ImageObject","inLanguage":"it-IT","@id":"https:\/\/www.armandotesta.it\/it\/lestate-italiana-si-colora-di-giallo-con-chiquita-e-armando-testa\/#primaryimage","url":"https:\/\/www.armandotesta.it\/wp-content\/uploads\/2024\/06\/Chiq1.jpg","contentUrl":"https:\/\/www.armandotesta.it\/wp-content\/uploads\/2024\/06\/Chiq1.jpg","width":1421,"height":833},{"@type":"BreadcrumbList","@id":"https:\/\/www.armandotesta.it\/it\/lestate-italiana-si-colora-di-giallo-con-chiquita-e-armando-testa\/#breadcrumb","itemListElement":[{"@type":"ListItem","position":1,"name":"Home","item":"https:\/\/www.armandotesta.it\/it\/"},{"@type":"ListItem","position":2,"name":"L\u2019estate italiana si colora di giallo, con Chiquita e Armando Testa."}]},{"@type":"WebSite","@id":"https:\/\/www.armandotesta.it\/it\/#website","url":"https:\/\/www.armandotesta.it\/it\/","name":"Armando Testa","description":"","publisher":{"@id":"https:\/\/www.armandotesta.it\/it\/#organization"},"potentialAction":[{"@type":"SearchAction","target":{"@type":"EntryPoint","urlTemplate":"https:\/\/www.armandotesta.it\/it\/?s={search_term_string}"},"query-input":{"@type":"PropertyValueSpecification","valueRequired":true,"valueName":"search_term_string"}}],"inLanguage":"it-IT"},{"@type":"Organization","@id":"https:\/\/www.armandotesta.it\/it\/#organization","name":"Armando Testa","url":"https:\/\/www.armandotesta.it\/it\/","logo":{"@type":"ImageObject","inLanguage":"it-IT","@id":"https:\/\/www.armandotesta.it\/it\/#\/schema\/logo\/image\/","url":"https:\/\/www.armandotesta.it\/wp-content\/uploads\/2024\/01\/logo-at.png","contentUrl":"https:\/\/www.armandotesta.it\/wp-content\/uploads\/2024\/01\/logo-at.png","width":200,"height":200,"caption":"Armando Testa"},"image":{"@id":"https:\/\/www.armandotesta.it\/it\/#\/schema\/logo\/image\/"}},{"@type":"Person","@id":"https:\/\/www.armandotesta.it\/it\/#\/schema\/person\/46d1d2d167e5f7b857761f0d5183a848","name":"admAT","image":{"@type":"ImageObject","inLanguage":"it-IT","@id":"https:\/\/www.armandotesta.it\/it\/#\/schema\/person\/image\/","url":"https:\/\/secure.gravatar.com\/avatar\/9772e708d87105ee06ea2e627102fade92688c33bb2e0083a7a18b56280f7239?s=96&d=mm&r=g","contentUrl":"https:\/\/secure.gravatar.com\/avatar\/9772e708d87105ee06ea2e627102fade92688c33bb2e0083a7a18b56280f7239?s=96&d=mm&r=g","caption":"admAT"},"sameAs":["https:\/\/www.armandotesta.it"],"url":"https:\/\/www.armandotesta.it\/it\/author\/admat\/"}]}},"_links":{"self":[{"href":"https:\/\/www.armandotesta.it\/it\/wp-json\/wp\/v2\/posts\/24756","targetHints":{"allow":["GET"]}}],"collection":[{"href":"https:\/\/www.armandotesta.it\/it\/wp-json\/wp\/v2\/posts"}],"about":[{"href":"https:\/\/www.armandotesta.it\/it\/wp-json\/wp\/v2\/types\/post"}],"author":[{"embeddable":true,"href":"https:\/\/www.armandotesta.it\/it\/wp-json\/wp\/v2\/users\/1"}],"replies":[{"embeddable":true,"href":"https:\/\/www.armandotesta.it\/it\/wp-json\/wp\/v2\/comments?post=24756"}],"version-history":[{"count":1,"href":"https:\/\/www.armandotesta.it\/it\/wp-json\/wp\/v2\/posts\/24756\/revisions"}],"predecessor-version":[{"id":25684,"href":"https:\/\/www.armandotesta.it\/it\/wp-json\/wp\/v2\/posts\/24756\/revisions\/25684"}],"wp:featuredmedia":[{"embeddable":true,"href":"https:\/\/www.armandotesta.it\/it\/wp-json\/wp\/v2\/media\/20574"}],"wp:attachment":[{"href":"https:\/\/www.armandotesta.it\/it\/wp-json\/wp\/v2\/media?parent=24756"}],"wp:term":[{"taxonomy":"category","embeddable":true,"href":"https:\/\/www.armandotesta.it\/it\/wp-json\/wp\/v2\/categories?post=24756"},{"taxonomy":"post_tag","embeddable":true,"href":"https:\/\/www.armandotesta.it\/it\/wp-json\/wp\/v2\/tags?post=24756"}],"curies":[{"name":"wp","href":"https:\/\/api.w.org\/{rel}","templated":true}]}}