{"id":24755,"date":"2022-07-05T13:00:26","date_gmt":"2022-07-05T11:00:26","guid":{"rendered":"https:\/\/www.armandotesta.it\/con-aci-e-armando-testa-il-viaggio-e-gia-vacanza\/"},"modified":"2024-06-04T15:42:26","modified_gmt":"2024-06-04T13:42:26","slug":"con-aci-e-armando-testa-il-viaggio-e-gia-vacanza","status":"publish","type":"post","link":"https:\/\/www.armandotesta.it\/it\/con-aci-e-armando-testa-il-viaggio-e-gia-vacanza\/","title":{"rendered":"Con ACI E Armando Testa il viaggio \u00e8 gi\u00e0 vacanza."},"content":{"rendered":"\n<p>L\u2019Automobile Club d\u2019Italia torna in comunicazione con la campagna di sviluppo associativo, invitando automobilisti e motociclisti a tesserarsi in prossimit\u00e0 delle vacanze, per beneficiare dei tanti e inimmaginabili servizi offerti dalle Card.<\/p>\n\n\n\n<p>La creativit\u00e0 \u00e8 del Gruppo Armando Testa.<\/p>\n\n\n\n<p>Associarsi ad ACI, e sapere di poter contare sui tanti servizi legati alla mobilit\u00e0, rende il viaggio talmente rilassante e sereno che \u00e8 come sentirsi in vacanza dal momento della partenza al momento del ritorno. Il simbolico visual di campagna lo racconta attraverso un\u2019automobile pronta e carica per le vacanze comodamente adagiata su un\u2019amaca. Perch\u00e9 solo con i servizi ACI, il viaggio \u00e8 gi\u00e0 vacanza!<\/p>\n\n\n\n<p>La campagna integrata \u00e8 on air e on line.<\/p>\n\n\n\n<p>La pianificazione \u00e8 di Media Italia.&nbsp;Produzione Little Bull Studios.<\/p>\n\n\n\n<p><strong>Credits:<\/strong><\/p>\n\n\n\n<p>Direzione creativa esecutiva: Georgia Ferraro, Nicola Cellemme<\/p>\n\n\n\n<p>Creative Team: Cristina Macchi, Chiara Demichelis<\/p>\n\n\n\n<p>Account Team: Raffaele Reinerio, Cristina Omenetto, Arianna Cipolloni<\/p>\n\n\n\n<ul class=\"wp-block-gallery columns-2 is-cropped wp-block-gallery-1 is-layout-flex wp-block-gallery-is-layout-flex\"><li class=\"blocks-gallery-item\"><figure><img decoding=\"async\" src=\"https:\/\/newsroom.armandotesta.it\/wp-content\/uploads\/2022\/07\/ACI_Sviluppo_Associativo_sogg_Amaca_15s_16-9_online_11681_tv-1024x576.jpeg\" alt=\"\" data-id=\"5926\" data-link=\"https:\/\/newsroom.armandotesta.it\/it\/?attachment_id=5926\" class=\"wp-image-5926\"\/><\/figure><\/li><li class=\"blocks-gallery-item\"><figure><img decoding=\"async\" src=\"https:\/\/newsroom.armandotesta.it\/wp-content\/uploads\/2022\/07\/ACI_Sviluppo_Associativo_sogg_Amaca_1080x1350_00000-614x768.jpg\" alt=\"\" data-id=\"5927\" data-link=\"https:\/\/newsroom.armandotesta.it\/it\/?attachment_id=5927\" class=\"wp-image-5927\"\/><\/figure><\/li><\/ul>\n\n\n\n<figure class=\"wp-block-embed-youtube wp-block-embed is-type-video is-provider-youtube wp-embed-aspect-16-9 wp-has-aspect-ratio\"><div class=\"wp-block-embed__wrapper\">\n<iframe loading=\"lazy\" title=\"ACI Sviluppo Associativo sogg Amaca\" width=\"500\" height=\"281\" src=\"https:\/\/www.youtube.com\/embed\/IA6w5n6rvTg?feature=oembed\" frameborder=\"0\" allow=\"accelerometer; autoplay; clipboard-write; encrypted-media; gyroscope; picture-in-picture; web-share\" referrerpolicy=\"strict-origin-when-cross-origin\" allowfullscreen><\/iframe>\n<\/div><\/figure>\n","protected":false},"excerpt":{"rendered":"<p>L\u2019Automobile Club d\u2019Italia torna in comunicazione con la campagna di sviluppo associativo, invitando automobilisti e motociclisti a tesserarsi in prossimit\u00e0 delle vacanze, per beneficiare dei tanti e inimmaginabili servizi offerti dalle Card. La creativit\u00e0 \u00e8 del Gruppo Armando Testa. Associarsi ad ACI, e sapere di poter contare sui tanti servizi legati alla mobilit\u00e0, rende il [&hellip;]<\/p>\n","protected":false},"author":1,"featured_media":20571,"comment_status":"closed","ping_status":"closed","sticky":false,"template":"","format":"standard","meta":{"_acf_changed":false,"inline_featured_image":false,"footnotes":""},"categories":[],"tags":[],"class_list":["post-24755","post","type-post","status-publish","format-standard","has-post-thumbnail","hentry"],"acf":false,"yoast_head":"<!-- This site is optimized with the Yoast SEO plugin v26.3 - https:\/\/yoast.com\/wordpress\/plugins\/seo\/ -->\n<title>Con ACI E Armando Testa il viaggio \u00e8 gi\u00e0 vacanza. - Armando Testa<\/title>\n<meta name=\"robots\" content=\"index, follow, max-snippet:-1, max-image-preview:large, max-video-preview:-1\" \/>\n<link rel=\"canonical\" href=\"https:\/\/www.armandotesta.it\/it\/con-aci-e-armando-testa-il-viaggio-e-gia-vacanza\/\" \/>\n<meta property=\"og:locale\" content=\"it_IT\" \/>\n<meta property=\"og:type\" content=\"article\" \/>\n<meta property=\"og:title\" content=\"Con ACI E Armando Testa il viaggio \u00e8 gi\u00e0 vacanza. - Armando Testa\" \/>\n<meta property=\"og:description\" content=\"L\u2019Automobile Club d\u2019Italia torna in comunicazione con la campagna di sviluppo associativo, invitando automobilisti e motociclisti a tesserarsi in prossimit\u00e0 delle vacanze, per beneficiare dei tanti e inimmaginabili servizi offerti dalle Card. La creativit\u00e0 \u00e8 del Gruppo Armando Testa. Associarsi ad ACI, e sapere di poter contare sui tanti servizi legati alla mobilit\u00e0, rende il [&hellip;]\" \/>\n<meta property=\"og:url\" content=\"https:\/\/www.armandotesta.it\/it\/con-aci-e-armando-testa-il-viaggio-e-gia-vacanza\/\" \/>\n<meta property=\"og:site_name\" content=\"Armando Testa\" \/>\n<meta property=\"article:published_time\" content=\"2022-07-05T11:00:26+00:00\" \/>\n<meta property=\"article:modified_time\" content=\"2024-06-04T13:42:26+00:00\" \/>\n<meta property=\"og:image\" content=\"https:\/\/www.armandotesta.it\/wp-content\/uploads\/2024\/06\/ACI_Sviluppo_Associativo_sogg_Amaca_1080x1350_00000.jpg\" \/>\n\t<meta property=\"og:image:width\" content=\"1080\" \/>\n\t<meta property=\"og:image:height\" content=\"1350\" \/>\n\t<meta property=\"og:image:type\" content=\"image\/jpeg\" \/>\n<meta name=\"author\" content=\"admAT\" \/>\n<meta name=\"twitter:card\" content=\"summary_large_image\" \/>\n<meta name=\"twitter:label1\" content=\"Scritto da\" \/>\n\t<meta name=\"twitter:data1\" content=\"admAT\" \/>\n\t<meta name=\"twitter:label2\" content=\"Tempo di lettura stimato\" \/>\n\t<meta name=\"twitter:data2\" content=\"1 minuto\" \/>\n<script type=\"application\/ld+json\" class=\"yoast-schema-graph\">{\"@context\":\"https:\/\/schema.org\",\"@graph\":[{\"@type\":\"Article\",\"@id\":\"https:\/\/www.armandotesta.it\/it\/con-aci-e-armando-testa-il-viaggio-e-gia-vacanza\/#article\",\"isPartOf\":{\"@id\":\"https:\/\/www.armandotesta.it\/it\/con-aci-e-armando-testa-il-viaggio-e-gia-vacanza\/\"},\"author\":{\"name\":\"admAT\",\"@id\":\"https:\/\/www.armandotesta.it\/it\/#\/schema\/person\/46d1d2d167e5f7b857761f0d5183a848\"},\"headline\":\"Con ACI E Armando Testa il viaggio \u00e8 gi\u00e0 vacanza.\",\"datePublished\":\"2022-07-05T11:00:26+00:00\",\"dateModified\":\"2024-06-04T13:42:26+00:00\",\"mainEntityOfPage\":{\"@id\":\"https:\/\/www.armandotesta.it\/it\/con-aci-e-armando-testa-il-viaggio-e-gia-vacanza\/\"},\"wordCount\":161,\"publisher\":{\"@id\":\"https:\/\/www.armandotesta.it\/it\/#organization\"},\"image\":{\"@id\":\"https:\/\/www.armandotesta.it\/it\/con-aci-e-armando-testa-il-viaggio-e-gia-vacanza\/#primaryimage\"},\"thumbnailUrl\":\"https:\/\/www.armandotesta.it\/wp-content\/uploads\/2024\/06\/ACI_Sviluppo_Associativo_sogg_Amaca_1080x1350_00000.jpg\",\"inLanguage\":\"it-IT\"},{\"@type\":\"WebPage\",\"@id\":\"https:\/\/www.armandotesta.it\/it\/con-aci-e-armando-testa-il-viaggio-e-gia-vacanza\/\",\"url\":\"https:\/\/www.armandotesta.it\/it\/con-aci-e-armando-testa-il-viaggio-e-gia-vacanza\/\",\"name\":\"Con ACI E Armando Testa il viaggio \u00e8 gi\u00e0 vacanza. - Armando Testa\",\"isPartOf\":{\"@id\":\"https:\/\/www.armandotesta.it\/it\/#website\"},\"primaryImageOfPage\":{\"@id\":\"https:\/\/www.armandotesta.it\/it\/con-aci-e-armando-testa-il-viaggio-e-gia-vacanza\/#primaryimage\"},\"image\":{\"@id\":\"https:\/\/www.armandotesta.it\/it\/con-aci-e-armando-testa-il-viaggio-e-gia-vacanza\/#primaryimage\"},\"thumbnailUrl\":\"https:\/\/www.armandotesta.it\/wp-content\/uploads\/2024\/06\/ACI_Sviluppo_Associativo_sogg_Amaca_1080x1350_00000.jpg\",\"datePublished\":\"2022-07-05T11:00:26+00:00\",\"dateModified\":\"2024-06-04T13:42:26+00:00\",\"breadcrumb\":{\"@id\":\"https:\/\/www.armandotesta.it\/it\/con-aci-e-armando-testa-il-viaggio-e-gia-vacanza\/#breadcrumb\"},\"inLanguage\":\"it-IT\",\"potentialAction\":[{\"@type\":\"ReadAction\",\"target\":[\"https:\/\/www.armandotesta.it\/it\/con-aci-e-armando-testa-il-viaggio-e-gia-vacanza\/\"]}]},{\"@type\":\"ImageObject\",\"inLanguage\":\"it-IT\",\"@id\":\"https:\/\/www.armandotesta.it\/it\/con-aci-e-armando-testa-il-viaggio-e-gia-vacanza\/#primaryimage\",\"url\":\"https:\/\/www.armandotesta.it\/wp-content\/uploads\/2024\/06\/ACI_Sviluppo_Associativo_sogg_Amaca_1080x1350_00000.jpg\",\"contentUrl\":\"https:\/\/www.armandotesta.it\/wp-content\/uploads\/2024\/06\/ACI_Sviluppo_Associativo_sogg_Amaca_1080x1350_00000.jpg\",\"width\":1080,\"height\":1350},{\"@type\":\"BreadcrumbList\",\"@id\":\"https:\/\/www.armandotesta.it\/it\/con-aci-e-armando-testa-il-viaggio-e-gia-vacanza\/#breadcrumb\",\"itemListElement\":[{\"@type\":\"ListItem\",\"position\":1,\"name\":\"Home\",\"item\":\"https:\/\/www.armandotesta.it\/it\/\"},{\"@type\":\"ListItem\",\"position\":2,\"name\":\"Con ACI E Armando Testa il viaggio \u00e8 gi\u00e0 vacanza.\"}]},{\"@type\":\"WebSite\",\"@id\":\"https:\/\/www.armandotesta.it\/it\/#website\",\"url\":\"https:\/\/www.armandotesta.it\/it\/\",\"name\":\"Armando Testa\",\"description\":\"\",\"publisher\":{\"@id\":\"https:\/\/www.armandotesta.it\/it\/#organization\"},\"potentialAction\":[{\"@type\":\"SearchAction\",\"target\":{\"@type\":\"EntryPoint\",\"urlTemplate\":\"https:\/\/www.armandotesta.it\/it\/?s={search_term_string}\"},\"query-input\":{\"@type\":\"PropertyValueSpecification\",\"valueRequired\":true,\"valueName\":\"search_term_string\"}}],\"inLanguage\":\"it-IT\"},{\"@type\":\"Organization\",\"@id\":\"https:\/\/www.armandotesta.it\/it\/#organization\",\"name\":\"Armando Testa\",\"url\":\"https:\/\/www.armandotesta.it\/it\/\",\"logo\":{\"@type\":\"ImageObject\",\"inLanguage\":\"it-IT\",\"@id\":\"https:\/\/www.armandotesta.it\/it\/#\/schema\/logo\/image\/\",\"url\":\"https:\/\/www.armandotesta.it\/wp-content\/uploads\/2024\/01\/logo-at.png\",\"contentUrl\":\"https:\/\/www.armandotesta.it\/wp-content\/uploads\/2024\/01\/logo-at.png\",\"width\":200,\"height\":200,\"caption\":\"Armando Testa\"},\"image\":{\"@id\":\"https:\/\/www.armandotesta.it\/it\/#\/schema\/logo\/image\/\"}},{\"@type\":\"Person\",\"@id\":\"https:\/\/www.armandotesta.it\/it\/#\/schema\/person\/46d1d2d167e5f7b857761f0d5183a848\",\"name\":\"admAT\",\"image\":{\"@type\":\"ImageObject\",\"inLanguage\":\"it-IT\",\"@id\":\"https:\/\/www.armandotesta.it\/it\/#\/schema\/person\/image\/\",\"url\":\"https:\/\/secure.gravatar.com\/avatar\/9772e708d87105ee06ea2e627102fade92688c33bb2e0083a7a18b56280f7239?s=96&d=mm&r=g\",\"contentUrl\":\"https:\/\/secure.gravatar.com\/avatar\/9772e708d87105ee06ea2e627102fade92688c33bb2e0083a7a18b56280f7239?s=96&d=mm&r=g\",\"caption\":\"admAT\"},\"sameAs\":[\"https:\/\/www.armandotesta.it\"],\"url\":\"https:\/\/www.armandotesta.it\/it\/author\/admat\/\"}]}<\/script>\n<!-- \/ Yoast SEO plugin. -->","yoast_head_json":{"title":"Con ACI E Armando Testa il viaggio \u00e8 gi\u00e0 vacanza. - Armando Testa","robots":{"index":"index","follow":"follow","max-snippet":"max-snippet:-1","max-image-preview":"max-image-preview:large","max-video-preview":"max-video-preview:-1"},"canonical":"https:\/\/www.armandotesta.it\/it\/con-aci-e-armando-testa-il-viaggio-e-gia-vacanza\/","og_locale":"it_IT","og_type":"article","og_title":"Con ACI E Armando Testa il viaggio \u00e8 gi\u00e0 vacanza. - Armando Testa","og_description":"L\u2019Automobile Club d\u2019Italia torna in comunicazione con la campagna di sviluppo associativo, invitando automobilisti e motociclisti a tesserarsi in prossimit\u00e0 delle vacanze, per beneficiare dei tanti e inimmaginabili servizi offerti dalle Card. La creativit\u00e0 \u00e8 del Gruppo Armando Testa. Associarsi ad ACI, e sapere di poter contare sui tanti servizi legati alla mobilit\u00e0, rende il [&hellip;]","og_url":"https:\/\/www.armandotesta.it\/it\/con-aci-e-armando-testa-il-viaggio-e-gia-vacanza\/","og_site_name":"Armando Testa","article_published_time":"2022-07-05T11:00:26+00:00","article_modified_time":"2024-06-04T13:42:26+00:00","og_image":[{"width":1080,"height":1350,"url":"https:\/\/www.armandotesta.it\/wp-content\/uploads\/2024\/06\/ACI_Sviluppo_Associativo_sogg_Amaca_1080x1350_00000.jpg","type":"image\/jpeg"}],"author":"admAT","twitter_card":"summary_large_image","twitter_misc":{"Scritto da":"admAT","Tempo di lettura stimato":"1 minuto"},"schema":{"@context":"https:\/\/schema.org","@graph":[{"@type":"Article","@id":"https:\/\/www.armandotesta.it\/it\/con-aci-e-armando-testa-il-viaggio-e-gia-vacanza\/#article","isPartOf":{"@id":"https:\/\/www.armandotesta.it\/it\/con-aci-e-armando-testa-il-viaggio-e-gia-vacanza\/"},"author":{"name":"admAT","@id":"https:\/\/www.armandotesta.it\/it\/#\/schema\/person\/46d1d2d167e5f7b857761f0d5183a848"},"headline":"Con ACI E Armando Testa il viaggio \u00e8 gi\u00e0 vacanza.","datePublished":"2022-07-05T11:00:26+00:00","dateModified":"2024-06-04T13:42:26+00:00","mainEntityOfPage":{"@id":"https:\/\/www.armandotesta.it\/it\/con-aci-e-armando-testa-il-viaggio-e-gia-vacanza\/"},"wordCount":161,"publisher":{"@id":"https:\/\/www.armandotesta.it\/it\/#organization"},"image":{"@id":"https:\/\/www.armandotesta.it\/it\/con-aci-e-armando-testa-il-viaggio-e-gia-vacanza\/#primaryimage"},"thumbnailUrl":"https:\/\/www.armandotesta.it\/wp-content\/uploads\/2024\/06\/ACI_Sviluppo_Associativo_sogg_Amaca_1080x1350_00000.jpg","inLanguage":"it-IT"},{"@type":"WebPage","@id":"https:\/\/www.armandotesta.it\/it\/con-aci-e-armando-testa-il-viaggio-e-gia-vacanza\/","url":"https:\/\/www.armandotesta.it\/it\/con-aci-e-armando-testa-il-viaggio-e-gia-vacanza\/","name":"Con ACI E Armando Testa il viaggio \u00e8 gi\u00e0 vacanza. - Armando Testa","isPartOf":{"@id":"https:\/\/www.armandotesta.it\/it\/#website"},"primaryImageOfPage":{"@id":"https:\/\/www.armandotesta.it\/it\/con-aci-e-armando-testa-il-viaggio-e-gia-vacanza\/#primaryimage"},"image":{"@id":"https:\/\/www.armandotesta.it\/it\/con-aci-e-armando-testa-il-viaggio-e-gia-vacanza\/#primaryimage"},"thumbnailUrl":"https:\/\/www.armandotesta.it\/wp-content\/uploads\/2024\/06\/ACI_Sviluppo_Associativo_sogg_Amaca_1080x1350_00000.jpg","datePublished":"2022-07-05T11:00:26+00:00","dateModified":"2024-06-04T13:42:26+00:00","breadcrumb":{"@id":"https:\/\/www.armandotesta.it\/it\/con-aci-e-armando-testa-il-viaggio-e-gia-vacanza\/#breadcrumb"},"inLanguage":"it-IT","potentialAction":[{"@type":"ReadAction","target":["https:\/\/www.armandotesta.it\/it\/con-aci-e-armando-testa-il-viaggio-e-gia-vacanza\/"]}]},{"@type":"ImageObject","inLanguage":"it-IT","@id":"https:\/\/www.armandotesta.it\/it\/con-aci-e-armando-testa-il-viaggio-e-gia-vacanza\/#primaryimage","url":"https:\/\/www.armandotesta.it\/wp-content\/uploads\/2024\/06\/ACI_Sviluppo_Associativo_sogg_Amaca_1080x1350_00000.jpg","contentUrl":"https:\/\/www.armandotesta.it\/wp-content\/uploads\/2024\/06\/ACI_Sviluppo_Associativo_sogg_Amaca_1080x1350_00000.jpg","width":1080,"height":1350},{"@type":"BreadcrumbList","@id":"https:\/\/www.armandotesta.it\/it\/con-aci-e-armando-testa-il-viaggio-e-gia-vacanza\/#breadcrumb","itemListElement":[{"@type":"ListItem","position":1,"name":"Home","item":"https:\/\/www.armandotesta.it\/it\/"},{"@type":"ListItem","position":2,"name":"Con ACI E Armando Testa il viaggio \u00e8 gi\u00e0 vacanza."}]},{"@type":"WebSite","@id":"https:\/\/www.armandotesta.it\/it\/#website","url":"https:\/\/www.armandotesta.it\/it\/","name":"Armando Testa","description":"","publisher":{"@id":"https:\/\/www.armandotesta.it\/it\/#organization"},"potentialAction":[{"@type":"SearchAction","target":{"@type":"EntryPoint","urlTemplate":"https:\/\/www.armandotesta.it\/it\/?s={search_term_string}"},"query-input":{"@type":"PropertyValueSpecification","valueRequired":true,"valueName":"search_term_string"}}],"inLanguage":"it-IT"},{"@type":"Organization","@id":"https:\/\/www.armandotesta.it\/it\/#organization","name":"Armando Testa","url":"https:\/\/www.armandotesta.it\/it\/","logo":{"@type":"ImageObject","inLanguage":"it-IT","@id":"https:\/\/www.armandotesta.it\/it\/#\/schema\/logo\/image\/","url":"https:\/\/www.armandotesta.it\/wp-content\/uploads\/2024\/01\/logo-at.png","contentUrl":"https:\/\/www.armandotesta.it\/wp-content\/uploads\/2024\/01\/logo-at.png","width":200,"height":200,"caption":"Armando Testa"},"image":{"@id":"https:\/\/www.armandotesta.it\/it\/#\/schema\/logo\/image\/"}},{"@type":"Person","@id":"https:\/\/www.armandotesta.it\/it\/#\/schema\/person\/46d1d2d167e5f7b857761f0d5183a848","name":"admAT","image":{"@type":"ImageObject","inLanguage":"it-IT","@id":"https:\/\/www.armandotesta.it\/it\/#\/schema\/person\/image\/","url":"https:\/\/secure.gravatar.com\/avatar\/9772e708d87105ee06ea2e627102fade92688c33bb2e0083a7a18b56280f7239?s=96&d=mm&r=g","contentUrl":"https:\/\/secure.gravatar.com\/avatar\/9772e708d87105ee06ea2e627102fade92688c33bb2e0083a7a18b56280f7239?s=96&d=mm&r=g","caption":"admAT"},"sameAs":["https:\/\/www.armandotesta.it"],"url":"https:\/\/www.armandotesta.it\/it\/author\/admat\/"}]}},"_links":{"self":[{"href":"https:\/\/www.armandotesta.it\/it\/wp-json\/wp\/v2\/posts\/24755","targetHints":{"allow":["GET"]}}],"collection":[{"href":"https:\/\/www.armandotesta.it\/it\/wp-json\/wp\/v2\/posts"}],"about":[{"href":"https:\/\/www.armandotesta.it\/it\/wp-json\/wp\/v2\/types\/post"}],"author":[{"embeddable":true,"href":"https:\/\/www.armandotesta.it\/it\/wp-json\/wp\/v2\/users\/1"}],"replies":[{"embeddable":true,"href":"https:\/\/www.armandotesta.it\/it\/wp-json\/wp\/v2\/comments?post=24755"}],"version-history":[{"count":1,"href":"https:\/\/www.armandotesta.it\/it\/wp-json\/wp\/v2\/posts\/24755\/revisions"}],"predecessor-version":[{"id":25683,"href":"https:\/\/www.armandotesta.it\/it\/wp-json\/wp\/v2\/posts\/24755\/revisions\/25683"}],"wp:featuredmedia":[{"embeddable":true,"href":"https:\/\/www.armandotesta.it\/it\/wp-json\/wp\/v2\/media\/20571"}],"wp:attachment":[{"href":"https:\/\/www.armandotesta.it\/it\/wp-json\/wp\/v2\/media?parent=24755"}],"wp:term":[{"taxonomy":"category","embeddable":true,"href":"https:\/\/www.armandotesta.it\/it\/wp-json\/wp\/v2\/categories?post=24755"},{"taxonomy":"post_tag","embeddable":true,"href":"https:\/\/www.armandotesta.it\/it\/wp-json\/wp\/v2\/tags?post=24755"}],"curies":[{"name":"wp","href":"https:\/\/api.w.org\/{rel}","templated":true}]}}