{"id":24706,"date":"2022-05-16T16:00:40","date_gmt":"2022-05-16T14:00:40","guid":{"rendered":"https:\/\/www.armandotesta.it\/aci-e-armando-testa-al-giro-ditalia-con-la-nuova-cmpagna-rispettiamoci-sulla-sicurezza-stradale\/"},"modified":"2024-06-04T15:42:19","modified_gmt":"2024-06-04T13:42:19","slug":"aci-e-armando-testa-al-giro-ditalia-con-la-nuova-cmpagna-rispettiamoci-sulla-sicurezza-stradale","status":"publish","type":"post","link":"https:\/\/www.armandotesta.it\/it\/aci-e-armando-testa-al-giro-ditalia-con-la-nuova-cmpagna-rispettiamoci-sulla-sicurezza-stradale\/","title":{"rendered":"ACI E Armando Testa al Giro d\u2019Italia con la nuova campagna \u201c#Rispettiamoci\u201d sulla sicurezza stradale"},"content":{"rendered":"\n<p>L\u2019Automobile Club d\u2019Italia, partner istituzionale del Giro d\u2019Italia per il quarto anno consecutivo, torna in comunicazione con la nuova campagna di educazione stradale ACI #rispettiamoci per far riflettere automobilisti, ciclisti e pedoni sull\u2019importanza del rispetto reciproco delle regole di convivenza in strada. La creativit\u00e0 della campagna \u00e8 del gruppo Armando Testa.<\/p>\n\n\n\n<p>Lo spot di quest\u2019anno vuole mettere in evidenza quanto il corretto comportamento di ognuno sulla strada comporti un vantaggio non solo per s\u00e9 stessi, ma anche per la collettivit\u00e0. Ogni comportamento virtuoso \u00e8 infatti un piccolo traguardo per ciascuno, ma anche una grande vittoria per tutti e merita di essere celebrato nel modo pi\u00f9 spettacolare e festoso: una pioggia di coriandoli rosa. Una simbologia forte e impattante scelta da ACI per dare valore alle norme di sicurezza stradale e a chi le rispetta, ma anche un modo per suggellare la partnership con il Giro d\u2019Italia.<\/p>\n\n\n\n<p>Lo spot sar\u00e0 on air a maggio durante la diretta RAI della manifestazione e sul web.<\/p>\n\n\n\n<p>La produzione \u00e8 a cura di Armando Testa Studios.&nbsp;<\/p>\n\n\n\n<p>Credits<\/p>\n\n\n\n<p>Direzione creativa esecutiva: Georgia Ferraro, Nicola Cellemme<\/p>\n\n\n\n<p>Creative Team: Cristina Macchi, Chiara Demichelis<\/p>\n\n\n\n<p>Account Team: Raffaele Reinerio, Cristina Omenetto, Arianna Cipolloni<\/p>\n\n\n\n<ul class=\"wp-block-gallery columns-3 is-cropped wp-block-gallery-1 is-layout-flex wp-block-gallery-is-layout-flex\"><li class=\"blocks-gallery-item\"><figure><img decoding=\"async\" src=\"https:\/\/newsroom.armandotesta.it\/wp-content\/uploads\/2022\/05\/2.jpg\" alt=\"\" data-id=\"5753\" data-link=\"https:\/\/newsroom.armandotesta.it\/it\/?attachment_id=5753\" class=\"wp-image-5753\"\/><\/figure><\/li><li class=\"blocks-gallery-item\"><figure><img decoding=\"async\" src=\"https:\/\/newsroom.armandotesta.it\/wp-content\/uploads\/2022\/05\/3.jpg\" alt=\"\" data-id=\"5754\" data-link=\"https:\/\/newsroom.armandotesta.it\/it\/?attachment_id=5754\" class=\"wp-image-5754\"\/><\/figure><\/li><li class=\"blocks-gallery-item\"><figure><img decoding=\"async\" src=\"https:\/\/newsroom.armandotesta.it\/wp-content\/uploads\/2022\/05\/4.jpg\" alt=\"\" data-id=\"5755\" data-link=\"https:\/\/newsroom.armandotesta.it\/it\/?attachment_id=5755\" class=\"wp-image-5755\"\/><\/figure><\/li><li class=\"blocks-gallery-item\"><figure><img decoding=\"async\" src=\"https:\/\/newsroom.armandotesta.it\/wp-content\/uploads\/2022\/05\/5.jpg\" alt=\"\" data-id=\"5756\" data-link=\"https:\/\/newsroom.armandotesta.it\/it\/?attachment_id=5756\" class=\"wp-image-5756\"\/><\/figure><\/li><li class=\"blocks-gallery-item\"><figure><img decoding=\"async\" src=\"https:\/\/newsroom.armandotesta.it\/wp-content\/uploads\/2022\/05\/1.jpg\" alt=\"\" data-id=\"5757\" data-link=\"https:\/\/newsroom.armandotesta.it\/it\/?attachment_id=5757\" class=\"wp-image-5757\"\/><\/figure><\/li><\/ul>\n\n\n\n<figure class=\"wp-block-embed-youtube wp-block-embed is-type-video is-provider-youtube wp-embed-aspect-16-9 wp-has-aspect-ratio\"><div class=\"wp-block-embed__wrapper\">\n<iframe loading=\"lazy\" title=\"ACI Rispettiamoci\" width=\"500\" height=\"281\" src=\"https:\/\/www.youtube.com\/embed\/9jakHhgFXGw?feature=oembed\" frameborder=\"0\" allow=\"accelerometer; autoplay; clipboard-write; encrypted-media; gyroscope; picture-in-picture; web-share\" referrerpolicy=\"strict-origin-when-cross-origin\" allowfullscreen><\/iframe>\n<\/div><\/figure>\n","protected":false},"excerpt":{"rendered":"<p>L\u2019Automobile Club d\u2019Italia, partner istituzionale del Giro d\u2019Italia per il quarto anno consecutivo, torna in comunicazione con la nuova campagna di educazione stradale ACI #rispettiamoci per far riflettere automobilisti, ciclisti e pedoni sull\u2019importanza del rispetto reciproco delle regole di convivenza in strada. La creativit\u00e0 della campagna \u00e8 del gruppo Armando Testa. Lo spot di quest\u2019anno [&hellip;]<\/p>\n","protected":false},"author":1,"featured_media":20535,"comment_status":"closed","ping_status":"closed","sticky":false,"template":"","format":"standard","meta":{"_acf_changed":false,"inline_featured_image":false,"footnotes":""},"categories":[],"tags":[],"class_list":["post-24706","post","type-post","status-publish","format-standard","has-post-thumbnail","hentry"],"acf":false,"yoast_head":"<!-- This site is optimized with the Yoast SEO plugin v27.5 - https:\/\/yoast.com\/product\/yoast-seo-wordpress\/ -->\n<title>ACI E Armando Testa al Giro d\u2019Italia con la nuova campagna \u201c#Rispettiamoci\u201d sulla sicurezza stradale - Armando Testa<\/title>\n<meta name=\"robots\" content=\"index, follow, max-snippet:-1, max-image-preview:large, max-video-preview:-1\" \/>\n<link rel=\"canonical\" href=\"https:\/\/www.armandotesta.it\/it\/aci-e-armando-testa-al-giro-ditalia-con-la-nuova-cmpagna-rispettiamoci-sulla-sicurezza-stradale\/\" \/>\n<meta property=\"og:locale\" content=\"it_IT\" \/>\n<meta property=\"og:type\" content=\"article\" \/>\n<meta property=\"og:title\" content=\"ACI E Armando Testa al Giro d\u2019Italia con la nuova campagna \u201c#Rispettiamoci\u201d sulla sicurezza stradale - Armando Testa\" \/>\n<meta property=\"og:description\" content=\"L\u2019Automobile Club d\u2019Italia, partner istituzionale del Giro d\u2019Italia per il quarto anno consecutivo, torna in comunicazione con la nuova campagna di educazione stradale ACI #rispettiamoci per far riflettere automobilisti, ciclisti e pedoni sull\u2019importanza del rispetto reciproco delle regole di convivenza in strada. La creativit\u00e0 della campagna \u00e8 del gruppo Armando Testa. Lo spot di quest\u2019anno [&hellip;]\" \/>\n<meta property=\"og:url\" content=\"https:\/\/www.armandotesta.it\/it\/aci-e-armando-testa-al-giro-ditalia-con-la-nuova-cmpagna-rispettiamoci-sulla-sicurezza-stradale\/\" \/>\n<meta property=\"og:site_name\" content=\"Armando Testa\" \/>\n<meta property=\"article:published_time\" content=\"2022-05-16T14:00:40+00:00\" \/>\n<meta property=\"article:modified_time\" content=\"2024-06-04T13:42:19+00:00\" \/>\n<meta property=\"og:image\" content=\"https:\/\/www.armandotesta.it\/wp-content\/uploads\/2024\/06\/2-7.jpg\" \/>\n\t<meta property=\"og:image:width\" content=\"640\" \/>\n\t<meta property=\"og:image:height\" content=\"360\" \/>\n\t<meta property=\"og:image:type\" content=\"image\/jpeg\" \/>\n<meta name=\"author\" content=\"admAT\" \/>\n<meta name=\"twitter:card\" content=\"summary_large_image\" \/>\n<meta name=\"twitter:label1\" content=\"Scritto da\" \/>\n\t<meta name=\"twitter:data1\" content=\"admAT\" \/>\n\t<meta name=\"twitter:label2\" content=\"Tempo di lettura stimato\" \/>\n\t<meta name=\"twitter:data2\" content=\"1 minuto\" \/>\n<script type=\"application\/ld+json\" class=\"yoast-schema-graph\">{\"@context\":\"https:\\\/\\\/schema.org\",\"@graph\":[{\"@type\":\"Article\",\"@id\":\"https:\\\/\\\/www.armandotesta.it\\\/it\\\/aci-e-armando-testa-al-giro-ditalia-con-la-nuova-cmpagna-rispettiamoci-sulla-sicurezza-stradale\\\/#article\",\"isPartOf\":{\"@id\":\"https:\\\/\\\/www.armandotesta.it\\\/it\\\/aci-e-armando-testa-al-giro-ditalia-con-la-nuova-cmpagna-rispettiamoci-sulla-sicurezza-stradale\\\/\"},\"author\":{\"name\":\"admAT\",\"@id\":\"https:\\\/\\\/www.armandotesta.it\\\/it\\\/#\\\/schema\\\/person\\\/46d1d2d167e5f7b857761f0d5183a848\"},\"headline\":\"ACI E Armando Testa al Giro d\u2019Italia con la nuova campagna \u201c#Rispettiamoci\u201d sulla sicurezza stradale\",\"datePublished\":\"2022-05-16T14:00:40+00:00\",\"dateModified\":\"2024-06-04T13:42:19+00:00\",\"mainEntityOfPage\":{\"@id\":\"https:\\\/\\\/www.armandotesta.it\\\/it\\\/aci-e-armando-testa-al-giro-ditalia-con-la-nuova-cmpagna-rispettiamoci-sulla-sicurezza-stradale\\\/\"},\"wordCount\":217,\"publisher\":{\"@id\":\"https:\\\/\\\/www.armandotesta.it\\\/it\\\/#organization\"},\"image\":{\"@id\":\"https:\\\/\\\/www.armandotesta.it\\\/it\\\/aci-e-armando-testa-al-giro-ditalia-con-la-nuova-cmpagna-rispettiamoci-sulla-sicurezza-stradale\\\/#primaryimage\"},\"thumbnailUrl\":\"https:\\\/\\\/www.armandotesta.it\\\/wp-content\\\/uploads\\\/2024\\\/06\\\/2-7.jpg\",\"inLanguage\":\"it-IT\"},{\"@type\":\"WebPage\",\"@id\":\"https:\\\/\\\/www.armandotesta.it\\\/it\\\/aci-e-armando-testa-al-giro-ditalia-con-la-nuova-cmpagna-rispettiamoci-sulla-sicurezza-stradale\\\/\",\"url\":\"https:\\\/\\\/www.armandotesta.it\\\/it\\\/aci-e-armando-testa-al-giro-ditalia-con-la-nuova-cmpagna-rispettiamoci-sulla-sicurezza-stradale\\\/\",\"name\":\"ACI E Armando Testa al Giro d\u2019Italia con la nuova campagna \u201c#Rispettiamoci\u201d sulla sicurezza stradale - Armando Testa\",\"isPartOf\":{\"@id\":\"https:\\\/\\\/www.armandotesta.it\\\/it\\\/#website\"},\"primaryImageOfPage\":{\"@id\":\"https:\\\/\\\/www.armandotesta.it\\\/it\\\/aci-e-armando-testa-al-giro-ditalia-con-la-nuova-cmpagna-rispettiamoci-sulla-sicurezza-stradale\\\/#primaryimage\"},\"image\":{\"@id\":\"https:\\\/\\\/www.armandotesta.it\\\/it\\\/aci-e-armando-testa-al-giro-ditalia-con-la-nuova-cmpagna-rispettiamoci-sulla-sicurezza-stradale\\\/#primaryimage\"},\"thumbnailUrl\":\"https:\\\/\\\/www.armandotesta.it\\\/wp-content\\\/uploads\\\/2024\\\/06\\\/2-7.jpg\",\"datePublished\":\"2022-05-16T14:00:40+00:00\",\"dateModified\":\"2024-06-04T13:42:19+00:00\",\"breadcrumb\":{\"@id\":\"https:\\\/\\\/www.armandotesta.it\\\/it\\\/aci-e-armando-testa-al-giro-ditalia-con-la-nuova-cmpagna-rispettiamoci-sulla-sicurezza-stradale\\\/#breadcrumb\"},\"inLanguage\":\"it-IT\",\"potentialAction\":[{\"@type\":\"ReadAction\",\"target\":[\"https:\\\/\\\/www.armandotesta.it\\\/it\\\/aci-e-armando-testa-al-giro-ditalia-con-la-nuova-cmpagna-rispettiamoci-sulla-sicurezza-stradale\\\/\"]}]},{\"@type\":\"ImageObject\",\"inLanguage\":\"it-IT\",\"@id\":\"https:\\\/\\\/www.armandotesta.it\\\/it\\\/aci-e-armando-testa-al-giro-ditalia-con-la-nuova-cmpagna-rispettiamoci-sulla-sicurezza-stradale\\\/#primaryimage\",\"url\":\"https:\\\/\\\/www.armandotesta.it\\\/wp-content\\\/uploads\\\/2024\\\/06\\\/2-7.jpg\",\"contentUrl\":\"https:\\\/\\\/www.armandotesta.it\\\/wp-content\\\/uploads\\\/2024\\\/06\\\/2-7.jpg\",\"width\":640,\"height\":360},{\"@type\":\"BreadcrumbList\",\"@id\":\"https:\\\/\\\/www.armandotesta.it\\\/it\\\/aci-e-armando-testa-al-giro-ditalia-con-la-nuova-cmpagna-rispettiamoci-sulla-sicurezza-stradale\\\/#breadcrumb\",\"itemListElement\":[{\"@type\":\"ListItem\",\"position\":1,\"name\":\"Home\",\"item\":\"https:\\\/\\\/www.armandotesta.it\\\/it\\\/\"},{\"@type\":\"ListItem\",\"position\":2,\"name\":\"ACI E Armando Testa al Giro d\u2019Italia con la nuova campagna \u201c#Rispettiamoci\u201d sulla sicurezza stradale\"}]},{\"@type\":\"WebSite\",\"@id\":\"https:\\\/\\\/www.armandotesta.it\\\/it\\\/#website\",\"url\":\"https:\\\/\\\/www.armandotesta.it\\\/it\\\/\",\"name\":\"Armando Testa\",\"description\":\"\",\"publisher\":{\"@id\":\"https:\\\/\\\/www.armandotesta.it\\\/it\\\/#organization\"},\"potentialAction\":[{\"@type\":\"SearchAction\",\"target\":{\"@type\":\"EntryPoint\",\"urlTemplate\":\"https:\\\/\\\/www.armandotesta.it\\\/it\\\/?s={search_term_string}\"},\"query-input\":{\"@type\":\"PropertyValueSpecification\",\"valueRequired\":true,\"valueName\":\"search_term_string\"}}],\"inLanguage\":\"it-IT\"},{\"@type\":\"Organization\",\"@id\":\"https:\\\/\\\/www.armandotesta.it\\\/it\\\/#organization\",\"name\":\"Armando Testa\",\"url\":\"https:\\\/\\\/www.armandotesta.it\\\/it\\\/\",\"logo\":{\"@type\":\"ImageObject\",\"inLanguage\":\"it-IT\",\"@id\":\"https:\\\/\\\/www.armandotesta.it\\\/it\\\/#\\\/schema\\\/logo\\\/image\\\/\",\"url\":\"https:\\\/\\\/www.armandotesta.it\\\/wp-content\\\/uploads\\\/2024\\\/01\\\/logo-at.png\",\"contentUrl\":\"https:\\\/\\\/www.armandotesta.it\\\/wp-content\\\/uploads\\\/2024\\\/01\\\/logo-at.png\",\"width\":200,\"height\":200,\"caption\":\"Armando Testa\"},\"image\":{\"@id\":\"https:\\\/\\\/www.armandotesta.it\\\/it\\\/#\\\/schema\\\/logo\\\/image\\\/\"}},{\"@type\":\"Person\",\"@id\":\"https:\\\/\\\/www.armandotesta.it\\\/it\\\/#\\\/schema\\\/person\\\/46d1d2d167e5f7b857761f0d5183a848\",\"name\":\"admAT\",\"image\":{\"@type\":\"ImageObject\",\"inLanguage\":\"it-IT\",\"@id\":\"https:\\\/\\\/secure.gravatar.com\\\/avatar\\\/9772e708d87105ee06ea2e627102fade92688c33bb2e0083a7a18b56280f7239?s=96&d=mm&r=g\",\"url\":\"https:\\\/\\\/secure.gravatar.com\\\/avatar\\\/9772e708d87105ee06ea2e627102fade92688c33bb2e0083a7a18b56280f7239?s=96&d=mm&r=g\",\"contentUrl\":\"https:\\\/\\\/secure.gravatar.com\\\/avatar\\\/9772e708d87105ee06ea2e627102fade92688c33bb2e0083a7a18b56280f7239?s=96&d=mm&r=g\",\"caption\":\"admAT\"},\"sameAs\":[\"https:\\\/\\\/www.armandotesta.it\"],\"url\":\"https:\\\/\\\/www.armandotesta.it\\\/it\\\/author\\\/admat\\\/\"}]}<\/script>\n<!-- \/ Yoast SEO plugin. -->","yoast_head_json":{"title":"ACI E Armando Testa al Giro d\u2019Italia con la nuova campagna \u201c#Rispettiamoci\u201d sulla sicurezza stradale - Armando Testa","robots":{"index":"index","follow":"follow","max-snippet":"max-snippet:-1","max-image-preview":"max-image-preview:large","max-video-preview":"max-video-preview:-1"},"canonical":"https:\/\/www.armandotesta.it\/it\/aci-e-armando-testa-al-giro-ditalia-con-la-nuova-cmpagna-rispettiamoci-sulla-sicurezza-stradale\/","og_locale":"it_IT","og_type":"article","og_title":"ACI E Armando Testa al Giro d\u2019Italia con la nuova campagna \u201c#Rispettiamoci\u201d sulla sicurezza stradale - Armando Testa","og_description":"L\u2019Automobile Club d\u2019Italia, partner istituzionale del Giro d\u2019Italia per il quarto anno consecutivo, torna in comunicazione con la nuova campagna di educazione stradale ACI #rispettiamoci per far riflettere automobilisti, ciclisti e pedoni sull\u2019importanza del rispetto reciproco delle regole di convivenza in strada. La creativit\u00e0 della campagna \u00e8 del gruppo Armando Testa. Lo spot di quest\u2019anno [&hellip;]","og_url":"https:\/\/www.armandotesta.it\/it\/aci-e-armando-testa-al-giro-ditalia-con-la-nuova-cmpagna-rispettiamoci-sulla-sicurezza-stradale\/","og_site_name":"Armando Testa","article_published_time":"2022-05-16T14:00:40+00:00","article_modified_time":"2024-06-04T13:42:19+00:00","og_image":[{"width":640,"height":360,"url":"https:\/\/www.armandotesta.it\/wp-content\/uploads\/2024\/06\/2-7.jpg","type":"image\/jpeg"}],"author":"admAT","twitter_card":"summary_large_image","twitter_misc":{"Scritto da":"admAT","Tempo di lettura stimato":"1 minuto"},"schema":{"@context":"https:\/\/schema.org","@graph":[{"@type":"Article","@id":"https:\/\/www.armandotesta.it\/it\/aci-e-armando-testa-al-giro-ditalia-con-la-nuova-cmpagna-rispettiamoci-sulla-sicurezza-stradale\/#article","isPartOf":{"@id":"https:\/\/www.armandotesta.it\/it\/aci-e-armando-testa-al-giro-ditalia-con-la-nuova-cmpagna-rispettiamoci-sulla-sicurezza-stradale\/"},"author":{"name":"admAT","@id":"https:\/\/www.armandotesta.it\/it\/#\/schema\/person\/46d1d2d167e5f7b857761f0d5183a848"},"headline":"ACI E Armando Testa al Giro d\u2019Italia con la nuova campagna \u201c#Rispettiamoci\u201d sulla sicurezza stradale","datePublished":"2022-05-16T14:00:40+00:00","dateModified":"2024-06-04T13:42:19+00:00","mainEntityOfPage":{"@id":"https:\/\/www.armandotesta.it\/it\/aci-e-armando-testa-al-giro-ditalia-con-la-nuova-cmpagna-rispettiamoci-sulla-sicurezza-stradale\/"},"wordCount":217,"publisher":{"@id":"https:\/\/www.armandotesta.it\/it\/#organization"},"image":{"@id":"https:\/\/www.armandotesta.it\/it\/aci-e-armando-testa-al-giro-ditalia-con-la-nuova-cmpagna-rispettiamoci-sulla-sicurezza-stradale\/#primaryimage"},"thumbnailUrl":"https:\/\/www.armandotesta.it\/wp-content\/uploads\/2024\/06\/2-7.jpg","inLanguage":"it-IT"},{"@type":"WebPage","@id":"https:\/\/www.armandotesta.it\/it\/aci-e-armando-testa-al-giro-ditalia-con-la-nuova-cmpagna-rispettiamoci-sulla-sicurezza-stradale\/","url":"https:\/\/www.armandotesta.it\/it\/aci-e-armando-testa-al-giro-ditalia-con-la-nuova-cmpagna-rispettiamoci-sulla-sicurezza-stradale\/","name":"ACI E Armando Testa al Giro d\u2019Italia con la nuova campagna \u201c#Rispettiamoci\u201d sulla sicurezza stradale - Armando Testa","isPartOf":{"@id":"https:\/\/www.armandotesta.it\/it\/#website"},"primaryImageOfPage":{"@id":"https:\/\/www.armandotesta.it\/it\/aci-e-armando-testa-al-giro-ditalia-con-la-nuova-cmpagna-rispettiamoci-sulla-sicurezza-stradale\/#primaryimage"},"image":{"@id":"https:\/\/www.armandotesta.it\/it\/aci-e-armando-testa-al-giro-ditalia-con-la-nuova-cmpagna-rispettiamoci-sulla-sicurezza-stradale\/#primaryimage"},"thumbnailUrl":"https:\/\/www.armandotesta.it\/wp-content\/uploads\/2024\/06\/2-7.jpg","datePublished":"2022-05-16T14:00:40+00:00","dateModified":"2024-06-04T13:42:19+00:00","breadcrumb":{"@id":"https:\/\/www.armandotesta.it\/it\/aci-e-armando-testa-al-giro-ditalia-con-la-nuova-cmpagna-rispettiamoci-sulla-sicurezza-stradale\/#breadcrumb"},"inLanguage":"it-IT","potentialAction":[{"@type":"ReadAction","target":["https:\/\/www.armandotesta.it\/it\/aci-e-armando-testa-al-giro-ditalia-con-la-nuova-cmpagna-rispettiamoci-sulla-sicurezza-stradale\/"]}]},{"@type":"ImageObject","inLanguage":"it-IT","@id":"https:\/\/www.armandotesta.it\/it\/aci-e-armando-testa-al-giro-ditalia-con-la-nuova-cmpagna-rispettiamoci-sulla-sicurezza-stradale\/#primaryimage","url":"https:\/\/www.armandotesta.it\/wp-content\/uploads\/2024\/06\/2-7.jpg","contentUrl":"https:\/\/www.armandotesta.it\/wp-content\/uploads\/2024\/06\/2-7.jpg","width":640,"height":360},{"@type":"BreadcrumbList","@id":"https:\/\/www.armandotesta.it\/it\/aci-e-armando-testa-al-giro-ditalia-con-la-nuova-cmpagna-rispettiamoci-sulla-sicurezza-stradale\/#breadcrumb","itemListElement":[{"@type":"ListItem","position":1,"name":"Home","item":"https:\/\/www.armandotesta.it\/it\/"},{"@type":"ListItem","position":2,"name":"ACI E Armando Testa al Giro d\u2019Italia con la nuova campagna \u201c#Rispettiamoci\u201d sulla sicurezza stradale"}]},{"@type":"WebSite","@id":"https:\/\/www.armandotesta.it\/it\/#website","url":"https:\/\/www.armandotesta.it\/it\/","name":"Armando Testa","description":"","publisher":{"@id":"https:\/\/www.armandotesta.it\/it\/#organization"},"potentialAction":[{"@type":"SearchAction","target":{"@type":"EntryPoint","urlTemplate":"https:\/\/www.armandotesta.it\/it\/?s={search_term_string}"},"query-input":{"@type":"PropertyValueSpecification","valueRequired":true,"valueName":"search_term_string"}}],"inLanguage":"it-IT"},{"@type":"Organization","@id":"https:\/\/www.armandotesta.it\/it\/#organization","name":"Armando Testa","url":"https:\/\/www.armandotesta.it\/it\/","logo":{"@type":"ImageObject","inLanguage":"it-IT","@id":"https:\/\/www.armandotesta.it\/it\/#\/schema\/logo\/image\/","url":"https:\/\/www.armandotesta.it\/wp-content\/uploads\/2024\/01\/logo-at.png","contentUrl":"https:\/\/www.armandotesta.it\/wp-content\/uploads\/2024\/01\/logo-at.png","width":200,"height":200,"caption":"Armando Testa"},"image":{"@id":"https:\/\/www.armandotesta.it\/it\/#\/schema\/logo\/image\/"}},{"@type":"Person","@id":"https:\/\/www.armandotesta.it\/it\/#\/schema\/person\/46d1d2d167e5f7b857761f0d5183a848","name":"admAT","image":{"@type":"ImageObject","inLanguage":"it-IT","@id":"https:\/\/secure.gravatar.com\/avatar\/9772e708d87105ee06ea2e627102fade92688c33bb2e0083a7a18b56280f7239?s=96&d=mm&r=g","url":"https:\/\/secure.gravatar.com\/avatar\/9772e708d87105ee06ea2e627102fade92688c33bb2e0083a7a18b56280f7239?s=96&d=mm&r=g","contentUrl":"https:\/\/secure.gravatar.com\/avatar\/9772e708d87105ee06ea2e627102fade92688c33bb2e0083a7a18b56280f7239?s=96&d=mm&r=g","caption":"admAT"},"sameAs":["https:\/\/www.armandotesta.it"],"url":"https:\/\/www.armandotesta.it\/it\/author\/admat\/"}]}},"_links":{"self":[{"href":"https:\/\/www.armandotesta.it\/it\/wp-json\/wp\/v2\/posts\/24706","targetHints":{"allow":["GET"]}}],"collection":[{"href":"https:\/\/www.armandotesta.it\/it\/wp-json\/wp\/v2\/posts"}],"about":[{"href":"https:\/\/www.armandotesta.it\/it\/wp-json\/wp\/v2\/types\/post"}],"author":[{"embeddable":true,"href":"https:\/\/www.armandotesta.it\/it\/wp-json\/wp\/v2\/users\/1"}],"replies":[{"embeddable":true,"href":"https:\/\/www.armandotesta.it\/it\/wp-json\/wp\/v2\/comments?post=24706"}],"version-history":[{"count":1,"href":"https:\/\/www.armandotesta.it\/it\/wp-json\/wp\/v2\/posts\/24706\/revisions"}],"predecessor-version":[{"id":25664,"href":"https:\/\/www.armandotesta.it\/it\/wp-json\/wp\/v2\/posts\/24706\/revisions\/25664"}],"wp:featuredmedia":[{"embeddable":true,"href":"https:\/\/www.armandotesta.it\/it\/wp-json\/wp\/v2\/media\/20535"}],"wp:attachment":[{"href":"https:\/\/www.armandotesta.it\/it\/wp-json\/wp\/v2\/media?parent=24706"}],"wp:term":[{"taxonomy":"category","embeddable":true,"href":"https:\/\/www.armandotesta.it\/it\/wp-json\/wp\/v2\/categories?post=24706"},{"taxonomy":"post_tag","embeddable":true,"href":"https:\/\/www.armandotesta.it\/it\/wp-json\/wp\/v2\/tags?post=24706"}],"curies":[{"name":"wp","href":"https:\/\/api.w.org\/{rel}","templated":true}]}}