{"id":24705,"date":"2022-05-14T18:00:16","date_gmt":"2022-05-14T16:00:16","guid":{"rendered":"https:\/\/www.armandotesta.it\/io-amo-il-mare-dellumbria-da-domani-15-maggio-prende-avvio-la-nuova-campagna-promozionale-della-regione-umbria-firmata-sempre-da-armando-testa\/"},"modified":"2024-06-04T15:42:17","modified_gmt":"2024-06-04T13:42:17","slug":"io-amo-il-mare-dellumbria-da-domani-15-maggio-prende-avvio-la-nuova-campagna-promozionale-della-regione-umbria-firmata-sempre-da-armando-testa","status":"publish","type":"post","link":"https:\/\/www.armandotesta.it\/it\/io-amo-il-mare-dellumbria-da-domani-15-maggio-prende-avvio-la-nuova-campagna-promozionale-della-regione-umbria-firmata-sempre-da-armando-testa\/","title":{"rendered":"\u201cIo amo il mare dell\u2019Umbria\u201d: da domani 15 maggio prende avvio la nuova campagna promozionale della Regione Umbria firmata sempre da Armando Testa"},"content":{"rendered":"\n<p>L\u2019originale ed impattante concept \u201cIo amo il mare dell\u2019Umbria\u201d, introdotto per la prima volta nel 2021, torna a caratterizzare la nuova campagna di comunicazione integrata, ideata da Armando Testa e on air in TV e sul web a partire da domani, domenica 15 maggio, per promuovere il turismo nella regione Umbria.<\/p>\n\n\n\n<p>Lo rende noto l\u2019Assessore regionale alla Cultura e al Turismo, sottolineando come con la nuova campagna di promozione si \u00e8 voluto rendere omaggio a ci\u00f2 che contraddistingue la nostra meravigliosa regione. Dalle sue bellezze naturali ai suoi tesori artistici, dalle sue tradizioni secolari ai suoi incantevoli borghi \u2013 rileva &#8211;\u00a0\u00a0vogliamo partire per promuovere un\u2019immersione totalizzante in una terra tutta da scoprire e da assaporare. Nella consapevolezza che l\u2019Umbria chiede uno sguardo attento e un lento perdersi nei suoi innumerevoli e multiformi paesaggi. Riprendiamo a vivere e a convivere, dopo anni difficili e complessi. \u00c8 il momento di ripartire tuffandosi in una terra vera ed autentica.<\/p>\n\n\n\n<p>Conosciuta come \u201cil cuore verde d\u2019Italia\u201d, l\u2019Umbria \u00e8 la sola regione del centro Italia priva di sbocchi sul mare. Questa nozione \u00e8 alla base del paradosso su cui si sviluppa la creativit\u00e0 della campagna: pur non avendo il mare, con la sua natura straordinaria, i suoi borghi secolari e le tante attivit\u00e0 che si possono praticare, visitare l\u2019Umbria \u00e8 una profonda immersione in esperienze che inebriano i sensi. Un vero e proprio tuffarsi nei tanti \u201cmari\u201d che vanta questa splendida regione: mari di storia, di arte, di cammini, di musica, di sport e di natura. Mari di cui \u00e8 impossibile non innamorarsi.<\/p>\n\n\n\n<p>La trasposizione creativa del concept \u00e8 dunque il tuffo ideale, immaginario, di una ragazza\u00a0che volteggiando in aria visualizza i paesaggi, i luoghi e le attivit\u00e0 che rappresentano il mare dell\u2019Umbria, e che si conclude con l\u2019ingresso in un prato fiorito, metafora delle emozioni che regala l\u2019immergersi in questo territorio unico.<\/p>\n\n\n\n<p>La campagna proseguir\u00e0 in radio, stampa e nei principali Paesi europei e in USA sul web da giugno.<\/p>\n\n\n\n<p>La produzione \u00e8 stata affidata ad Armando Testa Studios con la regia di Augusto Storero.<\/p>\n\n\n\n<p>Credits:&nbsp;<\/p>\n\n\n\n<p>Cliente: Regione Umbria<\/p>\n\n\n\n<p>Agenzia: Armando Testa<\/p>\n\n\n\n<p>Direzione creativa: Raffaele Balducci<\/p>\n\n\n\n<p>Creative team: Raffaele Balducci, Daniele Bona<\/p>\n\n\n\n<p>Casa di Produzione: Armando Testa Studios<\/p>\n\n\n\n<p>Regista: Augusto Storero<\/p>\n\n\n\n<p>Pianificazione Media: The Gate Communication<\/p>\n\n\n\n<figure class=\"wp-block-image\"><img decoding=\"async\" src=\"https:\/\/newsroom.armandotesta.it\/wp-content\/uploads\/2022\/05\/Umbria-PE-22-1024x724.jpg\" alt=\"\" class=\"wp-image-5740\"\/><\/figure>\n\n\n\n<figure class=\"wp-block-embed-youtube wp-block-embed is-type-video is-provider-youtube wp-embed-aspect-16-9 wp-has-aspect-ratio\"><div class=\"wp-block-embed__wrapper\">\n<iframe loading=\"lazy\" title=\"REGIONE UMBRIA Primavera  Estate Sogg1\" width=\"500\" height=\"281\" src=\"https:\/\/www.youtube.com\/embed\/pYl8Y3VpoOk?feature=oembed\" frameborder=\"0\" allow=\"accelerometer; autoplay; clipboard-write; encrypted-media; gyroscope; picture-in-picture; web-share\" referrerpolicy=\"strict-origin-when-cross-origin\" allowfullscreen><\/iframe>\n<\/div><\/figure>\n\n\n\n<figure class=\"wp-block-embed-youtube wp-block-embed is-type-video is-provider-youtube wp-embed-aspect-16-9 wp-has-aspect-ratio\"><div class=\"wp-block-embed__wrapper\">\n<iframe loading=\"lazy\" title=\"REGIONE UMBRIA Primavera  Estate Sogg2\" width=\"500\" height=\"281\" src=\"https:\/\/www.youtube.com\/embed\/hcRE38Afa5g?feature=oembed\" frameborder=\"0\" allow=\"accelerometer; autoplay; clipboard-write; encrypted-media; gyroscope; picture-in-picture; web-share\" referrerpolicy=\"strict-origin-when-cross-origin\" allowfullscreen><\/iframe>\n<\/div><\/figure>\n\n\n\n<figure class=\"wp-block-embed-youtube wp-block-embed is-type-video is-provider-youtube wp-embed-aspect-16-9 wp-has-aspect-ratio\"><div class=\"wp-block-embed__wrapper\">\n<iframe loading=\"lazy\" title=\"REGIONE UMBRIA Primavera Estate  Sogg3\" width=\"500\" height=\"281\" src=\"https:\/\/www.youtube.com\/embed\/ckZ9Zh78qis?feature=oembed\" frameborder=\"0\" allow=\"accelerometer; autoplay; clipboard-write; encrypted-media; gyroscope; picture-in-picture; web-share\" referrerpolicy=\"strict-origin-when-cross-origin\" allowfullscreen><\/iframe>\n<\/div><\/figure>\n","protected":false},"excerpt":{"rendered":"<p>L\u2019originale ed impattante concept \u201cIo amo il mare dell\u2019Umbria\u201d, introdotto per la prima volta nel 2021, torna a caratterizzare la nuova campagna di comunicazione integrata, ideata da Armando Testa e on air in TV e sul web a partire da domani, domenica 15 maggio, per promuovere il turismo nella regione Umbria. Lo rende noto l\u2019Assessore [&hellip;]<\/p>\n","protected":false},"author":1,"featured_media":20537,"comment_status":"closed","ping_status":"closed","sticky":false,"template":"","format":"standard","meta":{"_acf_changed":false,"inline_featured_image":false,"footnotes":""},"categories":[],"tags":[],"class_list":["post-24705","post","type-post","status-publish","format-standard","has-post-thumbnail","hentry"],"acf":false,"yoast_head":"<!-- This site is optimized with the Yoast SEO plugin v27.5 - https:\/\/yoast.com\/product\/yoast-seo-wordpress\/ -->\n<title>\u201cIo amo il mare dell\u2019Umbria\u201d: da domani 15 maggio prende avvio la nuova campagna promozionale della Regione Umbria firmata sempre da Armando Testa - Armando Testa<\/title>\n<meta name=\"robots\" content=\"index, follow, max-snippet:-1, max-image-preview:large, max-video-preview:-1\" \/>\n<link rel=\"canonical\" href=\"https:\/\/www.armandotesta.it\/it\/io-amo-il-mare-dellumbria-da-domani-15-maggio-prende-avvio-la-nuova-campagna-promozionale-della-regione-umbria-firmata-sempre-da-armando-testa\/\" \/>\n<meta property=\"og:locale\" content=\"it_IT\" \/>\n<meta property=\"og:type\" content=\"article\" \/>\n<meta property=\"og:title\" content=\"\u201cIo amo il mare dell\u2019Umbria\u201d: da domani 15 maggio prende avvio la nuova campagna promozionale della Regione Umbria firmata sempre da Armando Testa - Armando Testa\" \/>\n<meta property=\"og:description\" content=\"L\u2019originale ed impattante concept \u201cIo amo il mare dell\u2019Umbria\u201d, introdotto per la prima volta nel 2021, torna a caratterizzare la nuova campagna di comunicazione integrata, ideata da Armando Testa e on air in TV e sul web a partire da domani, domenica 15 maggio, per promuovere il turismo nella regione Umbria. Lo rende noto l\u2019Assessore [&hellip;]\" \/>\n<meta property=\"og:url\" content=\"https:\/\/www.armandotesta.it\/it\/io-amo-il-mare-dellumbria-da-domani-15-maggio-prende-avvio-la-nuova-campagna-promozionale-della-regione-umbria-firmata-sempre-da-armando-testa\/\" \/>\n<meta property=\"og:site_name\" content=\"Armando Testa\" \/>\n<meta property=\"article:published_time\" content=\"2022-05-14T16:00:16+00:00\" \/>\n<meta property=\"article:modified_time\" content=\"2024-06-04T13:42:17+00:00\" \/>\n<meta property=\"og:image\" content=\"https:\/\/www.armandotesta.it\/wp-content\/uploads\/2024\/06\/Umbria-PE-22-scaled.jpg\" \/>\n\t<meta property=\"og:image:width\" content=\"2560\" \/>\n\t<meta property=\"og:image:height\" content=\"1810\" \/>\n\t<meta property=\"og:image:type\" content=\"image\/jpeg\" \/>\n<meta name=\"author\" content=\"admAT\" \/>\n<meta name=\"twitter:card\" content=\"summary_large_image\" \/>\n<meta name=\"twitter:label1\" content=\"Scritto da\" \/>\n\t<meta name=\"twitter:data1\" content=\"admAT\" \/>\n\t<meta name=\"twitter:label2\" content=\"Tempo di lettura stimato\" \/>\n\t<meta name=\"twitter:data2\" content=\"2 minuti\" \/>\n<script type=\"application\/ld+json\" class=\"yoast-schema-graph\">{\"@context\":\"https:\\\/\\\/schema.org\",\"@graph\":[{\"@type\":\"Article\",\"@id\":\"https:\\\/\\\/www.armandotesta.it\\\/it\\\/io-amo-il-mare-dellumbria-da-domani-15-maggio-prende-avvio-la-nuova-campagna-promozionale-della-regione-umbria-firmata-sempre-da-armando-testa\\\/#article\",\"isPartOf\":{\"@id\":\"https:\\\/\\\/www.armandotesta.it\\\/it\\\/io-amo-il-mare-dellumbria-da-domani-15-maggio-prende-avvio-la-nuova-campagna-promozionale-della-regione-umbria-firmata-sempre-da-armando-testa\\\/\"},\"author\":{\"name\":\"admAT\",\"@id\":\"https:\\\/\\\/www.armandotesta.it\\\/it\\\/#\\\/schema\\\/person\\\/46d1d2d167e5f7b857761f0d5183a848\"},\"headline\":\"\u201cIo amo il mare dell\u2019Umbria\u201d: da domani 15 maggio prende avvio la nuova campagna promozionale della Regione Umbria firmata sempre da Armando Testa\",\"datePublished\":\"2022-05-14T16:00:16+00:00\",\"dateModified\":\"2024-06-04T13:42:17+00:00\",\"mainEntityOfPage\":{\"@id\":\"https:\\\/\\\/www.armandotesta.it\\\/it\\\/io-amo-il-mare-dellumbria-da-domani-15-maggio-prende-avvio-la-nuova-campagna-promozionale-della-regione-umbria-firmata-sempre-da-armando-testa\\\/\"},\"wordCount\":416,\"publisher\":{\"@id\":\"https:\\\/\\\/www.armandotesta.it\\\/it\\\/#organization\"},\"image\":{\"@id\":\"https:\\\/\\\/www.armandotesta.it\\\/it\\\/io-amo-il-mare-dellumbria-da-domani-15-maggio-prende-avvio-la-nuova-campagna-promozionale-della-regione-umbria-firmata-sempre-da-armando-testa\\\/#primaryimage\"},\"thumbnailUrl\":\"https:\\\/\\\/www.armandotesta.it\\\/wp-content\\\/uploads\\\/2024\\\/06\\\/Umbria-PE-22-scaled.jpg\",\"inLanguage\":\"it-IT\"},{\"@type\":\"WebPage\",\"@id\":\"https:\\\/\\\/www.armandotesta.it\\\/it\\\/io-amo-il-mare-dellumbria-da-domani-15-maggio-prende-avvio-la-nuova-campagna-promozionale-della-regione-umbria-firmata-sempre-da-armando-testa\\\/\",\"url\":\"https:\\\/\\\/www.armandotesta.it\\\/it\\\/io-amo-il-mare-dellumbria-da-domani-15-maggio-prende-avvio-la-nuova-campagna-promozionale-della-regione-umbria-firmata-sempre-da-armando-testa\\\/\",\"name\":\"\u201cIo amo il mare dell\u2019Umbria\u201d: da domani 15 maggio prende avvio la nuova campagna promozionale della Regione Umbria firmata sempre da Armando Testa - Armando Testa\",\"isPartOf\":{\"@id\":\"https:\\\/\\\/www.armandotesta.it\\\/it\\\/#website\"},\"primaryImageOfPage\":{\"@id\":\"https:\\\/\\\/www.armandotesta.it\\\/it\\\/io-amo-il-mare-dellumbria-da-domani-15-maggio-prende-avvio-la-nuova-campagna-promozionale-della-regione-umbria-firmata-sempre-da-armando-testa\\\/#primaryimage\"},\"image\":{\"@id\":\"https:\\\/\\\/www.armandotesta.it\\\/it\\\/io-amo-il-mare-dellumbria-da-domani-15-maggio-prende-avvio-la-nuova-campagna-promozionale-della-regione-umbria-firmata-sempre-da-armando-testa\\\/#primaryimage\"},\"thumbnailUrl\":\"https:\\\/\\\/www.armandotesta.it\\\/wp-content\\\/uploads\\\/2024\\\/06\\\/Umbria-PE-22-scaled.jpg\",\"datePublished\":\"2022-05-14T16:00:16+00:00\",\"dateModified\":\"2024-06-04T13:42:17+00:00\",\"breadcrumb\":{\"@id\":\"https:\\\/\\\/www.armandotesta.it\\\/it\\\/io-amo-il-mare-dellumbria-da-domani-15-maggio-prende-avvio-la-nuova-campagna-promozionale-della-regione-umbria-firmata-sempre-da-armando-testa\\\/#breadcrumb\"},\"inLanguage\":\"it-IT\",\"potentialAction\":[{\"@type\":\"ReadAction\",\"target\":[\"https:\\\/\\\/www.armandotesta.it\\\/it\\\/io-amo-il-mare-dellumbria-da-domani-15-maggio-prende-avvio-la-nuova-campagna-promozionale-della-regione-umbria-firmata-sempre-da-armando-testa\\\/\"]}]},{\"@type\":\"ImageObject\",\"inLanguage\":\"it-IT\",\"@id\":\"https:\\\/\\\/www.armandotesta.it\\\/it\\\/io-amo-il-mare-dellumbria-da-domani-15-maggio-prende-avvio-la-nuova-campagna-promozionale-della-regione-umbria-firmata-sempre-da-armando-testa\\\/#primaryimage\",\"url\":\"https:\\\/\\\/www.armandotesta.it\\\/wp-content\\\/uploads\\\/2024\\\/06\\\/Umbria-PE-22-scaled.jpg\",\"contentUrl\":\"https:\\\/\\\/www.armandotesta.it\\\/wp-content\\\/uploads\\\/2024\\\/06\\\/Umbria-PE-22-scaled.jpg\",\"width\":2560,\"height\":1810},{\"@type\":\"BreadcrumbList\",\"@id\":\"https:\\\/\\\/www.armandotesta.it\\\/it\\\/io-amo-il-mare-dellumbria-da-domani-15-maggio-prende-avvio-la-nuova-campagna-promozionale-della-regione-umbria-firmata-sempre-da-armando-testa\\\/#breadcrumb\",\"itemListElement\":[{\"@type\":\"ListItem\",\"position\":1,\"name\":\"Home\",\"item\":\"https:\\\/\\\/www.armandotesta.it\\\/it\\\/\"},{\"@type\":\"ListItem\",\"position\":2,\"name\":\"\u201cIo amo il mare dell\u2019Umbria\u201d: da domani 15 maggio prende avvio la nuova campagna promozionale della Regione Umbria firmata sempre da Armando Testa\"}]},{\"@type\":\"WebSite\",\"@id\":\"https:\\\/\\\/www.armandotesta.it\\\/it\\\/#website\",\"url\":\"https:\\\/\\\/www.armandotesta.it\\\/it\\\/\",\"name\":\"Armando Testa\",\"description\":\"\",\"publisher\":{\"@id\":\"https:\\\/\\\/www.armandotesta.it\\\/it\\\/#organization\"},\"potentialAction\":[{\"@type\":\"SearchAction\",\"target\":{\"@type\":\"EntryPoint\",\"urlTemplate\":\"https:\\\/\\\/www.armandotesta.it\\\/it\\\/?s={search_term_string}\"},\"query-input\":{\"@type\":\"PropertyValueSpecification\",\"valueRequired\":true,\"valueName\":\"search_term_string\"}}],\"inLanguage\":\"it-IT\"},{\"@type\":\"Organization\",\"@id\":\"https:\\\/\\\/www.armandotesta.it\\\/it\\\/#organization\",\"name\":\"Armando Testa\",\"url\":\"https:\\\/\\\/www.armandotesta.it\\\/it\\\/\",\"logo\":{\"@type\":\"ImageObject\",\"inLanguage\":\"it-IT\",\"@id\":\"https:\\\/\\\/www.armandotesta.it\\\/it\\\/#\\\/schema\\\/logo\\\/image\\\/\",\"url\":\"https:\\\/\\\/www.armandotesta.it\\\/wp-content\\\/uploads\\\/2024\\\/01\\\/logo-at.png\",\"contentUrl\":\"https:\\\/\\\/www.armandotesta.it\\\/wp-content\\\/uploads\\\/2024\\\/01\\\/logo-at.png\",\"width\":200,\"height\":200,\"caption\":\"Armando Testa\"},\"image\":{\"@id\":\"https:\\\/\\\/www.armandotesta.it\\\/it\\\/#\\\/schema\\\/logo\\\/image\\\/\"}},{\"@type\":\"Person\",\"@id\":\"https:\\\/\\\/www.armandotesta.it\\\/it\\\/#\\\/schema\\\/person\\\/46d1d2d167e5f7b857761f0d5183a848\",\"name\":\"admAT\",\"image\":{\"@type\":\"ImageObject\",\"inLanguage\":\"it-IT\",\"@id\":\"https:\\\/\\\/secure.gravatar.com\\\/avatar\\\/9772e708d87105ee06ea2e627102fade92688c33bb2e0083a7a18b56280f7239?s=96&d=mm&r=g\",\"url\":\"https:\\\/\\\/secure.gravatar.com\\\/avatar\\\/9772e708d87105ee06ea2e627102fade92688c33bb2e0083a7a18b56280f7239?s=96&d=mm&r=g\",\"contentUrl\":\"https:\\\/\\\/secure.gravatar.com\\\/avatar\\\/9772e708d87105ee06ea2e627102fade92688c33bb2e0083a7a18b56280f7239?s=96&d=mm&r=g\",\"caption\":\"admAT\"},\"sameAs\":[\"https:\\\/\\\/www.armandotesta.it\"],\"url\":\"https:\\\/\\\/www.armandotesta.it\\\/it\\\/author\\\/admat\\\/\"}]}<\/script>\n<!-- \/ Yoast SEO plugin. -->","yoast_head_json":{"title":"\u201cIo amo il mare dell\u2019Umbria\u201d: da domani 15 maggio prende avvio la nuova campagna promozionale della Regione Umbria firmata sempre da Armando Testa - Armando Testa","robots":{"index":"index","follow":"follow","max-snippet":"max-snippet:-1","max-image-preview":"max-image-preview:large","max-video-preview":"max-video-preview:-1"},"canonical":"https:\/\/www.armandotesta.it\/it\/io-amo-il-mare-dellumbria-da-domani-15-maggio-prende-avvio-la-nuova-campagna-promozionale-della-regione-umbria-firmata-sempre-da-armando-testa\/","og_locale":"it_IT","og_type":"article","og_title":"\u201cIo amo il mare dell\u2019Umbria\u201d: da domani 15 maggio prende avvio la nuova campagna promozionale della Regione Umbria firmata sempre da Armando Testa - Armando Testa","og_description":"L\u2019originale ed impattante concept \u201cIo amo il mare dell\u2019Umbria\u201d, introdotto per la prima volta nel 2021, torna a caratterizzare la nuova campagna di comunicazione integrata, ideata da Armando Testa e on air in TV e sul web a partire da domani, domenica 15 maggio, per promuovere il turismo nella regione Umbria. Lo rende noto l\u2019Assessore [&hellip;]","og_url":"https:\/\/www.armandotesta.it\/it\/io-amo-il-mare-dellumbria-da-domani-15-maggio-prende-avvio-la-nuova-campagna-promozionale-della-regione-umbria-firmata-sempre-da-armando-testa\/","og_site_name":"Armando Testa","article_published_time":"2022-05-14T16:00:16+00:00","article_modified_time":"2024-06-04T13:42:17+00:00","og_image":[{"width":2560,"height":1810,"url":"https:\/\/www.armandotesta.it\/wp-content\/uploads\/2024\/06\/Umbria-PE-22-scaled.jpg","type":"image\/jpeg"}],"author":"admAT","twitter_card":"summary_large_image","twitter_misc":{"Scritto da":"admAT","Tempo di lettura stimato":"2 minuti"},"schema":{"@context":"https:\/\/schema.org","@graph":[{"@type":"Article","@id":"https:\/\/www.armandotesta.it\/it\/io-amo-il-mare-dellumbria-da-domani-15-maggio-prende-avvio-la-nuova-campagna-promozionale-della-regione-umbria-firmata-sempre-da-armando-testa\/#article","isPartOf":{"@id":"https:\/\/www.armandotesta.it\/it\/io-amo-il-mare-dellumbria-da-domani-15-maggio-prende-avvio-la-nuova-campagna-promozionale-della-regione-umbria-firmata-sempre-da-armando-testa\/"},"author":{"name":"admAT","@id":"https:\/\/www.armandotesta.it\/it\/#\/schema\/person\/46d1d2d167e5f7b857761f0d5183a848"},"headline":"\u201cIo amo il mare dell\u2019Umbria\u201d: da domani 15 maggio prende avvio la nuova campagna promozionale della Regione Umbria firmata sempre da Armando Testa","datePublished":"2022-05-14T16:00:16+00:00","dateModified":"2024-06-04T13:42:17+00:00","mainEntityOfPage":{"@id":"https:\/\/www.armandotesta.it\/it\/io-amo-il-mare-dellumbria-da-domani-15-maggio-prende-avvio-la-nuova-campagna-promozionale-della-regione-umbria-firmata-sempre-da-armando-testa\/"},"wordCount":416,"publisher":{"@id":"https:\/\/www.armandotesta.it\/it\/#organization"},"image":{"@id":"https:\/\/www.armandotesta.it\/it\/io-amo-il-mare-dellumbria-da-domani-15-maggio-prende-avvio-la-nuova-campagna-promozionale-della-regione-umbria-firmata-sempre-da-armando-testa\/#primaryimage"},"thumbnailUrl":"https:\/\/www.armandotesta.it\/wp-content\/uploads\/2024\/06\/Umbria-PE-22-scaled.jpg","inLanguage":"it-IT"},{"@type":"WebPage","@id":"https:\/\/www.armandotesta.it\/it\/io-amo-il-mare-dellumbria-da-domani-15-maggio-prende-avvio-la-nuova-campagna-promozionale-della-regione-umbria-firmata-sempre-da-armando-testa\/","url":"https:\/\/www.armandotesta.it\/it\/io-amo-il-mare-dellumbria-da-domani-15-maggio-prende-avvio-la-nuova-campagna-promozionale-della-regione-umbria-firmata-sempre-da-armando-testa\/","name":"\u201cIo amo il mare dell\u2019Umbria\u201d: da domani 15 maggio prende avvio la nuova campagna promozionale della Regione Umbria firmata sempre da Armando Testa - Armando Testa","isPartOf":{"@id":"https:\/\/www.armandotesta.it\/it\/#website"},"primaryImageOfPage":{"@id":"https:\/\/www.armandotesta.it\/it\/io-amo-il-mare-dellumbria-da-domani-15-maggio-prende-avvio-la-nuova-campagna-promozionale-della-regione-umbria-firmata-sempre-da-armando-testa\/#primaryimage"},"image":{"@id":"https:\/\/www.armandotesta.it\/it\/io-amo-il-mare-dellumbria-da-domani-15-maggio-prende-avvio-la-nuova-campagna-promozionale-della-regione-umbria-firmata-sempre-da-armando-testa\/#primaryimage"},"thumbnailUrl":"https:\/\/www.armandotesta.it\/wp-content\/uploads\/2024\/06\/Umbria-PE-22-scaled.jpg","datePublished":"2022-05-14T16:00:16+00:00","dateModified":"2024-06-04T13:42:17+00:00","breadcrumb":{"@id":"https:\/\/www.armandotesta.it\/it\/io-amo-il-mare-dellumbria-da-domani-15-maggio-prende-avvio-la-nuova-campagna-promozionale-della-regione-umbria-firmata-sempre-da-armando-testa\/#breadcrumb"},"inLanguage":"it-IT","potentialAction":[{"@type":"ReadAction","target":["https:\/\/www.armandotesta.it\/it\/io-amo-il-mare-dellumbria-da-domani-15-maggio-prende-avvio-la-nuova-campagna-promozionale-della-regione-umbria-firmata-sempre-da-armando-testa\/"]}]},{"@type":"ImageObject","inLanguage":"it-IT","@id":"https:\/\/www.armandotesta.it\/it\/io-amo-il-mare-dellumbria-da-domani-15-maggio-prende-avvio-la-nuova-campagna-promozionale-della-regione-umbria-firmata-sempre-da-armando-testa\/#primaryimage","url":"https:\/\/www.armandotesta.it\/wp-content\/uploads\/2024\/06\/Umbria-PE-22-scaled.jpg","contentUrl":"https:\/\/www.armandotesta.it\/wp-content\/uploads\/2024\/06\/Umbria-PE-22-scaled.jpg","width":2560,"height":1810},{"@type":"BreadcrumbList","@id":"https:\/\/www.armandotesta.it\/it\/io-amo-il-mare-dellumbria-da-domani-15-maggio-prende-avvio-la-nuova-campagna-promozionale-della-regione-umbria-firmata-sempre-da-armando-testa\/#breadcrumb","itemListElement":[{"@type":"ListItem","position":1,"name":"Home","item":"https:\/\/www.armandotesta.it\/it\/"},{"@type":"ListItem","position":2,"name":"\u201cIo amo il mare dell\u2019Umbria\u201d: da domani 15 maggio prende avvio la nuova campagna promozionale della Regione Umbria firmata sempre da Armando Testa"}]},{"@type":"WebSite","@id":"https:\/\/www.armandotesta.it\/it\/#website","url":"https:\/\/www.armandotesta.it\/it\/","name":"Armando Testa","description":"","publisher":{"@id":"https:\/\/www.armandotesta.it\/it\/#organization"},"potentialAction":[{"@type":"SearchAction","target":{"@type":"EntryPoint","urlTemplate":"https:\/\/www.armandotesta.it\/it\/?s={search_term_string}"},"query-input":{"@type":"PropertyValueSpecification","valueRequired":true,"valueName":"search_term_string"}}],"inLanguage":"it-IT"},{"@type":"Organization","@id":"https:\/\/www.armandotesta.it\/it\/#organization","name":"Armando Testa","url":"https:\/\/www.armandotesta.it\/it\/","logo":{"@type":"ImageObject","inLanguage":"it-IT","@id":"https:\/\/www.armandotesta.it\/it\/#\/schema\/logo\/image\/","url":"https:\/\/www.armandotesta.it\/wp-content\/uploads\/2024\/01\/logo-at.png","contentUrl":"https:\/\/www.armandotesta.it\/wp-content\/uploads\/2024\/01\/logo-at.png","width":200,"height":200,"caption":"Armando Testa"},"image":{"@id":"https:\/\/www.armandotesta.it\/it\/#\/schema\/logo\/image\/"}},{"@type":"Person","@id":"https:\/\/www.armandotesta.it\/it\/#\/schema\/person\/46d1d2d167e5f7b857761f0d5183a848","name":"admAT","image":{"@type":"ImageObject","inLanguage":"it-IT","@id":"https:\/\/secure.gravatar.com\/avatar\/9772e708d87105ee06ea2e627102fade92688c33bb2e0083a7a18b56280f7239?s=96&d=mm&r=g","url":"https:\/\/secure.gravatar.com\/avatar\/9772e708d87105ee06ea2e627102fade92688c33bb2e0083a7a18b56280f7239?s=96&d=mm&r=g","contentUrl":"https:\/\/secure.gravatar.com\/avatar\/9772e708d87105ee06ea2e627102fade92688c33bb2e0083a7a18b56280f7239?s=96&d=mm&r=g","caption":"admAT"},"sameAs":["https:\/\/www.armandotesta.it"],"url":"https:\/\/www.armandotesta.it\/it\/author\/admat\/"}]}},"_links":{"self":[{"href":"https:\/\/www.armandotesta.it\/it\/wp-json\/wp\/v2\/posts\/24705","targetHints":{"allow":["GET"]}}],"collection":[{"href":"https:\/\/www.armandotesta.it\/it\/wp-json\/wp\/v2\/posts"}],"about":[{"href":"https:\/\/www.armandotesta.it\/it\/wp-json\/wp\/v2\/types\/post"}],"author":[{"embeddable":true,"href":"https:\/\/www.armandotesta.it\/it\/wp-json\/wp\/v2\/users\/1"}],"replies":[{"embeddable":true,"href":"https:\/\/www.armandotesta.it\/it\/wp-json\/wp\/v2\/comments?post=24705"}],"version-history":[{"count":1,"href":"https:\/\/www.armandotesta.it\/it\/wp-json\/wp\/v2\/posts\/24705\/revisions"}],"predecessor-version":[{"id":25663,"href":"https:\/\/www.armandotesta.it\/it\/wp-json\/wp\/v2\/posts\/24705\/revisions\/25663"}],"wp:featuredmedia":[{"embeddable":true,"href":"https:\/\/www.armandotesta.it\/it\/wp-json\/wp\/v2\/media\/20537"}],"wp:attachment":[{"href":"https:\/\/www.armandotesta.it\/it\/wp-json\/wp\/v2\/media?parent=24705"}],"wp:term":[{"taxonomy":"category","embeddable":true,"href":"https:\/\/www.armandotesta.it\/it\/wp-json\/wp\/v2\/categories?post=24705"},{"taxonomy":"post_tag","embeddable":true,"href":"https:\/\/www.armandotesta.it\/it\/wp-json\/wp\/v2\/tags?post=24705"}],"curies":[{"name":"wp","href":"https:\/\/api.w.org\/{rel}","templated":true}]}}