{"id":24703,"date":"2022-05-05T11:03:29","date_gmt":"2022-05-05T09:03:29","guid":{"rendered":"https:\/\/www.armandotesta.it\/lines-specialist-e-armando-testa-lanciano-derma-protection-con-la-forza-di-una-carezza\/"},"modified":"2024-06-04T15:42:16","modified_gmt":"2024-06-04T13:42:16","slug":"lines-specialist-e-armando-testa-lanciano-derma-protection-con-la-forza-di-una-carezza","status":"publish","type":"post","link":"https:\/\/www.armandotesta.it\/it\/lines-specialist-e-armando-testa-lanciano-derma-protection-con-la-forza-di-una-carezza\/","title":{"rendered":"Lines Specialist e Armando Testa lanciano Derma Protection con la forza di una carezza"},"content":{"rendered":"\n<p>Lines Specialist, da sempre impegnato ad offrire alle persone incontinenti massima assorbenza, comfort e discrezione, oggi si spinge verso la soddisfazione di un nuovo bisogno, quello di benessere e salute della pelle. Lo fa con Lines Specialist Derma Protection, la prima e unica gamma completa di protezioni per l\u2019urina arricchita con crema con ossido di zinco, particolarmente adatta alle pelli pi\u00f9 delicate, grazie alla sua azione protettiva e lenitiva.<\/p>\n\n\n\n<p>Per il lancio della nuova linea Derma Protection, esclusivamente dedicata al canale farmacia, Lines si affida alla creativit\u00e0 del Gruppo Armando Testa.<\/p>\n\n\n\n<p>L\u2019idea creativa \u00e8 costruita in ogni sua parte su un gesto delicato ma al contempo protettivo, la carezza. A partire dall\u2019insight dove la protagonista, una donna incontinente, mamma di una giovane donna e nonna di una bellissima bambina di pochi mesi, ci fa riflettere su un tema particolarmente significativo per le persone di una certa et\u00e0: il bisogno di sentirsi amati e protetti. Il dare e ricevere carezze tra le donne di tre generazioni diverse mette in evidenza quanto la cura e i gesti di protezione siano importanti per sentirsi amati e protetti a qualsiasi et\u00e0 e vivere in maniera serena e gioiosa ogni momento della propria vita. La stessa cura e protezione che la nuova linea Lines Specialist Derma Protection riserva alla pelle pi\u00f9 delicata.<\/p>\n\n\n\n<p>Quello della carezza \u00e8 un simbolo forte e memorabile che viene espresso anche visivamente per creare il nuovo logo Derma Protection, fatto appunto da una carezza di crema. E ci accompagna anche nella demo dove le novit\u00e0 di prodotto, la crema con ossido di zinco e le nuove ali elasticizzate pi\u00f9 avvolgenti, si prendono cura dei bisogni della pelle proprio come farebbe una carezza.<\/p>\n\n\n\n<p>Il filmato nel formato da 20\u201d \u00e8 on air sulle principali emittenti televisive. Dalla met\u00e0 di maggio la creativit\u00e0 sar\u00e0 veicolata attraverso una campagna ooh sui mezzi pubblici delle principali citt\u00e0 italiane e con video proiettati all\u2019interno delle migliori farmacie.<\/p>\n\n\n\n<p>La produzione \u00e8 a cura di Mercurio Production Hub e la post produzione di Edi. La&nbsp;pianificazione \u00e8 di Media Italia.<\/p>\n\n\n\n<p><strong>Credits<\/strong><\/p>\n\n\n\n<p>Team Marketing Fater \u2013&nbsp;Lines<\/p>\n\n\n\n<p>General Manager: Antonio Fazzari<\/p>\n\n\n\n<p>Associate Marketing Director: Ione Volpe<\/p>\n\n\n\n<p>Marketing Manager: Lina D&#8217;Alberto<\/p>\n\n\n\n<p>Brand Manager: Ivana Papadia&nbsp;&nbsp;&nbsp;&nbsp;&nbsp;&nbsp;&nbsp;&nbsp;&nbsp;&nbsp;&nbsp;&nbsp;&nbsp;&nbsp;&nbsp;&nbsp;&nbsp;&nbsp;&nbsp;&nbsp;&nbsp;&nbsp;<\/p>\n\n\n\n<p>&nbsp;Agenzia: Armando Testa<\/p>\n\n\n\n<p>Direttori Creativi Esecutivi: Georgia Ferraro, Nicola Cellemme<\/p>\n\n\n\n<p>Team Creativo: Cristina Macchi, Chiara Demichelis<\/p>\n\n\n\n<p>Team Account: Raffaele Reinerio, Cristina Omenetto, Arianna Cipolloni<\/p>\n\n\n\n<p>Casa di produzione<\/p>\n\n\n\n<p>Cdp: Mercurio Production Hub<\/p>\n\n\n\n<p>Regia: Cinzia Pedrizzetti<\/p>\n\n\n\n<p>Centro Media: Media Italia&nbsp;&nbsp;<\/p>\n\n\n\n<ul class=\"wp-block-gallery columns-2 is-cropped wp-block-gallery-1 is-layout-flex wp-block-gallery-is-layout-flex\"><li class=\"blocks-gallery-item\"><figure><img decoding=\"async\" src=\"https:\/\/newsroom.armandotesta.it\/wp-content\/uploads\/2022\/05\/03-1024x576.png\" alt=\"\" data-id=\"5722\" data-link=\"https:\/\/newsroom.armandotesta.it\/it\/?attachment_id=5722\" class=\"wp-image-5722\"\/><\/figure><\/li><li class=\"blocks-gallery-item\"><figure><img decoding=\"async\" src=\"https:\/\/newsroom.armandotesta.it\/wp-content\/uploads\/2022\/05\/01-1024x576.png\" alt=\"\" data-id=\"5723\" data-link=\"https:\/\/newsroom.armandotesta.it\/it\/?attachment_id=5723\" class=\"wp-image-5723\"\/><\/figure><\/li><\/ul>\n\n\n\n<figure class=\"wp-block-embed-youtube wp-block-embed is-type-video is-provider-youtube wp-embed-aspect-16-9 wp-has-aspect-ratio\"><div class=\"wp-block-embed__wrapper\">\n<iframe loading=\"lazy\" title=\"Lines Specialist Dermacare Protection Carezza\" width=\"500\" height=\"281\" src=\"https:\/\/www.youtube.com\/embed\/3gtGmPiq67w?feature=oembed\" frameborder=\"0\" allow=\"accelerometer; autoplay; clipboard-write; encrypted-media; gyroscope; picture-in-picture; web-share\" referrerpolicy=\"strict-origin-when-cross-origin\" allowfullscreen><\/iframe>\n<\/div><\/figure>\n","protected":false},"excerpt":{"rendered":"<p>Lines Specialist, da sempre impegnato ad offrire alle persone incontinenti massima assorbenza, comfort e discrezione, oggi si spinge verso la soddisfazione di un nuovo bisogno, quello di benessere e salute della pelle. Lo fa con Lines Specialist Derma Protection, la prima e unica gamma completa di protezioni per l\u2019urina arricchita con crema con ossido di [&hellip;]<\/p>\n","protected":false},"author":1,"featured_media":20530,"comment_status":"closed","ping_status":"closed","sticky":false,"template":"","format":"standard","meta":{"_acf_changed":false,"inline_featured_image":false,"footnotes":""},"categories":[],"tags":[],"class_list":["post-24703","post","type-post","status-publish","format-standard","has-post-thumbnail","hentry"],"acf":false,"yoast_head":"<!-- This site is optimized with the Yoast SEO plugin v27.5 - https:\/\/yoast.com\/product\/yoast-seo-wordpress\/ -->\n<title>Lines Specialist e Armando Testa lanciano Derma Protection con la forza di una carezza - Armando Testa<\/title>\n<meta name=\"robots\" content=\"index, follow, max-snippet:-1, max-image-preview:large, max-video-preview:-1\" \/>\n<link rel=\"canonical\" href=\"https:\/\/www.armandotesta.it\/it\/lines-specialist-e-armando-testa-lanciano-derma-protection-con-la-forza-di-una-carezza\/\" \/>\n<meta property=\"og:locale\" content=\"it_IT\" \/>\n<meta property=\"og:type\" content=\"article\" \/>\n<meta property=\"og:title\" content=\"Lines Specialist e Armando Testa lanciano Derma Protection con la forza di una carezza - Armando Testa\" \/>\n<meta property=\"og:description\" content=\"Lines Specialist, da sempre impegnato ad offrire alle persone incontinenti massima assorbenza, comfort e discrezione, oggi si spinge verso la soddisfazione di un nuovo bisogno, quello di benessere e salute della pelle. Lo fa con Lines Specialist Derma Protection, la prima e unica gamma completa di protezioni per l\u2019urina arricchita con crema con ossido di [&hellip;]\" \/>\n<meta property=\"og:url\" content=\"https:\/\/www.armandotesta.it\/it\/lines-specialist-e-armando-testa-lanciano-derma-protection-con-la-forza-di-una-carezza\/\" \/>\n<meta property=\"og:site_name\" content=\"Armando Testa\" \/>\n<meta property=\"article:published_time\" content=\"2022-05-05T09:03:29+00:00\" \/>\n<meta property=\"article:modified_time\" content=\"2024-06-04T13:42:16+00:00\" \/>\n<meta property=\"og:image\" content=\"https:\/\/www.armandotesta.it\/wp-content\/uploads\/2024\/06\/01-1024x576.png\" \/>\n\t<meta property=\"og:image:width\" content=\"1024\" \/>\n\t<meta property=\"og:image:height\" content=\"576\" \/>\n\t<meta property=\"og:image:type\" content=\"image\/png\" \/>\n<meta name=\"author\" content=\"admAT\" \/>\n<meta name=\"twitter:card\" content=\"summary_large_image\" \/>\n<meta name=\"twitter:label1\" content=\"Scritto da\" \/>\n\t<meta name=\"twitter:data1\" content=\"admAT\" \/>\n\t<meta name=\"twitter:label2\" content=\"Tempo di lettura stimato\" \/>\n\t<meta name=\"twitter:data2\" content=\"2 minuti\" \/>\n<script type=\"application\/ld+json\" class=\"yoast-schema-graph\">{\"@context\":\"https:\\\/\\\/schema.org\",\"@graph\":[{\"@type\":\"Article\",\"@id\":\"https:\\\/\\\/www.armandotesta.it\\\/it\\\/lines-specialist-e-armando-testa-lanciano-derma-protection-con-la-forza-di-una-carezza\\\/#article\",\"isPartOf\":{\"@id\":\"https:\\\/\\\/www.armandotesta.it\\\/it\\\/lines-specialist-e-armando-testa-lanciano-derma-protection-con-la-forza-di-una-carezza\\\/\"},\"author\":{\"name\":\"admAT\",\"@id\":\"https:\\\/\\\/www.armandotesta.it\\\/it\\\/#\\\/schema\\\/person\\\/46d1d2d167e5f7b857761f0d5183a848\"},\"headline\":\"Lines Specialist e Armando Testa lanciano Derma Protection con la forza di una carezza\",\"datePublished\":\"2022-05-05T09:03:29+00:00\",\"dateModified\":\"2024-06-04T13:42:16+00:00\",\"mainEntityOfPage\":{\"@id\":\"https:\\\/\\\/www.armandotesta.it\\\/it\\\/lines-specialist-e-armando-testa-lanciano-derma-protection-con-la-forza-di-una-carezza\\\/\"},\"wordCount\":447,\"publisher\":{\"@id\":\"https:\\\/\\\/www.armandotesta.it\\\/it\\\/#organization\"},\"image\":{\"@id\":\"https:\\\/\\\/www.armandotesta.it\\\/it\\\/lines-specialist-e-armando-testa-lanciano-derma-protection-con-la-forza-di-una-carezza\\\/#primaryimage\"},\"thumbnailUrl\":\"https:\\\/\\\/www.armandotesta.it\\\/wp-content\\\/uploads\\\/2024\\\/06\\\/01.png\",\"inLanguage\":\"it-IT\"},{\"@type\":\"WebPage\",\"@id\":\"https:\\\/\\\/www.armandotesta.it\\\/it\\\/lines-specialist-e-armando-testa-lanciano-derma-protection-con-la-forza-di-una-carezza\\\/\",\"url\":\"https:\\\/\\\/www.armandotesta.it\\\/it\\\/lines-specialist-e-armando-testa-lanciano-derma-protection-con-la-forza-di-una-carezza\\\/\",\"name\":\"Lines Specialist e Armando Testa lanciano Derma Protection con la forza di una carezza - Armando Testa\",\"isPartOf\":{\"@id\":\"https:\\\/\\\/www.armandotesta.it\\\/it\\\/#website\"},\"primaryImageOfPage\":{\"@id\":\"https:\\\/\\\/www.armandotesta.it\\\/it\\\/lines-specialist-e-armando-testa-lanciano-derma-protection-con-la-forza-di-una-carezza\\\/#primaryimage\"},\"image\":{\"@id\":\"https:\\\/\\\/www.armandotesta.it\\\/it\\\/lines-specialist-e-armando-testa-lanciano-derma-protection-con-la-forza-di-una-carezza\\\/#primaryimage\"},\"thumbnailUrl\":\"https:\\\/\\\/www.armandotesta.it\\\/wp-content\\\/uploads\\\/2024\\\/06\\\/01.png\",\"datePublished\":\"2022-05-05T09:03:29+00:00\",\"dateModified\":\"2024-06-04T13:42:16+00:00\",\"breadcrumb\":{\"@id\":\"https:\\\/\\\/www.armandotesta.it\\\/it\\\/lines-specialist-e-armando-testa-lanciano-derma-protection-con-la-forza-di-una-carezza\\\/#breadcrumb\"},\"inLanguage\":\"it-IT\",\"potentialAction\":[{\"@type\":\"ReadAction\",\"target\":[\"https:\\\/\\\/www.armandotesta.it\\\/it\\\/lines-specialist-e-armando-testa-lanciano-derma-protection-con-la-forza-di-una-carezza\\\/\"]}]},{\"@type\":\"ImageObject\",\"inLanguage\":\"it-IT\",\"@id\":\"https:\\\/\\\/www.armandotesta.it\\\/it\\\/lines-specialist-e-armando-testa-lanciano-derma-protection-con-la-forza-di-una-carezza\\\/#primaryimage\",\"url\":\"https:\\\/\\\/www.armandotesta.it\\\/wp-content\\\/uploads\\\/2024\\\/06\\\/01.png\",\"contentUrl\":\"https:\\\/\\\/www.armandotesta.it\\\/wp-content\\\/uploads\\\/2024\\\/06\\\/01.png\",\"width\":1920,\"height\":1080},{\"@type\":\"BreadcrumbList\",\"@id\":\"https:\\\/\\\/www.armandotesta.it\\\/it\\\/lines-specialist-e-armando-testa-lanciano-derma-protection-con-la-forza-di-una-carezza\\\/#breadcrumb\",\"itemListElement\":[{\"@type\":\"ListItem\",\"position\":1,\"name\":\"Home\",\"item\":\"https:\\\/\\\/www.armandotesta.it\\\/it\\\/\"},{\"@type\":\"ListItem\",\"position\":2,\"name\":\"Lines Specialist e Armando Testa lanciano Derma Protection con la forza di una carezza\"}]},{\"@type\":\"WebSite\",\"@id\":\"https:\\\/\\\/www.armandotesta.it\\\/it\\\/#website\",\"url\":\"https:\\\/\\\/www.armandotesta.it\\\/it\\\/\",\"name\":\"Armando Testa\",\"description\":\"\",\"publisher\":{\"@id\":\"https:\\\/\\\/www.armandotesta.it\\\/it\\\/#organization\"},\"potentialAction\":[{\"@type\":\"SearchAction\",\"target\":{\"@type\":\"EntryPoint\",\"urlTemplate\":\"https:\\\/\\\/www.armandotesta.it\\\/it\\\/?s={search_term_string}\"},\"query-input\":{\"@type\":\"PropertyValueSpecification\",\"valueRequired\":true,\"valueName\":\"search_term_string\"}}],\"inLanguage\":\"it-IT\"},{\"@type\":\"Organization\",\"@id\":\"https:\\\/\\\/www.armandotesta.it\\\/it\\\/#organization\",\"name\":\"Armando Testa\",\"url\":\"https:\\\/\\\/www.armandotesta.it\\\/it\\\/\",\"logo\":{\"@type\":\"ImageObject\",\"inLanguage\":\"it-IT\",\"@id\":\"https:\\\/\\\/www.armandotesta.it\\\/it\\\/#\\\/schema\\\/logo\\\/image\\\/\",\"url\":\"https:\\\/\\\/www.armandotesta.it\\\/wp-content\\\/uploads\\\/2024\\\/01\\\/logo-at.png\",\"contentUrl\":\"https:\\\/\\\/www.armandotesta.it\\\/wp-content\\\/uploads\\\/2024\\\/01\\\/logo-at.png\",\"width\":200,\"height\":200,\"caption\":\"Armando Testa\"},\"image\":{\"@id\":\"https:\\\/\\\/www.armandotesta.it\\\/it\\\/#\\\/schema\\\/logo\\\/image\\\/\"}},{\"@type\":\"Person\",\"@id\":\"https:\\\/\\\/www.armandotesta.it\\\/it\\\/#\\\/schema\\\/person\\\/46d1d2d167e5f7b857761f0d5183a848\",\"name\":\"admAT\",\"image\":{\"@type\":\"ImageObject\",\"inLanguage\":\"it-IT\",\"@id\":\"https:\\\/\\\/secure.gravatar.com\\\/avatar\\\/9772e708d87105ee06ea2e627102fade92688c33bb2e0083a7a18b56280f7239?s=96&d=mm&r=g\",\"url\":\"https:\\\/\\\/secure.gravatar.com\\\/avatar\\\/9772e708d87105ee06ea2e627102fade92688c33bb2e0083a7a18b56280f7239?s=96&d=mm&r=g\",\"contentUrl\":\"https:\\\/\\\/secure.gravatar.com\\\/avatar\\\/9772e708d87105ee06ea2e627102fade92688c33bb2e0083a7a18b56280f7239?s=96&d=mm&r=g\",\"caption\":\"admAT\"},\"sameAs\":[\"https:\\\/\\\/www.armandotesta.it\"],\"url\":\"https:\\\/\\\/www.armandotesta.it\\\/it\\\/author\\\/admat\\\/\"}]}<\/script>\n<!-- \/ Yoast SEO plugin. -->","yoast_head_json":{"title":"Lines Specialist e Armando Testa lanciano Derma Protection con la forza di una carezza - Armando Testa","robots":{"index":"index","follow":"follow","max-snippet":"max-snippet:-1","max-image-preview":"max-image-preview:large","max-video-preview":"max-video-preview:-1"},"canonical":"https:\/\/www.armandotesta.it\/it\/lines-specialist-e-armando-testa-lanciano-derma-protection-con-la-forza-di-una-carezza\/","og_locale":"it_IT","og_type":"article","og_title":"Lines Specialist e Armando Testa lanciano Derma Protection con la forza di una carezza - Armando Testa","og_description":"Lines Specialist, da sempre impegnato ad offrire alle persone incontinenti massima assorbenza, comfort e discrezione, oggi si spinge verso la soddisfazione di un nuovo bisogno, quello di benessere e salute della pelle. Lo fa con Lines Specialist Derma Protection, la prima e unica gamma completa di protezioni per l\u2019urina arricchita con crema con ossido di [&hellip;]","og_url":"https:\/\/www.armandotesta.it\/it\/lines-specialist-e-armando-testa-lanciano-derma-protection-con-la-forza-di-una-carezza\/","og_site_name":"Armando Testa","article_published_time":"2022-05-05T09:03:29+00:00","article_modified_time":"2024-06-04T13:42:16+00:00","og_image":[{"width":1024,"height":576,"url":"https:\/\/www.armandotesta.it\/wp-content\/uploads\/2024\/06\/01-1024x576.png","type":"image\/png"}],"author":"admAT","twitter_card":"summary_large_image","twitter_misc":{"Scritto da":"admAT","Tempo di lettura stimato":"2 minuti"},"schema":{"@context":"https:\/\/schema.org","@graph":[{"@type":"Article","@id":"https:\/\/www.armandotesta.it\/it\/lines-specialist-e-armando-testa-lanciano-derma-protection-con-la-forza-di-una-carezza\/#article","isPartOf":{"@id":"https:\/\/www.armandotesta.it\/it\/lines-specialist-e-armando-testa-lanciano-derma-protection-con-la-forza-di-una-carezza\/"},"author":{"name":"admAT","@id":"https:\/\/www.armandotesta.it\/it\/#\/schema\/person\/46d1d2d167e5f7b857761f0d5183a848"},"headline":"Lines Specialist e Armando Testa lanciano Derma Protection con la forza di una carezza","datePublished":"2022-05-05T09:03:29+00:00","dateModified":"2024-06-04T13:42:16+00:00","mainEntityOfPage":{"@id":"https:\/\/www.armandotesta.it\/it\/lines-specialist-e-armando-testa-lanciano-derma-protection-con-la-forza-di-una-carezza\/"},"wordCount":447,"publisher":{"@id":"https:\/\/www.armandotesta.it\/it\/#organization"},"image":{"@id":"https:\/\/www.armandotesta.it\/it\/lines-specialist-e-armando-testa-lanciano-derma-protection-con-la-forza-di-una-carezza\/#primaryimage"},"thumbnailUrl":"https:\/\/www.armandotesta.it\/wp-content\/uploads\/2024\/06\/01.png","inLanguage":"it-IT"},{"@type":"WebPage","@id":"https:\/\/www.armandotesta.it\/it\/lines-specialist-e-armando-testa-lanciano-derma-protection-con-la-forza-di-una-carezza\/","url":"https:\/\/www.armandotesta.it\/it\/lines-specialist-e-armando-testa-lanciano-derma-protection-con-la-forza-di-una-carezza\/","name":"Lines Specialist e Armando Testa lanciano Derma Protection con la forza di una carezza - Armando Testa","isPartOf":{"@id":"https:\/\/www.armandotesta.it\/it\/#website"},"primaryImageOfPage":{"@id":"https:\/\/www.armandotesta.it\/it\/lines-specialist-e-armando-testa-lanciano-derma-protection-con-la-forza-di-una-carezza\/#primaryimage"},"image":{"@id":"https:\/\/www.armandotesta.it\/it\/lines-specialist-e-armando-testa-lanciano-derma-protection-con-la-forza-di-una-carezza\/#primaryimage"},"thumbnailUrl":"https:\/\/www.armandotesta.it\/wp-content\/uploads\/2024\/06\/01.png","datePublished":"2022-05-05T09:03:29+00:00","dateModified":"2024-06-04T13:42:16+00:00","breadcrumb":{"@id":"https:\/\/www.armandotesta.it\/it\/lines-specialist-e-armando-testa-lanciano-derma-protection-con-la-forza-di-una-carezza\/#breadcrumb"},"inLanguage":"it-IT","potentialAction":[{"@type":"ReadAction","target":["https:\/\/www.armandotesta.it\/it\/lines-specialist-e-armando-testa-lanciano-derma-protection-con-la-forza-di-una-carezza\/"]}]},{"@type":"ImageObject","inLanguage":"it-IT","@id":"https:\/\/www.armandotesta.it\/it\/lines-specialist-e-armando-testa-lanciano-derma-protection-con-la-forza-di-una-carezza\/#primaryimage","url":"https:\/\/www.armandotesta.it\/wp-content\/uploads\/2024\/06\/01.png","contentUrl":"https:\/\/www.armandotesta.it\/wp-content\/uploads\/2024\/06\/01.png","width":1920,"height":1080},{"@type":"BreadcrumbList","@id":"https:\/\/www.armandotesta.it\/it\/lines-specialist-e-armando-testa-lanciano-derma-protection-con-la-forza-di-una-carezza\/#breadcrumb","itemListElement":[{"@type":"ListItem","position":1,"name":"Home","item":"https:\/\/www.armandotesta.it\/it\/"},{"@type":"ListItem","position":2,"name":"Lines Specialist e Armando Testa lanciano Derma Protection con la forza di una carezza"}]},{"@type":"WebSite","@id":"https:\/\/www.armandotesta.it\/it\/#website","url":"https:\/\/www.armandotesta.it\/it\/","name":"Armando Testa","description":"","publisher":{"@id":"https:\/\/www.armandotesta.it\/it\/#organization"},"potentialAction":[{"@type":"SearchAction","target":{"@type":"EntryPoint","urlTemplate":"https:\/\/www.armandotesta.it\/it\/?s={search_term_string}"},"query-input":{"@type":"PropertyValueSpecification","valueRequired":true,"valueName":"search_term_string"}}],"inLanguage":"it-IT"},{"@type":"Organization","@id":"https:\/\/www.armandotesta.it\/it\/#organization","name":"Armando Testa","url":"https:\/\/www.armandotesta.it\/it\/","logo":{"@type":"ImageObject","inLanguage":"it-IT","@id":"https:\/\/www.armandotesta.it\/it\/#\/schema\/logo\/image\/","url":"https:\/\/www.armandotesta.it\/wp-content\/uploads\/2024\/01\/logo-at.png","contentUrl":"https:\/\/www.armandotesta.it\/wp-content\/uploads\/2024\/01\/logo-at.png","width":200,"height":200,"caption":"Armando Testa"},"image":{"@id":"https:\/\/www.armandotesta.it\/it\/#\/schema\/logo\/image\/"}},{"@type":"Person","@id":"https:\/\/www.armandotesta.it\/it\/#\/schema\/person\/46d1d2d167e5f7b857761f0d5183a848","name":"admAT","image":{"@type":"ImageObject","inLanguage":"it-IT","@id":"https:\/\/secure.gravatar.com\/avatar\/9772e708d87105ee06ea2e627102fade92688c33bb2e0083a7a18b56280f7239?s=96&d=mm&r=g","url":"https:\/\/secure.gravatar.com\/avatar\/9772e708d87105ee06ea2e627102fade92688c33bb2e0083a7a18b56280f7239?s=96&d=mm&r=g","contentUrl":"https:\/\/secure.gravatar.com\/avatar\/9772e708d87105ee06ea2e627102fade92688c33bb2e0083a7a18b56280f7239?s=96&d=mm&r=g","caption":"admAT"},"sameAs":["https:\/\/www.armandotesta.it"],"url":"https:\/\/www.armandotesta.it\/it\/author\/admat\/"}]}},"_links":{"self":[{"href":"https:\/\/www.armandotesta.it\/it\/wp-json\/wp\/v2\/posts\/24703","targetHints":{"allow":["GET"]}}],"collection":[{"href":"https:\/\/www.armandotesta.it\/it\/wp-json\/wp\/v2\/posts"}],"about":[{"href":"https:\/\/www.armandotesta.it\/it\/wp-json\/wp\/v2\/types\/post"}],"author":[{"embeddable":true,"href":"https:\/\/www.armandotesta.it\/it\/wp-json\/wp\/v2\/users\/1"}],"replies":[{"embeddable":true,"href":"https:\/\/www.armandotesta.it\/it\/wp-json\/wp\/v2\/comments?post=24703"}],"version-history":[{"count":1,"href":"https:\/\/www.armandotesta.it\/it\/wp-json\/wp\/v2\/posts\/24703\/revisions"}],"predecessor-version":[{"id":25661,"href":"https:\/\/www.armandotesta.it\/it\/wp-json\/wp\/v2\/posts\/24703\/revisions\/25661"}],"wp:featuredmedia":[{"embeddable":true,"href":"https:\/\/www.armandotesta.it\/it\/wp-json\/wp\/v2\/media\/20530"}],"wp:attachment":[{"href":"https:\/\/www.armandotesta.it\/it\/wp-json\/wp\/v2\/media?parent=24703"}],"wp:term":[{"taxonomy":"category","embeddable":true,"href":"https:\/\/www.armandotesta.it\/it\/wp-json\/wp\/v2\/categories?post=24703"},{"taxonomy":"post_tag","embeddable":true,"href":"https:\/\/www.armandotesta.it\/it\/wp-json\/wp\/v2\/tags?post=24703"}],"curies":[{"name":"wp","href":"https:\/\/api.w.org\/{rel}","templated":true}]}}