{"id":24686,"date":"2022-03-15T15:48:01","date_gmt":"2022-03-15T14:48:01","guid":{"rendered":"https:\/\/www.armandotesta.it\/yamaha-motor-europe-e-armando-testa-presentano-neos-move-smart\/"},"modified":"2024-06-04T15:42:12","modified_gmt":"2024-06-04T13:42:12","slug":"yamaha-motor-europe-e-armando-testa-presentano-neos-move-smart","status":"publish","type":"post","link":"https:\/\/www.armandotesta.it\/it\/yamaha-motor-europe-e-armando-testa-presentano-neos-move-smart\/","title":{"rendered":"Yamaha Motor Europe e Armando Testa presentano Neo&#8217;s: Move Smart."},"content":{"rendered":"\n<p>La mobilit\u00e0 in citt\u00e0 non sar\u00e0 pi\u00f9 la stessa grazie a NEO\u2019s, il nuovo scooter elettrico Yamaha Motor Europe raccontato con grande dinamismo dall&#8217;agenzia&nbsp;<strong>Armando Testa<\/strong>.&nbsp;<\/p>\n\n\n\n<p>L\u2019idea di libert\u00e0 mista a una tecnologia altamente funzionale e sostenibile rende ogni spostamento in citt\u00e0 in sella a NEO&#8217;s un&#8217;esperienza davvero unica. Uno scooter elettrico che consente a chiunque di muoversi piacevolmente in completa agevolezza sia nel traffico del centro urbano che su strade secondarie.&nbsp;<\/p>\n\n\n\n<p>NEO\u2019s risponde perfettamente alle richieste di un target davvero ampio, che contribuisce a un importante cambiamento della mobilit\u00e0.<\/p>\n\n\n\n<p>NEO\u2019s nasce per essere smart e pratico, grazie alla batteria rimovibile facile da ricaricare e nella sua manifattura premium \u00e8 contenuto tutto il know how di Yamaha Motor Europe. Il colore delle sue rifiniture \u00e8 un color&nbsp;<em>aqua.<\/em><em><\/em><\/p>\n\n\n\n<p>Nel film seguiamo lo scooter, nelle sue due colorazioni (Milky White e Midnight Black), percorrere le strade di una citt\u00e0 europea: in sella al NEO\u2019s vediamo tre personalit\u00e0 diverse che si alternano ed interiorizzano gli elementi di naturalit\u00e0 (<em>easy<\/em>), connettivit\u00e0 (smart) e design (cool). Si susseguono&nbsp;<em>in<\/em>&nbsp;e&nbsp;<em>out,&nbsp;<\/em>tra un riding dinamico ed emozioni interiori, le personalit\u00e0 dei&nbsp;<em>rider<\/em>&nbsp;rappresentate da tre limbo colorati che, alla fine, si uniscono cos\u00ec come i tre protagonisti.<\/p>\n\n\n\n<p>La video strategy chiude con il claim&nbsp;\u201cMove Smart\u201d ed \u00e8 firmata interamente da&nbsp;<strong>Armando Testa<\/strong>&nbsp;insieme alla casa di produzione Little Bull Studios.<\/p>\n\n\n\n<p><strong>CREDITS<\/strong><strong><\/strong><\/p>\n\n\n\n<p>Cliente: Yamaha Motor Europe<\/p>\n\n\n\n<p>Agenzia: Gruppo Armando Testa<\/p>\n\n\n\n<p>Direzione creativa esecutiva: Nicola Cellemme e Georgia Ferraro<\/p>\n\n\n\n<p>Creative supervisor: S\u00e9bastien Sardet<\/p>\n\n\n\n<p>Team creativo: Marcello Maiorana e Mariacarmen Ranieri<\/p>\n\n\n\n<p>Client service team: Sascha van der Plas e Martina Conterio<\/p>\n\n\n\n<p>Cdp: Little Bull Studios<\/p>\n\n\n\n<p>Director: Luca Grafner<\/p>\n\n\n\n<p>Dop: Stefano Morcaldo<\/p>\n\n\n\n<p>Color correction e post production: BAND<\/p>\n\n\n\n<p>Fotografo: Marco Campelli&nbsp;<\/p>\n\n\n\n<p>Post-produzione foto: Riccardo Corda e Sara Lucchetta<\/p>\n\n\n\n<p>Music: Guido Smider<\/p>\n\n\n\n<ul class=\"wp-block-gallery columns-1 is-cropped wp-block-gallery-1 is-layout-flex wp-block-gallery-is-layout-flex\"><li class=\"blocks-gallery-item\"><figure><img decoding=\"async\" src=\"https:\/\/newsroom.armandotesta.it\/wp-content\/uploads\/2022\/03\/YAM_WebKeyvisual_NEOs.jpeg\" alt=\"\" data-id=\"5667\" data-link=\"https:\/\/newsroom.armandotesta.it\/it\/?attachment_id=5667\" class=\"wp-image-5667\"\/><\/figure><\/li><\/ul>\n\n\n\n<figure class=\"wp-block-embed-youtube wp-block-embed is-type-video is-provider-youtube wp-embed-aspect-16-9 wp-has-aspect-ratio\"><div class=\"wp-block-embed__wrapper\">\n<iframe loading=\"lazy\" title=\"2022 Yamaha NEO\u2019s electric scooter. Move Smart\" width=\"500\" height=\"281\" src=\"https:\/\/www.youtube.com\/embed\/Mys-DOSVy64?feature=oembed\" frameborder=\"0\" allow=\"accelerometer; autoplay; clipboard-write; encrypted-media; gyroscope; picture-in-picture; web-share\" referrerpolicy=\"strict-origin-when-cross-origin\" allowfullscreen><\/iframe>\n<\/div><\/figure>\n","protected":false},"excerpt":{"rendered":"<p>La mobilit\u00e0 in citt\u00e0 non sar\u00e0 pi\u00f9 la stessa grazie a NEO\u2019s, il nuovo scooter elettrico Yamaha Motor Europe raccontato con grande dinamismo dall&#8217;agenzia&nbsp;Armando Testa.&nbsp; L\u2019idea di libert\u00e0 mista a una tecnologia altamente funzionale e sostenibile rende ogni spostamento in citt\u00e0 in sella a NEO&#8217;s un&#8217;esperienza davvero unica. Uno scooter elettrico che consente a chiunque [&hellip;]<\/p>\n","protected":false},"author":1,"featured_media":20522,"comment_status":"closed","ping_status":"closed","sticky":false,"template":"","format":"standard","meta":{"_acf_changed":false,"inline_featured_image":false,"footnotes":""},"categories":[],"tags":[],"class_list":["post-24686","post","type-post","status-publish","format-standard","has-post-thumbnail","hentry"],"acf":false,"yoast_head":"<!-- This site is optimized with the Yoast SEO plugin v27.5 - https:\/\/yoast.com\/product\/yoast-seo-wordpress\/ -->\n<title>Yamaha Motor Europe e Armando Testa presentano Neo&#039;s: Move Smart. - Armando Testa<\/title>\n<meta name=\"robots\" content=\"index, follow, max-snippet:-1, max-image-preview:large, max-video-preview:-1\" \/>\n<link rel=\"canonical\" href=\"https:\/\/www.armandotesta.it\/it\/yamaha-motor-europe-e-armando-testa-presentano-neos-move-smart\/\" \/>\n<meta property=\"og:locale\" content=\"it_IT\" \/>\n<meta property=\"og:type\" content=\"article\" \/>\n<meta property=\"og:title\" content=\"Yamaha Motor Europe e Armando Testa presentano Neo&#039;s: Move Smart. - Armando Testa\" \/>\n<meta property=\"og:description\" content=\"La mobilit\u00e0 in citt\u00e0 non sar\u00e0 pi\u00f9 la stessa grazie a NEO\u2019s, il nuovo scooter elettrico Yamaha Motor Europe raccontato con grande dinamismo dall&#8217;agenzia&nbsp;Armando Testa.&nbsp; L\u2019idea di libert\u00e0 mista a una tecnologia altamente funzionale e sostenibile rende ogni spostamento in citt\u00e0 in sella a NEO&#8217;s un&#8217;esperienza davvero unica. Uno scooter elettrico che consente a chiunque [&hellip;]\" \/>\n<meta property=\"og:url\" content=\"https:\/\/www.armandotesta.it\/it\/yamaha-motor-europe-e-armando-testa-presentano-neos-move-smart\/\" \/>\n<meta property=\"og:site_name\" content=\"Armando Testa\" \/>\n<meta property=\"article:published_time\" content=\"2022-03-15T14:48:01+00:00\" \/>\n<meta property=\"article:modified_time\" content=\"2024-06-04T13:42:12+00:00\" \/>\n<meta property=\"og:image\" content=\"https:\/\/www.armandotesta.it\/wp-content\/uploads\/2024\/06\/YAM_WebKeyvisual_NEOs.jpeg\" \/>\n\t<meta property=\"og:image:width\" content=\"641\" \/>\n\t<meta property=\"og:image:height\" content=\"343\" \/>\n\t<meta property=\"og:image:type\" content=\"image\/jpeg\" \/>\n<meta name=\"author\" content=\"admAT\" \/>\n<meta name=\"twitter:card\" content=\"summary_large_image\" \/>\n<meta name=\"twitter:label1\" content=\"Scritto da\" \/>\n\t<meta name=\"twitter:data1\" content=\"admAT\" \/>\n\t<meta name=\"twitter:label2\" content=\"Tempo di lettura stimato\" \/>\n\t<meta name=\"twitter:data2\" content=\"2 minuti\" \/>\n<script type=\"application\/ld+json\" class=\"yoast-schema-graph\">{\"@context\":\"https:\\\/\\\/schema.org\",\"@graph\":[{\"@type\":\"Article\",\"@id\":\"https:\\\/\\\/www.armandotesta.it\\\/it\\\/yamaha-motor-europe-e-armando-testa-presentano-neos-move-smart\\\/#article\",\"isPartOf\":{\"@id\":\"https:\\\/\\\/www.armandotesta.it\\\/it\\\/yamaha-motor-europe-e-armando-testa-presentano-neos-move-smart\\\/\"},\"author\":{\"name\":\"admAT\",\"@id\":\"https:\\\/\\\/www.armandotesta.it\\\/it\\\/#\\\/schema\\\/person\\\/46d1d2d167e5f7b857761f0d5183a848\"},\"headline\":\"Yamaha Motor Europe e Armando Testa presentano Neo&#8217;s: Move Smart.\",\"datePublished\":\"2022-03-15T14:48:01+00:00\",\"dateModified\":\"2024-06-04T13:42:12+00:00\",\"mainEntityOfPage\":{\"@id\":\"https:\\\/\\\/www.armandotesta.it\\\/it\\\/yamaha-motor-europe-e-armando-testa-presentano-neos-move-smart\\\/\"},\"wordCount\":332,\"publisher\":{\"@id\":\"https:\\\/\\\/www.armandotesta.it\\\/it\\\/#organization\"},\"image\":{\"@id\":\"https:\\\/\\\/www.armandotesta.it\\\/it\\\/yamaha-motor-europe-e-armando-testa-presentano-neos-move-smart\\\/#primaryimage\"},\"thumbnailUrl\":\"https:\\\/\\\/www.armandotesta.it\\\/wp-content\\\/uploads\\\/2024\\\/06\\\/YAM_WebKeyvisual_NEOs.jpeg\",\"inLanguage\":\"it-IT\"},{\"@type\":\"WebPage\",\"@id\":\"https:\\\/\\\/www.armandotesta.it\\\/it\\\/yamaha-motor-europe-e-armando-testa-presentano-neos-move-smart\\\/\",\"url\":\"https:\\\/\\\/www.armandotesta.it\\\/it\\\/yamaha-motor-europe-e-armando-testa-presentano-neos-move-smart\\\/\",\"name\":\"Yamaha Motor Europe e Armando Testa presentano Neo's: Move Smart. - Armando Testa\",\"isPartOf\":{\"@id\":\"https:\\\/\\\/www.armandotesta.it\\\/it\\\/#website\"},\"primaryImageOfPage\":{\"@id\":\"https:\\\/\\\/www.armandotesta.it\\\/it\\\/yamaha-motor-europe-e-armando-testa-presentano-neos-move-smart\\\/#primaryimage\"},\"image\":{\"@id\":\"https:\\\/\\\/www.armandotesta.it\\\/it\\\/yamaha-motor-europe-e-armando-testa-presentano-neos-move-smart\\\/#primaryimage\"},\"thumbnailUrl\":\"https:\\\/\\\/www.armandotesta.it\\\/wp-content\\\/uploads\\\/2024\\\/06\\\/YAM_WebKeyvisual_NEOs.jpeg\",\"datePublished\":\"2022-03-15T14:48:01+00:00\",\"dateModified\":\"2024-06-04T13:42:12+00:00\",\"breadcrumb\":{\"@id\":\"https:\\\/\\\/www.armandotesta.it\\\/it\\\/yamaha-motor-europe-e-armando-testa-presentano-neos-move-smart\\\/#breadcrumb\"},\"inLanguage\":\"it-IT\",\"potentialAction\":[{\"@type\":\"ReadAction\",\"target\":[\"https:\\\/\\\/www.armandotesta.it\\\/it\\\/yamaha-motor-europe-e-armando-testa-presentano-neos-move-smart\\\/\"]}]},{\"@type\":\"ImageObject\",\"inLanguage\":\"it-IT\",\"@id\":\"https:\\\/\\\/www.armandotesta.it\\\/it\\\/yamaha-motor-europe-e-armando-testa-presentano-neos-move-smart\\\/#primaryimage\",\"url\":\"https:\\\/\\\/www.armandotesta.it\\\/wp-content\\\/uploads\\\/2024\\\/06\\\/YAM_WebKeyvisual_NEOs.jpeg\",\"contentUrl\":\"https:\\\/\\\/www.armandotesta.it\\\/wp-content\\\/uploads\\\/2024\\\/06\\\/YAM_WebKeyvisual_NEOs.jpeg\",\"width\":641,\"height\":343},{\"@type\":\"BreadcrumbList\",\"@id\":\"https:\\\/\\\/www.armandotesta.it\\\/it\\\/yamaha-motor-europe-e-armando-testa-presentano-neos-move-smart\\\/#breadcrumb\",\"itemListElement\":[{\"@type\":\"ListItem\",\"position\":1,\"name\":\"Home\",\"item\":\"https:\\\/\\\/www.armandotesta.it\\\/it\\\/\"},{\"@type\":\"ListItem\",\"position\":2,\"name\":\"Yamaha Motor Europe e Armando Testa presentano Neo&#8217;s: Move Smart.\"}]},{\"@type\":\"WebSite\",\"@id\":\"https:\\\/\\\/www.armandotesta.it\\\/it\\\/#website\",\"url\":\"https:\\\/\\\/www.armandotesta.it\\\/it\\\/\",\"name\":\"Armando Testa\",\"description\":\"\",\"publisher\":{\"@id\":\"https:\\\/\\\/www.armandotesta.it\\\/it\\\/#organization\"},\"potentialAction\":[{\"@type\":\"SearchAction\",\"target\":{\"@type\":\"EntryPoint\",\"urlTemplate\":\"https:\\\/\\\/www.armandotesta.it\\\/it\\\/?s={search_term_string}\"},\"query-input\":{\"@type\":\"PropertyValueSpecification\",\"valueRequired\":true,\"valueName\":\"search_term_string\"}}],\"inLanguage\":\"it-IT\"},{\"@type\":\"Organization\",\"@id\":\"https:\\\/\\\/www.armandotesta.it\\\/it\\\/#organization\",\"name\":\"Armando Testa\",\"url\":\"https:\\\/\\\/www.armandotesta.it\\\/it\\\/\",\"logo\":{\"@type\":\"ImageObject\",\"inLanguage\":\"it-IT\",\"@id\":\"https:\\\/\\\/www.armandotesta.it\\\/it\\\/#\\\/schema\\\/logo\\\/image\\\/\",\"url\":\"https:\\\/\\\/www.armandotesta.it\\\/wp-content\\\/uploads\\\/2024\\\/01\\\/logo-at.png\",\"contentUrl\":\"https:\\\/\\\/www.armandotesta.it\\\/wp-content\\\/uploads\\\/2024\\\/01\\\/logo-at.png\",\"width\":200,\"height\":200,\"caption\":\"Armando Testa\"},\"image\":{\"@id\":\"https:\\\/\\\/www.armandotesta.it\\\/it\\\/#\\\/schema\\\/logo\\\/image\\\/\"}},{\"@type\":\"Person\",\"@id\":\"https:\\\/\\\/www.armandotesta.it\\\/it\\\/#\\\/schema\\\/person\\\/46d1d2d167e5f7b857761f0d5183a848\",\"name\":\"admAT\",\"image\":{\"@type\":\"ImageObject\",\"inLanguage\":\"it-IT\",\"@id\":\"https:\\\/\\\/secure.gravatar.com\\\/avatar\\\/9772e708d87105ee06ea2e627102fade92688c33bb2e0083a7a18b56280f7239?s=96&d=mm&r=g\",\"url\":\"https:\\\/\\\/secure.gravatar.com\\\/avatar\\\/9772e708d87105ee06ea2e627102fade92688c33bb2e0083a7a18b56280f7239?s=96&d=mm&r=g\",\"contentUrl\":\"https:\\\/\\\/secure.gravatar.com\\\/avatar\\\/9772e708d87105ee06ea2e627102fade92688c33bb2e0083a7a18b56280f7239?s=96&d=mm&r=g\",\"caption\":\"admAT\"},\"sameAs\":[\"https:\\\/\\\/www.armandotesta.it\"],\"url\":\"https:\\\/\\\/www.armandotesta.it\\\/it\\\/author\\\/admat\\\/\"}]}<\/script>\n<!-- \/ Yoast SEO plugin. -->","yoast_head_json":{"title":"Yamaha Motor Europe e Armando Testa presentano Neo's: Move Smart. - Armando Testa","robots":{"index":"index","follow":"follow","max-snippet":"max-snippet:-1","max-image-preview":"max-image-preview:large","max-video-preview":"max-video-preview:-1"},"canonical":"https:\/\/www.armandotesta.it\/it\/yamaha-motor-europe-e-armando-testa-presentano-neos-move-smart\/","og_locale":"it_IT","og_type":"article","og_title":"Yamaha Motor Europe e Armando Testa presentano Neo's: Move Smart. - Armando Testa","og_description":"La mobilit\u00e0 in citt\u00e0 non sar\u00e0 pi\u00f9 la stessa grazie a NEO\u2019s, il nuovo scooter elettrico Yamaha Motor Europe raccontato con grande dinamismo dall&#8217;agenzia&nbsp;Armando Testa.&nbsp; L\u2019idea di libert\u00e0 mista a una tecnologia altamente funzionale e sostenibile rende ogni spostamento in citt\u00e0 in sella a NEO&#8217;s un&#8217;esperienza davvero unica. Uno scooter elettrico che consente a chiunque [&hellip;]","og_url":"https:\/\/www.armandotesta.it\/it\/yamaha-motor-europe-e-armando-testa-presentano-neos-move-smart\/","og_site_name":"Armando Testa","article_published_time":"2022-03-15T14:48:01+00:00","article_modified_time":"2024-06-04T13:42:12+00:00","og_image":[{"width":641,"height":343,"url":"https:\/\/www.armandotesta.it\/wp-content\/uploads\/2024\/06\/YAM_WebKeyvisual_NEOs.jpeg","type":"image\/jpeg"}],"author":"admAT","twitter_card":"summary_large_image","twitter_misc":{"Scritto da":"admAT","Tempo di lettura stimato":"2 minuti"},"schema":{"@context":"https:\/\/schema.org","@graph":[{"@type":"Article","@id":"https:\/\/www.armandotesta.it\/it\/yamaha-motor-europe-e-armando-testa-presentano-neos-move-smart\/#article","isPartOf":{"@id":"https:\/\/www.armandotesta.it\/it\/yamaha-motor-europe-e-armando-testa-presentano-neos-move-smart\/"},"author":{"name":"admAT","@id":"https:\/\/www.armandotesta.it\/it\/#\/schema\/person\/46d1d2d167e5f7b857761f0d5183a848"},"headline":"Yamaha Motor Europe e Armando Testa presentano Neo&#8217;s: Move Smart.","datePublished":"2022-03-15T14:48:01+00:00","dateModified":"2024-06-04T13:42:12+00:00","mainEntityOfPage":{"@id":"https:\/\/www.armandotesta.it\/it\/yamaha-motor-europe-e-armando-testa-presentano-neos-move-smart\/"},"wordCount":332,"publisher":{"@id":"https:\/\/www.armandotesta.it\/it\/#organization"},"image":{"@id":"https:\/\/www.armandotesta.it\/it\/yamaha-motor-europe-e-armando-testa-presentano-neos-move-smart\/#primaryimage"},"thumbnailUrl":"https:\/\/www.armandotesta.it\/wp-content\/uploads\/2024\/06\/YAM_WebKeyvisual_NEOs.jpeg","inLanguage":"it-IT"},{"@type":"WebPage","@id":"https:\/\/www.armandotesta.it\/it\/yamaha-motor-europe-e-armando-testa-presentano-neos-move-smart\/","url":"https:\/\/www.armandotesta.it\/it\/yamaha-motor-europe-e-armando-testa-presentano-neos-move-smart\/","name":"Yamaha Motor Europe e Armando Testa presentano Neo's: Move Smart. - Armando Testa","isPartOf":{"@id":"https:\/\/www.armandotesta.it\/it\/#website"},"primaryImageOfPage":{"@id":"https:\/\/www.armandotesta.it\/it\/yamaha-motor-europe-e-armando-testa-presentano-neos-move-smart\/#primaryimage"},"image":{"@id":"https:\/\/www.armandotesta.it\/it\/yamaha-motor-europe-e-armando-testa-presentano-neos-move-smart\/#primaryimage"},"thumbnailUrl":"https:\/\/www.armandotesta.it\/wp-content\/uploads\/2024\/06\/YAM_WebKeyvisual_NEOs.jpeg","datePublished":"2022-03-15T14:48:01+00:00","dateModified":"2024-06-04T13:42:12+00:00","breadcrumb":{"@id":"https:\/\/www.armandotesta.it\/it\/yamaha-motor-europe-e-armando-testa-presentano-neos-move-smart\/#breadcrumb"},"inLanguage":"it-IT","potentialAction":[{"@type":"ReadAction","target":["https:\/\/www.armandotesta.it\/it\/yamaha-motor-europe-e-armando-testa-presentano-neos-move-smart\/"]}]},{"@type":"ImageObject","inLanguage":"it-IT","@id":"https:\/\/www.armandotesta.it\/it\/yamaha-motor-europe-e-armando-testa-presentano-neos-move-smart\/#primaryimage","url":"https:\/\/www.armandotesta.it\/wp-content\/uploads\/2024\/06\/YAM_WebKeyvisual_NEOs.jpeg","contentUrl":"https:\/\/www.armandotesta.it\/wp-content\/uploads\/2024\/06\/YAM_WebKeyvisual_NEOs.jpeg","width":641,"height":343},{"@type":"BreadcrumbList","@id":"https:\/\/www.armandotesta.it\/it\/yamaha-motor-europe-e-armando-testa-presentano-neos-move-smart\/#breadcrumb","itemListElement":[{"@type":"ListItem","position":1,"name":"Home","item":"https:\/\/www.armandotesta.it\/it\/"},{"@type":"ListItem","position":2,"name":"Yamaha Motor Europe e Armando Testa presentano Neo&#8217;s: Move Smart."}]},{"@type":"WebSite","@id":"https:\/\/www.armandotesta.it\/it\/#website","url":"https:\/\/www.armandotesta.it\/it\/","name":"Armando Testa","description":"","publisher":{"@id":"https:\/\/www.armandotesta.it\/it\/#organization"},"potentialAction":[{"@type":"SearchAction","target":{"@type":"EntryPoint","urlTemplate":"https:\/\/www.armandotesta.it\/it\/?s={search_term_string}"},"query-input":{"@type":"PropertyValueSpecification","valueRequired":true,"valueName":"search_term_string"}}],"inLanguage":"it-IT"},{"@type":"Organization","@id":"https:\/\/www.armandotesta.it\/it\/#organization","name":"Armando Testa","url":"https:\/\/www.armandotesta.it\/it\/","logo":{"@type":"ImageObject","inLanguage":"it-IT","@id":"https:\/\/www.armandotesta.it\/it\/#\/schema\/logo\/image\/","url":"https:\/\/www.armandotesta.it\/wp-content\/uploads\/2024\/01\/logo-at.png","contentUrl":"https:\/\/www.armandotesta.it\/wp-content\/uploads\/2024\/01\/logo-at.png","width":200,"height":200,"caption":"Armando Testa"},"image":{"@id":"https:\/\/www.armandotesta.it\/it\/#\/schema\/logo\/image\/"}},{"@type":"Person","@id":"https:\/\/www.armandotesta.it\/it\/#\/schema\/person\/46d1d2d167e5f7b857761f0d5183a848","name":"admAT","image":{"@type":"ImageObject","inLanguage":"it-IT","@id":"https:\/\/secure.gravatar.com\/avatar\/9772e708d87105ee06ea2e627102fade92688c33bb2e0083a7a18b56280f7239?s=96&d=mm&r=g","url":"https:\/\/secure.gravatar.com\/avatar\/9772e708d87105ee06ea2e627102fade92688c33bb2e0083a7a18b56280f7239?s=96&d=mm&r=g","contentUrl":"https:\/\/secure.gravatar.com\/avatar\/9772e708d87105ee06ea2e627102fade92688c33bb2e0083a7a18b56280f7239?s=96&d=mm&r=g","caption":"admAT"},"sameAs":["https:\/\/www.armandotesta.it"],"url":"https:\/\/www.armandotesta.it\/it\/author\/admat\/"}]}},"_links":{"self":[{"href":"https:\/\/www.armandotesta.it\/it\/wp-json\/wp\/v2\/posts\/24686","targetHints":{"allow":["GET"]}}],"collection":[{"href":"https:\/\/www.armandotesta.it\/it\/wp-json\/wp\/v2\/posts"}],"about":[{"href":"https:\/\/www.armandotesta.it\/it\/wp-json\/wp\/v2\/types\/post"}],"author":[{"embeddable":true,"href":"https:\/\/www.armandotesta.it\/it\/wp-json\/wp\/v2\/users\/1"}],"replies":[{"embeddable":true,"href":"https:\/\/www.armandotesta.it\/it\/wp-json\/wp\/v2\/comments?post=24686"}],"version-history":[{"count":1,"href":"https:\/\/www.armandotesta.it\/it\/wp-json\/wp\/v2\/posts\/24686\/revisions"}],"predecessor-version":[{"id":25644,"href":"https:\/\/www.armandotesta.it\/it\/wp-json\/wp\/v2\/posts\/24686\/revisions\/25644"}],"wp:featuredmedia":[{"embeddable":true,"href":"https:\/\/www.armandotesta.it\/it\/wp-json\/wp\/v2\/media\/20522"}],"wp:attachment":[{"href":"https:\/\/www.armandotesta.it\/it\/wp-json\/wp\/v2\/media?parent=24686"}],"wp:term":[{"taxonomy":"category","embeddable":true,"href":"https:\/\/www.armandotesta.it\/it\/wp-json\/wp\/v2\/categories?post=24686"},{"taxonomy":"post_tag","embeddable":true,"href":"https:\/\/www.armandotesta.it\/it\/wp-json\/wp\/v2\/tags?post=24686"}],"curies":[{"name":"wp","href":"https:\/\/api.w.org\/{rel}","templated":true}]}}