{"id":24644,"date":"2021-12-21T18:22:30","date_gmt":"2021-12-21T17:22:30","guid":{"rendered":"https:\/\/www.armandotesta.it\/riso-gallo-e-armando-testa-presentano-la-linea-completa-di-risi-da-agricoltura-sostenibile\/"},"modified":"2024-06-04T15:42:02","modified_gmt":"2024-06-04T13:42:02","slug":"riso-gallo-e-armando-testa-presentano-la-linea-completa-di-risi-da-agricoltura-sostenibile","status":"publish","type":"post","link":"https:\/\/www.armandotesta.it\/it\/riso-gallo-e-armando-testa-presentano-la-linea-completa-di-risi-da-agricoltura-sostenibile\/","title":{"rendered":"RISO GALLO E ARMANDO TESTA PRESENTANO LA LINEA COMPLETA DI RISI DA AGRICOLTURA SOSTENIBILE."},"content":{"rendered":"\n<p>\u00c8 on air il nuovo spot di Riso Gallo, firmato Armando Testa e dedicato alla linea completa di risi provenienti da agricoltura sostenibile.<\/p>\n\n\n\n<p>Il commercial, on air in TV e digital nei formati 20\u201d e 15\u201d, \u00e8 un nuovo episodio del format di Riso Gallo: un\u2019allegra animazione che vede al centro della scena, con l\u2019inconfondibile \u201cpiglio\u201d ruspante e simpatico, il celebre Gallo protagonista di tante campagne Tv.<\/p>\n\n\n\n<p>Questa volta lo troviamo in mezzo a una risaia. Ci accoglie con un canto che si trasforma in indovinello: \u201cChicchiri\u2026 Chi lo sa cosa unisce riso e sostenibilit\u00e0\u201d? La risposta, naturalmente, non pu\u00f2 che essere una: Riso Gallo, grazie ad una nuova linea completa di risi provenienti da agricoltura sostenibile.<\/p>\n\n\n\n<p>Nel raccogliere una confezione di riso Carnaroli che cresce in risaia, come per magia il Gallo si ritrova proiettato in una cucina. Qui, in veste di cuoco, ci ricorda la resa straordinaria delle qualit\u00e0 Riso Gallo in ogni ricetta, qualit\u00e0 ancora pi\u00f9 apprezzabili perch\u00e9 coltivate nel rispetto dell\u2019ambiente.<\/p>\n\n\n\n<p>Tutte le variet\u00e0 che compongono la linea &#8211; Carnaroli, Arborio, Basmati, Rosso e Nero &#8211; sono infine mostrate dietro alla cornice di un cuore, che il Gallo compone con le mani. In grande evidenza appare il bollino che ne certifica la provenienza da agricoltura sostenibile.<\/p>\n\n\n\n<p>Lo spot &#8211; on air dal 19 dicembre all\u20198 gennaio &#8211; prevede una pianificazione tv di forte impatto, nel periodo indicato sulle emittenti generaliste e specializzate di RAI, oltre a La7 e La7d e i a network Discovery e Sky.&nbsp;<\/p>\n\n\n\n<p>Pianificazione a cura di Asset Media.<\/p>\n\n\n\n<p>Credits<\/p>\n\n\n\n<p>Direzione Creativa Esecutiva: Michele Mariani&nbsp;<\/p>\n\n\n\n<p>Team creativo: Dario D\u2019Angelo e Daniele Bona<\/p>\n\n\n\n<p>Casa di produzione: Little Bull Studios<\/p>\n\n\n\n<p>Animazione Gallo: H7-25 Studio<\/p>\n\n\n\n<p>Voce del Gallo: Paolo de Santis&nbsp;<\/p>\n\n\n\n<p>Pianificazione media: Asset Media<\/p>\n\n\n\n<ul class=\"wp-block-gallery columns-3 is-cropped wp-block-gallery-1 is-layout-flex wp-block-gallery-is-layout-flex\"><li class=\"blocks-gallery-item\"><figure><img decoding=\"async\" src=\"https:\/\/newsroom.armandotesta.it\/wp-content\/uploads\/2021\/12\/frame-1-1024x576.jpg\" alt=\"\" data-id=\"5508\" data-link=\"https:\/\/newsroom.armandotesta.it\/it\/?attachment_id=5508\" class=\"wp-image-5508\"\/><\/figure><\/li><li class=\"blocks-gallery-item\"><figure><img decoding=\"async\" src=\"https:\/\/newsroom.armandotesta.it\/wp-content\/uploads\/2021\/12\/frame-2-1024x576.jpg\" alt=\"\" data-id=\"5509\" data-link=\"https:\/\/newsroom.armandotesta.it\/it\/?attachment_id=5509\" class=\"wp-image-5509\"\/><\/figure><\/li><li class=\"blocks-gallery-item\"><figure><img decoding=\"async\" src=\"https:\/\/newsroom.armandotesta.it\/wp-content\/uploads\/2021\/12\/frame3-1024x575.jpg\" alt=\"\" data-id=\"5510\" data-link=\"https:\/\/newsroom.armandotesta.it\/it\/?attachment_id=5510\" class=\"wp-image-5510\"\/><\/figure><\/li><\/ul>\n\n\n\n<figure class=\"wp-block-embed-youtube wp-block-embed is-type-video is-provider-youtube wp-embed-aspect-16-9 wp-has-aspect-ratio\"><div class=\"wp-block-embed__wrapper\">\n<iframe loading=\"lazy\" title=\"Riso Gallo Sostenibilit\u00e0\" width=\"500\" height=\"281\" src=\"https:\/\/www.youtube.com\/embed\/OiqKGlr6Vew?feature=oembed\" frameborder=\"0\" allow=\"accelerometer; autoplay; clipboard-write; encrypted-media; gyroscope; picture-in-picture; web-share\" referrerpolicy=\"strict-origin-when-cross-origin\" allowfullscreen><\/iframe>\n<\/div><\/figure>\n","protected":false},"excerpt":{"rendered":"<p>\u00c8 on air il nuovo spot di Riso Gallo, firmato Armando Testa e dedicato alla linea completa di risi provenienti da agricoltura sostenibile. Il commercial, on air in TV e digital nei formati 20\u201d e 15\u201d, \u00e8 un nuovo episodio del format di Riso Gallo: un\u2019allegra animazione che vede al centro della scena, con l\u2019inconfondibile [&hellip;]<\/p>\n","protected":false},"author":1,"featured_media":20481,"comment_status":"closed","ping_status":"closed","sticky":false,"template":"","format":"standard","meta":{"_acf_changed":false,"inline_featured_image":false,"footnotes":""},"categories":[],"tags":[],"class_list":["post-24644","post","type-post","status-publish","format-standard","has-post-thumbnail","hentry"],"acf":false,"yoast_head":"<!-- This site is optimized with the Yoast SEO plugin v27.5 - https:\/\/yoast.com\/product\/yoast-seo-wordpress\/ -->\n<title>RISO GALLO E ARMANDO TESTA PRESENTANO LA LINEA COMPLETA DI RISI DA AGRICOLTURA SOSTENIBILE. - Armando Testa<\/title>\n<meta name=\"robots\" content=\"index, follow, max-snippet:-1, max-image-preview:large, max-video-preview:-1\" \/>\n<link rel=\"canonical\" href=\"https:\/\/www.armandotesta.it\/it\/riso-gallo-e-armando-testa-presentano-la-linea-completa-di-risi-da-agricoltura-sostenibile\/\" \/>\n<meta property=\"og:locale\" content=\"it_IT\" \/>\n<meta property=\"og:type\" content=\"article\" \/>\n<meta property=\"og:title\" content=\"RISO GALLO E ARMANDO TESTA PRESENTANO LA LINEA COMPLETA DI RISI DA AGRICOLTURA SOSTENIBILE. - Armando Testa\" \/>\n<meta property=\"og:description\" content=\"\u00c8 on air il nuovo spot di Riso Gallo, firmato Armando Testa e dedicato alla linea completa di risi provenienti da agricoltura sostenibile. Il commercial, on air in TV e digital nei formati 20\u201d e 15\u201d, \u00e8 un nuovo episodio del format di Riso Gallo: un\u2019allegra animazione che vede al centro della scena, con l\u2019inconfondibile [&hellip;]\" \/>\n<meta property=\"og:url\" content=\"https:\/\/www.armandotesta.it\/it\/riso-gallo-e-armando-testa-presentano-la-linea-completa-di-risi-da-agricoltura-sostenibile\/\" \/>\n<meta property=\"og:site_name\" content=\"Armando Testa\" \/>\n<meta property=\"article:published_time\" content=\"2021-12-21T17:22:30+00:00\" \/>\n<meta property=\"article:modified_time\" content=\"2024-06-04T13:42:02+00:00\" \/>\n<meta property=\"og:image\" content=\"https:\/\/www.armandotesta.it\/wp-content\/uploads\/2024\/06\/frame3-scaled.jpg\" \/>\n\t<meta property=\"og:image:width\" content=\"2560\" \/>\n\t<meta property=\"og:image:height\" content=\"1438\" \/>\n\t<meta property=\"og:image:type\" content=\"image\/jpeg\" \/>\n<meta name=\"author\" content=\"admAT\" \/>\n<meta name=\"twitter:card\" content=\"summary_large_image\" \/>\n<meta name=\"twitter:label1\" content=\"Scritto da\" \/>\n\t<meta name=\"twitter:data1\" content=\"admAT\" \/>\n\t<meta name=\"twitter:label2\" content=\"Tempo di lettura stimato\" \/>\n\t<meta name=\"twitter:data2\" content=\"1 minuto\" \/>\n<script type=\"application\/ld+json\" class=\"yoast-schema-graph\">{\"@context\":\"https:\\\/\\\/schema.org\",\"@graph\":[{\"@type\":\"Article\",\"@id\":\"https:\\\/\\\/www.armandotesta.it\\\/it\\\/riso-gallo-e-armando-testa-presentano-la-linea-completa-di-risi-da-agricoltura-sostenibile\\\/#article\",\"isPartOf\":{\"@id\":\"https:\\\/\\\/www.armandotesta.it\\\/it\\\/riso-gallo-e-armando-testa-presentano-la-linea-completa-di-risi-da-agricoltura-sostenibile\\\/\"},\"author\":{\"name\":\"admAT\",\"@id\":\"https:\\\/\\\/www.armandotesta.it\\\/it\\\/#\\\/schema\\\/person\\\/46d1d2d167e5f7b857761f0d5183a848\"},\"headline\":\"RISO GALLO E ARMANDO TESTA PRESENTANO LA LINEA COMPLETA DI RISI DA AGRICOLTURA SOSTENIBILE.\",\"datePublished\":\"2021-12-21T17:22:30+00:00\",\"dateModified\":\"2024-06-04T13:42:02+00:00\",\"mainEntityOfPage\":{\"@id\":\"https:\\\/\\\/www.armandotesta.it\\\/it\\\/riso-gallo-e-armando-testa-presentano-la-linea-completa-di-risi-da-agricoltura-sostenibile\\\/\"},\"wordCount\":312,\"publisher\":{\"@id\":\"https:\\\/\\\/www.armandotesta.it\\\/it\\\/#organization\"},\"image\":{\"@id\":\"https:\\\/\\\/www.armandotesta.it\\\/it\\\/riso-gallo-e-armando-testa-presentano-la-linea-completa-di-risi-da-agricoltura-sostenibile\\\/#primaryimage\"},\"thumbnailUrl\":\"https:\\\/\\\/www.armandotesta.it\\\/wp-content\\\/uploads\\\/2024\\\/06\\\/frame3-scaled.jpg\",\"inLanguage\":\"it-IT\"},{\"@type\":\"WebPage\",\"@id\":\"https:\\\/\\\/www.armandotesta.it\\\/it\\\/riso-gallo-e-armando-testa-presentano-la-linea-completa-di-risi-da-agricoltura-sostenibile\\\/\",\"url\":\"https:\\\/\\\/www.armandotesta.it\\\/it\\\/riso-gallo-e-armando-testa-presentano-la-linea-completa-di-risi-da-agricoltura-sostenibile\\\/\",\"name\":\"RISO GALLO E ARMANDO TESTA PRESENTANO LA LINEA COMPLETA DI RISI DA AGRICOLTURA SOSTENIBILE. - Armando Testa\",\"isPartOf\":{\"@id\":\"https:\\\/\\\/www.armandotesta.it\\\/it\\\/#website\"},\"primaryImageOfPage\":{\"@id\":\"https:\\\/\\\/www.armandotesta.it\\\/it\\\/riso-gallo-e-armando-testa-presentano-la-linea-completa-di-risi-da-agricoltura-sostenibile\\\/#primaryimage\"},\"image\":{\"@id\":\"https:\\\/\\\/www.armandotesta.it\\\/it\\\/riso-gallo-e-armando-testa-presentano-la-linea-completa-di-risi-da-agricoltura-sostenibile\\\/#primaryimage\"},\"thumbnailUrl\":\"https:\\\/\\\/www.armandotesta.it\\\/wp-content\\\/uploads\\\/2024\\\/06\\\/frame3-scaled.jpg\",\"datePublished\":\"2021-12-21T17:22:30+00:00\",\"dateModified\":\"2024-06-04T13:42:02+00:00\",\"breadcrumb\":{\"@id\":\"https:\\\/\\\/www.armandotesta.it\\\/it\\\/riso-gallo-e-armando-testa-presentano-la-linea-completa-di-risi-da-agricoltura-sostenibile\\\/#breadcrumb\"},\"inLanguage\":\"it-IT\",\"potentialAction\":[{\"@type\":\"ReadAction\",\"target\":[\"https:\\\/\\\/www.armandotesta.it\\\/it\\\/riso-gallo-e-armando-testa-presentano-la-linea-completa-di-risi-da-agricoltura-sostenibile\\\/\"]}]},{\"@type\":\"ImageObject\",\"inLanguage\":\"it-IT\",\"@id\":\"https:\\\/\\\/www.armandotesta.it\\\/it\\\/riso-gallo-e-armando-testa-presentano-la-linea-completa-di-risi-da-agricoltura-sostenibile\\\/#primaryimage\",\"url\":\"https:\\\/\\\/www.armandotesta.it\\\/wp-content\\\/uploads\\\/2024\\\/06\\\/frame3-scaled.jpg\",\"contentUrl\":\"https:\\\/\\\/www.armandotesta.it\\\/wp-content\\\/uploads\\\/2024\\\/06\\\/frame3-scaled.jpg\",\"width\":2560,\"height\":1438},{\"@type\":\"BreadcrumbList\",\"@id\":\"https:\\\/\\\/www.armandotesta.it\\\/it\\\/riso-gallo-e-armando-testa-presentano-la-linea-completa-di-risi-da-agricoltura-sostenibile\\\/#breadcrumb\",\"itemListElement\":[{\"@type\":\"ListItem\",\"position\":1,\"name\":\"Home\",\"item\":\"https:\\\/\\\/www.armandotesta.it\\\/it\\\/\"},{\"@type\":\"ListItem\",\"position\":2,\"name\":\"RISO GALLO E ARMANDO TESTA PRESENTANO LA LINEA COMPLETA DI RISI DA AGRICOLTURA SOSTENIBILE.\"}]},{\"@type\":\"WebSite\",\"@id\":\"https:\\\/\\\/www.armandotesta.it\\\/it\\\/#website\",\"url\":\"https:\\\/\\\/www.armandotesta.it\\\/it\\\/\",\"name\":\"Armando Testa\",\"description\":\"\",\"publisher\":{\"@id\":\"https:\\\/\\\/www.armandotesta.it\\\/it\\\/#organization\"},\"potentialAction\":[{\"@type\":\"SearchAction\",\"target\":{\"@type\":\"EntryPoint\",\"urlTemplate\":\"https:\\\/\\\/www.armandotesta.it\\\/it\\\/?s={search_term_string}\"},\"query-input\":{\"@type\":\"PropertyValueSpecification\",\"valueRequired\":true,\"valueName\":\"search_term_string\"}}],\"inLanguage\":\"it-IT\"},{\"@type\":\"Organization\",\"@id\":\"https:\\\/\\\/www.armandotesta.it\\\/it\\\/#organization\",\"name\":\"Armando Testa\",\"url\":\"https:\\\/\\\/www.armandotesta.it\\\/it\\\/\",\"logo\":{\"@type\":\"ImageObject\",\"inLanguage\":\"it-IT\",\"@id\":\"https:\\\/\\\/www.armandotesta.it\\\/it\\\/#\\\/schema\\\/logo\\\/image\\\/\",\"url\":\"https:\\\/\\\/www.armandotesta.it\\\/wp-content\\\/uploads\\\/2024\\\/01\\\/logo-at.png\",\"contentUrl\":\"https:\\\/\\\/www.armandotesta.it\\\/wp-content\\\/uploads\\\/2024\\\/01\\\/logo-at.png\",\"width\":200,\"height\":200,\"caption\":\"Armando Testa\"},\"image\":{\"@id\":\"https:\\\/\\\/www.armandotesta.it\\\/it\\\/#\\\/schema\\\/logo\\\/image\\\/\"}},{\"@type\":\"Person\",\"@id\":\"https:\\\/\\\/www.armandotesta.it\\\/it\\\/#\\\/schema\\\/person\\\/46d1d2d167e5f7b857761f0d5183a848\",\"name\":\"admAT\",\"image\":{\"@type\":\"ImageObject\",\"inLanguage\":\"it-IT\",\"@id\":\"https:\\\/\\\/secure.gravatar.com\\\/avatar\\\/9772e708d87105ee06ea2e627102fade92688c33bb2e0083a7a18b56280f7239?s=96&d=mm&r=g\",\"url\":\"https:\\\/\\\/secure.gravatar.com\\\/avatar\\\/9772e708d87105ee06ea2e627102fade92688c33bb2e0083a7a18b56280f7239?s=96&d=mm&r=g\",\"contentUrl\":\"https:\\\/\\\/secure.gravatar.com\\\/avatar\\\/9772e708d87105ee06ea2e627102fade92688c33bb2e0083a7a18b56280f7239?s=96&d=mm&r=g\",\"caption\":\"admAT\"},\"sameAs\":[\"https:\\\/\\\/www.armandotesta.it\"],\"url\":\"https:\\\/\\\/www.armandotesta.it\\\/it\\\/author\\\/admat\\\/\"}]}<\/script>\n<!-- \/ Yoast SEO plugin. -->","yoast_head_json":{"title":"RISO GALLO E ARMANDO TESTA PRESENTANO LA LINEA COMPLETA DI RISI DA AGRICOLTURA SOSTENIBILE. - Armando Testa","robots":{"index":"index","follow":"follow","max-snippet":"max-snippet:-1","max-image-preview":"max-image-preview:large","max-video-preview":"max-video-preview:-1"},"canonical":"https:\/\/www.armandotesta.it\/it\/riso-gallo-e-armando-testa-presentano-la-linea-completa-di-risi-da-agricoltura-sostenibile\/","og_locale":"it_IT","og_type":"article","og_title":"RISO GALLO E ARMANDO TESTA PRESENTANO LA LINEA COMPLETA DI RISI DA AGRICOLTURA SOSTENIBILE. - Armando Testa","og_description":"\u00c8 on air il nuovo spot di Riso Gallo, firmato Armando Testa e dedicato alla linea completa di risi provenienti da agricoltura sostenibile. Il commercial, on air in TV e digital nei formati 20\u201d e 15\u201d, \u00e8 un nuovo episodio del format di Riso Gallo: un\u2019allegra animazione che vede al centro della scena, con l\u2019inconfondibile [&hellip;]","og_url":"https:\/\/www.armandotesta.it\/it\/riso-gallo-e-armando-testa-presentano-la-linea-completa-di-risi-da-agricoltura-sostenibile\/","og_site_name":"Armando Testa","article_published_time":"2021-12-21T17:22:30+00:00","article_modified_time":"2024-06-04T13:42:02+00:00","og_image":[{"width":2560,"height":1438,"url":"https:\/\/www.armandotesta.it\/wp-content\/uploads\/2024\/06\/frame3-scaled.jpg","type":"image\/jpeg"}],"author":"admAT","twitter_card":"summary_large_image","twitter_misc":{"Scritto da":"admAT","Tempo di lettura stimato":"1 minuto"},"schema":{"@context":"https:\/\/schema.org","@graph":[{"@type":"Article","@id":"https:\/\/www.armandotesta.it\/it\/riso-gallo-e-armando-testa-presentano-la-linea-completa-di-risi-da-agricoltura-sostenibile\/#article","isPartOf":{"@id":"https:\/\/www.armandotesta.it\/it\/riso-gallo-e-armando-testa-presentano-la-linea-completa-di-risi-da-agricoltura-sostenibile\/"},"author":{"name":"admAT","@id":"https:\/\/www.armandotesta.it\/it\/#\/schema\/person\/46d1d2d167e5f7b857761f0d5183a848"},"headline":"RISO GALLO E ARMANDO TESTA PRESENTANO LA LINEA COMPLETA DI RISI DA AGRICOLTURA SOSTENIBILE.","datePublished":"2021-12-21T17:22:30+00:00","dateModified":"2024-06-04T13:42:02+00:00","mainEntityOfPage":{"@id":"https:\/\/www.armandotesta.it\/it\/riso-gallo-e-armando-testa-presentano-la-linea-completa-di-risi-da-agricoltura-sostenibile\/"},"wordCount":312,"publisher":{"@id":"https:\/\/www.armandotesta.it\/it\/#organization"},"image":{"@id":"https:\/\/www.armandotesta.it\/it\/riso-gallo-e-armando-testa-presentano-la-linea-completa-di-risi-da-agricoltura-sostenibile\/#primaryimage"},"thumbnailUrl":"https:\/\/www.armandotesta.it\/wp-content\/uploads\/2024\/06\/frame3-scaled.jpg","inLanguage":"it-IT"},{"@type":"WebPage","@id":"https:\/\/www.armandotesta.it\/it\/riso-gallo-e-armando-testa-presentano-la-linea-completa-di-risi-da-agricoltura-sostenibile\/","url":"https:\/\/www.armandotesta.it\/it\/riso-gallo-e-armando-testa-presentano-la-linea-completa-di-risi-da-agricoltura-sostenibile\/","name":"RISO GALLO E ARMANDO TESTA PRESENTANO LA LINEA COMPLETA DI RISI DA AGRICOLTURA SOSTENIBILE. - Armando Testa","isPartOf":{"@id":"https:\/\/www.armandotesta.it\/it\/#website"},"primaryImageOfPage":{"@id":"https:\/\/www.armandotesta.it\/it\/riso-gallo-e-armando-testa-presentano-la-linea-completa-di-risi-da-agricoltura-sostenibile\/#primaryimage"},"image":{"@id":"https:\/\/www.armandotesta.it\/it\/riso-gallo-e-armando-testa-presentano-la-linea-completa-di-risi-da-agricoltura-sostenibile\/#primaryimage"},"thumbnailUrl":"https:\/\/www.armandotesta.it\/wp-content\/uploads\/2024\/06\/frame3-scaled.jpg","datePublished":"2021-12-21T17:22:30+00:00","dateModified":"2024-06-04T13:42:02+00:00","breadcrumb":{"@id":"https:\/\/www.armandotesta.it\/it\/riso-gallo-e-armando-testa-presentano-la-linea-completa-di-risi-da-agricoltura-sostenibile\/#breadcrumb"},"inLanguage":"it-IT","potentialAction":[{"@type":"ReadAction","target":["https:\/\/www.armandotesta.it\/it\/riso-gallo-e-armando-testa-presentano-la-linea-completa-di-risi-da-agricoltura-sostenibile\/"]}]},{"@type":"ImageObject","inLanguage":"it-IT","@id":"https:\/\/www.armandotesta.it\/it\/riso-gallo-e-armando-testa-presentano-la-linea-completa-di-risi-da-agricoltura-sostenibile\/#primaryimage","url":"https:\/\/www.armandotesta.it\/wp-content\/uploads\/2024\/06\/frame3-scaled.jpg","contentUrl":"https:\/\/www.armandotesta.it\/wp-content\/uploads\/2024\/06\/frame3-scaled.jpg","width":2560,"height":1438},{"@type":"BreadcrumbList","@id":"https:\/\/www.armandotesta.it\/it\/riso-gallo-e-armando-testa-presentano-la-linea-completa-di-risi-da-agricoltura-sostenibile\/#breadcrumb","itemListElement":[{"@type":"ListItem","position":1,"name":"Home","item":"https:\/\/www.armandotesta.it\/it\/"},{"@type":"ListItem","position":2,"name":"RISO GALLO E ARMANDO TESTA PRESENTANO LA LINEA COMPLETA DI RISI DA AGRICOLTURA SOSTENIBILE."}]},{"@type":"WebSite","@id":"https:\/\/www.armandotesta.it\/it\/#website","url":"https:\/\/www.armandotesta.it\/it\/","name":"Armando Testa","description":"","publisher":{"@id":"https:\/\/www.armandotesta.it\/it\/#organization"},"potentialAction":[{"@type":"SearchAction","target":{"@type":"EntryPoint","urlTemplate":"https:\/\/www.armandotesta.it\/it\/?s={search_term_string}"},"query-input":{"@type":"PropertyValueSpecification","valueRequired":true,"valueName":"search_term_string"}}],"inLanguage":"it-IT"},{"@type":"Organization","@id":"https:\/\/www.armandotesta.it\/it\/#organization","name":"Armando Testa","url":"https:\/\/www.armandotesta.it\/it\/","logo":{"@type":"ImageObject","inLanguage":"it-IT","@id":"https:\/\/www.armandotesta.it\/it\/#\/schema\/logo\/image\/","url":"https:\/\/www.armandotesta.it\/wp-content\/uploads\/2024\/01\/logo-at.png","contentUrl":"https:\/\/www.armandotesta.it\/wp-content\/uploads\/2024\/01\/logo-at.png","width":200,"height":200,"caption":"Armando Testa"},"image":{"@id":"https:\/\/www.armandotesta.it\/it\/#\/schema\/logo\/image\/"}},{"@type":"Person","@id":"https:\/\/www.armandotesta.it\/it\/#\/schema\/person\/46d1d2d167e5f7b857761f0d5183a848","name":"admAT","image":{"@type":"ImageObject","inLanguage":"it-IT","@id":"https:\/\/secure.gravatar.com\/avatar\/9772e708d87105ee06ea2e627102fade92688c33bb2e0083a7a18b56280f7239?s=96&d=mm&r=g","url":"https:\/\/secure.gravatar.com\/avatar\/9772e708d87105ee06ea2e627102fade92688c33bb2e0083a7a18b56280f7239?s=96&d=mm&r=g","contentUrl":"https:\/\/secure.gravatar.com\/avatar\/9772e708d87105ee06ea2e627102fade92688c33bb2e0083a7a18b56280f7239?s=96&d=mm&r=g","caption":"admAT"},"sameAs":["https:\/\/www.armandotesta.it"],"url":"https:\/\/www.armandotesta.it\/it\/author\/admat\/"}]}},"_links":{"self":[{"href":"https:\/\/www.armandotesta.it\/it\/wp-json\/wp\/v2\/posts\/24644","targetHints":{"allow":["GET"]}}],"collection":[{"href":"https:\/\/www.armandotesta.it\/it\/wp-json\/wp\/v2\/posts"}],"about":[{"href":"https:\/\/www.armandotesta.it\/it\/wp-json\/wp\/v2\/types\/post"}],"author":[{"embeddable":true,"href":"https:\/\/www.armandotesta.it\/it\/wp-json\/wp\/v2\/users\/1"}],"replies":[{"embeddable":true,"href":"https:\/\/www.armandotesta.it\/it\/wp-json\/wp\/v2\/comments?post=24644"}],"version-history":[{"count":1,"href":"https:\/\/www.armandotesta.it\/it\/wp-json\/wp\/v2\/posts\/24644\/revisions"}],"predecessor-version":[{"id":25602,"href":"https:\/\/www.armandotesta.it\/it\/wp-json\/wp\/v2\/posts\/24644\/revisions\/25602"}],"wp:featuredmedia":[{"embeddable":true,"href":"https:\/\/www.armandotesta.it\/it\/wp-json\/wp\/v2\/media\/20481"}],"wp:attachment":[{"href":"https:\/\/www.armandotesta.it\/it\/wp-json\/wp\/v2\/media?parent=24644"}],"wp:term":[{"taxonomy":"category","embeddable":true,"href":"https:\/\/www.armandotesta.it\/it\/wp-json\/wp\/v2\/categories?post=24644"},{"taxonomy":"post_tag","embeddable":true,"href":"https:\/\/www.armandotesta.it\/it\/wp-json\/wp\/v2\/tags?post=24644"}],"curies":[{"name":"wp","href":"https:\/\/api.w.org\/{rel}","templated":true}]}}