{"id":24636,"date":"2021-12-14T17:53:40","date_gmt":"2021-12-14T16:53:40","guid":{"rendered":"https:\/\/www.armandotesta.it\/il-gusto-di-vivere-felici-e-contenti-con-mortadella-favola-e-armando-testa-torino\/"},"modified":"2024-06-04T15:42:00","modified_gmt":"2024-06-04T13:42:00","slug":"il-gusto-di-vivere-felici-e-contenti-con-mortadella-favola-e-armando-testa-torino","status":"publish","type":"post","link":"https:\/\/www.armandotesta.it\/it\/il-gusto-di-vivere-felici-e-contenti-con-mortadella-favola-e-armando-testa-torino\/","title":{"rendered":"IL GUSTO DI VIVERE FELICI E CONTENTI, CON MORTADELLA FAVOLA E ARMANDO TESTA TORINO"},"content":{"rendered":"\n<p>Le nostre vite sono fatte di tanti piccoli momenti di felicit\u00e0.&nbsp;<\/p>\n\n\n\n<p>Frammenti di gioia che si nascondono nelle pieghe della nostra quotidianit\u00e0 e che dobbiamo saper cogliere. Perch\u00e9 \u00e8 l\u00ec che ogni volta la magia si compie.<\/p>\n\n\n\n<p>Questo \u00e8 il messaggio alla base della nuova campagna firmata Armando Testa Torino per Mortadella Favola del Salumificio Mec Palmieri, nuovo cliente dell\u2019Agenzia.&nbsp;<\/p>\n\n\n\n<p>Un prodotto speciale, come gi\u00e0 il nome suggerisce, perch\u00e9 nasce da un\u2019intuizione della famiglia Palmieri che ha brevettato un involucro diverso da tutti gli altri.&nbsp;<\/p>\n\n\n\n<p>Favola infatti \u00e8 l\u2019unica mortadella insaccata nella cotenna e cucita a mano, per mantenere il profumo e la fragranza tipici di un alimento appena cotto.<\/p>\n\n\n\n<p>La creativit\u00e0 di Armando Testa Torino mette insieme sei piccole storie che si sfiorano e diventano un unico grande racconto: una cena in un bosco incantato, un principe azzurro come il suo pigiama che salva la principessa da una festa andata storta, una giovane chef capace di trasformare una zucca in qualcosa di straordinario, un pap\u00e0 che torna a casa e trova una sorpresa ad attenderlo, un nonno ripreso in Super8 che gioca col nipote, un bambino che vede cose fantastiche all\u2019interno di una salumeria. &nbsp;<\/p>\n\n\n\n<p>Sei spaccati di vita che si sfogliano come i capitoli di una fiaba moderna, in cui \u201cFavola\u201d \u00e8 la protagonista assoluta: l\u2019interruttore capace di accendere la magia e portare felicit\u00e0 e buonumore tra le persone. Il gusto di vivere felici e contenti.<\/p>\n\n\n\n<p>La campagna \u00e8 on air in TV dal 12 dicembre, sui social con uno special pack dedicato e il key visual nel canale della grande distribuzione e nei principali punti vendita.<\/p>\n\n\n\n<p>La Casa di Produzione \u00e8 Armando Testa Studios e la pianificazione di Media Italia.<\/p>\n\n\n\n<p>CREDITS<\/p>\n\n\n\n<p>Cliente: Salumificio Mec Palmieri<\/p>\n\n\n\n<p>Agenzia: Armando Testa Torino<\/p>\n\n\n\n<p>Direzione Creativa: Federico Bonenti, Andrea Lantelme.<\/p>\n\n\n\n<p>Creative Team: Elisa Bellino, Laura Celli Volta<\/p>\n\n\n\n<p>Servizio Clienti: Giovanna Far\u00e8, Gabriele Nolfo<\/p>\n\n\n\n<p>Social Media Manager: Eleonora Valerisce<\/p>\n\n\n\n<p>Casa di produzione: Armando Testa Studios<\/p>\n\n\n\n<p>Regia: Maria Guidone<\/p>\n\n\n\n<p>Direzione della Fotografia: Corrado Serri<\/p>\n\n\n\n<p>Media: Media Italia<\/p>\n\n\n\n<ul class=\"wp-block-gallery columns-3 is-cropped wp-block-gallery-1 is-layout-flex wp-block-gallery-is-layout-flex\"><li class=\"blocks-gallery-item\"><figure><img decoding=\"async\" src=\"https:\/\/newsroom.armandotesta.it\/wp-content\/uploads\/2021\/12\/01-1024x485.jpg\" alt=\"\" data-id=\"5473\" data-link=\"https:\/\/newsroom.armandotesta.it\/it\/?attachment_id=5473\" class=\"wp-image-5473\"\/><\/figure><\/li><li class=\"blocks-gallery-item\"><figure><img decoding=\"async\" src=\"https:\/\/newsroom.armandotesta.it\/wp-content\/uploads\/2021\/12\/02-1024x428.jpg\" alt=\"\" data-id=\"5474\" data-link=\"https:\/\/newsroom.armandotesta.it\/it\/?attachment_id=5474\" class=\"wp-image-5474\"\/><\/figure><\/li><li class=\"blocks-gallery-item\"><figure><img decoding=\"async\" src=\"https:\/\/newsroom.armandotesta.it\/wp-content\/uploads\/2021\/12\/03-1024x427.jpg\" alt=\"\" data-id=\"5475\" data-link=\"https:\/\/newsroom.armandotesta.it\/it\/?attachment_id=5475\" class=\"wp-image-5475\"\/><\/figure><\/li><li class=\"blocks-gallery-item\"><figure><img decoding=\"async\" src=\"https:\/\/newsroom.armandotesta.it\/wp-content\/uploads\/2021\/12\/04-1024x432.jpg\" alt=\"\" data-id=\"5476\" data-link=\"https:\/\/newsroom.armandotesta.it\/it\/?attachment_id=5476\" class=\"wp-image-5476\"\/><\/figure><\/li><li class=\"blocks-gallery-item\"><figure><img decoding=\"async\" src=\"https:\/\/newsroom.armandotesta.it\/wp-content\/uploads\/2021\/12\/05-1024x432.jpg\" alt=\"\" data-id=\"5477\" data-link=\"https:\/\/newsroom.armandotesta.it\/it\/?attachment_id=5477\" class=\"wp-image-5477\"\/><\/figure><\/li><li class=\"blocks-gallery-item\"><figure><img decoding=\"async\" src=\"https:\/\/newsroom.armandotesta.it\/wp-content\/uploads\/2021\/12\/06-1024x433.jpg\" alt=\"\" data-id=\"5478\" data-link=\"https:\/\/newsroom.armandotesta.it\/it\/?attachment_id=5478\" class=\"wp-image-5478\"\/><\/figure><\/li><\/ul>\n\n\n\n<figure class=\"wp-block-embed-youtube wp-block-embed is-type-video is-provider-youtube wp-embed-aspect-16-9 wp-has-aspect-ratio\"><div class=\"wp-block-embed__wrapper\">\n<iframe loading=\"lazy\" title=\"Mortadella Favola - Il gusto di vivere felici e contenti\" width=\"500\" height=\"281\" src=\"https:\/\/www.youtube.com\/embed\/sW4MAwgewNc?feature=oembed\" frameborder=\"0\" allow=\"accelerometer; autoplay; clipboard-write; encrypted-media; gyroscope; picture-in-picture; web-share\" referrerpolicy=\"strict-origin-when-cross-origin\" allowfullscreen><\/iframe>\n<\/div><\/figure>\n","protected":false},"excerpt":{"rendered":"<p>Le nostre vite sono fatte di tanti piccoli momenti di felicit\u00e0.&nbsp; Frammenti di gioia che si nascondono nelle pieghe della nostra quotidianit\u00e0 e che dobbiamo saper cogliere. Perch\u00e9 \u00e8 l\u00ec che ogni volta la magia si compie. Questo \u00e8 il messaggio alla base della nuova campagna firmata Armando Testa Torino per Mortadella Favola del Salumificio [&hellip;]<\/p>\n","protected":false},"author":1,"featured_media":20479,"comment_status":"closed","ping_status":"closed","sticky":false,"template":"","format":"standard","meta":{"_acf_changed":false,"inline_featured_image":false,"footnotes":""},"categories":[],"tags":[],"class_list":["post-24636","post","type-post","status-publish","format-standard","has-post-thumbnail","hentry"],"acf":false,"yoast_head":"<!-- This site is optimized with the Yoast SEO plugin v27.5 - https:\/\/yoast.com\/product\/yoast-seo-wordpress\/ -->\n<title>IL GUSTO DI VIVERE FELICI E CONTENTI, CON MORTADELLA FAVOLA E ARMANDO TESTA TORINO - Armando Testa<\/title>\n<meta name=\"robots\" content=\"index, follow, max-snippet:-1, max-image-preview:large, max-video-preview:-1\" \/>\n<link rel=\"canonical\" href=\"https:\/\/www.armandotesta.it\/it\/il-gusto-di-vivere-felici-e-contenti-con-mortadella-favola-e-armando-testa-torino\/\" \/>\n<meta property=\"og:locale\" content=\"it_IT\" \/>\n<meta property=\"og:type\" content=\"article\" \/>\n<meta property=\"og:title\" content=\"IL GUSTO DI VIVERE FELICI E CONTENTI, CON MORTADELLA FAVOLA E ARMANDO TESTA TORINO - Armando Testa\" \/>\n<meta property=\"og:description\" content=\"Le nostre vite sono fatte di tanti piccoli momenti di felicit\u00e0.&nbsp; Frammenti di gioia che si nascondono nelle pieghe della nostra quotidianit\u00e0 e che dobbiamo saper cogliere. Perch\u00e9 \u00e8 l\u00ec che ogni volta la magia si compie. Questo \u00e8 il messaggio alla base della nuova campagna firmata Armando Testa Torino per Mortadella Favola del Salumificio [&hellip;]\" \/>\n<meta property=\"og:url\" content=\"https:\/\/www.armandotesta.it\/it\/il-gusto-di-vivere-felici-e-contenti-con-mortadella-favola-e-armando-testa-torino\/\" \/>\n<meta property=\"og:site_name\" content=\"Armando Testa\" \/>\n<meta property=\"article:published_time\" content=\"2021-12-14T16:53:40+00:00\" \/>\n<meta property=\"article:modified_time\" content=\"2024-06-04T13:42:00+00:00\" \/>\n<meta property=\"og:image\" content=\"https:\/\/www.armandotesta.it\/wp-content\/uploads\/2024\/06\/01-scaled.jpg\" \/>\n\t<meta property=\"og:image:width\" content=\"2560\" \/>\n\t<meta property=\"og:image:height\" content=\"1212\" \/>\n\t<meta property=\"og:image:type\" content=\"image\/jpeg\" \/>\n<meta name=\"author\" content=\"admAT\" \/>\n<meta name=\"twitter:card\" content=\"summary_large_image\" \/>\n<meta name=\"twitter:label1\" content=\"Scritto da\" \/>\n\t<meta name=\"twitter:data1\" content=\"admAT\" \/>\n\t<meta name=\"twitter:label2\" content=\"Tempo di lettura stimato\" \/>\n\t<meta name=\"twitter:data2\" content=\"2 minuti\" \/>\n<script type=\"application\/ld+json\" class=\"yoast-schema-graph\">{\"@context\":\"https:\\\/\\\/schema.org\",\"@graph\":[{\"@type\":\"Article\",\"@id\":\"https:\\\/\\\/www.armandotesta.it\\\/it\\\/il-gusto-di-vivere-felici-e-contenti-con-mortadella-favola-e-armando-testa-torino\\\/#article\",\"isPartOf\":{\"@id\":\"https:\\\/\\\/www.armandotesta.it\\\/it\\\/il-gusto-di-vivere-felici-e-contenti-con-mortadella-favola-e-armando-testa-torino\\\/\"},\"author\":{\"name\":\"admAT\",\"@id\":\"https:\\\/\\\/www.armandotesta.it\\\/it\\\/#\\\/schema\\\/person\\\/46d1d2d167e5f7b857761f0d5183a848\"},\"headline\":\"IL GUSTO DI VIVERE FELICI E CONTENTI, CON MORTADELLA FAVOLA E ARMANDO TESTA TORINO\",\"datePublished\":\"2021-12-14T16:53:40+00:00\",\"dateModified\":\"2024-06-04T13:42:00+00:00\",\"mainEntityOfPage\":{\"@id\":\"https:\\\/\\\/www.armandotesta.it\\\/it\\\/il-gusto-di-vivere-felici-e-contenti-con-mortadella-favola-e-armando-testa-torino\\\/\"},\"wordCount\":353,\"publisher\":{\"@id\":\"https:\\\/\\\/www.armandotesta.it\\\/it\\\/#organization\"},\"image\":{\"@id\":\"https:\\\/\\\/www.armandotesta.it\\\/it\\\/il-gusto-di-vivere-felici-e-contenti-con-mortadella-favola-e-armando-testa-torino\\\/#primaryimage\"},\"thumbnailUrl\":\"https:\\\/\\\/www.armandotesta.it\\\/wp-content\\\/uploads\\\/2024\\\/06\\\/01-scaled.jpg\",\"inLanguage\":\"it-IT\"},{\"@type\":\"WebPage\",\"@id\":\"https:\\\/\\\/www.armandotesta.it\\\/it\\\/il-gusto-di-vivere-felici-e-contenti-con-mortadella-favola-e-armando-testa-torino\\\/\",\"url\":\"https:\\\/\\\/www.armandotesta.it\\\/it\\\/il-gusto-di-vivere-felici-e-contenti-con-mortadella-favola-e-armando-testa-torino\\\/\",\"name\":\"IL GUSTO DI VIVERE FELICI E CONTENTI, CON MORTADELLA FAVOLA E ARMANDO TESTA TORINO - Armando Testa\",\"isPartOf\":{\"@id\":\"https:\\\/\\\/www.armandotesta.it\\\/it\\\/#website\"},\"primaryImageOfPage\":{\"@id\":\"https:\\\/\\\/www.armandotesta.it\\\/it\\\/il-gusto-di-vivere-felici-e-contenti-con-mortadella-favola-e-armando-testa-torino\\\/#primaryimage\"},\"image\":{\"@id\":\"https:\\\/\\\/www.armandotesta.it\\\/it\\\/il-gusto-di-vivere-felici-e-contenti-con-mortadella-favola-e-armando-testa-torino\\\/#primaryimage\"},\"thumbnailUrl\":\"https:\\\/\\\/www.armandotesta.it\\\/wp-content\\\/uploads\\\/2024\\\/06\\\/01-scaled.jpg\",\"datePublished\":\"2021-12-14T16:53:40+00:00\",\"dateModified\":\"2024-06-04T13:42:00+00:00\",\"breadcrumb\":{\"@id\":\"https:\\\/\\\/www.armandotesta.it\\\/it\\\/il-gusto-di-vivere-felici-e-contenti-con-mortadella-favola-e-armando-testa-torino\\\/#breadcrumb\"},\"inLanguage\":\"it-IT\",\"potentialAction\":[{\"@type\":\"ReadAction\",\"target\":[\"https:\\\/\\\/www.armandotesta.it\\\/it\\\/il-gusto-di-vivere-felici-e-contenti-con-mortadella-favola-e-armando-testa-torino\\\/\"]}]},{\"@type\":\"ImageObject\",\"inLanguage\":\"it-IT\",\"@id\":\"https:\\\/\\\/www.armandotesta.it\\\/it\\\/il-gusto-di-vivere-felici-e-contenti-con-mortadella-favola-e-armando-testa-torino\\\/#primaryimage\",\"url\":\"https:\\\/\\\/www.armandotesta.it\\\/wp-content\\\/uploads\\\/2024\\\/06\\\/01-scaled.jpg\",\"contentUrl\":\"https:\\\/\\\/www.armandotesta.it\\\/wp-content\\\/uploads\\\/2024\\\/06\\\/01-scaled.jpg\",\"width\":2560,\"height\":1212},{\"@type\":\"BreadcrumbList\",\"@id\":\"https:\\\/\\\/www.armandotesta.it\\\/it\\\/il-gusto-di-vivere-felici-e-contenti-con-mortadella-favola-e-armando-testa-torino\\\/#breadcrumb\",\"itemListElement\":[{\"@type\":\"ListItem\",\"position\":1,\"name\":\"Home\",\"item\":\"https:\\\/\\\/www.armandotesta.it\\\/it\\\/\"},{\"@type\":\"ListItem\",\"position\":2,\"name\":\"IL GUSTO DI VIVERE FELICI E CONTENTI, CON MORTADELLA FAVOLA E ARMANDO TESTA TORINO\"}]},{\"@type\":\"WebSite\",\"@id\":\"https:\\\/\\\/www.armandotesta.it\\\/it\\\/#website\",\"url\":\"https:\\\/\\\/www.armandotesta.it\\\/it\\\/\",\"name\":\"Armando Testa\",\"description\":\"\",\"publisher\":{\"@id\":\"https:\\\/\\\/www.armandotesta.it\\\/it\\\/#organization\"},\"potentialAction\":[{\"@type\":\"SearchAction\",\"target\":{\"@type\":\"EntryPoint\",\"urlTemplate\":\"https:\\\/\\\/www.armandotesta.it\\\/it\\\/?s={search_term_string}\"},\"query-input\":{\"@type\":\"PropertyValueSpecification\",\"valueRequired\":true,\"valueName\":\"search_term_string\"}}],\"inLanguage\":\"it-IT\"},{\"@type\":\"Organization\",\"@id\":\"https:\\\/\\\/www.armandotesta.it\\\/it\\\/#organization\",\"name\":\"Armando Testa\",\"url\":\"https:\\\/\\\/www.armandotesta.it\\\/it\\\/\",\"logo\":{\"@type\":\"ImageObject\",\"inLanguage\":\"it-IT\",\"@id\":\"https:\\\/\\\/www.armandotesta.it\\\/it\\\/#\\\/schema\\\/logo\\\/image\\\/\",\"url\":\"https:\\\/\\\/www.armandotesta.it\\\/wp-content\\\/uploads\\\/2024\\\/01\\\/logo-at.png\",\"contentUrl\":\"https:\\\/\\\/www.armandotesta.it\\\/wp-content\\\/uploads\\\/2024\\\/01\\\/logo-at.png\",\"width\":200,\"height\":200,\"caption\":\"Armando Testa\"},\"image\":{\"@id\":\"https:\\\/\\\/www.armandotesta.it\\\/it\\\/#\\\/schema\\\/logo\\\/image\\\/\"}},{\"@type\":\"Person\",\"@id\":\"https:\\\/\\\/www.armandotesta.it\\\/it\\\/#\\\/schema\\\/person\\\/46d1d2d167e5f7b857761f0d5183a848\",\"name\":\"admAT\",\"image\":{\"@type\":\"ImageObject\",\"inLanguage\":\"it-IT\",\"@id\":\"https:\\\/\\\/secure.gravatar.com\\\/avatar\\\/9772e708d87105ee06ea2e627102fade92688c33bb2e0083a7a18b56280f7239?s=96&d=mm&r=g\",\"url\":\"https:\\\/\\\/secure.gravatar.com\\\/avatar\\\/9772e708d87105ee06ea2e627102fade92688c33bb2e0083a7a18b56280f7239?s=96&d=mm&r=g\",\"contentUrl\":\"https:\\\/\\\/secure.gravatar.com\\\/avatar\\\/9772e708d87105ee06ea2e627102fade92688c33bb2e0083a7a18b56280f7239?s=96&d=mm&r=g\",\"caption\":\"admAT\"},\"sameAs\":[\"https:\\\/\\\/www.armandotesta.it\"],\"url\":\"https:\\\/\\\/www.armandotesta.it\\\/it\\\/author\\\/admat\\\/\"}]}<\/script>\n<!-- \/ Yoast SEO plugin. -->","yoast_head_json":{"title":"IL GUSTO DI VIVERE FELICI E CONTENTI, CON MORTADELLA FAVOLA E ARMANDO TESTA TORINO - Armando Testa","robots":{"index":"index","follow":"follow","max-snippet":"max-snippet:-1","max-image-preview":"max-image-preview:large","max-video-preview":"max-video-preview:-1"},"canonical":"https:\/\/www.armandotesta.it\/it\/il-gusto-di-vivere-felici-e-contenti-con-mortadella-favola-e-armando-testa-torino\/","og_locale":"it_IT","og_type":"article","og_title":"IL GUSTO DI VIVERE FELICI E CONTENTI, CON MORTADELLA FAVOLA E ARMANDO TESTA TORINO - Armando Testa","og_description":"Le nostre vite sono fatte di tanti piccoli momenti di felicit\u00e0.&nbsp; Frammenti di gioia che si nascondono nelle pieghe della nostra quotidianit\u00e0 e che dobbiamo saper cogliere. Perch\u00e9 \u00e8 l\u00ec che ogni volta la magia si compie. Questo \u00e8 il messaggio alla base della nuova campagna firmata Armando Testa Torino per Mortadella Favola del Salumificio [&hellip;]","og_url":"https:\/\/www.armandotesta.it\/it\/il-gusto-di-vivere-felici-e-contenti-con-mortadella-favola-e-armando-testa-torino\/","og_site_name":"Armando Testa","article_published_time":"2021-12-14T16:53:40+00:00","article_modified_time":"2024-06-04T13:42:00+00:00","og_image":[{"width":2560,"height":1212,"url":"https:\/\/www.armandotesta.it\/wp-content\/uploads\/2024\/06\/01-scaled.jpg","type":"image\/jpeg"}],"author":"admAT","twitter_card":"summary_large_image","twitter_misc":{"Scritto da":"admAT","Tempo di lettura stimato":"2 minuti"},"schema":{"@context":"https:\/\/schema.org","@graph":[{"@type":"Article","@id":"https:\/\/www.armandotesta.it\/it\/il-gusto-di-vivere-felici-e-contenti-con-mortadella-favola-e-armando-testa-torino\/#article","isPartOf":{"@id":"https:\/\/www.armandotesta.it\/it\/il-gusto-di-vivere-felici-e-contenti-con-mortadella-favola-e-armando-testa-torino\/"},"author":{"name":"admAT","@id":"https:\/\/www.armandotesta.it\/it\/#\/schema\/person\/46d1d2d167e5f7b857761f0d5183a848"},"headline":"IL GUSTO DI VIVERE FELICI E CONTENTI, CON MORTADELLA FAVOLA E ARMANDO TESTA TORINO","datePublished":"2021-12-14T16:53:40+00:00","dateModified":"2024-06-04T13:42:00+00:00","mainEntityOfPage":{"@id":"https:\/\/www.armandotesta.it\/it\/il-gusto-di-vivere-felici-e-contenti-con-mortadella-favola-e-armando-testa-torino\/"},"wordCount":353,"publisher":{"@id":"https:\/\/www.armandotesta.it\/it\/#organization"},"image":{"@id":"https:\/\/www.armandotesta.it\/it\/il-gusto-di-vivere-felici-e-contenti-con-mortadella-favola-e-armando-testa-torino\/#primaryimage"},"thumbnailUrl":"https:\/\/www.armandotesta.it\/wp-content\/uploads\/2024\/06\/01-scaled.jpg","inLanguage":"it-IT"},{"@type":"WebPage","@id":"https:\/\/www.armandotesta.it\/it\/il-gusto-di-vivere-felici-e-contenti-con-mortadella-favola-e-armando-testa-torino\/","url":"https:\/\/www.armandotesta.it\/it\/il-gusto-di-vivere-felici-e-contenti-con-mortadella-favola-e-armando-testa-torino\/","name":"IL GUSTO DI VIVERE FELICI E CONTENTI, CON MORTADELLA FAVOLA E ARMANDO TESTA TORINO - Armando Testa","isPartOf":{"@id":"https:\/\/www.armandotesta.it\/it\/#website"},"primaryImageOfPage":{"@id":"https:\/\/www.armandotesta.it\/it\/il-gusto-di-vivere-felici-e-contenti-con-mortadella-favola-e-armando-testa-torino\/#primaryimage"},"image":{"@id":"https:\/\/www.armandotesta.it\/it\/il-gusto-di-vivere-felici-e-contenti-con-mortadella-favola-e-armando-testa-torino\/#primaryimage"},"thumbnailUrl":"https:\/\/www.armandotesta.it\/wp-content\/uploads\/2024\/06\/01-scaled.jpg","datePublished":"2021-12-14T16:53:40+00:00","dateModified":"2024-06-04T13:42:00+00:00","breadcrumb":{"@id":"https:\/\/www.armandotesta.it\/it\/il-gusto-di-vivere-felici-e-contenti-con-mortadella-favola-e-armando-testa-torino\/#breadcrumb"},"inLanguage":"it-IT","potentialAction":[{"@type":"ReadAction","target":["https:\/\/www.armandotesta.it\/it\/il-gusto-di-vivere-felici-e-contenti-con-mortadella-favola-e-armando-testa-torino\/"]}]},{"@type":"ImageObject","inLanguage":"it-IT","@id":"https:\/\/www.armandotesta.it\/it\/il-gusto-di-vivere-felici-e-contenti-con-mortadella-favola-e-armando-testa-torino\/#primaryimage","url":"https:\/\/www.armandotesta.it\/wp-content\/uploads\/2024\/06\/01-scaled.jpg","contentUrl":"https:\/\/www.armandotesta.it\/wp-content\/uploads\/2024\/06\/01-scaled.jpg","width":2560,"height":1212},{"@type":"BreadcrumbList","@id":"https:\/\/www.armandotesta.it\/it\/il-gusto-di-vivere-felici-e-contenti-con-mortadella-favola-e-armando-testa-torino\/#breadcrumb","itemListElement":[{"@type":"ListItem","position":1,"name":"Home","item":"https:\/\/www.armandotesta.it\/it\/"},{"@type":"ListItem","position":2,"name":"IL GUSTO DI VIVERE FELICI E CONTENTI, CON MORTADELLA FAVOLA E ARMANDO TESTA TORINO"}]},{"@type":"WebSite","@id":"https:\/\/www.armandotesta.it\/it\/#website","url":"https:\/\/www.armandotesta.it\/it\/","name":"Armando Testa","description":"","publisher":{"@id":"https:\/\/www.armandotesta.it\/it\/#organization"},"potentialAction":[{"@type":"SearchAction","target":{"@type":"EntryPoint","urlTemplate":"https:\/\/www.armandotesta.it\/it\/?s={search_term_string}"},"query-input":{"@type":"PropertyValueSpecification","valueRequired":true,"valueName":"search_term_string"}}],"inLanguage":"it-IT"},{"@type":"Organization","@id":"https:\/\/www.armandotesta.it\/it\/#organization","name":"Armando Testa","url":"https:\/\/www.armandotesta.it\/it\/","logo":{"@type":"ImageObject","inLanguage":"it-IT","@id":"https:\/\/www.armandotesta.it\/it\/#\/schema\/logo\/image\/","url":"https:\/\/www.armandotesta.it\/wp-content\/uploads\/2024\/01\/logo-at.png","contentUrl":"https:\/\/www.armandotesta.it\/wp-content\/uploads\/2024\/01\/logo-at.png","width":200,"height":200,"caption":"Armando Testa"},"image":{"@id":"https:\/\/www.armandotesta.it\/it\/#\/schema\/logo\/image\/"}},{"@type":"Person","@id":"https:\/\/www.armandotesta.it\/it\/#\/schema\/person\/46d1d2d167e5f7b857761f0d5183a848","name":"admAT","image":{"@type":"ImageObject","inLanguage":"it-IT","@id":"https:\/\/secure.gravatar.com\/avatar\/9772e708d87105ee06ea2e627102fade92688c33bb2e0083a7a18b56280f7239?s=96&d=mm&r=g","url":"https:\/\/secure.gravatar.com\/avatar\/9772e708d87105ee06ea2e627102fade92688c33bb2e0083a7a18b56280f7239?s=96&d=mm&r=g","contentUrl":"https:\/\/secure.gravatar.com\/avatar\/9772e708d87105ee06ea2e627102fade92688c33bb2e0083a7a18b56280f7239?s=96&d=mm&r=g","caption":"admAT"},"sameAs":["https:\/\/www.armandotesta.it"],"url":"https:\/\/www.armandotesta.it\/it\/author\/admat\/"}]}},"_links":{"self":[{"href":"https:\/\/www.armandotesta.it\/it\/wp-json\/wp\/v2\/posts\/24636","targetHints":{"allow":["GET"]}}],"collection":[{"href":"https:\/\/www.armandotesta.it\/it\/wp-json\/wp\/v2\/posts"}],"about":[{"href":"https:\/\/www.armandotesta.it\/it\/wp-json\/wp\/v2\/types\/post"}],"author":[{"embeddable":true,"href":"https:\/\/www.armandotesta.it\/it\/wp-json\/wp\/v2\/users\/1"}],"replies":[{"embeddable":true,"href":"https:\/\/www.armandotesta.it\/it\/wp-json\/wp\/v2\/comments?post=24636"}],"version-history":[{"count":1,"href":"https:\/\/www.armandotesta.it\/it\/wp-json\/wp\/v2\/posts\/24636\/revisions"}],"predecessor-version":[{"id":25594,"href":"https:\/\/www.armandotesta.it\/it\/wp-json\/wp\/v2\/posts\/24636\/revisions\/25594"}],"wp:featuredmedia":[{"embeddable":true,"href":"https:\/\/www.armandotesta.it\/it\/wp-json\/wp\/v2\/media\/20479"}],"wp:attachment":[{"href":"https:\/\/www.armandotesta.it\/it\/wp-json\/wp\/v2\/media?parent=24636"}],"wp:term":[{"taxonomy":"category","embeddable":true,"href":"https:\/\/www.armandotesta.it\/it\/wp-json\/wp\/v2\/categories?post=24636"},{"taxonomy":"post_tag","embeddable":true,"href":"https:\/\/www.armandotesta.it\/it\/wp-json\/wp\/v2\/tags?post=24636"}],"curies":[{"name":"wp","href":"https:\/\/api.w.org\/{rel}","templated":true}]}}