{"id":24582,"date":"2021-07-29T13:33:47","date_gmt":"2021-07-29T11:33:47","guid":{"rendered":"https:\/\/www.armandotesta.it\/chiquita-e-armando-testa-ci-portano-in-un-mondo-giallo-di-bonta\/"},"modified":"2024-06-04T15:41:44","modified_gmt":"2024-06-04T13:41:44","slug":"chiquita-e-armando-testa-ci-portano-in-un-mondo-giallo-di-bonta","status":"publish","type":"post","link":"https:\/\/www.armandotesta.it\/it\/chiquita-e-armando-testa-ci-portano-in-un-mondo-giallo-di-bonta\/","title":{"rendered":"Chiquita e Armando Testa ci portano in un mondo giallo di bont\u00e0"},"content":{"rendered":"\n<p>Bella, colorata, buona e naturalmente capace di portare allegria: una banana Chiquita, si sa\u2026 \u00e8 cos\u00ec, perch\u00e9 da sempre rappresenta il top della qualit\u00e0! Cosa poteva esserci di pi\u00f9 spontaneo, quindi, di raccontare questo mondo di gioia e bont\u00e0 attraverso gli occhi di una bambina?<\/p>\n\n\n\n<p>La storia che Armando Testa, insieme a Chiquita, ha ideato e messo in scena nella nuova campagna internazionale vede infatti come protagonista Linda, una bambina solare, che ama il giallo in tutte le sue forme: i palloncini gialli e i fiori gialli, ma anche il cielo giallo e l\u2019acqua gialla, ovviamente coi pesci gialli. E questo perch\u00e9 il giallo \u00e8 il colore della bont\u00e0 e della gioia, spontanea e naturale, come sa chiunque abbia mai dato un morso a una banana Chiquita: basta provare!<\/p>\n\n\n\n<p>La campagna riflette i valori e i codici del brand, la bambina ci accompagna in un mondo ispirato ai toni del giallo e del blu, un mondo fatto di spensieratezza, bont\u00e0 e positivit\u00e0, in cui \u00e8 bello credere che una banana abbia il potere di far vedere le piccole cose in modo diverso.<\/p>\n\n\n\n<p>La musica, infine, \u00e8 stata adattata ad hoc come remake dell\u2019inconfondibile jingle di marca e accompagna le scene in un crescendo di gioia e buonumore.<\/p>\n\n\n\n<p>La campagna, realizzata da Armando Testa sotto la Direzione Creativa Esecutiva di Michele Mariani, \u00e8 stata prodotta da Little Bull Studios con la regia di Cinzia Pedrizzetti. \u00c8 on air in USA, Belgio, Olanda, Germania, Grecia e Italia.<\/p>\n\n\n\n<p><strong>CREDITS:<\/strong><\/p>\n\n\n\n<p><strong>Cliente:<\/strong>&nbsp;Chiquita<\/p>\n\n\n\n<p><strong>Agenzia:<\/strong>&nbsp;Armando Testa<\/p>\n\n\n\n<p><strong>Direttore Creativo Esecutivo:<\/strong>&nbsp;Michele Mariani<\/p>\n\n\n\n<p><strong>Creative team:<\/strong>&nbsp;Barbara Ghiotti, Sara Greco<\/p>\n\n\n\n<p><strong>Account Service:<\/strong>&nbsp;Gina Graci<\/p>\n\n\n\n<p><strong>Regia:<\/strong>&nbsp;Cinzia Pedrizzetti<\/p>\n\n\n\n<p><strong>Direttore della Fotografia:<\/strong>&nbsp;Eira Wyn Jones<\/p>\n\n\n\n<p><strong>Casa di Produzione:<\/strong>&nbsp;Little Bull Studios<\/p>\n\n\n\n<p><strong>Post:<\/strong>&nbsp;Band<\/p>\n\n\n\n<p><strong>Musica e sound design del jingle Chiquita:<\/strong>&nbsp;Moka music<strong>Jingle originale Chiquita:<\/strong>&nbsp;Testi e musica di Garth Montgomery, Leonard Mackenzie, William Wirges, su licenza e con l\u2019autorizzazione di Chiquita Brands L.L.C. \u00a9 1945 Shawnee Press, Inc.<\/p>\n\n\n\n<ul class=\"wp-block-gallery columns-2 is-cropped wp-block-gallery-1 is-layout-flex wp-block-gallery-is-layout-flex\"><li class=\"blocks-gallery-item\"><figure><img decoding=\"async\" src=\"https:\/\/newsroom.armandotesta.it\/wp-content\/uploads\/2021\/07\/linda_ducks-1024x430.jpg\" alt=\"\" data-id=\"5263\" data-link=\"https:\/\/newsroom.armandotesta.it\/it\/?attachment_id=5263\" class=\"wp-image-5263\"\/><\/figure><\/li><li class=\"blocks-gallery-item\"><figure><img decoding=\"async\" src=\"https:\/\/newsroom.armandotesta.it\/wp-content\/uploads\/2021\/07\/Linda_flowers-1024x431.jpg\" alt=\"\" data-id=\"5264\" data-link=\"https:\/\/newsroom.armandotesta.it\/it\/?attachment_id=5264\" class=\"wp-image-5264\"\/><\/figure><\/li><\/ul>\n\n\n\n<figure class=\"wp-block-embed-youtube wp-block-embed is-type-video is-provider-youtube wp-embed-aspect-16-9 wp-has-aspect-ratio\"><div class=\"wp-block-embed__wrapper\">\nhttps:\/\/youtu.be\/_PWu2XLzgf0\n<\/div><\/figure>\n","protected":false},"excerpt":{"rendered":"<p>Bella, colorata, buona e naturalmente capace di portare allegria: una banana Chiquita, si sa\u2026 \u00e8 cos\u00ec, perch\u00e9 da sempre rappresenta il top della qualit\u00e0! Cosa poteva esserci di pi\u00f9 spontaneo, quindi, di raccontare questo mondo di gioia e bont\u00e0 attraverso gli occhi di una bambina? La storia che Armando Testa, insieme a Chiquita, ha ideato [&hellip;]<\/p>\n","protected":false},"author":1,"featured_media":20426,"comment_status":"closed","ping_status":"closed","sticky":false,"template":"","format":"standard","meta":{"_acf_changed":false,"inline_featured_image":false,"footnotes":""},"categories":[],"tags":[],"class_list":["post-24582","post","type-post","status-publish","format-standard","has-post-thumbnail","hentry"],"acf":false,"yoast_head":"<!-- This site is optimized with the Yoast SEO plugin v27.5 - https:\/\/yoast.com\/product\/yoast-seo-wordpress\/ -->\n<title>Chiquita e Armando Testa ci portano in un mondo giallo di bont\u00e0 - Armando Testa<\/title>\n<meta name=\"robots\" content=\"index, follow, max-snippet:-1, max-image-preview:large, max-video-preview:-1\" \/>\n<link rel=\"canonical\" href=\"https:\/\/www.armandotesta.it\/it\/chiquita-e-armando-testa-ci-portano-in-un-mondo-giallo-di-bonta\/\" \/>\n<meta property=\"og:locale\" content=\"it_IT\" \/>\n<meta property=\"og:type\" content=\"article\" \/>\n<meta property=\"og:title\" content=\"Chiquita e Armando Testa ci portano in un mondo giallo di bont\u00e0 - Armando Testa\" \/>\n<meta property=\"og:description\" content=\"Bella, colorata, buona e naturalmente capace di portare allegria: una banana Chiquita, si sa\u2026 \u00e8 cos\u00ec, perch\u00e9 da sempre rappresenta il top della qualit\u00e0! Cosa poteva esserci di pi\u00f9 spontaneo, quindi, di raccontare questo mondo di gioia e bont\u00e0 attraverso gli occhi di una bambina? La storia che Armando Testa, insieme a Chiquita, ha ideato [&hellip;]\" \/>\n<meta property=\"og:url\" content=\"https:\/\/www.armandotesta.it\/it\/chiquita-e-armando-testa-ci-portano-in-un-mondo-giallo-di-bonta\/\" \/>\n<meta property=\"og:site_name\" content=\"Armando Testa\" \/>\n<meta property=\"article:published_time\" content=\"2021-07-29T11:33:47+00:00\" \/>\n<meta property=\"article:modified_time\" content=\"2024-06-04T13:41:44+00:00\" \/>\n<meta property=\"og:image\" content=\"https:\/\/www.armandotesta.it\/wp-content\/uploads\/2024\/06\/Linda_flowers-scaled.jpg\" \/>\n\t<meta property=\"og:image:width\" content=\"2560\" \/>\n\t<meta property=\"og:image:height\" content=\"1078\" \/>\n\t<meta property=\"og:image:type\" content=\"image\/jpeg\" \/>\n<meta name=\"author\" content=\"admAT\" \/>\n<meta name=\"twitter:card\" content=\"summary_large_image\" \/>\n<meta name=\"twitter:label1\" content=\"Scritto da\" \/>\n\t<meta name=\"twitter:data1\" content=\"admAT\" \/>\n\t<meta name=\"twitter:label2\" content=\"Tempo di lettura stimato\" \/>\n\t<meta name=\"twitter:data2\" content=\"2 minuti\" \/>\n<script type=\"application\/ld+json\" class=\"yoast-schema-graph\">{\"@context\":\"https:\\\/\\\/schema.org\",\"@graph\":[{\"@type\":\"Article\",\"@id\":\"https:\\\/\\\/www.armandotesta.it\\\/it\\\/chiquita-e-armando-testa-ci-portano-in-un-mondo-giallo-di-bonta\\\/#article\",\"isPartOf\":{\"@id\":\"https:\\\/\\\/www.armandotesta.it\\\/it\\\/chiquita-e-armando-testa-ci-portano-in-un-mondo-giallo-di-bonta\\\/\"},\"author\":{\"name\":\"admAT\",\"@id\":\"https:\\\/\\\/www.armandotesta.it\\\/it\\\/#\\\/schema\\\/person\\\/46d1d2d167e5f7b857761f0d5183a848\"},\"headline\":\"Chiquita e Armando Testa ci portano in un mondo giallo di bont\u00e0\",\"datePublished\":\"2021-07-29T11:33:47+00:00\",\"dateModified\":\"2024-06-04T13:41:44+00:00\",\"mainEntityOfPage\":{\"@id\":\"https:\\\/\\\/www.armandotesta.it\\\/it\\\/chiquita-e-armando-testa-ci-portano-in-un-mondo-giallo-di-bonta\\\/\"},\"wordCount\":343,\"publisher\":{\"@id\":\"https:\\\/\\\/www.armandotesta.it\\\/it\\\/#organization\"},\"image\":{\"@id\":\"https:\\\/\\\/www.armandotesta.it\\\/it\\\/chiquita-e-armando-testa-ci-portano-in-un-mondo-giallo-di-bonta\\\/#primaryimage\"},\"thumbnailUrl\":\"https:\\\/\\\/www.armandotesta.it\\\/wp-content\\\/uploads\\\/2024\\\/06\\\/Linda_flowers-scaled.jpg\",\"inLanguage\":\"it-IT\"},{\"@type\":\"WebPage\",\"@id\":\"https:\\\/\\\/www.armandotesta.it\\\/it\\\/chiquita-e-armando-testa-ci-portano-in-un-mondo-giallo-di-bonta\\\/\",\"url\":\"https:\\\/\\\/www.armandotesta.it\\\/it\\\/chiquita-e-armando-testa-ci-portano-in-un-mondo-giallo-di-bonta\\\/\",\"name\":\"Chiquita e Armando Testa ci portano in un mondo giallo di bont\u00e0 - Armando Testa\",\"isPartOf\":{\"@id\":\"https:\\\/\\\/www.armandotesta.it\\\/it\\\/#website\"},\"primaryImageOfPage\":{\"@id\":\"https:\\\/\\\/www.armandotesta.it\\\/it\\\/chiquita-e-armando-testa-ci-portano-in-un-mondo-giallo-di-bonta\\\/#primaryimage\"},\"image\":{\"@id\":\"https:\\\/\\\/www.armandotesta.it\\\/it\\\/chiquita-e-armando-testa-ci-portano-in-un-mondo-giallo-di-bonta\\\/#primaryimage\"},\"thumbnailUrl\":\"https:\\\/\\\/www.armandotesta.it\\\/wp-content\\\/uploads\\\/2024\\\/06\\\/Linda_flowers-scaled.jpg\",\"datePublished\":\"2021-07-29T11:33:47+00:00\",\"dateModified\":\"2024-06-04T13:41:44+00:00\",\"breadcrumb\":{\"@id\":\"https:\\\/\\\/www.armandotesta.it\\\/it\\\/chiquita-e-armando-testa-ci-portano-in-un-mondo-giallo-di-bonta\\\/#breadcrumb\"},\"inLanguage\":\"it-IT\",\"potentialAction\":[{\"@type\":\"ReadAction\",\"target\":[\"https:\\\/\\\/www.armandotesta.it\\\/it\\\/chiquita-e-armando-testa-ci-portano-in-un-mondo-giallo-di-bonta\\\/\"]}]},{\"@type\":\"ImageObject\",\"inLanguage\":\"it-IT\",\"@id\":\"https:\\\/\\\/www.armandotesta.it\\\/it\\\/chiquita-e-armando-testa-ci-portano-in-un-mondo-giallo-di-bonta\\\/#primaryimage\",\"url\":\"https:\\\/\\\/www.armandotesta.it\\\/wp-content\\\/uploads\\\/2024\\\/06\\\/Linda_flowers-scaled.jpg\",\"contentUrl\":\"https:\\\/\\\/www.armandotesta.it\\\/wp-content\\\/uploads\\\/2024\\\/06\\\/Linda_flowers-scaled.jpg\",\"width\":2560,\"height\":1078},{\"@type\":\"BreadcrumbList\",\"@id\":\"https:\\\/\\\/www.armandotesta.it\\\/it\\\/chiquita-e-armando-testa-ci-portano-in-un-mondo-giallo-di-bonta\\\/#breadcrumb\",\"itemListElement\":[{\"@type\":\"ListItem\",\"position\":1,\"name\":\"Home\",\"item\":\"https:\\\/\\\/www.armandotesta.it\\\/it\\\/\"},{\"@type\":\"ListItem\",\"position\":2,\"name\":\"Chiquita e Armando Testa ci portano in un mondo giallo di bont\u00e0\"}]},{\"@type\":\"WebSite\",\"@id\":\"https:\\\/\\\/www.armandotesta.it\\\/it\\\/#website\",\"url\":\"https:\\\/\\\/www.armandotesta.it\\\/it\\\/\",\"name\":\"Armando Testa\",\"description\":\"\",\"publisher\":{\"@id\":\"https:\\\/\\\/www.armandotesta.it\\\/it\\\/#organization\"},\"potentialAction\":[{\"@type\":\"SearchAction\",\"target\":{\"@type\":\"EntryPoint\",\"urlTemplate\":\"https:\\\/\\\/www.armandotesta.it\\\/it\\\/?s={search_term_string}\"},\"query-input\":{\"@type\":\"PropertyValueSpecification\",\"valueRequired\":true,\"valueName\":\"search_term_string\"}}],\"inLanguage\":\"it-IT\"},{\"@type\":\"Organization\",\"@id\":\"https:\\\/\\\/www.armandotesta.it\\\/it\\\/#organization\",\"name\":\"Armando Testa\",\"url\":\"https:\\\/\\\/www.armandotesta.it\\\/it\\\/\",\"logo\":{\"@type\":\"ImageObject\",\"inLanguage\":\"it-IT\",\"@id\":\"https:\\\/\\\/www.armandotesta.it\\\/it\\\/#\\\/schema\\\/logo\\\/image\\\/\",\"url\":\"https:\\\/\\\/www.armandotesta.it\\\/wp-content\\\/uploads\\\/2024\\\/01\\\/logo-at.png\",\"contentUrl\":\"https:\\\/\\\/www.armandotesta.it\\\/wp-content\\\/uploads\\\/2024\\\/01\\\/logo-at.png\",\"width\":200,\"height\":200,\"caption\":\"Armando Testa\"},\"image\":{\"@id\":\"https:\\\/\\\/www.armandotesta.it\\\/it\\\/#\\\/schema\\\/logo\\\/image\\\/\"}},{\"@type\":\"Person\",\"@id\":\"https:\\\/\\\/www.armandotesta.it\\\/it\\\/#\\\/schema\\\/person\\\/46d1d2d167e5f7b857761f0d5183a848\",\"name\":\"admAT\",\"image\":{\"@type\":\"ImageObject\",\"inLanguage\":\"it-IT\",\"@id\":\"https:\\\/\\\/secure.gravatar.com\\\/avatar\\\/9772e708d87105ee06ea2e627102fade92688c33bb2e0083a7a18b56280f7239?s=96&d=mm&r=g\",\"url\":\"https:\\\/\\\/secure.gravatar.com\\\/avatar\\\/9772e708d87105ee06ea2e627102fade92688c33bb2e0083a7a18b56280f7239?s=96&d=mm&r=g\",\"contentUrl\":\"https:\\\/\\\/secure.gravatar.com\\\/avatar\\\/9772e708d87105ee06ea2e627102fade92688c33bb2e0083a7a18b56280f7239?s=96&d=mm&r=g\",\"caption\":\"admAT\"},\"sameAs\":[\"https:\\\/\\\/www.armandotesta.it\"],\"url\":\"https:\\\/\\\/www.armandotesta.it\\\/it\\\/author\\\/admat\\\/\"}]}<\/script>\n<!-- \/ Yoast SEO plugin. -->","yoast_head_json":{"title":"Chiquita e Armando Testa ci portano in un mondo giallo di bont\u00e0 - Armando Testa","robots":{"index":"index","follow":"follow","max-snippet":"max-snippet:-1","max-image-preview":"max-image-preview:large","max-video-preview":"max-video-preview:-1"},"canonical":"https:\/\/www.armandotesta.it\/it\/chiquita-e-armando-testa-ci-portano-in-un-mondo-giallo-di-bonta\/","og_locale":"it_IT","og_type":"article","og_title":"Chiquita e Armando Testa ci portano in un mondo giallo di bont\u00e0 - Armando Testa","og_description":"Bella, colorata, buona e naturalmente capace di portare allegria: una banana Chiquita, si sa\u2026 \u00e8 cos\u00ec, perch\u00e9 da sempre rappresenta il top della qualit\u00e0! Cosa poteva esserci di pi\u00f9 spontaneo, quindi, di raccontare questo mondo di gioia e bont\u00e0 attraverso gli occhi di una bambina? La storia che Armando Testa, insieme a Chiquita, ha ideato [&hellip;]","og_url":"https:\/\/www.armandotesta.it\/it\/chiquita-e-armando-testa-ci-portano-in-un-mondo-giallo-di-bonta\/","og_site_name":"Armando Testa","article_published_time":"2021-07-29T11:33:47+00:00","article_modified_time":"2024-06-04T13:41:44+00:00","og_image":[{"width":2560,"height":1078,"url":"https:\/\/www.armandotesta.it\/wp-content\/uploads\/2024\/06\/Linda_flowers-scaled.jpg","type":"image\/jpeg"}],"author":"admAT","twitter_card":"summary_large_image","twitter_misc":{"Scritto da":"admAT","Tempo di lettura stimato":"2 minuti"},"schema":{"@context":"https:\/\/schema.org","@graph":[{"@type":"Article","@id":"https:\/\/www.armandotesta.it\/it\/chiquita-e-armando-testa-ci-portano-in-un-mondo-giallo-di-bonta\/#article","isPartOf":{"@id":"https:\/\/www.armandotesta.it\/it\/chiquita-e-armando-testa-ci-portano-in-un-mondo-giallo-di-bonta\/"},"author":{"name":"admAT","@id":"https:\/\/www.armandotesta.it\/it\/#\/schema\/person\/46d1d2d167e5f7b857761f0d5183a848"},"headline":"Chiquita e Armando Testa ci portano in un mondo giallo di bont\u00e0","datePublished":"2021-07-29T11:33:47+00:00","dateModified":"2024-06-04T13:41:44+00:00","mainEntityOfPage":{"@id":"https:\/\/www.armandotesta.it\/it\/chiquita-e-armando-testa-ci-portano-in-un-mondo-giallo-di-bonta\/"},"wordCount":343,"publisher":{"@id":"https:\/\/www.armandotesta.it\/it\/#organization"},"image":{"@id":"https:\/\/www.armandotesta.it\/it\/chiquita-e-armando-testa-ci-portano-in-un-mondo-giallo-di-bonta\/#primaryimage"},"thumbnailUrl":"https:\/\/www.armandotesta.it\/wp-content\/uploads\/2024\/06\/Linda_flowers-scaled.jpg","inLanguage":"it-IT"},{"@type":"WebPage","@id":"https:\/\/www.armandotesta.it\/it\/chiquita-e-armando-testa-ci-portano-in-un-mondo-giallo-di-bonta\/","url":"https:\/\/www.armandotesta.it\/it\/chiquita-e-armando-testa-ci-portano-in-un-mondo-giallo-di-bonta\/","name":"Chiquita e Armando Testa ci portano in un mondo giallo di bont\u00e0 - Armando Testa","isPartOf":{"@id":"https:\/\/www.armandotesta.it\/it\/#website"},"primaryImageOfPage":{"@id":"https:\/\/www.armandotesta.it\/it\/chiquita-e-armando-testa-ci-portano-in-un-mondo-giallo-di-bonta\/#primaryimage"},"image":{"@id":"https:\/\/www.armandotesta.it\/it\/chiquita-e-armando-testa-ci-portano-in-un-mondo-giallo-di-bonta\/#primaryimage"},"thumbnailUrl":"https:\/\/www.armandotesta.it\/wp-content\/uploads\/2024\/06\/Linda_flowers-scaled.jpg","datePublished":"2021-07-29T11:33:47+00:00","dateModified":"2024-06-04T13:41:44+00:00","breadcrumb":{"@id":"https:\/\/www.armandotesta.it\/it\/chiquita-e-armando-testa-ci-portano-in-un-mondo-giallo-di-bonta\/#breadcrumb"},"inLanguage":"it-IT","potentialAction":[{"@type":"ReadAction","target":["https:\/\/www.armandotesta.it\/it\/chiquita-e-armando-testa-ci-portano-in-un-mondo-giallo-di-bonta\/"]}]},{"@type":"ImageObject","inLanguage":"it-IT","@id":"https:\/\/www.armandotesta.it\/it\/chiquita-e-armando-testa-ci-portano-in-un-mondo-giallo-di-bonta\/#primaryimage","url":"https:\/\/www.armandotesta.it\/wp-content\/uploads\/2024\/06\/Linda_flowers-scaled.jpg","contentUrl":"https:\/\/www.armandotesta.it\/wp-content\/uploads\/2024\/06\/Linda_flowers-scaled.jpg","width":2560,"height":1078},{"@type":"BreadcrumbList","@id":"https:\/\/www.armandotesta.it\/it\/chiquita-e-armando-testa-ci-portano-in-un-mondo-giallo-di-bonta\/#breadcrumb","itemListElement":[{"@type":"ListItem","position":1,"name":"Home","item":"https:\/\/www.armandotesta.it\/it\/"},{"@type":"ListItem","position":2,"name":"Chiquita e Armando Testa ci portano in un mondo giallo di bont\u00e0"}]},{"@type":"WebSite","@id":"https:\/\/www.armandotesta.it\/it\/#website","url":"https:\/\/www.armandotesta.it\/it\/","name":"Armando Testa","description":"","publisher":{"@id":"https:\/\/www.armandotesta.it\/it\/#organization"},"potentialAction":[{"@type":"SearchAction","target":{"@type":"EntryPoint","urlTemplate":"https:\/\/www.armandotesta.it\/it\/?s={search_term_string}"},"query-input":{"@type":"PropertyValueSpecification","valueRequired":true,"valueName":"search_term_string"}}],"inLanguage":"it-IT"},{"@type":"Organization","@id":"https:\/\/www.armandotesta.it\/it\/#organization","name":"Armando Testa","url":"https:\/\/www.armandotesta.it\/it\/","logo":{"@type":"ImageObject","inLanguage":"it-IT","@id":"https:\/\/www.armandotesta.it\/it\/#\/schema\/logo\/image\/","url":"https:\/\/www.armandotesta.it\/wp-content\/uploads\/2024\/01\/logo-at.png","contentUrl":"https:\/\/www.armandotesta.it\/wp-content\/uploads\/2024\/01\/logo-at.png","width":200,"height":200,"caption":"Armando Testa"},"image":{"@id":"https:\/\/www.armandotesta.it\/it\/#\/schema\/logo\/image\/"}},{"@type":"Person","@id":"https:\/\/www.armandotesta.it\/it\/#\/schema\/person\/46d1d2d167e5f7b857761f0d5183a848","name":"admAT","image":{"@type":"ImageObject","inLanguage":"it-IT","@id":"https:\/\/secure.gravatar.com\/avatar\/9772e708d87105ee06ea2e627102fade92688c33bb2e0083a7a18b56280f7239?s=96&d=mm&r=g","url":"https:\/\/secure.gravatar.com\/avatar\/9772e708d87105ee06ea2e627102fade92688c33bb2e0083a7a18b56280f7239?s=96&d=mm&r=g","contentUrl":"https:\/\/secure.gravatar.com\/avatar\/9772e708d87105ee06ea2e627102fade92688c33bb2e0083a7a18b56280f7239?s=96&d=mm&r=g","caption":"admAT"},"sameAs":["https:\/\/www.armandotesta.it"],"url":"https:\/\/www.armandotesta.it\/it\/author\/admat\/"}]}},"_links":{"self":[{"href":"https:\/\/www.armandotesta.it\/it\/wp-json\/wp\/v2\/posts\/24582","targetHints":{"allow":["GET"]}}],"collection":[{"href":"https:\/\/www.armandotesta.it\/it\/wp-json\/wp\/v2\/posts"}],"about":[{"href":"https:\/\/www.armandotesta.it\/it\/wp-json\/wp\/v2\/types\/post"}],"author":[{"embeddable":true,"href":"https:\/\/www.armandotesta.it\/it\/wp-json\/wp\/v2\/users\/1"}],"replies":[{"embeddable":true,"href":"https:\/\/www.armandotesta.it\/it\/wp-json\/wp\/v2\/comments?post=24582"}],"version-history":[{"count":1,"href":"https:\/\/www.armandotesta.it\/it\/wp-json\/wp\/v2\/posts\/24582\/revisions"}],"predecessor-version":[{"id":25540,"href":"https:\/\/www.armandotesta.it\/it\/wp-json\/wp\/v2\/posts\/24582\/revisions\/25540"}],"wp:featuredmedia":[{"embeddable":true,"href":"https:\/\/www.armandotesta.it\/it\/wp-json\/wp\/v2\/media\/20426"}],"wp:attachment":[{"href":"https:\/\/www.armandotesta.it\/it\/wp-json\/wp\/v2\/media?parent=24582"}],"wp:term":[{"taxonomy":"category","embeddable":true,"href":"https:\/\/www.armandotesta.it\/it\/wp-json\/wp\/v2\/categories?post=24582"},{"taxonomy":"post_tag","embeddable":true,"href":"https:\/\/www.armandotesta.it\/it\/wp-json\/wp\/v2\/tags?post=24582"}],"curies":[{"name":"wp","href":"https:\/\/api.w.org\/{rel}","templated":true}]}}