{"id":24571,"date":"2021-06-22T14:52:08","date_gmt":"2021-06-22T12:52:08","guid":{"rendered":"https:\/\/www.armandotesta.it\/lines-petalo-e-armando-testa-insieme-in-una-nuova-campagna-delicata-ma-forte-proprio-come-le-donne\/"},"modified":"2024-06-04T15:41:41","modified_gmt":"2024-06-04T13:41:41","slug":"lines-petalo-e-armando-testa-insieme-in-una-nuova-campagna-delicata-ma-forte-proprio-come-le-donne","status":"publish","type":"post","link":"https:\/\/www.armandotesta.it\/it\/lines-petalo-e-armando-testa-insieme-in-una-nuova-campagna-delicata-ma-forte-proprio-come-le-donne\/","title":{"rendered":"Lines Petalo e Armando Testa, insieme in una nuova campagna  delicata ma forte, proprio come le donne."},"content":{"rendered":"\n<p>Essere delicata non significa essere fragile. Essere romantica non vuol dire essere ingenua. Ed essere sensibile non significa essere debole. Ogni donna \u00e8 delicata e forte, tenera e tenace, sensibile e grintosa allo stesso tempo.&nbsp;<\/p>\n\n\n\n<p>\u00c8 questo il messaggio della nuova campagna di Lines, che torna in comunicazione con il brand Lines Petalo dopo diversi anni per continuare la battaglia contro gli stereotipi di genere. E ancora una volta sceglie di farlo insieme a Armando Testa.<\/p>\n\n\n\n<p>Con il claim&nbsp;\u201cLines Petalo, delicato come un petalo, forte come te\u201d, Lines si rivolge a tutte le donne invitandole a riconoscere la delicatezza ma anche della straordinaria forza che le contraddistingue, proprio come Lines Petalo, delicato e fresco sulla pelle ma assorbente e protettivo come un Lines.<\/p>\n\n\n\n<p>Nello spot 30\u2019\u2019 TV sono protagoniste donne di et\u00e0 diverse che mostrano con naturalezza due aspetti di s\u00e9: quello pi\u00f9 delicato e sensibile ma anche quello pi\u00f9 grintoso e determinato, in vari momenti della vita in cui ogni spettatrice pu\u00f2 riconoscersi. Il copy della campagna gioca su un approccio dicotomico e riesce con un tono diretto e incisivo a comunicare l\u2019importanza di oltrepassare lo stereotipo che le donne siano il sesso debole.<\/p>\n\n\n\n<p>La campagna, on air in TV, prevede anche un adattamento digital e social ad hoc con diversi contenuti studiati apposta per i canali coinvolti che avranno come protagoniste le diverse ragazze protagoniste dello spot.<\/p>\n\n\n\n<p>La produzione, affidata a Think Cattleya, \u00e8 firmata dalla regia di Francesco Calabrese.&nbsp;<\/p>\n\n\n\n<p>Post-produzione di Little Bull Studios.&nbsp;La pianificazione media \u00e8 di Media Italia.<\/p>\n\n\n\n<p>Credits<\/p>\n\n\n\n<p>Team Marketing Fater \u2013&nbsp;Lines<\/p>\n\n\n\n<p>General Manager: Antonio Fazzari<\/p>\n\n\n\n<p>Associate Marketing Director: Ione Volpe<\/p>\n\n\n\n<p>Group Brand Manager: Mariaelena D\u2019Ippolito&nbsp;<\/p>\n\n\n\n<p>Brand Manager: Mariana De Simone &nbsp;&nbsp; &nbsp; &nbsp; &nbsp; &nbsp; &nbsp; &nbsp; &nbsp; &nbsp; &nbsp; &nbsp; &nbsp; &nbsp;<\/p>\n\n\n\n<p>Agenzia: Gruppo Armando Testa<\/p>\n\n\n\n<p>Direttori creativi esecutivi: Georgia Ferraro e Nicola Cellemme<\/p>\n\n\n\n<p>Creative team: Chiara Panattoni, Carlotta Gilardi, Cristina Macchi<\/p>\n\n\n\n<p>Cdp: Think Cattleya<\/p>\n\n\n\n<p>Regia: Francesco Calabrese<\/p>\n\n\n\n<p>Dop:&nbsp;Karim Andreotti<\/p>\n\n\n\n<p>Centro Media: Media Italia &nbsp; &nbsp;<\/p>\n\n\n\n<ul class=\"wp-block-gallery columns-3 is-cropped wp-block-gallery-1 is-layout-flex wp-block-gallery-is-layout-flex\"><li class=\"blocks-gallery-item\"><figure><img decoding=\"async\" src=\"https:\/\/newsroom.armandotesta.it\/wp-content\/uploads\/2021\/06\/Lines_petalo_30s_online_11281_tv_00046-1024x576.jpg\" alt=\"\" data-id=\"5202\" data-link=\"https:\/\/newsroom.armandotesta.it\/it\/?attachment_id=5202\" class=\"wp-image-5202\"\/><\/figure><\/li><li class=\"blocks-gallery-item\"><figure><img decoding=\"async\" src=\"https:\/\/newsroom.armandotesta.it\/wp-content\/uploads\/2021\/06\/Lines_petalo_30s_online_11281_tv_00149-1024x576.jpg\" alt=\"\" data-id=\"5203\" data-link=\"https:\/\/newsroom.armandotesta.it\/it\/?attachment_id=5203\" class=\"wp-image-5203\"\/><\/figure><\/li><li class=\"blocks-gallery-item\"><figure><img decoding=\"async\" src=\"https:\/\/newsroom.armandotesta.it\/wp-content\/uploads\/2021\/06\/Lines_petalo_30s_online_11281_tv_00400-1024x576.jpg\" alt=\"\" data-id=\"5204\" data-link=\"https:\/\/newsroom.armandotesta.it\/it\/?attachment_id=5204\" class=\"wp-image-5204\"\/><\/figure><\/li><li class=\"blocks-gallery-item\"><figure><img decoding=\"async\" src=\"https:\/\/newsroom.armandotesta.it\/wp-content\/uploads\/2021\/06\/Lines_petalo_30s_online_11281_tv_00645-1024x576.jpg\" alt=\"\" data-id=\"5205\" data-link=\"https:\/\/newsroom.armandotesta.it\/it\/?attachment_id=5205\" class=\"wp-image-5205\"\/><\/figure><\/li><li class=\"blocks-gallery-item\"><figure><img decoding=\"async\" src=\"https:\/\/newsroom.armandotesta.it\/wp-content\/uploads\/2021\/06\/Lines_petalo_30s_online_11281_tv_00727-1024x576.jpg\" alt=\"\" data-id=\"5206\" data-link=\"https:\/\/newsroom.armandotesta.it\/it\/?attachment_id=5206\" class=\"wp-image-5206\"\/><\/figure><\/li><\/ul>\n\n\n\n<figure class=\"wp-block-embed-youtube wp-block-embed is-type-video is-provider-youtube wp-embed-aspect-16-9 wp-has-aspect-ratio\"><div class=\"wp-block-embed__wrapper\">\n<iframe loading=\"lazy\" title=\"Lines Petalo - delicato come un petalo, forte come te.\" width=\"500\" height=\"281\" src=\"https:\/\/www.youtube.com\/embed\/gYpiA-qKwgk?feature=oembed\" frameborder=\"0\" allow=\"accelerometer; autoplay; clipboard-write; encrypted-media; gyroscope; picture-in-picture; web-share\" referrerpolicy=\"strict-origin-when-cross-origin\" allowfullscreen><\/iframe>\n<\/div><\/figure>\n","protected":false},"excerpt":{"rendered":"<p>Essere delicata non significa essere fragile. Essere romantica non vuol dire essere ingenua. Ed essere sensibile non significa essere debole. Ogni donna \u00e8 delicata e forte, tenera e tenace, sensibile e grintosa allo stesso tempo.&nbsp; \u00c8 questo il messaggio della nuova campagna di Lines, che torna in comunicazione con il brand Lines Petalo dopo diversi [&hellip;]<\/p>\n","protected":false},"author":1,"featured_media":20409,"comment_status":"closed","ping_status":"closed","sticky":false,"template":"","format":"standard","meta":{"_acf_changed":false,"inline_featured_image":false,"footnotes":""},"categories":[],"tags":[],"class_list":["post-24571","post","type-post","status-publish","format-standard","has-post-thumbnail","hentry"],"acf":false,"yoast_head":"<!-- This site is optimized with the Yoast SEO plugin v27.5 - https:\/\/yoast.com\/product\/yoast-seo-wordpress\/ -->\n<title>Lines Petalo e Armando Testa, insieme in una nuova campagna delicata ma forte, proprio come le donne. - Armando Testa<\/title>\n<meta name=\"robots\" content=\"index, follow, max-snippet:-1, max-image-preview:large, max-video-preview:-1\" \/>\n<link rel=\"canonical\" href=\"https:\/\/www.armandotesta.it\/it\/lines-petalo-e-armando-testa-insieme-in-una-nuova-campagna-delicata-ma-forte-proprio-come-le-donne\/\" \/>\n<meta property=\"og:locale\" content=\"it_IT\" \/>\n<meta property=\"og:type\" content=\"article\" \/>\n<meta property=\"og:title\" content=\"Lines Petalo e Armando Testa, insieme in una nuova campagna delicata ma forte, proprio come le donne. - Armando Testa\" \/>\n<meta property=\"og:description\" content=\"Essere delicata non significa essere fragile. Essere romantica non vuol dire essere ingenua. Ed essere sensibile non significa essere debole. Ogni donna \u00e8 delicata e forte, tenera e tenace, sensibile e grintosa allo stesso tempo.&nbsp; \u00c8 questo il messaggio della nuova campagna di Lines, che torna in comunicazione con il brand Lines Petalo dopo diversi [&hellip;]\" \/>\n<meta property=\"og:url\" content=\"https:\/\/www.armandotesta.it\/it\/lines-petalo-e-armando-testa-insieme-in-una-nuova-campagna-delicata-ma-forte-proprio-come-le-donne\/\" \/>\n<meta property=\"og:site_name\" content=\"Armando Testa\" \/>\n<meta property=\"article:published_time\" content=\"2021-06-22T12:52:08+00:00\" \/>\n<meta property=\"article:modified_time\" content=\"2024-06-04T13:41:41+00:00\" \/>\n<meta property=\"og:image\" content=\"https:\/\/www.armandotesta.it\/wp-content\/uploads\/2024\/06\/Lines_petalo_30s_online_11281_tv_00727.jpg\" \/>\n\t<meta property=\"og:image:width\" content=\"1920\" \/>\n\t<meta property=\"og:image:height\" content=\"1080\" \/>\n\t<meta property=\"og:image:type\" content=\"image\/jpeg\" \/>\n<meta name=\"author\" content=\"admAT\" \/>\n<meta name=\"twitter:card\" content=\"summary_large_image\" \/>\n<meta name=\"twitter:label1\" content=\"Scritto da\" \/>\n\t<meta name=\"twitter:data1\" content=\"admAT\" \/>\n\t<meta name=\"twitter:label2\" content=\"Tempo di lettura stimato\" \/>\n\t<meta name=\"twitter:data2\" content=\"2 minuti\" \/>\n<script type=\"application\/ld+json\" class=\"yoast-schema-graph\">{\"@context\":\"https:\\\/\\\/schema.org\",\"@graph\":[{\"@type\":\"Article\",\"@id\":\"https:\\\/\\\/www.armandotesta.it\\\/it\\\/lines-petalo-e-armando-testa-insieme-in-una-nuova-campagna-delicata-ma-forte-proprio-come-le-donne\\\/#article\",\"isPartOf\":{\"@id\":\"https:\\\/\\\/www.armandotesta.it\\\/it\\\/lines-petalo-e-armando-testa-insieme-in-una-nuova-campagna-delicata-ma-forte-proprio-come-le-donne\\\/\"},\"author\":{\"name\":\"admAT\",\"@id\":\"https:\\\/\\\/www.armandotesta.it\\\/it\\\/#\\\/schema\\\/person\\\/46d1d2d167e5f7b857761f0d5183a848\"},\"headline\":\"Lines Petalo e Armando Testa, insieme in una nuova campagna delicata ma forte, proprio come le donne.\",\"datePublished\":\"2021-06-22T12:52:08+00:00\",\"dateModified\":\"2024-06-04T13:41:41+00:00\",\"mainEntityOfPage\":{\"@id\":\"https:\\\/\\\/www.armandotesta.it\\\/it\\\/lines-petalo-e-armando-testa-insieme-in-una-nuova-campagna-delicata-ma-forte-proprio-come-le-donne\\\/\"},\"wordCount\":353,\"publisher\":{\"@id\":\"https:\\\/\\\/www.armandotesta.it\\\/it\\\/#organization\"},\"image\":{\"@id\":\"https:\\\/\\\/www.armandotesta.it\\\/it\\\/lines-petalo-e-armando-testa-insieme-in-una-nuova-campagna-delicata-ma-forte-proprio-come-le-donne\\\/#primaryimage\"},\"thumbnailUrl\":\"https:\\\/\\\/www.armandotesta.it\\\/wp-content\\\/uploads\\\/2024\\\/06\\\/Lines_petalo_30s_online_11281_tv_00727.jpg\",\"inLanguage\":\"it-IT\"},{\"@type\":\"WebPage\",\"@id\":\"https:\\\/\\\/www.armandotesta.it\\\/it\\\/lines-petalo-e-armando-testa-insieme-in-una-nuova-campagna-delicata-ma-forte-proprio-come-le-donne\\\/\",\"url\":\"https:\\\/\\\/www.armandotesta.it\\\/it\\\/lines-petalo-e-armando-testa-insieme-in-una-nuova-campagna-delicata-ma-forte-proprio-come-le-donne\\\/\",\"name\":\"Lines Petalo e Armando Testa, insieme in una nuova campagna delicata ma forte, proprio come le donne. - Armando Testa\",\"isPartOf\":{\"@id\":\"https:\\\/\\\/www.armandotesta.it\\\/it\\\/#website\"},\"primaryImageOfPage\":{\"@id\":\"https:\\\/\\\/www.armandotesta.it\\\/it\\\/lines-petalo-e-armando-testa-insieme-in-una-nuova-campagna-delicata-ma-forte-proprio-come-le-donne\\\/#primaryimage\"},\"image\":{\"@id\":\"https:\\\/\\\/www.armandotesta.it\\\/it\\\/lines-petalo-e-armando-testa-insieme-in-una-nuova-campagna-delicata-ma-forte-proprio-come-le-donne\\\/#primaryimage\"},\"thumbnailUrl\":\"https:\\\/\\\/www.armandotesta.it\\\/wp-content\\\/uploads\\\/2024\\\/06\\\/Lines_petalo_30s_online_11281_tv_00727.jpg\",\"datePublished\":\"2021-06-22T12:52:08+00:00\",\"dateModified\":\"2024-06-04T13:41:41+00:00\",\"breadcrumb\":{\"@id\":\"https:\\\/\\\/www.armandotesta.it\\\/it\\\/lines-petalo-e-armando-testa-insieme-in-una-nuova-campagna-delicata-ma-forte-proprio-come-le-donne\\\/#breadcrumb\"},\"inLanguage\":\"it-IT\",\"potentialAction\":[{\"@type\":\"ReadAction\",\"target\":[\"https:\\\/\\\/www.armandotesta.it\\\/it\\\/lines-petalo-e-armando-testa-insieme-in-una-nuova-campagna-delicata-ma-forte-proprio-come-le-donne\\\/\"]}]},{\"@type\":\"ImageObject\",\"inLanguage\":\"it-IT\",\"@id\":\"https:\\\/\\\/www.armandotesta.it\\\/it\\\/lines-petalo-e-armando-testa-insieme-in-una-nuova-campagna-delicata-ma-forte-proprio-come-le-donne\\\/#primaryimage\",\"url\":\"https:\\\/\\\/www.armandotesta.it\\\/wp-content\\\/uploads\\\/2024\\\/06\\\/Lines_petalo_30s_online_11281_tv_00727.jpg\",\"contentUrl\":\"https:\\\/\\\/www.armandotesta.it\\\/wp-content\\\/uploads\\\/2024\\\/06\\\/Lines_petalo_30s_online_11281_tv_00727.jpg\",\"width\":1920,\"height\":1080},{\"@type\":\"BreadcrumbList\",\"@id\":\"https:\\\/\\\/www.armandotesta.it\\\/it\\\/lines-petalo-e-armando-testa-insieme-in-una-nuova-campagna-delicata-ma-forte-proprio-come-le-donne\\\/#breadcrumb\",\"itemListElement\":[{\"@type\":\"ListItem\",\"position\":1,\"name\":\"Home\",\"item\":\"https:\\\/\\\/www.armandotesta.it\\\/it\\\/\"},{\"@type\":\"ListItem\",\"position\":2,\"name\":\"Lines Petalo e Armando Testa, insieme in una nuova campagna delicata ma forte, proprio come le donne.\"}]},{\"@type\":\"WebSite\",\"@id\":\"https:\\\/\\\/www.armandotesta.it\\\/it\\\/#website\",\"url\":\"https:\\\/\\\/www.armandotesta.it\\\/it\\\/\",\"name\":\"Armando Testa\",\"description\":\"\",\"publisher\":{\"@id\":\"https:\\\/\\\/www.armandotesta.it\\\/it\\\/#organization\"},\"potentialAction\":[{\"@type\":\"SearchAction\",\"target\":{\"@type\":\"EntryPoint\",\"urlTemplate\":\"https:\\\/\\\/www.armandotesta.it\\\/it\\\/?s={search_term_string}\"},\"query-input\":{\"@type\":\"PropertyValueSpecification\",\"valueRequired\":true,\"valueName\":\"search_term_string\"}}],\"inLanguage\":\"it-IT\"},{\"@type\":\"Organization\",\"@id\":\"https:\\\/\\\/www.armandotesta.it\\\/it\\\/#organization\",\"name\":\"Armando Testa\",\"url\":\"https:\\\/\\\/www.armandotesta.it\\\/it\\\/\",\"logo\":{\"@type\":\"ImageObject\",\"inLanguage\":\"it-IT\",\"@id\":\"https:\\\/\\\/www.armandotesta.it\\\/it\\\/#\\\/schema\\\/logo\\\/image\\\/\",\"url\":\"https:\\\/\\\/www.armandotesta.it\\\/wp-content\\\/uploads\\\/2024\\\/01\\\/logo-at.png\",\"contentUrl\":\"https:\\\/\\\/www.armandotesta.it\\\/wp-content\\\/uploads\\\/2024\\\/01\\\/logo-at.png\",\"width\":200,\"height\":200,\"caption\":\"Armando Testa\"},\"image\":{\"@id\":\"https:\\\/\\\/www.armandotesta.it\\\/it\\\/#\\\/schema\\\/logo\\\/image\\\/\"}},{\"@type\":\"Person\",\"@id\":\"https:\\\/\\\/www.armandotesta.it\\\/it\\\/#\\\/schema\\\/person\\\/46d1d2d167e5f7b857761f0d5183a848\",\"name\":\"admAT\",\"image\":{\"@type\":\"ImageObject\",\"inLanguage\":\"it-IT\",\"@id\":\"https:\\\/\\\/secure.gravatar.com\\\/avatar\\\/9772e708d87105ee06ea2e627102fade92688c33bb2e0083a7a18b56280f7239?s=96&d=mm&r=g\",\"url\":\"https:\\\/\\\/secure.gravatar.com\\\/avatar\\\/9772e708d87105ee06ea2e627102fade92688c33bb2e0083a7a18b56280f7239?s=96&d=mm&r=g\",\"contentUrl\":\"https:\\\/\\\/secure.gravatar.com\\\/avatar\\\/9772e708d87105ee06ea2e627102fade92688c33bb2e0083a7a18b56280f7239?s=96&d=mm&r=g\",\"caption\":\"admAT\"},\"sameAs\":[\"https:\\\/\\\/www.armandotesta.it\"],\"url\":\"https:\\\/\\\/www.armandotesta.it\\\/it\\\/author\\\/admat\\\/\"}]}<\/script>\n<!-- \/ Yoast SEO plugin. -->","yoast_head_json":{"title":"Lines Petalo e Armando Testa, insieme in una nuova campagna delicata ma forte, proprio come le donne. - Armando Testa","robots":{"index":"index","follow":"follow","max-snippet":"max-snippet:-1","max-image-preview":"max-image-preview:large","max-video-preview":"max-video-preview:-1"},"canonical":"https:\/\/www.armandotesta.it\/it\/lines-petalo-e-armando-testa-insieme-in-una-nuova-campagna-delicata-ma-forte-proprio-come-le-donne\/","og_locale":"it_IT","og_type":"article","og_title":"Lines Petalo e Armando Testa, insieme in una nuova campagna delicata ma forte, proprio come le donne. - Armando Testa","og_description":"Essere delicata non significa essere fragile. Essere romantica non vuol dire essere ingenua. Ed essere sensibile non significa essere debole. Ogni donna \u00e8 delicata e forte, tenera e tenace, sensibile e grintosa allo stesso tempo.&nbsp; \u00c8 questo il messaggio della nuova campagna di Lines, che torna in comunicazione con il brand Lines Petalo dopo diversi [&hellip;]","og_url":"https:\/\/www.armandotesta.it\/it\/lines-petalo-e-armando-testa-insieme-in-una-nuova-campagna-delicata-ma-forte-proprio-come-le-donne\/","og_site_name":"Armando Testa","article_published_time":"2021-06-22T12:52:08+00:00","article_modified_time":"2024-06-04T13:41:41+00:00","og_image":[{"width":1920,"height":1080,"url":"https:\/\/www.armandotesta.it\/wp-content\/uploads\/2024\/06\/Lines_petalo_30s_online_11281_tv_00727.jpg","type":"image\/jpeg"}],"author":"admAT","twitter_card":"summary_large_image","twitter_misc":{"Scritto da":"admAT","Tempo di lettura stimato":"2 minuti"},"schema":{"@context":"https:\/\/schema.org","@graph":[{"@type":"Article","@id":"https:\/\/www.armandotesta.it\/it\/lines-petalo-e-armando-testa-insieme-in-una-nuova-campagna-delicata-ma-forte-proprio-come-le-donne\/#article","isPartOf":{"@id":"https:\/\/www.armandotesta.it\/it\/lines-petalo-e-armando-testa-insieme-in-una-nuova-campagna-delicata-ma-forte-proprio-come-le-donne\/"},"author":{"name":"admAT","@id":"https:\/\/www.armandotesta.it\/it\/#\/schema\/person\/46d1d2d167e5f7b857761f0d5183a848"},"headline":"Lines Petalo e Armando Testa, insieme in una nuova campagna delicata ma forte, proprio come le donne.","datePublished":"2021-06-22T12:52:08+00:00","dateModified":"2024-06-04T13:41:41+00:00","mainEntityOfPage":{"@id":"https:\/\/www.armandotesta.it\/it\/lines-petalo-e-armando-testa-insieme-in-una-nuova-campagna-delicata-ma-forte-proprio-come-le-donne\/"},"wordCount":353,"publisher":{"@id":"https:\/\/www.armandotesta.it\/it\/#organization"},"image":{"@id":"https:\/\/www.armandotesta.it\/it\/lines-petalo-e-armando-testa-insieme-in-una-nuova-campagna-delicata-ma-forte-proprio-come-le-donne\/#primaryimage"},"thumbnailUrl":"https:\/\/www.armandotesta.it\/wp-content\/uploads\/2024\/06\/Lines_petalo_30s_online_11281_tv_00727.jpg","inLanguage":"it-IT"},{"@type":"WebPage","@id":"https:\/\/www.armandotesta.it\/it\/lines-petalo-e-armando-testa-insieme-in-una-nuova-campagna-delicata-ma-forte-proprio-come-le-donne\/","url":"https:\/\/www.armandotesta.it\/it\/lines-petalo-e-armando-testa-insieme-in-una-nuova-campagna-delicata-ma-forte-proprio-come-le-donne\/","name":"Lines Petalo e Armando Testa, insieme in una nuova campagna delicata ma forte, proprio come le donne. - Armando Testa","isPartOf":{"@id":"https:\/\/www.armandotesta.it\/it\/#website"},"primaryImageOfPage":{"@id":"https:\/\/www.armandotesta.it\/it\/lines-petalo-e-armando-testa-insieme-in-una-nuova-campagna-delicata-ma-forte-proprio-come-le-donne\/#primaryimage"},"image":{"@id":"https:\/\/www.armandotesta.it\/it\/lines-petalo-e-armando-testa-insieme-in-una-nuova-campagna-delicata-ma-forte-proprio-come-le-donne\/#primaryimage"},"thumbnailUrl":"https:\/\/www.armandotesta.it\/wp-content\/uploads\/2024\/06\/Lines_petalo_30s_online_11281_tv_00727.jpg","datePublished":"2021-06-22T12:52:08+00:00","dateModified":"2024-06-04T13:41:41+00:00","breadcrumb":{"@id":"https:\/\/www.armandotesta.it\/it\/lines-petalo-e-armando-testa-insieme-in-una-nuova-campagna-delicata-ma-forte-proprio-come-le-donne\/#breadcrumb"},"inLanguage":"it-IT","potentialAction":[{"@type":"ReadAction","target":["https:\/\/www.armandotesta.it\/it\/lines-petalo-e-armando-testa-insieme-in-una-nuova-campagna-delicata-ma-forte-proprio-come-le-donne\/"]}]},{"@type":"ImageObject","inLanguage":"it-IT","@id":"https:\/\/www.armandotesta.it\/it\/lines-petalo-e-armando-testa-insieme-in-una-nuova-campagna-delicata-ma-forte-proprio-come-le-donne\/#primaryimage","url":"https:\/\/www.armandotesta.it\/wp-content\/uploads\/2024\/06\/Lines_petalo_30s_online_11281_tv_00727.jpg","contentUrl":"https:\/\/www.armandotesta.it\/wp-content\/uploads\/2024\/06\/Lines_petalo_30s_online_11281_tv_00727.jpg","width":1920,"height":1080},{"@type":"BreadcrumbList","@id":"https:\/\/www.armandotesta.it\/it\/lines-petalo-e-armando-testa-insieme-in-una-nuova-campagna-delicata-ma-forte-proprio-come-le-donne\/#breadcrumb","itemListElement":[{"@type":"ListItem","position":1,"name":"Home","item":"https:\/\/www.armandotesta.it\/it\/"},{"@type":"ListItem","position":2,"name":"Lines Petalo e Armando Testa, insieme in una nuova campagna delicata ma forte, proprio come le donne."}]},{"@type":"WebSite","@id":"https:\/\/www.armandotesta.it\/it\/#website","url":"https:\/\/www.armandotesta.it\/it\/","name":"Armando Testa","description":"","publisher":{"@id":"https:\/\/www.armandotesta.it\/it\/#organization"},"potentialAction":[{"@type":"SearchAction","target":{"@type":"EntryPoint","urlTemplate":"https:\/\/www.armandotesta.it\/it\/?s={search_term_string}"},"query-input":{"@type":"PropertyValueSpecification","valueRequired":true,"valueName":"search_term_string"}}],"inLanguage":"it-IT"},{"@type":"Organization","@id":"https:\/\/www.armandotesta.it\/it\/#organization","name":"Armando Testa","url":"https:\/\/www.armandotesta.it\/it\/","logo":{"@type":"ImageObject","inLanguage":"it-IT","@id":"https:\/\/www.armandotesta.it\/it\/#\/schema\/logo\/image\/","url":"https:\/\/www.armandotesta.it\/wp-content\/uploads\/2024\/01\/logo-at.png","contentUrl":"https:\/\/www.armandotesta.it\/wp-content\/uploads\/2024\/01\/logo-at.png","width":200,"height":200,"caption":"Armando Testa"},"image":{"@id":"https:\/\/www.armandotesta.it\/it\/#\/schema\/logo\/image\/"}},{"@type":"Person","@id":"https:\/\/www.armandotesta.it\/it\/#\/schema\/person\/46d1d2d167e5f7b857761f0d5183a848","name":"admAT","image":{"@type":"ImageObject","inLanguage":"it-IT","@id":"https:\/\/secure.gravatar.com\/avatar\/9772e708d87105ee06ea2e627102fade92688c33bb2e0083a7a18b56280f7239?s=96&d=mm&r=g","url":"https:\/\/secure.gravatar.com\/avatar\/9772e708d87105ee06ea2e627102fade92688c33bb2e0083a7a18b56280f7239?s=96&d=mm&r=g","contentUrl":"https:\/\/secure.gravatar.com\/avatar\/9772e708d87105ee06ea2e627102fade92688c33bb2e0083a7a18b56280f7239?s=96&d=mm&r=g","caption":"admAT"},"sameAs":["https:\/\/www.armandotesta.it"],"url":"https:\/\/www.armandotesta.it\/it\/author\/admat\/"}]}},"_links":{"self":[{"href":"https:\/\/www.armandotesta.it\/it\/wp-json\/wp\/v2\/posts\/24571","targetHints":{"allow":["GET"]}}],"collection":[{"href":"https:\/\/www.armandotesta.it\/it\/wp-json\/wp\/v2\/posts"}],"about":[{"href":"https:\/\/www.armandotesta.it\/it\/wp-json\/wp\/v2\/types\/post"}],"author":[{"embeddable":true,"href":"https:\/\/www.armandotesta.it\/it\/wp-json\/wp\/v2\/users\/1"}],"replies":[{"embeddable":true,"href":"https:\/\/www.armandotesta.it\/it\/wp-json\/wp\/v2\/comments?post=24571"}],"version-history":[{"count":1,"href":"https:\/\/www.armandotesta.it\/it\/wp-json\/wp\/v2\/posts\/24571\/revisions"}],"predecessor-version":[{"id":25529,"href":"https:\/\/www.armandotesta.it\/it\/wp-json\/wp\/v2\/posts\/24571\/revisions\/25529"}],"wp:featuredmedia":[{"embeddable":true,"href":"https:\/\/www.armandotesta.it\/it\/wp-json\/wp\/v2\/media\/20409"}],"wp:attachment":[{"href":"https:\/\/www.armandotesta.it\/it\/wp-json\/wp\/v2\/media?parent=24571"}],"wp:term":[{"taxonomy":"category","embeddable":true,"href":"https:\/\/www.armandotesta.it\/it\/wp-json\/wp\/v2\/categories?post=24571"},{"taxonomy":"post_tag","embeddable":true,"href":"https:\/\/www.armandotesta.it\/it\/wp-json\/wp\/v2\/tags?post=24571"}],"curies":[{"name":"wp","href":"https:\/\/api.w.org\/{rel}","templated":true}]}}