{"id":24536,"date":"2021-04-12T15:39:32","date_gmt":"2021-04-12T13:39:32","guid":{"rendered":"https:\/\/www.armandotesta.it\/tescoma-in-tv-con-armando-testa-una-campagna-da-favola\/"},"modified":"2024-06-04T15:41:31","modified_gmt":"2024-06-04T13:41:31","slug":"tescoma-in-tv-con-armando-testa-una-campagna-da-favola","status":"publish","type":"post","link":"https:\/\/www.armandotesta.it\/it\/tescoma-in-tv-con-armando-testa-una-campagna-da-favola\/","title":{"rendered":"Tescoma in TV con Armando Testa: una campagna da favola"},"content":{"rendered":"\n<p>E\u2019 on air dall\u201911 aprile il nuovo film Tescoma \u201cLa tua casa, la tua storia\u201d firmato Armando Testa.&nbsp;<\/p>\n\n\n\n<p>Dopo l\u2019inaugurazione della campagna \u201cFiabe\u201d pianificata su quotidiani, periodici e in affissione dal mese di febbraio, Tescoma arriva anche sugli schermi, portando l\u2019allegria, la dolcezza e la magia delle favole nelle case italiane.&nbsp;<\/p>\n\n\n\n<p>Nei film, realizzati da Little Bull Studios con la regia di Matteo Sironi, vedremo una giovane mamma che agli occhi stupefatti dei suoi bimbi si trasforma per un\u2019istante in una dolcissima Biancaneve, un pap\u00e0 che sforna fragranti ciambelle per il suo Cappuccetto che sbrana pi\u00f9 del lupo, e un principe che non ha mai smesso di avere voglia di svegliare con un bacio, e con il profumo del caff\u00e8, la sua eterna principessa. E naturalmente i prodotti Tescoma, protagonisti insieme ai personaggi.<\/p>\n\n\n\n<p>Ogni giorno, in ogni casa, ognuno di noi mette in scena con le persone che ama la fiaba di volersi bene, e ogni prodotto Tescoma &#8211; l\u2019impastatrice, lo sbucciatore, gli stampi per dolci, i servizi di porcellana e tanti altri prodotti per la cucina e la casa &#8211; nasce perch\u00e9 quei momenti siano sempre pi\u00f9 facili, e anche pi\u00f9 buoni.<\/p>\n\n\n\n<p>\u201cQuesta \u00e8 la prima campagna tv per Tescoma, che grazie alla collaborazione con Rai<\/p>\n\n\n\n<p>Pubblicit\u00e0, sar\u00e0 lanciata per questo mese, in esclusiva su Rai con iniziative speciali,<\/p>\n\n\n\n<p>posizioni privilegiate in prime time e un elevato indice di affinit\u00e0 con il target.<\/p>\n\n\n\n<p>Questo importante lancio, non sar\u00e0 fine a s\u00e9 stesso ma proseguir\u00e0 gi\u00e0 dal mese di maggio con un mix di canali televisivi verticali e attivit\u00e0 digitali, con campagne video, display e social media.<\/p>\n\n\n\n<p>\u00c8 un momento emozionante, un nuovo passo avanti per Tescoma, al fine di diventare un love brand legato a tutto il mondo della casa.\u201d<\/p>\n\n\n\n<p>Ha dichiarato Nicoletta Abeni, direttore marketing e comunicazione di Tescoma Italia.<\/p>\n\n\n\n<p>Come dichiarano&nbsp;Benedetta Buzzoni, client director, e Michela Sartorio e Monica Pirocca, direttori creativi del Gruppo Armando Testa: \u201cUna campagna multimedia nata, ideata e prodotta in un periodo in cui le persone hanno davvero bisogno di sognare, e di poterlo fare nel luogo, la casa, che mai \u00e8 stato cos\u00ec centrale nella vita di tutti.\u201d<\/p>\n\n\n\n<p>Direzione creativa: Michela Sartorio e Monica Pirocca<\/p>\n\n\n\n<p>Casa di Produzione: Little Bull Studios<\/p>\n\n\n\n<p>Regia: Matteo Sironi<\/p>\n\n\n\n<p>Musica: My Poetry Field, brano originale di Opera Music<\/p>\n\n\n\n<ul class=\"wp-block-gallery columns-2 is-cropped wp-block-gallery-1 is-layout-flex wp-block-gallery-is-layout-flex\"><li class=\"blocks-gallery-item\"><figure><img decoding=\"async\" src=\"https:\/\/newsroom.armandotesta.it\/wp-content\/uploads\/2021\/04\/Tescoma_2-1024x431.jpg\" alt=\"\" data-id=\"5063\" data-link=\"https:\/\/newsroom.armandotesta.it\/it\/?attachment_id=5063\" class=\"wp-image-5063\"\/><\/figure><\/li><li class=\"blocks-gallery-item\"><figure><img decoding=\"async\" src=\"https:\/\/newsroom.armandotesta.it\/wp-content\/uploads\/2021\/04\/Tescoma_1-1024x434.jpg\" alt=\"\" data-id=\"5062\" data-link=\"https:\/\/newsroom.armandotesta.it\/it\/?attachment_id=5062\" class=\"wp-image-5062\"\/><\/figure><\/li><\/ul>\n\n\n\n<figure class=\"wp-block-embed-youtube wp-block-embed is-type-video is-provider-youtube wp-embed-aspect-16-9 wp-has-aspect-ratio\"><div class=\"wp-block-embed__wrapper\">\n<iframe loading=\"lazy\" title=\"Tescoma Favole\" width=\"500\" height=\"281\" src=\"https:\/\/www.youtube.com\/embed\/5kTHiEjBFtE?feature=oembed\" frameborder=\"0\" allow=\"accelerometer; autoplay; clipboard-write; encrypted-media; gyroscope; picture-in-picture; web-share\" referrerpolicy=\"strict-origin-when-cross-origin\" allowfullscreen><\/iframe>\n<\/div><\/figure>\n","protected":false},"excerpt":{"rendered":"<p>E\u2019 on air dall\u201911 aprile il nuovo film Tescoma \u201cLa tua casa, la tua storia\u201d firmato Armando Testa.&nbsp; Dopo l\u2019inaugurazione della campagna \u201cFiabe\u201d pianificata su quotidiani, periodici e in affissione dal mese di febbraio, Tescoma arriva anche sugli schermi, portando l\u2019allegria, la dolcezza e la magia delle favole nelle case italiane.&nbsp; Nei film, realizzati da [&hellip;]<\/p>\n","protected":false},"author":1,"featured_media":20382,"comment_status":"closed","ping_status":"closed","sticky":false,"template":"","format":"standard","meta":{"_acf_changed":false,"inline_featured_image":false,"footnotes":""},"categories":[],"tags":[],"class_list":["post-24536","post","type-post","status-publish","format-standard","has-post-thumbnail","hentry"],"acf":false,"yoast_head":"<!-- This site is optimized with the Yoast SEO plugin v27.5 - https:\/\/yoast.com\/product\/yoast-seo-wordpress\/ -->\n<title>Tescoma in TV con Armando Testa: una campagna da favola - Armando Testa<\/title>\n<meta name=\"robots\" content=\"index, follow, max-snippet:-1, max-image-preview:large, max-video-preview:-1\" \/>\n<link rel=\"canonical\" href=\"https:\/\/www.armandotesta.it\/it\/tescoma-in-tv-con-armando-testa-una-campagna-da-favola\/\" \/>\n<meta property=\"og:locale\" content=\"it_IT\" \/>\n<meta property=\"og:type\" content=\"article\" \/>\n<meta property=\"og:title\" content=\"Tescoma in TV con Armando Testa: una campagna da favola - Armando Testa\" \/>\n<meta property=\"og:description\" content=\"E\u2019 on air dall\u201911 aprile il nuovo film Tescoma \u201cLa tua casa, la tua storia\u201d firmato Armando Testa.&nbsp; Dopo l\u2019inaugurazione della campagna \u201cFiabe\u201d pianificata su quotidiani, periodici e in affissione dal mese di febbraio, Tescoma arriva anche sugli schermi, portando l\u2019allegria, la dolcezza e la magia delle favole nelle case italiane.&nbsp; Nei film, realizzati da [&hellip;]\" \/>\n<meta property=\"og:url\" content=\"https:\/\/www.armandotesta.it\/it\/tescoma-in-tv-con-armando-testa-una-campagna-da-favola\/\" \/>\n<meta property=\"og:site_name\" content=\"Armando Testa\" \/>\n<meta property=\"article:published_time\" content=\"2021-04-12T13:39:32+00:00\" \/>\n<meta property=\"article:modified_time\" content=\"2024-06-04T13:41:31+00:00\" \/>\n<meta property=\"og:image\" content=\"https:\/\/www.armandotesta.it\/wp-content\/uploads\/2024\/06\/Tescoma_1.jpg\" \/>\n\t<meta property=\"og:image:width\" content=\"1279\" \/>\n\t<meta property=\"og:image:height\" content=\"542\" \/>\n\t<meta property=\"og:image:type\" content=\"image\/jpeg\" \/>\n<meta name=\"author\" content=\"admAT\" \/>\n<meta name=\"twitter:card\" content=\"summary_large_image\" \/>\n<meta name=\"twitter:label1\" content=\"Scritto da\" \/>\n\t<meta name=\"twitter:data1\" content=\"admAT\" \/>\n\t<meta name=\"twitter:label2\" content=\"Tempo di lettura stimato\" \/>\n\t<meta name=\"twitter:data2\" content=\"2 minuti\" \/>\n<script type=\"application\/ld+json\" class=\"yoast-schema-graph\">{\"@context\":\"https:\\\/\\\/schema.org\",\"@graph\":[{\"@type\":\"Article\",\"@id\":\"https:\\\/\\\/www.armandotesta.it\\\/it\\\/tescoma-in-tv-con-armando-testa-una-campagna-da-favola\\\/#article\",\"isPartOf\":{\"@id\":\"https:\\\/\\\/www.armandotesta.it\\\/it\\\/tescoma-in-tv-con-armando-testa-una-campagna-da-favola\\\/\"},\"author\":{\"name\":\"admAT\",\"@id\":\"https:\\\/\\\/www.armandotesta.it\\\/it\\\/#\\\/schema\\\/person\\\/46d1d2d167e5f7b857761f0d5183a848\"},\"headline\":\"Tescoma in TV con Armando Testa: una campagna da favola\",\"datePublished\":\"2021-04-12T13:39:32+00:00\",\"dateModified\":\"2024-06-04T13:41:31+00:00\",\"mainEntityOfPage\":{\"@id\":\"https:\\\/\\\/www.armandotesta.it\\\/it\\\/tescoma-in-tv-con-armando-testa-una-campagna-da-favola\\\/\"},\"wordCount\":400,\"publisher\":{\"@id\":\"https:\\\/\\\/www.armandotesta.it\\\/it\\\/#organization\"},\"image\":{\"@id\":\"https:\\\/\\\/www.armandotesta.it\\\/it\\\/tescoma-in-tv-con-armando-testa-una-campagna-da-favola\\\/#primaryimage\"},\"thumbnailUrl\":\"https:\\\/\\\/www.armandotesta.it\\\/wp-content\\\/uploads\\\/2024\\\/06\\\/Tescoma_1.jpg\",\"inLanguage\":\"it-IT\"},{\"@type\":\"WebPage\",\"@id\":\"https:\\\/\\\/www.armandotesta.it\\\/it\\\/tescoma-in-tv-con-armando-testa-una-campagna-da-favola\\\/\",\"url\":\"https:\\\/\\\/www.armandotesta.it\\\/it\\\/tescoma-in-tv-con-armando-testa-una-campagna-da-favola\\\/\",\"name\":\"Tescoma in TV con Armando Testa: una campagna da favola - Armando Testa\",\"isPartOf\":{\"@id\":\"https:\\\/\\\/www.armandotesta.it\\\/it\\\/#website\"},\"primaryImageOfPage\":{\"@id\":\"https:\\\/\\\/www.armandotesta.it\\\/it\\\/tescoma-in-tv-con-armando-testa-una-campagna-da-favola\\\/#primaryimage\"},\"image\":{\"@id\":\"https:\\\/\\\/www.armandotesta.it\\\/it\\\/tescoma-in-tv-con-armando-testa-una-campagna-da-favola\\\/#primaryimage\"},\"thumbnailUrl\":\"https:\\\/\\\/www.armandotesta.it\\\/wp-content\\\/uploads\\\/2024\\\/06\\\/Tescoma_1.jpg\",\"datePublished\":\"2021-04-12T13:39:32+00:00\",\"dateModified\":\"2024-06-04T13:41:31+00:00\",\"breadcrumb\":{\"@id\":\"https:\\\/\\\/www.armandotesta.it\\\/it\\\/tescoma-in-tv-con-armando-testa-una-campagna-da-favola\\\/#breadcrumb\"},\"inLanguage\":\"it-IT\",\"potentialAction\":[{\"@type\":\"ReadAction\",\"target\":[\"https:\\\/\\\/www.armandotesta.it\\\/it\\\/tescoma-in-tv-con-armando-testa-una-campagna-da-favola\\\/\"]}]},{\"@type\":\"ImageObject\",\"inLanguage\":\"it-IT\",\"@id\":\"https:\\\/\\\/www.armandotesta.it\\\/it\\\/tescoma-in-tv-con-armando-testa-una-campagna-da-favola\\\/#primaryimage\",\"url\":\"https:\\\/\\\/www.armandotesta.it\\\/wp-content\\\/uploads\\\/2024\\\/06\\\/Tescoma_1.jpg\",\"contentUrl\":\"https:\\\/\\\/www.armandotesta.it\\\/wp-content\\\/uploads\\\/2024\\\/06\\\/Tescoma_1.jpg\",\"width\":1279,\"height\":542},{\"@type\":\"BreadcrumbList\",\"@id\":\"https:\\\/\\\/www.armandotesta.it\\\/it\\\/tescoma-in-tv-con-armando-testa-una-campagna-da-favola\\\/#breadcrumb\",\"itemListElement\":[{\"@type\":\"ListItem\",\"position\":1,\"name\":\"Home\",\"item\":\"https:\\\/\\\/www.armandotesta.it\\\/it\\\/\"},{\"@type\":\"ListItem\",\"position\":2,\"name\":\"Tescoma in TV con Armando Testa: una campagna da favola\"}]},{\"@type\":\"WebSite\",\"@id\":\"https:\\\/\\\/www.armandotesta.it\\\/it\\\/#website\",\"url\":\"https:\\\/\\\/www.armandotesta.it\\\/it\\\/\",\"name\":\"Armando Testa\",\"description\":\"\",\"publisher\":{\"@id\":\"https:\\\/\\\/www.armandotesta.it\\\/it\\\/#organization\"},\"potentialAction\":[{\"@type\":\"SearchAction\",\"target\":{\"@type\":\"EntryPoint\",\"urlTemplate\":\"https:\\\/\\\/www.armandotesta.it\\\/it\\\/?s={search_term_string}\"},\"query-input\":{\"@type\":\"PropertyValueSpecification\",\"valueRequired\":true,\"valueName\":\"search_term_string\"}}],\"inLanguage\":\"it-IT\"},{\"@type\":\"Organization\",\"@id\":\"https:\\\/\\\/www.armandotesta.it\\\/it\\\/#organization\",\"name\":\"Armando Testa\",\"url\":\"https:\\\/\\\/www.armandotesta.it\\\/it\\\/\",\"logo\":{\"@type\":\"ImageObject\",\"inLanguage\":\"it-IT\",\"@id\":\"https:\\\/\\\/www.armandotesta.it\\\/it\\\/#\\\/schema\\\/logo\\\/image\\\/\",\"url\":\"https:\\\/\\\/www.armandotesta.it\\\/wp-content\\\/uploads\\\/2024\\\/01\\\/logo-at.png\",\"contentUrl\":\"https:\\\/\\\/www.armandotesta.it\\\/wp-content\\\/uploads\\\/2024\\\/01\\\/logo-at.png\",\"width\":200,\"height\":200,\"caption\":\"Armando Testa\"},\"image\":{\"@id\":\"https:\\\/\\\/www.armandotesta.it\\\/it\\\/#\\\/schema\\\/logo\\\/image\\\/\"}},{\"@type\":\"Person\",\"@id\":\"https:\\\/\\\/www.armandotesta.it\\\/it\\\/#\\\/schema\\\/person\\\/46d1d2d167e5f7b857761f0d5183a848\",\"name\":\"admAT\",\"image\":{\"@type\":\"ImageObject\",\"inLanguage\":\"it-IT\",\"@id\":\"https:\\\/\\\/secure.gravatar.com\\\/avatar\\\/9772e708d87105ee06ea2e627102fade92688c33bb2e0083a7a18b56280f7239?s=96&d=mm&r=g\",\"url\":\"https:\\\/\\\/secure.gravatar.com\\\/avatar\\\/9772e708d87105ee06ea2e627102fade92688c33bb2e0083a7a18b56280f7239?s=96&d=mm&r=g\",\"contentUrl\":\"https:\\\/\\\/secure.gravatar.com\\\/avatar\\\/9772e708d87105ee06ea2e627102fade92688c33bb2e0083a7a18b56280f7239?s=96&d=mm&r=g\",\"caption\":\"admAT\"},\"sameAs\":[\"https:\\\/\\\/www.armandotesta.it\"],\"url\":\"https:\\\/\\\/www.armandotesta.it\\\/it\\\/author\\\/admat\\\/\"}]}<\/script>\n<!-- \/ Yoast SEO plugin. -->","yoast_head_json":{"title":"Tescoma in TV con Armando Testa: una campagna da favola - Armando Testa","robots":{"index":"index","follow":"follow","max-snippet":"max-snippet:-1","max-image-preview":"max-image-preview:large","max-video-preview":"max-video-preview:-1"},"canonical":"https:\/\/www.armandotesta.it\/it\/tescoma-in-tv-con-armando-testa-una-campagna-da-favola\/","og_locale":"it_IT","og_type":"article","og_title":"Tescoma in TV con Armando Testa: una campagna da favola - Armando Testa","og_description":"E\u2019 on air dall\u201911 aprile il nuovo film Tescoma \u201cLa tua casa, la tua storia\u201d firmato Armando Testa.&nbsp; Dopo l\u2019inaugurazione della campagna \u201cFiabe\u201d pianificata su quotidiani, periodici e in affissione dal mese di febbraio, Tescoma arriva anche sugli schermi, portando l\u2019allegria, la dolcezza e la magia delle favole nelle case italiane.&nbsp; Nei film, realizzati da [&hellip;]","og_url":"https:\/\/www.armandotesta.it\/it\/tescoma-in-tv-con-armando-testa-una-campagna-da-favola\/","og_site_name":"Armando Testa","article_published_time":"2021-04-12T13:39:32+00:00","article_modified_time":"2024-06-04T13:41:31+00:00","og_image":[{"width":1279,"height":542,"url":"https:\/\/www.armandotesta.it\/wp-content\/uploads\/2024\/06\/Tescoma_1.jpg","type":"image\/jpeg"}],"author":"admAT","twitter_card":"summary_large_image","twitter_misc":{"Scritto da":"admAT","Tempo di lettura stimato":"2 minuti"},"schema":{"@context":"https:\/\/schema.org","@graph":[{"@type":"Article","@id":"https:\/\/www.armandotesta.it\/it\/tescoma-in-tv-con-armando-testa-una-campagna-da-favola\/#article","isPartOf":{"@id":"https:\/\/www.armandotesta.it\/it\/tescoma-in-tv-con-armando-testa-una-campagna-da-favola\/"},"author":{"name":"admAT","@id":"https:\/\/www.armandotesta.it\/it\/#\/schema\/person\/46d1d2d167e5f7b857761f0d5183a848"},"headline":"Tescoma in TV con Armando Testa: una campagna da favola","datePublished":"2021-04-12T13:39:32+00:00","dateModified":"2024-06-04T13:41:31+00:00","mainEntityOfPage":{"@id":"https:\/\/www.armandotesta.it\/it\/tescoma-in-tv-con-armando-testa-una-campagna-da-favola\/"},"wordCount":400,"publisher":{"@id":"https:\/\/www.armandotesta.it\/it\/#organization"},"image":{"@id":"https:\/\/www.armandotesta.it\/it\/tescoma-in-tv-con-armando-testa-una-campagna-da-favola\/#primaryimage"},"thumbnailUrl":"https:\/\/www.armandotesta.it\/wp-content\/uploads\/2024\/06\/Tescoma_1.jpg","inLanguage":"it-IT"},{"@type":"WebPage","@id":"https:\/\/www.armandotesta.it\/it\/tescoma-in-tv-con-armando-testa-una-campagna-da-favola\/","url":"https:\/\/www.armandotesta.it\/it\/tescoma-in-tv-con-armando-testa-una-campagna-da-favola\/","name":"Tescoma in TV con Armando Testa: una campagna da favola - Armando Testa","isPartOf":{"@id":"https:\/\/www.armandotesta.it\/it\/#website"},"primaryImageOfPage":{"@id":"https:\/\/www.armandotesta.it\/it\/tescoma-in-tv-con-armando-testa-una-campagna-da-favola\/#primaryimage"},"image":{"@id":"https:\/\/www.armandotesta.it\/it\/tescoma-in-tv-con-armando-testa-una-campagna-da-favola\/#primaryimage"},"thumbnailUrl":"https:\/\/www.armandotesta.it\/wp-content\/uploads\/2024\/06\/Tescoma_1.jpg","datePublished":"2021-04-12T13:39:32+00:00","dateModified":"2024-06-04T13:41:31+00:00","breadcrumb":{"@id":"https:\/\/www.armandotesta.it\/it\/tescoma-in-tv-con-armando-testa-una-campagna-da-favola\/#breadcrumb"},"inLanguage":"it-IT","potentialAction":[{"@type":"ReadAction","target":["https:\/\/www.armandotesta.it\/it\/tescoma-in-tv-con-armando-testa-una-campagna-da-favola\/"]}]},{"@type":"ImageObject","inLanguage":"it-IT","@id":"https:\/\/www.armandotesta.it\/it\/tescoma-in-tv-con-armando-testa-una-campagna-da-favola\/#primaryimage","url":"https:\/\/www.armandotesta.it\/wp-content\/uploads\/2024\/06\/Tescoma_1.jpg","contentUrl":"https:\/\/www.armandotesta.it\/wp-content\/uploads\/2024\/06\/Tescoma_1.jpg","width":1279,"height":542},{"@type":"BreadcrumbList","@id":"https:\/\/www.armandotesta.it\/it\/tescoma-in-tv-con-armando-testa-una-campagna-da-favola\/#breadcrumb","itemListElement":[{"@type":"ListItem","position":1,"name":"Home","item":"https:\/\/www.armandotesta.it\/it\/"},{"@type":"ListItem","position":2,"name":"Tescoma in TV con Armando Testa: una campagna da favola"}]},{"@type":"WebSite","@id":"https:\/\/www.armandotesta.it\/it\/#website","url":"https:\/\/www.armandotesta.it\/it\/","name":"Armando Testa","description":"","publisher":{"@id":"https:\/\/www.armandotesta.it\/it\/#organization"},"potentialAction":[{"@type":"SearchAction","target":{"@type":"EntryPoint","urlTemplate":"https:\/\/www.armandotesta.it\/it\/?s={search_term_string}"},"query-input":{"@type":"PropertyValueSpecification","valueRequired":true,"valueName":"search_term_string"}}],"inLanguage":"it-IT"},{"@type":"Organization","@id":"https:\/\/www.armandotesta.it\/it\/#organization","name":"Armando Testa","url":"https:\/\/www.armandotesta.it\/it\/","logo":{"@type":"ImageObject","inLanguage":"it-IT","@id":"https:\/\/www.armandotesta.it\/it\/#\/schema\/logo\/image\/","url":"https:\/\/www.armandotesta.it\/wp-content\/uploads\/2024\/01\/logo-at.png","contentUrl":"https:\/\/www.armandotesta.it\/wp-content\/uploads\/2024\/01\/logo-at.png","width":200,"height":200,"caption":"Armando Testa"},"image":{"@id":"https:\/\/www.armandotesta.it\/it\/#\/schema\/logo\/image\/"}},{"@type":"Person","@id":"https:\/\/www.armandotesta.it\/it\/#\/schema\/person\/46d1d2d167e5f7b857761f0d5183a848","name":"admAT","image":{"@type":"ImageObject","inLanguage":"it-IT","@id":"https:\/\/secure.gravatar.com\/avatar\/9772e708d87105ee06ea2e627102fade92688c33bb2e0083a7a18b56280f7239?s=96&d=mm&r=g","url":"https:\/\/secure.gravatar.com\/avatar\/9772e708d87105ee06ea2e627102fade92688c33bb2e0083a7a18b56280f7239?s=96&d=mm&r=g","contentUrl":"https:\/\/secure.gravatar.com\/avatar\/9772e708d87105ee06ea2e627102fade92688c33bb2e0083a7a18b56280f7239?s=96&d=mm&r=g","caption":"admAT"},"sameAs":["https:\/\/www.armandotesta.it"],"url":"https:\/\/www.armandotesta.it\/it\/author\/admat\/"}]}},"_links":{"self":[{"href":"https:\/\/www.armandotesta.it\/it\/wp-json\/wp\/v2\/posts\/24536","targetHints":{"allow":["GET"]}}],"collection":[{"href":"https:\/\/www.armandotesta.it\/it\/wp-json\/wp\/v2\/posts"}],"about":[{"href":"https:\/\/www.armandotesta.it\/it\/wp-json\/wp\/v2\/types\/post"}],"author":[{"embeddable":true,"href":"https:\/\/www.armandotesta.it\/it\/wp-json\/wp\/v2\/users\/1"}],"replies":[{"embeddable":true,"href":"https:\/\/www.armandotesta.it\/it\/wp-json\/wp\/v2\/comments?post=24536"}],"version-history":[{"count":1,"href":"https:\/\/www.armandotesta.it\/it\/wp-json\/wp\/v2\/posts\/24536\/revisions"}],"predecessor-version":[{"id":25494,"href":"https:\/\/www.armandotesta.it\/it\/wp-json\/wp\/v2\/posts\/24536\/revisions\/25494"}],"wp:featuredmedia":[{"embeddable":true,"href":"https:\/\/www.armandotesta.it\/it\/wp-json\/wp\/v2\/media\/20382"}],"wp:attachment":[{"href":"https:\/\/www.armandotesta.it\/it\/wp-json\/wp\/v2\/media?parent=24536"}],"wp:term":[{"taxonomy":"category","embeddable":true,"href":"https:\/\/www.armandotesta.it\/it\/wp-json\/wp\/v2\/categories?post=24536"},{"taxonomy":"post_tag","embeddable":true,"href":"https:\/\/www.armandotesta.it\/it\/wp-json\/wp\/v2\/tags?post=24536"}],"curies":[{"name":"wp","href":"https:\/\/api.w.org\/{rel}","templated":true}]}}