{"id":24507,"date":"2021-02-01T14:12:35","date_gmt":"2021-02-01T13:12:35","guid":{"rendered":"https:\/\/www.armandotesta.it\/unottima-strategia-per-far-volare-la-creativita-guglielmo-pezzino-entra-in-armando-testa\/"},"modified":"2024-06-04T15:41:23","modified_gmt":"2024-06-04T13:41:23","slug":"unottima-strategia-per-far-volare-la-creativita-guglielmo-pezzino-entra-in-armando-testa","status":"publish","type":"post","link":"https:\/\/www.armandotesta.it\/it\/unottima-strategia-per-far-volare-la-creativita-guglielmo-pezzino-entra-in-armando-testa\/","title":{"rendered":"UN\u2019OTTIMA STRATEGIA PER FAR VOLARE LA CREATIVIT\u00c0: GUGLIELMO PEZZINO ENTRA IN ARMANDO TESTA"},"content":{"rendered":"\n<p>Il Gruppo Armando Testa d\u00e0 il benvenuto a Guglielmo Pezzino che entra nel ruolo di Head of Strategy dopo una lunga esperienza in Publicis.<\/p>\n\n\n\n<p>\u201cSono molto felice di cominciare questo nuovo percorso con una sfida entusiasmante e professionalmente importante, in un\u2019Agenzia che mi ha sempre affascinato e che \u00e8 stata tra le prime a farmi amare questo lavoro\u201d dichiara Guglielmo Pezzino.<\/p>\n\n\n\n<p>Ho iniziato il mio percorso professionale come copywriter e ho quindi sempre guardato alla comunicazione con un punto di vista molto creativo.&nbsp;<\/p>\n\n\n\n<p>Riconoscere le agenzie attraverso le loro campagne era un gioco, una sfida che condividevo con i miei colleghi di un tempo, perfino con i miei compagni di corso ai tempi della scuola.<\/p>\n\n\n\n<p>In questo Armando Testa mi ha sempre colpito. Nel tempo, con modalit\u00e0 diverse a seconda dei Brand, Armando Testa \u00e8 sempre riuscita a esprimere una sua unicit\u00e0 molto specifica e riconoscibile.&nbsp;<\/p>\n\n\n\n<p>Oggi sento quindi di essere davanti a una grande opportunit\u00e0, integrare questa unicit\u00e0 creativa con un approccio strategico altrettanto specifico e distintivo.<\/p>\n\n\n\n<p>Penso che in Armando Testa io possa contribuire a costruire un percorso strategico\/creativo proprietario, aiutando i brand ad essere sempre pi\u00f9 distintivi e rilevanti nel mercato italiano e nel panorama globale, sempre pi\u00f9 orientato alla valorizzazione delle specificit\u00e0 e dell\u2019unicit\u00e0\u201d.<\/p>\n\n\n\n<p>Nicola Belli, Consigliere Delegato del Gruppo Armando Testa, aggiunge\u00a0\u201cNel Gruppo Armando Testa non siamo mai stanchi di ripeterci che la creativit\u00e0 \u00e8 il vero ed ultimo fine del nostro lavoro, ecco perch\u00e9 siamo orgogliosi di dare il benvenuto a Guglielmo, una carriera da creativo prima e da strategist poi. Siamo certi che Guglielmo ci permetter\u00e0 di fare esattamente ci\u00f2 di cui le marche hanno bisogno: tracciare percorsi chiari e strutturati, sempre connessi al cuore del nostro business, la creativit\u00e0!\u201d<\/p>\n\n\n\n<figure class=\"wp-block-image\"><img decoding=\"async\" src=\"https:\/\/newsroom.armandotesta.it\/wp-content\/uploads\/2021\/02\/Guglielmo_Pezzino-597x768.jpg\" alt=\"\" class=\"wp-image-4917\"\/><\/figure>\n","protected":false},"excerpt":{"rendered":"<p>Il Gruppo Armando Testa d\u00e0 il benvenuto a Guglielmo Pezzino che entra nel ruolo di Head of Strategy dopo una lunga esperienza in Publicis. \u201cSono molto felice di cominciare questo nuovo percorso con una sfida entusiasmante e professionalmente importante, in un\u2019Agenzia che mi ha sempre affascinato e che \u00e8 stata tra le prime a farmi [&hellip;]<\/p>\n","protected":false},"author":1,"featured_media":20344,"comment_status":"closed","ping_status":"closed","sticky":false,"template":"","format":"standard","meta":{"_acf_changed":false,"inline_featured_image":false,"footnotes":""},"categories":[],"tags":[],"class_list":["post-24507","post","type-post","status-publish","format-standard","has-post-thumbnail","hentry"],"acf":false,"yoast_head":"<!-- This site is optimized with the Yoast SEO plugin v27.5 - https:\/\/yoast.com\/product\/yoast-seo-wordpress\/ -->\n<title>UN\u2019OTTIMA STRATEGIA PER FAR VOLARE LA CREATIVIT\u00c0: GUGLIELMO PEZZINO ENTRA IN ARMANDO TESTA - Armando Testa<\/title>\n<meta name=\"robots\" content=\"index, follow, max-snippet:-1, max-image-preview:large, max-video-preview:-1\" \/>\n<link rel=\"canonical\" href=\"https:\/\/www.armandotesta.it\/it\/unottima-strategia-per-far-volare-la-creativita-guglielmo-pezzino-entra-in-armando-testa\/\" \/>\n<meta property=\"og:locale\" content=\"it_IT\" \/>\n<meta property=\"og:type\" content=\"article\" \/>\n<meta property=\"og:title\" content=\"UN\u2019OTTIMA STRATEGIA PER FAR VOLARE LA CREATIVIT\u00c0: GUGLIELMO PEZZINO ENTRA IN ARMANDO TESTA - Armando Testa\" \/>\n<meta property=\"og:description\" content=\"Il Gruppo Armando Testa d\u00e0 il benvenuto a Guglielmo Pezzino che entra nel ruolo di Head of Strategy dopo una lunga esperienza in Publicis. \u201cSono molto felice di cominciare questo nuovo percorso con una sfida entusiasmante e professionalmente importante, in un\u2019Agenzia che mi ha sempre affascinato e che \u00e8 stata tra le prime a farmi [&hellip;]\" \/>\n<meta property=\"og:url\" content=\"https:\/\/www.armandotesta.it\/it\/unottima-strategia-per-far-volare-la-creativita-guglielmo-pezzino-entra-in-armando-testa\/\" \/>\n<meta property=\"og:site_name\" content=\"Armando Testa\" \/>\n<meta property=\"article:published_time\" content=\"2021-02-01T13:12:35+00:00\" \/>\n<meta property=\"article:modified_time\" content=\"2024-06-04T13:41:23+00:00\" \/>\n<meta property=\"og:image\" content=\"https:\/\/www.armandotesta.it\/wp-content\/uploads\/2024\/06\/Guglielmo_Pezzino-scaled.jpg\" \/>\n\t<meta property=\"og:image:width\" content=\"1989\" \/>\n\t<meta property=\"og:image:height\" content=\"2560\" \/>\n\t<meta property=\"og:image:type\" content=\"image\/jpeg\" \/>\n<meta name=\"author\" content=\"admAT\" \/>\n<meta name=\"twitter:card\" content=\"summary_large_image\" \/>\n<meta name=\"twitter:label1\" content=\"Scritto da\" \/>\n\t<meta name=\"twitter:data1\" content=\"admAT\" \/>\n\t<meta name=\"twitter:label2\" content=\"Tempo di lettura stimato\" \/>\n\t<meta name=\"twitter:data2\" content=\"1 minuto\" \/>\n<script type=\"application\/ld+json\" class=\"yoast-schema-graph\">{\"@context\":\"https:\\\/\\\/schema.org\",\"@graph\":[{\"@type\":\"Article\",\"@id\":\"https:\\\/\\\/www.armandotesta.it\\\/it\\\/unottima-strategia-per-far-volare-la-creativita-guglielmo-pezzino-entra-in-armando-testa\\\/#article\",\"isPartOf\":{\"@id\":\"https:\\\/\\\/www.armandotesta.it\\\/it\\\/unottima-strategia-per-far-volare-la-creativita-guglielmo-pezzino-entra-in-armando-testa\\\/\"},\"author\":{\"name\":\"admAT\",\"@id\":\"https:\\\/\\\/www.armandotesta.it\\\/it\\\/#\\\/schema\\\/person\\\/46d1d2d167e5f7b857761f0d5183a848\"},\"headline\":\"UN\u2019OTTIMA STRATEGIA PER FAR VOLARE LA CREATIVIT\u00c0: GUGLIELMO PEZZINO ENTRA IN ARMANDO TESTA\",\"datePublished\":\"2021-02-01T13:12:35+00:00\",\"dateModified\":\"2024-06-04T13:41:23+00:00\",\"mainEntityOfPage\":{\"@id\":\"https:\\\/\\\/www.armandotesta.it\\\/it\\\/unottima-strategia-per-far-volare-la-creativita-guglielmo-pezzino-entra-in-armando-testa\\\/\"},\"wordCount\":304,\"publisher\":{\"@id\":\"https:\\\/\\\/www.armandotesta.it\\\/it\\\/#organization\"},\"image\":{\"@id\":\"https:\\\/\\\/www.armandotesta.it\\\/it\\\/unottima-strategia-per-far-volare-la-creativita-guglielmo-pezzino-entra-in-armando-testa\\\/#primaryimage\"},\"thumbnailUrl\":\"https:\\\/\\\/www.armandotesta.it\\\/wp-content\\\/uploads\\\/2024\\\/06\\\/Guglielmo_Pezzino-scaled.jpg\",\"inLanguage\":\"it-IT\"},{\"@type\":\"WebPage\",\"@id\":\"https:\\\/\\\/www.armandotesta.it\\\/it\\\/unottima-strategia-per-far-volare-la-creativita-guglielmo-pezzino-entra-in-armando-testa\\\/\",\"url\":\"https:\\\/\\\/www.armandotesta.it\\\/it\\\/unottima-strategia-per-far-volare-la-creativita-guglielmo-pezzino-entra-in-armando-testa\\\/\",\"name\":\"UN\u2019OTTIMA STRATEGIA PER FAR VOLARE LA CREATIVIT\u00c0: GUGLIELMO PEZZINO ENTRA IN ARMANDO TESTA - Armando Testa\",\"isPartOf\":{\"@id\":\"https:\\\/\\\/www.armandotesta.it\\\/it\\\/#website\"},\"primaryImageOfPage\":{\"@id\":\"https:\\\/\\\/www.armandotesta.it\\\/it\\\/unottima-strategia-per-far-volare-la-creativita-guglielmo-pezzino-entra-in-armando-testa\\\/#primaryimage\"},\"image\":{\"@id\":\"https:\\\/\\\/www.armandotesta.it\\\/it\\\/unottima-strategia-per-far-volare-la-creativita-guglielmo-pezzino-entra-in-armando-testa\\\/#primaryimage\"},\"thumbnailUrl\":\"https:\\\/\\\/www.armandotesta.it\\\/wp-content\\\/uploads\\\/2024\\\/06\\\/Guglielmo_Pezzino-scaled.jpg\",\"datePublished\":\"2021-02-01T13:12:35+00:00\",\"dateModified\":\"2024-06-04T13:41:23+00:00\",\"breadcrumb\":{\"@id\":\"https:\\\/\\\/www.armandotesta.it\\\/it\\\/unottima-strategia-per-far-volare-la-creativita-guglielmo-pezzino-entra-in-armando-testa\\\/#breadcrumb\"},\"inLanguage\":\"it-IT\",\"potentialAction\":[{\"@type\":\"ReadAction\",\"target\":[\"https:\\\/\\\/www.armandotesta.it\\\/it\\\/unottima-strategia-per-far-volare-la-creativita-guglielmo-pezzino-entra-in-armando-testa\\\/\"]}]},{\"@type\":\"ImageObject\",\"inLanguage\":\"it-IT\",\"@id\":\"https:\\\/\\\/www.armandotesta.it\\\/it\\\/unottima-strategia-per-far-volare-la-creativita-guglielmo-pezzino-entra-in-armando-testa\\\/#primaryimage\",\"url\":\"https:\\\/\\\/www.armandotesta.it\\\/wp-content\\\/uploads\\\/2024\\\/06\\\/Guglielmo_Pezzino-scaled.jpg\",\"contentUrl\":\"https:\\\/\\\/www.armandotesta.it\\\/wp-content\\\/uploads\\\/2024\\\/06\\\/Guglielmo_Pezzino-scaled.jpg\",\"width\":1989,\"height\":2560},{\"@type\":\"BreadcrumbList\",\"@id\":\"https:\\\/\\\/www.armandotesta.it\\\/it\\\/unottima-strategia-per-far-volare-la-creativita-guglielmo-pezzino-entra-in-armando-testa\\\/#breadcrumb\",\"itemListElement\":[{\"@type\":\"ListItem\",\"position\":1,\"name\":\"Home\",\"item\":\"https:\\\/\\\/www.armandotesta.it\\\/it\\\/\"},{\"@type\":\"ListItem\",\"position\":2,\"name\":\"UN\u2019OTTIMA STRATEGIA PER FAR VOLARE LA CREATIVIT\u00c0: GUGLIELMO PEZZINO ENTRA IN ARMANDO TESTA\"}]},{\"@type\":\"WebSite\",\"@id\":\"https:\\\/\\\/www.armandotesta.it\\\/it\\\/#website\",\"url\":\"https:\\\/\\\/www.armandotesta.it\\\/it\\\/\",\"name\":\"Armando Testa\",\"description\":\"\",\"publisher\":{\"@id\":\"https:\\\/\\\/www.armandotesta.it\\\/it\\\/#organization\"},\"potentialAction\":[{\"@type\":\"SearchAction\",\"target\":{\"@type\":\"EntryPoint\",\"urlTemplate\":\"https:\\\/\\\/www.armandotesta.it\\\/it\\\/?s={search_term_string}\"},\"query-input\":{\"@type\":\"PropertyValueSpecification\",\"valueRequired\":true,\"valueName\":\"search_term_string\"}}],\"inLanguage\":\"it-IT\"},{\"@type\":\"Organization\",\"@id\":\"https:\\\/\\\/www.armandotesta.it\\\/it\\\/#organization\",\"name\":\"Armando Testa\",\"url\":\"https:\\\/\\\/www.armandotesta.it\\\/it\\\/\",\"logo\":{\"@type\":\"ImageObject\",\"inLanguage\":\"it-IT\",\"@id\":\"https:\\\/\\\/www.armandotesta.it\\\/it\\\/#\\\/schema\\\/logo\\\/image\\\/\",\"url\":\"https:\\\/\\\/www.armandotesta.it\\\/wp-content\\\/uploads\\\/2024\\\/01\\\/logo-at.png\",\"contentUrl\":\"https:\\\/\\\/www.armandotesta.it\\\/wp-content\\\/uploads\\\/2024\\\/01\\\/logo-at.png\",\"width\":200,\"height\":200,\"caption\":\"Armando Testa\"},\"image\":{\"@id\":\"https:\\\/\\\/www.armandotesta.it\\\/it\\\/#\\\/schema\\\/logo\\\/image\\\/\"}},{\"@type\":\"Person\",\"@id\":\"https:\\\/\\\/www.armandotesta.it\\\/it\\\/#\\\/schema\\\/person\\\/46d1d2d167e5f7b857761f0d5183a848\",\"name\":\"admAT\",\"image\":{\"@type\":\"ImageObject\",\"inLanguage\":\"it-IT\",\"@id\":\"https:\\\/\\\/secure.gravatar.com\\\/avatar\\\/9772e708d87105ee06ea2e627102fade92688c33bb2e0083a7a18b56280f7239?s=96&d=mm&r=g\",\"url\":\"https:\\\/\\\/secure.gravatar.com\\\/avatar\\\/9772e708d87105ee06ea2e627102fade92688c33bb2e0083a7a18b56280f7239?s=96&d=mm&r=g\",\"contentUrl\":\"https:\\\/\\\/secure.gravatar.com\\\/avatar\\\/9772e708d87105ee06ea2e627102fade92688c33bb2e0083a7a18b56280f7239?s=96&d=mm&r=g\",\"caption\":\"admAT\"},\"sameAs\":[\"https:\\\/\\\/www.armandotesta.it\"],\"url\":\"https:\\\/\\\/www.armandotesta.it\\\/it\\\/author\\\/admat\\\/\"}]}<\/script>\n<!-- \/ Yoast SEO plugin. -->","yoast_head_json":{"title":"UN\u2019OTTIMA STRATEGIA PER FAR VOLARE LA CREATIVIT\u00c0: GUGLIELMO PEZZINO ENTRA IN ARMANDO TESTA - Armando Testa","robots":{"index":"index","follow":"follow","max-snippet":"max-snippet:-1","max-image-preview":"max-image-preview:large","max-video-preview":"max-video-preview:-1"},"canonical":"https:\/\/www.armandotesta.it\/it\/unottima-strategia-per-far-volare-la-creativita-guglielmo-pezzino-entra-in-armando-testa\/","og_locale":"it_IT","og_type":"article","og_title":"UN\u2019OTTIMA STRATEGIA PER FAR VOLARE LA CREATIVIT\u00c0: GUGLIELMO PEZZINO ENTRA IN ARMANDO TESTA - Armando Testa","og_description":"Il Gruppo Armando Testa d\u00e0 il benvenuto a Guglielmo Pezzino che entra nel ruolo di Head of Strategy dopo una lunga esperienza in Publicis. \u201cSono molto felice di cominciare questo nuovo percorso con una sfida entusiasmante e professionalmente importante, in un\u2019Agenzia che mi ha sempre affascinato e che \u00e8 stata tra le prime a farmi [&hellip;]","og_url":"https:\/\/www.armandotesta.it\/it\/unottima-strategia-per-far-volare-la-creativita-guglielmo-pezzino-entra-in-armando-testa\/","og_site_name":"Armando Testa","article_published_time":"2021-02-01T13:12:35+00:00","article_modified_time":"2024-06-04T13:41:23+00:00","og_image":[{"width":1989,"height":2560,"url":"https:\/\/www.armandotesta.it\/wp-content\/uploads\/2024\/06\/Guglielmo_Pezzino-scaled.jpg","type":"image\/jpeg"}],"author":"admAT","twitter_card":"summary_large_image","twitter_misc":{"Scritto da":"admAT","Tempo di lettura stimato":"1 minuto"},"schema":{"@context":"https:\/\/schema.org","@graph":[{"@type":"Article","@id":"https:\/\/www.armandotesta.it\/it\/unottima-strategia-per-far-volare-la-creativita-guglielmo-pezzino-entra-in-armando-testa\/#article","isPartOf":{"@id":"https:\/\/www.armandotesta.it\/it\/unottima-strategia-per-far-volare-la-creativita-guglielmo-pezzino-entra-in-armando-testa\/"},"author":{"name":"admAT","@id":"https:\/\/www.armandotesta.it\/it\/#\/schema\/person\/46d1d2d167e5f7b857761f0d5183a848"},"headline":"UN\u2019OTTIMA STRATEGIA PER FAR VOLARE LA CREATIVIT\u00c0: GUGLIELMO PEZZINO ENTRA IN ARMANDO TESTA","datePublished":"2021-02-01T13:12:35+00:00","dateModified":"2024-06-04T13:41:23+00:00","mainEntityOfPage":{"@id":"https:\/\/www.armandotesta.it\/it\/unottima-strategia-per-far-volare-la-creativita-guglielmo-pezzino-entra-in-armando-testa\/"},"wordCount":304,"publisher":{"@id":"https:\/\/www.armandotesta.it\/it\/#organization"},"image":{"@id":"https:\/\/www.armandotesta.it\/it\/unottima-strategia-per-far-volare-la-creativita-guglielmo-pezzino-entra-in-armando-testa\/#primaryimage"},"thumbnailUrl":"https:\/\/www.armandotesta.it\/wp-content\/uploads\/2024\/06\/Guglielmo_Pezzino-scaled.jpg","inLanguage":"it-IT"},{"@type":"WebPage","@id":"https:\/\/www.armandotesta.it\/it\/unottima-strategia-per-far-volare-la-creativita-guglielmo-pezzino-entra-in-armando-testa\/","url":"https:\/\/www.armandotesta.it\/it\/unottima-strategia-per-far-volare-la-creativita-guglielmo-pezzino-entra-in-armando-testa\/","name":"UN\u2019OTTIMA STRATEGIA PER FAR VOLARE LA CREATIVIT\u00c0: GUGLIELMO PEZZINO ENTRA IN ARMANDO TESTA - Armando Testa","isPartOf":{"@id":"https:\/\/www.armandotesta.it\/it\/#website"},"primaryImageOfPage":{"@id":"https:\/\/www.armandotesta.it\/it\/unottima-strategia-per-far-volare-la-creativita-guglielmo-pezzino-entra-in-armando-testa\/#primaryimage"},"image":{"@id":"https:\/\/www.armandotesta.it\/it\/unottima-strategia-per-far-volare-la-creativita-guglielmo-pezzino-entra-in-armando-testa\/#primaryimage"},"thumbnailUrl":"https:\/\/www.armandotesta.it\/wp-content\/uploads\/2024\/06\/Guglielmo_Pezzino-scaled.jpg","datePublished":"2021-02-01T13:12:35+00:00","dateModified":"2024-06-04T13:41:23+00:00","breadcrumb":{"@id":"https:\/\/www.armandotesta.it\/it\/unottima-strategia-per-far-volare-la-creativita-guglielmo-pezzino-entra-in-armando-testa\/#breadcrumb"},"inLanguage":"it-IT","potentialAction":[{"@type":"ReadAction","target":["https:\/\/www.armandotesta.it\/it\/unottima-strategia-per-far-volare-la-creativita-guglielmo-pezzino-entra-in-armando-testa\/"]}]},{"@type":"ImageObject","inLanguage":"it-IT","@id":"https:\/\/www.armandotesta.it\/it\/unottima-strategia-per-far-volare-la-creativita-guglielmo-pezzino-entra-in-armando-testa\/#primaryimage","url":"https:\/\/www.armandotesta.it\/wp-content\/uploads\/2024\/06\/Guglielmo_Pezzino-scaled.jpg","contentUrl":"https:\/\/www.armandotesta.it\/wp-content\/uploads\/2024\/06\/Guglielmo_Pezzino-scaled.jpg","width":1989,"height":2560},{"@type":"BreadcrumbList","@id":"https:\/\/www.armandotesta.it\/it\/unottima-strategia-per-far-volare-la-creativita-guglielmo-pezzino-entra-in-armando-testa\/#breadcrumb","itemListElement":[{"@type":"ListItem","position":1,"name":"Home","item":"https:\/\/www.armandotesta.it\/it\/"},{"@type":"ListItem","position":2,"name":"UN\u2019OTTIMA STRATEGIA PER FAR VOLARE LA CREATIVIT\u00c0: GUGLIELMO PEZZINO ENTRA IN ARMANDO TESTA"}]},{"@type":"WebSite","@id":"https:\/\/www.armandotesta.it\/it\/#website","url":"https:\/\/www.armandotesta.it\/it\/","name":"Armando Testa","description":"","publisher":{"@id":"https:\/\/www.armandotesta.it\/it\/#organization"},"potentialAction":[{"@type":"SearchAction","target":{"@type":"EntryPoint","urlTemplate":"https:\/\/www.armandotesta.it\/it\/?s={search_term_string}"},"query-input":{"@type":"PropertyValueSpecification","valueRequired":true,"valueName":"search_term_string"}}],"inLanguage":"it-IT"},{"@type":"Organization","@id":"https:\/\/www.armandotesta.it\/it\/#organization","name":"Armando Testa","url":"https:\/\/www.armandotesta.it\/it\/","logo":{"@type":"ImageObject","inLanguage":"it-IT","@id":"https:\/\/www.armandotesta.it\/it\/#\/schema\/logo\/image\/","url":"https:\/\/www.armandotesta.it\/wp-content\/uploads\/2024\/01\/logo-at.png","contentUrl":"https:\/\/www.armandotesta.it\/wp-content\/uploads\/2024\/01\/logo-at.png","width":200,"height":200,"caption":"Armando Testa"},"image":{"@id":"https:\/\/www.armandotesta.it\/it\/#\/schema\/logo\/image\/"}},{"@type":"Person","@id":"https:\/\/www.armandotesta.it\/it\/#\/schema\/person\/46d1d2d167e5f7b857761f0d5183a848","name":"admAT","image":{"@type":"ImageObject","inLanguage":"it-IT","@id":"https:\/\/secure.gravatar.com\/avatar\/9772e708d87105ee06ea2e627102fade92688c33bb2e0083a7a18b56280f7239?s=96&d=mm&r=g","url":"https:\/\/secure.gravatar.com\/avatar\/9772e708d87105ee06ea2e627102fade92688c33bb2e0083a7a18b56280f7239?s=96&d=mm&r=g","contentUrl":"https:\/\/secure.gravatar.com\/avatar\/9772e708d87105ee06ea2e627102fade92688c33bb2e0083a7a18b56280f7239?s=96&d=mm&r=g","caption":"admAT"},"sameAs":["https:\/\/www.armandotesta.it"],"url":"https:\/\/www.armandotesta.it\/it\/author\/admat\/"}]}},"_links":{"self":[{"href":"https:\/\/www.armandotesta.it\/it\/wp-json\/wp\/v2\/posts\/24507","targetHints":{"allow":["GET"]}}],"collection":[{"href":"https:\/\/www.armandotesta.it\/it\/wp-json\/wp\/v2\/posts"}],"about":[{"href":"https:\/\/www.armandotesta.it\/it\/wp-json\/wp\/v2\/types\/post"}],"author":[{"embeddable":true,"href":"https:\/\/www.armandotesta.it\/it\/wp-json\/wp\/v2\/users\/1"}],"replies":[{"embeddable":true,"href":"https:\/\/www.armandotesta.it\/it\/wp-json\/wp\/v2\/comments?post=24507"}],"version-history":[{"count":1,"href":"https:\/\/www.armandotesta.it\/it\/wp-json\/wp\/v2\/posts\/24507\/revisions"}],"predecessor-version":[{"id":25465,"href":"https:\/\/www.armandotesta.it\/it\/wp-json\/wp\/v2\/posts\/24507\/revisions\/25465"}],"wp:featuredmedia":[{"embeddable":true,"href":"https:\/\/www.armandotesta.it\/it\/wp-json\/wp\/v2\/media\/20344"}],"wp:attachment":[{"href":"https:\/\/www.armandotesta.it\/it\/wp-json\/wp\/v2\/media?parent=24507"}],"wp:term":[{"taxonomy":"category","embeddable":true,"href":"https:\/\/www.armandotesta.it\/it\/wp-json\/wp\/v2\/categories?post=24507"},{"taxonomy":"post_tag","embeddable":true,"href":"https:\/\/www.armandotesta.it\/it\/wp-json\/wp\/v2\/tags?post=24507"}],"curies":[{"name":"wp","href":"https:\/\/api.w.org\/{rel}","templated":true}]}}