{"id":24506,"date":"2021-01-25T16:54:57","date_gmt":"2021-01-25T15:54:57","guid":{"rendered":"https:\/\/www.armandotesta.it\/mediamarkt-e-il-gruppo-armando-testa-portano-la-m-di-mediaworld-in-tutta-europa\/"},"modified":"2024-06-04T15:41:22","modified_gmt":"2024-06-04T13:41:22","slug":"mediamarkt-e-il-gruppo-armando-testa-portano-la-m-di-mediaworld-in-tutta-europa","status":"publish","type":"post","link":"https:\/\/www.armandotesta.it\/it\/mediamarkt-e-il-gruppo-armando-testa-portano-la-m-di-mediaworld-in-tutta-europa\/","title":{"rendered":"MEDIAMARKT E IL GRUPPO ARMANDO TESTA PORTANO LA \u201cM\u201d DI MEDIAWORLD IN TUTTA EUROPA"},"content":{"rendered":"\n<p>\u00c8 successo di nuovo. Dopo aver conquistato il mercato italiano, la campagna di<strong>&nbsp;MediaWorld \u201cFatto apposta per me\u201d,&nbsp;<\/strong>ideata dall\u2019Armando Testa nel 2019, \u00e8 risultata vincente anche per la casa madre tedesca MediaMarkt che, in seguito a una consultazione che ha coinvolto tutte le agenzie locali del gruppo, ha quindi deciso di adottarla per altri 5 paesi europei e dare all\u2019agenzia italiana il ruolo di HUB per la comunicazione MediaMarkt, istituzionale e promozionale.<\/p>\n\n\n\n<p>Una case history che dimostra quanto una campagna improntata alla sintesi visiva, unica e distintiva e alla valorizzazione della marca sia universalmente valida, a prescindere dal mercato di riferimento.<\/p>\n\n\n\n<p>La tecnologia che entra nella vita delle persone sotto forma della \u201cM\u201d rossa di MediaMarkt \u00e8 un\u2019immagine, in perfetto stile Armando Testa, che rimane impressa nella memoria: lo dimostrano i risultati della campagna italiana che ha raggiunto il 100% di brand linkage e ora \u00e8 pronta a creare la stessa awareness anche nei mercati esteri.<\/p>\n\n\n\n<p>La campagna sempre sulle note di<strong>&nbsp;\u201cWhat a Wonderful World\u201d&nbsp;<\/strong>\u00e8 andata on air e online in Germania, Polonia, Svizzera, Spagna e Portogallo con un primo appuntamento dedicato al Natale seguito a gennaio da uno spot istituzionale.&nbsp;<\/p>\n\n\n\n<p>Il concept&nbsp;<strong>\u201cJust Made For Me\u201d&nbsp;<\/strong>\u00e8 stato sviluppato su tutti i mezzi: tv, stampa, pop, radio, digital e social.<\/p>\n\n\n\n<p>La creativit\u00e0, sempre firmata Armando Testa, \u00e8 stata arricchita da nuove scene, dirette dal regista Edoardo Lugari, per ampliare ancora di pi\u00f9 l\u2019universo di prodotti e servizi offerto da MediaMarkt.&nbsp;<\/p>\n\n\n\n<p>Anche in questo caso, la produzione \u00e8 stata interamente seguita da Little Bull Studios.<\/p>\n\n\n\n<p><strong>CREDITS<\/strong><\/p>\n\n\n\n<p><strong>Agenzia:&nbsp;<\/strong>Gruppo Armando Testa<\/p>\n\n\n\n<p><strong>Direzione creativa:&nbsp;<\/strong>Georgia Ferraro, Nicola Cellemme<\/p>\n\n\n\n<p><strong>Team creativo:\u00a0<\/strong>Andrea Dell\u2019Osa, Lorenzo Blangiardo<\/p>\n\n\n\n<p><strong>Casa di produzione:\u00a0<\/strong>Little Bull Studios<\/p>\n\n\n\n<ul class=\"wp-block-gallery columns-3 is-cropped wp-block-gallery-1 is-layout-flex wp-block-gallery-is-layout-flex\"><li class=\"blocks-gallery-item\"><figure><img decoding=\"async\" src=\"https:\/\/newsroom.armandotesta.it\/wp-content\/uploads\/2021\/01\/MM_3-1024x741.jpeg\" alt=\"\" data-id=\"4908\" data-link=\"https:\/\/newsroom.armandotesta.it\/it\/?attachment_id=4908\" class=\"wp-image-4908\"\/><\/figure><\/li><li class=\"blocks-gallery-item\"><figure><img decoding=\"async\" src=\"https:\/\/newsroom.armandotesta.it\/wp-content\/uploads\/2021\/01\/MM_2-1020x768.jpeg\" alt=\"\" data-id=\"4907\" data-link=\"https:\/\/newsroom.armandotesta.it\/it\/?attachment_id=4907\" class=\"wp-image-4907\"\/><\/figure><\/li><li class=\"blocks-gallery-item\"><figure><img decoding=\"async\" src=\"https:\/\/newsroom.armandotesta.it\/wp-content\/uploads\/2021\/01\/MM_1-1024x682.jpeg\" alt=\"\" data-id=\"4906\" data-link=\"https:\/\/newsroom.armandotesta.it\/it\/?attachment_id=4906\" class=\"wp-image-4906\"\/><\/figure><\/li><\/ul>\n\n\n\n<figure class=\"wp-block-embed-youtube wp-block-embed is-type-video is-provider-youtube wp-embed-aspect-16-9 wp-has-aspect-ratio\"><div class=\"wp-block-embed__wrapper\">\n<iframe loading=\"lazy\" title=\"MediaMarkt IST 60B\" width=\"500\" height=\"281\" src=\"https:\/\/www.youtube.com\/embed\/1r8JtSNV1-Y?feature=oembed\" frameborder=\"0\" allow=\"accelerometer; autoplay; clipboard-write; encrypted-media; gyroscope; picture-in-picture; web-share\" referrerpolicy=\"strict-origin-when-cross-origin\" allowfullscreen><\/iframe>\n<\/div><\/figure>\n","protected":false},"excerpt":{"rendered":"<p>\u00c8 successo di nuovo. Dopo aver conquistato il mercato italiano, la campagna di&nbsp;MediaWorld \u201cFatto apposta per me\u201d,&nbsp;ideata dall\u2019Armando Testa nel 2019, \u00e8 risultata vincente anche per la casa madre tedesca MediaMarkt che, in seguito a una consultazione che ha coinvolto tutte le agenzie locali del gruppo, ha quindi deciso di adottarla per altri 5 paesi [&hellip;]<\/p>\n","protected":false},"author":1,"featured_media":20340,"comment_status":"closed","ping_status":"closed","sticky":false,"template":"","format":"standard","meta":{"_acf_changed":false,"inline_featured_image":false,"footnotes":""},"categories":[],"tags":[],"class_list":["post-24506","post","type-post","status-publish","format-standard","has-post-thumbnail","hentry"],"acf":false,"yoast_head":"<!-- This site is optimized with the Yoast SEO plugin v27.5 - https:\/\/yoast.com\/product\/yoast-seo-wordpress\/ -->\n<title>MEDIAMARKT E IL GRUPPO ARMANDO TESTA PORTANO LA \u201cM\u201d DI MEDIAWORLD IN TUTTA EUROPA - Armando Testa<\/title>\n<meta name=\"robots\" content=\"index, follow, max-snippet:-1, max-image-preview:large, max-video-preview:-1\" \/>\n<link rel=\"canonical\" href=\"https:\/\/www.armandotesta.it\/it\/mediamarkt-e-il-gruppo-armando-testa-portano-la-m-di-mediaworld-in-tutta-europa\/\" \/>\n<meta property=\"og:locale\" content=\"it_IT\" \/>\n<meta property=\"og:type\" content=\"article\" \/>\n<meta property=\"og:title\" content=\"MEDIAMARKT E IL GRUPPO ARMANDO TESTA PORTANO LA \u201cM\u201d DI MEDIAWORLD IN TUTTA EUROPA - Armando Testa\" \/>\n<meta property=\"og:description\" content=\"\u00c8 successo di nuovo. Dopo aver conquistato il mercato italiano, la campagna di&nbsp;MediaWorld \u201cFatto apposta per me\u201d,&nbsp;ideata dall\u2019Armando Testa nel 2019, \u00e8 risultata vincente anche per la casa madre tedesca MediaMarkt che, in seguito a una consultazione che ha coinvolto tutte le agenzie locali del gruppo, ha quindi deciso di adottarla per altri 5 paesi [&hellip;]\" \/>\n<meta property=\"og:url\" content=\"https:\/\/www.armandotesta.it\/it\/mediamarkt-e-il-gruppo-armando-testa-portano-la-m-di-mediaworld-in-tutta-europa\/\" \/>\n<meta property=\"og:site_name\" content=\"Armando Testa\" \/>\n<meta property=\"article:published_time\" content=\"2021-01-25T15:54:57+00:00\" \/>\n<meta property=\"article:modified_time\" content=\"2024-06-04T13:41:22+00:00\" \/>\n<meta property=\"og:image\" content=\"https:\/\/www.armandotesta.it\/wp-content\/uploads\/2024\/06\/MM_3.jpeg\" \/>\n\t<meta property=\"og:image:width\" content=\"1280\" \/>\n\t<meta property=\"og:image:height\" content=\"926\" \/>\n\t<meta property=\"og:image:type\" content=\"image\/jpeg\" \/>\n<meta name=\"author\" content=\"admAT\" \/>\n<meta name=\"twitter:card\" content=\"summary_large_image\" \/>\n<meta name=\"twitter:label1\" content=\"Scritto da\" \/>\n\t<meta name=\"twitter:data1\" content=\"admAT\" \/>\n\t<meta name=\"twitter:label2\" content=\"Tempo di lettura stimato\" \/>\n\t<meta name=\"twitter:data2\" content=\"1 minuto\" \/>\n<script type=\"application\/ld+json\" class=\"yoast-schema-graph\">{\"@context\":\"https:\\\/\\\/schema.org\",\"@graph\":[{\"@type\":\"Article\",\"@id\":\"https:\\\/\\\/www.armandotesta.it\\\/it\\\/mediamarkt-e-il-gruppo-armando-testa-portano-la-m-di-mediaworld-in-tutta-europa\\\/#article\",\"isPartOf\":{\"@id\":\"https:\\\/\\\/www.armandotesta.it\\\/it\\\/mediamarkt-e-il-gruppo-armando-testa-portano-la-m-di-mediaworld-in-tutta-europa\\\/\"},\"author\":{\"name\":\"admAT\",\"@id\":\"https:\\\/\\\/www.armandotesta.it\\\/it\\\/#\\\/schema\\\/person\\\/46d1d2d167e5f7b857761f0d5183a848\"},\"headline\":\"MEDIAMARKT E IL GRUPPO ARMANDO TESTA PORTANO LA \u201cM\u201d DI MEDIAWORLD IN TUTTA EUROPA\",\"datePublished\":\"2021-01-25T15:54:57+00:00\",\"dateModified\":\"2024-06-04T13:41:22+00:00\",\"mainEntityOfPage\":{\"@id\":\"https:\\\/\\\/www.armandotesta.it\\\/it\\\/mediamarkt-e-il-gruppo-armando-testa-portano-la-m-di-mediaworld-in-tutta-europa\\\/\"},\"wordCount\":305,\"publisher\":{\"@id\":\"https:\\\/\\\/www.armandotesta.it\\\/it\\\/#organization\"},\"image\":{\"@id\":\"https:\\\/\\\/www.armandotesta.it\\\/it\\\/mediamarkt-e-il-gruppo-armando-testa-portano-la-m-di-mediaworld-in-tutta-europa\\\/#primaryimage\"},\"thumbnailUrl\":\"https:\\\/\\\/www.armandotesta.it\\\/wp-content\\\/uploads\\\/2024\\\/06\\\/MM_3.jpeg\",\"inLanguage\":\"it-IT\"},{\"@type\":\"WebPage\",\"@id\":\"https:\\\/\\\/www.armandotesta.it\\\/it\\\/mediamarkt-e-il-gruppo-armando-testa-portano-la-m-di-mediaworld-in-tutta-europa\\\/\",\"url\":\"https:\\\/\\\/www.armandotesta.it\\\/it\\\/mediamarkt-e-il-gruppo-armando-testa-portano-la-m-di-mediaworld-in-tutta-europa\\\/\",\"name\":\"MEDIAMARKT E IL GRUPPO ARMANDO TESTA PORTANO LA \u201cM\u201d DI MEDIAWORLD IN TUTTA EUROPA - Armando Testa\",\"isPartOf\":{\"@id\":\"https:\\\/\\\/www.armandotesta.it\\\/it\\\/#website\"},\"primaryImageOfPage\":{\"@id\":\"https:\\\/\\\/www.armandotesta.it\\\/it\\\/mediamarkt-e-il-gruppo-armando-testa-portano-la-m-di-mediaworld-in-tutta-europa\\\/#primaryimage\"},\"image\":{\"@id\":\"https:\\\/\\\/www.armandotesta.it\\\/it\\\/mediamarkt-e-il-gruppo-armando-testa-portano-la-m-di-mediaworld-in-tutta-europa\\\/#primaryimage\"},\"thumbnailUrl\":\"https:\\\/\\\/www.armandotesta.it\\\/wp-content\\\/uploads\\\/2024\\\/06\\\/MM_3.jpeg\",\"datePublished\":\"2021-01-25T15:54:57+00:00\",\"dateModified\":\"2024-06-04T13:41:22+00:00\",\"breadcrumb\":{\"@id\":\"https:\\\/\\\/www.armandotesta.it\\\/it\\\/mediamarkt-e-il-gruppo-armando-testa-portano-la-m-di-mediaworld-in-tutta-europa\\\/#breadcrumb\"},\"inLanguage\":\"it-IT\",\"potentialAction\":[{\"@type\":\"ReadAction\",\"target\":[\"https:\\\/\\\/www.armandotesta.it\\\/it\\\/mediamarkt-e-il-gruppo-armando-testa-portano-la-m-di-mediaworld-in-tutta-europa\\\/\"]}]},{\"@type\":\"ImageObject\",\"inLanguage\":\"it-IT\",\"@id\":\"https:\\\/\\\/www.armandotesta.it\\\/it\\\/mediamarkt-e-il-gruppo-armando-testa-portano-la-m-di-mediaworld-in-tutta-europa\\\/#primaryimage\",\"url\":\"https:\\\/\\\/www.armandotesta.it\\\/wp-content\\\/uploads\\\/2024\\\/06\\\/MM_3.jpeg\",\"contentUrl\":\"https:\\\/\\\/www.armandotesta.it\\\/wp-content\\\/uploads\\\/2024\\\/06\\\/MM_3.jpeg\",\"width\":1280,\"height\":926},{\"@type\":\"BreadcrumbList\",\"@id\":\"https:\\\/\\\/www.armandotesta.it\\\/it\\\/mediamarkt-e-il-gruppo-armando-testa-portano-la-m-di-mediaworld-in-tutta-europa\\\/#breadcrumb\",\"itemListElement\":[{\"@type\":\"ListItem\",\"position\":1,\"name\":\"Home\",\"item\":\"https:\\\/\\\/www.armandotesta.it\\\/it\\\/\"},{\"@type\":\"ListItem\",\"position\":2,\"name\":\"MEDIAMARKT E IL GRUPPO ARMANDO TESTA PORTANO LA \u201cM\u201d DI MEDIAWORLD IN TUTTA EUROPA\"}]},{\"@type\":\"WebSite\",\"@id\":\"https:\\\/\\\/www.armandotesta.it\\\/it\\\/#website\",\"url\":\"https:\\\/\\\/www.armandotesta.it\\\/it\\\/\",\"name\":\"Armando Testa\",\"description\":\"\",\"publisher\":{\"@id\":\"https:\\\/\\\/www.armandotesta.it\\\/it\\\/#organization\"},\"potentialAction\":[{\"@type\":\"SearchAction\",\"target\":{\"@type\":\"EntryPoint\",\"urlTemplate\":\"https:\\\/\\\/www.armandotesta.it\\\/it\\\/?s={search_term_string}\"},\"query-input\":{\"@type\":\"PropertyValueSpecification\",\"valueRequired\":true,\"valueName\":\"search_term_string\"}}],\"inLanguage\":\"it-IT\"},{\"@type\":\"Organization\",\"@id\":\"https:\\\/\\\/www.armandotesta.it\\\/it\\\/#organization\",\"name\":\"Armando Testa\",\"url\":\"https:\\\/\\\/www.armandotesta.it\\\/it\\\/\",\"logo\":{\"@type\":\"ImageObject\",\"inLanguage\":\"it-IT\",\"@id\":\"https:\\\/\\\/www.armandotesta.it\\\/it\\\/#\\\/schema\\\/logo\\\/image\\\/\",\"url\":\"https:\\\/\\\/www.armandotesta.it\\\/wp-content\\\/uploads\\\/2024\\\/01\\\/logo-at.png\",\"contentUrl\":\"https:\\\/\\\/www.armandotesta.it\\\/wp-content\\\/uploads\\\/2024\\\/01\\\/logo-at.png\",\"width\":200,\"height\":200,\"caption\":\"Armando Testa\"},\"image\":{\"@id\":\"https:\\\/\\\/www.armandotesta.it\\\/it\\\/#\\\/schema\\\/logo\\\/image\\\/\"}},{\"@type\":\"Person\",\"@id\":\"https:\\\/\\\/www.armandotesta.it\\\/it\\\/#\\\/schema\\\/person\\\/46d1d2d167e5f7b857761f0d5183a848\",\"name\":\"admAT\",\"image\":{\"@type\":\"ImageObject\",\"inLanguage\":\"it-IT\",\"@id\":\"https:\\\/\\\/secure.gravatar.com\\\/avatar\\\/9772e708d87105ee06ea2e627102fade92688c33bb2e0083a7a18b56280f7239?s=96&d=mm&r=g\",\"url\":\"https:\\\/\\\/secure.gravatar.com\\\/avatar\\\/9772e708d87105ee06ea2e627102fade92688c33bb2e0083a7a18b56280f7239?s=96&d=mm&r=g\",\"contentUrl\":\"https:\\\/\\\/secure.gravatar.com\\\/avatar\\\/9772e708d87105ee06ea2e627102fade92688c33bb2e0083a7a18b56280f7239?s=96&d=mm&r=g\",\"caption\":\"admAT\"},\"sameAs\":[\"https:\\\/\\\/www.armandotesta.it\"],\"url\":\"https:\\\/\\\/www.armandotesta.it\\\/it\\\/author\\\/admat\\\/\"}]}<\/script>\n<!-- \/ Yoast SEO plugin. -->","yoast_head_json":{"title":"MEDIAMARKT E IL GRUPPO ARMANDO TESTA PORTANO LA \u201cM\u201d DI MEDIAWORLD IN TUTTA EUROPA - Armando Testa","robots":{"index":"index","follow":"follow","max-snippet":"max-snippet:-1","max-image-preview":"max-image-preview:large","max-video-preview":"max-video-preview:-1"},"canonical":"https:\/\/www.armandotesta.it\/it\/mediamarkt-e-il-gruppo-armando-testa-portano-la-m-di-mediaworld-in-tutta-europa\/","og_locale":"it_IT","og_type":"article","og_title":"MEDIAMARKT E IL GRUPPO ARMANDO TESTA PORTANO LA \u201cM\u201d DI MEDIAWORLD IN TUTTA EUROPA - Armando Testa","og_description":"\u00c8 successo di nuovo. Dopo aver conquistato il mercato italiano, la campagna di&nbsp;MediaWorld \u201cFatto apposta per me\u201d,&nbsp;ideata dall\u2019Armando Testa nel 2019, \u00e8 risultata vincente anche per la casa madre tedesca MediaMarkt che, in seguito a una consultazione che ha coinvolto tutte le agenzie locali del gruppo, ha quindi deciso di adottarla per altri 5 paesi [&hellip;]","og_url":"https:\/\/www.armandotesta.it\/it\/mediamarkt-e-il-gruppo-armando-testa-portano-la-m-di-mediaworld-in-tutta-europa\/","og_site_name":"Armando Testa","article_published_time":"2021-01-25T15:54:57+00:00","article_modified_time":"2024-06-04T13:41:22+00:00","og_image":[{"width":1280,"height":926,"url":"https:\/\/www.armandotesta.it\/wp-content\/uploads\/2024\/06\/MM_3.jpeg","type":"image\/jpeg"}],"author":"admAT","twitter_card":"summary_large_image","twitter_misc":{"Scritto da":"admAT","Tempo di lettura stimato":"1 minuto"},"schema":{"@context":"https:\/\/schema.org","@graph":[{"@type":"Article","@id":"https:\/\/www.armandotesta.it\/it\/mediamarkt-e-il-gruppo-armando-testa-portano-la-m-di-mediaworld-in-tutta-europa\/#article","isPartOf":{"@id":"https:\/\/www.armandotesta.it\/it\/mediamarkt-e-il-gruppo-armando-testa-portano-la-m-di-mediaworld-in-tutta-europa\/"},"author":{"name":"admAT","@id":"https:\/\/www.armandotesta.it\/it\/#\/schema\/person\/46d1d2d167e5f7b857761f0d5183a848"},"headline":"MEDIAMARKT E IL GRUPPO ARMANDO TESTA PORTANO LA \u201cM\u201d DI MEDIAWORLD IN TUTTA EUROPA","datePublished":"2021-01-25T15:54:57+00:00","dateModified":"2024-06-04T13:41:22+00:00","mainEntityOfPage":{"@id":"https:\/\/www.armandotesta.it\/it\/mediamarkt-e-il-gruppo-armando-testa-portano-la-m-di-mediaworld-in-tutta-europa\/"},"wordCount":305,"publisher":{"@id":"https:\/\/www.armandotesta.it\/it\/#organization"},"image":{"@id":"https:\/\/www.armandotesta.it\/it\/mediamarkt-e-il-gruppo-armando-testa-portano-la-m-di-mediaworld-in-tutta-europa\/#primaryimage"},"thumbnailUrl":"https:\/\/www.armandotesta.it\/wp-content\/uploads\/2024\/06\/MM_3.jpeg","inLanguage":"it-IT"},{"@type":"WebPage","@id":"https:\/\/www.armandotesta.it\/it\/mediamarkt-e-il-gruppo-armando-testa-portano-la-m-di-mediaworld-in-tutta-europa\/","url":"https:\/\/www.armandotesta.it\/it\/mediamarkt-e-il-gruppo-armando-testa-portano-la-m-di-mediaworld-in-tutta-europa\/","name":"MEDIAMARKT E IL GRUPPO ARMANDO TESTA PORTANO LA \u201cM\u201d DI MEDIAWORLD IN TUTTA EUROPA - Armando Testa","isPartOf":{"@id":"https:\/\/www.armandotesta.it\/it\/#website"},"primaryImageOfPage":{"@id":"https:\/\/www.armandotesta.it\/it\/mediamarkt-e-il-gruppo-armando-testa-portano-la-m-di-mediaworld-in-tutta-europa\/#primaryimage"},"image":{"@id":"https:\/\/www.armandotesta.it\/it\/mediamarkt-e-il-gruppo-armando-testa-portano-la-m-di-mediaworld-in-tutta-europa\/#primaryimage"},"thumbnailUrl":"https:\/\/www.armandotesta.it\/wp-content\/uploads\/2024\/06\/MM_3.jpeg","datePublished":"2021-01-25T15:54:57+00:00","dateModified":"2024-06-04T13:41:22+00:00","breadcrumb":{"@id":"https:\/\/www.armandotesta.it\/it\/mediamarkt-e-il-gruppo-armando-testa-portano-la-m-di-mediaworld-in-tutta-europa\/#breadcrumb"},"inLanguage":"it-IT","potentialAction":[{"@type":"ReadAction","target":["https:\/\/www.armandotesta.it\/it\/mediamarkt-e-il-gruppo-armando-testa-portano-la-m-di-mediaworld-in-tutta-europa\/"]}]},{"@type":"ImageObject","inLanguage":"it-IT","@id":"https:\/\/www.armandotesta.it\/it\/mediamarkt-e-il-gruppo-armando-testa-portano-la-m-di-mediaworld-in-tutta-europa\/#primaryimage","url":"https:\/\/www.armandotesta.it\/wp-content\/uploads\/2024\/06\/MM_3.jpeg","contentUrl":"https:\/\/www.armandotesta.it\/wp-content\/uploads\/2024\/06\/MM_3.jpeg","width":1280,"height":926},{"@type":"BreadcrumbList","@id":"https:\/\/www.armandotesta.it\/it\/mediamarkt-e-il-gruppo-armando-testa-portano-la-m-di-mediaworld-in-tutta-europa\/#breadcrumb","itemListElement":[{"@type":"ListItem","position":1,"name":"Home","item":"https:\/\/www.armandotesta.it\/it\/"},{"@type":"ListItem","position":2,"name":"MEDIAMARKT E IL GRUPPO ARMANDO TESTA PORTANO LA \u201cM\u201d DI MEDIAWORLD IN TUTTA EUROPA"}]},{"@type":"WebSite","@id":"https:\/\/www.armandotesta.it\/it\/#website","url":"https:\/\/www.armandotesta.it\/it\/","name":"Armando Testa","description":"","publisher":{"@id":"https:\/\/www.armandotesta.it\/it\/#organization"},"potentialAction":[{"@type":"SearchAction","target":{"@type":"EntryPoint","urlTemplate":"https:\/\/www.armandotesta.it\/it\/?s={search_term_string}"},"query-input":{"@type":"PropertyValueSpecification","valueRequired":true,"valueName":"search_term_string"}}],"inLanguage":"it-IT"},{"@type":"Organization","@id":"https:\/\/www.armandotesta.it\/it\/#organization","name":"Armando Testa","url":"https:\/\/www.armandotesta.it\/it\/","logo":{"@type":"ImageObject","inLanguage":"it-IT","@id":"https:\/\/www.armandotesta.it\/it\/#\/schema\/logo\/image\/","url":"https:\/\/www.armandotesta.it\/wp-content\/uploads\/2024\/01\/logo-at.png","contentUrl":"https:\/\/www.armandotesta.it\/wp-content\/uploads\/2024\/01\/logo-at.png","width":200,"height":200,"caption":"Armando Testa"},"image":{"@id":"https:\/\/www.armandotesta.it\/it\/#\/schema\/logo\/image\/"}},{"@type":"Person","@id":"https:\/\/www.armandotesta.it\/it\/#\/schema\/person\/46d1d2d167e5f7b857761f0d5183a848","name":"admAT","image":{"@type":"ImageObject","inLanguage":"it-IT","@id":"https:\/\/secure.gravatar.com\/avatar\/9772e708d87105ee06ea2e627102fade92688c33bb2e0083a7a18b56280f7239?s=96&d=mm&r=g","url":"https:\/\/secure.gravatar.com\/avatar\/9772e708d87105ee06ea2e627102fade92688c33bb2e0083a7a18b56280f7239?s=96&d=mm&r=g","contentUrl":"https:\/\/secure.gravatar.com\/avatar\/9772e708d87105ee06ea2e627102fade92688c33bb2e0083a7a18b56280f7239?s=96&d=mm&r=g","caption":"admAT"},"sameAs":["https:\/\/www.armandotesta.it"],"url":"https:\/\/www.armandotesta.it\/it\/author\/admat\/"}]}},"_links":{"self":[{"href":"https:\/\/www.armandotesta.it\/it\/wp-json\/wp\/v2\/posts\/24506","targetHints":{"allow":["GET"]}}],"collection":[{"href":"https:\/\/www.armandotesta.it\/it\/wp-json\/wp\/v2\/posts"}],"about":[{"href":"https:\/\/www.armandotesta.it\/it\/wp-json\/wp\/v2\/types\/post"}],"author":[{"embeddable":true,"href":"https:\/\/www.armandotesta.it\/it\/wp-json\/wp\/v2\/users\/1"}],"replies":[{"embeddable":true,"href":"https:\/\/www.armandotesta.it\/it\/wp-json\/wp\/v2\/comments?post=24506"}],"version-history":[{"count":1,"href":"https:\/\/www.armandotesta.it\/it\/wp-json\/wp\/v2\/posts\/24506\/revisions"}],"predecessor-version":[{"id":25464,"href":"https:\/\/www.armandotesta.it\/it\/wp-json\/wp\/v2\/posts\/24506\/revisions\/25464"}],"wp:featuredmedia":[{"embeddable":true,"href":"https:\/\/www.armandotesta.it\/it\/wp-json\/wp\/v2\/media\/20340"}],"wp:attachment":[{"href":"https:\/\/www.armandotesta.it\/it\/wp-json\/wp\/v2\/media?parent=24506"}],"wp:term":[{"taxonomy":"category","embeddable":true,"href":"https:\/\/www.armandotesta.it\/it\/wp-json\/wp\/v2\/categories?post=24506"},{"taxonomy":"post_tag","embeddable":true,"href":"https:\/\/www.armandotesta.it\/it\/wp-json\/wp\/v2\/tags?post=24506"}],"curies":[{"name":"wp","href":"https:\/\/api.w.org\/{rel}","templated":true}]}}