{"id":24497,"date":"2020-12-04T15:00:17","date_gmt":"2020-12-04T14:00:17","guid":{"rendered":"https:\/\/www.armandotesta.it\/le-mille-luci-di-montenapoleone-district-si-riaccendono-con-armando-testa\/"},"modified":"2024-06-04T15:41:19","modified_gmt":"2024-06-04T13:41:19","slug":"le-mille-luci-di-montenapoleone-district-si-riaccendono-con-armando-testa","status":"publish","type":"post","link":"https:\/\/www.armandotesta.it\/it\/le-mille-luci-di-montenapoleone-district-si-riaccendono-con-armando-testa\/","title":{"rendered":"LE MILLE LUCI DI MONTENAPOLEONE DISTRICT SI RIACCENDONO CON ARMANDO TESTA"},"content":{"rendered":"\n<p>C\u2019\u00e8 un luogo speciale nel cuore di Milano con pi\u00f9 di&nbsp;centotrenta Global Luxury Brand.<\/p>\n\n\n\n<p>Un posto dove lo shopping e il lifestyle incontrano l&#8217;arte e la cultura.&nbsp;<\/p>\n\n\n\n<p>Perch\u00e9 Montenapoleone District \u00e8 un punto di riferimento per la moda, per l\u2019arte, per lo stile e ha scelto di comunicarlo con una campagna firmata&nbsp;<strong>Armando Testa.&nbsp;<\/strong><\/p>\n\n\n\n<p>Una multisoggetto, sviluppata sui principali quotidiani nazionali e in affissioni tattiche, che nasce dall\u2019idea di far prendere vita al logo del distretto per raccontare le mille sfaccettature di via Montenapoleone e dintorni.&nbsp;<\/p>\n\n\n\n<p>Una visione dall\u2019alto del quadrilatero pi\u00f9 famoso di Milano che nella campagna si trasforma in una serie di illustrazioni dove la moda \u00e8 la padrona di casa, ma non l\u2019assoluta protagonista.&nbsp;<\/p>\n\n\n\n<p>Montenapoleone District infatti \u00e8 molto di pi\u00f9. \u00c8 un quartiere ricco di fascino, dove \u00e8 fantastico anche solo passeggiare tra luci di Natale, boutique e hotel, bar e ristoranti storici, musei e architetture iconiche.<\/p>\n\n\n\n<p>Un intero mondo di cui rimpossessarsi dove la meraviglia \u00e8 ovunque.&nbsp;<\/p>\n\n\n\n<p>Per descriverlo al meglio, Armando Testa ha scelto di collaborare con una Digital Artist e illustratrice:&nbsp;<strong>Iuliia krivorotova.<\/strong><\/p>\n\n\n\n<p>Per ora la campagna si sviluppa in tre soggetti, ma ne sono previsti altri nei mesi a venire, in base alle nuove misure governative.<\/p>\n\n\n\n<p>Per Armando Testa hanno lavorato alla creativit\u00e0 Michele Mariani, Federico Bonenti e Andrea Lantelme.<\/p>\n\n\n\n<figure class=\"wp-block-image\"><img decoding=\"async\" src=\"https:\/\/newsroom.armandotesta.it\/wp-content\/uploads\/2020\/12\/Montenapoleone-525x768.jpeg\" alt=\"\" class=\"wp-image-4856\"\/><\/figure>\n","protected":false},"excerpt":{"rendered":"<p>C\u2019\u00e8 un luogo speciale nel cuore di Milano con pi\u00f9 di&nbsp;centotrenta Global Luxury Brand. Un posto dove lo shopping e il lifestyle incontrano l&#8217;arte e la cultura.&nbsp; Perch\u00e9 Montenapoleone District \u00e8 un punto di riferimento per la moda, per l\u2019arte, per lo stile e ha scelto di comunicarlo con una campagna firmata&nbsp;Armando Testa.&nbsp; Una multisoggetto, [&hellip;]<\/p>\n","protected":false},"author":1,"featured_media":20326,"comment_status":"closed","ping_status":"closed","sticky":false,"template":"","format":"standard","meta":{"_acf_changed":false,"inline_featured_image":false,"footnotes":""},"categories":[],"tags":[],"class_list":["post-24497","post","type-post","status-publish","format-standard","has-post-thumbnail","hentry"],"acf":false,"yoast_head":"<!-- This site is optimized with the Yoast SEO plugin v27.5 - https:\/\/yoast.com\/product\/yoast-seo-wordpress\/ -->\n<title>LE MILLE LUCI DI MONTENAPOLEONE DISTRICT SI RIACCENDONO CON ARMANDO TESTA - Armando Testa<\/title>\n<meta name=\"robots\" content=\"index, follow, max-snippet:-1, max-image-preview:large, max-video-preview:-1\" \/>\n<link rel=\"canonical\" href=\"https:\/\/www.armandotesta.it\/it\/le-mille-luci-di-montenapoleone-district-si-riaccendono-con-armando-testa\/\" \/>\n<meta property=\"og:locale\" content=\"it_IT\" \/>\n<meta property=\"og:type\" content=\"article\" \/>\n<meta property=\"og:title\" content=\"LE MILLE LUCI DI MONTENAPOLEONE DISTRICT SI RIACCENDONO CON ARMANDO TESTA - Armando Testa\" \/>\n<meta property=\"og:description\" content=\"C\u2019\u00e8 un luogo speciale nel cuore di Milano con pi\u00f9 di&nbsp;centotrenta Global Luxury Brand. Un posto dove lo shopping e il lifestyle incontrano l&#8217;arte e la cultura.&nbsp; Perch\u00e9 Montenapoleone District \u00e8 un punto di riferimento per la moda, per l\u2019arte, per lo stile e ha scelto di comunicarlo con una campagna firmata&nbsp;Armando Testa.&nbsp; Una multisoggetto, [&hellip;]\" \/>\n<meta property=\"og:url\" content=\"https:\/\/www.armandotesta.it\/it\/le-mille-luci-di-montenapoleone-district-si-riaccendono-con-armando-testa\/\" \/>\n<meta property=\"og:site_name\" content=\"Armando Testa\" \/>\n<meta property=\"article:published_time\" content=\"2020-12-04T14:00:17+00:00\" \/>\n<meta property=\"article:modified_time\" content=\"2024-06-04T13:41:19+00:00\" \/>\n<meta property=\"og:image\" content=\"https:\/\/www.armandotesta.it\/wp-content\/uploads\/2024\/06\/Montenapoleone-scaled.jpeg\" \/>\n\t<meta property=\"og:image:width\" content=\"1751\" \/>\n\t<meta property=\"og:image:height\" content=\"2560\" \/>\n\t<meta property=\"og:image:type\" content=\"image\/jpeg\" \/>\n<meta name=\"author\" content=\"admAT\" \/>\n<meta name=\"twitter:card\" content=\"summary_large_image\" \/>\n<meta name=\"twitter:label1\" content=\"Scritto da\" \/>\n\t<meta name=\"twitter:data1\" content=\"admAT\" \/>\n\t<meta name=\"twitter:label2\" content=\"Tempo di lettura stimato\" \/>\n\t<meta name=\"twitter:data2\" content=\"1 minuto\" \/>\n<script type=\"application\/ld+json\" class=\"yoast-schema-graph\">{\"@context\":\"https:\\\/\\\/schema.org\",\"@graph\":[{\"@type\":\"Article\",\"@id\":\"https:\\\/\\\/www.armandotesta.it\\\/it\\\/le-mille-luci-di-montenapoleone-district-si-riaccendono-con-armando-testa\\\/#article\",\"isPartOf\":{\"@id\":\"https:\\\/\\\/www.armandotesta.it\\\/it\\\/le-mille-luci-di-montenapoleone-district-si-riaccendono-con-armando-testa\\\/\"},\"author\":{\"name\":\"admAT\",\"@id\":\"https:\\\/\\\/www.armandotesta.it\\\/it\\\/#\\\/schema\\\/person\\\/46d1d2d167e5f7b857761f0d5183a848\"},\"headline\":\"LE MILLE LUCI DI MONTENAPOLEONE DISTRICT SI RIACCENDONO CON ARMANDO TESTA\",\"datePublished\":\"2020-12-04T14:00:17+00:00\",\"dateModified\":\"2024-06-04T13:41:19+00:00\",\"mainEntityOfPage\":{\"@id\":\"https:\\\/\\\/www.armandotesta.it\\\/it\\\/le-mille-luci-di-montenapoleone-district-si-riaccendono-con-armando-testa\\\/\"},\"wordCount\":237,\"publisher\":{\"@id\":\"https:\\\/\\\/www.armandotesta.it\\\/it\\\/#organization\"},\"image\":{\"@id\":\"https:\\\/\\\/www.armandotesta.it\\\/it\\\/le-mille-luci-di-montenapoleone-district-si-riaccendono-con-armando-testa\\\/#primaryimage\"},\"thumbnailUrl\":\"https:\\\/\\\/www.armandotesta.it\\\/wp-content\\\/uploads\\\/2024\\\/06\\\/Montenapoleone-scaled.jpeg\",\"inLanguage\":\"it-IT\"},{\"@type\":\"WebPage\",\"@id\":\"https:\\\/\\\/www.armandotesta.it\\\/it\\\/le-mille-luci-di-montenapoleone-district-si-riaccendono-con-armando-testa\\\/\",\"url\":\"https:\\\/\\\/www.armandotesta.it\\\/it\\\/le-mille-luci-di-montenapoleone-district-si-riaccendono-con-armando-testa\\\/\",\"name\":\"LE MILLE LUCI DI MONTENAPOLEONE DISTRICT SI RIACCENDONO CON ARMANDO TESTA - Armando Testa\",\"isPartOf\":{\"@id\":\"https:\\\/\\\/www.armandotesta.it\\\/it\\\/#website\"},\"primaryImageOfPage\":{\"@id\":\"https:\\\/\\\/www.armandotesta.it\\\/it\\\/le-mille-luci-di-montenapoleone-district-si-riaccendono-con-armando-testa\\\/#primaryimage\"},\"image\":{\"@id\":\"https:\\\/\\\/www.armandotesta.it\\\/it\\\/le-mille-luci-di-montenapoleone-district-si-riaccendono-con-armando-testa\\\/#primaryimage\"},\"thumbnailUrl\":\"https:\\\/\\\/www.armandotesta.it\\\/wp-content\\\/uploads\\\/2024\\\/06\\\/Montenapoleone-scaled.jpeg\",\"datePublished\":\"2020-12-04T14:00:17+00:00\",\"dateModified\":\"2024-06-04T13:41:19+00:00\",\"breadcrumb\":{\"@id\":\"https:\\\/\\\/www.armandotesta.it\\\/it\\\/le-mille-luci-di-montenapoleone-district-si-riaccendono-con-armando-testa\\\/#breadcrumb\"},\"inLanguage\":\"it-IT\",\"potentialAction\":[{\"@type\":\"ReadAction\",\"target\":[\"https:\\\/\\\/www.armandotesta.it\\\/it\\\/le-mille-luci-di-montenapoleone-district-si-riaccendono-con-armando-testa\\\/\"]}]},{\"@type\":\"ImageObject\",\"inLanguage\":\"it-IT\",\"@id\":\"https:\\\/\\\/www.armandotesta.it\\\/it\\\/le-mille-luci-di-montenapoleone-district-si-riaccendono-con-armando-testa\\\/#primaryimage\",\"url\":\"https:\\\/\\\/www.armandotesta.it\\\/wp-content\\\/uploads\\\/2024\\\/06\\\/Montenapoleone-scaled.jpeg\",\"contentUrl\":\"https:\\\/\\\/www.armandotesta.it\\\/wp-content\\\/uploads\\\/2024\\\/06\\\/Montenapoleone-scaled.jpeg\",\"width\":1751,\"height\":2560},{\"@type\":\"BreadcrumbList\",\"@id\":\"https:\\\/\\\/www.armandotesta.it\\\/it\\\/le-mille-luci-di-montenapoleone-district-si-riaccendono-con-armando-testa\\\/#breadcrumb\",\"itemListElement\":[{\"@type\":\"ListItem\",\"position\":1,\"name\":\"Home\",\"item\":\"https:\\\/\\\/www.armandotesta.it\\\/it\\\/\"},{\"@type\":\"ListItem\",\"position\":2,\"name\":\"LE MILLE LUCI DI MONTENAPOLEONE DISTRICT SI RIACCENDONO CON ARMANDO TESTA\"}]},{\"@type\":\"WebSite\",\"@id\":\"https:\\\/\\\/www.armandotesta.it\\\/it\\\/#website\",\"url\":\"https:\\\/\\\/www.armandotesta.it\\\/it\\\/\",\"name\":\"Armando Testa\",\"description\":\"\",\"publisher\":{\"@id\":\"https:\\\/\\\/www.armandotesta.it\\\/it\\\/#organization\"},\"potentialAction\":[{\"@type\":\"SearchAction\",\"target\":{\"@type\":\"EntryPoint\",\"urlTemplate\":\"https:\\\/\\\/www.armandotesta.it\\\/it\\\/?s={search_term_string}\"},\"query-input\":{\"@type\":\"PropertyValueSpecification\",\"valueRequired\":true,\"valueName\":\"search_term_string\"}}],\"inLanguage\":\"it-IT\"},{\"@type\":\"Organization\",\"@id\":\"https:\\\/\\\/www.armandotesta.it\\\/it\\\/#organization\",\"name\":\"Armando Testa\",\"url\":\"https:\\\/\\\/www.armandotesta.it\\\/it\\\/\",\"logo\":{\"@type\":\"ImageObject\",\"inLanguage\":\"it-IT\",\"@id\":\"https:\\\/\\\/www.armandotesta.it\\\/it\\\/#\\\/schema\\\/logo\\\/image\\\/\",\"url\":\"https:\\\/\\\/www.armandotesta.it\\\/wp-content\\\/uploads\\\/2024\\\/01\\\/logo-at.png\",\"contentUrl\":\"https:\\\/\\\/www.armandotesta.it\\\/wp-content\\\/uploads\\\/2024\\\/01\\\/logo-at.png\",\"width\":200,\"height\":200,\"caption\":\"Armando Testa\"},\"image\":{\"@id\":\"https:\\\/\\\/www.armandotesta.it\\\/it\\\/#\\\/schema\\\/logo\\\/image\\\/\"}},{\"@type\":\"Person\",\"@id\":\"https:\\\/\\\/www.armandotesta.it\\\/it\\\/#\\\/schema\\\/person\\\/46d1d2d167e5f7b857761f0d5183a848\",\"name\":\"admAT\",\"image\":{\"@type\":\"ImageObject\",\"inLanguage\":\"it-IT\",\"@id\":\"https:\\\/\\\/secure.gravatar.com\\\/avatar\\\/9772e708d87105ee06ea2e627102fade92688c33bb2e0083a7a18b56280f7239?s=96&d=mm&r=g\",\"url\":\"https:\\\/\\\/secure.gravatar.com\\\/avatar\\\/9772e708d87105ee06ea2e627102fade92688c33bb2e0083a7a18b56280f7239?s=96&d=mm&r=g\",\"contentUrl\":\"https:\\\/\\\/secure.gravatar.com\\\/avatar\\\/9772e708d87105ee06ea2e627102fade92688c33bb2e0083a7a18b56280f7239?s=96&d=mm&r=g\",\"caption\":\"admAT\"},\"sameAs\":[\"https:\\\/\\\/www.armandotesta.it\"],\"url\":\"https:\\\/\\\/www.armandotesta.it\\\/it\\\/author\\\/admat\\\/\"}]}<\/script>\n<!-- \/ Yoast SEO plugin. -->","yoast_head_json":{"title":"LE MILLE LUCI DI MONTENAPOLEONE DISTRICT SI RIACCENDONO CON ARMANDO TESTA - Armando Testa","robots":{"index":"index","follow":"follow","max-snippet":"max-snippet:-1","max-image-preview":"max-image-preview:large","max-video-preview":"max-video-preview:-1"},"canonical":"https:\/\/www.armandotesta.it\/it\/le-mille-luci-di-montenapoleone-district-si-riaccendono-con-armando-testa\/","og_locale":"it_IT","og_type":"article","og_title":"LE MILLE LUCI DI MONTENAPOLEONE DISTRICT SI RIACCENDONO CON ARMANDO TESTA - Armando Testa","og_description":"C\u2019\u00e8 un luogo speciale nel cuore di Milano con pi\u00f9 di&nbsp;centotrenta Global Luxury Brand. Un posto dove lo shopping e il lifestyle incontrano l&#8217;arte e la cultura.&nbsp; Perch\u00e9 Montenapoleone District \u00e8 un punto di riferimento per la moda, per l\u2019arte, per lo stile e ha scelto di comunicarlo con una campagna firmata&nbsp;Armando Testa.&nbsp; Una multisoggetto, [&hellip;]","og_url":"https:\/\/www.armandotesta.it\/it\/le-mille-luci-di-montenapoleone-district-si-riaccendono-con-armando-testa\/","og_site_name":"Armando Testa","article_published_time":"2020-12-04T14:00:17+00:00","article_modified_time":"2024-06-04T13:41:19+00:00","og_image":[{"width":1751,"height":2560,"url":"https:\/\/www.armandotesta.it\/wp-content\/uploads\/2024\/06\/Montenapoleone-scaled.jpeg","type":"image\/jpeg"}],"author":"admAT","twitter_card":"summary_large_image","twitter_misc":{"Scritto da":"admAT","Tempo di lettura stimato":"1 minuto"},"schema":{"@context":"https:\/\/schema.org","@graph":[{"@type":"Article","@id":"https:\/\/www.armandotesta.it\/it\/le-mille-luci-di-montenapoleone-district-si-riaccendono-con-armando-testa\/#article","isPartOf":{"@id":"https:\/\/www.armandotesta.it\/it\/le-mille-luci-di-montenapoleone-district-si-riaccendono-con-armando-testa\/"},"author":{"name":"admAT","@id":"https:\/\/www.armandotesta.it\/it\/#\/schema\/person\/46d1d2d167e5f7b857761f0d5183a848"},"headline":"LE MILLE LUCI DI MONTENAPOLEONE DISTRICT SI RIACCENDONO CON ARMANDO TESTA","datePublished":"2020-12-04T14:00:17+00:00","dateModified":"2024-06-04T13:41:19+00:00","mainEntityOfPage":{"@id":"https:\/\/www.armandotesta.it\/it\/le-mille-luci-di-montenapoleone-district-si-riaccendono-con-armando-testa\/"},"wordCount":237,"publisher":{"@id":"https:\/\/www.armandotesta.it\/it\/#organization"},"image":{"@id":"https:\/\/www.armandotesta.it\/it\/le-mille-luci-di-montenapoleone-district-si-riaccendono-con-armando-testa\/#primaryimage"},"thumbnailUrl":"https:\/\/www.armandotesta.it\/wp-content\/uploads\/2024\/06\/Montenapoleone-scaled.jpeg","inLanguage":"it-IT"},{"@type":"WebPage","@id":"https:\/\/www.armandotesta.it\/it\/le-mille-luci-di-montenapoleone-district-si-riaccendono-con-armando-testa\/","url":"https:\/\/www.armandotesta.it\/it\/le-mille-luci-di-montenapoleone-district-si-riaccendono-con-armando-testa\/","name":"LE MILLE LUCI DI MONTENAPOLEONE DISTRICT SI RIACCENDONO CON ARMANDO TESTA - Armando Testa","isPartOf":{"@id":"https:\/\/www.armandotesta.it\/it\/#website"},"primaryImageOfPage":{"@id":"https:\/\/www.armandotesta.it\/it\/le-mille-luci-di-montenapoleone-district-si-riaccendono-con-armando-testa\/#primaryimage"},"image":{"@id":"https:\/\/www.armandotesta.it\/it\/le-mille-luci-di-montenapoleone-district-si-riaccendono-con-armando-testa\/#primaryimage"},"thumbnailUrl":"https:\/\/www.armandotesta.it\/wp-content\/uploads\/2024\/06\/Montenapoleone-scaled.jpeg","datePublished":"2020-12-04T14:00:17+00:00","dateModified":"2024-06-04T13:41:19+00:00","breadcrumb":{"@id":"https:\/\/www.armandotesta.it\/it\/le-mille-luci-di-montenapoleone-district-si-riaccendono-con-armando-testa\/#breadcrumb"},"inLanguage":"it-IT","potentialAction":[{"@type":"ReadAction","target":["https:\/\/www.armandotesta.it\/it\/le-mille-luci-di-montenapoleone-district-si-riaccendono-con-armando-testa\/"]}]},{"@type":"ImageObject","inLanguage":"it-IT","@id":"https:\/\/www.armandotesta.it\/it\/le-mille-luci-di-montenapoleone-district-si-riaccendono-con-armando-testa\/#primaryimage","url":"https:\/\/www.armandotesta.it\/wp-content\/uploads\/2024\/06\/Montenapoleone-scaled.jpeg","contentUrl":"https:\/\/www.armandotesta.it\/wp-content\/uploads\/2024\/06\/Montenapoleone-scaled.jpeg","width":1751,"height":2560},{"@type":"BreadcrumbList","@id":"https:\/\/www.armandotesta.it\/it\/le-mille-luci-di-montenapoleone-district-si-riaccendono-con-armando-testa\/#breadcrumb","itemListElement":[{"@type":"ListItem","position":1,"name":"Home","item":"https:\/\/www.armandotesta.it\/it\/"},{"@type":"ListItem","position":2,"name":"LE MILLE LUCI DI MONTENAPOLEONE DISTRICT SI RIACCENDONO CON ARMANDO TESTA"}]},{"@type":"WebSite","@id":"https:\/\/www.armandotesta.it\/it\/#website","url":"https:\/\/www.armandotesta.it\/it\/","name":"Armando Testa","description":"","publisher":{"@id":"https:\/\/www.armandotesta.it\/it\/#organization"},"potentialAction":[{"@type":"SearchAction","target":{"@type":"EntryPoint","urlTemplate":"https:\/\/www.armandotesta.it\/it\/?s={search_term_string}"},"query-input":{"@type":"PropertyValueSpecification","valueRequired":true,"valueName":"search_term_string"}}],"inLanguage":"it-IT"},{"@type":"Organization","@id":"https:\/\/www.armandotesta.it\/it\/#organization","name":"Armando Testa","url":"https:\/\/www.armandotesta.it\/it\/","logo":{"@type":"ImageObject","inLanguage":"it-IT","@id":"https:\/\/www.armandotesta.it\/it\/#\/schema\/logo\/image\/","url":"https:\/\/www.armandotesta.it\/wp-content\/uploads\/2024\/01\/logo-at.png","contentUrl":"https:\/\/www.armandotesta.it\/wp-content\/uploads\/2024\/01\/logo-at.png","width":200,"height":200,"caption":"Armando Testa"},"image":{"@id":"https:\/\/www.armandotesta.it\/it\/#\/schema\/logo\/image\/"}},{"@type":"Person","@id":"https:\/\/www.armandotesta.it\/it\/#\/schema\/person\/46d1d2d167e5f7b857761f0d5183a848","name":"admAT","image":{"@type":"ImageObject","inLanguage":"it-IT","@id":"https:\/\/secure.gravatar.com\/avatar\/9772e708d87105ee06ea2e627102fade92688c33bb2e0083a7a18b56280f7239?s=96&d=mm&r=g","url":"https:\/\/secure.gravatar.com\/avatar\/9772e708d87105ee06ea2e627102fade92688c33bb2e0083a7a18b56280f7239?s=96&d=mm&r=g","contentUrl":"https:\/\/secure.gravatar.com\/avatar\/9772e708d87105ee06ea2e627102fade92688c33bb2e0083a7a18b56280f7239?s=96&d=mm&r=g","caption":"admAT"},"sameAs":["https:\/\/www.armandotesta.it"],"url":"https:\/\/www.armandotesta.it\/it\/author\/admat\/"}]}},"_links":{"self":[{"href":"https:\/\/www.armandotesta.it\/it\/wp-json\/wp\/v2\/posts\/24497","targetHints":{"allow":["GET"]}}],"collection":[{"href":"https:\/\/www.armandotesta.it\/it\/wp-json\/wp\/v2\/posts"}],"about":[{"href":"https:\/\/www.armandotesta.it\/it\/wp-json\/wp\/v2\/types\/post"}],"author":[{"embeddable":true,"href":"https:\/\/www.armandotesta.it\/it\/wp-json\/wp\/v2\/users\/1"}],"replies":[{"embeddable":true,"href":"https:\/\/www.armandotesta.it\/it\/wp-json\/wp\/v2\/comments?post=24497"}],"version-history":[{"count":1,"href":"https:\/\/www.armandotesta.it\/it\/wp-json\/wp\/v2\/posts\/24497\/revisions"}],"predecessor-version":[{"id":25455,"href":"https:\/\/www.armandotesta.it\/it\/wp-json\/wp\/v2\/posts\/24497\/revisions\/25455"}],"wp:featuredmedia":[{"embeddable":true,"href":"https:\/\/www.armandotesta.it\/it\/wp-json\/wp\/v2\/media\/20326"}],"wp:attachment":[{"href":"https:\/\/www.armandotesta.it\/it\/wp-json\/wp\/v2\/media?parent=24497"}],"wp:term":[{"taxonomy":"category","embeddable":true,"href":"https:\/\/www.armandotesta.it\/it\/wp-json\/wp\/v2\/categories?post=24497"},{"taxonomy":"post_tag","embeddable":true,"href":"https:\/\/www.armandotesta.it\/it\/wp-json\/wp\/v2\/tags?post=24497"}],"curies":[{"name":"wp","href":"https:\/\/api.w.org\/{rel}","templated":true}]}}