{"id":24486,"date":"2020-11-20T13:00:31","date_gmt":"2020-11-20T12:00:31","guid":{"rendered":"https:\/\/www.armandotesta.it\/yamaha-motor-europe-e-armando-testa-ci-portano-con-loro-in-un-viaggio-che-vale-doppio\/"},"modified":"2024-06-04T15:41:14","modified_gmt":"2024-06-04T13:41:14","slug":"yamaha-motor-europe-e-armando-testa-ci-portano-con-loro-in-un-viaggio-che-vale-doppio","status":"publish","type":"post","link":"https:\/\/www.armandotesta.it\/it\/yamaha-motor-europe-e-armando-testa-ci-portano-con-loro-in-un-viaggio-che-vale-doppio\/","title":{"rendered":"YAMAHA MOTOR EUROPE E ARMANDO TESTA CI PORTANO CON LORO IN UN VIAGGIO CHE VALE DOPPIO"},"content":{"rendered":"\n<p>In casa Yamaha non si smette mai di pensare alle novit\u00e0 e questa volta \u00e8 il turno di una delle moto pi\u00f9 vendute in Europa, la TRACER 900, ribattezzata TRACER 9 e della sorella TRACER 9 GT.&nbsp;<\/p>\n\n\n\n<p>Questa moto estremamente efficiente, dal cuore sportivo e dall&#8217;anima touring, \u00e8 stata progettata per garantire un&#8217;esperienza di guida straordinaria in qualsiasi contesto e accendere le emozioni ad ogni viaggio. La versione GT \u00e8 ancora pi\u00f9 ricca, completa e dotata di una serie di funzionalit\u00e0 e comodit\u00e0 esclusive, pensate appositamente per le lunghe distanze.<\/p>\n\n\n\n<p>Nel film seguiamo la moto in un viaggio che cambia scenario in un colpo di acceleratore. Il riding infatti si divide tra metropoli e natura, rettilinei e curve mozzafiato, percorsi brevi e strade infinite. Solo alla fine vediamo la TRACER 9 e la TRACER 9 GT correre l\u2019una affianco all\u2019altra, unite dal carattere avventuroso che le contraddistingue.&nbsp;<\/p>\n\n\n\n<p>La video strategy chiude rispettivamente con i claim \u201cTurn up your emotions\u201d e \u201cTurn up your journey\u201d ed \u00e8 firmata interamente da Armando Testa insieme alla casa di produzione interna Little Bull Studios.<\/p>\n\n\n\n<p>Un ringraziamento speciale va all\u2019Assessore al commercio e al Presidente della Provincia di Siena.<\/p>\n\n\n\n<p>Credits:<\/p>\n\n\n\n<p>Agenzia: Gruppo Armando Testa<\/p>\n\n\n\n<p>Direzione creativa: Nicola Cellemme e Georgia Ferraro<\/p>\n\n\n\n<p>Team creativo: Sebastien Sardet e Alice Franco<\/p>\n\n\n\n<p>Cdp: Little Bull Studios<\/p>\n\n\n\n<p>Dop: Marcello Dapporto<\/p>\n\n\n\n<p>Fotografo: Alessio Barbanti&nbsp;<\/p>\n\n\n\n<p>Color correction e post production: BAND<\/p>\n\n\n\n<p>Post-produzione foto: Sara Lucchetta, Riccardo Corda<\/p>\n\n\n\n<p>Music: Human Touch- Alessandro Branca<\/p>\n\n\n\n<figure class=\"wp-block-image\"><img decoding=\"async\" src=\"https:\/\/newsroom.armandotesta.it\/wp-content\/uploads\/2020\/11\/TRACER9FAMILY_2021_KV_WEB.jpeg\" alt=\"\" class=\"wp-image-4788\"\/><\/figure>\n\n\n\n<figure class=\"wp-block-embed-youtube wp-block-embed is-type-video is-provider-youtube wp-embed-aspect-16-9 wp-has-aspect-ratio\"><div class=\"wp-block-embed__wrapper\">\n<iframe loading=\"lazy\" title=\"2021 Yamaha TRACER 9 and TRACER 9 GT \u2013 ROADS OF LIFE\" width=\"500\" height=\"281\" src=\"https:\/\/www.youtube.com\/embed\/A0U1uXxIX-Q?feature=oembed\" frameborder=\"0\" allow=\"accelerometer; autoplay; clipboard-write; encrypted-media; gyroscope; picture-in-picture; web-share\" referrerpolicy=\"strict-origin-when-cross-origin\" allowfullscreen><\/iframe>\n<\/div><\/figure>\n","protected":false},"excerpt":{"rendered":"<p>In casa Yamaha non si smette mai di pensare alle novit\u00e0 e questa volta \u00e8 il turno di una delle moto pi\u00f9 vendute in Europa, la TRACER 900, ribattezzata TRACER 9 e della sorella TRACER 9 GT.&nbsp; Questa moto estremamente efficiente, dal cuore sportivo e dall&#8217;anima touring, \u00e8 stata progettata per garantire un&#8217;esperienza di guida [&hellip;]<\/p>\n","protected":false},"author":1,"featured_media":20311,"comment_status":"closed","ping_status":"closed","sticky":false,"template":"","format":"standard","meta":{"_acf_changed":false,"inline_featured_image":false,"footnotes":""},"categories":[],"tags":[],"class_list":["post-24486","post","type-post","status-publish","format-standard","has-post-thumbnail","hentry"],"acf":false,"yoast_head":"<!-- This site is optimized with the Yoast SEO plugin v27.5 - https:\/\/yoast.com\/product\/yoast-seo-wordpress\/ -->\n<title>YAMAHA MOTOR EUROPE E ARMANDO TESTA CI PORTANO CON LORO IN UN VIAGGIO CHE VALE DOPPIO - Armando Testa<\/title>\n<meta name=\"robots\" content=\"index, follow, max-snippet:-1, max-image-preview:large, max-video-preview:-1\" \/>\n<link rel=\"canonical\" href=\"https:\/\/www.armandotesta.it\/it\/yamaha-motor-europe-e-armando-testa-ci-portano-con-loro-in-un-viaggio-che-vale-doppio\/\" \/>\n<meta property=\"og:locale\" content=\"it_IT\" \/>\n<meta property=\"og:type\" content=\"article\" \/>\n<meta property=\"og:title\" content=\"YAMAHA MOTOR EUROPE E ARMANDO TESTA CI PORTANO CON LORO IN UN VIAGGIO CHE VALE DOPPIO - Armando Testa\" \/>\n<meta property=\"og:description\" content=\"In casa Yamaha non si smette mai di pensare alle novit\u00e0 e questa volta \u00e8 il turno di una delle moto pi\u00f9 vendute in Europa, la TRACER 900, ribattezzata TRACER 9 e della sorella TRACER 9 GT.&nbsp; Questa moto estremamente efficiente, dal cuore sportivo e dall&#8217;anima touring, \u00e8 stata progettata per garantire un&#8217;esperienza di guida [&hellip;]\" \/>\n<meta property=\"og:url\" content=\"https:\/\/www.armandotesta.it\/it\/yamaha-motor-europe-e-armando-testa-ci-portano-con-loro-in-un-viaggio-che-vale-doppio\/\" \/>\n<meta property=\"og:site_name\" content=\"Armando Testa\" \/>\n<meta property=\"article:published_time\" content=\"2020-11-20T12:00:31+00:00\" \/>\n<meta property=\"article:modified_time\" content=\"2024-06-04T13:41:14+00:00\" \/>\n<meta property=\"og:image\" content=\"https:\/\/www.armandotesta.it\/wp-content\/uploads\/2024\/06\/TRACER9FAMILY_2021_KV_WEB.jpeg\" \/>\n\t<meta property=\"og:image:width\" content=\"640\" \/>\n\t<meta property=\"og:image:height\" content=\"360\" \/>\n\t<meta property=\"og:image:type\" content=\"image\/jpeg\" \/>\n<meta name=\"author\" content=\"admAT\" \/>\n<meta name=\"twitter:card\" content=\"summary_large_image\" \/>\n<meta name=\"twitter:label1\" content=\"Scritto da\" \/>\n\t<meta name=\"twitter:data1\" content=\"admAT\" \/>\n\t<meta name=\"twitter:label2\" content=\"Tempo di lettura stimato\" \/>\n\t<meta name=\"twitter:data2\" content=\"1 minuto\" \/>\n<script type=\"application\/ld+json\" class=\"yoast-schema-graph\">{\"@context\":\"https:\\\/\\\/schema.org\",\"@graph\":[{\"@type\":\"Article\",\"@id\":\"https:\\\/\\\/www.armandotesta.it\\\/it\\\/yamaha-motor-europe-e-armando-testa-ci-portano-con-loro-in-un-viaggio-che-vale-doppio\\\/#article\",\"isPartOf\":{\"@id\":\"https:\\\/\\\/www.armandotesta.it\\\/it\\\/yamaha-motor-europe-e-armando-testa-ci-portano-con-loro-in-un-viaggio-che-vale-doppio\\\/\"},\"author\":{\"name\":\"admAT\",\"@id\":\"https:\\\/\\\/www.armandotesta.it\\\/it\\\/#\\\/schema\\\/person\\\/46d1d2d167e5f7b857761f0d5183a848\"},\"headline\":\"YAMAHA MOTOR EUROPE E ARMANDO TESTA CI PORTANO CON LORO IN UN VIAGGIO CHE VALE DOPPIO\",\"datePublished\":\"2020-11-20T12:00:31+00:00\",\"dateModified\":\"2024-06-04T13:41:14+00:00\",\"mainEntityOfPage\":{\"@id\":\"https:\\\/\\\/www.armandotesta.it\\\/it\\\/yamaha-motor-europe-e-armando-testa-ci-portano-con-loro-in-un-viaggio-che-vale-doppio\\\/\"},\"wordCount\":264,\"publisher\":{\"@id\":\"https:\\\/\\\/www.armandotesta.it\\\/it\\\/#organization\"},\"image\":{\"@id\":\"https:\\\/\\\/www.armandotesta.it\\\/it\\\/yamaha-motor-europe-e-armando-testa-ci-portano-con-loro-in-un-viaggio-che-vale-doppio\\\/#primaryimage\"},\"thumbnailUrl\":\"https:\\\/\\\/www.armandotesta.it\\\/wp-content\\\/uploads\\\/2024\\\/06\\\/TRACER9FAMILY_2021_KV_WEB.jpeg\",\"inLanguage\":\"it-IT\"},{\"@type\":\"WebPage\",\"@id\":\"https:\\\/\\\/www.armandotesta.it\\\/it\\\/yamaha-motor-europe-e-armando-testa-ci-portano-con-loro-in-un-viaggio-che-vale-doppio\\\/\",\"url\":\"https:\\\/\\\/www.armandotesta.it\\\/it\\\/yamaha-motor-europe-e-armando-testa-ci-portano-con-loro-in-un-viaggio-che-vale-doppio\\\/\",\"name\":\"YAMAHA MOTOR EUROPE E ARMANDO TESTA CI PORTANO CON LORO IN UN VIAGGIO CHE VALE DOPPIO - Armando Testa\",\"isPartOf\":{\"@id\":\"https:\\\/\\\/www.armandotesta.it\\\/it\\\/#website\"},\"primaryImageOfPage\":{\"@id\":\"https:\\\/\\\/www.armandotesta.it\\\/it\\\/yamaha-motor-europe-e-armando-testa-ci-portano-con-loro-in-un-viaggio-che-vale-doppio\\\/#primaryimage\"},\"image\":{\"@id\":\"https:\\\/\\\/www.armandotesta.it\\\/it\\\/yamaha-motor-europe-e-armando-testa-ci-portano-con-loro-in-un-viaggio-che-vale-doppio\\\/#primaryimage\"},\"thumbnailUrl\":\"https:\\\/\\\/www.armandotesta.it\\\/wp-content\\\/uploads\\\/2024\\\/06\\\/TRACER9FAMILY_2021_KV_WEB.jpeg\",\"datePublished\":\"2020-11-20T12:00:31+00:00\",\"dateModified\":\"2024-06-04T13:41:14+00:00\",\"breadcrumb\":{\"@id\":\"https:\\\/\\\/www.armandotesta.it\\\/it\\\/yamaha-motor-europe-e-armando-testa-ci-portano-con-loro-in-un-viaggio-che-vale-doppio\\\/#breadcrumb\"},\"inLanguage\":\"it-IT\",\"potentialAction\":[{\"@type\":\"ReadAction\",\"target\":[\"https:\\\/\\\/www.armandotesta.it\\\/it\\\/yamaha-motor-europe-e-armando-testa-ci-portano-con-loro-in-un-viaggio-che-vale-doppio\\\/\"]}]},{\"@type\":\"ImageObject\",\"inLanguage\":\"it-IT\",\"@id\":\"https:\\\/\\\/www.armandotesta.it\\\/it\\\/yamaha-motor-europe-e-armando-testa-ci-portano-con-loro-in-un-viaggio-che-vale-doppio\\\/#primaryimage\",\"url\":\"https:\\\/\\\/www.armandotesta.it\\\/wp-content\\\/uploads\\\/2024\\\/06\\\/TRACER9FAMILY_2021_KV_WEB.jpeg\",\"contentUrl\":\"https:\\\/\\\/www.armandotesta.it\\\/wp-content\\\/uploads\\\/2024\\\/06\\\/TRACER9FAMILY_2021_KV_WEB.jpeg\",\"width\":640,\"height\":360},{\"@type\":\"BreadcrumbList\",\"@id\":\"https:\\\/\\\/www.armandotesta.it\\\/it\\\/yamaha-motor-europe-e-armando-testa-ci-portano-con-loro-in-un-viaggio-che-vale-doppio\\\/#breadcrumb\",\"itemListElement\":[{\"@type\":\"ListItem\",\"position\":1,\"name\":\"Home\",\"item\":\"https:\\\/\\\/www.armandotesta.it\\\/it\\\/\"},{\"@type\":\"ListItem\",\"position\":2,\"name\":\"YAMAHA MOTOR EUROPE E ARMANDO TESTA CI PORTANO CON LORO IN UN VIAGGIO CHE VALE DOPPIO\"}]},{\"@type\":\"WebSite\",\"@id\":\"https:\\\/\\\/www.armandotesta.it\\\/it\\\/#website\",\"url\":\"https:\\\/\\\/www.armandotesta.it\\\/it\\\/\",\"name\":\"Armando Testa\",\"description\":\"\",\"publisher\":{\"@id\":\"https:\\\/\\\/www.armandotesta.it\\\/it\\\/#organization\"},\"potentialAction\":[{\"@type\":\"SearchAction\",\"target\":{\"@type\":\"EntryPoint\",\"urlTemplate\":\"https:\\\/\\\/www.armandotesta.it\\\/it\\\/?s={search_term_string}\"},\"query-input\":{\"@type\":\"PropertyValueSpecification\",\"valueRequired\":true,\"valueName\":\"search_term_string\"}}],\"inLanguage\":\"it-IT\"},{\"@type\":\"Organization\",\"@id\":\"https:\\\/\\\/www.armandotesta.it\\\/it\\\/#organization\",\"name\":\"Armando Testa\",\"url\":\"https:\\\/\\\/www.armandotesta.it\\\/it\\\/\",\"logo\":{\"@type\":\"ImageObject\",\"inLanguage\":\"it-IT\",\"@id\":\"https:\\\/\\\/www.armandotesta.it\\\/it\\\/#\\\/schema\\\/logo\\\/image\\\/\",\"url\":\"https:\\\/\\\/www.armandotesta.it\\\/wp-content\\\/uploads\\\/2024\\\/01\\\/logo-at.png\",\"contentUrl\":\"https:\\\/\\\/www.armandotesta.it\\\/wp-content\\\/uploads\\\/2024\\\/01\\\/logo-at.png\",\"width\":200,\"height\":200,\"caption\":\"Armando Testa\"},\"image\":{\"@id\":\"https:\\\/\\\/www.armandotesta.it\\\/it\\\/#\\\/schema\\\/logo\\\/image\\\/\"}},{\"@type\":\"Person\",\"@id\":\"https:\\\/\\\/www.armandotesta.it\\\/it\\\/#\\\/schema\\\/person\\\/46d1d2d167e5f7b857761f0d5183a848\",\"name\":\"admAT\",\"image\":{\"@type\":\"ImageObject\",\"inLanguage\":\"it-IT\",\"@id\":\"https:\\\/\\\/secure.gravatar.com\\\/avatar\\\/9772e708d87105ee06ea2e627102fade92688c33bb2e0083a7a18b56280f7239?s=96&d=mm&r=g\",\"url\":\"https:\\\/\\\/secure.gravatar.com\\\/avatar\\\/9772e708d87105ee06ea2e627102fade92688c33bb2e0083a7a18b56280f7239?s=96&d=mm&r=g\",\"contentUrl\":\"https:\\\/\\\/secure.gravatar.com\\\/avatar\\\/9772e708d87105ee06ea2e627102fade92688c33bb2e0083a7a18b56280f7239?s=96&d=mm&r=g\",\"caption\":\"admAT\"},\"sameAs\":[\"https:\\\/\\\/www.armandotesta.it\"],\"url\":\"https:\\\/\\\/www.armandotesta.it\\\/it\\\/author\\\/admat\\\/\"}]}<\/script>\n<!-- \/ Yoast SEO plugin. -->","yoast_head_json":{"title":"YAMAHA MOTOR EUROPE E ARMANDO TESTA CI PORTANO CON LORO IN UN VIAGGIO CHE VALE DOPPIO - Armando Testa","robots":{"index":"index","follow":"follow","max-snippet":"max-snippet:-1","max-image-preview":"max-image-preview:large","max-video-preview":"max-video-preview:-1"},"canonical":"https:\/\/www.armandotesta.it\/it\/yamaha-motor-europe-e-armando-testa-ci-portano-con-loro-in-un-viaggio-che-vale-doppio\/","og_locale":"it_IT","og_type":"article","og_title":"YAMAHA MOTOR EUROPE E ARMANDO TESTA CI PORTANO CON LORO IN UN VIAGGIO CHE VALE DOPPIO - Armando Testa","og_description":"In casa Yamaha non si smette mai di pensare alle novit\u00e0 e questa volta \u00e8 il turno di una delle moto pi\u00f9 vendute in Europa, la TRACER 900, ribattezzata TRACER 9 e della sorella TRACER 9 GT.&nbsp; Questa moto estremamente efficiente, dal cuore sportivo e dall&#8217;anima touring, \u00e8 stata progettata per garantire un&#8217;esperienza di guida [&hellip;]","og_url":"https:\/\/www.armandotesta.it\/it\/yamaha-motor-europe-e-armando-testa-ci-portano-con-loro-in-un-viaggio-che-vale-doppio\/","og_site_name":"Armando Testa","article_published_time":"2020-11-20T12:00:31+00:00","article_modified_time":"2024-06-04T13:41:14+00:00","og_image":[{"width":640,"height":360,"url":"https:\/\/www.armandotesta.it\/wp-content\/uploads\/2024\/06\/TRACER9FAMILY_2021_KV_WEB.jpeg","type":"image\/jpeg"}],"author":"admAT","twitter_card":"summary_large_image","twitter_misc":{"Scritto da":"admAT","Tempo di lettura stimato":"1 minuto"},"schema":{"@context":"https:\/\/schema.org","@graph":[{"@type":"Article","@id":"https:\/\/www.armandotesta.it\/it\/yamaha-motor-europe-e-armando-testa-ci-portano-con-loro-in-un-viaggio-che-vale-doppio\/#article","isPartOf":{"@id":"https:\/\/www.armandotesta.it\/it\/yamaha-motor-europe-e-armando-testa-ci-portano-con-loro-in-un-viaggio-che-vale-doppio\/"},"author":{"name":"admAT","@id":"https:\/\/www.armandotesta.it\/it\/#\/schema\/person\/46d1d2d167e5f7b857761f0d5183a848"},"headline":"YAMAHA MOTOR EUROPE E ARMANDO TESTA CI PORTANO CON LORO IN UN VIAGGIO CHE VALE DOPPIO","datePublished":"2020-11-20T12:00:31+00:00","dateModified":"2024-06-04T13:41:14+00:00","mainEntityOfPage":{"@id":"https:\/\/www.armandotesta.it\/it\/yamaha-motor-europe-e-armando-testa-ci-portano-con-loro-in-un-viaggio-che-vale-doppio\/"},"wordCount":264,"publisher":{"@id":"https:\/\/www.armandotesta.it\/it\/#organization"},"image":{"@id":"https:\/\/www.armandotesta.it\/it\/yamaha-motor-europe-e-armando-testa-ci-portano-con-loro-in-un-viaggio-che-vale-doppio\/#primaryimage"},"thumbnailUrl":"https:\/\/www.armandotesta.it\/wp-content\/uploads\/2024\/06\/TRACER9FAMILY_2021_KV_WEB.jpeg","inLanguage":"it-IT"},{"@type":"WebPage","@id":"https:\/\/www.armandotesta.it\/it\/yamaha-motor-europe-e-armando-testa-ci-portano-con-loro-in-un-viaggio-che-vale-doppio\/","url":"https:\/\/www.armandotesta.it\/it\/yamaha-motor-europe-e-armando-testa-ci-portano-con-loro-in-un-viaggio-che-vale-doppio\/","name":"YAMAHA MOTOR EUROPE E ARMANDO TESTA CI PORTANO CON LORO IN UN VIAGGIO CHE VALE DOPPIO - Armando Testa","isPartOf":{"@id":"https:\/\/www.armandotesta.it\/it\/#website"},"primaryImageOfPage":{"@id":"https:\/\/www.armandotesta.it\/it\/yamaha-motor-europe-e-armando-testa-ci-portano-con-loro-in-un-viaggio-che-vale-doppio\/#primaryimage"},"image":{"@id":"https:\/\/www.armandotesta.it\/it\/yamaha-motor-europe-e-armando-testa-ci-portano-con-loro-in-un-viaggio-che-vale-doppio\/#primaryimage"},"thumbnailUrl":"https:\/\/www.armandotesta.it\/wp-content\/uploads\/2024\/06\/TRACER9FAMILY_2021_KV_WEB.jpeg","datePublished":"2020-11-20T12:00:31+00:00","dateModified":"2024-06-04T13:41:14+00:00","breadcrumb":{"@id":"https:\/\/www.armandotesta.it\/it\/yamaha-motor-europe-e-armando-testa-ci-portano-con-loro-in-un-viaggio-che-vale-doppio\/#breadcrumb"},"inLanguage":"it-IT","potentialAction":[{"@type":"ReadAction","target":["https:\/\/www.armandotesta.it\/it\/yamaha-motor-europe-e-armando-testa-ci-portano-con-loro-in-un-viaggio-che-vale-doppio\/"]}]},{"@type":"ImageObject","inLanguage":"it-IT","@id":"https:\/\/www.armandotesta.it\/it\/yamaha-motor-europe-e-armando-testa-ci-portano-con-loro-in-un-viaggio-che-vale-doppio\/#primaryimage","url":"https:\/\/www.armandotesta.it\/wp-content\/uploads\/2024\/06\/TRACER9FAMILY_2021_KV_WEB.jpeg","contentUrl":"https:\/\/www.armandotesta.it\/wp-content\/uploads\/2024\/06\/TRACER9FAMILY_2021_KV_WEB.jpeg","width":640,"height":360},{"@type":"BreadcrumbList","@id":"https:\/\/www.armandotesta.it\/it\/yamaha-motor-europe-e-armando-testa-ci-portano-con-loro-in-un-viaggio-che-vale-doppio\/#breadcrumb","itemListElement":[{"@type":"ListItem","position":1,"name":"Home","item":"https:\/\/www.armandotesta.it\/it\/"},{"@type":"ListItem","position":2,"name":"YAMAHA MOTOR EUROPE E ARMANDO TESTA CI PORTANO CON LORO IN UN VIAGGIO CHE VALE DOPPIO"}]},{"@type":"WebSite","@id":"https:\/\/www.armandotesta.it\/it\/#website","url":"https:\/\/www.armandotesta.it\/it\/","name":"Armando Testa","description":"","publisher":{"@id":"https:\/\/www.armandotesta.it\/it\/#organization"},"potentialAction":[{"@type":"SearchAction","target":{"@type":"EntryPoint","urlTemplate":"https:\/\/www.armandotesta.it\/it\/?s={search_term_string}"},"query-input":{"@type":"PropertyValueSpecification","valueRequired":true,"valueName":"search_term_string"}}],"inLanguage":"it-IT"},{"@type":"Organization","@id":"https:\/\/www.armandotesta.it\/it\/#organization","name":"Armando Testa","url":"https:\/\/www.armandotesta.it\/it\/","logo":{"@type":"ImageObject","inLanguage":"it-IT","@id":"https:\/\/www.armandotesta.it\/it\/#\/schema\/logo\/image\/","url":"https:\/\/www.armandotesta.it\/wp-content\/uploads\/2024\/01\/logo-at.png","contentUrl":"https:\/\/www.armandotesta.it\/wp-content\/uploads\/2024\/01\/logo-at.png","width":200,"height":200,"caption":"Armando Testa"},"image":{"@id":"https:\/\/www.armandotesta.it\/it\/#\/schema\/logo\/image\/"}},{"@type":"Person","@id":"https:\/\/www.armandotesta.it\/it\/#\/schema\/person\/46d1d2d167e5f7b857761f0d5183a848","name":"admAT","image":{"@type":"ImageObject","inLanguage":"it-IT","@id":"https:\/\/secure.gravatar.com\/avatar\/9772e708d87105ee06ea2e627102fade92688c33bb2e0083a7a18b56280f7239?s=96&d=mm&r=g","url":"https:\/\/secure.gravatar.com\/avatar\/9772e708d87105ee06ea2e627102fade92688c33bb2e0083a7a18b56280f7239?s=96&d=mm&r=g","contentUrl":"https:\/\/secure.gravatar.com\/avatar\/9772e708d87105ee06ea2e627102fade92688c33bb2e0083a7a18b56280f7239?s=96&d=mm&r=g","caption":"admAT"},"sameAs":["https:\/\/www.armandotesta.it"],"url":"https:\/\/www.armandotesta.it\/it\/author\/admat\/"}]}},"_links":{"self":[{"href":"https:\/\/www.armandotesta.it\/it\/wp-json\/wp\/v2\/posts\/24486","targetHints":{"allow":["GET"]}}],"collection":[{"href":"https:\/\/www.armandotesta.it\/it\/wp-json\/wp\/v2\/posts"}],"about":[{"href":"https:\/\/www.armandotesta.it\/it\/wp-json\/wp\/v2\/types\/post"}],"author":[{"embeddable":true,"href":"https:\/\/www.armandotesta.it\/it\/wp-json\/wp\/v2\/users\/1"}],"replies":[{"embeddable":true,"href":"https:\/\/www.armandotesta.it\/it\/wp-json\/wp\/v2\/comments?post=24486"}],"version-history":[{"count":1,"href":"https:\/\/www.armandotesta.it\/it\/wp-json\/wp\/v2\/posts\/24486\/revisions"}],"predecessor-version":[{"id":25444,"href":"https:\/\/www.armandotesta.it\/it\/wp-json\/wp\/v2\/posts\/24486\/revisions\/25444"}],"wp:featuredmedia":[{"embeddable":true,"href":"https:\/\/www.armandotesta.it\/it\/wp-json\/wp\/v2\/media\/20311"}],"wp:attachment":[{"href":"https:\/\/www.armandotesta.it\/it\/wp-json\/wp\/v2\/media?parent=24486"}],"wp:term":[{"taxonomy":"category","embeddable":true,"href":"https:\/\/www.armandotesta.it\/it\/wp-json\/wp\/v2\/categories?post=24486"},{"taxonomy":"post_tag","embeddable":true,"href":"https:\/\/www.armandotesta.it\/it\/wp-json\/wp\/v2\/tags?post=24486"}],"curies":[{"name":"wp","href":"https:\/\/api.w.org\/{rel}","templated":true}]}}