{"id":24485,"date":"2020-11-19T13:00:02","date_gmt":"2020-11-19T12:00:02","guid":{"rendered":"https:\/\/www.armandotesta.it\/continua-il-black-friiiiiiiiiiiiiiday-di-mediaworld-in-onda-il-secondo-episodio-della-campagna-insieme-a-elio-e-le-storie-tese\/"},"modified":"2024-06-04T15:41:14","modified_gmt":"2024-06-04T13:41:14","slug":"continua-il-black-friiiiiiiiiiiiiiday-di-mediaworld-in-onda-il-secondo-episodio-della-campagna-insieme-a-elio-e-le-storie-tese","status":"publish","type":"post","link":"https:\/\/www.armandotesta.it\/it\/continua-il-black-friiiiiiiiiiiiiiday-di-mediaworld-in-onda-il-secondo-episodio-della-campagna-insieme-a-elio-e-le-storie-tese\/","title":{"rendered":"CONTINUA IL BLACK FRIIIIIIIIIIIIIIDAY DI MEDIAWORLD. IN ONDA IL SECONDO EPISODIO DELLA CAMPAGNA INSIEME A ELIO E LE STORIE TESE"},"content":{"rendered":"\n<p><em>Si conferma la tendenza dell\u2019anno: tra i prodotti pi\u00f9 acquistati, MediaWorld registra ancora una volta quelli legati allo smart working e i piccoli elettrodomestici per la cucina<\/em><\/p>\n\n\n\n<p>Milano, 19 novembre 2020 \u2013 Dopo aver dato il via al Black Friday, per la prima volta con una durata di tre settimane, MediaWorld continua con la programmazione della campagna realizzata insieme a Elio e le Storie Tese, e manda on air il secondo episodio che li vede protagonisti in una nuova surreale gag.&nbsp;<\/p>\n\n\n\n<p>Quest\u2019anno MediaWorld ha scelto infatti di andare incontro alle esigenze degli italiani offrendo i propri sconti per un periodo pi\u00f9 lungo, dando pi\u00f9 tempo per decidere cosa acquistare e trovare le promozioni pi\u00f9 in linea con le proprie necessit\u00e0 sia online, sia in negozio in tutta sicurezza. Gi\u00e0 nella prima settimana di Black Friday, MediaWorld ha visto confermarsi una tendenza registrata durante tutto il 2020: anche in questo periodo, infatti, i clienti hanno acquistato maggiormente prodotti per lo smart working e piccoli elettrodomestici per la preparazione di cibi a casa.&nbsp;<\/p>\n\n\n\n<p>Questa nuova modalit\u00e0 \u00e8 stata declinata in una campagna creativa, nata in collaborazione con il <strong>Gruppo Armando Testa<\/strong> che ha creato il BLACK FRIIIIIIIIIIIIIIDAY di MediaWorld, affidando il messaggio a un testimonial come Elio e le Storie Tese.<\/p>\n\n\n\n<p>Gli spot partono infatti dall\u2019idea di allungare il Black Friday trasformandolo nel BLACK FRIIIIIIIIIIIIIIDAY di MediaWorld, sfruttando le doti canore degli Elio e le Storie Tese, celebri per le loro performance memorabili e la grande estensione vocale del loro frontman.&nbsp;<\/p>\n\n\n\n<p>Con il&nbsp;<a href=\"https:\/\/www.youtube.com\/watch?v=vV_lTcWFh_E&amp;feature=youtu.be&amp;app=desktop\">primo episodio<\/a>, gli spettatori hanno avuto l\u2019opportunit\u00e0 di vedere Elio, Faso e Cesareo salire sul palco del BLACK FRIIIIIIIIIIIIIIDAY di MediaWorld, in abiti settecenteschi e strumenti musicali contemporanei per intonare un lunghissimo assolo da tenore, con inaspettate conseguenze.&nbsp;<\/p>\n\n\n\n<p>Nel secondo episodio invece, in onda su radio e TV, Elio e le Storie Tese sono alle prese con la musica dance anni \u201970. Li vediamo infatti salire sul palco con una folta capigliatura e pantaloni a zampa di elefante, per allungare anche questa volta il BLACK FRIIIIIIIIIIIIIIDAY con un virtuosismo vocale di Elio, in una performance cos\u00ec estrema da lasciare tutti elettrizzati.<\/p>\n\n\n\n<p>Gli spot, prodotti da Little Bull Studios, sono stati girati in smart working. Elio, Faso e Cesareo sono stati infatti diretti in videoconferenza dal regista e hanno potuto registrare le loro parti senza muoversi da casa utilizzando la strumentazione fornita dalla casa di produzione.<\/p>\n\n\n\n<p>La campagna TV e RADIO, con un piano di comunicazione ancora pi\u00f9 forte rispetto al primo episodio, \u00e8 stata pianificata in collaborazione con Dentsu Media Aegis, e sar\u00e0 in onda dal 18 al 30 novembre.&nbsp;<\/p>\n\n\n\n<p>Anche i social media e i canali digital vedranno una programmazione ad hoc attraverso una serie di contenuti originali realizzati da Plan.net. La pianificazione sui touchpoint digitali \u00e8 a cura di Mediaplus.&nbsp;<\/p>\n\n\n\n<figure class=\"wp-block-embed-youtube wp-block-embed is-type-video is-provider-youtube wp-embed-aspect-16-9 wp-has-aspect-ratio\"><div class=\"wp-block-embed__wrapper\">\n<iframe loading=\"lazy\" title=\"MediaWorld Black Friiiday 2\" width=\"500\" height=\"281\" src=\"https:\/\/www.youtube.com\/embed\/LnoyW9eo6Iw?feature=oembed\" frameborder=\"0\" allow=\"accelerometer; autoplay; clipboard-write; encrypted-media; gyroscope; picture-in-picture; web-share\" referrerpolicy=\"strict-origin-when-cross-origin\" allowfullscreen><\/iframe>\n<\/div><\/figure>\n\n\n\n<p><strong>CREDITS<\/strong><strong><\/strong><\/p>\n\n\n\n<p><strong>Agenzia:<\/strong>&nbsp;Gruppo Armando Testa<\/p>\n\n\n\n<p><strong>Direzione creativa:<\/strong>&nbsp;Georgia Ferraro, Nicola Cellemme<\/p>\n\n\n\n<p><strong>Team creativo:<\/strong>&nbsp;Andrea Dell\u2019Osa, Lorenzo Blangiardo<\/p>\n\n\n\n<p><strong>Casa di produzione:<\/strong>&nbsp;Little Bull Studios<\/p>\n\n\n\n<p><strong>Regia:&nbsp;<\/strong>Augusto Storero<\/p>\n\n\n\n<p><strong>Post Produzione:<\/strong>&nbsp;Band<\/p>\n\n\n\n<ul class=\"wp-block-gallery columns-1 is-cropped wp-block-gallery-1 is-layout-flex wp-block-gallery-is-layout-flex\"><li class=\"blocks-gallery-item\"><figure><img decoding=\"async\" src=\"https:\/\/newsroom.armandotesta.it\/wp-content\/uploads\/2020\/11\/MW_BlackFriday_Fase2_Rotair-1024x724.jpg\" alt=\"\" data-id=\"4771\" data-link=\"https:\/\/newsroom.armandotesta.it\/it\/?attachment_id=4771\" class=\"wp-image-4771\"\/><\/figure><\/li><\/ul>\n","protected":false},"excerpt":{"rendered":"<p>Si conferma la tendenza dell\u2019anno: tra i prodotti pi\u00f9 acquistati, MediaWorld registra ancora una volta quelli legati allo smart working e i piccoli elettrodomestici per la cucina Milano, 19 novembre 2020 \u2013 Dopo aver dato il via al Black Friday, per la prima volta con una durata di tre settimane, MediaWorld continua con la programmazione [&hellip;]<\/p>\n","protected":false},"author":1,"featured_media":20301,"comment_status":"closed","ping_status":"closed","sticky":false,"template":"","format":"standard","meta":{"_acf_changed":false,"inline_featured_image":false,"footnotes":""},"categories":[],"tags":[],"class_list":["post-24485","post","type-post","status-publish","format-standard","has-post-thumbnail","hentry"],"acf":false,"yoast_head":"<!-- This site is optimized with the Yoast SEO plugin v27.5 - https:\/\/yoast.com\/product\/yoast-seo-wordpress\/ -->\n<title>CONTINUA IL BLACK FRIIIIIIIIIIIIIIDAY DI MEDIAWORLD. IN ONDA IL SECONDO EPISODIO DELLA CAMPAGNA INSIEME A ELIO E LE STORIE TESE - Armando Testa<\/title>\n<meta name=\"robots\" content=\"index, follow, max-snippet:-1, max-image-preview:large, max-video-preview:-1\" \/>\n<link rel=\"canonical\" href=\"https:\/\/www.armandotesta.it\/it\/continua-il-black-friiiiiiiiiiiiiiday-di-mediaworld-in-onda-il-secondo-episodio-della-campagna-insieme-a-elio-e-le-storie-tese\/\" \/>\n<meta property=\"og:locale\" content=\"it_IT\" \/>\n<meta property=\"og:type\" content=\"article\" \/>\n<meta property=\"og:title\" content=\"CONTINUA IL BLACK FRIIIIIIIIIIIIIIDAY DI MEDIAWORLD. IN ONDA IL SECONDO EPISODIO DELLA CAMPAGNA INSIEME A ELIO E LE STORIE TESE - Armando Testa\" \/>\n<meta property=\"og:description\" content=\"Si conferma la tendenza dell\u2019anno: tra i prodotti pi\u00f9 acquistati, MediaWorld registra ancora una volta quelli legati allo smart working e i piccoli elettrodomestici per la cucina Milano, 19 novembre 2020 \u2013 Dopo aver dato il via al Black Friday, per la prima volta con una durata di tre settimane, MediaWorld continua con la programmazione [&hellip;]\" \/>\n<meta property=\"og:url\" content=\"https:\/\/www.armandotesta.it\/it\/continua-il-black-friiiiiiiiiiiiiiday-di-mediaworld-in-onda-il-secondo-episodio-della-campagna-insieme-a-elio-e-le-storie-tese\/\" \/>\n<meta property=\"og:site_name\" content=\"Armando Testa\" \/>\n<meta property=\"article:published_time\" content=\"2020-11-19T12:00:02+00:00\" \/>\n<meta property=\"article:modified_time\" content=\"2024-06-04T13:41:14+00:00\" \/>\n<meta property=\"og:image\" content=\"https:\/\/www.armandotesta.it\/wp-content\/uploads\/2024\/06\/MW_BlackFriday_Fase2_Rotair.jpg\" \/>\n\t<meta property=\"og:image:width\" content=\"2415\" \/>\n\t<meta property=\"og:image:height\" content=\"1708\" \/>\n\t<meta property=\"og:image:type\" content=\"image\/jpeg\" \/>\n<meta name=\"author\" content=\"admAT\" \/>\n<meta name=\"twitter:card\" content=\"summary_large_image\" \/>\n<meta name=\"twitter:label1\" content=\"Scritto da\" \/>\n\t<meta name=\"twitter:data1\" content=\"admAT\" \/>\n\t<meta name=\"twitter:label2\" content=\"Tempo di lettura stimato\" \/>\n\t<meta name=\"twitter:data2\" content=\"3 minuti\" \/>\n<script type=\"application\/ld+json\" class=\"yoast-schema-graph\">{\"@context\":\"https:\\\/\\\/schema.org\",\"@graph\":[{\"@type\":\"Article\",\"@id\":\"https:\\\/\\\/www.armandotesta.it\\\/it\\\/continua-il-black-friiiiiiiiiiiiiiday-di-mediaworld-in-onda-il-secondo-episodio-della-campagna-insieme-a-elio-e-le-storie-tese\\\/#article\",\"isPartOf\":{\"@id\":\"https:\\\/\\\/www.armandotesta.it\\\/it\\\/continua-il-black-friiiiiiiiiiiiiiday-di-mediaworld-in-onda-il-secondo-episodio-della-campagna-insieme-a-elio-e-le-storie-tese\\\/\"},\"author\":{\"name\":\"admAT\",\"@id\":\"https:\\\/\\\/www.armandotesta.it\\\/it\\\/#\\\/schema\\\/person\\\/46d1d2d167e5f7b857761f0d5183a848\"},\"headline\":\"CONTINUA IL BLACK FRIIIIIIIIIIIIIIDAY DI MEDIAWORLD. IN ONDA IL SECONDO EPISODIO DELLA CAMPAGNA INSIEME A ELIO E LE STORIE TESE\",\"datePublished\":\"2020-11-19T12:00:02+00:00\",\"dateModified\":\"2024-06-04T13:41:14+00:00\",\"mainEntityOfPage\":{\"@id\":\"https:\\\/\\\/www.armandotesta.it\\\/it\\\/continua-il-black-friiiiiiiiiiiiiiday-di-mediaworld-in-onda-il-secondo-episodio-della-campagna-insieme-a-elio-e-le-storie-tese\\\/\"},\"wordCount\":534,\"publisher\":{\"@id\":\"https:\\\/\\\/www.armandotesta.it\\\/it\\\/#organization\"},\"image\":{\"@id\":\"https:\\\/\\\/www.armandotesta.it\\\/it\\\/continua-il-black-friiiiiiiiiiiiiiday-di-mediaworld-in-onda-il-secondo-episodio-della-campagna-insieme-a-elio-e-le-storie-tese\\\/#primaryimage\"},\"thumbnailUrl\":\"https:\\\/\\\/www.armandotesta.it\\\/wp-content\\\/uploads\\\/2024\\\/06\\\/MW_BlackFriday_Fase2_Rotair.jpg\",\"inLanguage\":\"it-IT\"},{\"@type\":\"WebPage\",\"@id\":\"https:\\\/\\\/www.armandotesta.it\\\/it\\\/continua-il-black-friiiiiiiiiiiiiiday-di-mediaworld-in-onda-il-secondo-episodio-della-campagna-insieme-a-elio-e-le-storie-tese\\\/\",\"url\":\"https:\\\/\\\/www.armandotesta.it\\\/it\\\/continua-il-black-friiiiiiiiiiiiiiday-di-mediaworld-in-onda-il-secondo-episodio-della-campagna-insieme-a-elio-e-le-storie-tese\\\/\",\"name\":\"CONTINUA IL BLACK FRIIIIIIIIIIIIIIDAY DI MEDIAWORLD. IN ONDA IL SECONDO EPISODIO DELLA CAMPAGNA INSIEME A ELIO E LE STORIE TESE - Armando Testa\",\"isPartOf\":{\"@id\":\"https:\\\/\\\/www.armandotesta.it\\\/it\\\/#website\"},\"primaryImageOfPage\":{\"@id\":\"https:\\\/\\\/www.armandotesta.it\\\/it\\\/continua-il-black-friiiiiiiiiiiiiiday-di-mediaworld-in-onda-il-secondo-episodio-della-campagna-insieme-a-elio-e-le-storie-tese\\\/#primaryimage\"},\"image\":{\"@id\":\"https:\\\/\\\/www.armandotesta.it\\\/it\\\/continua-il-black-friiiiiiiiiiiiiiday-di-mediaworld-in-onda-il-secondo-episodio-della-campagna-insieme-a-elio-e-le-storie-tese\\\/#primaryimage\"},\"thumbnailUrl\":\"https:\\\/\\\/www.armandotesta.it\\\/wp-content\\\/uploads\\\/2024\\\/06\\\/MW_BlackFriday_Fase2_Rotair.jpg\",\"datePublished\":\"2020-11-19T12:00:02+00:00\",\"dateModified\":\"2024-06-04T13:41:14+00:00\",\"breadcrumb\":{\"@id\":\"https:\\\/\\\/www.armandotesta.it\\\/it\\\/continua-il-black-friiiiiiiiiiiiiiday-di-mediaworld-in-onda-il-secondo-episodio-della-campagna-insieme-a-elio-e-le-storie-tese\\\/#breadcrumb\"},\"inLanguage\":\"it-IT\",\"potentialAction\":[{\"@type\":\"ReadAction\",\"target\":[\"https:\\\/\\\/www.armandotesta.it\\\/it\\\/continua-il-black-friiiiiiiiiiiiiiday-di-mediaworld-in-onda-il-secondo-episodio-della-campagna-insieme-a-elio-e-le-storie-tese\\\/\"]}]},{\"@type\":\"ImageObject\",\"inLanguage\":\"it-IT\",\"@id\":\"https:\\\/\\\/www.armandotesta.it\\\/it\\\/continua-il-black-friiiiiiiiiiiiiiday-di-mediaworld-in-onda-il-secondo-episodio-della-campagna-insieme-a-elio-e-le-storie-tese\\\/#primaryimage\",\"url\":\"https:\\\/\\\/www.armandotesta.it\\\/wp-content\\\/uploads\\\/2024\\\/06\\\/MW_BlackFriday_Fase2_Rotair.jpg\",\"contentUrl\":\"https:\\\/\\\/www.armandotesta.it\\\/wp-content\\\/uploads\\\/2024\\\/06\\\/MW_BlackFriday_Fase2_Rotair.jpg\",\"width\":2415,\"height\":1708},{\"@type\":\"BreadcrumbList\",\"@id\":\"https:\\\/\\\/www.armandotesta.it\\\/it\\\/continua-il-black-friiiiiiiiiiiiiiday-di-mediaworld-in-onda-il-secondo-episodio-della-campagna-insieme-a-elio-e-le-storie-tese\\\/#breadcrumb\",\"itemListElement\":[{\"@type\":\"ListItem\",\"position\":1,\"name\":\"Home\",\"item\":\"https:\\\/\\\/www.armandotesta.it\\\/it\\\/\"},{\"@type\":\"ListItem\",\"position\":2,\"name\":\"CONTINUA IL BLACK FRIIIIIIIIIIIIIIDAY DI MEDIAWORLD. IN ONDA IL SECONDO EPISODIO DELLA CAMPAGNA INSIEME A ELIO E LE STORIE TESE\"}]},{\"@type\":\"WebSite\",\"@id\":\"https:\\\/\\\/www.armandotesta.it\\\/it\\\/#website\",\"url\":\"https:\\\/\\\/www.armandotesta.it\\\/it\\\/\",\"name\":\"Armando Testa\",\"description\":\"\",\"publisher\":{\"@id\":\"https:\\\/\\\/www.armandotesta.it\\\/it\\\/#organization\"},\"potentialAction\":[{\"@type\":\"SearchAction\",\"target\":{\"@type\":\"EntryPoint\",\"urlTemplate\":\"https:\\\/\\\/www.armandotesta.it\\\/it\\\/?s={search_term_string}\"},\"query-input\":{\"@type\":\"PropertyValueSpecification\",\"valueRequired\":true,\"valueName\":\"search_term_string\"}}],\"inLanguage\":\"it-IT\"},{\"@type\":\"Organization\",\"@id\":\"https:\\\/\\\/www.armandotesta.it\\\/it\\\/#organization\",\"name\":\"Armando Testa\",\"url\":\"https:\\\/\\\/www.armandotesta.it\\\/it\\\/\",\"logo\":{\"@type\":\"ImageObject\",\"inLanguage\":\"it-IT\",\"@id\":\"https:\\\/\\\/www.armandotesta.it\\\/it\\\/#\\\/schema\\\/logo\\\/image\\\/\",\"url\":\"https:\\\/\\\/www.armandotesta.it\\\/wp-content\\\/uploads\\\/2024\\\/01\\\/logo-at.png\",\"contentUrl\":\"https:\\\/\\\/www.armandotesta.it\\\/wp-content\\\/uploads\\\/2024\\\/01\\\/logo-at.png\",\"width\":200,\"height\":200,\"caption\":\"Armando Testa\"},\"image\":{\"@id\":\"https:\\\/\\\/www.armandotesta.it\\\/it\\\/#\\\/schema\\\/logo\\\/image\\\/\"}},{\"@type\":\"Person\",\"@id\":\"https:\\\/\\\/www.armandotesta.it\\\/it\\\/#\\\/schema\\\/person\\\/46d1d2d167e5f7b857761f0d5183a848\",\"name\":\"admAT\",\"image\":{\"@type\":\"ImageObject\",\"inLanguage\":\"it-IT\",\"@id\":\"https:\\\/\\\/secure.gravatar.com\\\/avatar\\\/9772e708d87105ee06ea2e627102fade92688c33bb2e0083a7a18b56280f7239?s=96&d=mm&r=g\",\"url\":\"https:\\\/\\\/secure.gravatar.com\\\/avatar\\\/9772e708d87105ee06ea2e627102fade92688c33bb2e0083a7a18b56280f7239?s=96&d=mm&r=g\",\"contentUrl\":\"https:\\\/\\\/secure.gravatar.com\\\/avatar\\\/9772e708d87105ee06ea2e627102fade92688c33bb2e0083a7a18b56280f7239?s=96&d=mm&r=g\",\"caption\":\"admAT\"},\"sameAs\":[\"https:\\\/\\\/www.armandotesta.it\"],\"url\":\"https:\\\/\\\/www.armandotesta.it\\\/it\\\/author\\\/admat\\\/\"}]}<\/script>\n<!-- \/ Yoast SEO plugin. -->","yoast_head_json":{"title":"CONTINUA IL BLACK FRIIIIIIIIIIIIIIDAY DI MEDIAWORLD. IN ONDA IL SECONDO EPISODIO DELLA CAMPAGNA INSIEME A ELIO E LE STORIE TESE - Armando Testa","robots":{"index":"index","follow":"follow","max-snippet":"max-snippet:-1","max-image-preview":"max-image-preview:large","max-video-preview":"max-video-preview:-1"},"canonical":"https:\/\/www.armandotesta.it\/it\/continua-il-black-friiiiiiiiiiiiiiday-di-mediaworld-in-onda-il-secondo-episodio-della-campagna-insieme-a-elio-e-le-storie-tese\/","og_locale":"it_IT","og_type":"article","og_title":"CONTINUA IL BLACK FRIIIIIIIIIIIIIIDAY DI MEDIAWORLD. IN ONDA IL SECONDO EPISODIO DELLA CAMPAGNA INSIEME A ELIO E LE STORIE TESE - Armando Testa","og_description":"Si conferma la tendenza dell\u2019anno: tra i prodotti pi\u00f9 acquistati, MediaWorld registra ancora una volta quelli legati allo smart working e i piccoli elettrodomestici per la cucina Milano, 19 novembre 2020 \u2013 Dopo aver dato il via al Black Friday, per la prima volta con una durata di tre settimane, MediaWorld continua con la programmazione [&hellip;]","og_url":"https:\/\/www.armandotesta.it\/it\/continua-il-black-friiiiiiiiiiiiiiday-di-mediaworld-in-onda-il-secondo-episodio-della-campagna-insieme-a-elio-e-le-storie-tese\/","og_site_name":"Armando Testa","article_published_time":"2020-11-19T12:00:02+00:00","article_modified_time":"2024-06-04T13:41:14+00:00","og_image":[{"width":2415,"height":1708,"url":"https:\/\/www.armandotesta.it\/wp-content\/uploads\/2024\/06\/MW_BlackFriday_Fase2_Rotair.jpg","type":"image\/jpeg"}],"author":"admAT","twitter_card":"summary_large_image","twitter_misc":{"Scritto da":"admAT","Tempo di lettura stimato":"3 minuti"},"schema":{"@context":"https:\/\/schema.org","@graph":[{"@type":"Article","@id":"https:\/\/www.armandotesta.it\/it\/continua-il-black-friiiiiiiiiiiiiiday-di-mediaworld-in-onda-il-secondo-episodio-della-campagna-insieme-a-elio-e-le-storie-tese\/#article","isPartOf":{"@id":"https:\/\/www.armandotesta.it\/it\/continua-il-black-friiiiiiiiiiiiiiday-di-mediaworld-in-onda-il-secondo-episodio-della-campagna-insieme-a-elio-e-le-storie-tese\/"},"author":{"name":"admAT","@id":"https:\/\/www.armandotesta.it\/it\/#\/schema\/person\/46d1d2d167e5f7b857761f0d5183a848"},"headline":"CONTINUA IL BLACK FRIIIIIIIIIIIIIIDAY DI MEDIAWORLD. IN ONDA IL SECONDO EPISODIO DELLA CAMPAGNA INSIEME A ELIO E LE STORIE TESE","datePublished":"2020-11-19T12:00:02+00:00","dateModified":"2024-06-04T13:41:14+00:00","mainEntityOfPage":{"@id":"https:\/\/www.armandotesta.it\/it\/continua-il-black-friiiiiiiiiiiiiiday-di-mediaworld-in-onda-il-secondo-episodio-della-campagna-insieme-a-elio-e-le-storie-tese\/"},"wordCount":534,"publisher":{"@id":"https:\/\/www.armandotesta.it\/it\/#organization"},"image":{"@id":"https:\/\/www.armandotesta.it\/it\/continua-il-black-friiiiiiiiiiiiiiday-di-mediaworld-in-onda-il-secondo-episodio-della-campagna-insieme-a-elio-e-le-storie-tese\/#primaryimage"},"thumbnailUrl":"https:\/\/www.armandotesta.it\/wp-content\/uploads\/2024\/06\/MW_BlackFriday_Fase2_Rotair.jpg","inLanguage":"it-IT"},{"@type":"WebPage","@id":"https:\/\/www.armandotesta.it\/it\/continua-il-black-friiiiiiiiiiiiiiday-di-mediaworld-in-onda-il-secondo-episodio-della-campagna-insieme-a-elio-e-le-storie-tese\/","url":"https:\/\/www.armandotesta.it\/it\/continua-il-black-friiiiiiiiiiiiiiday-di-mediaworld-in-onda-il-secondo-episodio-della-campagna-insieme-a-elio-e-le-storie-tese\/","name":"CONTINUA IL BLACK FRIIIIIIIIIIIIIIDAY DI MEDIAWORLD. IN ONDA IL SECONDO EPISODIO DELLA CAMPAGNA INSIEME A ELIO E LE STORIE TESE - Armando Testa","isPartOf":{"@id":"https:\/\/www.armandotesta.it\/it\/#website"},"primaryImageOfPage":{"@id":"https:\/\/www.armandotesta.it\/it\/continua-il-black-friiiiiiiiiiiiiiday-di-mediaworld-in-onda-il-secondo-episodio-della-campagna-insieme-a-elio-e-le-storie-tese\/#primaryimage"},"image":{"@id":"https:\/\/www.armandotesta.it\/it\/continua-il-black-friiiiiiiiiiiiiiday-di-mediaworld-in-onda-il-secondo-episodio-della-campagna-insieme-a-elio-e-le-storie-tese\/#primaryimage"},"thumbnailUrl":"https:\/\/www.armandotesta.it\/wp-content\/uploads\/2024\/06\/MW_BlackFriday_Fase2_Rotair.jpg","datePublished":"2020-11-19T12:00:02+00:00","dateModified":"2024-06-04T13:41:14+00:00","breadcrumb":{"@id":"https:\/\/www.armandotesta.it\/it\/continua-il-black-friiiiiiiiiiiiiiday-di-mediaworld-in-onda-il-secondo-episodio-della-campagna-insieme-a-elio-e-le-storie-tese\/#breadcrumb"},"inLanguage":"it-IT","potentialAction":[{"@type":"ReadAction","target":["https:\/\/www.armandotesta.it\/it\/continua-il-black-friiiiiiiiiiiiiiday-di-mediaworld-in-onda-il-secondo-episodio-della-campagna-insieme-a-elio-e-le-storie-tese\/"]}]},{"@type":"ImageObject","inLanguage":"it-IT","@id":"https:\/\/www.armandotesta.it\/it\/continua-il-black-friiiiiiiiiiiiiiday-di-mediaworld-in-onda-il-secondo-episodio-della-campagna-insieme-a-elio-e-le-storie-tese\/#primaryimage","url":"https:\/\/www.armandotesta.it\/wp-content\/uploads\/2024\/06\/MW_BlackFriday_Fase2_Rotair.jpg","contentUrl":"https:\/\/www.armandotesta.it\/wp-content\/uploads\/2024\/06\/MW_BlackFriday_Fase2_Rotair.jpg","width":2415,"height":1708},{"@type":"BreadcrumbList","@id":"https:\/\/www.armandotesta.it\/it\/continua-il-black-friiiiiiiiiiiiiiday-di-mediaworld-in-onda-il-secondo-episodio-della-campagna-insieme-a-elio-e-le-storie-tese\/#breadcrumb","itemListElement":[{"@type":"ListItem","position":1,"name":"Home","item":"https:\/\/www.armandotesta.it\/it\/"},{"@type":"ListItem","position":2,"name":"CONTINUA IL BLACK FRIIIIIIIIIIIIIIDAY DI MEDIAWORLD. IN ONDA IL SECONDO EPISODIO DELLA CAMPAGNA INSIEME A ELIO E LE STORIE TESE"}]},{"@type":"WebSite","@id":"https:\/\/www.armandotesta.it\/it\/#website","url":"https:\/\/www.armandotesta.it\/it\/","name":"Armando Testa","description":"","publisher":{"@id":"https:\/\/www.armandotesta.it\/it\/#organization"},"potentialAction":[{"@type":"SearchAction","target":{"@type":"EntryPoint","urlTemplate":"https:\/\/www.armandotesta.it\/it\/?s={search_term_string}"},"query-input":{"@type":"PropertyValueSpecification","valueRequired":true,"valueName":"search_term_string"}}],"inLanguage":"it-IT"},{"@type":"Organization","@id":"https:\/\/www.armandotesta.it\/it\/#organization","name":"Armando Testa","url":"https:\/\/www.armandotesta.it\/it\/","logo":{"@type":"ImageObject","inLanguage":"it-IT","@id":"https:\/\/www.armandotesta.it\/it\/#\/schema\/logo\/image\/","url":"https:\/\/www.armandotesta.it\/wp-content\/uploads\/2024\/01\/logo-at.png","contentUrl":"https:\/\/www.armandotesta.it\/wp-content\/uploads\/2024\/01\/logo-at.png","width":200,"height":200,"caption":"Armando Testa"},"image":{"@id":"https:\/\/www.armandotesta.it\/it\/#\/schema\/logo\/image\/"}},{"@type":"Person","@id":"https:\/\/www.armandotesta.it\/it\/#\/schema\/person\/46d1d2d167e5f7b857761f0d5183a848","name":"admAT","image":{"@type":"ImageObject","inLanguage":"it-IT","@id":"https:\/\/secure.gravatar.com\/avatar\/9772e708d87105ee06ea2e627102fade92688c33bb2e0083a7a18b56280f7239?s=96&d=mm&r=g","url":"https:\/\/secure.gravatar.com\/avatar\/9772e708d87105ee06ea2e627102fade92688c33bb2e0083a7a18b56280f7239?s=96&d=mm&r=g","contentUrl":"https:\/\/secure.gravatar.com\/avatar\/9772e708d87105ee06ea2e627102fade92688c33bb2e0083a7a18b56280f7239?s=96&d=mm&r=g","caption":"admAT"},"sameAs":["https:\/\/www.armandotesta.it"],"url":"https:\/\/www.armandotesta.it\/it\/author\/admat\/"}]}},"_links":{"self":[{"href":"https:\/\/www.armandotesta.it\/it\/wp-json\/wp\/v2\/posts\/24485","targetHints":{"allow":["GET"]}}],"collection":[{"href":"https:\/\/www.armandotesta.it\/it\/wp-json\/wp\/v2\/posts"}],"about":[{"href":"https:\/\/www.armandotesta.it\/it\/wp-json\/wp\/v2\/types\/post"}],"author":[{"embeddable":true,"href":"https:\/\/www.armandotesta.it\/it\/wp-json\/wp\/v2\/users\/1"}],"replies":[{"embeddable":true,"href":"https:\/\/www.armandotesta.it\/it\/wp-json\/wp\/v2\/comments?post=24485"}],"version-history":[{"count":1,"href":"https:\/\/www.armandotesta.it\/it\/wp-json\/wp\/v2\/posts\/24485\/revisions"}],"predecessor-version":[{"id":25443,"href":"https:\/\/www.armandotesta.it\/it\/wp-json\/wp\/v2\/posts\/24485\/revisions\/25443"}],"wp:featuredmedia":[{"embeddable":true,"href":"https:\/\/www.armandotesta.it\/it\/wp-json\/wp\/v2\/media\/20301"}],"wp:attachment":[{"href":"https:\/\/www.armandotesta.it\/it\/wp-json\/wp\/v2\/media?parent=24485"}],"wp:term":[{"taxonomy":"category","embeddable":true,"href":"https:\/\/www.armandotesta.it\/it\/wp-json\/wp\/v2\/categories?post=24485"},{"taxonomy":"post_tag","embeddable":true,"href":"https:\/\/www.armandotesta.it\/it\/wp-json\/wp\/v2\/tags?post=24485"}],"curies":[{"name":"wp","href":"https:\/\/api.w.org\/{rel}","templated":true}]}}