{"id":24470,"date":"2020-10-26T16:30:44","date_gmt":"2020-10-26T15:30:44","guid":{"rendered":"https:\/\/www.armandotesta.it\/in-cucina-con-la-cucinotta-le-stagioni-ditalia-insieme-a-maria-grazia-cucinotta-in-una-simpatica-mini-serie-web-all-insegna-del-buon-cibo-creativita-e-sviluppo-arma\/"},"modified":"2024-06-04T15:41:09","modified_gmt":"2024-06-04T13:41:09","slug":"in-cucina-con-la-cucinotta-le-stagioni-ditalia-insieme-a-maria-grazia-cucinotta-in-una-simpatica-mini-serie-web-all-insegna-del-buon-cibo-creativita-e-sviluppo-arma","status":"publish","type":"post","link":"https:\/\/www.armandotesta.it\/it\/in-cucina-con-la-cucinotta-le-stagioni-ditalia-insieme-a-maria-grazia-cucinotta-in-una-simpatica-mini-serie-web-all-insegna-del-buon-cibo-creativita-e-sviluppo-arma\/","title":{"rendered":"\u201cIN CUCINA CON LA CUCINOTTA\u201d LE STAGIONI D\u2019ITALIA INSIEME A MARIA GRAZIA CUCINOTTA IN UNA SIMPATICA MINI-SERIE WEB ALL\u2019 INSEGNA DEL BUON CIBO CREATIVIT\u00c0 E SVILUPPO ARMANDO TESTA DI TORINO"},"content":{"rendered":"\n<p><strong>Le Stagioni d\u2019Italia&nbsp;<\/strong>\u2013 va in comunicazione digitale con una super testimonial:&nbsp;<strong>Maria Grazia Cucinotta<\/strong>, protagonista di una mini serie web firmata&nbsp;<strong>Armando Testa di Torino<\/strong>&nbsp;che si \u00e8 aggiudicata la gestione del progetto digital in seguito a una consultazione creativa indetta dal brand.&nbsp;<a href=\"https:\/\/www.youtube.com\/watch?v=MPgVp0ZzNWg\">https:\/\/www.youtube.com\/watch?v=MPgVp0ZzNWg<\/a><\/p>\n\n\n\n<p>Nel format studiato da&nbsp;<strong>Armando Testa di Torino<\/strong>, la Cucinotta \u2013 vera e propria icona della bellezza mediterranea \u2013 diventa&nbsp;<strong>ambassador della cucina mediterranea e dei prodotti Le Stagioni d\u2019Italia<\/strong>. A lei si affianca l\u2019allegra simpatia di un suo giovane amico, l\u2019<strong>influencer Jaser&nbsp;<\/strong>(alias Andrea Baggio) che \u2013 al contrario di Maria Grazia \u2013 non disdegna di mangiare \u201cjunk food\u201d. Durante le loro&nbsp;<strong>brevi, ma simpatiche videochiamate<\/strong>, \u00e8 la saggia affabilit\u00e0 della Cucinotta a ricondurre il suo giovane interlocutore sulla \u201c<em>retta via\u201d<\/em>, facendogli apprezzare l\u2019importanza della dieta mediterranea e la bont\u00e0 degli ingredienti&nbsp;<strong>Le Stagioni d\u2019Italia<\/strong>.<\/p>\n\n\n\n<p><strong>La serie web prevede 6 episodi\u00a0<\/strong>e un\u2019unica, grande protagonista: la dieta mediterranea, che viene proposta dalla Cucinotta come una scelta alimentare ricca di gusto e creativit\u00e0, ma anche come uno stile di vita pi\u00f9 sano e genuino. E questo grazie ai prodotti 100% di filiera italiana e tracciata\u00a0<strong>Le Stagioni d\u2019Italia<\/strong>.<\/p>\n\n\n\n<p>In ogni episodio, la Cucinotta prepara una&nbsp;<strong>ricetta di chiara ispirazione \u201cmediterranea\u201d&nbsp;<\/strong>con un prodotto Le Stagioni d\u2019Italia sempre diverso, che va dalla pasta di grano duro Senatore Cappelli al riso coltivato nell\u2019area del Delta del Po, dall\u2019olio extravergine d\u2019oliva ai legumi, passando per le straordinarie tisane 100% italiane e biologiche. \u201cIn cucina con la Cucinotta\u201d, insomma, \u00e8 un\u2019idea \u201cappetitosa\u201d capace di incuriosire e di presentare l\u2019<strong>ampia variet\u00e0 di prodotti Le Stagioni d\u2019Italia<\/strong>. Il progetto verr\u00e0 veicolato e sponsorizzato su tutti i&nbsp;<strong>principali canali web e social (Facebook, Instagram e YouTube)<\/strong>, oltre ad essere supportata da una campagna<strong>&nbsp;stampa&nbsp;<\/strong>nazionale.<\/p>\n\n\n\n<p><strong>Le Stagioni d\u2019Italia<\/strong>&nbsp;\u00e8 un marchio di&nbsp;<strong>BF Agro \u2013 Industriale,<\/strong>&nbsp;parte del&nbsp;<strong>Gruppo BF SpA<\/strong>.&nbsp;&nbsp;Il Gruppo BF SpA \u2013 quotato in borsa &#8211; nasce e si sviluppa intorno a Bonifiche Ferraresi SpA che, con i suoi 7.500 ettari, \u00e8 la pi\u00f9 grande azienda agricola italiana per Superficie Agricola Utilizzata (SAU). Una societ\u00e0 che si impegna per un&#8217;agricoltura circolare, integrata, sostenibile,&nbsp;di precisione, e che grazie&nbsp;alla&nbsp;tecnologia consente&nbsp;di ottimizzare l\u2019utilizzo delle risorse.&nbsp;<\/p>\n\n\n\n<p>Da operatore agricolo tradizionale, orientato alla vendita delle commodities, il Gruppo si trasforma via via in una realt\u00e0, pi\u00f9 evoluta ed innovativa, in grado di gestire produzioni aziendali orientate al consumatore e di generare valore attraverso il presidio di tutta la filiera agricola, industriale e distributiva. Tutti i prodotti di&nbsp;<strong>Le Stagioni d\u2019Italia&nbsp;<\/strong>sono 100% italiani e completamente tracciabili.&nbsp;<\/p>\n\n\n\n<p>Credits:<\/p>\n\n\n\n<p>Agenzia:&nbsp;<strong>Armando Testa sede di Torino<\/strong><\/p>\n\n\n\n<p>Direzione Creativa: Dario Anania<\/p>\n\n\n\n<p>Team creativo: Marco Cetera, Serena Maggioni<\/p>\n\n\n\n<p>Produzione: Little Bull Studios<\/p>\n\n\n\n<p>Cliente: B.F. Agro Industriale Srl<\/p>\n\n\n\n<figure class=\"wp-block-image\"><img decoding=\"async\" src=\"https:\/\/newsroom.armandotesta.it\/wp-content\/uploads\/2020\/10\/Stagioniditalia-1024x700.jpg\" alt=\"\" class=\"wp-image-4671\"\/><\/figure>\n","protected":false},"excerpt":{"rendered":"<p>Le Stagioni d\u2019Italia&nbsp;\u2013 va in comunicazione digitale con una super testimonial:&nbsp;Maria Grazia Cucinotta, protagonista di una mini serie web firmata&nbsp;Armando Testa di Torino&nbsp;che si \u00e8 aggiudicata la gestione del progetto digital in seguito a una consultazione creativa indetta dal brand.&nbsp;https:\/\/www.youtube.com\/watch?v=MPgVp0ZzNWg Nel format studiato da&nbsp;Armando Testa di Torino, la Cucinotta \u2013 vera e propria icona della [&hellip;]<\/p>\n","protected":false},"author":1,"featured_media":20276,"comment_status":"closed","ping_status":"closed","sticky":false,"template":"","format":"standard","meta":{"_acf_changed":false,"inline_featured_image":false,"footnotes":""},"categories":[],"tags":[],"class_list":["post-24470","post","type-post","status-publish","format-standard","has-post-thumbnail","hentry"],"acf":false,"yoast_head":"<!-- This site is optimized with the Yoast SEO plugin v27.5 - https:\/\/yoast.com\/product\/yoast-seo-wordpress\/ -->\n<title>\u201cIN CUCINA CON LA CUCINOTTA\u201d LE STAGIONI D\u2019ITALIA INSIEME A MARIA GRAZIA CUCINOTTA IN UNA SIMPATICA MINI-SERIE WEB ALL\u2019 INSEGNA DEL BUON CIBO CREATIVIT\u00c0 E SVILUPPO ARMANDO TESTA DI TORINO - Armando Testa<\/title>\n<meta name=\"robots\" content=\"index, follow, max-snippet:-1, max-image-preview:large, max-video-preview:-1\" \/>\n<link rel=\"canonical\" href=\"https:\/\/www.armandotesta.it\/it\/in-cucina-con-la-cucinotta-le-stagioni-ditalia-insieme-a-maria-grazia-cucinotta-in-una-simpatica-mini-serie-web-all-insegna-del-buon-cibo-creativita-e-sviluppo-arma\/\" \/>\n<meta property=\"og:locale\" content=\"it_IT\" \/>\n<meta property=\"og:type\" content=\"article\" \/>\n<meta property=\"og:title\" content=\"\u201cIN CUCINA CON LA CUCINOTTA\u201d LE STAGIONI D\u2019ITALIA INSIEME A MARIA GRAZIA CUCINOTTA IN UNA SIMPATICA MINI-SERIE WEB ALL\u2019 INSEGNA DEL BUON CIBO CREATIVIT\u00c0 E SVILUPPO ARMANDO TESTA DI TORINO - Armando Testa\" \/>\n<meta property=\"og:description\" content=\"Le Stagioni d\u2019Italia&nbsp;\u2013 va in comunicazione digitale con una super testimonial:&nbsp;Maria Grazia Cucinotta, protagonista di una mini serie web firmata&nbsp;Armando Testa di Torino&nbsp;che si \u00e8 aggiudicata la gestione del progetto digital in seguito a una consultazione creativa indetta dal brand.&nbsp;https:\/\/www.youtube.com\/watch?v=MPgVp0ZzNWg Nel format studiato da&nbsp;Armando Testa di Torino, la Cucinotta \u2013 vera e propria icona della [&hellip;]\" \/>\n<meta property=\"og:url\" content=\"https:\/\/www.armandotesta.it\/it\/in-cucina-con-la-cucinotta-le-stagioni-ditalia-insieme-a-maria-grazia-cucinotta-in-una-simpatica-mini-serie-web-all-insegna-del-buon-cibo-creativita-e-sviluppo-arma\/\" \/>\n<meta property=\"og:site_name\" content=\"Armando Testa\" \/>\n<meta property=\"article:published_time\" content=\"2020-10-26T15:30:44+00:00\" \/>\n<meta property=\"article:modified_time\" content=\"2024-06-04T13:41:09+00:00\" \/>\n<meta property=\"og:image\" content=\"https:\/\/www.armandotesta.it\/wp-content\/uploads\/2024\/06\/Stagioniditalia.jpg\" \/>\n\t<meta property=\"og:image:width\" content=\"1956\" \/>\n\t<meta property=\"og:image:height\" content=\"1337\" \/>\n\t<meta property=\"og:image:type\" content=\"image\/jpeg\" \/>\n<meta name=\"author\" content=\"admAT\" \/>\n<meta name=\"twitter:card\" content=\"summary_large_image\" \/>\n<meta name=\"twitter:label1\" content=\"Scritto da\" \/>\n\t<meta name=\"twitter:data1\" content=\"admAT\" \/>\n\t<meta name=\"twitter:label2\" content=\"Tempo di lettura stimato\" \/>\n\t<meta name=\"twitter:data2\" content=\"2 minuti\" \/>\n<script type=\"application\/ld+json\" class=\"yoast-schema-graph\">{\"@context\":\"https:\\\/\\\/schema.org\",\"@graph\":[{\"@type\":\"Article\",\"@id\":\"https:\\\/\\\/www.armandotesta.it\\\/it\\\/in-cucina-con-la-cucinotta-le-stagioni-ditalia-insieme-a-maria-grazia-cucinotta-in-una-simpatica-mini-serie-web-all-insegna-del-buon-cibo-creativita-e-sviluppo-arma\\\/#article\",\"isPartOf\":{\"@id\":\"https:\\\/\\\/www.armandotesta.it\\\/it\\\/in-cucina-con-la-cucinotta-le-stagioni-ditalia-insieme-a-maria-grazia-cucinotta-in-una-simpatica-mini-serie-web-all-insegna-del-buon-cibo-creativita-e-sviluppo-arma\\\/\"},\"author\":{\"name\":\"admAT\",\"@id\":\"https:\\\/\\\/www.armandotesta.it\\\/it\\\/#\\\/schema\\\/person\\\/46d1d2d167e5f7b857761f0d5183a848\"},\"headline\":\"\u201cIN CUCINA CON LA CUCINOTTA\u201d LE STAGIONI D\u2019ITALIA INSIEME A MARIA GRAZIA CUCINOTTA IN UNA SIMPATICA MINI-SERIE WEB ALL\u2019 INSEGNA DEL BUON CIBO CREATIVIT\u00c0 E SVILUPPO ARMANDO TESTA DI TORINO\",\"datePublished\":\"2020-10-26T15:30:44+00:00\",\"dateModified\":\"2024-06-04T13:41:09+00:00\",\"mainEntityOfPage\":{\"@id\":\"https:\\\/\\\/www.armandotesta.it\\\/it\\\/in-cucina-con-la-cucinotta-le-stagioni-ditalia-insieme-a-maria-grazia-cucinotta-in-una-simpatica-mini-serie-web-all-insegna-del-buon-cibo-creativita-e-sviluppo-arma\\\/\"},\"wordCount\":524,\"publisher\":{\"@id\":\"https:\\\/\\\/www.armandotesta.it\\\/it\\\/#organization\"},\"image\":{\"@id\":\"https:\\\/\\\/www.armandotesta.it\\\/it\\\/in-cucina-con-la-cucinotta-le-stagioni-ditalia-insieme-a-maria-grazia-cucinotta-in-una-simpatica-mini-serie-web-all-insegna-del-buon-cibo-creativita-e-sviluppo-arma\\\/#primaryimage\"},\"thumbnailUrl\":\"https:\\\/\\\/www.armandotesta.it\\\/wp-content\\\/uploads\\\/2024\\\/06\\\/Stagioniditalia.jpg\",\"inLanguage\":\"it-IT\"},{\"@type\":\"WebPage\",\"@id\":\"https:\\\/\\\/www.armandotesta.it\\\/it\\\/in-cucina-con-la-cucinotta-le-stagioni-ditalia-insieme-a-maria-grazia-cucinotta-in-una-simpatica-mini-serie-web-all-insegna-del-buon-cibo-creativita-e-sviluppo-arma\\\/\",\"url\":\"https:\\\/\\\/www.armandotesta.it\\\/it\\\/in-cucina-con-la-cucinotta-le-stagioni-ditalia-insieme-a-maria-grazia-cucinotta-in-una-simpatica-mini-serie-web-all-insegna-del-buon-cibo-creativita-e-sviluppo-arma\\\/\",\"name\":\"\u201cIN CUCINA CON LA CUCINOTTA\u201d LE STAGIONI D\u2019ITALIA INSIEME A MARIA GRAZIA CUCINOTTA IN UNA SIMPATICA MINI-SERIE WEB ALL\u2019 INSEGNA DEL BUON CIBO CREATIVIT\u00c0 E SVILUPPO ARMANDO TESTA DI TORINO - Armando Testa\",\"isPartOf\":{\"@id\":\"https:\\\/\\\/www.armandotesta.it\\\/it\\\/#website\"},\"primaryImageOfPage\":{\"@id\":\"https:\\\/\\\/www.armandotesta.it\\\/it\\\/in-cucina-con-la-cucinotta-le-stagioni-ditalia-insieme-a-maria-grazia-cucinotta-in-una-simpatica-mini-serie-web-all-insegna-del-buon-cibo-creativita-e-sviluppo-arma\\\/#primaryimage\"},\"image\":{\"@id\":\"https:\\\/\\\/www.armandotesta.it\\\/it\\\/in-cucina-con-la-cucinotta-le-stagioni-ditalia-insieme-a-maria-grazia-cucinotta-in-una-simpatica-mini-serie-web-all-insegna-del-buon-cibo-creativita-e-sviluppo-arma\\\/#primaryimage\"},\"thumbnailUrl\":\"https:\\\/\\\/www.armandotesta.it\\\/wp-content\\\/uploads\\\/2024\\\/06\\\/Stagioniditalia.jpg\",\"datePublished\":\"2020-10-26T15:30:44+00:00\",\"dateModified\":\"2024-06-04T13:41:09+00:00\",\"breadcrumb\":{\"@id\":\"https:\\\/\\\/www.armandotesta.it\\\/it\\\/in-cucina-con-la-cucinotta-le-stagioni-ditalia-insieme-a-maria-grazia-cucinotta-in-una-simpatica-mini-serie-web-all-insegna-del-buon-cibo-creativita-e-sviluppo-arma\\\/#breadcrumb\"},\"inLanguage\":\"it-IT\",\"potentialAction\":[{\"@type\":\"ReadAction\",\"target\":[\"https:\\\/\\\/www.armandotesta.it\\\/it\\\/in-cucina-con-la-cucinotta-le-stagioni-ditalia-insieme-a-maria-grazia-cucinotta-in-una-simpatica-mini-serie-web-all-insegna-del-buon-cibo-creativita-e-sviluppo-arma\\\/\"]}]},{\"@type\":\"ImageObject\",\"inLanguage\":\"it-IT\",\"@id\":\"https:\\\/\\\/www.armandotesta.it\\\/it\\\/in-cucina-con-la-cucinotta-le-stagioni-ditalia-insieme-a-maria-grazia-cucinotta-in-una-simpatica-mini-serie-web-all-insegna-del-buon-cibo-creativita-e-sviluppo-arma\\\/#primaryimage\",\"url\":\"https:\\\/\\\/www.armandotesta.it\\\/wp-content\\\/uploads\\\/2024\\\/06\\\/Stagioniditalia.jpg\",\"contentUrl\":\"https:\\\/\\\/www.armandotesta.it\\\/wp-content\\\/uploads\\\/2024\\\/06\\\/Stagioniditalia.jpg\",\"width\":1956,\"height\":1337},{\"@type\":\"BreadcrumbList\",\"@id\":\"https:\\\/\\\/www.armandotesta.it\\\/it\\\/in-cucina-con-la-cucinotta-le-stagioni-ditalia-insieme-a-maria-grazia-cucinotta-in-una-simpatica-mini-serie-web-all-insegna-del-buon-cibo-creativita-e-sviluppo-arma\\\/#breadcrumb\",\"itemListElement\":[{\"@type\":\"ListItem\",\"position\":1,\"name\":\"Home\",\"item\":\"https:\\\/\\\/www.armandotesta.it\\\/it\\\/\"},{\"@type\":\"ListItem\",\"position\":2,\"name\":\"\u201cIN CUCINA CON LA CUCINOTTA\u201d LE STAGIONI D\u2019ITALIA INSIEME A MARIA GRAZIA CUCINOTTA IN UNA SIMPATICA MINI-SERIE WEB ALL\u2019 INSEGNA DEL BUON CIBO CREATIVIT\u00c0 E SVILUPPO ARMANDO TESTA DI TORINO\"}]},{\"@type\":\"WebSite\",\"@id\":\"https:\\\/\\\/www.armandotesta.it\\\/it\\\/#website\",\"url\":\"https:\\\/\\\/www.armandotesta.it\\\/it\\\/\",\"name\":\"Armando Testa\",\"description\":\"\",\"publisher\":{\"@id\":\"https:\\\/\\\/www.armandotesta.it\\\/it\\\/#organization\"},\"potentialAction\":[{\"@type\":\"SearchAction\",\"target\":{\"@type\":\"EntryPoint\",\"urlTemplate\":\"https:\\\/\\\/www.armandotesta.it\\\/it\\\/?s={search_term_string}\"},\"query-input\":{\"@type\":\"PropertyValueSpecification\",\"valueRequired\":true,\"valueName\":\"search_term_string\"}}],\"inLanguage\":\"it-IT\"},{\"@type\":\"Organization\",\"@id\":\"https:\\\/\\\/www.armandotesta.it\\\/it\\\/#organization\",\"name\":\"Armando Testa\",\"url\":\"https:\\\/\\\/www.armandotesta.it\\\/it\\\/\",\"logo\":{\"@type\":\"ImageObject\",\"inLanguage\":\"it-IT\",\"@id\":\"https:\\\/\\\/www.armandotesta.it\\\/it\\\/#\\\/schema\\\/logo\\\/image\\\/\",\"url\":\"https:\\\/\\\/www.armandotesta.it\\\/wp-content\\\/uploads\\\/2024\\\/01\\\/logo-at.png\",\"contentUrl\":\"https:\\\/\\\/www.armandotesta.it\\\/wp-content\\\/uploads\\\/2024\\\/01\\\/logo-at.png\",\"width\":200,\"height\":200,\"caption\":\"Armando Testa\"},\"image\":{\"@id\":\"https:\\\/\\\/www.armandotesta.it\\\/it\\\/#\\\/schema\\\/logo\\\/image\\\/\"}},{\"@type\":\"Person\",\"@id\":\"https:\\\/\\\/www.armandotesta.it\\\/it\\\/#\\\/schema\\\/person\\\/46d1d2d167e5f7b857761f0d5183a848\",\"name\":\"admAT\",\"image\":{\"@type\":\"ImageObject\",\"inLanguage\":\"it-IT\",\"@id\":\"https:\\\/\\\/secure.gravatar.com\\\/avatar\\\/9772e708d87105ee06ea2e627102fade92688c33bb2e0083a7a18b56280f7239?s=96&d=mm&r=g\",\"url\":\"https:\\\/\\\/secure.gravatar.com\\\/avatar\\\/9772e708d87105ee06ea2e627102fade92688c33bb2e0083a7a18b56280f7239?s=96&d=mm&r=g\",\"contentUrl\":\"https:\\\/\\\/secure.gravatar.com\\\/avatar\\\/9772e708d87105ee06ea2e627102fade92688c33bb2e0083a7a18b56280f7239?s=96&d=mm&r=g\",\"caption\":\"admAT\"},\"sameAs\":[\"https:\\\/\\\/www.armandotesta.it\"],\"url\":\"https:\\\/\\\/www.armandotesta.it\\\/it\\\/author\\\/admat\\\/\"}]}<\/script>\n<!-- \/ Yoast SEO plugin. -->","yoast_head_json":{"title":"\u201cIN CUCINA CON LA CUCINOTTA\u201d LE STAGIONI D\u2019ITALIA INSIEME A MARIA GRAZIA CUCINOTTA IN UNA SIMPATICA MINI-SERIE WEB ALL\u2019 INSEGNA DEL BUON CIBO CREATIVIT\u00c0 E SVILUPPO ARMANDO TESTA DI TORINO - Armando Testa","robots":{"index":"index","follow":"follow","max-snippet":"max-snippet:-1","max-image-preview":"max-image-preview:large","max-video-preview":"max-video-preview:-1"},"canonical":"https:\/\/www.armandotesta.it\/it\/in-cucina-con-la-cucinotta-le-stagioni-ditalia-insieme-a-maria-grazia-cucinotta-in-una-simpatica-mini-serie-web-all-insegna-del-buon-cibo-creativita-e-sviluppo-arma\/","og_locale":"it_IT","og_type":"article","og_title":"\u201cIN CUCINA CON LA CUCINOTTA\u201d LE STAGIONI D\u2019ITALIA INSIEME A MARIA GRAZIA CUCINOTTA IN UNA SIMPATICA MINI-SERIE WEB ALL\u2019 INSEGNA DEL BUON CIBO CREATIVIT\u00c0 E SVILUPPO ARMANDO TESTA DI TORINO - Armando Testa","og_description":"Le Stagioni d\u2019Italia&nbsp;\u2013 va in comunicazione digitale con una super testimonial:&nbsp;Maria Grazia Cucinotta, protagonista di una mini serie web firmata&nbsp;Armando Testa di Torino&nbsp;che si \u00e8 aggiudicata la gestione del progetto digital in seguito a una consultazione creativa indetta dal brand.&nbsp;https:\/\/www.youtube.com\/watch?v=MPgVp0ZzNWg Nel format studiato da&nbsp;Armando Testa di Torino, la Cucinotta \u2013 vera e propria icona della [&hellip;]","og_url":"https:\/\/www.armandotesta.it\/it\/in-cucina-con-la-cucinotta-le-stagioni-ditalia-insieme-a-maria-grazia-cucinotta-in-una-simpatica-mini-serie-web-all-insegna-del-buon-cibo-creativita-e-sviluppo-arma\/","og_site_name":"Armando Testa","article_published_time":"2020-10-26T15:30:44+00:00","article_modified_time":"2024-06-04T13:41:09+00:00","og_image":[{"width":1956,"height":1337,"url":"https:\/\/www.armandotesta.it\/wp-content\/uploads\/2024\/06\/Stagioniditalia.jpg","type":"image\/jpeg"}],"author":"admAT","twitter_card":"summary_large_image","twitter_misc":{"Scritto da":"admAT","Tempo di lettura stimato":"2 minuti"},"schema":{"@context":"https:\/\/schema.org","@graph":[{"@type":"Article","@id":"https:\/\/www.armandotesta.it\/it\/in-cucina-con-la-cucinotta-le-stagioni-ditalia-insieme-a-maria-grazia-cucinotta-in-una-simpatica-mini-serie-web-all-insegna-del-buon-cibo-creativita-e-sviluppo-arma\/#article","isPartOf":{"@id":"https:\/\/www.armandotesta.it\/it\/in-cucina-con-la-cucinotta-le-stagioni-ditalia-insieme-a-maria-grazia-cucinotta-in-una-simpatica-mini-serie-web-all-insegna-del-buon-cibo-creativita-e-sviluppo-arma\/"},"author":{"name":"admAT","@id":"https:\/\/www.armandotesta.it\/it\/#\/schema\/person\/46d1d2d167e5f7b857761f0d5183a848"},"headline":"\u201cIN CUCINA CON LA CUCINOTTA\u201d LE STAGIONI D\u2019ITALIA INSIEME A MARIA GRAZIA CUCINOTTA IN UNA SIMPATICA MINI-SERIE WEB ALL\u2019 INSEGNA DEL BUON CIBO CREATIVIT\u00c0 E SVILUPPO ARMANDO TESTA DI TORINO","datePublished":"2020-10-26T15:30:44+00:00","dateModified":"2024-06-04T13:41:09+00:00","mainEntityOfPage":{"@id":"https:\/\/www.armandotesta.it\/it\/in-cucina-con-la-cucinotta-le-stagioni-ditalia-insieme-a-maria-grazia-cucinotta-in-una-simpatica-mini-serie-web-all-insegna-del-buon-cibo-creativita-e-sviluppo-arma\/"},"wordCount":524,"publisher":{"@id":"https:\/\/www.armandotesta.it\/it\/#organization"},"image":{"@id":"https:\/\/www.armandotesta.it\/it\/in-cucina-con-la-cucinotta-le-stagioni-ditalia-insieme-a-maria-grazia-cucinotta-in-una-simpatica-mini-serie-web-all-insegna-del-buon-cibo-creativita-e-sviluppo-arma\/#primaryimage"},"thumbnailUrl":"https:\/\/www.armandotesta.it\/wp-content\/uploads\/2024\/06\/Stagioniditalia.jpg","inLanguage":"it-IT"},{"@type":"WebPage","@id":"https:\/\/www.armandotesta.it\/it\/in-cucina-con-la-cucinotta-le-stagioni-ditalia-insieme-a-maria-grazia-cucinotta-in-una-simpatica-mini-serie-web-all-insegna-del-buon-cibo-creativita-e-sviluppo-arma\/","url":"https:\/\/www.armandotesta.it\/it\/in-cucina-con-la-cucinotta-le-stagioni-ditalia-insieme-a-maria-grazia-cucinotta-in-una-simpatica-mini-serie-web-all-insegna-del-buon-cibo-creativita-e-sviluppo-arma\/","name":"\u201cIN CUCINA CON LA CUCINOTTA\u201d LE STAGIONI D\u2019ITALIA INSIEME A MARIA GRAZIA CUCINOTTA IN UNA SIMPATICA MINI-SERIE WEB ALL\u2019 INSEGNA DEL BUON CIBO CREATIVIT\u00c0 E SVILUPPO ARMANDO TESTA DI TORINO - Armando Testa","isPartOf":{"@id":"https:\/\/www.armandotesta.it\/it\/#website"},"primaryImageOfPage":{"@id":"https:\/\/www.armandotesta.it\/it\/in-cucina-con-la-cucinotta-le-stagioni-ditalia-insieme-a-maria-grazia-cucinotta-in-una-simpatica-mini-serie-web-all-insegna-del-buon-cibo-creativita-e-sviluppo-arma\/#primaryimage"},"image":{"@id":"https:\/\/www.armandotesta.it\/it\/in-cucina-con-la-cucinotta-le-stagioni-ditalia-insieme-a-maria-grazia-cucinotta-in-una-simpatica-mini-serie-web-all-insegna-del-buon-cibo-creativita-e-sviluppo-arma\/#primaryimage"},"thumbnailUrl":"https:\/\/www.armandotesta.it\/wp-content\/uploads\/2024\/06\/Stagioniditalia.jpg","datePublished":"2020-10-26T15:30:44+00:00","dateModified":"2024-06-04T13:41:09+00:00","breadcrumb":{"@id":"https:\/\/www.armandotesta.it\/it\/in-cucina-con-la-cucinotta-le-stagioni-ditalia-insieme-a-maria-grazia-cucinotta-in-una-simpatica-mini-serie-web-all-insegna-del-buon-cibo-creativita-e-sviluppo-arma\/#breadcrumb"},"inLanguage":"it-IT","potentialAction":[{"@type":"ReadAction","target":["https:\/\/www.armandotesta.it\/it\/in-cucina-con-la-cucinotta-le-stagioni-ditalia-insieme-a-maria-grazia-cucinotta-in-una-simpatica-mini-serie-web-all-insegna-del-buon-cibo-creativita-e-sviluppo-arma\/"]}]},{"@type":"ImageObject","inLanguage":"it-IT","@id":"https:\/\/www.armandotesta.it\/it\/in-cucina-con-la-cucinotta-le-stagioni-ditalia-insieme-a-maria-grazia-cucinotta-in-una-simpatica-mini-serie-web-all-insegna-del-buon-cibo-creativita-e-sviluppo-arma\/#primaryimage","url":"https:\/\/www.armandotesta.it\/wp-content\/uploads\/2024\/06\/Stagioniditalia.jpg","contentUrl":"https:\/\/www.armandotesta.it\/wp-content\/uploads\/2024\/06\/Stagioniditalia.jpg","width":1956,"height":1337},{"@type":"BreadcrumbList","@id":"https:\/\/www.armandotesta.it\/it\/in-cucina-con-la-cucinotta-le-stagioni-ditalia-insieme-a-maria-grazia-cucinotta-in-una-simpatica-mini-serie-web-all-insegna-del-buon-cibo-creativita-e-sviluppo-arma\/#breadcrumb","itemListElement":[{"@type":"ListItem","position":1,"name":"Home","item":"https:\/\/www.armandotesta.it\/it\/"},{"@type":"ListItem","position":2,"name":"\u201cIN CUCINA CON LA CUCINOTTA\u201d LE STAGIONI D\u2019ITALIA INSIEME A MARIA GRAZIA CUCINOTTA IN UNA SIMPATICA MINI-SERIE WEB ALL\u2019 INSEGNA DEL BUON CIBO CREATIVIT\u00c0 E SVILUPPO ARMANDO TESTA DI TORINO"}]},{"@type":"WebSite","@id":"https:\/\/www.armandotesta.it\/it\/#website","url":"https:\/\/www.armandotesta.it\/it\/","name":"Armando Testa","description":"","publisher":{"@id":"https:\/\/www.armandotesta.it\/it\/#organization"},"potentialAction":[{"@type":"SearchAction","target":{"@type":"EntryPoint","urlTemplate":"https:\/\/www.armandotesta.it\/it\/?s={search_term_string}"},"query-input":{"@type":"PropertyValueSpecification","valueRequired":true,"valueName":"search_term_string"}}],"inLanguage":"it-IT"},{"@type":"Organization","@id":"https:\/\/www.armandotesta.it\/it\/#organization","name":"Armando Testa","url":"https:\/\/www.armandotesta.it\/it\/","logo":{"@type":"ImageObject","inLanguage":"it-IT","@id":"https:\/\/www.armandotesta.it\/it\/#\/schema\/logo\/image\/","url":"https:\/\/www.armandotesta.it\/wp-content\/uploads\/2024\/01\/logo-at.png","contentUrl":"https:\/\/www.armandotesta.it\/wp-content\/uploads\/2024\/01\/logo-at.png","width":200,"height":200,"caption":"Armando Testa"},"image":{"@id":"https:\/\/www.armandotesta.it\/it\/#\/schema\/logo\/image\/"}},{"@type":"Person","@id":"https:\/\/www.armandotesta.it\/it\/#\/schema\/person\/46d1d2d167e5f7b857761f0d5183a848","name":"admAT","image":{"@type":"ImageObject","inLanguage":"it-IT","@id":"https:\/\/secure.gravatar.com\/avatar\/9772e708d87105ee06ea2e627102fade92688c33bb2e0083a7a18b56280f7239?s=96&d=mm&r=g","url":"https:\/\/secure.gravatar.com\/avatar\/9772e708d87105ee06ea2e627102fade92688c33bb2e0083a7a18b56280f7239?s=96&d=mm&r=g","contentUrl":"https:\/\/secure.gravatar.com\/avatar\/9772e708d87105ee06ea2e627102fade92688c33bb2e0083a7a18b56280f7239?s=96&d=mm&r=g","caption":"admAT"},"sameAs":["https:\/\/www.armandotesta.it"],"url":"https:\/\/www.armandotesta.it\/it\/author\/admat\/"}]}},"_links":{"self":[{"href":"https:\/\/www.armandotesta.it\/it\/wp-json\/wp\/v2\/posts\/24470","targetHints":{"allow":["GET"]}}],"collection":[{"href":"https:\/\/www.armandotesta.it\/it\/wp-json\/wp\/v2\/posts"}],"about":[{"href":"https:\/\/www.armandotesta.it\/it\/wp-json\/wp\/v2\/types\/post"}],"author":[{"embeddable":true,"href":"https:\/\/www.armandotesta.it\/it\/wp-json\/wp\/v2\/users\/1"}],"replies":[{"embeddable":true,"href":"https:\/\/www.armandotesta.it\/it\/wp-json\/wp\/v2\/comments?post=24470"}],"version-history":[{"count":1,"href":"https:\/\/www.armandotesta.it\/it\/wp-json\/wp\/v2\/posts\/24470\/revisions"}],"predecessor-version":[{"id":25428,"href":"https:\/\/www.armandotesta.it\/it\/wp-json\/wp\/v2\/posts\/24470\/revisions\/25428"}],"wp:featuredmedia":[{"embeddable":true,"href":"https:\/\/www.armandotesta.it\/it\/wp-json\/wp\/v2\/media\/20276"}],"wp:attachment":[{"href":"https:\/\/www.armandotesta.it\/it\/wp-json\/wp\/v2\/media?parent=24470"}],"wp:term":[{"taxonomy":"category","embeddable":true,"href":"https:\/\/www.armandotesta.it\/it\/wp-json\/wp\/v2\/categories?post=24470"},{"taxonomy":"post_tag","embeddable":true,"href":"https:\/\/www.armandotesta.it\/it\/wp-json\/wp\/v2\/tags?post=24470"}],"curies":[{"name":"wp","href":"https:\/\/api.w.org\/{rel}","templated":true}]}}