{"id":24452,"date":"2020-09-14T14:00:04","date_gmt":"2020-09-14T12:00:04","guid":{"rendered":"https:\/\/www.armandotesta.it\/crema-pan-di-stelle-torna-in-tv-con-armando-testa-per-svelare-un-segreto-due-volte-buono\/"},"modified":"2024-06-04T15:41:03","modified_gmt":"2024-06-04T13:41:03","slug":"crema-pan-di-stelle-torna-in-tv-con-armando-testa-per-svelare-un-segreto-due-volte-buono","status":"publish","type":"post","link":"https:\/\/www.armandotesta.it\/it\/crema-pan-di-stelle-torna-in-tv-con-armando-testa-per-svelare-un-segreto-due-volte-buono\/","title":{"rendered":"CREMA PAN DI STELLE CON ARMANDO TESTA, PER SVELARE UN SEGRETO DUE VOLTE BUONO"},"content":{"rendered":"\n<p>Come si fa a raccontare un segreto? Con un pizzico di sogno, polvere di stelle, e tutta l\u2019allegria di una famiglia a colazione.<\/p>\n\n\n\n<p>Crema Pan di Stelle torna on air in Tv, sul web e nei canali social facebook e instagram di Pan di Stelle da domenica 13 settembre, e lo fa svelando cos\u2019\u00e8 che la rende unica al mondo: il segreto \u00e8 Pan di Stelle! L\u2019iconico biscotto che diventa granella per tuffarsi nelle morbide volute di crema di nocciole e cacao, e renderla \u201cdue volte buona\u201d.<\/p>\n\n\n\n<p>Basta assaggiarla per sognare, e infatti il film inizia con un sogno illustrato e animato con lo stile inconfondibile della comunicazione degli ultimi anni, che oggi, per la prima volta, unisce elementi del fantastico a quelli del reale.&nbsp;<\/p>\n\n\n\n<p>Un vasetto di Crema, un cielo stellato, una bambina disegnata (sar\u00e0 poi lei la protagonista a colazione) che sale una lunga scala che la porta verso una luna-biscotto. Con un tocco di bacchetta magica il biscotto diventa granella e la Crema diventa sogno, da assaggiare spalmata sul pane, con una freschissima fragola, e perch\u00e9 no con il dito che ne ruba un pochino dal vasetto.<\/p>\n\n\n\n<p>Da sempre Pan di Stelle offre prodotti che coniugano bont\u00e0 a qualit\u00e0 di ingredienti, di profilo nutrizionale e di filiera, oltre a un impegno sempre pi\u00f9 concreto sui fronti della sostenibilit\u00e0 e del rispetto per il pianeta. Nel caso della Crema Pan di Stelle, nocciole e latte 100% italiani e cacao coltivato in collaborazione con la Fondazione Cocoa Horizons, con la quale Pan di Stelle \u00e8 impegnata da anni per promuovere progetti a sostegno della qualit\u00e0 della vita dei coltivatori e delle loro famiglie. E senza olio di palma, come tutti i prodotti Barilla.<\/p>\n\n\n\n<p>Mai come quest\u2019anno sentiamo tutti l\u2019importanza di poterci dedicare ogni giorno un attimo di sogno: Pan di Stelle ci ricorda che quell\u2019attimo pu\u00f2 essere davvero molto, molto buono.<\/p>\n\n\n\n<p>Direzione creativa: Michela Sartorio e Monica Pirocca<\/p>\n\n\n\n<p>Casa di Produzione: BRW Filmland<\/p>\n\n\n\n<p>Animazione: Margherita Premuroso&nbsp;<\/p>\n\n\n\n<p>Regia Food: Vittorio Sacco<\/p>\n\n\n\n<p>Regia Live Action: Matteo Sironi<\/p>\n\n\n\n<p>Musica: A million dreams &#8211; con arrangiamento di Human Touch<\/p>\n\n\n\n<ul class=\"wp-block-gallery columns-2 is-cropped wp-block-gallery-1 is-layout-flex wp-block-gallery-is-layout-flex\"><li class=\"blocks-gallery-item\"><figure><img decoding=\"async\" src=\"https:\/\/newsroom.armandotesta.it\/wp-content\/uploads\/2020\/09\/1-1024x574.jpg\" alt=\"\" data-id=\"4577\" data-link=\"https:\/\/newsroom.armandotesta.it\/en\/?attachment_id=4577\" class=\"wp-image-4577\"\/><\/figure><\/li><li class=\"blocks-gallery-item\"><figure><img decoding=\"async\" src=\"https:\/\/newsroom.armandotesta.it\/wp-content\/uploads\/2020\/09\/2-1024x573.jpg\" alt=\"\" data-id=\"4578\" data-link=\"https:\/\/newsroom.armandotesta.it\/en\/?attachment_id=4578\" class=\"wp-image-4578\"\/><\/figure><\/li><\/ul>\n\n\n\n<figure class=\"wp-block-embed-youtube wp-block-embed is-type-video is-provider-youtube wp-embed-aspect-16-9 wp-has-aspect-ratio\"><div class=\"wp-block-embed__wrapper\">\n<iframe loading=\"lazy\" title=\"Barilla Pan di Stelle Crema Granella\" width=\"500\" height=\"281\" src=\"https:\/\/www.youtube.com\/embed\/avkkiBAiPqQ?feature=oembed\" frameborder=\"0\" allow=\"accelerometer; autoplay; clipboard-write; encrypted-media; gyroscope; picture-in-picture; web-share\" referrerpolicy=\"strict-origin-when-cross-origin\" allowfullscreen><\/iframe>\n<\/div><\/figure>\n","protected":false},"excerpt":{"rendered":"<p>Come si fa a raccontare un segreto? Con un pizzico di sogno, polvere di stelle, e tutta l\u2019allegria di una famiglia a colazione. Crema Pan di Stelle torna on air in Tv, sul web e nei canali social facebook e instagram di Pan di Stelle da domenica 13 settembre, e lo fa svelando cos\u2019\u00e8 che [&hellip;]<\/p>\n","protected":false},"author":1,"featured_media":20255,"comment_status":"closed","ping_status":"closed","sticky":false,"template":"","format":"standard","meta":{"_acf_changed":false,"inline_featured_image":false,"footnotes":""},"categories":[],"tags":[],"class_list":["post-24452","post","type-post","status-publish","format-standard","has-post-thumbnail","hentry"],"acf":false,"yoast_head":"<!-- This site is optimized with the Yoast SEO plugin v27.5 - https:\/\/yoast.com\/product\/yoast-seo-wordpress\/ -->\n<title>CREMA PAN DI STELLE CON ARMANDO TESTA, PER SVELARE UN SEGRETO DUE VOLTE BUONO - Armando Testa<\/title>\n<meta name=\"robots\" content=\"index, follow, max-snippet:-1, max-image-preview:large, max-video-preview:-1\" \/>\n<link rel=\"canonical\" href=\"https:\/\/www.armandotesta.it\/it\/crema-pan-di-stelle-torna-in-tv-con-armando-testa-per-svelare-un-segreto-due-volte-buono\/\" \/>\n<meta property=\"og:locale\" content=\"it_IT\" \/>\n<meta property=\"og:type\" content=\"article\" \/>\n<meta property=\"og:title\" content=\"CREMA PAN DI STELLE CON ARMANDO TESTA, PER SVELARE UN SEGRETO DUE VOLTE BUONO - Armando Testa\" \/>\n<meta property=\"og:description\" content=\"Come si fa a raccontare un segreto? Con un pizzico di sogno, polvere di stelle, e tutta l\u2019allegria di una famiglia a colazione. Crema Pan di Stelle torna on air in Tv, sul web e nei canali social facebook e instagram di Pan di Stelle da domenica 13 settembre, e lo fa svelando cos\u2019\u00e8 che [&hellip;]\" \/>\n<meta property=\"og:url\" content=\"https:\/\/www.armandotesta.it\/it\/crema-pan-di-stelle-torna-in-tv-con-armando-testa-per-svelare-un-segreto-due-volte-buono\/\" \/>\n<meta property=\"og:site_name\" content=\"Armando Testa\" \/>\n<meta property=\"article:published_time\" content=\"2020-09-14T12:00:04+00:00\" \/>\n<meta property=\"article:modified_time\" content=\"2024-06-04T13:41:03+00:00\" \/>\n<meta property=\"og:image\" content=\"https:\/\/www.armandotesta.it\/wp-content\/uploads\/2024\/06\/1-7.jpg\" \/>\n\t<meta property=\"og:image:width\" content=\"1278\" \/>\n\t<meta property=\"og:image:height\" content=\"717\" \/>\n\t<meta property=\"og:image:type\" content=\"image\/jpeg\" \/>\n<meta name=\"author\" content=\"admAT\" \/>\n<meta name=\"twitter:card\" content=\"summary_large_image\" \/>\n<meta name=\"twitter:label1\" content=\"Scritto da\" \/>\n\t<meta name=\"twitter:data1\" content=\"admAT\" \/>\n\t<meta name=\"twitter:label2\" content=\"Tempo di lettura stimato\" \/>\n\t<meta name=\"twitter:data2\" content=\"2 minuti\" \/>\n<script type=\"application\/ld+json\" class=\"yoast-schema-graph\">{\"@context\":\"https:\\\/\\\/schema.org\",\"@graph\":[{\"@type\":\"Article\",\"@id\":\"https:\\\/\\\/www.armandotesta.it\\\/it\\\/crema-pan-di-stelle-torna-in-tv-con-armando-testa-per-svelare-un-segreto-due-volte-buono\\\/#article\",\"isPartOf\":{\"@id\":\"https:\\\/\\\/www.armandotesta.it\\\/it\\\/crema-pan-di-stelle-torna-in-tv-con-armando-testa-per-svelare-un-segreto-due-volte-buono\\\/\"},\"author\":{\"name\":\"admAT\",\"@id\":\"https:\\\/\\\/www.armandotesta.it\\\/it\\\/#\\\/schema\\\/person\\\/46d1d2d167e5f7b857761f0d5183a848\"},\"headline\":\"CREMA PAN DI STELLE CON ARMANDO TESTA, PER SVELARE UN SEGRETO DUE VOLTE BUONO\",\"datePublished\":\"2020-09-14T12:00:04+00:00\",\"dateModified\":\"2024-06-04T13:41:03+00:00\",\"mainEntityOfPage\":{\"@id\":\"https:\\\/\\\/www.armandotesta.it\\\/it\\\/crema-pan-di-stelle-torna-in-tv-con-armando-testa-per-svelare-un-segreto-due-volte-buono\\\/\"},\"wordCount\":367,\"publisher\":{\"@id\":\"https:\\\/\\\/www.armandotesta.it\\\/it\\\/#organization\"},\"image\":{\"@id\":\"https:\\\/\\\/www.armandotesta.it\\\/it\\\/crema-pan-di-stelle-torna-in-tv-con-armando-testa-per-svelare-un-segreto-due-volte-buono\\\/#primaryimage\"},\"thumbnailUrl\":\"https:\\\/\\\/www.armandotesta.it\\\/wp-content\\\/uploads\\\/2024\\\/06\\\/1-7.jpg\",\"inLanguage\":\"it-IT\"},{\"@type\":\"WebPage\",\"@id\":\"https:\\\/\\\/www.armandotesta.it\\\/it\\\/crema-pan-di-stelle-torna-in-tv-con-armando-testa-per-svelare-un-segreto-due-volte-buono\\\/\",\"url\":\"https:\\\/\\\/www.armandotesta.it\\\/it\\\/crema-pan-di-stelle-torna-in-tv-con-armando-testa-per-svelare-un-segreto-due-volte-buono\\\/\",\"name\":\"CREMA PAN DI STELLE CON ARMANDO TESTA, PER SVELARE UN SEGRETO DUE VOLTE BUONO - Armando Testa\",\"isPartOf\":{\"@id\":\"https:\\\/\\\/www.armandotesta.it\\\/it\\\/#website\"},\"primaryImageOfPage\":{\"@id\":\"https:\\\/\\\/www.armandotesta.it\\\/it\\\/crema-pan-di-stelle-torna-in-tv-con-armando-testa-per-svelare-un-segreto-due-volte-buono\\\/#primaryimage\"},\"image\":{\"@id\":\"https:\\\/\\\/www.armandotesta.it\\\/it\\\/crema-pan-di-stelle-torna-in-tv-con-armando-testa-per-svelare-un-segreto-due-volte-buono\\\/#primaryimage\"},\"thumbnailUrl\":\"https:\\\/\\\/www.armandotesta.it\\\/wp-content\\\/uploads\\\/2024\\\/06\\\/1-7.jpg\",\"datePublished\":\"2020-09-14T12:00:04+00:00\",\"dateModified\":\"2024-06-04T13:41:03+00:00\",\"breadcrumb\":{\"@id\":\"https:\\\/\\\/www.armandotesta.it\\\/it\\\/crema-pan-di-stelle-torna-in-tv-con-armando-testa-per-svelare-un-segreto-due-volte-buono\\\/#breadcrumb\"},\"inLanguage\":\"it-IT\",\"potentialAction\":[{\"@type\":\"ReadAction\",\"target\":[\"https:\\\/\\\/www.armandotesta.it\\\/it\\\/crema-pan-di-stelle-torna-in-tv-con-armando-testa-per-svelare-un-segreto-due-volte-buono\\\/\"]}]},{\"@type\":\"ImageObject\",\"inLanguage\":\"it-IT\",\"@id\":\"https:\\\/\\\/www.armandotesta.it\\\/it\\\/crema-pan-di-stelle-torna-in-tv-con-armando-testa-per-svelare-un-segreto-due-volte-buono\\\/#primaryimage\",\"url\":\"https:\\\/\\\/www.armandotesta.it\\\/wp-content\\\/uploads\\\/2024\\\/06\\\/1-7.jpg\",\"contentUrl\":\"https:\\\/\\\/www.armandotesta.it\\\/wp-content\\\/uploads\\\/2024\\\/06\\\/1-7.jpg\",\"width\":1278,\"height\":717},{\"@type\":\"BreadcrumbList\",\"@id\":\"https:\\\/\\\/www.armandotesta.it\\\/it\\\/crema-pan-di-stelle-torna-in-tv-con-armando-testa-per-svelare-un-segreto-due-volte-buono\\\/#breadcrumb\",\"itemListElement\":[{\"@type\":\"ListItem\",\"position\":1,\"name\":\"Home\",\"item\":\"https:\\\/\\\/www.armandotesta.it\\\/it\\\/\"},{\"@type\":\"ListItem\",\"position\":2,\"name\":\"CREMA PAN DI STELLE CON ARMANDO TESTA, PER SVELARE UN SEGRETO DUE VOLTE BUONO\"}]},{\"@type\":\"WebSite\",\"@id\":\"https:\\\/\\\/www.armandotesta.it\\\/it\\\/#website\",\"url\":\"https:\\\/\\\/www.armandotesta.it\\\/it\\\/\",\"name\":\"Armando Testa\",\"description\":\"\",\"publisher\":{\"@id\":\"https:\\\/\\\/www.armandotesta.it\\\/it\\\/#organization\"},\"potentialAction\":[{\"@type\":\"SearchAction\",\"target\":{\"@type\":\"EntryPoint\",\"urlTemplate\":\"https:\\\/\\\/www.armandotesta.it\\\/it\\\/?s={search_term_string}\"},\"query-input\":{\"@type\":\"PropertyValueSpecification\",\"valueRequired\":true,\"valueName\":\"search_term_string\"}}],\"inLanguage\":\"it-IT\"},{\"@type\":\"Organization\",\"@id\":\"https:\\\/\\\/www.armandotesta.it\\\/it\\\/#organization\",\"name\":\"Armando Testa\",\"url\":\"https:\\\/\\\/www.armandotesta.it\\\/it\\\/\",\"logo\":{\"@type\":\"ImageObject\",\"inLanguage\":\"it-IT\",\"@id\":\"https:\\\/\\\/www.armandotesta.it\\\/it\\\/#\\\/schema\\\/logo\\\/image\\\/\",\"url\":\"https:\\\/\\\/www.armandotesta.it\\\/wp-content\\\/uploads\\\/2024\\\/01\\\/logo-at.png\",\"contentUrl\":\"https:\\\/\\\/www.armandotesta.it\\\/wp-content\\\/uploads\\\/2024\\\/01\\\/logo-at.png\",\"width\":200,\"height\":200,\"caption\":\"Armando Testa\"},\"image\":{\"@id\":\"https:\\\/\\\/www.armandotesta.it\\\/it\\\/#\\\/schema\\\/logo\\\/image\\\/\"}},{\"@type\":\"Person\",\"@id\":\"https:\\\/\\\/www.armandotesta.it\\\/it\\\/#\\\/schema\\\/person\\\/46d1d2d167e5f7b857761f0d5183a848\",\"name\":\"admAT\",\"image\":{\"@type\":\"ImageObject\",\"inLanguage\":\"it-IT\",\"@id\":\"https:\\\/\\\/secure.gravatar.com\\\/avatar\\\/9772e708d87105ee06ea2e627102fade92688c33bb2e0083a7a18b56280f7239?s=96&d=mm&r=g\",\"url\":\"https:\\\/\\\/secure.gravatar.com\\\/avatar\\\/9772e708d87105ee06ea2e627102fade92688c33bb2e0083a7a18b56280f7239?s=96&d=mm&r=g\",\"contentUrl\":\"https:\\\/\\\/secure.gravatar.com\\\/avatar\\\/9772e708d87105ee06ea2e627102fade92688c33bb2e0083a7a18b56280f7239?s=96&d=mm&r=g\",\"caption\":\"admAT\"},\"sameAs\":[\"https:\\\/\\\/www.armandotesta.it\"],\"url\":\"https:\\\/\\\/www.armandotesta.it\\\/it\\\/author\\\/admat\\\/\"}]}<\/script>\n<!-- \/ Yoast SEO plugin. -->","yoast_head_json":{"title":"CREMA PAN DI STELLE CON ARMANDO TESTA, PER SVELARE UN SEGRETO DUE VOLTE BUONO - Armando Testa","robots":{"index":"index","follow":"follow","max-snippet":"max-snippet:-1","max-image-preview":"max-image-preview:large","max-video-preview":"max-video-preview:-1"},"canonical":"https:\/\/www.armandotesta.it\/it\/crema-pan-di-stelle-torna-in-tv-con-armando-testa-per-svelare-un-segreto-due-volte-buono\/","og_locale":"it_IT","og_type":"article","og_title":"CREMA PAN DI STELLE CON ARMANDO TESTA, PER SVELARE UN SEGRETO DUE VOLTE BUONO - Armando Testa","og_description":"Come si fa a raccontare un segreto? Con un pizzico di sogno, polvere di stelle, e tutta l\u2019allegria di una famiglia a colazione. Crema Pan di Stelle torna on air in Tv, sul web e nei canali social facebook e instagram di Pan di Stelle da domenica 13 settembre, e lo fa svelando cos\u2019\u00e8 che [&hellip;]","og_url":"https:\/\/www.armandotesta.it\/it\/crema-pan-di-stelle-torna-in-tv-con-armando-testa-per-svelare-un-segreto-due-volte-buono\/","og_site_name":"Armando Testa","article_published_time":"2020-09-14T12:00:04+00:00","article_modified_time":"2024-06-04T13:41:03+00:00","og_image":[{"width":1278,"height":717,"url":"https:\/\/www.armandotesta.it\/wp-content\/uploads\/2024\/06\/1-7.jpg","type":"image\/jpeg"}],"author":"admAT","twitter_card":"summary_large_image","twitter_misc":{"Scritto da":"admAT","Tempo di lettura stimato":"2 minuti"},"schema":{"@context":"https:\/\/schema.org","@graph":[{"@type":"Article","@id":"https:\/\/www.armandotesta.it\/it\/crema-pan-di-stelle-torna-in-tv-con-armando-testa-per-svelare-un-segreto-due-volte-buono\/#article","isPartOf":{"@id":"https:\/\/www.armandotesta.it\/it\/crema-pan-di-stelle-torna-in-tv-con-armando-testa-per-svelare-un-segreto-due-volte-buono\/"},"author":{"name":"admAT","@id":"https:\/\/www.armandotesta.it\/it\/#\/schema\/person\/46d1d2d167e5f7b857761f0d5183a848"},"headline":"CREMA PAN DI STELLE CON ARMANDO TESTA, PER SVELARE UN SEGRETO DUE VOLTE BUONO","datePublished":"2020-09-14T12:00:04+00:00","dateModified":"2024-06-04T13:41:03+00:00","mainEntityOfPage":{"@id":"https:\/\/www.armandotesta.it\/it\/crema-pan-di-stelle-torna-in-tv-con-armando-testa-per-svelare-un-segreto-due-volte-buono\/"},"wordCount":367,"publisher":{"@id":"https:\/\/www.armandotesta.it\/it\/#organization"},"image":{"@id":"https:\/\/www.armandotesta.it\/it\/crema-pan-di-stelle-torna-in-tv-con-armando-testa-per-svelare-un-segreto-due-volte-buono\/#primaryimage"},"thumbnailUrl":"https:\/\/www.armandotesta.it\/wp-content\/uploads\/2024\/06\/1-7.jpg","inLanguage":"it-IT"},{"@type":"WebPage","@id":"https:\/\/www.armandotesta.it\/it\/crema-pan-di-stelle-torna-in-tv-con-armando-testa-per-svelare-un-segreto-due-volte-buono\/","url":"https:\/\/www.armandotesta.it\/it\/crema-pan-di-stelle-torna-in-tv-con-armando-testa-per-svelare-un-segreto-due-volte-buono\/","name":"CREMA PAN DI STELLE CON ARMANDO TESTA, PER SVELARE UN SEGRETO DUE VOLTE BUONO - Armando Testa","isPartOf":{"@id":"https:\/\/www.armandotesta.it\/it\/#website"},"primaryImageOfPage":{"@id":"https:\/\/www.armandotesta.it\/it\/crema-pan-di-stelle-torna-in-tv-con-armando-testa-per-svelare-un-segreto-due-volte-buono\/#primaryimage"},"image":{"@id":"https:\/\/www.armandotesta.it\/it\/crema-pan-di-stelle-torna-in-tv-con-armando-testa-per-svelare-un-segreto-due-volte-buono\/#primaryimage"},"thumbnailUrl":"https:\/\/www.armandotesta.it\/wp-content\/uploads\/2024\/06\/1-7.jpg","datePublished":"2020-09-14T12:00:04+00:00","dateModified":"2024-06-04T13:41:03+00:00","breadcrumb":{"@id":"https:\/\/www.armandotesta.it\/it\/crema-pan-di-stelle-torna-in-tv-con-armando-testa-per-svelare-un-segreto-due-volte-buono\/#breadcrumb"},"inLanguage":"it-IT","potentialAction":[{"@type":"ReadAction","target":["https:\/\/www.armandotesta.it\/it\/crema-pan-di-stelle-torna-in-tv-con-armando-testa-per-svelare-un-segreto-due-volte-buono\/"]}]},{"@type":"ImageObject","inLanguage":"it-IT","@id":"https:\/\/www.armandotesta.it\/it\/crema-pan-di-stelle-torna-in-tv-con-armando-testa-per-svelare-un-segreto-due-volte-buono\/#primaryimage","url":"https:\/\/www.armandotesta.it\/wp-content\/uploads\/2024\/06\/1-7.jpg","contentUrl":"https:\/\/www.armandotesta.it\/wp-content\/uploads\/2024\/06\/1-7.jpg","width":1278,"height":717},{"@type":"BreadcrumbList","@id":"https:\/\/www.armandotesta.it\/it\/crema-pan-di-stelle-torna-in-tv-con-armando-testa-per-svelare-un-segreto-due-volte-buono\/#breadcrumb","itemListElement":[{"@type":"ListItem","position":1,"name":"Home","item":"https:\/\/www.armandotesta.it\/it\/"},{"@type":"ListItem","position":2,"name":"CREMA PAN DI STELLE CON ARMANDO TESTA, PER SVELARE UN SEGRETO DUE VOLTE BUONO"}]},{"@type":"WebSite","@id":"https:\/\/www.armandotesta.it\/it\/#website","url":"https:\/\/www.armandotesta.it\/it\/","name":"Armando Testa","description":"","publisher":{"@id":"https:\/\/www.armandotesta.it\/it\/#organization"},"potentialAction":[{"@type":"SearchAction","target":{"@type":"EntryPoint","urlTemplate":"https:\/\/www.armandotesta.it\/it\/?s={search_term_string}"},"query-input":{"@type":"PropertyValueSpecification","valueRequired":true,"valueName":"search_term_string"}}],"inLanguage":"it-IT"},{"@type":"Organization","@id":"https:\/\/www.armandotesta.it\/it\/#organization","name":"Armando Testa","url":"https:\/\/www.armandotesta.it\/it\/","logo":{"@type":"ImageObject","inLanguage":"it-IT","@id":"https:\/\/www.armandotesta.it\/it\/#\/schema\/logo\/image\/","url":"https:\/\/www.armandotesta.it\/wp-content\/uploads\/2024\/01\/logo-at.png","contentUrl":"https:\/\/www.armandotesta.it\/wp-content\/uploads\/2024\/01\/logo-at.png","width":200,"height":200,"caption":"Armando Testa"},"image":{"@id":"https:\/\/www.armandotesta.it\/it\/#\/schema\/logo\/image\/"}},{"@type":"Person","@id":"https:\/\/www.armandotesta.it\/it\/#\/schema\/person\/46d1d2d167e5f7b857761f0d5183a848","name":"admAT","image":{"@type":"ImageObject","inLanguage":"it-IT","@id":"https:\/\/secure.gravatar.com\/avatar\/9772e708d87105ee06ea2e627102fade92688c33bb2e0083a7a18b56280f7239?s=96&d=mm&r=g","url":"https:\/\/secure.gravatar.com\/avatar\/9772e708d87105ee06ea2e627102fade92688c33bb2e0083a7a18b56280f7239?s=96&d=mm&r=g","contentUrl":"https:\/\/secure.gravatar.com\/avatar\/9772e708d87105ee06ea2e627102fade92688c33bb2e0083a7a18b56280f7239?s=96&d=mm&r=g","caption":"admAT"},"sameAs":["https:\/\/www.armandotesta.it"],"url":"https:\/\/www.armandotesta.it\/it\/author\/admat\/"}]}},"_links":{"self":[{"href":"https:\/\/www.armandotesta.it\/it\/wp-json\/wp\/v2\/posts\/24452","targetHints":{"allow":["GET"]}}],"collection":[{"href":"https:\/\/www.armandotesta.it\/it\/wp-json\/wp\/v2\/posts"}],"about":[{"href":"https:\/\/www.armandotesta.it\/it\/wp-json\/wp\/v2\/types\/post"}],"author":[{"embeddable":true,"href":"https:\/\/www.armandotesta.it\/it\/wp-json\/wp\/v2\/users\/1"}],"replies":[{"embeddable":true,"href":"https:\/\/www.armandotesta.it\/it\/wp-json\/wp\/v2\/comments?post=24452"}],"version-history":[{"count":1,"href":"https:\/\/www.armandotesta.it\/it\/wp-json\/wp\/v2\/posts\/24452\/revisions"}],"predecessor-version":[{"id":25410,"href":"https:\/\/www.armandotesta.it\/it\/wp-json\/wp\/v2\/posts\/24452\/revisions\/25410"}],"wp:featuredmedia":[{"embeddable":true,"href":"https:\/\/www.armandotesta.it\/it\/wp-json\/wp\/v2\/media\/20255"}],"wp:attachment":[{"href":"https:\/\/www.armandotesta.it\/it\/wp-json\/wp\/v2\/media?parent=24452"}],"wp:term":[{"taxonomy":"category","embeddable":true,"href":"https:\/\/www.armandotesta.it\/it\/wp-json\/wp\/v2\/categories?post=24452"},{"taxonomy":"post_tag","embeddable":true,"href":"https:\/\/www.armandotesta.it\/it\/wp-json\/wp\/v2\/tags?post=24452"}],"curies":[{"name":"wp","href":"https:\/\/api.w.org\/{rel}","templated":true}]}}