{"id":24445,"date":"2020-07-16T17:17:30","date_gmt":"2020-07-16T15:17:30","guid":{"rendered":"https:\/\/www.armandotesta.it\/mediaworld-e-il-gruppo-armando-testa-insieme-per-comunicare-il-lancio-del-primo-tech-village-del-mondo\/"},"modified":"2024-06-04T15:41:01","modified_gmt":"2024-06-04T13:41:01","slug":"mediaworld-e-il-gruppo-armando-testa-insieme-per-comunicare-il-lancio-del-primo-tech-village-del-mondo","status":"publish","type":"post","link":"https:\/\/www.armandotesta.it\/it\/mediaworld-e-il-gruppo-armando-testa-insieme-per-comunicare-il-lancio-del-primo-tech-village-del-mondo\/","title":{"rendered":"MEDIAWORLD E IL GRUPPO ARMANDO TESTA INSIEME PER COMUNICARE IL LANCIO DEL PRIMO TECH VILLAGE DEL MONDO"},"content":{"rendered":"\n<p>Oggi viene inaugurato il&nbsp;<strong>MediaWorld Tech Village<\/strong>. Lo store MediaWorld in viale Certosa 29 a Milano \u00e8 stato completamente rinnovato per diventare il primo&nbsp;<strong>tech village<\/strong>&nbsp;del mondo. Per comunicare questo importante lancio, il Gruppo Armando Testa ha studiato una creativit\u00e0 che, coerentemente con una strategia che viene portata avanti da oltre un anno, lavora sulla&nbsp;<strong>\u201cM\u201d di MediaWorld<\/strong>, trasformandola ancora una volta nel simbolo dell\u2019identit\u00e0 e dei valori che caratterizzano il brand.<\/p>\n\n\n\n<p>Cos\u00ec il brand entra a far parte dello skyline milanese: in una posizione di primo piano, proprio accanto ad alcuni dei palazzi pi\u00f9 innovativi della citt\u00e0. Ed \u00e8 proprio questo il messaggio che la campagna vuole comunicare: il&nbsp;<strong>MediaWorld Tech Village<\/strong>&nbsp;non \u00e8 solo un altro negozio MediaWorld, ma \u00e8 una nuova esperienza di shopping tecnologico.&nbsp;<\/p>\n\n\n\n<p>Uno store nel quale, i pi\u00f9 importanti brand del mondo trovano uno spazio espositivo in grado di rappresentarli, e in cui MediaWorld mette a disposizione dei clienti tutta la sua expertise, per fare in modo che chiunque possa trovare la tecnologia fatta apposta per lui.<\/p>\n\n\n\n<p>La campagna \u00e8 on air su affissioni tradizionali e digitali, stampa e web.&nbsp;<\/p>\n\n\n\n<p>Credits<\/p>\n\n\n\n<p>Agenzia: Gruppo Armando Testa<\/p>\n\n\n\n<p>Direzione Creativa: Georgia Ferraro e Nicola Cellemme<\/p>\n\n\n\n<p>Team Creativo: Lorenzo Blangiardo, Andrea Dell\u2019Osa<\/p>\n\n\n\n<figure class=\"wp-block-image\"><img decoding=\"async\" src=\"https:\/\/newsroom.armandotesta.it\/wp-content\/uploads\/2020\/07\/Mediaworld-523x768.jpg\" alt=\"\" class=\"wp-image-4517\"\/><\/figure>\n","protected":false},"excerpt":{"rendered":"<p>Oggi viene inaugurato il&nbsp;MediaWorld Tech Village. Lo store MediaWorld in viale Certosa 29 a Milano \u00e8 stato completamente rinnovato per diventare il primo&nbsp;tech village&nbsp;del mondo. Per comunicare questo importante lancio, il Gruppo Armando Testa ha studiato una creativit\u00e0 che, coerentemente con una strategia che viene portata avanti da oltre un anno, lavora sulla&nbsp;\u201cM\u201d di MediaWorld, [&hellip;]<\/p>\n","protected":false},"author":1,"featured_media":20238,"comment_status":"closed","ping_status":"closed","sticky":false,"template":"","format":"standard","meta":{"_acf_changed":false,"inline_featured_image":false,"footnotes":""},"categories":[],"tags":[],"class_list":["post-24445","post","type-post","status-publish","format-standard","has-post-thumbnail","hentry"],"acf":false,"yoast_head":"<!-- This site is optimized with the Yoast SEO plugin v27.5 - https:\/\/yoast.com\/product\/yoast-seo-wordpress\/ -->\n<title>MEDIAWORLD E IL GRUPPO ARMANDO TESTA INSIEME PER COMUNICARE IL LANCIO DEL PRIMO TECH VILLAGE DEL MONDO - Armando Testa<\/title>\n<meta name=\"robots\" content=\"index, follow, max-snippet:-1, max-image-preview:large, max-video-preview:-1\" \/>\n<link rel=\"canonical\" href=\"https:\/\/www.armandotesta.it\/it\/mediaworld-e-il-gruppo-armando-testa-insieme-per-comunicare-il-lancio-del-primo-tech-village-del-mondo\/\" \/>\n<meta property=\"og:locale\" content=\"it_IT\" \/>\n<meta property=\"og:type\" content=\"article\" \/>\n<meta property=\"og:title\" content=\"MEDIAWORLD E IL GRUPPO ARMANDO TESTA INSIEME PER COMUNICARE IL LANCIO DEL PRIMO TECH VILLAGE DEL MONDO - Armando Testa\" \/>\n<meta property=\"og:description\" content=\"Oggi viene inaugurato il&nbsp;MediaWorld Tech Village. Lo store MediaWorld in viale Certosa 29 a Milano \u00e8 stato completamente rinnovato per diventare il primo&nbsp;tech village&nbsp;del mondo. Per comunicare questo importante lancio, il Gruppo Armando Testa ha studiato una creativit\u00e0 che, coerentemente con una strategia che viene portata avanti da oltre un anno, lavora sulla&nbsp;\u201cM\u201d di MediaWorld, [&hellip;]\" \/>\n<meta property=\"og:url\" content=\"https:\/\/www.armandotesta.it\/it\/mediaworld-e-il-gruppo-armando-testa-insieme-per-comunicare-il-lancio-del-primo-tech-village-del-mondo\/\" \/>\n<meta property=\"og:site_name\" content=\"Armando Testa\" \/>\n<meta property=\"article:published_time\" content=\"2020-07-16T15:17:30+00:00\" \/>\n<meta property=\"article:modified_time\" content=\"2024-06-04T13:41:01+00:00\" \/>\n<meta property=\"og:image\" content=\"https:\/\/www.armandotesta.it\/wp-content\/uploads\/2024\/06\/Mediaworld.jpg\" \/>\n\t<meta property=\"og:image:width\" content=\"1624\" \/>\n\t<meta property=\"og:image:height\" content=\"2385\" \/>\n\t<meta property=\"og:image:type\" content=\"image\/jpeg\" \/>\n<meta name=\"author\" content=\"admAT\" \/>\n<meta name=\"twitter:card\" content=\"summary_large_image\" \/>\n<meta name=\"twitter:label1\" content=\"Scritto da\" \/>\n\t<meta name=\"twitter:data1\" content=\"admAT\" \/>\n\t<meta name=\"twitter:label2\" content=\"Tempo di lettura stimato\" \/>\n\t<meta name=\"twitter:data2\" content=\"1 minuto\" \/>\n<script type=\"application\/ld+json\" class=\"yoast-schema-graph\">{\"@context\":\"https:\\\/\\\/schema.org\",\"@graph\":[{\"@type\":\"Article\",\"@id\":\"https:\\\/\\\/www.armandotesta.it\\\/it\\\/mediaworld-e-il-gruppo-armando-testa-insieme-per-comunicare-il-lancio-del-primo-tech-village-del-mondo\\\/#article\",\"isPartOf\":{\"@id\":\"https:\\\/\\\/www.armandotesta.it\\\/it\\\/mediaworld-e-il-gruppo-armando-testa-insieme-per-comunicare-il-lancio-del-primo-tech-village-del-mondo\\\/\"},\"author\":{\"name\":\"admAT\",\"@id\":\"https:\\\/\\\/www.armandotesta.it\\\/it\\\/#\\\/schema\\\/person\\\/46d1d2d167e5f7b857761f0d5183a848\"},\"headline\":\"MEDIAWORLD E IL GRUPPO ARMANDO TESTA INSIEME PER COMUNICARE IL LANCIO DEL PRIMO TECH VILLAGE DEL MONDO\",\"datePublished\":\"2020-07-16T15:17:30+00:00\",\"dateModified\":\"2024-06-04T13:41:01+00:00\",\"mainEntityOfPage\":{\"@id\":\"https:\\\/\\\/www.armandotesta.it\\\/it\\\/mediaworld-e-il-gruppo-armando-testa-insieme-per-comunicare-il-lancio-del-primo-tech-village-del-mondo\\\/\"},\"wordCount\":226,\"publisher\":{\"@id\":\"https:\\\/\\\/www.armandotesta.it\\\/it\\\/#organization\"},\"image\":{\"@id\":\"https:\\\/\\\/www.armandotesta.it\\\/it\\\/mediaworld-e-il-gruppo-armando-testa-insieme-per-comunicare-il-lancio-del-primo-tech-village-del-mondo\\\/#primaryimage\"},\"thumbnailUrl\":\"https:\\\/\\\/www.armandotesta.it\\\/wp-content\\\/uploads\\\/2024\\\/06\\\/Mediaworld.jpg\",\"inLanguage\":\"it-IT\"},{\"@type\":\"WebPage\",\"@id\":\"https:\\\/\\\/www.armandotesta.it\\\/it\\\/mediaworld-e-il-gruppo-armando-testa-insieme-per-comunicare-il-lancio-del-primo-tech-village-del-mondo\\\/\",\"url\":\"https:\\\/\\\/www.armandotesta.it\\\/it\\\/mediaworld-e-il-gruppo-armando-testa-insieme-per-comunicare-il-lancio-del-primo-tech-village-del-mondo\\\/\",\"name\":\"MEDIAWORLD E IL GRUPPO ARMANDO TESTA INSIEME PER COMUNICARE IL LANCIO DEL PRIMO TECH VILLAGE DEL MONDO - Armando Testa\",\"isPartOf\":{\"@id\":\"https:\\\/\\\/www.armandotesta.it\\\/it\\\/#website\"},\"primaryImageOfPage\":{\"@id\":\"https:\\\/\\\/www.armandotesta.it\\\/it\\\/mediaworld-e-il-gruppo-armando-testa-insieme-per-comunicare-il-lancio-del-primo-tech-village-del-mondo\\\/#primaryimage\"},\"image\":{\"@id\":\"https:\\\/\\\/www.armandotesta.it\\\/it\\\/mediaworld-e-il-gruppo-armando-testa-insieme-per-comunicare-il-lancio-del-primo-tech-village-del-mondo\\\/#primaryimage\"},\"thumbnailUrl\":\"https:\\\/\\\/www.armandotesta.it\\\/wp-content\\\/uploads\\\/2024\\\/06\\\/Mediaworld.jpg\",\"datePublished\":\"2020-07-16T15:17:30+00:00\",\"dateModified\":\"2024-06-04T13:41:01+00:00\",\"breadcrumb\":{\"@id\":\"https:\\\/\\\/www.armandotesta.it\\\/it\\\/mediaworld-e-il-gruppo-armando-testa-insieme-per-comunicare-il-lancio-del-primo-tech-village-del-mondo\\\/#breadcrumb\"},\"inLanguage\":\"it-IT\",\"potentialAction\":[{\"@type\":\"ReadAction\",\"target\":[\"https:\\\/\\\/www.armandotesta.it\\\/it\\\/mediaworld-e-il-gruppo-armando-testa-insieme-per-comunicare-il-lancio-del-primo-tech-village-del-mondo\\\/\"]}]},{\"@type\":\"ImageObject\",\"inLanguage\":\"it-IT\",\"@id\":\"https:\\\/\\\/www.armandotesta.it\\\/it\\\/mediaworld-e-il-gruppo-armando-testa-insieme-per-comunicare-il-lancio-del-primo-tech-village-del-mondo\\\/#primaryimage\",\"url\":\"https:\\\/\\\/www.armandotesta.it\\\/wp-content\\\/uploads\\\/2024\\\/06\\\/Mediaworld.jpg\",\"contentUrl\":\"https:\\\/\\\/www.armandotesta.it\\\/wp-content\\\/uploads\\\/2024\\\/06\\\/Mediaworld.jpg\",\"width\":1624,\"height\":2385},{\"@type\":\"BreadcrumbList\",\"@id\":\"https:\\\/\\\/www.armandotesta.it\\\/it\\\/mediaworld-e-il-gruppo-armando-testa-insieme-per-comunicare-il-lancio-del-primo-tech-village-del-mondo\\\/#breadcrumb\",\"itemListElement\":[{\"@type\":\"ListItem\",\"position\":1,\"name\":\"Home\",\"item\":\"https:\\\/\\\/www.armandotesta.it\\\/it\\\/\"},{\"@type\":\"ListItem\",\"position\":2,\"name\":\"MEDIAWORLD E IL GRUPPO ARMANDO TESTA INSIEME PER COMUNICARE IL LANCIO DEL PRIMO TECH VILLAGE DEL MONDO\"}]},{\"@type\":\"WebSite\",\"@id\":\"https:\\\/\\\/www.armandotesta.it\\\/it\\\/#website\",\"url\":\"https:\\\/\\\/www.armandotesta.it\\\/it\\\/\",\"name\":\"Armando Testa\",\"description\":\"\",\"publisher\":{\"@id\":\"https:\\\/\\\/www.armandotesta.it\\\/it\\\/#organization\"},\"potentialAction\":[{\"@type\":\"SearchAction\",\"target\":{\"@type\":\"EntryPoint\",\"urlTemplate\":\"https:\\\/\\\/www.armandotesta.it\\\/it\\\/?s={search_term_string}\"},\"query-input\":{\"@type\":\"PropertyValueSpecification\",\"valueRequired\":true,\"valueName\":\"search_term_string\"}}],\"inLanguage\":\"it-IT\"},{\"@type\":\"Organization\",\"@id\":\"https:\\\/\\\/www.armandotesta.it\\\/it\\\/#organization\",\"name\":\"Armando Testa\",\"url\":\"https:\\\/\\\/www.armandotesta.it\\\/it\\\/\",\"logo\":{\"@type\":\"ImageObject\",\"inLanguage\":\"it-IT\",\"@id\":\"https:\\\/\\\/www.armandotesta.it\\\/it\\\/#\\\/schema\\\/logo\\\/image\\\/\",\"url\":\"https:\\\/\\\/www.armandotesta.it\\\/wp-content\\\/uploads\\\/2024\\\/01\\\/logo-at.png\",\"contentUrl\":\"https:\\\/\\\/www.armandotesta.it\\\/wp-content\\\/uploads\\\/2024\\\/01\\\/logo-at.png\",\"width\":200,\"height\":200,\"caption\":\"Armando Testa\"},\"image\":{\"@id\":\"https:\\\/\\\/www.armandotesta.it\\\/it\\\/#\\\/schema\\\/logo\\\/image\\\/\"}},{\"@type\":\"Person\",\"@id\":\"https:\\\/\\\/www.armandotesta.it\\\/it\\\/#\\\/schema\\\/person\\\/46d1d2d167e5f7b857761f0d5183a848\",\"name\":\"admAT\",\"image\":{\"@type\":\"ImageObject\",\"inLanguage\":\"it-IT\",\"@id\":\"https:\\\/\\\/secure.gravatar.com\\\/avatar\\\/9772e708d87105ee06ea2e627102fade92688c33bb2e0083a7a18b56280f7239?s=96&d=mm&r=g\",\"url\":\"https:\\\/\\\/secure.gravatar.com\\\/avatar\\\/9772e708d87105ee06ea2e627102fade92688c33bb2e0083a7a18b56280f7239?s=96&d=mm&r=g\",\"contentUrl\":\"https:\\\/\\\/secure.gravatar.com\\\/avatar\\\/9772e708d87105ee06ea2e627102fade92688c33bb2e0083a7a18b56280f7239?s=96&d=mm&r=g\",\"caption\":\"admAT\"},\"sameAs\":[\"https:\\\/\\\/www.armandotesta.it\"],\"url\":\"https:\\\/\\\/www.armandotesta.it\\\/it\\\/author\\\/admat\\\/\"}]}<\/script>\n<!-- \/ Yoast SEO plugin. -->","yoast_head_json":{"title":"MEDIAWORLD E IL GRUPPO ARMANDO TESTA INSIEME PER COMUNICARE IL LANCIO DEL PRIMO TECH VILLAGE DEL MONDO - Armando Testa","robots":{"index":"index","follow":"follow","max-snippet":"max-snippet:-1","max-image-preview":"max-image-preview:large","max-video-preview":"max-video-preview:-1"},"canonical":"https:\/\/www.armandotesta.it\/it\/mediaworld-e-il-gruppo-armando-testa-insieme-per-comunicare-il-lancio-del-primo-tech-village-del-mondo\/","og_locale":"it_IT","og_type":"article","og_title":"MEDIAWORLD E IL GRUPPO ARMANDO TESTA INSIEME PER COMUNICARE IL LANCIO DEL PRIMO TECH VILLAGE DEL MONDO - Armando Testa","og_description":"Oggi viene inaugurato il&nbsp;MediaWorld Tech Village. Lo store MediaWorld in viale Certosa 29 a Milano \u00e8 stato completamente rinnovato per diventare il primo&nbsp;tech village&nbsp;del mondo. Per comunicare questo importante lancio, il Gruppo Armando Testa ha studiato una creativit\u00e0 che, coerentemente con una strategia che viene portata avanti da oltre un anno, lavora sulla&nbsp;\u201cM\u201d di MediaWorld, [&hellip;]","og_url":"https:\/\/www.armandotesta.it\/it\/mediaworld-e-il-gruppo-armando-testa-insieme-per-comunicare-il-lancio-del-primo-tech-village-del-mondo\/","og_site_name":"Armando Testa","article_published_time":"2020-07-16T15:17:30+00:00","article_modified_time":"2024-06-04T13:41:01+00:00","og_image":[{"width":1624,"height":2385,"url":"https:\/\/www.armandotesta.it\/wp-content\/uploads\/2024\/06\/Mediaworld.jpg","type":"image\/jpeg"}],"author":"admAT","twitter_card":"summary_large_image","twitter_misc":{"Scritto da":"admAT","Tempo di lettura stimato":"1 minuto"},"schema":{"@context":"https:\/\/schema.org","@graph":[{"@type":"Article","@id":"https:\/\/www.armandotesta.it\/it\/mediaworld-e-il-gruppo-armando-testa-insieme-per-comunicare-il-lancio-del-primo-tech-village-del-mondo\/#article","isPartOf":{"@id":"https:\/\/www.armandotesta.it\/it\/mediaworld-e-il-gruppo-armando-testa-insieme-per-comunicare-il-lancio-del-primo-tech-village-del-mondo\/"},"author":{"name":"admAT","@id":"https:\/\/www.armandotesta.it\/it\/#\/schema\/person\/46d1d2d167e5f7b857761f0d5183a848"},"headline":"MEDIAWORLD E IL GRUPPO ARMANDO TESTA INSIEME PER COMUNICARE IL LANCIO DEL PRIMO TECH VILLAGE DEL MONDO","datePublished":"2020-07-16T15:17:30+00:00","dateModified":"2024-06-04T13:41:01+00:00","mainEntityOfPage":{"@id":"https:\/\/www.armandotesta.it\/it\/mediaworld-e-il-gruppo-armando-testa-insieme-per-comunicare-il-lancio-del-primo-tech-village-del-mondo\/"},"wordCount":226,"publisher":{"@id":"https:\/\/www.armandotesta.it\/it\/#organization"},"image":{"@id":"https:\/\/www.armandotesta.it\/it\/mediaworld-e-il-gruppo-armando-testa-insieme-per-comunicare-il-lancio-del-primo-tech-village-del-mondo\/#primaryimage"},"thumbnailUrl":"https:\/\/www.armandotesta.it\/wp-content\/uploads\/2024\/06\/Mediaworld.jpg","inLanguage":"it-IT"},{"@type":"WebPage","@id":"https:\/\/www.armandotesta.it\/it\/mediaworld-e-il-gruppo-armando-testa-insieme-per-comunicare-il-lancio-del-primo-tech-village-del-mondo\/","url":"https:\/\/www.armandotesta.it\/it\/mediaworld-e-il-gruppo-armando-testa-insieme-per-comunicare-il-lancio-del-primo-tech-village-del-mondo\/","name":"MEDIAWORLD E IL GRUPPO ARMANDO TESTA INSIEME PER COMUNICARE IL LANCIO DEL PRIMO TECH VILLAGE DEL MONDO - Armando Testa","isPartOf":{"@id":"https:\/\/www.armandotesta.it\/it\/#website"},"primaryImageOfPage":{"@id":"https:\/\/www.armandotesta.it\/it\/mediaworld-e-il-gruppo-armando-testa-insieme-per-comunicare-il-lancio-del-primo-tech-village-del-mondo\/#primaryimage"},"image":{"@id":"https:\/\/www.armandotesta.it\/it\/mediaworld-e-il-gruppo-armando-testa-insieme-per-comunicare-il-lancio-del-primo-tech-village-del-mondo\/#primaryimage"},"thumbnailUrl":"https:\/\/www.armandotesta.it\/wp-content\/uploads\/2024\/06\/Mediaworld.jpg","datePublished":"2020-07-16T15:17:30+00:00","dateModified":"2024-06-04T13:41:01+00:00","breadcrumb":{"@id":"https:\/\/www.armandotesta.it\/it\/mediaworld-e-il-gruppo-armando-testa-insieme-per-comunicare-il-lancio-del-primo-tech-village-del-mondo\/#breadcrumb"},"inLanguage":"it-IT","potentialAction":[{"@type":"ReadAction","target":["https:\/\/www.armandotesta.it\/it\/mediaworld-e-il-gruppo-armando-testa-insieme-per-comunicare-il-lancio-del-primo-tech-village-del-mondo\/"]}]},{"@type":"ImageObject","inLanguage":"it-IT","@id":"https:\/\/www.armandotesta.it\/it\/mediaworld-e-il-gruppo-armando-testa-insieme-per-comunicare-il-lancio-del-primo-tech-village-del-mondo\/#primaryimage","url":"https:\/\/www.armandotesta.it\/wp-content\/uploads\/2024\/06\/Mediaworld.jpg","contentUrl":"https:\/\/www.armandotesta.it\/wp-content\/uploads\/2024\/06\/Mediaworld.jpg","width":1624,"height":2385},{"@type":"BreadcrumbList","@id":"https:\/\/www.armandotesta.it\/it\/mediaworld-e-il-gruppo-armando-testa-insieme-per-comunicare-il-lancio-del-primo-tech-village-del-mondo\/#breadcrumb","itemListElement":[{"@type":"ListItem","position":1,"name":"Home","item":"https:\/\/www.armandotesta.it\/it\/"},{"@type":"ListItem","position":2,"name":"MEDIAWORLD E IL GRUPPO ARMANDO TESTA INSIEME PER COMUNICARE IL LANCIO DEL PRIMO TECH VILLAGE DEL MONDO"}]},{"@type":"WebSite","@id":"https:\/\/www.armandotesta.it\/it\/#website","url":"https:\/\/www.armandotesta.it\/it\/","name":"Armando Testa","description":"","publisher":{"@id":"https:\/\/www.armandotesta.it\/it\/#organization"},"potentialAction":[{"@type":"SearchAction","target":{"@type":"EntryPoint","urlTemplate":"https:\/\/www.armandotesta.it\/it\/?s={search_term_string}"},"query-input":{"@type":"PropertyValueSpecification","valueRequired":true,"valueName":"search_term_string"}}],"inLanguage":"it-IT"},{"@type":"Organization","@id":"https:\/\/www.armandotesta.it\/it\/#organization","name":"Armando Testa","url":"https:\/\/www.armandotesta.it\/it\/","logo":{"@type":"ImageObject","inLanguage":"it-IT","@id":"https:\/\/www.armandotesta.it\/it\/#\/schema\/logo\/image\/","url":"https:\/\/www.armandotesta.it\/wp-content\/uploads\/2024\/01\/logo-at.png","contentUrl":"https:\/\/www.armandotesta.it\/wp-content\/uploads\/2024\/01\/logo-at.png","width":200,"height":200,"caption":"Armando Testa"},"image":{"@id":"https:\/\/www.armandotesta.it\/it\/#\/schema\/logo\/image\/"}},{"@type":"Person","@id":"https:\/\/www.armandotesta.it\/it\/#\/schema\/person\/46d1d2d167e5f7b857761f0d5183a848","name":"admAT","image":{"@type":"ImageObject","inLanguage":"it-IT","@id":"https:\/\/secure.gravatar.com\/avatar\/9772e708d87105ee06ea2e627102fade92688c33bb2e0083a7a18b56280f7239?s=96&d=mm&r=g","url":"https:\/\/secure.gravatar.com\/avatar\/9772e708d87105ee06ea2e627102fade92688c33bb2e0083a7a18b56280f7239?s=96&d=mm&r=g","contentUrl":"https:\/\/secure.gravatar.com\/avatar\/9772e708d87105ee06ea2e627102fade92688c33bb2e0083a7a18b56280f7239?s=96&d=mm&r=g","caption":"admAT"},"sameAs":["https:\/\/www.armandotesta.it"],"url":"https:\/\/www.armandotesta.it\/it\/author\/admat\/"}]}},"_links":{"self":[{"href":"https:\/\/www.armandotesta.it\/it\/wp-json\/wp\/v2\/posts\/24445","targetHints":{"allow":["GET"]}}],"collection":[{"href":"https:\/\/www.armandotesta.it\/it\/wp-json\/wp\/v2\/posts"}],"about":[{"href":"https:\/\/www.armandotesta.it\/it\/wp-json\/wp\/v2\/types\/post"}],"author":[{"embeddable":true,"href":"https:\/\/www.armandotesta.it\/it\/wp-json\/wp\/v2\/users\/1"}],"replies":[{"embeddable":true,"href":"https:\/\/www.armandotesta.it\/it\/wp-json\/wp\/v2\/comments?post=24445"}],"version-history":[{"count":1,"href":"https:\/\/www.armandotesta.it\/it\/wp-json\/wp\/v2\/posts\/24445\/revisions"}],"predecessor-version":[{"id":25403,"href":"https:\/\/www.armandotesta.it\/it\/wp-json\/wp\/v2\/posts\/24445\/revisions\/25403"}],"wp:featuredmedia":[{"embeddable":true,"href":"https:\/\/www.armandotesta.it\/it\/wp-json\/wp\/v2\/media\/20238"}],"wp:attachment":[{"href":"https:\/\/www.armandotesta.it\/it\/wp-json\/wp\/v2\/media?parent=24445"}],"wp:term":[{"taxonomy":"category","embeddable":true,"href":"https:\/\/www.armandotesta.it\/it\/wp-json\/wp\/v2\/categories?post=24445"},{"taxonomy":"post_tag","embeddable":true,"href":"https:\/\/www.armandotesta.it\/it\/wp-json\/wp\/v2\/tags?post=24445"}],"curies":[{"name":"wp","href":"https:\/\/api.w.org\/{rel}","templated":true}]}}