{"id":24444,"date":"2020-07-07T16:54:27","date_gmt":"2020-07-07T14:54:27","guid":{"rendered":"https:\/\/www.armandotesta.it\/tescoma-sceglie-armando-testa-il-meglio-per-la-casa-ha-trovato-casa\/"},"modified":"2024-06-04T15:41:00","modified_gmt":"2024-06-04T13:41:00","slug":"tescoma-sceglie-armando-testa-il-meglio-per-la-casa-ha-trovato-casa","status":"publish","type":"post","link":"https:\/\/www.armandotesta.it\/it\/tescoma-sceglie-armando-testa-il-meglio-per-la-casa-ha-trovato-casa\/","title":{"rendered":"TESCOMA SCEGLIE ARMANDO TESTA: IL MEGLIO PER LA CASA HA TROVATO CASA"},"content":{"rendered":"\n<p>Tescoma, leader italiano nel mercato degli utensili da cucina e della cura per la casa, nell\u2019ottica di consolidare e migliorare ulteriormente il suo posizionamento, decide di affidare tutta la sua futura comunicazione al Gruppo Armando Testa. Un progetto ad amplissimo raggio che includer\u00e0 una nuova strategia di brand, comunicazione atl, btl, progetti digital e di e-commerce.<\/p>\n\n\n\n<p>&nbsp;Un incontro nato appena prima del lockdown che ha da subito stabilito una fortissima affinit\u00e0 elettiva, tanto che si \u00e8 deciso di costituire un team di lavoro agenzia-cliente per capitalizzare al meglio sui rispettivi know how. \u201cVolevamo una squadra che fosse estremamente competitiva, per questo abbiamo coinvolto immediatamente AT brain, la nostra fonte di analisi di big e small data, gli strategic planner e la direzione creativa pi\u00f9 food oriented dell\u2019agenzia\u201d dichiara Benedetta Buzzoni, responsabile new business del Gruppo Armando Testa.<\/p>\n\n\n\n<p>\u201cTescoma \u00e8 riconosciuta come leader di mercato, \u00e8 un\u2019azienda moderna e innovativa, per questo abbiamo deciso di affidarci all\u2019agenzia leader nella comunicazione, un sodalizio dal quale ci aspettiamo nascano splendidi progetti e grandi risultati\u201d ha dichiarato Nicoletta Abeni, responsabile marketing e comunicazione di Tescoma S.p.A.<\/p>\n\n\n\n<p>E Nicola Belli, Consigliere Delegato del Gruppo Armando Testa, aggiunge: \u201cTescoma ha tutte le caratteristiche per essere sempre di pi\u00f9 un vero e proprio lovebrand, e in Armando Testa, come in una gigantesca creativity kitchen, la fiamma \u00e8 gi\u00e0 accesa.\u201d<\/p>\n","protected":false},"excerpt":{"rendered":"<p>Tescoma, leader italiano nel mercato degli utensili da cucina e della cura per la casa, nell\u2019ottica di consolidare e migliorare ulteriormente il suo posizionamento, decide di affidare tutta la sua futura comunicazione al Gruppo Armando Testa. Un progetto ad amplissimo raggio che includer\u00e0 una nuova strategia di brand, comunicazione atl, btl, progetti digital e di [&hellip;]<\/p>\n","protected":false},"author":1,"featured_media":20236,"comment_status":"closed","ping_status":"closed","sticky":false,"template":"","format":"standard","meta":{"_acf_changed":false,"inline_featured_image":false,"footnotes":""},"categories":[],"tags":[],"class_list":["post-24444","post","type-post","status-publish","format-standard","has-post-thumbnail","hentry"],"acf":false,"yoast_head":"<!-- This site is optimized with the Yoast SEO plugin v27.5 - https:\/\/yoast.com\/product\/yoast-seo-wordpress\/ -->\n<title>TESCOMA SCEGLIE ARMANDO TESTA: IL MEGLIO PER LA CASA HA TROVATO CASA - Armando Testa<\/title>\n<meta name=\"robots\" content=\"index, follow, max-snippet:-1, max-image-preview:large, max-video-preview:-1\" \/>\n<link rel=\"canonical\" href=\"https:\/\/www.armandotesta.it\/it\/tescoma-sceglie-armando-testa-il-meglio-per-la-casa-ha-trovato-casa\/\" \/>\n<meta property=\"og:locale\" content=\"it_IT\" \/>\n<meta property=\"og:type\" content=\"article\" \/>\n<meta property=\"og:title\" content=\"TESCOMA SCEGLIE ARMANDO TESTA: IL MEGLIO PER LA CASA HA TROVATO CASA - Armando Testa\" \/>\n<meta property=\"og:description\" content=\"Tescoma, leader italiano nel mercato degli utensili da cucina e della cura per la casa, nell\u2019ottica di consolidare e migliorare ulteriormente il suo posizionamento, decide di affidare tutta la sua futura comunicazione al Gruppo Armando Testa. Un progetto ad amplissimo raggio che includer\u00e0 una nuova strategia di brand, comunicazione atl, btl, progetti digital e di [&hellip;]\" \/>\n<meta property=\"og:url\" content=\"https:\/\/www.armandotesta.it\/it\/tescoma-sceglie-armando-testa-il-meglio-per-la-casa-ha-trovato-casa\/\" \/>\n<meta property=\"og:site_name\" content=\"Armando Testa\" \/>\n<meta property=\"article:published_time\" content=\"2020-07-07T14:54:27+00:00\" \/>\n<meta property=\"article:modified_time\" content=\"2024-06-04T13:41:00+00:00\" \/>\n<meta property=\"og:image\" content=\"https:\/\/www.armandotesta.it\/wp-content\/uploads\/2024\/06\/logo-tescoma-scaled.jpg\" \/>\n\t<meta property=\"og:image:width\" content=\"2560\" \/>\n\t<meta property=\"og:image:height\" content=\"640\" \/>\n\t<meta property=\"og:image:type\" content=\"image\/jpeg\" \/>\n<meta name=\"author\" content=\"admAT\" \/>\n<meta name=\"twitter:card\" content=\"summary_large_image\" \/>\n<meta name=\"twitter:label1\" content=\"Scritto da\" \/>\n\t<meta name=\"twitter:data1\" content=\"admAT\" \/>\n\t<meta name=\"twitter:label2\" content=\"Tempo di lettura stimato\" \/>\n\t<meta name=\"twitter:data2\" content=\"1 minuto\" \/>\n<script type=\"application\/ld+json\" class=\"yoast-schema-graph\">{\"@context\":\"https:\\\/\\\/schema.org\",\"@graph\":[{\"@type\":\"Article\",\"@id\":\"https:\\\/\\\/www.armandotesta.it\\\/it\\\/tescoma-sceglie-armando-testa-il-meglio-per-la-casa-ha-trovato-casa\\\/#article\",\"isPartOf\":{\"@id\":\"https:\\\/\\\/www.armandotesta.it\\\/it\\\/tescoma-sceglie-armando-testa-il-meglio-per-la-casa-ha-trovato-casa\\\/\"},\"author\":{\"name\":\"admAT\",\"@id\":\"https:\\\/\\\/www.armandotesta.it\\\/it\\\/#\\\/schema\\\/person\\\/46d1d2d167e5f7b857761f0d5183a848\"},\"headline\":\"TESCOMA SCEGLIE ARMANDO TESTA: IL MEGLIO PER LA CASA HA TROVATO CASA\",\"datePublished\":\"2020-07-07T14:54:27+00:00\",\"dateModified\":\"2024-06-04T13:41:00+00:00\",\"mainEntityOfPage\":{\"@id\":\"https:\\\/\\\/www.armandotesta.it\\\/it\\\/tescoma-sceglie-armando-testa-il-meglio-per-la-casa-ha-trovato-casa\\\/\"},\"wordCount\":237,\"publisher\":{\"@id\":\"https:\\\/\\\/www.armandotesta.it\\\/it\\\/#organization\"},\"image\":{\"@id\":\"https:\\\/\\\/www.armandotesta.it\\\/it\\\/tescoma-sceglie-armando-testa-il-meglio-per-la-casa-ha-trovato-casa\\\/#primaryimage\"},\"thumbnailUrl\":\"https:\\\/\\\/www.armandotesta.it\\\/wp-content\\\/uploads\\\/2024\\\/06\\\/logo-tescoma-scaled.jpg\",\"inLanguage\":\"it-IT\"},{\"@type\":\"WebPage\",\"@id\":\"https:\\\/\\\/www.armandotesta.it\\\/it\\\/tescoma-sceglie-armando-testa-il-meglio-per-la-casa-ha-trovato-casa\\\/\",\"url\":\"https:\\\/\\\/www.armandotesta.it\\\/it\\\/tescoma-sceglie-armando-testa-il-meglio-per-la-casa-ha-trovato-casa\\\/\",\"name\":\"TESCOMA SCEGLIE ARMANDO TESTA: IL MEGLIO PER LA CASA HA TROVATO CASA - Armando Testa\",\"isPartOf\":{\"@id\":\"https:\\\/\\\/www.armandotesta.it\\\/it\\\/#website\"},\"primaryImageOfPage\":{\"@id\":\"https:\\\/\\\/www.armandotesta.it\\\/it\\\/tescoma-sceglie-armando-testa-il-meglio-per-la-casa-ha-trovato-casa\\\/#primaryimage\"},\"image\":{\"@id\":\"https:\\\/\\\/www.armandotesta.it\\\/it\\\/tescoma-sceglie-armando-testa-il-meglio-per-la-casa-ha-trovato-casa\\\/#primaryimage\"},\"thumbnailUrl\":\"https:\\\/\\\/www.armandotesta.it\\\/wp-content\\\/uploads\\\/2024\\\/06\\\/logo-tescoma-scaled.jpg\",\"datePublished\":\"2020-07-07T14:54:27+00:00\",\"dateModified\":\"2024-06-04T13:41:00+00:00\",\"breadcrumb\":{\"@id\":\"https:\\\/\\\/www.armandotesta.it\\\/it\\\/tescoma-sceglie-armando-testa-il-meglio-per-la-casa-ha-trovato-casa\\\/#breadcrumb\"},\"inLanguage\":\"it-IT\",\"potentialAction\":[{\"@type\":\"ReadAction\",\"target\":[\"https:\\\/\\\/www.armandotesta.it\\\/it\\\/tescoma-sceglie-armando-testa-il-meglio-per-la-casa-ha-trovato-casa\\\/\"]}]},{\"@type\":\"ImageObject\",\"inLanguage\":\"it-IT\",\"@id\":\"https:\\\/\\\/www.armandotesta.it\\\/it\\\/tescoma-sceglie-armando-testa-il-meglio-per-la-casa-ha-trovato-casa\\\/#primaryimage\",\"url\":\"https:\\\/\\\/www.armandotesta.it\\\/wp-content\\\/uploads\\\/2024\\\/06\\\/logo-tescoma-scaled.jpg\",\"contentUrl\":\"https:\\\/\\\/www.armandotesta.it\\\/wp-content\\\/uploads\\\/2024\\\/06\\\/logo-tescoma-scaled.jpg\",\"width\":2560,\"height\":640},{\"@type\":\"BreadcrumbList\",\"@id\":\"https:\\\/\\\/www.armandotesta.it\\\/it\\\/tescoma-sceglie-armando-testa-il-meglio-per-la-casa-ha-trovato-casa\\\/#breadcrumb\",\"itemListElement\":[{\"@type\":\"ListItem\",\"position\":1,\"name\":\"Home\",\"item\":\"https:\\\/\\\/www.armandotesta.it\\\/it\\\/\"},{\"@type\":\"ListItem\",\"position\":2,\"name\":\"TESCOMA SCEGLIE ARMANDO TESTA: IL MEGLIO PER LA CASA HA TROVATO CASA\"}]},{\"@type\":\"WebSite\",\"@id\":\"https:\\\/\\\/www.armandotesta.it\\\/it\\\/#website\",\"url\":\"https:\\\/\\\/www.armandotesta.it\\\/it\\\/\",\"name\":\"Armando Testa\",\"description\":\"\",\"publisher\":{\"@id\":\"https:\\\/\\\/www.armandotesta.it\\\/it\\\/#organization\"},\"potentialAction\":[{\"@type\":\"SearchAction\",\"target\":{\"@type\":\"EntryPoint\",\"urlTemplate\":\"https:\\\/\\\/www.armandotesta.it\\\/it\\\/?s={search_term_string}\"},\"query-input\":{\"@type\":\"PropertyValueSpecification\",\"valueRequired\":true,\"valueName\":\"search_term_string\"}}],\"inLanguage\":\"it-IT\"},{\"@type\":\"Organization\",\"@id\":\"https:\\\/\\\/www.armandotesta.it\\\/it\\\/#organization\",\"name\":\"Armando Testa\",\"url\":\"https:\\\/\\\/www.armandotesta.it\\\/it\\\/\",\"logo\":{\"@type\":\"ImageObject\",\"inLanguage\":\"it-IT\",\"@id\":\"https:\\\/\\\/www.armandotesta.it\\\/it\\\/#\\\/schema\\\/logo\\\/image\\\/\",\"url\":\"https:\\\/\\\/www.armandotesta.it\\\/wp-content\\\/uploads\\\/2024\\\/01\\\/logo-at.png\",\"contentUrl\":\"https:\\\/\\\/www.armandotesta.it\\\/wp-content\\\/uploads\\\/2024\\\/01\\\/logo-at.png\",\"width\":200,\"height\":200,\"caption\":\"Armando Testa\"},\"image\":{\"@id\":\"https:\\\/\\\/www.armandotesta.it\\\/it\\\/#\\\/schema\\\/logo\\\/image\\\/\"}},{\"@type\":\"Person\",\"@id\":\"https:\\\/\\\/www.armandotesta.it\\\/it\\\/#\\\/schema\\\/person\\\/46d1d2d167e5f7b857761f0d5183a848\",\"name\":\"admAT\",\"image\":{\"@type\":\"ImageObject\",\"inLanguage\":\"it-IT\",\"@id\":\"https:\\\/\\\/secure.gravatar.com\\\/avatar\\\/9772e708d87105ee06ea2e627102fade92688c33bb2e0083a7a18b56280f7239?s=96&d=mm&r=g\",\"url\":\"https:\\\/\\\/secure.gravatar.com\\\/avatar\\\/9772e708d87105ee06ea2e627102fade92688c33bb2e0083a7a18b56280f7239?s=96&d=mm&r=g\",\"contentUrl\":\"https:\\\/\\\/secure.gravatar.com\\\/avatar\\\/9772e708d87105ee06ea2e627102fade92688c33bb2e0083a7a18b56280f7239?s=96&d=mm&r=g\",\"caption\":\"admAT\"},\"sameAs\":[\"https:\\\/\\\/www.armandotesta.it\"],\"url\":\"https:\\\/\\\/www.armandotesta.it\\\/it\\\/author\\\/admat\\\/\"}]}<\/script>\n<!-- \/ Yoast SEO plugin. -->","yoast_head_json":{"title":"TESCOMA SCEGLIE ARMANDO TESTA: IL MEGLIO PER LA CASA HA TROVATO CASA - Armando Testa","robots":{"index":"index","follow":"follow","max-snippet":"max-snippet:-1","max-image-preview":"max-image-preview:large","max-video-preview":"max-video-preview:-1"},"canonical":"https:\/\/www.armandotesta.it\/it\/tescoma-sceglie-armando-testa-il-meglio-per-la-casa-ha-trovato-casa\/","og_locale":"it_IT","og_type":"article","og_title":"TESCOMA SCEGLIE ARMANDO TESTA: IL MEGLIO PER LA CASA HA TROVATO CASA - Armando Testa","og_description":"Tescoma, leader italiano nel mercato degli utensili da cucina e della cura per la casa, nell\u2019ottica di consolidare e migliorare ulteriormente il suo posizionamento, decide di affidare tutta la sua futura comunicazione al Gruppo Armando Testa. Un progetto ad amplissimo raggio che includer\u00e0 una nuova strategia di brand, comunicazione atl, btl, progetti digital e di [&hellip;]","og_url":"https:\/\/www.armandotesta.it\/it\/tescoma-sceglie-armando-testa-il-meglio-per-la-casa-ha-trovato-casa\/","og_site_name":"Armando Testa","article_published_time":"2020-07-07T14:54:27+00:00","article_modified_time":"2024-06-04T13:41:00+00:00","og_image":[{"width":2560,"height":640,"url":"https:\/\/www.armandotesta.it\/wp-content\/uploads\/2024\/06\/logo-tescoma-scaled.jpg","type":"image\/jpeg"}],"author":"admAT","twitter_card":"summary_large_image","twitter_misc":{"Scritto da":"admAT","Tempo di lettura stimato":"1 minuto"},"schema":{"@context":"https:\/\/schema.org","@graph":[{"@type":"Article","@id":"https:\/\/www.armandotesta.it\/it\/tescoma-sceglie-armando-testa-il-meglio-per-la-casa-ha-trovato-casa\/#article","isPartOf":{"@id":"https:\/\/www.armandotesta.it\/it\/tescoma-sceglie-armando-testa-il-meglio-per-la-casa-ha-trovato-casa\/"},"author":{"name":"admAT","@id":"https:\/\/www.armandotesta.it\/it\/#\/schema\/person\/46d1d2d167e5f7b857761f0d5183a848"},"headline":"TESCOMA SCEGLIE ARMANDO TESTA: IL MEGLIO PER LA CASA HA TROVATO CASA","datePublished":"2020-07-07T14:54:27+00:00","dateModified":"2024-06-04T13:41:00+00:00","mainEntityOfPage":{"@id":"https:\/\/www.armandotesta.it\/it\/tescoma-sceglie-armando-testa-il-meglio-per-la-casa-ha-trovato-casa\/"},"wordCount":237,"publisher":{"@id":"https:\/\/www.armandotesta.it\/it\/#organization"},"image":{"@id":"https:\/\/www.armandotesta.it\/it\/tescoma-sceglie-armando-testa-il-meglio-per-la-casa-ha-trovato-casa\/#primaryimage"},"thumbnailUrl":"https:\/\/www.armandotesta.it\/wp-content\/uploads\/2024\/06\/logo-tescoma-scaled.jpg","inLanguage":"it-IT"},{"@type":"WebPage","@id":"https:\/\/www.armandotesta.it\/it\/tescoma-sceglie-armando-testa-il-meglio-per-la-casa-ha-trovato-casa\/","url":"https:\/\/www.armandotesta.it\/it\/tescoma-sceglie-armando-testa-il-meglio-per-la-casa-ha-trovato-casa\/","name":"TESCOMA SCEGLIE ARMANDO TESTA: IL MEGLIO PER LA CASA HA TROVATO CASA - Armando Testa","isPartOf":{"@id":"https:\/\/www.armandotesta.it\/it\/#website"},"primaryImageOfPage":{"@id":"https:\/\/www.armandotesta.it\/it\/tescoma-sceglie-armando-testa-il-meglio-per-la-casa-ha-trovato-casa\/#primaryimage"},"image":{"@id":"https:\/\/www.armandotesta.it\/it\/tescoma-sceglie-armando-testa-il-meglio-per-la-casa-ha-trovato-casa\/#primaryimage"},"thumbnailUrl":"https:\/\/www.armandotesta.it\/wp-content\/uploads\/2024\/06\/logo-tescoma-scaled.jpg","datePublished":"2020-07-07T14:54:27+00:00","dateModified":"2024-06-04T13:41:00+00:00","breadcrumb":{"@id":"https:\/\/www.armandotesta.it\/it\/tescoma-sceglie-armando-testa-il-meglio-per-la-casa-ha-trovato-casa\/#breadcrumb"},"inLanguage":"it-IT","potentialAction":[{"@type":"ReadAction","target":["https:\/\/www.armandotesta.it\/it\/tescoma-sceglie-armando-testa-il-meglio-per-la-casa-ha-trovato-casa\/"]}]},{"@type":"ImageObject","inLanguage":"it-IT","@id":"https:\/\/www.armandotesta.it\/it\/tescoma-sceglie-armando-testa-il-meglio-per-la-casa-ha-trovato-casa\/#primaryimage","url":"https:\/\/www.armandotesta.it\/wp-content\/uploads\/2024\/06\/logo-tescoma-scaled.jpg","contentUrl":"https:\/\/www.armandotesta.it\/wp-content\/uploads\/2024\/06\/logo-tescoma-scaled.jpg","width":2560,"height":640},{"@type":"BreadcrumbList","@id":"https:\/\/www.armandotesta.it\/it\/tescoma-sceglie-armando-testa-il-meglio-per-la-casa-ha-trovato-casa\/#breadcrumb","itemListElement":[{"@type":"ListItem","position":1,"name":"Home","item":"https:\/\/www.armandotesta.it\/it\/"},{"@type":"ListItem","position":2,"name":"TESCOMA SCEGLIE ARMANDO TESTA: IL MEGLIO PER LA CASA HA TROVATO CASA"}]},{"@type":"WebSite","@id":"https:\/\/www.armandotesta.it\/it\/#website","url":"https:\/\/www.armandotesta.it\/it\/","name":"Armando Testa","description":"","publisher":{"@id":"https:\/\/www.armandotesta.it\/it\/#organization"},"potentialAction":[{"@type":"SearchAction","target":{"@type":"EntryPoint","urlTemplate":"https:\/\/www.armandotesta.it\/it\/?s={search_term_string}"},"query-input":{"@type":"PropertyValueSpecification","valueRequired":true,"valueName":"search_term_string"}}],"inLanguage":"it-IT"},{"@type":"Organization","@id":"https:\/\/www.armandotesta.it\/it\/#organization","name":"Armando Testa","url":"https:\/\/www.armandotesta.it\/it\/","logo":{"@type":"ImageObject","inLanguage":"it-IT","@id":"https:\/\/www.armandotesta.it\/it\/#\/schema\/logo\/image\/","url":"https:\/\/www.armandotesta.it\/wp-content\/uploads\/2024\/01\/logo-at.png","contentUrl":"https:\/\/www.armandotesta.it\/wp-content\/uploads\/2024\/01\/logo-at.png","width":200,"height":200,"caption":"Armando Testa"},"image":{"@id":"https:\/\/www.armandotesta.it\/it\/#\/schema\/logo\/image\/"}},{"@type":"Person","@id":"https:\/\/www.armandotesta.it\/it\/#\/schema\/person\/46d1d2d167e5f7b857761f0d5183a848","name":"admAT","image":{"@type":"ImageObject","inLanguage":"it-IT","@id":"https:\/\/secure.gravatar.com\/avatar\/9772e708d87105ee06ea2e627102fade92688c33bb2e0083a7a18b56280f7239?s=96&d=mm&r=g","url":"https:\/\/secure.gravatar.com\/avatar\/9772e708d87105ee06ea2e627102fade92688c33bb2e0083a7a18b56280f7239?s=96&d=mm&r=g","contentUrl":"https:\/\/secure.gravatar.com\/avatar\/9772e708d87105ee06ea2e627102fade92688c33bb2e0083a7a18b56280f7239?s=96&d=mm&r=g","caption":"admAT"},"sameAs":["https:\/\/www.armandotesta.it"],"url":"https:\/\/www.armandotesta.it\/it\/author\/admat\/"}]}},"_links":{"self":[{"href":"https:\/\/www.armandotesta.it\/it\/wp-json\/wp\/v2\/posts\/24444","targetHints":{"allow":["GET"]}}],"collection":[{"href":"https:\/\/www.armandotesta.it\/it\/wp-json\/wp\/v2\/posts"}],"about":[{"href":"https:\/\/www.armandotesta.it\/it\/wp-json\/wp\/v2\/types\/post"}],"author":[{"embeddable":true,"href":"https:\/\/www.armandotesta.it\/it\/wp-json\/wp\/v2\/users\/1"}],"replies":[{"embeddable":true,"href":"https:\/\/www.armandotesta.it\/it\/wp-json\/wp\/v2\/comments?post=24444"}],"version-history":[{"count":1,"href":"https:\/\/www.armandotesta.it\/it\/wp-json\/wp\/v2\/posts\/24444\/revisions"}],"predecessor-version":[{"id":25402,"href":"https:\/\/www.armandotesta.it\/it\/wp-json\/wp\/v2\/posts\/24444\/revisions\/25402"}],"wp:featuredmedia":[{"embeddable":true,"href":"https:\/\/www.armandotesta.it\/it\/wp-json\/wp\/v2\/media\/20236"}],"wp:attachment":[{"href":"https:\/\/www.armandotesta.it\/it\/wp-json\/wp\/v2\/media?parent=24444"}],"wp:term":[{"taxonomy":"category","embeddable":true,"href":"https:\/\/www.armandotesta.it\/it\/wp-json\/wp\/v2\/categories?post=24444"},{"taxonomy":"post_tag","embeddable":true,"href":"https:\/\/www.armandotesta.it\/it\/wp-json\/wp\/v2\/tags?post=24444"}],"curies":[{"name":"wp","href":"https:\/\/api.w.org\/{rel}","templated":true}]}}