{"id":24433,"date":"2020-06-29T15:00:41","date_gmt":"2020-06-29T13:00:41","guid":{"rendered":"https:\/\/www.armandotesta.it\/yamaha-motor-europe-e-armando-testa-fanno-viaggiare-nel-tempo-la-nuova-yamaha-tenere-700-rally-edition\/"},"modified":"2024-06-04T15:40:58","modified_gmt":"2024-06-04T13:40:58","slug":"yamaha-motor-europe-e-armando-testa-fanno-viaggiare-nel-tempo-la-nuova-yamaha-tenere-700-rally-edition","status":"publish","type":"post","link":"https:\/\/www.armandotesta.it\/it\/yamaha-motor-europe-e-armando-testa-fanno-viaggiare-nel-tempo-la-nuova-yamaha-tenere-700-rally-edition\/","title":{"rendered":"YAMAHA MOTOR EUROPE E ARMANDO TESTA FANNO VIAGGIARE NEL TEMPO LA NUOVA YAMAHA T\u00c9N\u00c9R\u00c9 700 RALLY EDITION"},"content":{"rendered":"\n<p>Un\u2019avventura nel deserto si trasforma in un viaggio nel tempo. \u00c8 quello che avviene nella nuova campagna Yamaha \u201c<strong>Timeless Horizon\u201d&nbsp;<\/strong>firmata&nbsp;<strong>Armando Testa<\/strong>&nbsp;per la nuova&nbsp;<strong>T\u00e9n\u00e9r\u00e9 700 Rally Edition<\/strong>. L\u2019ultima nata del segmento Adventure ci porta con s\u00e9 attraverso l\u2019orizzonte, in un viaggio lungo quasi 40 anni.<\/p>\n\n\n\n<p>Il film si apre con l\u2019autentica XT500 di Serge Bacou con cui ha corso l\u2019iconica&nbsp;<strong>Parigi-Dakar dell\u201981,&nbsp;<\/strong>una leggenda rimasta nel cuore degli amanti del fuoristrada<strong>,<\/strong>&nbsp;che sfreccia e derapa nel deserto e arriva a noi in un lampo, trasformata nella nuova&nbsp;<strong>T\u00e9n\u00e9r\u00e9 700 Rally Edition<\/strong>, che si ispira alla livrea della moto storica, come se avesse attraversato un orizzonte spazio-temporale.&nbsp;<\/p>\n\n\n\n<p>La leggenda continua.<\/p>\n\n\n\n<p>Il film, girato in Marocco e pianificato sul web, \u00e8 stato prodotto da<strong>&nbsp;Little Bull Studios<\/strong>, cdp interna al Gruppo. Per lo styling originale si ringrazia il&nbsp;<strong>Dune Motor Museum di Monza.<\/strong><\/p>\n\n\n\n<p>Credits:<\/p>\n\n\n\n<p>Agenzia: Gruppo Armando Testa<\/p>\n\n\n\n<p>Direzione Creativa: Georgia Ferraro, Nicola Cellemme<\/p>\n\n\n\n<p>Creative Team:&nbsp;Sebastien Sardet, Alice Franco<\/p>\n\n\n\n<p>Client Service Team: Sascha Van Der Plas, Nicoletta Pittino<\/p>\n\n\n\n<p>Cdp: Little Bull Studios<\/p>\n\n\n\n<p>Registi: Di\u2219AL&nbsp;<\/p>\n\n\n\n<p>DoP: Diego Indraccolo<\/p>\n\n\n\n<p>Musica: HZN SOUND &#8211; Sarah Eisenfisz<\/p>\n\n\n\n<p>SFX: Guido Smider<\/p>\n\n\n\n<p>CGI e Color Correction: BAND<\/p>\n\n\n\n<p>Styling: Silvia Capra<\/p>\n\n\n\n<p>Fotografo: Marco Campelli<\/p>\n\n\n\n<p>Post produzione: Sara Lucchetta<\/p>\n\n\n\n<ul class=\"wp-block-gallery columns-3 is-cropped wp-block-gallery-1 is-layout-flex wp-block-gallery-is-layout-flex\"><li class=\"blocks-gallery-item\"><figure><img decoding=\"async\" src=\"https:\/\/newsroom.armandotesta.it\/wp-content\/uploads\/2020\/06\/5-1024x577.jpg\" alt=\"\" data-id=\"4481\" data-link=\"https:\/\/newsroom.armandotesta.it\/it\/?attachment_id=4481\" class=\"wp-image-4481\"\/><\/figure><\/li><li class=\"blocks-gallery-item\"><figure><img decoding=\"async\" src=\"https:\/\/newsroom.armandotesta.it\/wp-content\/uploads\/2020\/06\/4-1-1024x577.jpg\" alt=\"\" data-id=\"4480\" data-link=\"https:\/\/newsroom.armandotesta.it\/it\/?attachment_id=4480\" class=\"wp-image-4480\"\/><\/figure><\/li><li class=\"blocks-gallery-item\"><figure><img decoding=\"async\" src=\"https:\/\/newsroom.armandotesta.it\/wp-content\/uploads\/2020\/06\/2-1-1024x577.jpg\" alt=\"\" data-id=\"4478\" data-link=\"https:\/\/newsroom.armandotesta.it\/it\/?attachment_id=4478\" class=\"wp-image-4478\"\/><\/figure><\/li><li class=\"blocks-gallery-item\"><figure><img decoding=\"async\" src=\"https:\/\/newsroom.armandotesta.it\/wp-content\/uploads\/2020\/06\/3-1-1024x577.jpg\" alt=\"\" data-id=\"4479\" data-link=\"https:\/\/newsroom.armandotesta.it\/it\/?attachment_id=4479\" class=\"wp-image-4479\"\/><\/figure><\/li><li class=\"blocks-gallery-item\"><figure><img decoding=\"async\" src=\"https:\/\/newsroom.armandotesta.it\/wp-content\/uploads\/2020\/06\/1-1-1024x577.jpg\" alt=\"\" data-id=\"4477\" data-link=\"https:\/\/newsroom.armandotesta.it\/it\/?attachment_id=4477\" class=\"wp-image-4477\"\/><\/figure><\/li><li class=\"blocks-gallery-item\"><figure><img decoding=\"async\" src=\"https:\/\/newsroom.armandotesta.it\/wp-content\/uploads\/2020\/06\/2020_TENERE_print1706-543x768.jpg\" alt=\"\" data-id=\"4476\" data-link=\"https:\/\/newsroom.armandotesta.it\/it\/?attachment_id=4476\" class=\"wp-image-4476\"\/><\/figure><\/li><\/ul>\n\n\n\n<figure class=\"wp-block-embed-youtube wp-block-embed is-type-video is-provider-youtube wp-embed-aspect-16-9 wp-has-aspect-ratio\"><div class=\"wp-block-embed__wrapper\">\n<iframe loading=\"lazy\" title=\"2020 Yamaha T\u00e9n\u00e9r\u00e9 700 Rally Edition. Timeless horizon.\" width=\"500\" height=\"281\" src=\"https:\/\/www.youtube.com\/embed\/0FgUhRb5hSo?feature=oembed\" frameborder=\"0\" allow=\"accelerometer; autoplay; clipboard-write; encrypted-media; gyroscope; picture-in-picture; web-share\" referrerpolicy=\"strict-origin-when-cross-origin\" allowfullscreen><\/iframe>\n<\/div><\/figure>\n","protected":false},"excerpt":{"rendered":"<p>Un\u2019avventura nel deserto si trasforma in un viaggio nel tempo. \u00c8 quello che avviene nella nuova campagna Yamaha \u201cTimeless Horizon\u201d&nbsp;firmata&nbsp;Armando Testa&nbsp;per la nuova&nbsp;T\u00e9n\u00e9r\u00e9 700 Rally Edition. L\u2019ultima nata del segmento Adventure ci porta con s\u00e9 attraverso l\u2019orizzonte, in un viaggio lungo quasi 40 anni. Il film si apre con l\u2019autentica XT500 di Serge Bacou con [&hellip;]<\/p>\n","protected":false},"author":1,"featured_media":20231,"comment_status":"closed","ping_status":"closed","sticky":false,"template":"","format":"standard","meta":{"_acf_changed":false,"inline_featured_image":false,"footnotes":""},"categories":[],"tags":[],"class_list":["post-24433","post","type-post","status-publish","format-standard","has-post-thumbnail","hentry"],"acf":false,"yoast_head":"<!-- This site is optimized with the Yoast SEO plugin v27.5 - https:\/\/yoast.com\/product\/yoast-seo-wordpress\/ -->\n<title>YAMAHA MOTOR EUROPE E ARMANDO TESTA FANNO VIAGGIARE NEL TEMPO LA NUOVA YAMAHA T\u00c9N\u00c9R\u00c9 700 RALLY EDITION - Armando Testa<\/title>\n<meta name=\"robots\" content=\"index, follow, max-snippet:-1, max-image-preview:large, max-video-preview:-1\" \/>\n<link rel=\"canonical\" href=\"https:\/\/www.armandotesta.it\/it\/yamaha-motor-europe-e-armando-testa-fanno-viaggiare-nel-tempo-la-nuova-yamaha-tenere-700-rally-edition\/\" \/>\n<meta property=\"og:locale\" content=\"it_IT\" \/>\n<meta property=\"og:type\" content=\"article\" \/>\n<meta property=\"og:title\" content=\"YAMAHA MOTOR EUROPE E ARMANDO TESTA FANNO VIAGGIARE NEL TEMPO LA NUOVA YAMAHA T\u00c9N\u00c9R\u00c9 700 RALLY EDITION - Armando Testa\" \/>\n<meta property=\"og:description\" content=\"Un\u2019avventura nel deserto si trasforma in un viaggio nel tempo. \u00c8 quello che avviene nella nuova campagna Yamaha \u201cTimeless Horizon\u201d&nbsp;firmata&nbsp;Armando Testa&nbsp;per la nuova&nbsp;T\u00e9n\u00e9r\u00e9 700 Rally Edition. L\u2019ultima nata del segmento Adventure ci porta con s\u00e9 attraverso l\u2019orizzonte, in un viaggio lungo quasi 40 anni. Il film si apre con l\u2019autentica XT500 di Serge Bacou con [&hellip;]\" \/>\n<meta property=\"og:url\" content=\"https:\/\/www.armandotesta.it\/it\/yamaha-motor-europe-e-armando-testa-fanno-viaggiare-nel-tempo-la-nuova-yamaha-tenere-700-rally-edition\/\" \/>\n<meta property=\"og:site_name\" content=\"Armando Testa\" \/>\n<meta property=\"article:published_time\" content=\"2020-06-29T13:00:41+00:00\" \/>\n<meta property=\"article:modified_time\" content=\"2024-06-04T13:40:58+00:00\" \/>\n<meta property=\"og:image\" content=\"https:\/\/www.armandotesta.it\/wp-content\/uploads\/2024\/06\/2020_TENERE_print1706.jpg\" \/>\n\t<meta property=\"og:image:width\" content=\"1240\" \/>\n\t<meta property=\"og:image:height\" content=\"1754\" \/>\n\t<meta property=\"og:image:type\" content=\"image\/jpeg\" \/>\n<meta name=\"author\" content=\"admAT\" \/>\n<meta name=\"twitter:card\" content=\"summary_large_image\" \/>\n<meta name=\"twitter:label1\" content=\"Scritto da\" \/>\n\t<meta name=\"twitter:data1\" content=\"admAT\" \/>\n\t<meta name=\"twitter:label2\" content=\"Tempo di lettura stimato\" \/>\n\t<meta name=\"twitter:data2\" content=\"1 minuto\" \/>\n<script type=\"application\/ld+json\" class=\"yoast-schema-graph\">{\"@context\":\"https:\\\/\\\/schema.org\",\"@graph\":[{\"@type\":\"Article\",\"@id\":\"https:\\\/\\\/www.armandotesta.it\\\/it\\\/yamaha-motor-europe-e-armando-testa-fanno-viaggiare-nel-tempo-la-nuova-yamaha-tenere-700-rally-edition\\\/#article\",\"isPartOf\":{\"@id\":\"https:\\\/\\\/www.armandotesta.it\\\/it\\\/yamaha-motor-europe-e-armando-testa-fanno-viaggiare-nel-tempo-la-nuova-yamaha-tenere-700-rally-edition\\\/\"},\"author\":{\"name\":\"admAT\",\"@id\":\"https:\\\/\\\/www.armandotesta.it\\\/it\\\/#\\\/schema\\\/person\\\/46d1d2d167e5f7b857761f0d5183a848\"},\"headline\":\"YAMAHA MOTOR EUROPE E ARMANDO TESTA FANNO VIAGGIARE NEL TEMPO LA NUOVA YAMAHA T\u00c9N\u00c9R\u00c9 700 RALLY EDITION\",\"datePublished\":\"2020-06-29T13:00:41+00:00\",\"dateModified\":\"2024-06-04T13:40:58+00:00\",\"mainEntityOfPage\":{\"@id\":\"https:\\\/\\\/www.armandotesta.it\\\/it\\\/yamaha-motor-europe-e-armando-testa-fanno-viaggiare-nel-tempo-la-nuova-yamaha-tenere-700-rally-edition\\\/\"},\"wordCount\":244,\"publisher\":{\"@id\":\"https:\\\/\\\/www.armandotesta.it\\\/it\\\/#organization\"},\"image\":{\"@id\":\"https:\\\/\\\/www.armandotesta.it\\\/it\\\/yamaha-motor-europe-e-armando-testa-fanno-viaggiare-nel-tempo-la-nuova-yamaha-tenere-700-rally-edition\\\/#primaryimage\"},\"thumbnailUrl\":\"https:\\\/\\\/www.armandotesta.it\\\/wp-content\\\/uploads\\\/2024\\\/06\\\/2020_TENERE_print1706.jpg\",\"inLanguage\":\"it-IT\"},{\"@type\":\"WebPage\",\"@id\":\"https:\\\/\\\/www.armandotesta.it\\\/it\\\/yamaha-motor-europe-e-armando-testa-fanno-viaggiare-nel-tempo-la-nuova-yamaha-tenere-700-rally-edition\\\/\",\"url\":\"https:\\\/\\\/www.armandotesta.it\\\/it\\\/yamaha-motor-europe-e-armando-testa-fanno-viaggiare-nel-tempo-la-nuova-yamaha-tenere-700-rally-edition\\\/\",\"name\":\"YAMAHA MOTOR EUROPE E ARMANDO TESTA FANNO VIAGGIARE NEL TEMPO LA NUOVA YAMAHA T\u00c9N\u00c9R\u00c9 700 RALLY EDITION - Armando Testa\",\"isPartOf\":{\"@id\":\"https:\\\/\\\/www.armandotesta.it\\\/it\\\/#website\"},\"primaryImageOfPage\":{\"@id\":\"https:\\\/\\\/www.armandotesta.it\\\/it\\\/yamaha-motor-europe-e-armando-testa-fanno-viaggiare-nel-tempo-la-nuova-yamaha-tenere-700-rally-edition\\\/#primaryimage\"},\"image\":{\"@id\":\"https:\\\/\\\/www.armandotesta.it\\\/it\\\/yamaha-motor-europe-e-armando-testa-fanno-viaggiare-nel-tempo-la-nuova-yamaha-tenere-700-rally-edition\\\/#primaryimage\"},\"thumbnailUrl\":\"https:\\\/\\\/www.armandotesta.it\\\/wp-content\\\/uploads\\\/2024\\\/06\\\/2020_TENERE_print1706.jpg\",\"datePublished\":\"2020-06-29T13:00:41+00:00\",\"dateModified\":\"2024-06-04T13:40:58+00:00\",\"breadcrumb\":{\"@id\":\"https:\\\/\\\/www.armandotesta.it\\\/it\\\/yamaha-motor-europe-e-armando-testa-fanno-viaggiare-nel-tempo-la-nuova-yamaha-tenere-700-rally-edition\\\/#breadcrumb\"},\"inLanguage\":\"it-IT\",\"potentialAction\":[{\"@type\":\"ReadAction\",\"target\":[\"https:\\\/\\\/www.armandotesta.it\\\/it\\\/yamaha-motor-europe-e-armando-testa-fanno-viaggiare-nel-tempo-la-nuova-yamaha-tenere-700-rally-edition\\\/\"]}]},{\"@type\":\"ImageObject\",\"inLanguage\":\"it-IT\",\"@id\":\"https:\\\/\\\/www.armandotesta.it\\\/it\\\/yamaha-motor-europe-e-armando-testa-fanno-viaggiare-nel-tempo-la-nuova-yamaha-tenere-700-rally-edition\\\/#primaryimage\",\"url\":\"https:\\\/\\\/www.armandotesta.it\\\/wp-content\\\/uploads\\\/2024\\\/06\\\/2020_TENERE_print1706.jpg\",\"contentUrl\":\"https:\\\/\\\/www.armandotesta.it\\\/wp-content\\\/uploads\\\/2024\\\/06\\\/2020_TENERE_print1706.jpg\",\"width\":1240,\"height\":1754},{\"@type\":\"BreadcrumbList\",\"@id\":\"https:\\\/\\\/www.armandotesta.it\\\/it\\\/yamaha-motor-europe-e-armando-testa-fanno-viaggiare-nel-tempo-la-nuova-yamaha-tenere-700-rally-edition\\\/#breadcrumb\",\"itemListElement\":[{\"@type\":\"ListItem\",\"position\":1,\"name\":\"Home\",\"item\":\"https:\\\/\\\/www.armandotesta.it\\\/it\\\/\"},{\"@type\":\"ListItem\",\"position\":2,\"name\":\"YAMAHA MOTOR EUROPE E ARMANDO TESTA FANNO VIAGGIARE NEL TEMPO LA NUOVA YAMAHA T\u00c9N\u00c9R\u00c9 700 RALLY EDITION\"}]},{\"@type\":\"WebSite\",\"@id\":\"https:\\\/\\\/www.armandotesta.it\\\/it\\\/#website\",\"url\":\"https:\\\/\\\/www.armandotesta.it\\\/it\\\/\",\"name\":\"Armando Testa\",\"description\":\"\",\"publisher\":{\"@id\":\"https:\\\/\\\/www.armandotesta.it\\\/it\\\/#organization\"},\"potentialAction\":[{\"@type\":\"SearchAction\",\"target\":{\"@type\":\"EntryPoint\",\"urlTemplate\":\"https:\\\/\\\/www.armandotesta.it\\\/it\\\/?s={search_term_string}\"},\"query-input\":{\"@type\":\"PropertyValueSpecification\",\"valueRequired\":true,\"valueName\":\"search_term_string\"}}],\"inLanguage\":\"it-IT\"},{\"@type\":\"Organization\",\"@id\":\"https:\\\/\\\/www.armandotesta.it\\\/it\\\/#organization\",\"name\":\"Armando Testa\",\"url\":\"https:\\\/\\\/www.armandotesta.it\\\/it\\\/\",\"logo\":{\"@type\":\"ImageObject\",\"inLanguage\":\"it-IT\",\"@id\":\"https:\\\/\\\/www.armandotesta.it\\\/it\\\/#\\\/schema\\\/logo\\\/image\\\/\",\"url\":\"https:\\\/\\\/www.armandotesta.it\\\/wp-content\\\/uploads\\\/2024\\\/01\\\/logo-at.png\",\"contentUrl\":\"https:\\\/\\\/www.armandotesta.it\\\/wp-content\\\/uploads\\\/2024\\\/01\\\/logo-at.png\",\"width\":200,\"height\":200,\"caption\":\"Armando Testa\"},\"image\":{\"@id\":\"https:\\\/\\\/www.armandotesta.it\\\/it\\\/#\\\/schema\\\/logo\\\/image\\\/\"}},{\"@type\":\"Person\",\"@id\":\"https:\\\/\\\/www.armandotesta.it\\\/it\\\/#\\\/schema\\\/person\\\/46d1d2d167e5f7b857761f0d5183a848\",\"name\":\"admAT\",\"image\":{\"@type\":\"ImageObject\",\"inLanguage\":\"it-IT\",\"@id\":\"https:\\\/\\\/secure.gravatar.com\\\/avatar\\\/9772e708d87105ee06ea2e627102fade92688c33bb2e0083a7a18b56280f7239?s=96&d=mm&r=g\",\"url\":\"https:\\\/\\\/secure.gravatar.com\\\/avatar\\\/9772e708d87105ee06ea2e627102fade92688c33bb2e0083a7a18b56280f7239?s=96&d=mm&r=g\",\"contentUrl\":\"https:\\\/\\\/secure.gravatar.com\\\/avatar\\\/9772e708d87105ee06ea2e627102fade92688c33bb2e0083a7a18b56280f7239?s=96&d=mm&r=g\",\"caption\":\"admAT\"},\"sameAs\":[\"https:\\\/\\\/www.armandotesta.it\"],\"url\":\"https:\\\/\\\/www.armandotesta.it\\\/it\\\/author\\\/admat\\\/\"}]}<\/script>\n<!-- \/ Yoast SEO plugin. -->","yoast_head_json":{"title":"YAMAHA MOTOR EUROPE E ARMANDO TESTA FANNO VIAGGIARE NEL TEMPO LA NUOVA YAMAHA T\u00c9N\u00c9R\u00c9 700 RALLY EDITION - Armando Testa","robots":{"index":"index","follow":"follow","max-snippet":"max-snippet:-1","max-image-preview":"max-image-preview:large","max-video-preview":"max-video-preview:-1"},"canonical":"https:\/\/www.armandotesta.it\/it\/yamaha-motor-europe-e-armando-testa-fanno-viaggiare-nel-tempo-la-nuova-yamaha-tenere-700-rally-edition\/","og_locale":"it_IT","og_type":"article","og_title":"YAMAHA MOTOR EUROPE E ARMANDO TESTA FANNO VIAGGIARE NEL TEMPO LA NUOVA YAMAHA T\u00c9N\u00c9R\u00c9 700 RALLY EDITION - Armando Testa","og_description":"Un\u2019avventura nel deserto si trasforma in un viaggio nel tempo. \u00c8 quello che avviene nella nuova campagna Yamaha \u201cTimeless Horizon\u201d&nbsp;firmata&nbsp;Armando Testa&nbsp;per la nuova&nbsp;T\u00e9n\u00e9r\u00e9 700 Rally Edition. L\u2019ultima nata del segmento Adventure ci porta con s\u00e9 attraverso l\u2019orizzonte, in un viaggio lungo quasi 40 anni. Il film si apre con l\u2019autentica XT500 di Serge Bacou con [&hellip;]","og_url":"https:\/\/www.armandotesta.it\/it\/yamaha-motor-europe-e-armando-testa-fanno-viaggiare-nel-tempo-la-nuova-yamaha-tenere-700-rally-edition\/","og_site_name":"Armando Testa","article_published_time":"2020-06-29T13:00:41+00:00","article_modified_time":"2024-06-04T13:40:58+00:00","og_image":[{"width":1240,"height":1754,"url":"https:\/\/www.armandotesta.it\/wp-content\/uploads\/2024\/06\/2020_TENERE_print1706.jpg","type":"image\/jpeg"}],"author":"admAT","twitter_card":"summary_large_image","twitter_misc":{"Scritto da":"admAT","Tempo di lettura stimato":"1 minuto"},"schema":{"@context":"https:\/\/schema.org","@graph":[{"@type":"Article","@id":"https:\/\/www.armandotesta.it\/it\/yamaha-motor-europe-e-armando-testa-fanno-viaggiare-nel-tempo-la-nuova-yamaha-tenere-700-rally-edition\/#article","isPartOf":{"@id":"https:\/\/www.armandotesta.it\/it\/yamaha-motor-europe-e-armando-testa-fanno-viaggiare-nel-tempo-la-nuova-yamaha-tenere-700-rally-edition\/"},"author":{"name":"admAT","@id":"https:\/\/www.armandotesta.it\/it\/#\/schema\/person\/46d1d2d167e5f7b857761f0d5183a848"},"headline":"YAMAHA MOTOR EUROPE E ARMANDO TESTA FANNO VIAGGIARE NEL TEMPO LA NUOVA YAMAHA T\u00c9N\u00c9R\u00c9 700 RALLY EDITION","datePublished":"2020-06-29T13:00:41+00:00","dateModified":"2024-06-04T13:40:58+00:00","mainEntityOfPage":{"@id":"https:\/\/www.armandotesta.it\/it\/yamaha-motor-europe-e-armando-testa-fanno-viaggiare-nel-tempo-la-nuova-yamaha-tenere-700-rally-edition\/"},"wordCount":244,"publisher":{"@id":"https:\/\/www.armandotesta.it\/it\/#organization"},"image":{"@id":"https:\/\/www.armandotesta.it\/it\/yamaha-motor-europe-e-armando-testa-fanno-viaggiare-nel-tempo-la-nuova-yamaha-tenere-700-rally-edition\/#primaryimage"},"thumbnailUrl":"https:\/\/www.armandotesta.it\/wp-content\/uploads\/2024\/06\/2020_TENERE_print1706.jpg","inLanguage":"it-IT"},{"@type":"WebPage","@id":"https:\/\/www.armandotesta.it\/it\/yamaha-motor-europe-e-armando-testa-fanno-viaggiare-nel-tempo-la-nuova-yamaha-tenere-700-rally-edition\/","url":"https:\/\/www.armandotesta.it\/it\/yamaha-motor-europe-e-armando-testa-fanno-viaggiare-nel-tempo-la-nuova-yamaha-tenere-700-rally-edition\/","name":"YAMAHA MOTOR EUROPE E ARMANDO TESTA FANNO VIAGGIARE NEL TEMPO LA NUOVA YAMAHA T\u00c9N\u00c9R\u00c9 700 RALLY EDITION - Armando Testa","isPartOf":{"@id":"https:\/\/www.armandotesta.it\/it\/#website"},"primaryImageOfPage":{"@id":"https:\/\/www.armandotesta.it\/it\/yamaha-motor-europe-e-armando-testa-fanno-viaggiare-nel-tempo-la-nuova-yamaha-tenere-700-rally-edition\/#primaryimage"},"image":{"@id":"https:\/\/www.armandotesta.it\/it\/yamaha-motor-europe-e-armando-testa-fanno-viaggiare-nel-tempo-la-nuova-yamaha-tenere-700-rally-edition\/#primaryimage"},"thumbnailUrl":"https:\/\/www.armandotesta.it\/wp-content\/uploads\/2024\/06\/2020_TENERE_print1706.jpg","datePublished":"2020-06-29T13:00:41+00:00","dateModified":"2024-06-04T13:40:58+00:00","breadcrumb":{"@id":"https:\/\/www.armandotesta.it\/it\/yamaha-motor-europe-e-armando-testa-fanno-viaggiare-nel-tempo-la-nuova-yamaha-tenere-700-rally-edition\/#breadcrumb"},"inLanguage":"it-IT","potentialAction":[{"@type":"ReadAction","target":["https:\/\/www.armandotesta.it\/it\/yamaha-motor-europe-e-armando-testa-fanno-viaggiare-nel-tempo-la-nuova-yamaha-tenere-700-rally-edition\/"]}]},{"@type":"ImageObject","inLanguage":"it-IT","@id":"https:\/\/www.armandotesta.it\/it\/yamaha-motor-europe-e-armando-testa-fanno-viaggiare-nel-tempo-la-nuova-yamaha-tenere-700-rally-edition\/#primaryimage","url":"https:\/\/www.armandotesta.it\/wp-content\/uploads\/2024\/06\/2020_TENERE_print1706.jpg","contentUrl":"https:\/\/www.armandotesta.it\/wp-content\/uploads\/2024\/06\/2020_TENERE_print1706.jpg","width":1240,"height":1754},{"@type":"BreadcrumbList","@id":"https:\/\/www.armandotesta.it\/it\/yamaha-motor-europe-e-armando-testa-fanno-viaggiare-nel-tempo-la-nuova-yamaha-tenere-700-rally-edition\/#breadcrumb","itemListElement":[{"@type":"ListItem","position":1,"name":"Home","item":"https:\/\/www.armandotesta.it\/it\/"},{"@type":"ListItem","position":2,"name":"YAMAHA MOTOR EUROPE E ARMANDO TESTA FANNO VIAGGIARE NEL TEMPO LA NUOVA YAMAHA T\u00c9N\u00c9R\u00c9 700 RALLY EDITION"}]},{"@type":"WebSite","@id":"https:\/\/www.armandotesta.it\/it\/#website","url":"https:\/\/www.armandotesta.it\/it\/","name":"Armando Testa","description":"","publisher":{"@id":"https:\/\/www.armandotesta.it\/it\/#organization"},"potentialAction":[{"@type":"SearchAction","target":{"@type":"EntryPoint","urlTemplate":"https:\/\/www.armandotesta.it\/it\/?s={search_term_string}"},"query-input":{"@type":"PropertyValueSpecification","valueRequired":true,"valueName":"search_term_string"}}],"inLanguage":"it-IT"},{"@type":"Organization","@id":"https:\/\/www.armandotesta.it\/it\/#organization","name":"Armando Testa","url":"https:\/\/www.armandotesta.it\/it\/","logo":{"@type":"ImageObject","inLanguage":"it-IT","@id":"https:\/\/www.armandotesta.it\/it\/#\/schema\/logo\/image\/","url":"https:\/\/www.armandotesta.it\/wp-content\/uploads\/2024\/01\/logo-at.png","contentUrl":"https:\/\/www.armandotesta.it\/wp-content\/uploads\/2024\/01\/logo-at.png","width":200,"height":200,"caption":"Armando Testa"},"image":{"@id":"https:\/\/www.armandotesta.it\/it\/#\/schema\/logo\/image\/"}},{"@type":"Person","@id":"https:\/\/www.armandotesta.it\/it\/#\/schema\/person\/46d1d2d167e5f7b857761f0d5183a848","name":"admAT","image":{"@type":"ImageObject","inLanguage":"it-IT","@id":"https:\/\/secure.gravatar.com\/avatar\/9772e708d87105ee06ea2e627102fade92688c33bb2e0083a7a18b56280f7239?s=96&d=mm&r=g","url":"https:\/\/secure.gravatar.com\/avatar\/9772e708d87105ee06ea2e627102fade92688c33bb2e0083a7a18b56280f7239?s=96&d=mm&r=g","contentUrl":"https:\/\/secure.gravatar.com\/avatar\/9772e708d87105ee06ea2e627102fade92688c33bb2e0083a7a18b56280f7239?s=96&d=mm&r=g","caption":"admAT"},"sameAs":["https:\/\/www.armandotesta.it"],"url":"https:\/\/www.armandotesta.it\/it\/author\/admat\/"}]}},"_links":{"self":[{"href":"https:\/\/www.armandotesta.it\/it\/wp-json\/wp\/v2\/posts\/24433","targetHints":{"allow":["GET"]}}],"collection":[{"href":"https:\/\/www.armandotesta.it\/it\/wp-json\/wp\/v2\/posts"}],"about":[{"href":"https:\/\/www.armandotesta.it\/it\/wp-json\/wp\/v2\/types\/post"}],"author":[{"embeddable":true,"href":"https:\/\/www.armandotesta.it\/it\/wp-json\/wp\/v2\/users\/1"}],"replies":[{"embeddable":true,"href":"https:\/\/www.armandotesta.it\/it\/wp-json\/wp\/v2\/comments?post=24433"}],"version-history":[{"count":1,"href":"https:\/\/www.armandotesta.it\/it\/wp-json\/wp\/v2\/posts\/24433\/revisions"}],"predecessor-version":[{"id":25391,"href":"https:\/\/www.armandotesta.it\/it\/wp-json\/wp\/v2\/posts\/24433\/revisions\/25391"}],"wp:featuredmedia":[{"embeddable":true,"href":"https:\/\/www.armandotesta.it\/it\/wp-json\/wp\/v2\/media\/20231"}],"wp:attachment":[{"href":"https:\/\/www.armandotesta.it\/it\/wp-json\/wp\/v2\/media?parent=24433"}],"wp:term":[{"taxonomy":"category","embeddable":true,"href":"https:\/\/www.armandotesta.it\/it\/wp-json\/wp\/v2\/categories?post=24433"},{"taxonomy":"post_tag","embeddable":true,"href":"https:\/\/www.armandotesta.it\/it\/wp-json\/wp\/v2\/tags?post=24433"}],"curies":[{"name":"wp","href":"https:\/\/api.w.org\/{rel}","templated":true}]}}