{"id":24409,"date":"2020-06-06T15:39:35","date_gmt":"2020-06-06T13:39:35","guid":{"rendered":"https:\/\/www.armandotesta.it\/ognunoproteggetutti-se-ti-e-mancata-la-tua-normalita-proteggila-armando-testa-e-patto-trasversale-per-la-scienza-fanno-squadra-per-una-campagna-di-sensibilizzazione-della-popolazione\/"},"modified":"2024-06-04T15:40:52","modified_gmt":"2024-06-04T13:40:52","slug":"ognunoproteggetutti-se-ti-e-mancata-la-tua-normalita-proteggila-armando-testa-e-patto-trasversale-per-la-scienza-fanno-squadra-per-una-campagna-di-sensibilizzazione-della-popolazione","status":"publish","type":"post","link":"https:\/\/www.armandotesta.it\/it\/ognunoproteggetutti-se-ti-e-mancata-la-tua-normalita-proteggila-armando-testa-e-patto-trasversale-per-la-scienza-fanno-squadra-per-una-campagna-di-sensibilizzazione-della-popolazione\/","title":{"rendered":"#OGNUNOPROTEGGETUTTI:  SE TI \u00c8 MANCATA LA TUA NORMALIT\u00c0 PROTEGGILA. ARMANDO TESTA E PATTO TRASVERSALE PER LA SCIENZA  FANNO SQUADRA PER UNA CAMPAGNA  DI SENSIBILIZZAZIONE DELLA POPOLAZIONE"},"content":{"rendered":"\n<p>Ripartire \u00e8 pi\u00f9 difficile quando si \u00e8 rimasti fermi per un po\u2019 di tempo, c\u2019\u00e8 paura ma anche pi\u00f9 attenzione. Ora che, nel particolare momento storico che stiamo attraversando, anche i gesti quotidiani sono diventati una piccola impresa,\u00a0il messaggio che\u00a0<em>il Patto Trasversale per la Scienza<\/em>\u00a0e il\u00a0<em>Politecnico di Torino<\/em>vogliono trasmettere \u00e8 proprio questo: siamo tutti nella stessa situazione e dobbiamo aiutarci l\u2019un l\u2019altro.<\/p>\n\n\n\n<p>Ecco da dove prende avvio il progetto, affidato per la parte di comunicazione alla divisione\u00a0<em>inTesta<\/em>\u00a0del\u00a0<em>Gruppo Armando Testa<\/em>, #OgnunoProteggeTutti: dal\u00a0concetto di protezione anche nei piccoli gesti quotidiani, in tutti i contesti.\u00a0<\/p>\n\n\n\n<p>La campagna \u00e8 una multisoggetto che racconta alcuni dei momenti sociali che stiamo tornando tutti a vivere: mezzi pubblici, negozi, strutture sportive. I luoghi di sempre per\u00f2, oggi, vengono \u201cprotetti\u201d da delle mani, una simbolica attenzione, che pu\u00f2 fare la differenza e a cui tutti dobbiamo partecipare.<\/p>\n\n\n\n<p>Da qui nasce l\u2019hashtag di PTS\u00a0#OgnunoProteggeTutti, che il Gruppo Testa ha assunto come messaggio di campagna e che, mai come questa volta, si spera sia virale.\u00a0<\/p>\n\n\n\n<p>Dietro alla campagna\u00a0il progetto\u00a0<em>\u201cImprese Aperte\u201d<\/em>\u00a0del Politecnico di Torino, cui hanno partecipato anche il Presidente del PTS, Pierluigi Lopalco e la coordinatrice del gruppo sperimentazione animale, l\u2019ingegnere Alice Ravizza. Un progetto che ha fornito prima di tutto alle imprese e alle realt\u00e0 produttive e poi alle altre realt\u00e0 del vivere sociale (ambienti sportivi, scuole, studi medici, etc) gli strumenti per supportare le riaperture in sicurezza.\u00a0<\/p>\n\n\n\n<p>(http:\/\/www.impreseaperte.polito.it)<\/p>\n\n\n\n<p>\u201cSiamo molto contenti di essere al fianco del Patto Trasversale per la Scienza e del Politecnico di Torino\u201d dichiara il\u00a0Consigliere Delegato del Gruppo Armando Testa, Nicola Belli. \u201cVogliamo aiutare non solo la scienza, ma tutti, noi compresi, a ripartire, veicolando i giusti messaggi di collaborazione e protezione di cui abbiamo bisogno\u201d.<\/p>\n\n\n\n<p>Aggiunge il\u00a0Presidente del PTS, Pier Luigi Lopalco: &#8220;I valori della scienza devono rappresentare la guida delle nostre azioni, ma \u00e8 con le azioni combinate di tutti\u00a0che possiamo vincere la battaglia contro il coronavirus.&#8221;<\/p>\n\n\n\n<p><a href=\"http:\/\/www.ognunoproteggetutti.pattoperlascienza.it\/\"><em>www.ognunoproteggetutti.pattoperlascienza.it<\/em><\/a><em>.<\/em><\/p>\n\n\n\n<p>Agenzia: Gruppo Armando Testa<\/p>\n\n\n\n<p>Direzione Creativa: Paolo Cremonesi<\/p>\n\n\n\n<p>Team Creativo: Lara Aldrighi, Roberta Campagna<\/p>\n\n\n\n<p>Client Service: Emanuele Cicogna Mozzoni<\/p>\n\n\n\n<figure class=\"wp-block-image\"><img decoding=\"async\" src=\"https:\/\/newsroom.armandotesta.it\/wp-content\/uploads\/2020\/06\/AT_PTS_LAVORO-538x768.jpg\" alt=\"\" class=\"wp-image-4371\"\/><\/figure>\n","protected":false},"excerpt":{"rendered":"<p>Ripartire \u00e8 pi\u00f9 difficile quando si \u00e8 rimasti fermi per un po\u2019 di tempo, c\u2019\u00e8 paura ma anche pi\u00f9 attenzione. Ora che, nel particolare momento storico che stiamo attraversando, anche i gesti quotidiani sono diventati una piccola impresa,\u00a0il messaggio che\u00a0il Patto Trasversale per la Scienza\u00a0e il\u00a0Politecnico di Torinovogliono trasmettere \u00e8 proprio questo: siamo tutti nella [&hellip;]<\/p>\n","protected":false},"author":1,"featured_media":20209,"comment_status":"closed","ping_status":"closed","sticky":false,"template":"","format":"standard","meta":{"_acf_changed":false,"inline_featured_image":false,"footnotes":""},"categories":[],"tags":[],"class_list":["post-24409","post","type-post","status-publish","format-standard","has-post-thumbnail","hentry"],"acf":false,"yoast_head":"<!-- This site is optimized with the Yoast SEO plugin v27.5 - https:\/\/yoast.com\/product\/yoast-seo-wordpress\/ -->\n<title>#OGNUNOPROTEGGETUTTI: SE TI \u00c8 MANCATA LA TUA NORMALIT\u00c0 PROTEGGILA. ARMANDO TESTA E PATTO TRASVERSALE PER LA SCIENZA FANNO SQUADRA PER UNA CAMPAGNA DI SENSIBILIZZAZIONE DELLA POPOLAZIONE - Armando Testa<\/title>\n<meta name=\"robots\" content=\"index, follow, max-snippet:-1, max-image-preview:large, max-video-preview:-1\" \/>\n<link rel=\"canonical\" href=\"https:\/\/www.armandotesta.it\/it\/ognunoproteggetutti-se-ti-e-mancata-la-tua-normalita-proteggila-armando-testa-e-patto-trasversale-per-la-scienza-fanno-squadra-per-una-campagna-di-sensibilizzazione-della-popolazione\/\" \/>\n<meta property=\"og:locale\" content=\"it_IT\" \/>\n<meta property=\"og:type\" content=\"article\" \/>\n<meta property=\"og:title\" content=\"#OGNUNOPROTEGGETUTTI: SE TI \u00c8 MANCATA LA TUA NORMALIT\u00c0 PROTEGGILA. ARMANDO TESTA E PATTO TRASVERSALE PER LA SCIENZA FANNO SQUADRA PER UNA CAMPAGNA DI SENSIBILIZZAZIONE DELLA POPOLAZIONE - Armando Testa\" \/>\n<meta property=\"og:description\" content=\"Ripartire \u00e8 pi\u00f9 difficile quando si \u00e8 rimasti fermi per un po\u2019 di tempo, c\u2019\u00e8 paura ma anche pi\u00f9 attenzione. Ora che, nel particolare momento storico che stiamo attraversando, anche i gesti quotidiani sono diventati una piccola impresa,\u00a0il messaggio che\u00a0il Patto Trasversale per la Scienza\u00a0e il\u00a0Politecnico di Torinovogliono trasmettere \u00e8 proprio questo: siamo tutti nella [&hellip;]\" \/>\n<meta property=\"og:url\" content=\"https:\/\/www.armandotesta.it\/it\/ognunoproteggetutti-se-ti-e-mancata-la-tua-normalita-proteggila-armando-testa-e-patto-trasversale-per-la-scienza-fanno-squadra-per-una-campagna-di-sensibilizzazione-della-popolazione\/\" \/>\n<meta property=\"og:site_name\" content=\"Armando Testa\" \/>\n<meta property=\"article:published_time\" content=\"2020-06-06T13:39:35+00:00\" \/>\n<meta property=\"article:modified_time\" content=\"2024-06-04T13:40:52+00:00\" \/>\n<meta property=\"og:image\" content=\"https:\/\/www.armandotesta.it\/wp-content\/uploads\/2024\/06\/AT_PTS_LAVORO-scaled.jpg\" \/>\n\t<meta property=\"og:image:width\" content=\"1792\" \/>\n\t<meta property=\"og:image:height\" content=\"2560\" \/>\n\t<meta property=\"og:image:type\" content=\"image\/jpeg\" \/>\n<meta name=\"author\" content=\"admAT\" \/>\n<meta name=\"twitter:card\" content=\"summary_large_image\" \/>\n<meta name=\"twitter:label1\" content=\"Scritto da\" \/>\n\t<meta name=\"twitter:data1\" content=\"admAT\" \/>\n\t<meta name=\"twitter:label2\" content=\"Tempo di lettura stimato\" \/>\n\t<meta name=\"twitter:data2\" content=\"2 minuti\" \/>\n<script type=\"application\/ld+json\" class=\"yoast-schema-graph\">{\"@context\":\"https:\\\/\\\/schema.org\",\"@graph\":[{\"@type\":\"Article\",\"@id\":\"https:\\\/\\\/www.armandotesta.it\\\/it\\\/ognunoproteggetutti-se-ti-e-mancata-la-tua-normalita-proteggila-armando-testa-e-patto-trasversale-per-la-scienza-fanno-squadra-per-una-campagna-di-sensibilizzazione-della-popolazione\\\/#article\",\"isPartOf\":{\"@id\":\"https:\\\/\\\/www.armandotesta.it\\\/it\\\/ognunoproteggetutti-se-ti-e-mancata-la-tua-normalita-proteggila-armando-testa-e-patto-trasversale-per-la-scienza-fanno-squadra-per-una-campagna-di-sensibilizzazione-della-popolazione\\\/\"},\"author\":{\"name\":\"admAT\",\"@id\":\"https:\\\/\\\/www.armandotesta.it\\\/it\\\/#\\\/schema\\\/person\\\/46d1d2d167e5f7b857761f0d5183a848\"},\"headline\":\"#OGNUNOPROTEGGETUTTI: SE TI \u00c8 MANCATA LA TUA NORMALIT\u00c0 PROTEGGILA. ARMANDO TESTA E PATTO TRASVERSALE PER LA SCIENZA FANNO SQUADRA PER UNA CAMPAGNA DI SENSIBILIZZAZIONE DELLA POPOLAZIONE\",\"datePublished\":\"2020-06-06T13:39:35+00:00\",\"dateModified\":\"2024-06-04T13:40:52+00:00\",\"mainEntityOfPage\":{\"@id\":\"https:\\\/\\\/www.armandotesta.it\\\/it\\\/ognunoproteggetutti-se-ti-e-mancata-la-tua-normalita-proteggila-armando-testa-e-patto-trasversale-per-la-scienza-fanno-squadra-per-una-campagna-di-sensibilizzazione-della-popolazione\\\/\"},\"wordCount\":380,\"publisher\":{\"@id\":\"https:\\\/\\\/www.armandotesta.it\\\/it\\\/#organization\"},\"image\":{\"@id\":\"https:\\\/\\\/www.armandotesta.it\\\/it\\\/ognunoproteggetutti-se-ti-e-mancata-la-tua-normalita-proteggila-armando-testa-e-patto-trasversale-per-la-scienza-fanno-squadra-per-una-campagna-di-sensibilizzazione-della-popolazione\\\/#primaryimage\"},\"thumbnailUrl\":\"https:\\\/\\\/www.armandotesta.it\\\/wp-content\\\/uploads\\\/2024\\\/06\\\/AT_PTS_LAVORO-scaled.jpg\",\"inLanguage\":\"it-IT\"},{\"@type\":\"WebPage\",\"@id\":\"https:\\\/\\\/www.armandotesta.it\\\/it\\\/ognunoproteggetutti-se-ti-e-mancata-la-tua-normalita-proteggila-armando-testa-e-patto-trasversale-per-la-scienza-fanno-squadra-per-una-campagna-di-sensibilizzazione-della-popolazione\\\/\",\"url\":\"https:\\\/\\\/www.armandotesta.it\\\/it\\\/ognunoproteggetutti-se-ti-e-mancata-la-tua-normalita-proteggila-armando-testa-e-patto-trasversale-per-la-scienza-fanno-squadra-per-una-campagna-di-sensibilizzazione-della-popolazione\\\/\",\"name\":\"#OGNUNOPROTEGGETUTTI: SE TI \u00c8 MANCATA LA TUA NORMALIT\u00c0 PROTEGGILA. ARMANDO TESTA E PATTO TRASVERSALE PER LA SCIENZA FANNO SQUADRA PER UNA CAMPAGNA DI SENSIBILIZZAZIONE DELLA POPOLAZIONE - Armando Testa\",\"isPartOf\":{\"@id\":\"https:\\\/\\\/www.armandotesta.it\\\/it\\\/#website\"},\"primaryImageOfPage\":{\"@id\":\"https:\\\/\\\/www.armandotesta.it\\\/it\\\/ognunoproteggetutti-se-ti-e-mancata-la-tua-normalita-proteggila-armando-testa-e-patto-trasversale-per-la-scienza-fanno-squadra-per-una-campagna-di-sensibilizzazione-della-popolazione\\\/#primaryimage\"},\"image\":{\"@id\":\"https:\\\/\\\/www.armandotesta.it\\\/it\\\/ognunoproteggetutti-se-ti-e-mancata-la-tua-normalita-proteggila-armando-testa-e-patto-trasversale-per-la-scienza-fanno-squadra-per-una-campagna-di-sensibilizzazione-della-popolazione\\\/#primaryimage\"},\"thumbnailUrl\":\"https:\\\/\\\/www.armandotesta.it\\\/wp-content\\\/uploads\\\/2024\\\/06\\\/AT_PTS_LAVORO-scaled.jpg\",\"datePublished\":\"2020-06-06T13:39:35+00:00\",\"dateModified\":\"2024-06-04T13:40:52+00:00\",\"breadcrumb\":{\"@id\":\"https:\\\/\\\/www.armandotesta.it\\\/it\\\/ognunoproteggetutti-se-ti-e-mancata-la-tua-normalita-proteggila-armando-testa-e-patto-trasversale-per-la-scienza-fanno-squadra-per-una-campagna-di-sensibilizzazione-della-popolazione\\\/#breadcrumb\"},\"inLanguage\":\"it-IT\",\"potentialAction\":[{\"@type\":\"ReadAction\",\"target\":[\"https:\\\/\\\/www.armandotesta.it\\\/it\\\/ognunoproteggetutti-se-ti-e-mancata-la-tua-normalita-proteggila-armando-testa-e-patto-trasversale-per-la-scienza-fanno-squadra-per-una-campagna-di-sensibilizzazione-della-popolazione\\\/\"]}]},{\"@type\":\"ImageObject\",\"inLanguage\":\"it-IT\",\"@id\":\"https:\\\/\\\/www.armandotesta.it\\\/it\\\/ognunoproteggetutti-se-ti-e-mancata-la-tua-normalita-proteggila-armando-testa-e-patto-trasversale-per-la-scienza-fanno-squadra-per-una-campagna-di-sensibilizzazione-della-popolazione\\\/#primaryimage\",\"url\":\"https:\\\/\\\/www.armandotesta.it\\\/wp-content\\\/uploads\\\/2024\\\/06\\\/AT_PTS_LAVORO-scaled.jpg\",\"contentUrl\":\"https:\\\/\\\/www.armandotesta.it\\\/wp-content\\\/uploads\\\/2024\\\/06\\\/AT_PTS_LAVORO-scaled.jpg\",\"width\":1792,\"height\":2560},{\"@type\":\"BreadcrumbList\",\"@id\":\"https:\\\/\\\/www.armandotesta.it\\\/it\\\/ognunoproteggetutti-se-ti-e-mancata-la-tua-normalita-proteggila-armando-testa-e-patto-trasversale-per-la-scienza-fanno-squadra-per-una-campagna-di-sensibilizzazione-della-popolazione\\\/#breadcrumb\",\"itemListElement\":[{\"@type\":\"ListItem\",\"position\":1,\"name\":\"Home\",\"item\":\"https:\\\/\\\/www.armandotesta.it\\\/it\\\/\"},{\"@type\":\"ListItem\",\"position\":2,\"name\":\"#OGNUNOPROTEGGETUTTI: SE TI \u00c8 MANCATA LA TUA NORMALIT\u00c0 PROTEGGILA. ARMANDO TESTA E PATTO TRASVERSALE PER LA SCIENZA FANNO SQUADRA PER UNA CAMPAGNA DI SENSIBILIZZAZIONE DELLA POPOLAZIONE\"}]},{\"@type\":\"WebSite\",\"@id\":\"https:\\\/\\\/www.armandotesta.it\\\/it\\\/#website\",\"url\":\"https:\\\/\\\/www.armandotesta.it\\\/it\\\/\",\"name\":\"Armando Testa\",\"description\":\"\",\"publisher\":{\"@id\":\"https:\\\/\\\/www.armandotesta.it\\\/it\\\/#organization\"},\"potentialAction\":[{\"@type\":\"SearchAction\",\"target\":{\"@type\":\"EntryPoint\",\"urlTemplate\":\"https:\\\/\\\/www.armandotesta.it\\\/it\\\/?s={search_term_string}\"},\"query-input\":{\"@type\":\"PropertyValueSpecification\",\"valueRequired\":true,\"valueName\":\"search_term_string\"}}],\"inLanguage\":\"it-IT\"},{\"@type\":\"Organization\",\"@id\":\"https:\\\/\\\/www.armandotesta.it\\\/it\\\/#organization\",\"name\":\"Armando Testa\",\"url\":\"https:\\\/\\\/www.armandotesta.it\\\/it\\\/\",\"logo\":{\"@type\":\"ImageObject\",\"inLanguage\":\"it-IT\",\"@id\":\"https:\\\/\\\/www.armandotesta.it\\\/it\\\/#\\\/schema\\\/logo\\\/image\\\/\",\"url\":\"https:\\\/\\\/www.armandotesta.it\\\/wp-content\\\/uploads\\\/2024\\\/01\\\/logo-at.png\",\"contentUrl\":\"https:\\\/\\\/www.armandotesta.it\\\/wp-content\\\/uploads\\\/2024\\\/01\\\/logo-at.png\",\"width\":200,\"height\":200,\"caption\":\"Armando Testa\"},\"image\":{\"@id\":\"https:\\\/\\\/www.armandotesta.it\\\/it\\\/#\\\/schema\\\/logo\\\/image\\\/\"}},{\"@type\":\"Person\",\"@id\":\"https:\\\/\\\/www.armandotesta.it\\\/it\\\/#\\\/schema\\\/person\\\/46d1d2d167e5f7b857761f0d5183a848\",\"name\":\"admAT\",\"image\":{\"@type\":\"ImageObject\",\"inLanguage\":\"it-IT\",\"@id\":\"https:\\\/\\\/secure.gravatar.com\\\/avatar\\\/9772e708d87105ee06ea2e627102fade92688c33bb2e0083a7a18b56280f7239?s=96&d=mm&r=g\",\"url\":\"https:\\\/\\\/secure.gravatar.com\\\/avatar\\\/9772e708d87105ee06ea2e627102fade92688c33bb2e0083a7a18b56280f7239?s=96&d=mm&r=g\",\"contentUrl\":\"https:\\\/\\\/secure.gravatar.com\\\/avatar\\\/9772e708d87105ee06ea2e627102fade92688c33bb2e0083a7a18b56280f7239?s=96&d=mm&r=g\",\"caption\":\"admAT\"},\"sameAs\":[\"https:\\\/\\\/www.armandotesta.it\"],\"url\":\"https:\\\/\\\/www.armandotesta.it\\\/it\\\/author\\\/admat\\\/\"}]}<\/script>\n<!-- \/ Yoast SEO plugin. -->","yoast_head_json":{"title":"#OGNUNOPROTEGGETUTTI: SE TI \u00c8 MANCATA LA TUA NORMALIT\u00c0 PROTEGGILA. ARMANDO TESTA E PATTO TRASVERSALE PER LA SCIENZA FANNO SQUADRA PER UNA CAMPAGNA DI SENSIBILIZZAZIONE DELLA POPOLAZIONE - Armando Testa","robots":{"index":"index","follow":"follow","max-snippet":"max-snippet:-1","max-image-preview":"max-image-preview:large","max-video-preview":"max-video-preview:-1"},"canonical":"https:\/\/www.armandotesta.it\/it\/ognunoproteggetutti-se-ti-e-mancata-la-tua-normalita-proteggila-armando-testa-e-patto-trasversale-per-la-scienza-fanno-squadra-per-una-campagna-di-sensibilizzazione-della-popolazione\/","og_locale":"it_IT","og_type":"article","og_title":"#OGNUNOPROTEGGETUTTI: SE TI \u00c8 MANCATA LA TUA NORMALIT\u00c0 PROTEGGILA. ARMANDO TESTA E PATTO TRASVERSALE PER LA SCIENZA FANNO SQUADRA PER UNA CAMPAGNA DI SENSIBILIZZAZIONE DELLA POPOLAZIONE - Armando Testa","og_description":"Ripartire \u00e8 pi\u00f9 difficile quando si \u00e8 rimasti fermi per un po\u2019 di tempo, c\u2019\u00e8 paura ma anche pi\u00f9 attenzione. Ora che, nel particolare momento storico che stiamo attraversando, anche i gesti quotidiani sono diventati una piccola impresa,\u00a0il messaggio che\u00a0il Patto Trasversale per la Scienza\u00a0e il\u00a0Politecnico di Torinovogliono trasmettere \u00e8 proprio questo: siamo tutti nella [&hellip;]","og_url":"https:\/\/www.armandotesta.it\/it\/ognunoproteggetutti-se-ti-e-mancata-la-tua-normalita-proteggila-armando-testa-e-patto-trasversale-per-la-scienza-fanno-squadra-per-una-campagna-di-sensibilizzazione-della-popolazione\/","og_site_name":"Armando Testa","article_published_time":"2020-06-06T13:39:35+00:00","article_modified_time":"2024-06-04T13:40:52+00:00","og_image":[{"width":1792,"height":2560,"url":"https:\/\/www.armandotesta.it\/wp-content\/uploads\/2024\/06\/AT_PTS_LAVORO-scaled.jpg","type":"image\/jpeg"}],"author":"admAT","twitter_card":"summary_large_image","twitter_misc":{"Scritto da":"admAT","Tempo di lettura stimato":"2 minuti"},"schema":{"@context":"https:\/\/schema.org","@graph":[{"@type":"Article","@id":"https:\/\/www.armandotesta.it\/it\/ognunoproteggetutti-se-ti-e-mancata-la-tua-normalita-proteggila-armando-testa-e-patto-trasversale-per-la-scienza-fanno-squadra-per-una-campagna-di-sensibilizzazione-della-popolazione\/#article","isPartOf":{"@id":"https:\/\/www.armandotesta.it\/it\/ognunoproteggetutti-se-ti-e-mancata-la-tua-normalita-proteggila-armando-testa-e-patto-trasversale-per-la-scienza-fanno-squadra-per-una-campagna-di-sensibilizzazione-della-popolazione\/"},"author":{"name":"admAT","@id":"https:\/\/www.armandotesta.it\/it\/#\/schema\/person\/46d1d2d167e5f7b857761f0d5183a848"},"headline":"#OGNUNOPROTEGGETUTTI: SE TI \u00c8 MANCATA LA TUA NORMALIT\u00c0 PROTEGGILA. ARMANDO TESTA E PATTO TRASVERSALE PER LA SCIENZA FANNO SQUADRA PER UNA CAMPAGNA DI SENSIBILIZZAZIONE DELLA POPOLAZIONE","datePublished":"2020-06-06T13:39:35+00:00","dateModified":"2024-06-04T13:40:52+00:00","mainEntityOfPage":{"@id":"https:\/\/www.armandotesta.it\/it\/ognunoproteggetutti-se-ti-e-mancata-la-tua-normalita-proteggila-armando-testa-e-patto-trasversale-per-la-scienza-fanno-squadra-per-una-campagna-di-sensibilizzazione-della-popolazione\/"},"wordCount":380,"publisher":{"@id":"https:\/\/www.armandotesta.it\/it\/#organization"},"image":{"@id":"https:\/\/www.armandotesta.it\/it\/ognunoproteggetutti-se-ti-e-mancata-la-tua-normalita-proteggila-armando-testa-e-patto-trasversale-per-la-scienza-fanno-squadra-per-una-campagna-di-sensibilizzazione-della-popolazione\/#primaryimage"},"thumbnailUrl":"https:\/\/www.armandotesta.it\/wp-content\/uploads\/2024\/06\/AT_PTS_LAVORO-scaled.jpg","inLanguage":"it-IT"},{"@type":"WebPage","@id":"https:\/\/www.armandotesta.it\/it\/ognunoproteggetutti-se-ti-e-mancata-la-tua-normalita-proteggila-armando-testa-e-patto-trasversale-per-la-scienza-fanno-squadra-per-una-campagna-di-sensibilizzazione-della-popolazione\/","url":"https:\/\/www.armandotesta.it\/it\/ognunoproteggetutti-se-ti-e-mancata-la-tua-normalita-proteggila-armando-testa-e-patto-trasversale-per-la-scienza-fanno-squadra-per-una-campagna-di-sensibilizzazione-della-popolazione\/","name":"#OGNUNOPROTEGGETUTTI: SE TI \u00c8 MANCATA LA TUA NORMALIT\u00c0 PROTEGGILA. ARMANDO TESTA E PATTO TRASVERSALE PER LA SCIENZA FANNO SQUADRA PER UNA CAMPAGNA DI SENSIBILIZZAZIONE DELLA POPOLAZIONE - Armando Testa","isPartOf":{"@id":"https:\/\/www.armandotesta.it\/it\/#website"},"primaryImageOfPage":{"@id":"https:\/\/www.armandotesta.it\/it\/ognunoproteggetutti-se-ti-e-mancata-la-tua-normalita-proteggila-armando-testa-e-patto-trasversale-per-la-scienza-fanno-squadra-per-una-campagna-di-sensibilizzazione-della-popolazione\/#primaryimage"},"image":{"@id":"https:\/\/www.armandotesta.it\/it\/ognunoproteggetutti-se-ti-e-mancata-la-tua-normalita-proteggila-armando-testa-e-patto-trasversale-per-la-scienza-fanno-squadra-per-una-campagna-di-sensibilizzazione-della-popolazione\/#primaryimage"},"thumbnailUrl":"https:\/\/www.armandotesta.it\/wp-content\/uploads\/2024\/06\/AT_PTS_LAVORO-scaled.jpg","datePublished":"2020-06-06T13:39:35+00:00","dateModified":"2024-06-04T13:40:52+00:00","breadcrumb":{"@id":"https:\/\/www.armandotesta.it\/it\/ognunoproteggetutti-se-ti-e-mancata-la-tua-normalita-proteggila-armando-testa-e-patto-trasversale-per-la-scienza-fanno-squadra-per-una-campagna-di-sensibilizzazione-della-popolazione\/#breadcrumb"},"inLanguage":"it-IT","potentialAction":[{"@type":"ReadAction","target":["https:\/\/www.armandotesta.it\/it\/ognunoproteggetutti-se-ti-e-mancata-la-tua-normalita-proteggila-armando-testa-e-patto-trasversale-per-la-scienza-fanno-squadra-per-una-campagna-di-sensibilizzazione-della-popolazione\/"]}]},{"@type":"ImageObject","inLanguage":"it-IT","@id":"https:\/\/www.armandotesta.it\/it\/ognunoproteggetutti-se-ti-e-mancata-la-tua-normalita-proteggila-armando-testa-e-patto-trasversale-per-la-scienza-fanno-squadra-per-una-campagna-di-sensibilizzazione-della-popolazione\/#primaryimage","url":"https:\/\/www.armandotesta.it\/wp-content\/uploads\/2024\/06\/AT_PTS_LAVORO-scaled.jpg","contentUrl":"https:\/\/www.armandotesta.it\/wp-content\/uploads\/2024\/06\/AT_PTS_LAVORO-scaled.jpg","width":1792,"height":2560},{"@type":"BreadcrumbList","@id":"https:\/\/www.armandotesta.it\/it\/ognunoproteggetutti-se-ti-e-mancata-la-tua-normalita-proteggila-armando-testa-e-patto-trasversale-per-la-scienza-fanno-squadra-per-una-campagna-di-sensibilizzazione-della-popolazione\/#breadcrumb","itemListElement":[{"@type":"ListItem","position":1,"name":"Home","item":"https:\/\/www.armandotesta.it\/it\/"},{"@type":"ListItem","position":2,"name":"#OGNUNOPROTEGGETUTTI: SE TI \u00c8 MANCATA LA TUA NORMALIT\u00c0 PROTEGGILA. ARMANDO TESTA E PATTO TRASVERSALE PER LA SCIENZA FANNO SQUADRA PER UNA CAMPAGNA DI SENSIBILIZZAZIONE DELLA POPOLAZIONE"}]},{"@type":"WebSite","@id":"https:\/\/www.armandotesta.it\/it\/#website","url":"https:\/\/www.armandotesta.it\/it\/","name":"Armando Testa","description":"","publisher":{"@id":"https:\/\/www.armandotesta.it\/it\/#organization"},"potentialAction":[{"@type":"SearchAction","target":{"@type":"EntryPoint","urlTemplate":"https:\/\/www.armandotesta.it\/it\/?s={search_term_string}"},"query-input":{"@type":"PropertyValueSpecification","valueRequired":true,"valueName":"search_term_string"}}],"inLanguage":"it-IT"},{"@type":"Organization","@id":"https:\/\/www.armandotesta.it\/it\/#organization","name":"Armando Testa","url":"https:\/\/www.armandotesta.it\/it\/","logo":{"@type":"ImageObject","inLanguage":"it-IT","@id":"https:\/\/www.armandotesta.it\/it\/#\/schema\/logo\/image\/","url":"https:\/\/www.armandotesta.it\/wp-content\/uploads\/2024\/01\/logo-at.png","contentUrl":"https:\/\/www.armandotesta.it\/wp-content\/uploads\/2024\/01\/logo-at.png","width":200,"height":200,"caption":"Armando Testa"},"image":{"@id":"https:\/\/www.armandotesta.it\/it\/#\/schema\/logo\/image\/"}},{"@type":"Person","@id":"https:\/\/www.armandotesta.it\/it\/#\/schema\/person\/46d1d2d167e5f7b857761f0d5183a848","name":"admAT","image":{"@type":"ImageObject","inLanguage":"it-IT","@id":"https:\/\/secure.gravatar.com\/avatar\/9772e708d87105ee06ea2e627102fade92688c33bb2e0083a7a18b56280f7239?s=96&d=mm&r=g","url":"https:\/\/secure.gravatar.com\/avatar\/9772e708d87105ee06ea2e627102fade92688c33bb2e0083a7a18b56280f7239?s=96&d=mm&r=g","contentUrl":"https:\/\/secure.gravatar.com\/avatar\/9772e708d87105ee06ea2e627102fade92688c33bb2e0083a7a18b56280f7239?s=96&d=mm&r=g","caption":"admAT"},"sameAs":["https:\/\/www.armandotesta.it"],"url":"https:\/\/www.armandotesta.it\/it\/author\/admat\/"}]}},"_links":{"self":[{"href":"https:\/\/www.armandotesta.it\/it\/wp-json\/wp\/v2\/posts\/24409","targetHints":{"allow":["GET"]}}],"collection":[{"href":"https:\/\/www.armandotesta.it\/it\/wp-json\/wp\/v2\/posts"}],"about":[{"href":"https:\/\/www.armandotesta.it\/it\/wp-json\/wp\/v2\/types\/post"}],"author":[{"embeddable":true,"href":"https:\/\/www.armandotesta.it\/it\/wp-json\/wp\/v2\/users\/1"}],"replies":[{"embeddable":true,"href":"https:\/\/www.armandotesta.it\/it\/wp-json\/wp\/v2\/comments?post=24409"}],"version-history":[{"count":1,"href":"https:\/\/www.armandotesta.it\/it\/wp-json\/wp\/v2\/posts\/24409\/revisions"}],"predecessor-version":[{"id":25367,"href":"https:\/\/www.armandotesta.it\/it\/wp-json\/wp\/v2\/posts\/24409\/revisions\/25367"}],"wp:featuredmedia":[{"embeddable":true,"href":"https:\/\/www.armandotesta.it\/it\/wp-json\/wp\/v2\/media\/20209"}],"wp:attachment":[{"href":"https:\/\/www.armandotesta.it\/it\/wp-json\/wp\/v2\/media?parent=24409"}],"wp:term":[{"taxonomy":"category","embeddable":true,"href":"https:\/\/www.armandotesta.it\/it\/wp-json\/wp\/v2\/categories?post=24409"},{"taxonomy":"post_tag","embeddable":true,"href":"https:\/\/www.armandotesta.it\/it\/wp-json\/wp\/v2\/tags?post=24409"}],"curies":[{"name":"wp","href":"https:\/\/api.w.org\/{rel}","templated":true}]}}