{"id":24394,"date":"2020-04-29T16:08:46","date_gmt":"2020-04-29T14:08:46","guid":{"rendered":"https:\/\/www.armandotesta.it\/lo-humanspirit-network-di-amaro-montenegro-unisce-litalia-con-armando-testa\/"},"modified":"2024-06-04T15:40:48","modified_gmt":"2024-06-04T13:40:48","slug":"lo-humanspirit-network-di-amaro-montenegro-unisce-litalia-con-armando-testa","status":"publish","type":"post","link":"https:\/\/www.armandotesta.it\/it\/lo-humanspirit-network-di-amaro-montenegro-unisce-litalia-con-armando-testa\/","title":{"rendered":"LO #HUMANSPIRIT NETWORK DI AMARO MONTENEGRO  UNISCE L\u2019ITALIA CON ARMANDO TESTA"},"content":{"rendered":"\n<p>Un\u2019idea all\u2019insegna della \u201csolidariet\u00e0 digitale\u201d che invita le persone a creare reti Wi-Fi ospiti per sostenere chi non ha una connessione stabile e veloce.<\/p>\n\n\n\n<p>In questi giorni in cui la quotidianit\u00e0 \u00e8 stata completamente capovolta,&nbsp;Amaro Montenegro, ambasciatore della&nbsp;condivisione&nbsp;e dello&nbsp;Human Spirit, propone un\u2019iniziativa social e allo stesso tempo sociale, con l\u2019obiettivo di&nbsp;unire l\u2019Italia&nbsp;con&nbsp;una forma simbolica di \u201csolidariet\u00e0 digitale\u201d&nbsp;ideata dall\u2019Armando Testa.<\/p>\n\n\n\n<p>Oggi&nbsp;la voglia di convivialit\u00e0&nbsp;sta trovando il modo di manifestarsi anche a distanza attraverso la tecnologia e si fa sentire attraverso una moltitudine di aperitivi online, flash mob digitali e video chat.&nbsp;<\/p>\n\n\n\n<p>E proprio per celebrare questa energia positiva, ma soprattutto per sostenere chi ancora oggi in Italia non ha a disposizione connessioni Wi-Fi stabili e veloci, che la marca&nbsp;promuove un gesto di apertura e di condivisione nei confronti degli altri: mettere a disposizione la propria rete Wi-Fi creando una&nbsp;rete Wi-Fi \u201cospiti\u201d&nbsp;con l\u2019obiettivo di dare vita a una&nbsp;immensa rete \u201chumanspirit\u201d, grazie alla quale poter essere idealmente tutti connessi.<\/p>\n\n\n\n<p>L\u2019agenzia&nbsp;<a href=\"https:\/\/www.armandotesta.it\/it\/\">Armando Testa<\/a>, con il supporto di&nbsp;<a href=\"https:\/\/www.flu.agency\/\">FLU<\/a>, ha scelto due testimonial d\u2019eccezione per questa iniziativa:&nbsp;Salvatore Aranzulla, \u201cproblem solver&#8221; digitale per eccellenza, insieme alla spontaneit\u00e0 e alla simpatia di&nbsp;Frank Matano, aiutano&nbsp;Amaro Montenegroper guidare il grande pubblico, passo dopo passo, nella configurazione della propria rete Wi-Fi Ospiti.<\/p>\n\n\n\n<p>Qui il video:&nbsp;<a href=\"https:\/\/www.facebook.com\/amaromontenegro\/videos\/234418624668337\/\">https:\/\/www.facebook.com\/amaromontenegro\/videos\/234418624668337\/<\/a><\/p>\n\n\n\n<p>In un momento delicato come questo&nbsp;condividere la nostra rete internet \u00e8 un piccolo gesto che pu\u00f2 farci assaporare meglio la voglia di stare insieme: e chi pi\u00f9 di Amaro Montenegro, quello che tutti noi&nbsp;conosciamo&nbsp;come l\u2019iconico amaro dal sapore vero,&nbsp;poteva lanciare questo messaggio.&nbsp;<\/p>\n\n\n\n<p>Condividere il nostro wi-fi sar\u00e0 come fare, virtualmente, un brindisi con le persone che vivono intorno a noi!<\/p>\n\n\n\n<p>Per sapere come creare la propria rete \u201chumanspirit\u201d:&nbsp;<a href=\"https:\/\/www.aranzulla.it\/humanspirit-network-come-condividere-la-rete-wi-fi-con-chi-ne-ha-bisogno-1208849.html\">https:\/\/www.aranzulla.it\/humanspirit-network-come-condividere-la-rete-wi-fi-con-chi-ne-ha-bisogno-1208849.html<\/a><\/p>\n\n\n\n<p>Pagina Facebook del Brand:&nbsp;<a href=\"https:\/\/www.facebook.com\/amaromontenegro\/\">https:\/\/www.facebook.com\/amaromontenegro\/<\/a><\/p>\n\n\n\n<p><strong>Credits:<\/strong><\/p>\n\n\n\n<p>Direzione Creativa: Antonello Falcone, Jacopo Morini<\/p>\n\n\n\n<p>Creative team: Giulia Richetta, Gabriella De Stefano<\/p>\n\n\n\n<p>Social Media Manager: Ludovica D\u2019Aquino<\/p>\n\n\n\n<p>Account Manager: Mirko Di Gregoli<\/p>\n\n\n\n<figure class=\"wp-block-image\"><img decoding=\"async\" src=\"https:\/\/newsroom.armandotesta.it\/wp-content\/uploads\/2020\/04\/Montenegro-1024x722.jpg\" alt=\"\" class=\"wp-image-4269\"\/><\/figure>\n","protected":false},"excerpt":{"rendered":"<p>Un\u2019idea all\u2019insegna della \u201csolidariet\u00e0 digitale\u201d che invita le persone a creare reti Wi-Fi ospiti per sostenere chi non ha una connessione stabile e veloce. In questi giorni in cui la quotidianit\u00e0 \u00e8 stata completamente capovolta,&nbsp;Amaro Montenegro, ambasciatore della&nbsp;condivisione&nbsp;e dello&nbsp;Human Spirit, propone un\u2019iniziativa social e allo stesso tempo sociale, con l\u2019obiettivo di&nbsp;unire l\u2019Italia&nbsp;con&nbsp;una forma simbolica di [&hellip;]<\/p>\n","protected":false},"author":1,"featured_media":20194,"comment_status":"closed","ping_status":"closed","sticky":false,"template":"","format":"standard","meta":{"_acf_changed":false,"inline_featured_image":false,"footnotes":""},"categories":[],"tags":[],"class_list":["post-24394","post","type-post","status-publish","format-standard","has-post-thumbnail","hentry"],"acf":false,"yoast_head":"<!-- This site is optimized with the Yoast SEO plugin v27.5 - https:\/\/yoast.com\/product\/yoast-seo-wordpress\/ -->\n<title>LO #HUMANSPIRIT NETWORK DI AMARO MONTENEGRO UNISCE L\u2019ITALIA CON ARMANDO TESTA - Armando Testa<\/title>\n<meta name=\"robots\" content=\"index, follow, max-snippet:-1, max-image-preview:large, max-video-preview:-1\" \/>\n<link rel=\"canonical\" href=\"https:\/\/www.armandotesta.it\/it\/lo-humanspirit-network-di-amaro-montenegro-unisce-litalia-con-armando-testa\/\" \/>\n<meta property=\"og:locale\" content=\"it_IT\" \/>\n<meta property=\"og:type\" content=\"article\" \/>\n<meta property=\"og:title\" content=\"LO #HUMANSPIRIT NETWORK DI AMARO MONTENEGRO UNISCE L\u2019ITALIA CON ARMANDO TESTA - Armando Testa\" \/>\n<meta property=\"og:description\" content=\"Un\u2019idea all\u2019insegna della \u201csolidariet\u00e0 digitale\u201d che invita le persone a creare reti Wi-Fi ospiti per sostenere chi non ha una connessione stabile e veloce. In questi giorni in cui la quotidianit\u00e0 \u00e8 stata completamente capovolta,&nbsp;Amaro Montenegro, ambasciatore della&nbsp;condivisione&nbsp;e dello&nbsp;Human Spirit, propone un\u2019iniziativa social e allo stesso tempo sociale, con l\u2019obiettivo di&nbsp;unire l\u2019Italia&nbsp;con&nbsp;una forma simbolica di [&hellip;]\" \/>\n<meta property=\"og:url\" content=\"https:\/\/www.armandotesta.it\/it\/lo-humanspirit-network-di-amaro-montenegro-unisce-litalia-con-armando-testa\/\" \/>\n<meta property=\"og:site_name\" content=\"Armando Testa\" \/>\n<meta property=\"article:published_time\" content=\"2020-04-29T14:08:46+00:00\" \/>\n<meta property=\"article:modified_time\" content=\"2024-06-04T13:40:48+00:00\" \/>\n<meta property=\"og:image\" content=\"https:\/\/www.armandotesta.it\/wp-content\/uploads\/2024\/06\/Montenegro.jpg\" \/>\n\t<meta property=\"og:image:width\" content=\"2480\" \/>\n\t<meta property=\"og:image:height\" content=\"1748\" \/>\n\t<meta property=\"og:image:type\" content=\"image\/jpeg\" \/>\n<meta name=\"author\" content=\"admAT\" \/>\n<meta name=\"twitter:card\" content=\"summary_large_image\" \/>\n<meta name=\"twitter:label1\" content=\"Scritto da\" \/>\n\t<meta name=\"twitter:data1\" content=\"admAT\" \/>\n\t<meta name=\"twitter:label2\" content=\"Tempo di lettura stimato\" \/>\n\t<meta name=\"twitter:data2\" content=\"2 minuti\" \/>\n<script type=\"application\/ld+json\" class=\"yoast-schema-graph\">{\"@context\":\"https:\\\/\\\/schema.org\",\"@graph\":[{\"@type\":\"Article\",\"@id\":\"https:\\\/\\\/www.armandotesta.it\\\/it\\\/lo-humanspirit-network-di-amaro-montenegro-unisce-litalia-con-armando-testa\\\/#article\",\"isPartOf\":{\"@id\":\"https:\\\/\\\/www.armandotesta.it\\\/it\\\/lo-humanspirit-network-di-amaro-montenegro-unisce-litalia-con-armando-testa\\\/\"},\"author\":{\"name\":\"admAT\",\"@id\":\"https:\\\/\\\/www.armandotesta.it\\\/it\\\/#\\\/schema\\\/person\\\/46d1d2d167e5f7b857761f0d5183a848\"},\"headline\":\"LO #HUMANSPIRIT NETWORK DI AMARO MONTENEGRO UNISCE L\u2019ITALIA CON ARMANDO TESTA\",\"datePublished\":\"2020-04-29T14:08:46+00:00\",\"dateModified\":\"2024-06-04T13:40:48+00:00\",\"mainEntityOfPage\":{\"@id\":\"https:\\\/\\\/www.armandotesta.it\\\/it\\\/lo-humanspirit-network-di-amaro-montenegro-unisce-litalia-con-armando-testa\\\/\"},\"wordCount\":388,\"publisher\":{\"@id\":\"https:\\\/\\\/www.armandotesta.it\\\/it\\\/#organization\"},\"image\":{\"@id\":\"https:\\\/\\\/www.armandotesta.it\\\/it\\\/lo-humanspirit-network-di-amaro-montenegro-unisce-litalia-con-armando-testa\\\/#primaryimage\"},\"thumbnailUrl\":\"https:\\\/\\\/www.armandotesta.it\\\/wp-content\\\/uploads\\\/2024\\\/06\\\/Montenegro.jpg\",\"inLanguage\":\"it-IT\"},{\"@type\":\"WebPage\",\"@id\":\"https:\\\/\\\/www.armandotesta.it\\\/it\\\/lo-humanspirit-network-di-amaro-montenegro-unisce-litalia-con-armando-testa\\\/\",\"url\":\"https:\\\/\\\/www.armandotesta.it\\\/it\\\/lo-humanspirit-network-di-amaro-montenegro-unisce-litalia-con-armando-testa\\\/\",\"name\":\"LO #HUMANSPIRIT NETWORK DI AMARO MONTENEGRO UNISCE L\u2019ITALIA CON ARMANDO TESTA - Armando Testa\",\"isPartOf\":{\"@id\":\"https:\\\/\\\/www.armandotesta.it\\\/it\\\/#website\"},\"primaryImageOfPage\":{\"@id\":\"https:\\\/\\\/www.armandotesta.it\\\/it\\\/lo-humanspirit-network-di-amaro-montenegro-unisce-litalia-con-armando-testa\\\/#primaryimage\"},\"image\":{\"@id\":\"https:\\\/\\\/www.armandotesta.it\\\/it\\\/lo-humanspirit-network-di-amaro-montenegro-unisce-litalia-con-armando-testa\\\/#primaryimage\"},\"thumbnailUrl\":\"https:\\\/\\\/www.armandotesta.it\\\/wp-content\\\/uploads\\\/2024\\\/06\\\/Montenegro.jpg\",\"datePublished\":\"2020-04-29T14:08:46+00:00\",\"dateModified\":\"2024-06-04T13:40:48+00:00\",\"breadcrumb\":{\"@id\":\"https:\\\/\\\/www.armandotesta.it\\\/it\\\/lo-humanspirit-network-di-amaro-montenegro-unisce-litalia-con-armando-testa\\\/#breadcrumb\"},\"inLanguage\":\"it-IT\",\"potentialAction\":[{\"@type\":\"ReadAction\",\"target\":[\"https:\\\/\\\/www.armandotesta.it\\\/it\\\/lo-humanspirit-network-di-amaro-montenegro-unisce-litalia-con-armando-testa\\\/\"]}]},{\"@type\":\"ImageObject\",\"inLanguage\":\"it-IT\",\"@id\":\"https:\\\/\\\/www.armandotesta.it\\\/it\\\/lo-humanspirit-network-di-amaro-montenegro-unisce-litalia-con-armando-testa\\\/#primaryimage\",\"url\":\"https:\\\/\\\/www.armandotesta.it\\\/wp-content\\\/uploads\\\/2024\\\/06\\\/Montenegro.jpg\",\"contentUrl\":\"https:\\\/\\\/www.armandotesta.it\\\/wp-content\\\/uploads\\\/2024\\\/06\\\/Montenegro.jpg\",\"width\":2480,\"height\":1748},{\"@type\":\"BreadcrumbList\",\"@id\":\"https:\\\/\\\/www.armandotesta.it\\\/it\\\/lo-humanspirit-network-di-amaro-montenegro-unisce-litalia-con-armando-testa\\\/#breadcrumb\",\"itemListElement\":[{\"@type\":\"ListItem\",\"position\":1,\"name\":\"Home\",\"item\":\"https:\\\/\\\/www.armandotesta.it\\\/it\\\/\"},{\"@type\":\"ListItem\",\"position\":2,\"name\":\"LO #HUMANSPIRIT NETWORK DI AMARO MONTENEGRO UNISCE L\u2019ITALIA CON ARMANDO TESTA\"}]},{\"@type\":\"WebSite\",\"@id\":\"https:\\\/\\\/www.armandotesta.it\\\/it\\\/#website\",\"url\":\"https:\\\/\\\/www.armandotesta.it\\\/it\\\/\",\"name\":\"Armando Testa\",\"description\":\"\",\"publisher\":{\"@id\":\"https:\\\/\\\/www.armandotesta.it\\\/it\\\/#organization\"},\"potentialAction\":[{\"@type\":\"SearchAction\",\"target\":{\"@type\":\"EntryPoint\",\"urlTemplate\":\"https:\\\/\\\/www.armandotesta.it\\\/it\\\/?s={search_term_string}\"},\"query-input\":{\"@type\":\"PropertyValueSpecification\",\"valueRequired\":true,\"valueName\":\"search_term_string\"}}],\"inLanguage\":\"it-IT\"},{\"@type\":\"Organization\",\"@id\":\"https:\\\/\\\/www.armandotesta.it\\\/it\\\/#organization\",\"name\":\"Armando Testa\",\"url\":\"https:\\\/\\\/www.armandotesta.it\\\/it\\\/\",\"logo\":{\"@type\":\"ImageObject\",\"inLanguage\":\"it-IT\",\"@id\":\"https:\\\/\\\/www.armandotesta.it\\\/it\\\/#\\\/schema\\\/logo\\\/image\\\/\",\"url\":\"https:\\\/\\\/www.armandotesta.it\\\/wp-content\\\/uploads\\\/2024\\\/01\\\/logo-at.png\",\"contentUrl\":\"https:\\\/\\\/www.armandotesta.it\\\/wp-content\\\/uploads\\\/2024\\\/01\\\/logo-at.png\",\"width\":200,\"height\":200,\"caption\":\"Armando Testa\"},\"image\":{\"@id\":\"https:\\\/\\\/www.armandotesta.it\\\/it\\\/#\\\/schema\\\/logo\\\/image\\\/\"}},{\"@type\":\"Person\",\"@id\":\"https:\\\/\\\/www.armandotesta.it\\\/it\\\/#\\\/schema\\\/person\\\/46d1d2d167e5f7b857761f0d5183a848\",\"name\":\"admAT\",\"image\":{\"@type\":\"ImageObject\",\"inLanguage\":\"it-IT\",\"@id\":\"https:\\\/\\\/secure.gravatar.com\\\/avatar\\\/9772e708d87105ee06ea2e627102fade92688c33bb2e0083a7a18b56280f7239?s=96&d=mm&r=g\",\"url\":\"https:\\\/\\\/secure.gravatar.com\\\/avatar\\\/9772e708d87105ee06ea2e627102fade92688c33bb2e0083a7a18b56280f7239?s=96&d=mm&r=g\",\"contentUrl\":\"https:\\\/\\\/secure.gravatar.com\\\/avatar\\\/9772e708d87105ee06ea2e627102fade92688c33bb2e0083a7a18b56280f7239?s=96&d=mm&r=g\",\"caption\":\"admAT\"},\"sameAs\":[\"https:\\\/\\\/www.armandotesta.it\"],\"url\":\"https:\\\/\\\/www.armandotesta.it\\\/it\\\/author\\\/admat\\\/\"}]}<\/script>\n<!-- \/ Yoast SEO plugin. -->","yoast_head_json":{"title":"LO #HUMANSPIRIT NETWORK DI AMARO MONTENEGRO UNISCE L\u2019ITALIA CON ARMANDO TESTA - Armando Testa","robots":{"index":"index","follow":"follow","max-snippet":"max-snippet:-1","max-image-preview":"max-image-preview:large","max-video-preview":"max-video-preview:-1"},"canonical":"https:\/\/www.armandotesta.it\/it\/lo-humanspirit-network-di-amaro-montenegro-unisce-litalia-con-armando-testa\/","og_locale":"it_IT","og_type":"article","og_title":"LO #HUMANSPIRIT NETWORK DI AMARO MONTENEGRO UNISCE L\u2019ITALIA CON ARMANDO TESTA - Armando Testa","og_description":"Un\u2019idea all\u2019insegna della \u201csolidariet\u00e0 digitale\u201d che invita le persone a creare reti Wi-Fi ospiti per sostenere chi non ha una connessione stabile e veloce. In questi giorni in cui la quotidianit\u00e0 \u00e8 stata completamente capovolta,&nbsp;Amaro Montenegro, ambasciatore della&nbsp;condivisione&nbsp;e dello&nbsp;Human Spirit, propone un\u2019iniziativa social e allo stesso tempo sociale, con l\u2019obiettivo di&nbsp;unire l\u2019Italia&nbsp;con&nbsp;una forma simbolica di [&hellip;]","og_url":"https:\/\/www.armandotesta.it\/it\/lo-humanspirit-network-di-amaro-montenegro-unisce-litalia-con-armando-testa\/","og_site_name":"Armando Testa","article_published_time":"2020-04-29T14:08:46+00:00","article_modified_time":"2024-06-04T13:40:48+00:00","og_image":[{"width":2480,"height":1748,"url":"https:\/\/www.armandotesta.it\/wp-content\/uploads\/2024\/06\/Montenegro.jpg","type":"image\/jpeg"}],"author":"admAT","twitter_card":"summary_large_image","twitter_misc":{"Scritto da":"admAT","Tempo di lettura stimato":"2 minuti"},"schema":{"@context":"https:\/\/schema.org","@graph":[{"@type":"Article","@id":"https:\/\/www.armandotesta.it\/it\/lo-humanspirit-network-di-amaro-montenegro-unisce-litalia-con-armando-testa\/#article","isPartOf":{"@id":"https:\/\/www.armandotesta.it\/it\/lo-humanspirit-network-di-amaro-montenegro-unisce-litalia-con-armando-testa\/"},"author":{"name":"admAT","@id":"https:\/\/www.armandotesta.it\/it\/#\/schema\/person\/46d1d2d167e5f7b857761f0d5183a848"},"headline":"LO #HUMANSPIRIT NETWORK DI AMARO MONTENEGRO UNISCE L\u2019ITALIA CON ARMANDO TESTA","datePublished":"2020-04-29T14:08:46+00:00","dateModified":"2024-06-04T13:40:48+00:00","mainEntityOfPage":{"@id":"https:\/\/www.armandotesta.it\/it\/lo-humanspirit-network-di-amaro-montenegro-unisce-litalia-con-armando-testa\/"},"wordCount":388,"publisher":{"@id":"https:\/\/www.armandotesta.it\/it\/#organization"},"image":{"@id":"https:\/\/www.armandotesta.it\/it\/lo-humanspirit-network-di-amaro-montenegro-unisce-litalia-con-armando-testa\/#primaryimage"},"thumbnailUrl":"https:\/\/www.armandotesta.it\/wp-content\/uploads\/2024\/06\/Montenegro.jpg","inLanguage":"it-IT"},{"@type":"WebPage","@id":"https:\/\/www.armandotesta.it\/it\/lo-humanspirit-network-di-amaro-montenegro-unisce-litalia-con-armando-testa\/","url":"https:\/\/www.armandotesta.it\/it\/lo-humanspirit-network-di-amaro-montenegro-unisce-litalia-con-armando-testa\/","name":"LO #HUMANSPIRIT NETWORK DI AMARO MONTENEGRO UNISCE L\u2019ITALIA CON ARMANDO TESTA - Armando Testa","isPartOf":{"@id":"https:\/\/www.armandotesta.it\/it\/#website"},"primaryImageOfPage":{"@id":"https:\/\/www.armandotesta.it\/it\/lo-humanspirit-network-di-amaro-montenegro-unisce-litalia-con-armando-testa\/#primaryimage"},"image":{"@id":"https:\/\/www.armandotesta.it\/it\/lo-humanspirit-network-di-amaro-montenegro-unisce-litalia-con-armando-testa\/#primaryimage"},"thumbnailUrl":"https:\/\/www.armandotesta.it\/wp-content\/uploads\/2024\/06\/Montenegro.jpg","datePublished":"2020-04-29T14:08:46+00:00","dateModified":"2024-06-04T13:40:48+00:00","breadcrumb":{"@id":"https:\/\/www.armandotesta.it\/it\/lo-humanspirit-network-di-amaro-montenegro-unisce-litalia-con-armando-testa\/#breadcrumb"},"inLanguage":"it-IT","potentialAction":[{"@type":"ReadAction","target":["https:\/\/www.armandotesta.it\/it\/lo-humanspirit-network-di-amaro-montenegro-unisce-litalia-con-armando-testa\/"]}]},{"@type":"ImageObject","inLanguage":"it-IT","@id":"https:\/\/www.armandotesta.it\/it\/lo-humanspirit-network-di-amaro-montenegro-unisce-litalia-con-armando-testa\/#primaryimage","url":"https:\/\/www.armandotesta.it\/wp-content\/uploads\/2024\/06\/Montenegro.jpg","contentUrl":"https:\/\/www.armandotesta.it\/wp-content\/uploads\/2024\/06\/Montenegro.jpg","width":2480,"height":1748},{"@type":"BreadcrumbList","@id":"https:\/\/www.armandotesta.it\/it\/lo-humanspirit-network-di-amaro-montenegro-unisce-litalia-con-armando-testa\/#breadcrumb","itemListElement":[{"@type":"ListItem","position":1,"name":"Home","item":"https:\/\/www.armandotesta.it\/it\/"},{"@type":"ListItem","position":2,"name":"LO #HUMANSPIRIT NETWORK DI AMARO MONTENEGRO UNISCE L\u2019ITALIA CON ARMANDO TESTA"}]},{"@type":"WebSite","@id":"https:\/\/www.armandotesta.it\/it\/#website","url":"https:\/\/www.armandotesta.it\/it\/","name":"Armando Testa","description":"","publisher":{"@id":"https:\/\/www.armandotesta.it\/it\/#organization"},"potentialAction":[{"@type":"SearchAction","target":{"@type":"EntryPoint","urlTemplate":"https:\/\/www.armandotesta.it\/it\/?s={search_term_string}"},"query-input":{"@type":"PropertyValueSpecification","valueRequired":true,"valueName":"search_term_string"}}],"inLanguage":"it-IT"},{"@type":"Organization","@id":"https:\/\/www.armandotesta.it\/it\/#organization","name":"Armando Testa","url":"https:\/\/www.armandotesta.it\/it\/","logo":{"@type":"ImageObject","inLanguage":"it-IT","@id":"https:\/\/www.armandotesta.it\/it\/#\/schema\/logo\/image\/","url":"https:\/\/www.armandotesta.it\/wp-content\/uploads\/2024\/01\/logo-at.png","contentUrl":"https:\/\/www.armandotesta.it\/wp-content\/uploads\/2024\/01\/logo-at.png","width":200,"height":200,"caption":"Armando Testa"},"image":{"@id":"https:\/\/www.armandotesta.it\/it\/#\/schema\/logo\/image\/"}},{"@type":"Person","@id":"https:\/\/www.armandotesta.it\/it\/#\/schema\/person\/46d1d2d167e5f7b857761f0d5183a848","name":"admAT","image":{"@type":"ImageObject","inLanguage":"it-IT","@id":"https:\/\/secure.gravatar.com\/avatar\/9772e708d87105ee06ea2e627102fade92688c33bb2e0083a7a18b56280f7239?s=96&d=mm&r=g","url":"https:\/\/secure.gravatar.com\/avatar\/9772e708d87105ee06ea2e627102fade92688c33bb2e0083a7a18b56280f7239?s=96&d=mm&r=g","contentUrl":"https:\/\/secure.gravatar.com\/avatar\/9772e708d87105ee06ea2e627102fade92688c33bb2e0083a7a18b56280f7239?s=96&d=mm&r=g","caption":"admAT"},"sameAs":["https:\/\/www.armandotesta.it"],"url":"https:\/\/www.armandotesta.it\/it\/author\/admat\/"}]}},"_links":{"self":[{"href":"https:\/\/www.armandotesta.it\/it\/wp-json\/wp\/v2\/posts\/24394","targetHints":{"allow":["GET"]}}],"collection":[{"href":"https:\/\/www.armandotesta.it\/it\/wp-json\/wp\/v2\/posts"}],"about":[{"href":"https:\/\/www.armandotesta.it\/it\/wp-json\/wp\/v2\/types\/post"}],"author":[{"embeddable":true,"href":"https:\/\/www.armandotesta.it\/it\/wp-json\/wp\/v2\/users\/1"}],"replies":[{"embeddable":true,"href":"https:\/\/www.armandotesta.it\/it\/wp-json\/wp\/v2\/comments?post=24394"}],"version-history":[{"count":1,"href":"https:\/\/www.armandotesta.it\/it\/wp-json\/wp\/v2\/posts\/24394\/revisions"}],"predecessor-version":[{"id":25352,"href":"https:\/\/www.armandotesta.it\/it\/wp-json\/wp\/v2\/posts\/24394\/revisions\/25352"}],"wp:featuredmedia":[{"embeddable":true,"href":"https:\/\/www.armandotesta.it\/it\/wp-json\/wp\/v2\/media\/20194"}],"wp:attachment":[{"href":"https:\/\/www.armandotesta.it\/it\/wp-json\/wp\/v2\/media?parent=24394"}],"wp:term":[{"taxonomy":"category","embeddable":true,"href":"https:\/\/www.armandotesta.it\/it\/wp-json\/wp\/v2\/categories?post=24394"},{"taxonomy":"post_tag","embeddable":true,"href":"https:\/\/www.armandotesta.it\/it\/wp-json\/wp\/v2\/tags?post=24394"}],"curies":[{"name":"wp","href":"https:\/\/api.w.org\/{rel}","templated":true}]}}