{"id":24387,"date":"2020-04-07T14:01:32","date_gmt":"2020-04-07T12:01:32","guid":{"rendered":"https:\/\/www.armandotesta.it\/esselunga-ringrazia-dipendenti-e-clienti-con-la-creativita-di-armando-testa\/"},"modified":"2024-06-04T15:40:46","modified_gmt":"2024-06-04T13:40:46","slug":"esselunga-ringrazia-dipendenti-e-clienti-con-la-creativita-di-armando-testa","status":"publish","type":"post","link":"https:\/\/www.armandotesta.it\/it\/esselunga-ringrazia-dipendenti-e-clienti-con-la-creativita-di-armando-testa\/","title":{"rendered":"ESSELUNGA RINGRAZIA DIPENDENTI E CLIENTI CON LA CREATIVIT\u00c0 DI ARMANDO TESTA"},"content":{"rendered":"\n<p>Vicina da sempre al cuore degli italiani, Esselunga sta avendo un ruolo di primo piano nella sfida&nbsp;quotidiana che tutti noi ci troviamo ad affrontare per superare l\u2019emergenza.<\/p>\n\n\n\n<p>Lo sta facendo chiedendo uno sforzo importante ai suoi dipendenti, ma anche contando, al di l\u00e0 di ogni aspettativa, sull\u2019affetto e la fiducia che i clienti stanno dimostrando in questo momento di difficolt\u00e0.<\/p>\n\n\n\n<p>Per questo, il brand vuole dire il proprio grazie sia a coloro che stanno continuando a lavorare in Esselunga con impegno straordinario per rendere pi\u00f9 normale la spesa di ognuno di noi, sia alle persone che&nbsp;stanno vivendo&nbsp;questa situazione con grande senso di responsabilit\u00e0 e affetto verso la marca.<\/p>\n\n\n\n<p>Sulle note della celebre canzone \u201cOver the Rainbow\u201d, simbolo di ottimismo, il video<\/p>\n\n\n\n<p>testimonia la fatica e lo sforzo di chi lavora in prima linea, ma al tempo stesso ci consegna uno spaccato vivo e colorato dell\u2019Italia che vuole farcela, e la speranza di un futuro migliore, che \u2013 ne siamo tutti sicuri \u2013 presto sar\u00e0 alle porte.<\/p>\n\n\n\n<p>Questa campagna \u00e8 il frutto di un gran lavoro di squadra che ha coinvolto tutte le anime del Gruppo Armando Testa ed \u00e8 stata prodotta da Little Bull, gli Studios del Gruppo, mentre la pianificazione media \u00e8 stata curata da Media Italia.&nbsp;<\/p>\n\n\n\n<p>\u00c8 on air su tutte le principali emittenti tv e in parallelo su web e stampa.<\/p>\n\n\n\n<p><strong>Credits<\/strong><\/p>\n\n\n\n<p>Direzione Creativa Esecutiva: Michele Mariani<\/p>\n\n\n\n<p>Direttore Creativo: Jacopo Morini<\/p>\n\n\n\n<p>Team Creativo: Barbara Ghiotti, Sara Greco, Fabiano Pagliara<\/p>\n\n\n\n<p>Direzione Clienti: Giovanni Sernia, Laura Alberti, Nicoletta Pittino<\/p>\n\n\n\n<p>Pianificazione Media: Media Italia<\/p>\n\n\n\n<p>Casa di Produzione: Little Bull<\/p>\n\n\n\n<ul class=\"wp-block-gallery columns-3 is-cropped wp-block-gallery-1 is-layout-flex wp-block-gallery-is-layout-flex\"><li class=\"blocks-gallery-item\"><figure><img decoding=\"async\" src=\"https:\/\/newsroom.armandotesta.it\/wp-content\/uploads\/2020\/04\/4-1024x569.jpg\" alt=\"\" data-id=\"4253\" data-link=\"https:\/\/newsroom.armandotesta.it\/it\/?attachment_id=4253\" class=\"wp-image-4253\"\/><\/figure><\/li><li class=\"blocks-gallery-item\"><figure><img decoding=\"async\" src=\"https:\/\/newsroom.armandotesta.it\/wp-content\/uploads\/2020\/04\/3-1024x568.jpg\" alt=\"\" data-id=\"4252\" data-link=\"https:\/\/newsroom.armandotesta.it\/it\/?attachment_id=4252\" class=\"wp-image-4252\"\/><\/figure><\/li><li class=\"blocks-gallery-item\"><figure><img decoding=\"async\" src=\"https:\/\/newsroom.armandotesta.it\/wp-content\/uploads\/2020\/04\/2-1024x571.jpg\" alt=\"\" data-id=\"4251\" data-link=\"https:\/\/newsroom.armandotesta.it\/it\/?attachment_id=4251\" class=\"wp-image-4251\"\/><\/figure><\/li><\/ul>\n\n\n\n<figure class=\"wp-block-embed-youtube wp-block-embed is-type-video is-provider-youtube wp-embed-aspect-16-9 wp-has-aspect-ratio\"><div class=\"wp-block-embed__wrapper\">\n<iframe loading=\"lazy\" title=\"ESSELUNGA Emergenza Covid\" width=\"500\" height=\"281\" src=\"https:\/\/www.youtube.com\/embed\/DzWNGlAhmso?feature=oembed\" frameborder=\"0\" allow=\"accelerometer; autoplay; clipboard-write; encrypted-media; gyroscope; picture-in-picture; web-share\" referrerpolicy=\"strict-origin-when-cross-origin\" allowfullscreen><\/iframe>\n<\/div><\/figure>\n","protected":false},"excerpt":{"rendered":"<p>Vicina da sempre al cuore degli italiani, Esselunga sta avendo un ruolo di primo piano nella sfida&nbsp;quotidiana che tutti noi ci troviamo ad affrontare per superare l\u2019emergenza. Lo sta facendo chiedendo uno sforzo importante ai suoi dipendenti, ma anche contando, al di l\u00e0 di ogni aspettativa, sull\u2019affetto e la fiducia che i clienti stanno dimostrando [&hellip;]<\/p>\n","protected":false},"author":1,"featured_media":20190,"comment_status":"closed","ping_status":"closed","sticky":false,"template":"","format":"standard","meta":{"_acf_changed":false,"inline_featured_image":false,"footnotes":""},"categories":[],"tags":[],"class_list":["post-24387","post","type-post","status-publish","format-standard","has-post-thumbnail","hentry"],"acf":false,"yoast_head":"<!-- This site is optimized with the Yoast SEO plugin v27.5 - https:\/\/yoast.com\/product\/yoast-seo-wordpress\/ -->\n<title>ESSELUNGA RINGRAZIA DIPENDENTI E CLIENTI CON LA CREATIVIT\u00c0 DI ARMANDO TESTA - Armando Testa<\/title>\n<meta name=\"robots\" content=\"index, follow, max-snippet:-1, max-image-preview:large, max-video-preview:-1\" \/>\n<link rel=\"canonical\" href=\"https:\/\/www.armandotesta.it\/it\/esselunga-ringrazia-dipendenti-e-clienti-con-la-creativita-di-armando-testa\/\" \/>\n<meta property=\"og:locale\" content=\"it_IT\" \/>\n<meta property=\"og:type\" content=\"article\" \/>\n<meta property=\"og:title\" content=\"ESSELUNGA RINGRAZIA DIPENDENTI E CLIENTI CON LA CREATIVIT\u00c0 DI ARMANDO TESTA - Armando Testa\" \/>\n<meta property=\"og:description\" content=\"Vicina da sempre al cuore degli italiani, Esselunga sta avendo un ruolo di primo piano nella sfida&nbsp;quotidiana che tutti noi ci troviamo ad affrontare per superare l\u2019emergenza. Lo sta facendo chiedendo uno sforzo importante ai suoi dipendenti, ma anche contando, al di l\u00e0 di ogni aspettativa, sull\u2019affetto e la fiducia che i clienti stanno dimostrando [&hellip;]\" \/>\n<meta property=\"og:url\" content=\"https:\/\/www.armandotesta.it\/it\/esselunga-ringrazia-dipendenti-e-clienti-con-la-creativita-di-armando-testa\/\" \/>\n<meta property=\"og:site_name\" content=\"Armando Testa\" \/>\n<meta property=\"article:published_time\" content=\"2020-04-07T12:01:32+00:00\" \/>\n<meta property=\"article:modified_time\" content=\"2024-06-04T13:40:46+00:00\" \/>\n<meta property=\"og:image\" content=\"https:\/\/www.armandotesta.it\/wp-content\/uploads\/2024\/06\/1-3-scaled.jpg\" \/>\n\t<meta property=\"og:image:width\" content=\"2560\" \/>\n\t<meta property=\"og:image:height\" content=\"1415\" \/>\n\t<meta property=\"og:image:type\" content=\"image\/jpeg\" \/>\n<meta name=\"author\" content=\"admAT\" \/>\n<meta name=\"twitter:card\" content=\"summary_large_image\" \/>\n<meta name=\"twitter:label1\" content=\"Scritto da\" \/>\n\t<meta name=\"twitter:data1\" content=\"admAT\" \/>\n\t<meta name=\"twitter:label2\" content=\"Tempo di lettura stimato\" \/>\n\t<meta name=\"twitter:data2\" content=\"1 minuto\" \/>\n<script type=\"application\/ld+json\" class=\"yoast-schema-graph\">{\"@context\":\"https:\\\/\\\/schema.org\",\"@graph\":[{\"@type\":\"Article\",\"@id\":\"https:\\\/\\\/www.armandotesta.it\\\/it\\\/esselunga-ringrazia-dipendenti-e-clienti-con-la-creativita-di-armando-testa\\\/#article\",\"isPartOf\":{\"@id\":\"https:\\\/\\\/www.armandotesta.it\\\/it\\\/esselunga-ringrazia-dipendenti-e-clienti-con-la-creativita-di-armando-testa\\\/\"},\"author\":{\"name\":\"admAT\",\"@id\":\"https:\\\/\\\/www.armandotesta.it\\\/it\\\/#\\\/schema\\\/person\\\/46d1d2d167e5f7b857761f0d5183a848\"},\"headline\":\"ESSELUNGA RINGRAZIA DIPENDENTI E CLIENTI CON LA CREATIVIT\u00c0 DI ARMANDO TESTA\",\"datePublished\":\"2020-04-07T12:01:32+00:00\",\"dateModified\":\"2024-06-04T13:40:46+00:00\",\"mainEntityOfPage\":{\"@id\":\"https:\\\/\\\/www.armandotesta.it\\\/it\\\/esselunga-ringrazia-dipendenti-e-clienti-con-la-creativita-di-armando-testa\\\/\"},\"wordCount\":278,\"publisher\":{\"@id\":\"https:\\\/\\\/www.armandotesta.it\\\/it\\\/#organization\"},\"image\":{\"@id\":\"https:\\\/\\\/www.armandotesta.it\\\/it\\\/esselunga-ringrazia-dipendenti-e-clienti-con-la-creativita-di-armando-testa\\\/#primaryimage\"},\"thumbnailUrl\":\"https:\\\/\\\/www.armandotesta.it\\\/wp-content\\\/uploads\\\/2024\\\/06\\\/1-3-scaled.jpg\",\"inLanguage\":\"it-IT\"},{\"@type\":\"WebPage\",\"@id\":\"https:\\\/\\\/www.armandotesta.it\\\/it\\\/esselunga-ringrazia-dipendenti-e-clienti-con-la-creativita-di-armando-testa\\\/\",\"url\":\"https:\\\/\\\/www.armandotesta.it\\\/it\\\/esselunga-ringrazia-dipendenti-e-clienti-con-la-creativita-di-armando-testa\\\/\",\"name\":\"ESSELUNGA RINGRAZIA DIPENDENTI E CLIENTI CON LA CREATIVIT\u00c0 DI ARMANDO TESTA - Armando Testa\",\"isPartOf\":{\"@id\":\"https:\\\/\\\/www.armandotesta.it\\\/it\\\/#website\"},\"primaryImageOfPage\":{\"@id\":\"https:\\\/\\\/www.armandotesta.it\\\/it\\\/esselunga-ringrazia-dipendenti-e-clienti-con-la-creativita-di-armando-testa\\\/#primaryimage\"},\"image\":{\"@id\":\"https:\\\/\\\/www.armandotesta.it\\\/it\\\/esselunga-ringrazia-dipendenti-e-clienti-con-la-creativita-di-armando-testa\\\/#primaryimage\"},\"thumbnailUrl\":\"https:\\\/\\\/www.armandotesta.it\\\/wp-content\\\/uploads\\\/2024\\\/06\\\/1-3-scaled.jpg\",\"datePublished\":\"2020-04-07T12:01:32+00:00\",\"dateModified\":\"2024-06-04T13:40:46+00:00\",\"breadcrumb\":{\"@id\":\"https:\\\/\\\/www.armandotesta.it\\\/it\\\/esselunga-ringrazia-dipendenti-e-clienti-con-la-creativita-di-armando-testa\\\/#breadcrumb\"},\"inLanguage\":\"it-IT\",\"potentialAction\":[{\"@type\":\"ReadAction\",\"target\":[\"https:\\\/\\\/www.armandotesta.it\\\/it\\\/esselunga-ringrazia-dipendenti-e-clienti-con-la-creativita-di-armando-testa\\\/\"]}]},{\"@type\":\"ImageObject\",\"inLanguage\":\"it-IT\",\"@id\":\"https:\\\/\\\/www.armandotesta.it\\\/it\\\/esselunga-ringrazia-dipendenti-e-clienti-con-la-creativita-di-armando-testa\\\/#primaryimage\",\"url\":\"https:\\\/\\\/www.armandotesta.it\\\/wp-content\\\/uploads\\\/2024\\\/06\\\/1-3-scaled.jpg\",\"contentUrl\":\"https:\\\/\\\/www.armandotesta.it\\\/wp-content\\\/uploads\\\/2024\\\/06\\\/1-3-scaled.jpg\",\"width\":2560,\"height\":1415},{\"@type\":\"BreadcrumbList\",\"@id\":\"https:\\\/\\\/www.armandotesta.it\\\/it\\\/esselunga-ringrazia-dipendenti-e-clienti-con-la-creativita-di-armando-testa\\\/#breadcrumb\",\"itemListElement\":[{\"@type\":\"ListItem\",\"position\":1,\"name\":\"Home\",\"item\":\"https:\\\/\\\/www.armandotesta.it\\\/it\\\/\"},{\"@type\":\"ListItem\",\"position\":2,\"name\":\"ESSELUNGA RINGRAZIA DIPENDENTI E CLIENTI CON LA CREATIVIT\u00c0 DI ARMANDO TESTA\"}]},{\"@type\":\"WebSite\",\"@id\":\"https:\\\/\\\/www.armandotesta.it\\\/it\\\/#website\",\"url\":\"https:\\\/\\\/www.armandotesta.it\\\/it\\\/\",\"name\":\"Armando Testa\",\"description\":\"\",\"publisher\":{\"@id\":\"https:\\\/\\\/www.armandotesta.it\\\/it\\\/#organization\"},\"potentialAction\":[{\"@type\":\"SearchAction\",\"target\":{\"@type\":\"EntryPoint\",\"urlTemplate\":\"https:\\\/\\\/www.armandotesta.it\\\/it\\\/?s={search_term_string}\"},\"query-input\":{\"@type\":\"PropertyValueSpecification\",\"valueRequired\":true,\"valueName\":\"search_term_string\"}}],\"inLanguage\":\"it-IT\"},{\"@type\":\"Organization\",\"@id\":\"https:\\\/\\\/www.armandotesta.it\\\/it\\\/#organization\",\"name\":\"Armando Testa\",\"url\":\"https:\\\/\\\/www.armandotesta.it\\\/it\\\/\",\"logo\":{\"@type\":\"ImageObject\",\"inLanguage\":\"it-IT\",\"@id\":\"https:\\\/\\\/www.armandotesta.it\\\/it\\\/#\\\/schema\\\/logo\\\/image\\\/\",\"url\":\"https:\\\/\\\/www.armandotesta.it\\\/wp-content\\\/uploads\\\/2024\\\/01\\\/logo-at.png\",\"contentUrl\":\"https:\\\/\\\/www.armandotesta.it\\\/wp-content\\\/uploads\\\/2024\\\/01\\\/logo-at.png\",\"width\":200,\"height\":200,\"caption\":\"Armando Testa\"},\"image\":{\"@id\":\"https:\\\/\\\/www.armandotesta.it\\\/it\\\/#\\\/schema\\\/logo\\\/image\\\/\"}},{\"@type\":\"Person\",\"@id\":\"https:\\\/\\\/www.armandotesta.it\\\/it\\\/#\\\/schema\\\/person\\\/46d1d2d167e5f7b857761f0d5183a848\",\"name\":\"admAT\",\"image\":{\"@type\":\"ImageObject\",\"inLanguage\":\"it-IT\",\"@id\":\"https:\\\/\\\/secure.gravatar.com\\\/avatar\\\/9772e708d87105ee06ea2e627102fade92688c33bb2e0083a7a18b56280f7239?s=96&d=mm&r=g\",\"url\":\"https:\\\/\\\/secure.gravatar.com\\\/avatar\\\/9772e708d87105ee06ea2e627102fade92688c33bb2e0083a7a18b56280f7239?s=96&d=mm&r=g\",\"contentUrl\":\"https:\\\/\\\/secure.gravatar.com\\\/avatar\\\/9772e708d87105ee06ea2e627102fade92688c33bb2e0083a7a18b56280f7239?s=96&d=mm&r=g\",\"caption\":\"admAT\"},\"sameAs\":[\"https:\\\/\\\/www.armandotesta.it\"],\"url\":\"https:\\\/\\\/www.armandotesta.it\\\/it\\\/author\\\/admat\\\/\"}]}<\/script>\n<!-- \/ Yoast SEO plugin. -->","yoast_head_json":{"title":"ESSELUNGA RINGRAZIA DIPENDENTI E CLIENTI CON LA CREATIVIT\u00c0 DI ARMANDO TESTA - Armando Testa","robots":{"index":"index","follow":"follow","max-snippet":"max-snippet:-1","max-image-preview":"max-image-preview:large","max-video-preview":"max-video-preview:-1"},"canonical":"https:\/\/www.armandotesta.it\/it\/esselunga-ringrazia-dipendenti-e-clienti-con-la-creativita-di-armando-testa\/","og_locale":"it_IT","og_type":"article","og_title":"ESSELUNGA RINGRAZIA DIPENDENTI E CLIENTI CON LA CREATIVIT\u00c0 DI ARMANDO TESTA - Armando Testa","og_description":"Vicina da sempre al cuore degli italiani, Esselunga sta avendo un ruolo di primo piano nella sfida&nbsp;quotidiana che tutti noi ci troviamo ad affrontare per superare l\u2019emergenza. Lo sta facendo chiedendo uno sforzo importante ai suoi dipendenti, ma anche contando, al di l\u00e0 di ogni aspettativa, sull\u2019affetto e la fiducia che i clienti stanno dimostrando [&hellip;]","og_url":"https:\/\/www.armandotesta.it\/it\/esselunga-ringrazia-dipendenti-e-clienti-con-la-creativita-di-armando-testa\/","og_site_name":"Armando Testa","article_published_time":"2020-04-07T12:01:32+00:00","article_modified_time":"2024-06-04T13:40:46+00:00","og_image":[{"width":2560,"height":1415,"url":"https:\/\/www.armandotesta.it\/wp-content\/uploads\/2024\/06\/1-3-scaled.jpg","type":"image\/jpeg"}],"author":"admAT","twitter_card":"summary_large_image","twitter_misc":{"Scritto da":"admAT","Tempo di lettura stimato":"1 minuto"},"schema":{"@context":"https:\/\/schema.org","@graph":[{"@type":"Article","@id":"https:\/\/www.armandotesta.it\/it\/esselunga-ringrazia-dipendenti-e-clienti-con-la-creativita-di-armando-testa\/#article","isPartOf":{"@id":"https:\/\/www.armandotesta.it\/it\/esselunga-ringrazia-dipendenti-e-clienti-con-la-creativita-di-armando-testa\/"},"author":{"name":"admAT","@id":"https:\/\/www.armandotesta.it\/it\/#\/schema\/person\/46d1d2d167e5f7b857761f0d5183a848"},"headline":"ESSELUNGA RINGRAZIA DIPENDENTI E CLIENTI CON LA CREATIVIT\u00c0 DI ARMANDO TESTA","datePublished":"2020-04-07T12:01:32+00:00","dateModified":"2024-06-04T13:40:46+00:00","mainEntityOfPage":{"@id":"https:\/\/www.armandotesta.it\/it\/esselunga-ringrazia-dipendenti-e-clienti-con-la-creativita-di-armando-testa\/"},"wordCount":278,"publisher":{"@id":"https:\/\/www.armandotesta.it\/it\/#organization"},"image":{"@id":"https:\/\/www.armandotesta.it\/it\/esselunga-ringrazia-dipendenti-e-clienti-con-la-creativita-di-armando-testa\/#primaryimage"},"thumbnailUrl":"https:\/\/www.armandotesta.it\/wp-content\/uploads\/2024\/06\/1-3-scaled.jpg","inLanguage":"it-IT"},{"@type":"WebPage","@id":"https:\/\/www.armandotesta.it\/it\/esselunga-ringrazia-dipendenti-e-clienti-con-la-creativita-di-armando-testa\/","url":"https:\/\/www.armandotesta.it\/it\/esselunga-ringrazia-dipendenti-e-clienti-con-la-creativita-di-armando-testa\/","name":"ESSELUNGA RINGRAZIA DIPENDENTI E CLIENTI CON LA CREATIVIT\u00c0 DI ARMANDO TESTA - Armando Testa","isPartOf":{"@id":"https:\/\/www.armandotesta.it\/it\/#website"},"primaryImageOfPage":{"@id":"https:\/\/www.armandotesta.it\/it\/esselunga-ringrazia-dipendenti-e-clienti-con-la-creativita-di-armando-testa\/#primaryimage"},"image":{"@id":"https:\/\/www.armandotesta.it\/it\/esselunga-ringrazia-dipendenti-e-clienti-con-la-creativita-di-armando-testa\/#primaryimage"},"thumbnailUrl":"https:\/\/www.armandotesta.it\/wp-content\/uploads\/2024\/06\/1-3-scaled.jpg","datePublished":"2020-04-07T12:01:32+00:00","dateModified":"2024-06-04T13:40:46+00:00","breadcrumb":{"@id":"https:\/\/www.armandotesta.it\/it\/esselunga-ringrazia-dipendenti-e-clienti-con-la-creativita-di-armando-testa\/#breadcrumb"},"inLanguage":"it-IT","potentialAction":[{"@type":"ReadAction","target":["https:\/\/www.armandotesta.it\/it\/esselunga-ringrazia-dipendenti-e-clienti-con-la-creativita-di-armando-testa\/"]}]},{"@type":"ImageObject","inLanguage":"it-IT","@id":"https:\/\/www.armandotesta.it\/it\/esselunga-ringrazia-dipendenti-e-clienti-con-la-creativita-di-armando-testa\/#primaryimage","url":"https:\/\/www.armandotesta.it\/wp-content\/uploads\/2024\/06\/1-3-scaled.jpg","contentUrl":"https:\/\/www.armandotesta.it\/wp-content\/uploads\/2024\/06\/1-3-scaled.jpg","width":2560,"height":1415},{"@type":"BreadcrumbList","@id":"https:\/\/www.armandotesta.it\/it\/esselunga-ringrazia-dipendenti-e-clienti-con-la-creativita-di-armando-testa\/#breadcrumb","itemListElement":[{"@type":"ListItem","position":1,"name":"Home","item":"https:\/\/www.armandotesta.it\/it\/"},{"@type":"ListItem","position":2,"name":"ESSELUNGA RINGRAZIA DIPENDENTI E CLIENTI CON LA CREATIVIT\u00c0 DI ARMANDO TESTA"}]},{"@type":"WebSite","@id":"https:\/\/www.armandotesta.it\/it\/#website","url":"https:\/\/www.armandotesta.it\/it\/","name":"Armando Testa","description":"","publisher":{"@id":"https:\/\/www.armandotesta.it\/it\/#organization"},"potentialAction":[{"@type":"SearchAction","target":{"@type":"EntryPoint","urlTemplate":"https:\/\/www.armandotesta.it\/it\/?s={search_term_string}"},"query-input":{"@type":"PropertyValueSpecification","valueRequired":true,"valueName":"search_term_string"}}],"inLanguage":"it-IT"},{"@type":"Organization","@id":"https:\/\/www.armandotesta.it\/it\/#organization","name":"Armando Testa","url":"https:\/\/www.armandotesta.it\/it\/","logo":{"@type":"ImageObject","inLanguage":"it-IT","@id":"https:\/\/www.armandotesta.it\/it\/#\/schema\/logo\/image\/","url":"https:\/\/www.armandotesta.it\/wp-content\/uploads\/2024\/01\/logo-at.png","contentUrl":"https:\/\/www.armandotesta.it\/wp-content\/uploads\/2024\/01\/logo-at.png","width":200,"height":200,"caption":"Armando Testa"},"image":{"@id":"https:\/\/www.armandotesta.it\/it\/#\/schema\/logo\/image\/"}},{"@type":"Person","@id":"https:\/\/www.armandotesta.it\/it\/#\/schema\/person\/46d1d2d167e5f7b857761f0d5183a848","name":"admAT","image":{"@type":"ImageObject","inLanguage":"it-IT","@id":"https:\/\/secure.gravatar.com\/avatar\/9772e708d87105ee06ea2e627102fade92688c33bb2e0083a7a18b56280f7239?s=96&d=mm&r=g","url":"https:\/\/secure.gravatar.com\/avatar\/9772e708d87105ee06ea2e627102fade92688c33bb2e0083a7a18b56280f7239?s=96&d=mm&r=g","contentUrl":"https:\/\/secure.gravatar.com\/avatar\/9772e708d87105ee06ea2e627102fade92688c33bb2e0083a7a18b56280f7239?s=96&d=mm&r=g","caption":"admAT"},"sameAs":["https:\/\/www.armandotesta.it"],"url":"https:\/\/www.armandotesta.it\/it\/author\/admat\/"}]}},"_links":{"self":[{"href":"https:\/\/www.armandotesta.it\/it\/wp-json\/wp\/v2\/posts\/24387","targetHints":{"allow":["GET"]}}],"collection":[{"href":"https:\/\/www.armandotesta.it\/it\/wp-json\/wp\/v2\/posts"}],"about":[{"href":"https:\/\/www.armandotesta.it\/it\/wp-json\/wp\/v2\/types\/post"}],"author":[{"embeddable":true,"href":"https:\/\/www.armandotesta.it\/it\/wp-json\/wp\/v2\/users\/1"}],"replies":[{"embeddable":true,"href":"https:\/\/www.armandotesta.it\/it\/wp-json\/wp\/v2\/comments?post=24387"}],"version-history":[{"count":1,"href":"https:\/\/www.armandotesta.it\/it\/wp-json\/wp\/v2\/posts\/24387\/revisions"}],"predecessor-version":[{"id":25345,"href":"https:\/\/www.armandotesta.it\/it\/wp-json\/wp\/v2\/posts\/24387\/revisions\/25345"}],"wp:featuredmedia":[{"embeddable":true,"href":"https:\/\/www.armandotesta.it\/it\/wp-json\/wp\/v2\/media\/20190"}],"wp:attachment":[{"href":"https:\/\/www.armandotesta.it\/it\/wp-json\/wp\/v2\/media?parent=24387"}],"wp:term":[{"taxonomy":"category","embeddable":true,"href":"https:\/\/www.armandotesta.it\/it\/wp-json\/wp\/v2\/categories?post=24387"},{"taxonomy":"post_tag","embeddable":true,"href":"https:\/\/www.armandotesta.it\/it\/wp-json\/wp\/v2\/tags?post=24387"}],"curies":[{"name":"wp","href":"https:\/\/api.w.org\/{rel}","templated":true}]}}