{"id":24260,"date":"2019-10-21T13:00:51","date_gmt":"2019-10-21T11:00:51","guid":{"rendered":"https:\/\/www.armandotesta.it\/armando-testa-riporta-in-comunicazione-ventis-con-un-nuovo-film-per-tv-e-digital-e-rebranding-grafico-per-unesperienza-tutta-da-vivere\/"},"modified":"2024-06-04T15:40:26","modified_gmt":"2024-06-04T13:40:26","slug":"armando-testa-riporta-in-comunicazione-ventis-con-un-nuovo-film-per-tv-e-digital-e-rebranding-grafico-per-unesperienza-tutta-da-vivere","status":"publish","type":"post","link":"https:\/\/www.armandotesta.it\/it\/armando-testa-riporta-in-comunicazione-ventis-con-un-nuovo-film-per-tv-e-digital-e-rebranding-grafico-per-unesperienza-tutta-da-vivere\/","title":{"rendered":"ARMANDO TESTA RIPORTA IN COMUNICAZIONE VENTIS, CON UN NUOVO FILM PER TV E DIGITAL E REBRANDING GRAFICO.  PER UN&#8217;ESPERIENZA &#8220;TUTTA DA VIVERE&#8221;."},"content":{"rendered":"\n<p><\/p>\n\n\n\n<p>Dopo una gara conclusa prima dell&#8217;estate, ARMANDO TESTA si aggiudica e riporta in comunicazione&nbsp;Ventis, il portale di shopping di Moda, Enogastronomia, Arredamento e Servizi di digital banking.<\/p>\n\n\n\n<p>Una gara vinta grazie al concetto di campagna&nbsp;<strong>&#8220;Ventis \u00e8 tutto da vivere&#8221;<\/strong>&nbsp;per trasferire l&#8217;esperienza unica d&#8217;acquisto sul marketplace Ventis, il sito di e-commerce&nbsp;per chi ama i prodotti made in Italy e le eccellenze internazionali ed \u00e8 attento alle offerte da non perdere&nbsp;e ai prezzi&nbsp;davvero vantaggiosi.&nbsp;<\/p>\n\n\n\n<p>&#8220;Siamo molto felici dell&#8217;acquisizione di Ventis,&nbsp;-dice Nicola Belli consigliere delegato del Gruppo Armando Testa-&nbsp;oltre che per la tipologia di cliente che opera su un settore nuovo in pieno sviluppo, anche&nbsp;perch\u00e9 \u00e8 stata una prova davvero integrata delle professionalit\u00e0 che Armando Testa riesce a esprimere.&#8221;<\/p>\n\n\n\n<p>Oltre al film per TV e digital, l&#8217;ufficio interno di branding design&nbsp;<strong>InTesta<\/strong>,&nbsp;ha sviluppato il rebranding di Ventis: oltre a un nuovo design del logo, necessario per una migliore visualizzazione su web e mobile, \u00e8 stata studiata la nuova Carta di credito Ventis.&nbsp;Infatti, oggi Ventis lancia anche la VentisCard Visa per fare acquisti ovunque, che garantisce un cashback immediato per acquisti sul sito.<\/p>\n\n\n\n<p>Il film \u00e8 stato prodotto e realizzato da&nbsp;<strong>LittleBull<\/strong>, casa di produzione interna del Gruppo Testa, sempre pi\u00f9 strutturata per diventare vero e proprio &#8220;Studios&#8221; con all&#8217;interno tutte le professionalit\u00e0 dalla produzione, alla regia, all\u2019editing, alla post produzione, l\u2019animazione e il 3D.\u2028<\/p>\n\n\n\n<p>Il film \u00e8 in onda da domenica 20 ottobre su reti Mediaset, Discovery e SKY.&nbsp;<\/p>\n\n\n\n<p>La campagna \u00e8 online da luned\u00ec 21 ottobre a domenica 8 dicembre.<\/p>\n\n\n\n<p>CREDITS\u2028<\/p>\n\n\n\n<p>Agenzia:&nbsp;Armando Testa<\/p>\n\n\n\n<p>Project leader:&nbsp;Vincenzo Celli, direttore creativo<\/p>\n\n\n\n<p>Brand design:&nbsp;Paolo Cremonesi, Ettore Monzeglio<\/p>\n\n\n\n<p>Digital:&nbsp;Cristina Macchi, Alice Franco<\/p>\n\n\n\n<p>Team Account:\u00a0Laura Alberti<\/p>\n\n\n\n<p><\/p>\n\n\n\n<p><\/p>\n\n\n\n<figure class=\"wp-block-image\"><img decoding=\"async\" src=\"https:\/\/newsroom.armandotesta.it\/wp-content\/uploads\/2019\/10\/Ventis_FRAME1-1024x576.jpg\" alt=\"\" class=\"wp-image-3939\"\/><\/figure>\n\n\n\n<p><\/p>\n\n\n\n<figure class=\"wp-block-embed-youtube wp-block-embed is-type-video is-provider-youtube wp-embed-aspect-16-9 wp-has-aspect-ratio\"><div class=\"wp-block-embed__wrapper\">\n<iframe loading=\"lazy\" title=\"Ventis - Soggetto VENTIS \u00e8 tutto da vivere\" width=\"500\" height=\"281\" src=\"https:\/\/www.youtube.com\/embed\/t4rhM6IP1ds?feature=oembed\" frameborder=\"0\" allow=\"accelerometer; autoplay; clipboard-write; encrypted-media; gyroscope; picture-in-picture; web-share\" referrerpolicy=\"strict-origin-when-cross-origin\" allowfullscreen><\/iframe>\n<\/div><\/figure>\n\n\n\n<p><\/p>\n\n\n\n<p><\/p>\n\n\n\n<p><\/p>\n","protected":false},"excerpt":{"rendered":"<p>Dopo una gara conclusa prima dell&#8217;estate, ARMANDO TESTA si aggiudica e riporta in comunicazione Ventis, il portale di shopping di Moda, Enogastronomia, Arredamento e Servizi di digital banking.<\/p>\n","protected":false},"author":1,"featured_media":24261,"comment_status":"closed","ping_status":"closed","sticky":false,"template":"","format":"standard","meta":{"_acf_changed":false,"inline_featured_image":false,"footnotes":""},"categories":[],"tags":[],"class_list":["post-24260","post","type-post","status-publish","format-standard","has-post-thumbnail","hentry"],"acf":false,"yoast_head":"<!-- This site is optimized with the Yoast SEO plugin v27.5 - https:\/\/yoast.com\/product\/yoast-seo-wordpress\/ -->\n<title>ARMANDO TESTA RIPORTA IN COMUNICAZIONE VENTIS, CON UN NUOVO FILM PER TV E DIGITAL E REBRANDING GRAFICO. PER UN&#039;ESPERIENZA &quot;TUTTA DA VIVERE&quot;. - Armando Testa<\/title>\n<meta name=\"robots\" content=\"index, follow, max-snippet:-1, max-image-preview:large, max-video-preview:-1\" \/>\n<link rel=\"canonical\" href=\"https:\/\/www.armandotesta.it\/it\/armando-testa-riporta-in-comunicazione-ventis-con-un-nuovo-film-per-tv-e-digital-e-rebranding-grafico-per-unesperienza-tutta-da-vivere\/\" \/>\n<meta property=\"og:locale\" content=\"it_IT\" \/>\n<meta property=\"og:type\" content=\"article\" \/>\n<meta property=\"og:title\" content=\"ARMANDO TESTA RIPORTA IN COMUNICAZIONE VENTIS, CON UN NUOVO FILM PER TV E DIGITAL E REBRANDING GRAFICO. PER UN&#039;ESPERIENZA &quot;TUTTA DA VIVERE&quot;. - Armando Testa\" \/>\n<meta property=\"og:description\" content=\"Dopo una gara conclusa prima dell&#039;estate, ARMANDO TESTA si aggiudica e riporta in comunicazione Ventis, il portale di shopping di Moda, Enogastronomia, Arredamento e Servizi di digital banking.\" \/>\n<meta property=\"og:url\" content=\"https:\/\/www.armandotesta.it\/it\/armando-testa-riporta-in-comunicazione-ventis-con-un-nuovo-film-per-tv-e-digital-e-rebranding-grafico-per-unesperienza-tutta-da-vivere\/\" \/>\n<meta property=\"og:site_name\" content=\"Armando Testa\" \/>\n<meta property=\"article:published_time\" content=\"2019-10-21T11:00:51+00:00\" \/>\n<meta property=\"article:modified_time\" content=\"2024-06-04T13:40:26+00:00\" \/>\n<meta property=\"og:image\" content=\"https:\/\/www.armandotesta.it\/wp-content\/uploads\/2024\/06\/Ventis_FRAME2.jpg\" \/>\n\t<meta property=\"og:image:width\" content=\"1920\" \/>\n\t<meta property=\"og:image:height\" content=\"1080\" \/>\n\t<meta property=\"og:image:type\" content=\"image\/jpeg\" \/>\n<meta name=\"author\" content=\"admAT\" \/>\n<meta name=\"twitter:card\" content=\"summary_large_image\" \/>\n<meta name=\"twitter:label1\" content=\"Scritto da\" \/>\n\t<meta name=\"twitter:data1\" content=\"admAT\" \/>\n\t<meta name=\"twitter:label2\" content=\"Tempo di lettura stimato\" \/>\n\t<meta name=\"twitter:data2\" content=\"2 minuti\" \/>\n<script type=\"application\/ld+json\" class=\"yoast-schema-graph\">{\"@context\":\"https:\\\/\\\/schema.org\",\"@graph\":[{\"@type\":\"Article\",\"@id\":\"https:\\\/\\\/www.armandotesta.it\\\/it\\\/armando-testa-riporta-in-comunicazione-ventis-con-un-nuovo-film-per-tv-e-digital-e-rebranding-grafico-per-unesperienza-tutta-da-vivere\\\/#article\",\"isPartOf\":{\"@id\":\"https:\\\/\\\/www.armandotesta.it\\\/it\\\/armando-testa-riporta-in-comunicazione-ventis-con-un-nuovo-film-per-tv-e-digital-e-rebranding-grafico-per-unesperienza-tutta-da-vivere\\\/\"},\"author\":{\"name\":\"admAT\",\"@id\":\"https:\\\/\\\/www.armandotesta.it\\\/it\\\/#\\\/schema\\\/person\\\/46d1d2d167e5f7b857761f0d5183a848\"},\"headline\":\"ARMANDO TESTA RIPORTA IN COMUNICAZIONE VENTIS, CON UN NUOVO FILM PER TV E DIGITAL E REBRANDING GRAFICO. PER UN&#8217;ESPERIENZA &#8220;TUTTA DA VIVERE&#8221;.\",\"datePublished\":\"2019-10-21T11:00:51+00:00\",\"dateModified\":\"2024-06-04T13:40:26+00:00\",\"mainEntityOfPage\":{\"@id\":\"https:\\\/\\\/www.armandotesta.it\\\/it\\\/armando-testa-riporta-in-comunicazione-ventis-con-un-nuovo-film-per-tv-e-digital-e-rebranding-grafico-per-unesperienza-tutta-da-vivere\\\/\"},\"wordCount\":338,\"publisher\":{\"@id\":\"https:\\\/\\\/www.armandotesta.it\\\/it\\\/#organization\"},\"image\":{\"@id\":\"https:\\\/\\\/www.armandotesta.it\\\/it\\\/armando-testa-riporta-in-comunicazione-ventis-con-un-nuovo-film-per-tv-e-digital-e-rebranding-grafico-per-unesperienza-tutta-da-vivere\\\/#primaryimage\"},\"thumbnailUrl\":\"https:\\\/\\\/www.armandotesta.it\\\/wp-content\\\/uploads\\\/2024\\\/06\\\/Ventis_FRAME2.jpg\",\"inLanguage\":\"it-IT\"},{\"@type\":\"WebPage\",\"@id\":\"https:\\\/\\\/www.armandotesta.it\\\/it\\\/armando-testa-riporta-in-comunicazione-ventis-con-un-nuovo-film-per-tv-e-digital-e-rebranding-grafico-per-unesperienza-tutta-da-vivere\\\/\",\"url\":\"https:\\\/\\\/www.armandotesta.it\\\/it\\\/armando-testa-riporta-in-comunicazione-ventis-con-un-nuovo-film-per-tv-e-digital-e-rebranding-grafico-per-unesperienza-tutta-da-vivere\\\/\",\"name\":\"ARMANDO TESTA RIPORTA IN COMUNICAZIONE VENTIS, CON UN NUOVO FILM PER TV E DIGITAL E REBRANDING GRAFICO. PER UN'ESPERIENZA \\\"TUTTA DA VIVERE\\\". - Armando Testa\",\"isPartOf\":{\"@id\":\"https:\\\/\\\/www.armandotesta.it\\\/it\\\/#website\"},\"primaryImageOfPage\":{\"@id\":\"https:\\\/\\\/www.armandotesta.it\\\/it\\\/armando-testa-riporta-in-comunicazione-ventis-con-un-nuovo-film-per-tv-e-digital-e-rebranding-grafico-per-unesperienza-tutta-da-vivere\\\/#primaryimage\"},\"image\":{\"@id\":\"https:\\\/\\\/www.armandotesta.it\\\/it\\\/armando-testa-riporta-in-comunicazione-ventis-con-un-nuovo-film-per-tv-e-digital-e-rebranding-grafico-per-unesperienza-tutta-da-vivere\\\/#primaryimage\"},\"thumbnailUrl\":\"https:\\\/\\\/www.armandotesta.it\\\/wp-content\\\/uploads\\\/2024\\\/06\\\/Ventis_FRAME2.jpg\",\"datePublished\":\"2019-10-21T11:00:51+00:00\",\"dateModified\":\"2024-06-04T13:40:26+00:00\",\"breadcrumb\":{\"@id\":\"https:\\\/\\\/www.armandotesta.it\\\/it\\\/armando-testa-riporta-in-comunicazione-ventis-con-un-nuovo-film-per-tv-e-digital-e-rebranding-grafico-per-unesperienza-tutta-da-vivere\\\/#breadcrumb\"},\"inLanguage\":\"it-IT\",\"potentialAction\":[{\"@type\":\"ReadAction\",\"target\":[\"https:\\\/\\\/www.armandotesta.it\\\/it\\\/armando-testa-riporta-in-comunicazione-ventis-con-un-nuovo-film-per-tv-e-digital-e-rebranding-grafico-per-unesperienza-tutta-da-vivere\\\/\"]}]},{\"@type\":\"ImageObject\",\"inLanguage\":\"it-IT\",\"@id\":\"https:\\\/\\\/www.armandotesta.it\\\/it\\\/armando-testa-riporta-in-comunicazione-ventis-con-un-nuovo-film-per-tv-e-digital-e-rebranding-grafico-per-unesperienza-tutta-da-vivere\\\/#primaryimage\",\"url\":\"https:\\\/\\\/www.armandotesta.it\\\/wp-content\\\/uploads\\\/2024\\\/06\\\/Ventis_FRAME2.jpg\",\"contentUrl\":\"https:\\\/\\\/www.armandotesta.it\\\/wp-content\\\/uploads\\\/2024\\\/06\\\/Ventis_FRAME2.jpg\",\"width\":1920,\"height\":1080},{\"@type\":\"BreadcrumbList\",\"@id\":\"https:\\\/\\\/www.armandotesta.it\\\/it\\\/armando-testa-riporta-in-comunicazione-ventis-con-un-nuovo-film-per-tv-e-digital-e-rebranding-grafico-per-unesperienza-tutta-da-vivere\\\/#breadcrumb\",\"itemListElement\":[{\"@type\":\"ListItem\",\"position\":1,\"name\":\"Home\",\"item\":\"https:\\\/\\\/www.armandotesta.it\\\/it\\\/\"},{\"@type\":\"ListItem\",\"position\":2,\"name\":\"ARMANDO TESTA RIPORTA IN COMUNICAZIONE VENTIS, CON UN NUOVO FILM PER TV E DIGITAL E REBRANDING GRAFICO. PER UN&#8217;ESPERIENZA &#8220;TUTTA DA VIVERE&#8221;.\"}]},{\"@type\":\"WebSite\",\"@id\":\"https:\\\/\\\/www.armandotesta.it\\\/it\\\/#website\",\"url\":\"https:\\\/\\\/www.armandotesta.it\\\/it\\\/\",\"name\":\"Armando Testa\",\"description\":\"\",\"publisher\":{\"@id\":\"https:\\\/\\\/www.armandotesta.it\\\/it\\\/#organization\"},\"potentialAction\":[{\"@type\":\"SearchAction\",\"target\":{\"@type\":\"EntryPoint\",\"urlTemplate\":\"https:\\\/\\\/www.armandotesta.it\\\/it\\\/?s={search_term_string}\"},\"query-input\":{\"@type\":\"PropertyValueSpecification\",\"valueRequired\":true,\"valueName\":\"search_term_string\"}}],\"inLanguage\":\"it-IT\"},{\"@type\":\"Organization\",\"@id\":\"https:\\\/\\\/www.armandotesta.it\\\/it\\\/#organization\",\"name\":\"Armando Testa\",\"url\":\"https:\\\/\\\/www.armandotesta.it\\\/it\\\/\",\"logo\":{\"@type\":\"ImageObject\",\"inLanguage\":\"it-IT\",\"@id\":\"https:\\\/\\\/www.armandotesta.it\\\/it\\\/#\\\/schema\\\/logo\\\/image\\\/\",\"url\":\"https:\\\/\\\/www.armandotesta.it\\\/wp-content\\\/uploads\\\/2024\\\/01\\\/logo-at.png\",\"contentUrl\":\"https:\\\/\\\/www.armandotesta.it\\\/wp-content\\\/uploads\\\/2024\\\/01\\\/logo-at.png\",\"width\":200,\"height\":200,\"caption\":\"Armando Testa\"},\"image\":{\"@id\":\"https:\\\/\\\/www.armandotesta.it\\\/it\\\/#\\\/schema\\\/logo\\\/image\\\/\"}},{\"@type\":\"Person\",\"@id\":\"https:\\\/\\\/www.armandotesta.it\\\/it\\\/#\\\/schema\\\/person\\\/46d1d2d167e5f7b857761f0d5183a848\",\"name\":\"admAT\",\"image\":{\"@type\":\"ImageObject\",\"inLanguage\":\"it-IT\",\"@id\":\"https:\\\/\\\/secure.gravatar.com\\\/avatar\\\/9772e708d87105ee06ea2e627102fade92688c33bb2e0083a7a18b56280f7239?s=96&d=mm&r=g\",\"url\":\"https:\\\/\\\/secure.gravatar.com\\\/avatar\\\/9772e708d87105ee06ea2e627102fade92688c33bb2e0083a7a18b56280f7239?s=96&d=mm&r=g\",\"contentUrl\":\"https:\\\/\\\/secure.gravatar.com\\\/avatar\\\/9772e708d87105ee06ea2e627102fade92688c33bb2e0083a7a18b56280f7239?s=96&d=mm&r=g\",\"caption\":\"admAT\"},\"sameAs\":[\"https:\\\/\\\/www.armandotesta.it\"],\"url\":\"https:\\\/\\\/www.armandotesta.it\\\/it\\\/author\\\/admat\\\/\"}]}<\/script>\n<!-- \/ Yoast SEO plugin. -->","yoast_head_json":{"title":"ARMANDO TESTA RIPORTA IN COMUNICAZIONE VENTIS, CON UN NUOVO FILM PER TV E DIGITAL E REBRANDING GRAFICO. PER UN'ESPERIENZA \"TUTTA DA VIVERE\". - Armando Testa","robots":{"index":"index","follow":"follow","max-snippet":"max-snippet:-1","max-image-preview":"max-image-preview:large","max-video-preview":"max-video-preview:-1"},"canonical":"https:\/\/www.armandotesta.it\/it\/armando-testa-riporta-in-comunicazione-ventis-con-un-nuovo-film-per-tv-e-digital-e-rebranding-grafico-per-unesperienza-tutta-da-vivere\/","og_locale":"it_IT","og_type":"article","og_title":"ARMANDO TESTA RIPORTA IN COMUNICAZIONE VENTIS, CON UN NUOVO FILM PER TV E DIGITAL E REBRANDING GRAFICO. PER UN'ESPERIENZA \"TUTTA DA VIVERE\". - Armando Testa","og_description":"Dopo una gara conclusa prima dell'estate, ARMANDO TESTA si aggiudica e riporta in comunicazione Ventis, il portale di shopping di Moda, Enogastronomia, Arredamento e Servizi di digital banking.","og_url":"https:\/\/www.armandotesta.it\/it\/armando-testa-riporta-in-comunicazione-ventis-con-un-nuovo-film-per-tv-e-digital-e-rebranding-grafico-per-unesperienza-tutta-da-vivere\/","og_site_name":"Armando Testa","article_published_time":"2019-10-21T11:00:51+00:00","article_modified_time":"2024-06-04T13:40:26+00:00","og_image":[{"width":1920,"height":1080,"url":"https:\/\/www.armandotesta.it\/wp-content\/uploads\/2024\/06\/Ventis_FRAME2.jpg","type":"image\/jpeg"}],"author":"admAT","twitter_card":"summary_large_image","twitter_misc":{"Scritto da":"admAT","Tempo di lettura stimato":"2 minuti"},"schema":{"@context":"https:\/\/schema.org","@graph":[{"@type":"Article","@id":"https:\/\/www.armandotesta.it\/it\/armando-testa-riporta-in-comunicazione-ventis-con-un-nuovo-film-per-tv-e-digital-e-rebranding-grafico-per-unesperienza-tutta-da-vivere\/#article","isPartOf":{"@id":"https:\/\/www.armandotesta.it\/it\/armando-testa-riporta-in-comunicazione-ventis-con-un-nuovo-film-per-tv-e-digital-e-rebranding-grafico-per-unesperienza-tutta-da-vivere\/"},"author":{"name":"admAT","@id":"https:\/\/www.armandotesta.it\/it\/#\/schema\/person\/46d1d2d167e5f7b857761f0d5183a848"},"headline":"ARMANDO TESTA RIPORTA IN COMUNICAZIONE VENTIS, CON UN NUOVO FILM PER TV E DIGITAL E REBRANDING GRAFICO. PER UN&#8217;ESPERIENZA &#8220;TUTTA DA VIVERE&#8221;.","datePublished":"2019-10-21T11:00:51+00:00","dateModified":"2024-06-04T13:40:26+00:00","mainEntityOfPage":{"@id":"https:\/\/www.armandotesta.it\/it\/armando-testa-riporta-in-comunicazione-ventis-con-un-nuovo-film-per-tv-e-digital-e-rebranding-grafico-per-unesperienza-tutta-da-vivere\/"},"wordCount":338,"publisher":{"@id":"https:\/\/www.armandotesta.it\/it\/#organization"},"image":{"@id":"https:\/\/www.armandotesta.it\/it\/armando-testa-riporta-in-comunicazione-ventis-con-un-nuovo-film-per-tv-e-digital-e-rebranding-grafico-per-unesperienza-tutta-da-vivere\/#primaryimage"},"thumbnailUrl":"https:\/\/www.armandotesta.it\/wp-content\/uploads\/2024\/06\/Ventis_FRAME2.jpg","inLanguage":"it-IT"},{"@type":"WebPage","@id":"https:\/\/www.armandotesta.it\/it\/armando-testa-riporta-in-comunicazione-ventis-con-un-nuovo-film-per-tv-e-digital-e-rebranding-grafico-per-unesperienza-tutta-da-vivere\/","url":"https:\/\/www.armandotesta.it\/it\/armando-testa-riporta-in-comunicazione-ventis-con-un-nuovo-film-per-tv-e-digital-e-rebranding-grafico-per-unesperienza-tutta-da-vivere\/","name":"ARMANDO TESTA RIPORTA IN COMUNICAZIONE VENTIS, CON UN NUOVO FILM PER TV E DIGITAL E REBRANDING GRAFICO. PER UN'ESPERIENZA \"TUTTA DA VIVERE\". - Armando Testa","isPartOf":{"@id":"https:\/\/www.armandotesta.it\/it\/#website"},"primaryImageOfPage":{"@id":"https:\/\/www.armandotesta.it\/it\/armando-testa-riporta-in-comunicazione-ventis-con-un-nuovo-film-per-tv-e-digital-e-rebranding-grafico-per-unesperienza-tutta-da-vivere\/#primaryimage"},"image":{"@id":"https:\/\/www.armandotesta.it\/it\/armando-testa-riporta-in-comunicazione-ventis-con-un-nuovo-film-per-tv-e-digital-e-rebranding-grafico-per-unesperienza-tutta-da-vivere\/#primaryimage"},"thumbnailUrl":"https:\/\/www.armandotesta.it\/wp-content\/uploads\/2024\/06\/Ventis_FRAME2.jpg","datePublished":"2019-10-21T11:00:51+00:00","dateModified":"2024-06-04T13:40:26+00:00","breadcrumb":{"@id":"https:\/\/www.armandotesta.it\/it\/armando-testa-riporta-in-comunicazione-ventis-con-un-nuovo-film-per-tv-e-digital-e-rebranding-grafico-per-unesperienza-tutta-da-vivere\/#breadcrumb"},"inLanguage":"it-IT","potentialAction":[{"@type":"ReadAction","target":["https:\/\/www.armandotesta.it\/it\/armando-testa-riporta-in-comunicazione-ventis-con-un-nuovo-film-per-tv-e-digital-e-rebranding-grafico-per-unesperienza-tutta-da-vivere\/"]}]},{"@type":"ImageObject","inLanguage":"it-IT","@id":"https:\/\/www.armandotesta.it\/it\/armando-testa-riporta-in-comunicazione-ventis-con-un-nuovo-film-per-tv-e-digital-e-rebranding-grafico-per-unesperienza-tutta-da-vivere\/#primaryimage","url":"https:\/\/www.armandotesta.it\/wp-content\/uploads\/2024\/06\/Ventis_FRAME2.jpg","contentUrl":"https:\/\/www.armandotesta.it\/wp-content\/uploads\/2024\/06\/Ventis_FRAME2.jpg","width":1920,"height":1080},{"@type":"BreadcrumbList","@id":"https:\/\/www.armandotesta.it\/it\/armando-testa-riporta-in-comunicazione-ventis-con-un-nuovo-film-per-tv-e-digital-e-rebranding-grafico-per-unesperienza-tutta-da-vivere\/#breadcrumb","itemListElement":[{"@type":"ListItem","position":1,"name":"Home","item":"https:\/\/www.armandotesta.it\/it\/"},{"@type":"ListItem","position":2,"name":"ARMANDO TESTA RIPORTA IN COMUNICAZIONE VENTIS, CON UN NUOVO FILM PER TV E DIGITAL E REBRANDING GRAFICO. PER UN&#8217;ESPERIENZA &#8220;TUTTA DA VIVERE&#8221;."}]},{"@type":"WebSite","@id":"https:\/\/www.armandotesta.it\/it\/#website","url":"https:\/\/www.armandotesta.it\/it\/","name":"Armando Testa","description":"","publisher":{"@id":"https:\/\/www.armandotesta.it\/it\/#organization"},"potentialAction":[{"@type":"SearchAction","target":{"@type":"EntryPoint","urlTemplate":"https:\/\/www.armandotesta.it\/it\/?s={search_term_string}"},"query-input":{"@type":"PropertyValueSpecification","valueRequired":true,"valueName":"search_term_string"}}],"inLanguage":"it-IT"},{"@type":"Organization","@id":"https:\/\/www.armandotesta.it\/it\/#organization","name":"Armando Testa","url":"https:\/\/www.armandotesta.it\/it\/","logo":{"@type":"ImageObject","inLanguage":"it-IT","@id":"https:\/\/www.armandotesta.it\/it\/#\/schema\/logo\/image\/","url":"https:\/\/www.armandotesta.it\/wp-content\/uploads\/2024\/01\/logo-at.png","contentUrl":"https:\/\/www.armandotesta.it\/wp-content\/uploads\/2024\/01\/logo-at.png","width":200,"height":200,"caption":"Armando Testa"},"image":{"@id":"https:\/\/www.armandotesta.it\/it\/#\/schema\/logo\/image\/"}},{"@type":"Person","@id":"https:\/\/www.armandotesta.it\/it\/#\/schema\/person\/46d1d2d167e5f7b857761f0d5183a848","name":"admAT","image":{"@type":"ImageObject","inLanguage":"it-IT","@id":"https:\/\/secure.gravatar.com\/avatar\/9772e708d87105ee06ea2e627102fade92688c33bb2e0083a7a18b56280f7239?s=96&d=mm&r=g","url":"https:\/\/secure.gravatar.com\/avatar\/9772e708d87105ee06ea2e627102fade92688c33bb2e0083a7a18b56280f7239?s=96&d=mm&r=g","contentUrl":"https:\/\/secure.gravatar.com\/avatar\/9772e708d87105ee06ea2e627102fade92688c33bb2e0083a7a18b56280f7239?s=96&d=mm&r=g","caption":"admAT"},"sameAs":["https:\/\/www.armandotesta.it"],"url":"https:\/\/www.armandotesta.it\/it\/author\/admat\/"}]}},"_links":{"self":[{"href":"https:\/\/www.armandotesta.it\/it\/wp-json\/wp\/v2\/posts\/24260","targetHints":{"allow":["GET"]}}],"collection":[{"href":"https:\/\/www.armandotesta.it\/it\/wp-json\/wp\/v2\/posts"}],"about":[{"href":"https:\/\/www.armandotesta.it\/it\/wp-json\/wp\/v2\/types\/post"}],"author":[{"embeddable":true,"href":"https:\/\/www.armandotesta.it\/it\/wp-json\/wp\/v2\/users\/1"}],"replies":[{"embeddable":true,"href":"https:\/\/www.armandotesta.it\/it\/wp-json\/wp\/v2\/comments?post=24260"}],"version-history":[{"count":1,"href":"https:\/\/www.armandotesta.it\/it\/wp-json\/wp\/v2\/posts\/24260\/revisions"}],"predecessor-version":[{"id":25234,"href":"https:\/\/www.armandotesta.it\/it\/wp-json\/wp\/v2\/posts\/24260\/revisions\/25234"}],"wp:featuredmedia":[{"embeddable":true,"href":"https:\/\/www.armandotesta.it\/it\/wp-json\/wp\/v2\/media\/24261"}],"wp:attachment":[{"href":"https:\/\/www.armandotesta.it\/it\/wp-json\/wp\/v2\/media?parent=24260"}],"wp:term":[{"taxonomy":"category","embeddable":true,"href":"https:\/\/www.armandotesta.it\/it\/wp-json\/wp\/v2\/categories?post=24260"},{"taxonomy":"post_tag","embeddable":true,"href":"https:\/\/www.armandotesta.it\/it\/wp-json\/wp\/v2\/tags?post=24260"}],"curies":[{"name":"wp","href":"https:\/\/api.w.org\/{rel}","templated":true}]}}