{"id":24210,"date":"2019-10-09T13:00:14","date_gmt":"2019-10-09T11:00:14","guid":{"rendered":"https:\/\/www.armandotesta.it\/per-i-suoi-125-anni-il-pandoro-originale-melegatti-torna-in-televisione-con-armando-testa\/"},"modified":"2024-06-04T15:40:23","modified_gmt":"2024-06-04T13:40:23","slug":"per-i-suoi-125-anni-il-pandoro-originale-melegatti-torna-in-televisione-con-armando-testa","status":"publish","type":"post","link":"https:\/\/www.armandotesta.it\/it\/per-i-suoi-125-anni-il-pandoro-originale-melegatti-torna-in-televisione-con-armando-testa\/","title":{"rendered":"PER I SUOI 125 ANNI IL PANDORO ORIGINALE MELEGATTI TORNA IN TELEVISIONE CON ARMANDO TESTA."},"content":{"rendered":"\n<p>Verona, 9 ottobre 2019 \u2013 Il 14 ottobre Melegatti celebra il suo compleanno e per l&#8217;occasione torner\u00e0 in tv con il suo celebre Pandoro.&nbsp;&nbsp;&nbsp;<\/p>\n\n\n\n<p>Li festeggia in tv e nel digital i suoi 125 anni di vita, con una forte ed impattante campagna pubblicitaria multisoggetto incentrata sul suo inimitabile Pandoro Originale, simbolo della tradizione natalizia. Sar\u00e0 nelle principali emittenti televisive nazionali dai primi di dicembre e sul digital per tutto il periodo natalizio. Il ritorno in pubblicit\u00e0 si avvale dell&#8217;apporto del Gruppo Armando Testa.&nbsp;&nbsp;<\/p>\n\n\n\n<p>Era il 14 ottobre 1894 quando a Verona il pasticciere Domenico Melegatti brevett\u00f2 la ricetta, il nome e la distintiva forma del pandoro. La sua creativit\u00e0 ed originalit\u00e0 trovano conferma in quello che allora si chiamava il certificato di Privativa Industriale dal Ministero di Agricoltura, Industria e Commercio del Regno d\u2019Italia. Era subito chiaro a tutti il successo che da l\u00ec in poi avrebbe avuto il Pandoro Originale Melegatti.<\/p>\n\n\n\n<p>Domenico Melegatti trasse la sua ispirazione da un\u2019antica tradizione veronese legata al Natale, secondo cui la notte della Vigilia le donne si riunivano nelle cucine delle corti facendo insieme il \u201clev\u00e0\u201d, un impasto di farina, latte e lieviti.&nbsp;Dal \u201clev\u00e0\u201d, arricchendolo di burro e uova, inventa e brevetta il Pandoro.&nbsp;<\/p>\n\n\n\n<p>Il Pandoro Originale Melegatti, nella sua inconfondibile confezione azzurra, rimane ancora oggi inimitabile per gusto e sofficit\u00e0, grazie alla qualit\u00e0 delle materie prime ed al suo celebre lievito madre, gelosamente custodito e rinfrescato da 125 anni.<\/p>\n\n\n\n<p><\/p>\n\n\n\n<figure class=\"wp-block-image\"><img decoding=\"async\" src=\"https:\/\/newsroom.armandotesta.it\/wp-content\/uploads\/2019\/10\/Melegatti-2-513x768.jpg\" alt=\"\" class=\"wp-image-3899\"\/><\/figure>\n","protected":false},"excerpt":{"rendered":"<p>Verona, 9 ottobre 2019 \u2013 Il 14 ottobre Melegatti celebra il suo compleanno e per l&#8217;occasione torner\u00e0 in tv con il suo celebre Pandoro.&nbsp;&nbsp;&nbsp; Li festeggia in tv e nel digital i suoi 125 anni di vita, con una forte ed impattante campagna pubblicitaria multisoggetto incentrata sul suo inimitabile Pandoro Originale, simbolo della tradizione natalizia. [&hellip;]<\/p>\n","protected":false},"author":1,"featured_media":24211,"comment_status":"closed","ping_status":"closed","sticky":false,"template":"","format":"standard","meta":{"_acf_changed":false,"inline_featured_image":false,"footnotes":""},"categories":[],"tags":[],"class_list":["post-24210","post","type-post","status-publish","format-standard","has-post-thumbnail","hentry"],"acf":false,"yoast_head":"<!-- This site is optimized with the Yoast SEO plugin v27.5 - https:\/\/yoast.com\/product\/yoast-seo-wordpress\/ -->\n<title>PER I SUOI 125 ANNI IL PANDORO ORIGINALE MELEGATTI TORNA IN TELEVISIONE CON ARMANDO TESTA. - Armando Testa<\/title>\n<meta name=\"robots\" content=\"index, follow, max-snippet:-1, max-image-preview:large, max-video-preview:-1\" \/>\n<link rel=\"canonical\" href=\"https:\/\/www.armandotesta.it\/it\/per-i-suoi-125-anni-il-pandoro-originale-melegatti-torna-in-televisione-con-armando-testa\/\" \/>\n<meta property=\"og:locale\" content=\"it_IT\" \/>\n<meta property=\"og:type\" content=\"article\" \/>\n<meta property=\"og:title\" content=\"PER I SUOI 125 ANNI IL PANDORO ORIGINALE MELEGATTI TORNA IN TELEVISIONE CON ARMANDO TESTA. - Armando Testa\" \/>\n<meta property=\"og:description\" content=\"Verona, 9 ottobre 2019 \u2013 Il 14 ottobre Melegatti celebra il suo compleanno e per l&#8217;occasione torner\u00e0 in tv con il suo celebre Pandoro.&nbsp;&nbsp;&nbsp; Li festeggia in tv e nel digital i suoi 125 anni di vita, con una forte ed impattante campagna pubblicitaria multisoggetto incentrata sul suo inimitabile Pandoro Originale, simbolo della tradizione natalizia. [&hellip;]\" \/>\n<meta property=\"og:url\" content=\"https:\/\/www.armandotesta.it\/it\/per-i-suoi-125-anni-il-pandoro-originale-melegatti-torna-in-televisione-con-armando-testa\/\" \/>\n<meta property=\"og:site_name\" content=\"Armando Testa\" \/>\n<meta property=\"article:published_time\" content=\"2019-10-09T11:00:14+00:00\" \/>\n<meta property=\"article:modified_time\" content=\"2024-06-04T13:40:23+00:00\" \/>\n<meta property=\"og:image\" content=\"https:\/\/www.armandotesta.it\/wp-content\/uploads\/2024\/06\/Melegatti-1-scaled.jpg\" \/>\n\t<meta property=\"og:image:width\" content=\"1708\" \/>\n\t<meta property=\"og:image:height\" content=\"2560\" \/>\n\t<meta property=\"og:image:type\" content=\"image\/jpeg\" \/>\n<meta name=\"author\" content=\"admAT\" \/>\n<meta name=\"twitter:card\" content=\"summary_large_image\" \/>\n<meta name=\"twitter:label1\" content=\"Scritto da\" \/>\n\t<meta name=\"twitter:data1\" content=\"admAT\" \/>\n\t<meta name=\"twitter:label2\" content=\"Tempo di lettura stimato\" \/>\n\t<meta name=\"twitter:data2\" content=\"1 minuto\" \/>\n<script type=\"application\/ld+json\" class=\"yoast-schema-graph\">{\"@context\":\"https:\\\/\\\/schema.org\",\"@graph\":[{\"@type\":\"Article\",\"@id\":\"https:\\\/\\\/www.armandotesta.it\\\/it\\\/per-i-suoi-125-anni-il-pandoro-originale-melegatti-torna-in-televisione-con-armando-testa\\\/#article\",\"isPartOf\":{\"@id\":\"https:\\\/\\\/www.armandotesta.it\\\/it\\\/per-i-suoi-125-anni-il-pandoro-originale-melegatti-torna-in-televisione-con-armando-testa\\\/\"},\"author\":{\"name\":\"admAT\",\"@id\":\"https:\\\/\\\/www.armandotesta.it\\\/it\\\/#\\\/schema\\\/person\\\/46d1d2d167e5f7b857761f0d5183a848\"},\"headline\":\"PER I SUOI 125 ANNI IL PANDORO ORIGINALE MELEGATTI TORNA IN TELEVISIONE CON ARMANDO TESTA.\",\"datePublished\":\"2019-10-09T11:00:14+00:00\",\"dateModified\":\"2024-06-04T13:40:23+00:00\",\"mainEntityOfPage\":{\"@id\":\"https:\\\/\\\/www.armandotesta.it\\\/it\\\/per-i-suoi-125-anni-il-pandoro-originale-melegatti-torna-in-televisione-con-armando-testa\\\/\"},\"wordCount\":256,\"publisher\":{\"@id\":\"https:\\\/\\\/www.armandotesta.it\\\/it\\\/#organization\"},\"image\":{\"@id\":\"https:\\\/\\\/www.armandotesta.it\\\/it\\\/per-i-suoi-125-anni-il-pandoro-originale-melegatti-torna-in-televisione-con-armando-testa\\\/#primaryimage\"},\"thumbnailUrl\":\"https:\\\/\\\/www.armandotesta.it\\\/wp-content\\\/uploads\\\/2024\\\/06\\\/Melegatti-1-scaled.jpg\",\"inLanguage\":\"it-IT\"},{\"@type\":\"WebPage\",\"@id\":\"https:\\\/\\\/www.armandotesta.it\\\/it\\\/per-i-suoi-125-anni-il-pandoro-originale-melegatti-torna-in-televisione-con-armando-testa\\\/\",\"url\":\"https:\\\/\\\/www.armandotesta.it\\\/it\\\/per-i-suoi-125-anni-il-pandoro-originale-melegatti-torna-in-televisione-con-armando-testa\\\/\",\"name\":\"PER I SUOI 125 ANNI IL PANDORO ORIGINALE MELEGATTI TORNA IN TELEVISIONE CON ARMANDO TESTA. - Armando Testa\",\"isPartOf\":{\"@id\":\"https:\\\/\\\/www.armandotesta.it\\\/it\\\/#website\"},\"primaryImageOfPage\":{\"@id\":\"https:\\\/\\\/www.armandotesta.it\\\/it\\\/per-i-suoi-125-anni-il-pandoro-originale-melegatti-torna-in-televisione-con-armando-testa\\\/#primaryimage\"},\"image\":{\"@id\":\"https:\\\/\\\/www.armandotesta.it\\\/it\\\/per-i-suoi-125-anni-il-pandoro-originale-melegatti-torna-in-televisione-con-armando-testa\\\/#primaryimage\"},\"thumbnailUrl\":\"https:\\\/\\\/www.armandotesta.it\\\/wp-content\\\/uploads\\\/2024\\\/06\\\/Melegatti-1-scaled.jpg\",\"datePublished\":\"2019-10-09T11:00:14+00:00\",\"dateModified\":\"2024-06-04T13:40:23+00:00\",\"breadcrumb\":{\"@id\":\"https:\\\/\\\/www.armandotesta.it\\\/it\\\/per-i-suoi-125-anni-il-pandoro-originale-melegatti-torna-in-televisione-con-armando-testa\\\/#breadcrumb\"},\"inLanguage\":\"it-IT\",\"potentialAction\":[{\"@type\":\"ReadAction\",\"target\":[\"https:\\\/\\\/www.armandotesta.it\\\/it\\\/per-i-suoi-125-anni-il-pandoro-originale-melegatti-torna-in-televisione-con-armando-testa\\\/\"]}]},{\"@type\":\"ImageObject\",\"inLanguage\":\"it-IT\",\"@id\":\"https:\\\/\\\/www.armandotesta.it\\\/it\\\/per-i-suoi-125-anni-il-pandoro-originale-melegatti-torna-in-televisione-con-armando-testa\\\/#primaryimage\",\"url\":\"https:\\\/\\\/www.armandotesta.it\\\/wp-content\\\/uploads\\\/2024\\\/06\\\/Melegatti-1-scaled.jpg\",\"contentUrl\":\"https:\\\/\\\/www.armandotesta.it\\\/wp-content\\\/uploads\\\/2024\\\/06\\\/Melegatti-1-scaled.jpg\",\"width\":1708,\"height\":2560},{\"@type\":\"BreadcrumbList\",\"@id\":\"https:\\\/\\\/www.armandotesta.it\\\/it\\\/per-i-suoi-125-anni-il-pandoro-originale-melegatti-torna-in-televisione-con-armando-testa\\\/#breadcrumb\",\"itemListElement\":[{\"@type\":\"ListItem\",\"position\":1,\"name\":\"Home\",\"item\":\"https:\\\/\\\/www.armandotesta.it\\\/it\\\/\"},{\"@type\":\"ListItem\",\"position\":2,\"name\":\"PER I SUOI 125 ANNI IL PANDORO ORIGINALE MELEGATTI TORNA IN TELEVISIONE CON ARMANDO TESTA.\"}]},{\"@type\":\"WebSite\",\"@id\":\"https:\\\/\\\/www.armandotesta.it\\\/it\\\/#website\",\"url\":\"https:\\\/\\\/www.armandotesta.it\\\/it\\\/\",\"name\":\"Armando Testa\",\"description\":\"\",\"publisher\":{\"@id\":\"https:\\\/\\\/www.armandotesta.it\\\/it\\\/#organization\"},\"potentialAction\":[{\"@type\":\"SearchAction\",\"target\":{\"@type\":\"EntryPoint\",\"urlTemplate\":\"https:\\\/\\\/www.armandotesta.it\\\/it\\\/?s={search_term_string}\"},\"query-input\":{\"@type\":\"PropertyValueSpecification\",\"valueRequired\":true,\"valueName\":\"search_term_string\"}}],\"inLanguage\":\"it-IT\"},{\"@type\":\"Organization\",\"@id\":\"https:\\\/\\\/www.armandotesta.it\\\/it\\\/#organization\",\"name\":\"Armando Testa\",\"url\":\"https:\\\/\\\/www.armandotesta.it\\\/it\\\/\",\"logo\":{\"@type\":\"ImageObject\",\"inLanguage\":\"it-IT\",\"@id\":\"https:\\\/\\\/www.armandotesta.it\\\/it\\\/#\\\/schema\\\/logo\\\/image\\\/\",\"url\":\"https:\\\/\\\/www.armandotesta.it\\\/wp-content\\\/uploads\\\/2024\\\/01\\\/logo-at.png\",\"contentUrl\":\"https:\\\/\\\/www.armandotesta.it\\\/wp-content\\\/uploads\\\/2024\\\/01\\\/logo-at.png\",\"width\":200,\"height\":200,\"caption\":\"Armando Testa\"},\"image\":{\"@id\":\"https:\\\/\\\/www.armandotesta.it\\\/it\\\/#\\\/schema\\\/logo\\\/image\\\/\"}},{\"@type\":\"Person\",\"@id\":\"https:\\\/\\\/www.armandotesta.it\\\/it\\\/#\\\/schema\\\/person\\\/46d1d2d167e5f7b857761f0d5183a848\",\"name\":\"admAT\",\"image\":{\"@type\":\"ImageObject\",\"inLanguage\":\"it-IT\",\"@id\":\"https:\\\/\\\/secure.gravatar.com\\\/avatar\\\/9772e708d87105ee06ea2e627102fade92688c33bb2e0083a7a18b56280f7239?s=96&d=mm&r=g\",\"url\":\"https:\\\/\\\/secure.gravatar.com\\\/avatar\\\/9772e708d87105ee06ea2e627102fade92688c33bb2e0083a7a18b56280f7239?s=96&d=mm&r=g\",\"contentUrl\":\"https:\\\/\\\/secure.gravatar.com\\\/avatar\\\/9772e708d87105ee06ea2e627102fade92688c33bb2e0083a7a18b56280f7239?s=96&d=mm&r=g\",\"caption\":\"admAT\"},\"sameAs\":[\"https:\\\/\\\/www.armandotesta.it\"],\"url\":\"https:\\\/\\\/www.armandotesta.it\\\/it\\\/author\\\/admat\\\/\"}]}<\/script>\n<!-- \/ Yoast SEO plugin. -->","yoast_head_json":{"title":"PER I SUOI 125 ANNI IL PANDORO ORIGINALE MELEGATTI TORNA IN TELEVISIONE CON ARMANDO TESTA. - Armando Testa","robots":{"index":"index","follow":"follow","max-snippet":"max-snippet:-1","max-image-preview":"max-image-preview:large","max-video-preview":"max-video-preview:-1"},"canonical":"https:\/\/www.armandotesta.it\/it\/per-i-suoi-125-anni-il-pandoro-originale-melegatti-torna-in-televisione-con-armando-testa\/","og_locale":"it_IT","og_type":"article","og_title":"PER I SUOI 125 ANNI IL PANDORO ORIGINALE MELEGATTI TORNA IN TELEVISIONE CON ARMANDO TESTA. - Armando Testa","og_description":"Verona, 9 ottobre 2019 \u2013 Il 14 ottobre Melegatti celebra il suo compleanno e per l&#8217;occasione torner\u00e0 in tv con il suo celebre Pandoro.&nbsp;&nbsp;&nbsp; Li festeggia in tv e nel digital i suoi 125 anni di vita, con una forte ed impattante campagna pubblicitaria multisoggetto incentrata sul suo inimitabile Pandoro Originale, simbolo della tradizione natalizia. [&hellip;]","og_url":"https:\/\/www.armandotesta.it\/it\/per-i-suoi-125-anni-il-pandoro-originale-melegatti-torna-in-televisione-con-armando-testa\/","og_site_name":"Armando Testa","article_published_time":"2019-10-09T11:00:14+00:00","article_modified_time":"2024-06-04T13:40:23+00:00","og_image":[{"width":1708,"height":2560,"url":"https:\/\/www.armandotesta.it\/wp-content\/uploads\/2024\/06\/Melegatti-1-scaled.jpg","type":"image\/jpeg"}],"author":"admAT","twitter_card":"summary_large_image","twitter_misc":{"Scritto da":"admAT","Tempo di lettura stimato":"1 minuto"},"schema":{"@context":"https:\/\/schema.org","@graph":[{"@type":"Article","@id":"https:\/\/www.armandotesta.it\/it\/per-i-suoi-125-anni-il-pandoro-originale-melegatti-torna-in-televisione-con-armando-testa\/#article","isPartOf":{"@id":"https:\/\/www.armandotesta.it\/it\/per-i-suoi-125-anni-il-pandoro-originale-melegatti-torna-in-televisione-con-armando-testa\/"},"author":{"name":"admAT","@id":"https:\/\/www.armandotesta.it\/it\/#\/schema\/person\/46d1d2d167e5f7b857761f0d5183a848"},"headline":"PER I SUOI 125 ANNI IL PANDORO ORIGINALE MELEGATTI TORNA IN TELEVISIONE CON ARMANDO TESTA.","datePublished":"2019-10-09T11:00:14+00:00","dateModified":"2024-06-04T13:40:23+00:00","mainEntityOfPage":{"@id":"https:\/\/www.armandotesta.it\/it\/per-i-suoi-125-anni-il-pandoro-originale-melegatti-torna-in-televisione-con-armando-testa\/"},"wordCount":256,"publisher":{"@id":"https:\/\/www.armandotesta.it\/it\/#organization"},"image":{"@id":"https:\/\/www.armandotesta.it\/it\/per-i-suoi-125-anni-il-pandoro-originale-melegatti-torna-in-televisione-con-armando-testa\/#primaryimage"},"thumbnailUrl":"https:\/\/www.armandotesta.it\/wp-content\/uploads\/2024\/06\/Melegatti-1-scaled.jpg","inLanguage":"it-IT"},{"@type":"WebPage","@id":"https:\/\/www.armandotesta.it\/it\/per-i-suoi-125-anni-il-pandoro-originale-melegatti-torna-in-televisione-con-armando-testa\/","url":"https:\/\/www.armandotesta.it\/it\/per-i-suoi-125-anni-il-pandoro-originale-melegatti-torna-in-televisione-con-armando-testa\/","name":"PER I SUOI 125 ANNI IL PANDORO ORIGINALE MELEGATTI TORNA IN TELEVISIONE CON ARMANDO TESTA. - Armando Testa","isPartOf":{"@id":"https:\/\/www.armandotesta.it\/it\/#website"},"primaryImageOfPage":{"@id":"https:\/\/www.armandotesta.it\/it\/per-i-suoi-125-anni-il-pandoro-originale-melegatti-torna-in-televisione-con-armando-testa\/#primaryimage"},"image":{"@id":"https:\/\/www.armandotesta.it\/it\/per-i-suoi-125-anni-il-pandoro-originale-melegatti-torna-in-televisione-con-armando-testa\/#primaryimage"},"thumbnailUrl":"https:\/\/www.armandotesta.it\/wp-content\/uploads\/2024\/06\/Melegatti-1-scaled.jpg","datePublished":"2019-10-09T11:00:14+00:00","dateModified":"2024-06-04T13:40:23+00:00","breadcrumb":{"@id":"https:\/\/www.armandotesta.it\/it\/per-i-suoi-125-anni-il-pandoro-originale-melegatti-torna-in-televisione-con-armando-testa\/#breadcrumb"},"inLanguage":"it-IT","potentialAction":[{"@type":"ReadAction","target":["https:\/\/www.armandotesta.it\/it\/per-i-suoi-125-anni-il-pandoro-originale-melegatti-torna-in-televisione-con-armando-testa\/"]}]},{"@type":"ImageObject","inLanguage":"it-IT","@id":"https:\/\/www.armandotesta.it\/it\/per-i-suoi-125-anni-il-pandoro-originale-melegatti-torna-in-televisione-con-armando-testa\/#primaryimage","url":"https:\/\/www.armandotesta.it\/wp-content\/uploads\/2024\/06\/Melegatti-1-scaled.jpg","contentUrl":"https:\/\/www.armandotesta.it\/wp-content\/uploads\/2024\/06\/Melegatti-1-scaled.jpg","width":1708,"height":2560},{"@type":"BreadcrumbList","@id":"https:\/\/www.armandotesta.it\/it\/per-i-suoi-125-anni-il-pandoro-originale-melegatti-torna-in-televisione-con-armando-testa\/#breadcrumb","itemListElement":[{"@type":"ListItem","position":1,"name":"Home","item":"https:\/\/www.armandotesta.it\/it\/"},{"@type":"ListItem","position":2,"name":"PER I SUOI 125 ANNI IL PANDORO ORIGINALE MELEGATTI TORNA IN TELEVISIONE CON ARMANDO TESTA."}]},{"@type":"WebSite","@id":"https:\/\/www.armandotesta.it\/it\/#website","url":"https:\/\/www.armandotesta.it\/it\/","name":"Armando Testa","description":"","publisher":{"@id":"https:\/\/www.armandotesta.it\/it\/#organization"},"potentialAction":[{"@type":"SearchAction","target":{"@type":"EntryPoint","urlTemplate":"https:\/\/www.armandotesta.it\/it\/?s={search_term_string}"},"query-input":{"@type":"PropertyValueSpecification","valueRequired":true,"valueName":"search_term_string"}}],"inLanguage":"it-IT"},{"@type":"Organization","@id":"https:\/\/www.armandotesta.it\/it\/#organization","name":"Armando Testa","url":"https:\/\/www.armandotesta.it\/it\/","logo":{"@type":"ImageObject","inLanguage":"it-IT","@id":"https:\/\/www.armandotesta.it\/it\/#\/schema\/logo\/image\/","url":"https:\/\/www.armandotesta.it\/wp-content\/uploads\/2024\/01\/logo-at.png","contentUrl":"https:\/\/www.armandotesta.it\/wp-content\/uploads\/2024\/01\/logo-at.png","width":200,"height":200,"caption":"Armando Testa"},"image":{"@id":"https:\/\/www.armandotesta.it\/it\/#\/schema\/logo\/image\/"}},{"@type":"Person","@id":"https:\/\/www.armandotesta.it\/it\/#\/schema\/person\/46d1d2d167e5f7b857761f0d5183a848","name":"admAT","image":{"@type":"ImageObject","inLanguage":"it-IT","@id":"https:\/\/secure.gravatar.com\/avatar\/9772e708d87105ee06ea2e627102fade92688c33bb2e0083a7a18b56280f7239?s=96&d=mm&r=g","url":"https:\/\/secure.gravatar.com\/avatar\/9772e708d87105ee06ea2e627102fade92688c33bb2e0083a7a18b56280f7239?s=96&d=mm&r=g","contentUrl":"https:\/\/secure.gravatar.com\/avatar\/9772e708d87105ee06ea2e627102fade92688c33bb2e0083a7a18b56280f7239?s=96&d=mm&r=g","caption":"admAT"},"sameAs":["https:\/\/www.armandotesta.it"],"url":"https:\/\/www.armandotesta.it\/it\/author\/admat\/"}]}},"_links":{"self":[{"href":"https:\/\/www.armandotesta.it\/it\/wp-json\/wp\/v2\/posts\/24210","targetHints":{"allow":["GET"]}}],"collection":[{"href":"https:\/\/www.armandotesta.it\/it\/wp-json\/wp\/v2\/posts"}],"about":[{"href":"https:\/\/www.armandotesta.it\/it\/wp-json\/wp\/v2\/types\/post"}],"author":[{"embeddable":true,"href":"https:\/\/www.armandotesta.it\/it\/wp-json\/wp\/v2\/users\/1"}],"replies":[{"embeddable":true,"href":"https:\/\/www.armandotesta.it\/it\/wp-json\/wp\/v2\/comments?post=24210"}],"version-history":[{"count":1,"href":"https:\/\/www.armandotesta.it\/it\/wp-json\/wp\/v2\/posts\/24210\/revisions"}],"predecessor-version":[{"id":24214,"href":"https:\/\/www.armandotesta.it\/it\/wp-json\/wp\/v2\/posts\/24210\/revisions\/24214"}],"wp:featuredmedia":[{"embeddable":true,"href":"https:\/\/www.armandotesta.it\/it\/wp-json\/wp\/v2\/media\/24211"}],"wp:attachment":[{"href":"https:\/\/www.armandotesta.it\/it\/wp-json\/wp\/v2\/media?parent=24210"}],"wp:term":[{"taxonomy":"category","embeddable":true,"href":"https:\/\/www.armandotesta.it\/it\/wp-json\/wp\/v2\/categories?post=24210"},{"taxonomy":"post_tag","embeddable":true,"href":"https:\/\/www.armandotesta.it\/it\/wp-json\/wp\/v2\/tags?post=24210"}],"curies":[{"name":"wp","href":"https:\/\/api.w.org\/{rel}","templated":true}]}}