{"id":24194,"date":"2019-09-17T14:00:27","date_gmt":"2019-09-17T12:00:27","guid":{"rendered":"https:\/\/www.armandotesta.it\/armando-testa-firma-la-creativita-per-momenactcompi-la-nuova-capsula-compatta-e-piccola-cosi\/"},"modified":"2024-06-04T15:40:21","modified_gmt":"2024-06-04T13:40:21","slug":"armando-testa-firma-la-creativita-per-momenactcompi-la-nuova-capsula-compatta-e-piccola-cosi","status":"publish","type":"post","link":"https:\/\/www.armandotesta.it\/it\/armando-testa-firma-la-creativita-per-momenactcompi-la-nuova-capsula-compatta-e-piccola-cosi\/","title":{"rendered":"ARMANDO TESTA FIRMA LA CREATIVIT\u00c0 PER MOMENACTCOMP\u00cc: LA NUOVA CAPSULA COMPATTA E PICCOLA COS\u00cc."},"content":{"rendered":"\n<p>Come pu\u00f2\nMomenactcomp\u00ec, una capsula compatta e piccola cos\u00ec, agire rapidamente contro il\nmal di testa forte? Perch\u00e9 nasce dalla ricerca tecnologica pi\u00f9 avanzata del\nGruppo Farmaceutico Angelini. Lo conferma un filmato da 20\u201d ideato dall\u2019agenzia\nArmando Testa in onda sulle principali emittenti televisive, al cinema e sul\nweb.<\/p>\n\n\n\n<p>Il filmato si\nsviluppa sul parallelismo tra la potente capacit\u00e0 di un piccolo microchip di\nconcentrare milioni di informazioni provenienti da gigantesche colonne di libri\ne la piccola capsula che in un mondo liquido azzurro concentra tutta\nl\u2019efficacia della tecnologia liquida del principio attivo di Momenactcomp\u00ec.<\/p>\n\n\n\n<p>Le dita di una\nmano maschile aiutano ad evidenziare le dimensioni della capsula \u201ccompatta e\npiccola cos\u00ec\u201d e a raccordarle con quelle raffigurate sulla confezione di\nMomenactcomp\u00ec. Le stesse dita portano la capsula alla bocca di un giovane uomo\nsofferente del mal di testa forte simboleggiato dall\u2019iconica morsa rossa che\ngli stringe le tempie. L\u2019efficacia del farmaco fa dissolvere rapidamente la\nmorsa\/mal di testa forte e il protagonista ritrova il sorriso e il piacere di\ncondividere con gli amici al cinema una scena divertente. <\/p>\n\n\n\n<p>Lo spot si chiude\nsul claim &#8220;compatta e piccola cos\u00ec\u201d e sul packshot di Momenactcomp\u00ec nel\nquale le dita azzurre si chiudono per richiamare l\u2019attenzione sulle dimensioni\ncos\u00ec piccole della capsula. <\/p>\n\n\n\n<p>Sotto la direzione creativa di Piero Reinerio, hanno lavorato al progetto gli art Enrico Ambroggi e Tina Salvato e la copy Chiara Demichelis. Casa di produzione Little Bull.<\/p>\n\n\n\n<p><\/p>\n\n\n\n<p><\/p>\n\n\n\n<figure class=\"wp-block-image\"><img decoding=\"async\" src=\"https:\/\/newsroom.armandotesta.it\/wp-content\/uploads\/2019\/09\/5_1568630375251-1024x576.jpg\" alt=\"\" class=\"wp-image-3824\"\/><\/figure>\n\n\n\n<p style=\"text-align:center\" class=\"link-article\"><strong><a href=\"https:\/\/www.youtube.com\/watch?v=wO3FMkuYbw4&amp;feature=youtu.be\" target=\"_blank\" rel=\"noreferrer noopener\" aria-label=\"Clicca qui per vedere lo spot (si apre in una nuova scheda)\">Clicca qui per vedere lo spot<\/a><\/strong><\/p>\n","protected":false},"excerpt":{"rendered":"<p>Come pu\u00f2 Momenactcomp\u00ec, una capsula compatta e piccola cos\u00ec, agire rapidamente contro il mal di testa forte? Perch\u00e9 nasce dalla ricerca tecnologica pi\u00f9 avanzata del Gruppo Farmaceutico Angelini. Lo conferma un filmato da 20\u201d ideato dall\u2019agenzia Armando Testa in onda sulle principali emittenti televisive, al cinema e sul web.<\/p>\n","protected":false},"author":1,"featured_media":23021,"comment_status":"closed","ping_status":"closed","sticky":false,"template":"","format":"standard","meta":{"_acf_changed":false,"inline_featured_image":false,"footnotes":""},"categories":[],"tags":[],"class_list":["post-24194","post","type-post","status-publish","format-standard","has-post-thumbnail","hentry"],"acf":false,"yoast_head":"<!-- This site is optimized with the Yoast SEO plugin v27.5 - https:\/\/yoast.com\/product\/yoast-seo-wordpress\/ -->\n<title>ARMANDO TESTA FIRMA LA CREATIVIT\u00c0 PER MOMENACTCOMP\u00cc: LA NUOVA CAPSULA COMPATTA E PICCOLA COS\u00cc. - Armando Testa<\/title>\n<meta name=\"robots\" content=\"index, follow, max-snippet:-1, max-image-preview:large, max-video-preview:-1\" \/>\n<link rel=\"canonical\" href=\"https:\/\/www.armandotesta.it\/it\/armando-testa-firma-la-creativita-per-momenactcompi-la-nuova-capsula-compatta-e-piccola-cosi\/\" \/>\n<meta property=\"og:locale\" content=\"it_IT\" \/>\n<meta property=\"og:type\" content=\"article\" \/>\n<meta property=\"og:title\" content=\"ARMANDO TESTA FIRMA LA CREATIVIT\u00c0 PER MOMENACTCOMP\u00cc: LA NUOVA CAPSULA COMPATTA E PICCOLA COS\u00cc. - Armando Testa\" \/>\n<meta property=\"og:description\" content=\"Come pu\u00f2 Momenactcomp\u00ec, una capsula compatta e piccola cos\u00ec, agire rapidamente contro il mal di testa forte? Perch\u00e9 nasce dalla ricerca tecnologica pi\u00f9 avanzata del Gruppo Farmaceutico Angelini. Lo conferma un filmato da 20\u201d ideato dall\u2019agenzia Armando Testa in onda sulle principali emittenti televisive, al cinema e sul web.\" \/>\n<meta property=\"og:url\" content=\"https:\/\/www.armandotesta.it\/it\/armando-testa-firma-la-creativita-per-momenactcompi-la-nuova-capsula-compatta-e-piccola-cosi\/\" \/>\n<meta property=\"og:site_name\" content=\"Armando Testa\" \/>\n<meta property=\"article:published_time\" content=\"2019-09-17T12:00:27+00:00\" \/>\n<meta property=\"article:modified_time\" content=\"2024-06-04T13:40:21+00:00\" \/>\n<meta property=\"og:image\" content=\"https:\/\/www.armandotesta.it\/wp-content\/uploads\/2024\/06\/2_1568630404686.jpg\" \/>\n\t<meta property=\"og:image:width\" content=\"1920\" \/>\n\t<meta property=\"og:image:height\" content=\"1080\" \/>\n\t<meta property=\"og:image:type\" content=\"image\/jpeg\" \/>\n<meta name=\"author\" content=\"admAT\" \/>\n<meta name=\"twitter:card\" content=\"summary_large_image\" \/>\n<meta name=\"twitter:label1\" content=\"Scritto da\" \/>\n\t<meta name=\"twitter:data1\" content=\"admAT\" \/>\n\t<meta name=\"twitter:label2\" content=\"Tempo di lettura stimato\" \/>\n\t<meta name=\"twitter:data2\" content=\"1 minuto\" \/>\n<script type=\"application\/ld+json\" class=\"yoast-schema-graph\">{\"@context\":\"https:\\\/\\\/schema.org\",\"@graph\":[{\"@type\":\"Article\",\"@id\":\"https:\\\/\\\/www.armandotesta.it\\\/it\\\/armando-testa-firma-la-creativita-per-momenactcompi-la-nuova-capsula-compatta-e-piccola-cosi\\\/#article\",\"isPartOf\":{\"@id\":\"https:\\\/\\\/www.armandotesta.it\\\/it\\\/armando-testa-firma-la-creativita-per-momenactcompi-la-nuova-capsula-compatta-e-piccola-cosi\\\/\"},\"author\":{\"name\":\"admAT\",\"@id\":\"https:\\\/\\\/www.armandotesta.it\\\/it\\\/#\\\/schema\\\/person\\\/46d1d2d167e5f7b857761f0d5183a848\"},\"headline\":\"ARMANDO TESTA FIRMA LA CREATIVIT\u00c0 PER MOMENACTCOMP\u00cc: LA NUOVA CAPSULA COMPATTA E PICCOLA COS\u00cc.\",\"datePublished\":\"2019-09-17T12:00:27+00:00\",\"dateModified\":\"2024-06-04T13:40:21+00:00\",\"mainEntityOfPage\":{\"@id\":\"https:\\\/\\\/www.armandotesta.it\\\/it\\\/armando-testa-firma-la-creativita-per-momenactcompi-la-nuova-capsula-compatta-e-piccola-cosi\\\/\"},\"wordCount\":263,\"publisher\":{\"@id\":\"https:\\\/\\\/www.armandotesta.it\\\/it\\\/#organization\"},\"image\":{\"@id\":\"https:\\\/\\\/www.armandotesta.it\\\/it\\\/armando-testa-firma-la-creativita-per-momenactcompi-la-nuova-capsula-compatta-e-piccola-cosi\\\/#primaryimage\"},\"thumbnailUrl\":\"https:\\\/\\\/www.armandotesta.it\\\/wp-content\\\/uploads\\\/2024\\\/06\\\/2_1568630404686.jpg\",\"inLanguage\":\"it-IT\"},{\"@type\":\"WebPage\",\"@id\":\"https:\\\/\\\/www.armandotesta.it\\\/it\\\/armando-testa-firma-la-creativita-per-momenactcompi-la-nuova-capsula-compatta-e-piccola-cosi\\\/\",\"url\":\"https:\\\/\\\/www.armandotesta.it\\\/it\\\/armando-testa-firma-la-creativita-per-momenactcompi-la-nuova-capsula-compatta-e-piccola-cosi\\\/\",\"name\":\"ARMANDO TESTA FIRMA LA CREATIVIT\u00c0 PER MOMENACTCOMP\u00cc: LA NUOVA CAPSULA COMPATTA E PICCOLA COS\u00cc. - Armando Testa\",\"isPartOf\":{\"@id\":\"https:\\\/\\\/www.armandotesta.it\\\/it\\\/#website\"},\"primaryImageOfPage\":{\"@id\":\"https:\\\/\\\/www.armandotesta.it\\\/it\\\/armando-testa-firma-la-creativita-per-momenactcompi-la-nuova-capsula-compatta-e-piccola-cosi\\\/#primaryimage\"},\"image\":{\"@id\":\"https:\\\/\\\/www.armandotesta.it\\\/it\\\/armando-testa-firma-la-creativita-per-momenactcompi-la-nuova-capsula-compatta-e-piccola-cosi\\\/#primaryimage\"},\"thumbnailUrl\":\"https:\\\/\\\/www.armandotesta.it\\\/wp-content\\\/uploads\\\/2024\\\/06\\\/2_1568630404686.jpg\",\"datePublished\":\"2019-09-17T12:00:27+00:00\",\"dateModified\":\"2024-06-04T13:40:21+00:00\",\"breadcrumb\":{\"@id\":\"https:\\\/\\\/www.armandotesta.it\\\/it\\\/armando-testa-firma-la-creativita-per-momenactcompi-la-nuova-capsula-compatta-e-piccola-cosi\\\/#breadcrumb\"},\"inLanguage\":\"it-IT\",\"potentialAction\":[{\"@type\":\"ReadAction\",\"target\":[\"https:\\\/\\\/www.armandotesta.it\\\/it\\\/armando-testa-firma-la-creativita-per-momenactcompi-la-nuova-capsula-compatta-e-piccola-cosi\\\/\"]}]},{\"@type\":\"ImageObject\",\"inLanguage\":\"it-IT\",\"@id\":\"https:\\\/\\\/www.armandotesta.it\\\/it\\\/armando-testa-firma-la-creativita-per-momenactcompi-la-nuova-capsula-compatta-e-piccola-cosi\\\/#primaryimage\",\"url\":\"https:\\\/\\\/www.armandotesta.it\\\/wp-content\\\/uploads\\\/2024\\\/06\\\/2_1568630404686.jpg\",\"contentUrl\":\"https:\\\/\\\/www.armandotesta.it\\\/wp-content\\\/uploads\\\/2024\\\/06\\\/2_1568630404686.jpg\",\"width\":1920,\"height\":1080},{\"@type\":\"BreadcrumbList\",\"@id\":\"https:\\\/\\\/www.armandotesta.it\\\/it\\\/armando-testa-firma-la-creativita-per-momenactcompi-la-nuova-capsula-compatta-e-piccola-cosi\\\/#breadcrumb\",\"itemListElement\":[{\"@type\":\"ListItem\",\"position\":1,\"name\":\"Home\",\"item\":\"https:\\\/\\\/www.armandotesta.it\\\/it\\\/\"},{\"@type\":\"ListItem\",\"position\":2,\"name\":\"ARMANDO TESTA FIRMA LA CREATIVIT\u00c0 PER MOMENACTCOMP\u00cc: LA NUOVA CAPSULA COMPATTA E PICCOLA COS\u00cc.\"}]},{\"@type\":\"WebSite\",\"@id\":\"https:\\\/\\\/www.armandotesta.it\\\/it\\\/#website\",\"url\":\"https:\\\/\\\/www.armandotesta.it\\\/it\\\/\",\"name\":\"Armando Testa\",\"description\":\"\",\"publisher\":{\"@id\":\"https:\\\/\\\/www.armandotesta.it\\\/it\\\/#organization\"},\"potentialAction\":[{\"@type\":\"SearchAction\",\"target\":{\"@type\":\"EntryPoint\",\"urlTemplate\":\"https:\\\/\\\/www.armandotesta.it\\\/it\\\/?s={search_term_string}\"},\"query-input\":{\"@type\":\"PropertyValueSpecification\",\"valueRequired\":true,\"valueName\":\"search_term_string\"}}],\"inLanguage\":\"it-IT\"},{\"@type\":\"Organization\",\"@id\":\"https:\\\/\\\/www.armandotesta.it\\\/it\\\/#organization\",\"name\":\"Armando Testa\",\"url\":\"https:\\\/\\\/www.armandotesta.it\\\/it\\\/\",\"logo\":{\"@type\":\"ImageObject\",\"inLanguage\":\"it-IT\",\"@id\":\"https:\\\/\\\/www.armandotesta.it\\\/it\\\/#\\\/schema\\\/logo\\\/image\\\/\",\"url\":\"https:\\\/\\\/www.armandotesta.it\\\/wp-content\\\/uploads\\\/2024\\\/01\\\/logo-at.png\",\"contentUrl\":\"https:\\\/\\\/www.armandotesta.it\\\/wp-content\\\/uploads\\\/2024\\\/01\\\/logo-at.png\",\"width\":200,\"height\":200,\"caption\":\"Armando Testa\"},\"image\":{\"@id\":\"https:\\\/\\\/www.armandotesta.it\\\/it\\\/#\\\/schema\\\/logo\\\/image\\\/\"}},{\"@type\":\"Person\",\"@id\":\"https:\\\/\\\/www.armandotesta.it\\\/it\\\/#\\\/schema\\\/person\\\/46d1d2d167e5f7b857761f0d5183a848\",\"name\":\"admAT\",\"image\":{\"@type\":\"ImageObject\",\"inLanguage\":\"it-IT\",\"@id\":\"https:\\\/\\\/secure.gravatar.com\\\/avatar\\\/9772e708d87105ee06ea2e627102fade92688c33bb2e0083a7a18b56280f7239?s=96&d=mm&r=g\",\"url\":\"https:\\\/\\\/secure.gravatar.com\\\/avatar\\\/9772e708d87105ee06ea2e627102fade92688c33bb2e0083a7a18b56280f7239?s=96&d=mm&r=g\",\"contentUrl\":\"https:\\\/\\\/secure.gravatar.com\\\/avatar\\\/9772e708d87105ee06ea2e627102fade92688c33bb2e0083a7a18b56280f7239?s=96&d=mm&r=g\",\"caption\":\"admAT\"},\"sameAs\":[\"https:\\\/\\\/www.armandotesta.it\"],\"url\":\"https:\\\/\\\/www.armandotesta.it\\\/it\\\/author\\\/admat\\\/\"}]}<\/script>\n<!-- \/ Yoast SEO plugin. -->","yoast_head_json":{"title":"ARMANDO TESTA FIRMA LA CREATIVIT\u00c0 PER MOMENACTCOMP\u00cc: LA NUOVA CAPSULA COMPATTA E PICCOLA COS\u00cc. - Armando Testa","robots":{"index":"index","follow":"follow","max-snippet":"max-snippet:-1","max-image-preview":"max-image-preview:large","max-video-preview":"max-video-preview:-1"},"canonical":"https:\/\/www.armandotesta.it\/it\/armando-testa-firma-la-creativita-per-momenactcompi-la-nuova-capsula-compatta-e-piccola-cosi\/","og_locale":"it_IT","og_type":"article","og_title":"ARMANDO TESTA FIRMA LA CREATIVIT\u00c0 PER MOMENACTCOMP\u00cc: LA NUOVA CAPSULA COMPATTA E PICCOLA COS\u00cc. - Armando Testa","og_description":"Come pu\u00f2 Momenactcomp\u00ec, una capsula compatta e piccola cos\u00ec, agire rapidamente contro il mal di testa forte? Perch\u00e9 nasce dalla ricerca tecnologica pi\u00f9 avanzata del Gruppo Farmaceutico Angelini. Lo conferma un filmato da 20\u201d ideato dall\u2019agenzia Armando Testa in onda sulle principali emittenti televisive, al cinema e sul web.","og_url":"https:\/\/www.armandotesta.it\/it\/armando-testa-firma-la-creativita-per-momenactcompi-la-nuova-capsula-compatta-e-piccola-cosi\/","og_site_name":"Armando Testa","article_published_time":"2019-09-17T12:00:27+00:00","article_modified_time":"2024-06-04T13:40:21+00:00","og_image":[{"width":1920,"height":1080,"url":"https:\/\/www.armandotesta.it\/wp-content\/uploads\/2024\/06\/2_1568630404686.jpg","type":"image\/jpeg"}],"author":"admAT","twitter_card":"summary_large_image","twitter_misc":{"Scritto da":"admAT","Tempo di lettura stimato":"1 minuto"},"schema":{"@context":"https:\/\/schema.org","@graph":[{"@type":"Article","@id":"https:\/\/www.armandotesta.it\/it\/armando-testa-firma-la-creativita-per-momenactcompi-la-nuova-capsula-compatta-e-piccola-cosi\/#article","isPartOf":{"@id":"https:\/\/www.armandotesta.it\/it\/armando-testa-firma-la-creativita-per-momenactcompi-la-nuova-capsula-compatta-e-piccola-cosi\/"},"author":{"name":"admAT","@id":"https:\/\/www.armandotesta.it\/it\/#\/schema\/person\/46d1d2d167e5f7b857761f0d5183a848"},"headline":"ARMANDO TESTA FIRMA LA CREATIVIT\u00c0 PER MOMENACTCOMP\u00cc: LA NUOVA CAPSULA COMPATTA E PICCOLA COS\u00cc.","datePublished":"2019-09-17T12:00:27+00:00","dateModified":"2024-06-04T13:40:21+00:00","mainEntityOfPage":{"@id":"https:\/\/www.armandotesta.it\/it\/armando-testa-firma-la-creativita-per-momenactcompi-la-nuova-capsula-compatta-e-piccola-cosi\/"},"wordCount":263,"publisher":{"@id":"https:\/\/www.armandotesta.it\/it\/#organization"},"image":{"@id":"https:\/\/www.armandotesta.it\/it\/armando-testa-firma-la-creativita-per-momenactcompi-la-nuova-capsula-compatta-e-piccola-cosi\/#primaryimage"},"thumbnailUrl":"https:\/\/www.armandotesta.it\/wp-content\/uploads\/2024\/06\/2_1568630404686.jpg","inLanguage":"it-IT"},{"@type":"WebPage","@id":"https:\/\/www.armandotesta.it\/it\/armando-testa-firma-la-creativita-per-momenactcompi-la-nuova-capsula-compatta-e-piccola-cosi\/","url":"https:\/\/www.armandotesta.it\/it\/armando-testa-firma-la-creativita-per-momenactcompi-la-nuova-capsula-compatta-e-piccola-cosi\/","name":"ARMANDO TESTA FIRMA LA CREATIVIT\u00c0 PER MOMENACTCOMP\u00cc: LA NUOVA CAPSULA COMPATTA E PICCOLA COS\u00cc. - Armando Testa","isPartOf":{"@id":"https:\/\/www.armandotesta.it\/it\/#website"},"primaryImageOfPage":{"@id":"https:\/\/www.armandotesta.it\/it\/armando-testa-firma-la-creativita-per-momenactcompi-la-nuova-capsula-compatta-e-piccola-cosi\/#primaryimage"},"image":{"@id":"https:\/\/www.armandotesta.it\/it\/armando-testa-firma-la-creativita-per-momenactcompi-la-nuova-capsula-compatta-e-piccola-cosi\/#primaryimage"},"thumbnailUrl":"https:\/\/www.armandotesta.it\/wp-content\/uploads\/2024\/06\/2_1568630404686.jpg","datePublished":"2019-09-17T12:00:27+00:00","dateModified":"2024-06-04T13:40:21+00:00","breadcrumb":{"@id":"https:\/\/www.armandotesta.it\/it\/armando-testa-firma-la-creativita-per-momenactcompi-la-nuova-capsula-compatta-e-piccola-cosi\/#breadcrumb"},"inLanguage":"it-IT","potentialAction":[{"@type":"ReadAction","target":["https:\/\/www.armandotesta.it\/it\/armando-testa-firma-la-creativita-per-momenactcompi-la-nuova-capsula-compatta-e-piccola-cosi\/"]}]},{"@type":"ImageObject","inLanguage":"it-IT","@id":"https:\/\/www.armandotesta.it\/it\/armando-testa-firma-la-creativita-per-momenactcompi-la-nuova-capsula-compatta-e-piccola-cosi\/#primaryimage","url":"https:\/\/www.armandotesta.it\/wp-content\/uploads\/2024\/06\/2_1568630404686.jpg","contentUrl":"https:\/\/www.armandotesta.it\/wp-content\/uploads\/2024\/06\/2_1568630404686.jpg","width":1920,"height":1080},{"@type":"BreadcrumbList","@id":"https:\/\/www.armandotesta.it\/it\/armando-testa-firma-la-creativita-per-momenactcompi-la-nuova-capsula-compatta-e-piccola-cosi\/#breadcrumb","itemListElement":[{"@type":"ListItem","position":1,"name":"Home","item":"https:\/\/www.armandotesta.it\/it\/"},{"@type":"ListItem","position":2,"name":"ARMANDO TESTA FIRMA LA CREATIVIT\u00c0 PER MOMENACTCOMP\u00cc: LA NUOVA CAPSULA COMPATTA E PICCOLA COS\u00cc."}]},{"@type":"WebSite","@id":"https:\/\/www.armandotesta.it\/it\/#website","url":"https:\/\/www.armandotesta.it\/it\/","name":"Armando Testa","description":"","publisher":{"@id":"https:\/\/www.armandotesta.it\/it\/#organization"},"potentialAction":[{"@type":"SearchAction","target":{"@type":"EntryPoint","urlTemplate":"https:\/\/www.armandotesta.it\/it\/?s={search_term_string}"},"query-input":{"@type":"PropertyValueSpecification","valueRequired":true,"valueName":"search_term_string"}}],"inLanguage":"it-IT"},{"@type":"Organization","@id":"https:\/\/www.armandotesta.it\/it\/#organization","name":"Armando Testa","url":"https:\/\/www.armandotesta.it\/it\/","logo":{"@type":"ImageObject","inLanguage":"it-IT","@id":"https:\/\/www.armandotesta.it\/it\/#\/schema\/logo\/image\/","url":"https:\/\/www.armandotesta.it\/wp-content\/uploads\/2024\/01\/logo-at.png","contentUrl":"https:\/\/www.armandotesta.it\/wp-content\/uploads\/2024\/01\/logo-at.png","width":200,"height":200,"caption":"Armando Testa"},"image":{"@id":"https:\/\/www.armandotesta.it\/it\/#\/schema\/logo\/image\/"}},{"@type":"Person","@id":"https:\/\/www.armandotesta.it\/it\/#\/schema\/person\/46d1d2d167e5f7b857761f0d5183a848","name":"admAT","image":{"@type":"ImageObject","inLanguage":"it-IT","@id":"https:\/\/secure.gravatar.com\/avatar\/9772e708d87105ee06ea2e627102fade92688c33bb2e0083a7a18b56280f7239?s=96&d=mm&r=g","url":"https:\/\/secure.gravatar.com\/avatar\/9772e708d87105ee06ea2e627102fade92688c33bb2e0083a7a18b56280f7239?s=96&d=mm&r=g","contentUrl":"https:\/\/secure.gravatar.com\/avatar\/9772e708d87105ee06ea2e627102fade92688c33bb2e0083a7a18b56280f7239?s=96&d=mm&r=g","caption":"admAT"},"sameAs":["https:\/\/www.armandotesta.it"],"url":"https:\/\/www.armandotesta.it\/it\/author\/admat\/"}]}},"_links":{"self":[{"href":"https:\/\/www.armandotesta.it\/it\/wp-json\/wp\/v2\/posts\/24194","targetHints":{"allow":["GET"]}}],"collection":[{"href":"https:\/\/www.armandotesta.it\/it\/wp-json\/wp\/v2\/posts"}],"about":[{"href":"https:\/\/www.armandotesta.it\/it\/wp-json\/wp\/v2\/types\/post"}],"author":[{"embeddable":true,"href":"https:\/\/www.armandotesta.it\/it\/wp-json\/wp\/v2\/users\/1"}],"replies":[{"embeddable":true,"href":"https:\/\/www.armandotesta.it\/it\/wp-json\/wp\/v2\/comments?post=24194"}],"version-history":[{"count":1,"href":"https:\/\/www.armandotesta.it\/it\/wp-json\/wp\/v2\/posts\/24194\/revisions"}],"predecessor-version":[{"id":25215,"href":"https:\/\/www.armandotesta.it\/it\/wp-json\/wp\/v2\/posts\/24194\/revisions\/25215"}],"wp:featuredmedia":[{"embeddable":true,"href":"https:\/\/www.armandotesta.it\/it\/wp-json\/wp\/v2\/media\/23021"}],"wp:attachment":[{"href":"https:\/\/www.armandotesta.it\/it\/wp-json\/wp\/v2\/media?parent=24194"}],"wp:term":[{"taxonomy":"category","embeddable":true,"href":"https:\/\/www.armandotesta.it\/it\/wp-json\/wp\/v2\/categories?post=24194"},{"taxonomy":"post_tag","embeddable":true,"href":"https:\/\/www.armandotesta.it\/it\/wp-json\/wp\/v2\/tags?post=24194"}],"curies":[{"name":"wp","href":"https:\/\/api.w.org\/{rel}","templated":true}]}}