{"id":23875,"date":"2015-01-07T13:34:32","date_gmt":"2015-01-07T12:34:32","guid":{"rendered":"https:\/\/www.armandotesta.it\/caviro-tavernello-soggetto-la-vite-in-citta\/"},"modified":"2024-06-04T15:39:28","modified_gmt":"2024-06-04T13:39:28","slug":"caviro-tavernello-soggetto-la-vite-in-citta","status":"publish","type":"post","link":"https:\/\/www.armandotesta.it\/it\/caviro-tavernello-soggetto-la-vite-in-citta\/","title":{"rendered":"CAVIRO TAVERNELLO SOGGETTO  \u201cLA VITE IN CITT\u00c0\u201c"},"content":{"rendered":"<p>On air dal 4 gennaio 2015 su tutte le principali emittenti nazionali e satellitari la nuova campagna Tavernello, studiata dall\u2019Agenzia Testa per raccontare la magia e la poesia di una grande tradizione italiana, quella del vino, attraverso un interprete sempre pi\u00f9 autorevole: Tavernello.<\/p><p>Con le immagini potenti e evocative della vite che cresce e di magnifici grappoli che maturano espandendosi sulle case e sui grattacieli di una citt\u00e0 italiana, la campagna svela in modo semplice e memorabile come il vino pi\u00f9 venduto in Italia arrivi ogni giorno nelle case di sempre pi\u00f9 consumatori. Portando la genuinit\u00e0, la freschezza, e il sapore di un buon bicchiere di vino nelle case degli italiani: quel sapore unico e vero dei momenti che si vivono insieme.<\/p><p>Una mano che si tende a cogliere un grappolo succoso e maturo, e il grappolo che diventa bottiglia, un key frame che riassume in un attimo la potenza e la meraviglia dell\u2019uva che diventa vino: genuino, buono, italiano.<\/p><p>Due i soggetti, declinati nei formati 40\u201d, 30\u201d e 15\u201d: il primo presenta lo Chardonnay e il Syrah-Cabernet, il secondo dedicato al Frizzante Bianco e Rosato. Nuovi vini in bottiglia che si affiancano allo storico brik, testimoniando l\u2019evoluzione di un\u2019azienda sempre pi\u00f9 attenta ai gusti e alle esigenze dei suoi consumatori. Nuove etichette che portano sulle tavole bouquet armonici ed eleganti, sapori decisi e maturi, e note fresche e frizzanti.<\/p><p>Accompagnate dalle note di Mishaela, e dalla voce calda di Noa, le immagini, che coniugano la meraviglia degli effetti speciali al realismo di istanti quotidiani quasi rubati dalla telecamera, portano la firma di Dario Piana alla regia e di Edi per la post produzione. Grappolo dopo grappolo, e foglia dopo foglia, \u00e8 stata costruita in citt\u00e0 la magia.<\/p><p>Casa di produzione Little Bull. Direzione creativa Piero Reinerio, Monica Pirocca e Michela Sartorio.  <\/p><p>Pianificazione di Media Italia.<\/p>\n\n<ul class=\"wp-block-gallery columns-1 is-cropped wp-block-gallery-1 is-layout-flex wp-block-gallery-is-layout-flex\">\n<li class=\"blocks-gallery-item\">\n   <figure>\n  <a href=\"https:\/\/newsroom.armandotesta.it\/\/wp-content\/uploads\/2019\/03\/152898-7_1419269175305-d00926-original-1420631981.jpg\">\n <img decoding=\"async\" src=\"https:\/\/newsroom.armandotesta.it\/\/wp-content\/uploads\/2019\/03\/152898-7_1419269175305-d00926-original-1420631981.jpg\" \n         alt=\"\" \n      data-link=\"https:\/\/newsroom.armandotesta.it\/\/wp-content\/uploads\/2019\/03\/152898-7_1419269175305-d00926-original-1420631981.jpg\" \n       class=\"td-modal-image\"\/>\n  <\/a>\n  <\/figure>\n <\/li><li class=\"blocks-gallery-item\">\n <figure>\n  <a href=\"https:\/\/newsroom.armandotesta.it\/\/wp-content\/uploads\/2019\/03\/152904-6_1419269164311-862cc7-original-1420631981.jpg\">\n <img decoding=\"async\" src=\"https:\/\/newsroom.armandotesta.it\/\/wp-content\/uploads\/2019\/03\/152904-6_1419269164311-862cc7-original-1420631981.jpg\" \n         alt=\"\" \n      data-link=\"https:\/\/newsroom.armandotesta.it\/\/wp-content\/uploads\/2019\/03\/152904-6_1419269164311-862cc7-original-1420631981.jpg\" \n       class=\"td-modal-image\"\/>\n  <\/a>\n  <\/figure>\n <\/li><li class=\"blocks-gallery-item\">\n <figure>\n  <a href=\"https:\/\/newsroom.armandotesta.it\/\/wp-content\/uploads\/2019\/03\/152903-4_1419269144555-a14de1-original-1420631981.jpg\">\n <img decoding=\"async\" src=\"https:\/\/newsroom.armandotesta.it\/\/wp-content\/uploads\/2019\/03\/152903-4_1419269144555-a14de1-original-1420631981.jpg\" \n         alt=\"\" \n      data-link=\"https:\/\/newsroom.armandotesta.it\/\/wp-content\/uploads\/2019\/03\/152903-4_1419269144555-a14de1-original-1420631981.jpg\" \n       class=\"td-modal-image\"\/>\n  <\/a>\n  <\/figure>\n <\/li><li class=\"blocks-gallery-item\">\n <figure>\n  <a href=\"https:\/\/newsroom.armandotesta.it\/\/wp-content\/uploads\/2019\/03\/152902-2_1419268103306-e13d91-original-1420631981.jpg\">\n <img decoding=\"async\" src=\"https:\/\/newsroom.armandotesta.it\/\/wp-content\/uploads\/2019\/03\/152902-2_1419268103306-e13d91-original-1420631981.jpg\" \n         alt=\"\" \n      data-link=\"https:\/\/newsroom.armandotesta.it\/\/wp-content\/uploads\/2019\/03\/152902-2_1419268103306-e13d91-original-1420631981.jpg\" \n       class=\"td-modal-image\"\/>\n  <\/a>\n  <\/figure>\n <\/li><li class=\"blocks-gallery-item\">\n <figure>\n  <a href=\"https:\/\/newsroom.armandotesta.it\/\/wp-content\/uploads\/2019\/03\/152900-5_1419269154741-58dbae-original-1420631981.jpg\">\n <img decoding=\"async\" src=\"https:\/\/newsroom.armandotesta.it\/\/wp-content\/uploads\/2019\/03\/152900-5_1419269154741-58dbae-original-1420631981.jpg\" \n         alt=\"\" \n      data-link=\"https:\/\/newsroom.armandotesta.it\/\/wp-content\/uploads\/2019\/03\/152900-5_1419269154741-58dbae-original-1420631981.jpg\" \n       class=\"td-modal-image\"\/>\n  <\/a>\n  <\/figure>\n <\/li><li class=\"blocks-gallery-item\">\n <figure>\n  <a href=\"https:\/\/newsroom.armandotesta.it\/\/wp-content\/uploads\/2019\/03\/152899-1_1419268107683-85969d-original-1420631981.jpg\">\n <img decoding=\"async\" src=\"https:\/\/newsroom.armandotesta.it\/\/wp-content\/uploads\/2019\/03\/152899-1_1419268107683-85969d-original-1420631981.jpg\" \n         alt=\"\" \n      data-link=\"https:\/\/newsroom.armandotesta.it\/\/wp-content\/uploads\/2019\/03\/152899-1_1419268107683-85969d-original-1420631981.jpg\" \n       class=\"td-modal-image\"\/>\n  <\/a>\n  <\/figure>\n <\/li><li class=\"blocks-gallery-item\">\n <figure>\n  <a href=\"https:\/\/newsroom.armandotesta.it\/\/wp-content\/uploads\/2019\/03\/152905-8_1419269194922-d79fd3-original-1420631981.jpg\">\n <img decoding=\"async\" src=\"https:\/\/newsroom.armandotesta.it\/\/wp-content\/uploads\/2019\/03\/152905-8_1419269194922-d79fd3-original-1420631981.jpg\" \n         alt=\"\" \n      data-link=\"https:\/\/newsroom.armandotesta.it\/\/wp-content\/uploads\/2019\/03\/152905-8_1419269194922-d79fd3-original-1420631981.jpg\" \n       class=\"td-modal-image\"\/>\n  <\/a>\n  <\/figure>\n <\/li><li class=\"blocks-gallery-item\">\n <figure>\n  <a href=\"https:\/\/newsroom.armandotesta.it\/\/wp-content\/uploads\/2019\/03\/152901-3_1419269134234-3bd675-original-1420631981.jpg\">\n <img decoding=\"async\" src=\"https:\/\/newsroom.armandotesta.it\/\/wp-content\/uploads\/2019\/03\/152901-3_1419269134234-3bd675-original-1420631981.jpg\" \n         alt=\"\" \n      data-link=\"https:\/\/newsroom.armandotesta.it\/\/wp-content\/uploads\/2019\/03\/152901-3_1419269134234-3bd675-original-1420631981.jpg\" \n       class=\"td-modal-image\"\/>\n  <\/a>\n  <\/figure>\n <\/li><\/ul>\n\n\n<figure class=\"wp-block-embed-youtube wp-block-embed is-type-video is-provider-youtube wp-embed-aspect-16-9 wp-has-aspect-ratio\"><div class=\"wp-block-embed__wrapper\">\n<iframe loading=\"lazy\" title=\"Caviro - Tavernello - La vite in citt\u00e0 - Varietale Chardonnay - 40&quot;\" width=\"500\" height=\"281\" src=\"https:\/\/www.youtube.com\/embed\/wACvXwxbReM?feature=oembed\" frameborder=\"0\" allow=\"accelerometer; autoplay; clipboard-write; encrypted-media; gyroscope; picture-in-picture; web-share\" referrerpolicy=\"strict-origin-when-cross-origin\" allowfullscreen><\/iframe>\n<\/div>\n<\/figure>\n\n<figure class=\"wp-block-embed-youtube wp-block-embed is-type-video is-provider-youtube wp-embed-aspect-16-9 wp-has-aspect-ratio\"><div class=\"wp-block-embed__wrapper\">\n<iframe loading=\"lazy\" title=\"Caviro - Tavernello - La vite in citt\u00e0 - Frizzante - 30&quot;\" width=\"500\" height=\"281\" src=\"https:\/\/www.youtube.com\/embed\/NdGgsOdaXMQ?feature=oembed\" frameborder=\"0\" allow=\"accelerometer; autoplay; clipboard-write; encrypted-media; gyroscope; picture-in-picture; web-share\" referrerpolicy=\"strict-origin-when-cross-origin\" allowfullscreen><\/iframe>\n<\/div>\n<\/figure>\n","protected":false},"excerpt":{"rendered":"<p>On air dal 4 gennaio 2015 su tutte le principali emittenti nazionali e satellitari la nuova campagna Tavernello, studiata dall\u2019Agenzia Testa per raccontare la magia e la poesia di una grande tradizione italiana, quella del vino, attraverso un interprete sempre pi\u00f9 autorevole: Tavernello. Con le immagini potenti e evocative della vite che cresce e di [&hellip;]<\/p>\n","protected":false},"author":1,"featured_media":19818,"comment_status":"closed","ping_status":"closed","sticky":false,"template":"","format":"standard","meta":{"_acf_changed":false,"inline_featured_image":false,"footnotes":""},"categories":[],"tags":[],"class_list":["post-23875","post","type-post","status-publish","format-standard","has-post-thumbnail","hentry"],"acf":false,"yoast_head":"<!-- This site is optimized with the Yoast SEO plugin v27.5 - https:\/\/yoast.com\/product\/yoast-seo-wordpress\/ -->\n<title>CAVIRO TAVERNELLO SOGGETTO \u201cLA VITE IN CITT\u00c0\u201c - Armando Testa<\/title>\n<meta name=\"robots\" content=\"index, follow, max-snippet:-1, max-image-preview:large, max-video-preview:-1\" \/>\n<link rel=\"canonical\" href=\"https:\/\/www.armandotesta.it\/it\/caviro-tavernello-soggetto-la-vite-in-citta\/\" \/>\n<meta property=\"og:locale\" content=\"it_IT\" \/>\n<meta property=\"og:type\" content=\"article\" \/>\n<meta property=\"og:title\" content=\"CAVIRO TAVERNELLO SOGGETTO \u201cLA VITE IN CITT\u00c0\u201c - Armando Testa\" \/>\n<meta property=\"og:description\" content=\"On air dal 4 gennaio 2015 su tutte le principali emittenti nazionali e satellitari la nuova campagna Tavernello, studiata dall\u2019Agenzia Testa per raccontare la magia e la poesia di una grande tradizione italiana, quella del vino, attraverso un interprete sempre pi\u00f9 autorevole: Tavernello. Con le immagini potenti e evocative della vite che cresce e di [&hellip;]\" \/>\n<meta property=\"og:url\" content=\"https:\/\/www.armandotesta.it\/it\/caviro-tavernello-soggetto-la-vite-in-citta\/\" \/>\n<meta property=\"og:site_name\" content=\"Armando Testa\" \/>\n<meta property=\"article:published_time\" content=\"2015-01-07T12:34:32+00:00\" \/>\n<meta property=\"article:modified_time\" content=\"2024-06-04T13:39:28+00:00\" \/>\n<meta property=\"og:image\" content=\"https:\/\/www.armandotesta.it\/wp-content\/uploads\/2024\/06\/152898-7_1419269175305-d00926-original-1420631981.jpg\" \/>\n\t<meta property=\"og:image:width\" content=\"1920\" \/>\n\t<meta property=\"og:image:height\" content=\"1080\" \/>\n\t<meta property=\"og:image:type\" content=\"image\/jpeg\" \/>\n<meta name=\"author\" content=\"admAT\" \/>\n<meta name=\"twitter:card\" content=\"summary_large_image\" \/>\n<meta name=\"twitter:label1\" content=\"Scritto da\" \/>\n\t<meta name=\"twitter:data1\" content=\"admAT\" \/>\n\t<meta name=\"twitter:label2\" content=\"Tempo di lettura stimato\" \/>\n\t<meta name=\"twitter:data2\" content=\"2 minuti\" \/>\n<script type=\"application\/ld+json\" class=\"yoast-schema-graph\">{\"@context\":\"https:\\\/\\\/schema.org\",\"@graph\":[{\"@type\":\"Article\",\"@id\":\"https:\\\/\\\/www.armandotesta.it\\\/it\\\/caviro-tavernello-soggetto-la-vite-in-citta\\\/#article\",\"isPartOf\":{\"@id\":\"https:\\\/\\\/www.armandotesta.it\\\/it\\\/caviro-tavernello-soggetto-la-vite-in-citta\\\/\"},\"author\":{\"name\":\"admAT\",\"@id\":\"https:\\\/\\\/www.armandotesta.it\\\/it\\\/#\\\/schema\\\/person\\\/46d1d2d167e5f7b857761f0d5183a848\"},\"headline\":\"CAVIRO TAVERNELLO SOGGETTO \u201cLA VITE IN CITT\u00c0\u201c\",\"datePublished\":\"2015-01-07T12:34:32+00:00\",\"dateModified\":\"2024-06-04T13:39:28+00:00\",\"mainEntityOfPage\":{\"@id\":\"https:\\\/\\\/www.armandotesta.it\\\/it\\\/caviro-tavernello-soggetto-la-vite-in-citta\\\/\"},\"wordCount\":319,\"publisher\":{\"@id\":\"https:\\\/\\\/www.armandotesta.it\\\/it\\\/#organization\"},\"image\":{\"@id\":\"https:\\\/\\\/www.armandotesta.it\\\/it\\\/caviro-tavernello-soggetto-la-vite-in-citta\\\/#primaryimage\"},\"thumbnailUrl\":\"https:\\\/\\\/www.armandotesta.it\\\/wp-content\\\/uploads\\\/2024\\\/06\\\/152898-7_1419269175305-d00926-original-1420631981.jpg\",\"inLanguage\":\"it-IT\"},{\"@type\":\"WebPage\",\"@id\":\"https:\\\/\\\/www.armandotesta.it\\\/it\\\/caviro-tavernello-soggetto-la-vite-in-citta\\\/\",\"url\":\"https:\\\/\\\/www.armandotesta.it\\\/it\\\/caviro-tavernello-soggetto-la-vite-in-citta\\\/\",\"name\":\"CAVIRO TAVERNELLO SOGGETTO \u201cLA VITE IN CITT\u00c0\u201c - Armando Testa\",\"isPartOf\":{\"@id\":\"https:\\\/\\\/www.armandotesta.it\\\/it\\\/#website\"},\"primaryImageOfPage\":{\"@id\":\"https:\\\/\\\/www.armandotesta.it\\\/it\\\/caviro-tavernello-soggetto-la-vite-in-citta\\\/#primaryimage\"},\"image\":{\"@id\":\"https:\\\/\\\/www.armandotesta.it\\\/it\\\/caviro-tavernello-soggetto-la-vite-in-citta\\\/#primaryimage\"},\"thumbnailUrl\":\"https:\\\/\\\/www.armandotesta.it\\\/wp-content\\\/uploads\\\/2024\\\/06\\\/152898-7_1419269175305-d00926-original-1420631981.jpg\",\"datePublished\":\"2015-01-07T12:34:32+00:00\",\"dateModified\":\"2024-06-04T13:39:28+00:00\",\"breadcrumb\":{\"@id\":\"https:\\\/\\\/www.armandotesta.it\\\/it\\\/caviro-tavernello-soggetto-la-vite-in-citta\\\/#breadcrumb\"},\"inLanguage\":\"it-IT\",\"potentialAction\":[{\"@type\":\"ReadAction\",\"target\":[\"https:\\\/\\\/www.armandotesta.it\\\/it\\\/caviro-tavernello-soggetto-la-vite-in-citta\\\/\"]}]},{\"@type\":\"ImageObject\",\"inLanguage\":\"it-IT\",\"@id\":\"https:\\\/\\\/www.armandotesta.it\\\/it\\\/caviro-tavernello-soggetto-la-vite-in-citta\\\/#primaryimage\",\"url\":\"https:\\\/\\\/www.armandotesta.it\\\/wp-content\\\/uploads\\\/2024\\\/06\\\/152898-7_1419269175305-d00926-original-1420631981.jpg\",\"contentUrl\":\"https:\\\/\\\/www.armandotesta.it\\\/wp-content\\\/uploads\\\/2024\\\/06\\\/152898-7_1419269175305-d00926-original-1420631981.jpg\",\"width\":1920,\"height\":1080},{\"@type\":\"BreadcrumbList\",\"@id\":\"https:\\\/\\\/www.armandotesta.it\\\/it\\\/caviro-tavernello-soggetto-la-vite-in-citta\\\/#breadcrumb\",\"itemListElement\":[{\"@type\":\"ListItem\",\"position\":1,\"name\":\"Home\",\"item\":\"https:\\\/\\\/www.armandotesta.it\\\/it\\\/\"},{\"@type\":\"ListItem\",\"position\":2,\"name\":\"CAVIRO TAVERNELLO SOGGETTO \u201cLA VITE IN CITT\u00c0\u201c\"}]},{\"@type\":\"WebSite\",\"@id\":\"https:\\\/\\\/www.armandotesta.it\\\/it\\\/#website\",\"url\":\"https:\\\/\\\/www.armandotesta.it\\\/it\\\/\",\"name\":\"Armando Testa\",\"description\":\"\",\"publisher\":{\"@id\":\"https:\\\/\\\/www.armandotesta.it\\\/it\\\/#organization\"},\"potentialAction\":[{\"@type\":\"SearchAction\",\"target\":{\"@type\":\"EntryPoint\",\"urlTemplate\":\"https:\\\/\\\/www.armandotesta.it\\\/it\\\/?s={search_term_string}\"},\"query-input\":{\"@type\":\"PropertyValueSpecification\",\"valueRequired\":true,\"valueName\":\"search_term_string\"}}],\"inLanguage\":\"it-IT\"},{\"@type\":\"Organization\",\"@id\":\"https:\\\/\\\/www.armandotesta.it\\\/it\\\/#organization\",\"name\":\"Armando Testa\",\"url\":\"https:\\\/\\\/www.armandotesta.it\\\/it\\\/\",\"logo\":{\"@type\":\"ImageObject\",\"inLanguage\":\"it-IT\",\"@id\":\"https:\\\/\\\/www.armandotesta.it\\\/it\\\/#\\\/schema\\\/logo\\\/image\\\/\",\"url\":\"https:\\\/\\\/www.armandotesta.it\\\/wp-content\\\/uploads\\\/2024\\\/01\\\/logo-at.png\",\"contentUrl\":\"https:\\\/\\\/www.armandotesta.it\\\/wp-content\\\/uploads\\\/2024\\\/01\\\/logo-at.png\",\"width\":200,\"height\":200,\"caption\":\"Armando Testa\"},\"image\":{\"@id\":\"https:\\\/\\\/www.armandotesta.it\\\/it\\\/#\\\/schema\\\/logo\\\/image\\\/\"}},{\"@type\":\"Person\",\"@id\":\"https:\\\/\\\/www.armandotesta.it\\\/it\\\/#\\\/schema\\\/person\\\/46d1d2d167e5f7b857761f0d5183a848\",\"name\":\"admAT\",\"image\":{\"@type\":\"ImageObject\",\"inLanguage\":\"it-IT\",\"@id\":\"https:\\\/\\\/secure.gravatar.com\\\/avatar\\\/9772e708d87105ee06ea2e627102fade92688c33bb2e0083a7a18b56280f7239?s=96&d=mm&r=g\",\"url\":\"https:\\\/\\\/secure.gravatar.com\\\/avatar\\\/9772e708d87105ee06ea2e627102fade92688c33bb2e0083a7a18b56280f7239?s=96&d=mm&r=g\",\"contentUrl\":\"https:\\\/\\\/secure.gravatar.com\\\/avatar\\\/9772e708d87105ee06ea2e627102fade92688c33bb2e0083a7a18b56280f7239?s=96&d=mm&r=g\",\"caption\":\"admAT\"},\"sameAs\":[\"https:\\\/\\\/www.armandotesta.it\"],\"url\":\"https:\\\/\\\/www.armandotesta.it\\\/it\\\/author\\\/admat\\\/\"}]}<\/script>\n<!-- \/ Yoast SEO plugin. -->","yoast_head_json":{"title":"CAVIRO TAVERNELLO SOGGETTO \u201cLA VITE IN CITT\u00c0\u201c - Armando Testa","robots":{"index":"index","follow":"follow","max-snippet":"max-snippet:-1","max-image-preview":"max-image-preview:large","max-video-preview":"max-video-preview:-1"},"canonical":"https:\/\/www.armandotesta.it\/it\/caviro-tavernello-soggetto-la-vite-in-citta\/","og_locale":"it_IT","og_type":"article","og_title":"CAVIRO TAVERNELLO SOGGETTO \u201cLA VITE IN CITT\u00c0\u201c - Armando Testa","og_description":"On air dal 4 gennaio 2015 su tutte le principali emittenti nazionali e satellitari la nuova campagna Tavernello, studiata dall\u2019Agenzia Testa per raccontare la magia e la poesia di una grande tradizione italiana, quella del vino, attraverso un interprete sempre pi\u00f9 autorevole: Tavernello. Con le immagini potenti e evocative della vite che cresce e di [&hellip;]","og_url":"https:\/\/www.armandotesta.it\/it\/caviro-tavernello-soggetto-la-vite-in-citta\/","og_site_name":"Armando Testa","article_published_time":"2015-01-07T12:34:32+00:00","article_modified_time":"2024-06-04T13:39:28+00:00","og_image":[{"width":1920,"height":1080,"url":"https:\/\/www.armandotesta.it\/wp-content\/uploads\/2024\/06\/152898-7_1419269175305-d00926-original-1420631981.jpg","type":"image\/jpeg"}],"author":"admAT","twitter_card":"summary_large_image","twitter_misc":{"Scritto da":"admAT","Tempo di lettura stimato":"2 minuti"},"schema":{"@context":"https:\/\/schema.org","@graph":[{"@type":"Article","@id":"https:\/\/www.armandotesta.it\/it\/caviro-tavernello-soggetto-la-vite-in-citta\/#article","isPartOf":{"@id":"https:\/\/www.armandotesta.it\/it\/caviro-tavernello-soggetto-la-vite-in-citta\/"},"author":{"name":"admAT","@id":"https:\/\/www.armandotesta.it\/it\/#\/schema\/person\/46d1d2d167e5f7b857761f0d5183a848"},"headline":"CAVIRO TAVERNELLO SOGGETTO \u201cLA VITE IN CITT\u00c0\u201c","datePublished":"2015-01-07T12:34:32+00:00","dateModified":"2024-06-04T13:39:28+00:00","mainEntityOfPage":{"@id":"https:\/\/www.armandotesta.it\/it\/caviro-tavernello-soggetto-la-vite-in-citta\/"},"wordCount":319,"publisher":{"@id":"https:\/\/www.armandotesta.it\/it\/#organization"},"image":{"@id":"https:\/\/www.armandotesta.it\/it\/caviro-tavernello-soggetto-la-vite-in-citta\/#primaryimage"},"thumbnailUrl":"https:\/\/www.armandotesta.it\/wp-content\/uploads\/2024\/06\/152898-7_1419269175305-d00926-original-1420631981.jpg","inLanguage":"it-IT"},{"@type":"WebPage","@id":"https:\/\/www.armandotesta.it\/it\/caviro-tavernello-soggetto-la-vite-in-citta\/","url":"https:\/\/www.armandotesta.it\/it\/caviro-tavernello-soggetto-la-vite-in-citta\/","name":"CAVIRO TAVERNELLO SOGGETTO \u201cLA VITE IN CITT\u00c0\u201c - Armando Testa","isPartOf":{"@id":"https:\/\/www.armandotesta.it\/it\/#website"},"primaryImageOfPage":{"@id":"https:\/\/www.armandotesta.it\/it\/caviro-tavernello-soggetto-la-vite-in-citta\/#primaryimage"},"image":{"@id":"https:\/\/www.armandotesta.it\/it\/caviro-tavernello-soggetto-la-vite-in-citta\/#primaryimage"},"thumbnailUrl":"https:\/\/www.armandotesta.it\/wp-content\/uploads\/2024\/06\/152898-7_1419269175305-d00926-original-1420631981.jpg","datePublished":"2015-01-07T12:34:32+00:00","dateModified":"2024-06-04T13:39:28+00:00","breadcrumb":{"@id":"https:\/\/www.armandotesta.it\/it\/caviro-tavernello-soggetto-la-vite-in-citta\/#breadcrumb"},"inLanguage":"it-IT","potentialAction":[{"@type":"ReadAction","target":["https:\/\/www.armandotesta.it\/it\/caviro-tavernello-soggetto-la-vite-in-citta\/"]}]},{"@type":"ImageObject","inLanguage":"it-IT","@id":"https:\/\/www.armandotesta.it\/it\/caviro-tavernello-soggetto-la-vite-in-citta\/#primaryimage","url":"https:\/\/www.armandotesta.it\/wp-content\/uploads\/2024\/06\/152898-7_1419269175305-d00926-original-1420631981.jpg","contentUrl":"https:\/\/www.armandotesta.it\/wp-content\/uploads\/2024\/06\/152898-7_1419269175305-d00926-original-1420631981.jpg","width":1920,"height":1080},{"@type":"BreadcrumbList","@id":"https:\/\/www.armandotesta.it\/it\/caviro-tavernello-soggetto-la-vite-in-citta\/#breadcrumb","itemListElement":[{"@type":"ListItem","position":1,"name":"Home","item":"https:\/\/www.armandotesta.it\/it\/"},{"@type":"ListItem","position":2,"name":"CAVIRO TAVERNELLO SOGGETTO \u201cLA VITE IN CITT\u00c0\u201c"}]},{"@type":"WebSite","@id":"https:\/\/www.armandotesta.it\/it\/#website","url":"https:\/\/www.armandotesta.it\/it\/","name":"Armando Testa","description":"","publisher":{"@id":"https:\/\/www.armandotesta.it\/it\/#organization"},"potentialAction":[{"@type":"SearchAction","target":{"@type":"EntryPoint","urlTemplate":"https:\/\/www.armandotesta.it\/it\/?s={search_term_string}"},"query-input":{"@type":"PropertyValueSpecification","valueRequired":true,"valueName":"search_term_string"}}],"inLanguage":"it-IT"},{"@type":"Organization","@id":"https:\/\/www.armandotesta.it\/it\/#organization","name":"Armando Testa","url":"https:\/\/www.armandotesta.it\/it\/","logo":{"@type":"ImageObject","inLanguage":"it-IT","@id":"https:\/\/www.armandotesta.it\/it\/#\/schema\/logo\/image\/","url":"https:\/\/www.armandotesta.it\/wp-content\/uploads\/2024\/01\/logo-at.png","contentUrl":"https:\/\/www.armandotesta.it\/wp-content\/uploads\/2024\/01\/logo-at.png","width":200,"height":200,"caption":"Armando Testa"},"image":{"@id":"https:\/\/www.armandotesta.it\/it\/#\/schema\/logo\/image\/"}},{"@type":"Person","@id":"https:\/\/www.armandotesta.it\/it\/#\/schema\/person\/46d1d2d167e5f7b857761f0d5183a848","name":"admAT","image":{"@type":"ImageObject","inLanguage":"it-IT","@id":"https:\/\/secure.gravatar.com\/avatar\/9772e708d87105ee06ea2e627102fade92688c33bb2e0083a7a18b56280f7239?s=96&d=mm&r=g","url":"https:\/\/secure.gravatar.com\/avatar\/9772e708d87105ee06ea2e627102fade92688c33bb2e0083a7a18b56280f7239?s=96&d=mm&r=g","contentUrl":"https:\/\/secure.gravatar.com\/avatar\/9772e708d87105ee06ea2e627102fade92688c33bb2e0083a7a18b56280f7239?s=96&d=mm&r=g","caption":"admAT"},"sameAs":["https:\/\/www.armandotesta.it"],"url":"https:\/\/www.armandotesta.it\/it\/author\/admat\/"}]}},"_links":{"self":[{"href":"https:\/\/www.armandotesta.it\/it\/wp-json\/wp\/v2\/posts\/23875","targetHints":{"allow":["GET"]}}],"collection":[{"href":"https:\/\/www.armandotesta.it\/it\/wp-json\/wp\/v2\/posts"}],"about":[{"href":"https:\/\/www.armandotesta.it\/it\/wp-json\/wp\/v2\/types\/post"}],"author":[{"embeddable":true,"href":"https:\/\/www.armandotesta.it\/it\/wp-json\/wp\/v2\/users\/1"}],"replies":[{"embeddable":true,"href":"https:\/\/www.armandotesta.it\/it\/wp-json\/wp\/v2\/comments?post=23875"}],"version-history":[{"count":1,"href":"https:\/\/www.armandotesta.it\/it\/wp-json\/wp\/v2\/posts\/23875\/revisions"}],"predecessor-version":[{"id":25129,"href":"https:\/\/www.armandotesta.it\/it\/wp-json\/wp\/v2\/posts\/23875\/revisions\/25129"}],"wp:featuredmedia":[{"embeddable":true,"href":"https:\/\/www.armandotesta.it\/it\/wp-json\/wp\/v2\/media\/19818"}],"wp:attachment":[{"href":"https:\/\/www.armandotesta.it\/it\/wp-json\/wp\/v2\/media?parent=23875"}],"wp:term":[{"taxonomy":"category","embeddable":true,"href":"https:\/\/www.armandotesta.it\/it\/wp-json\/wp\/v2\/categories?post=23875"},{"taxonomy":"post_tag","embeddable":true,"href":"https:\/\/www.armandotesta.it\/it\/wp-json\/wp\/v2\/tags?post=23875"}],"curies":[{"name":"wp","href":"https:\/\/api.w.org\/{rel}","templated":true}]}}