{"id":23830,"date":"2015-03-09T14:05:09","date_gmt":"2015-03-09T13:05:09","guid":{"rendered":"https:\/\/www.armandotesta.it\/candice-huffine-protagonista-del-nuovo-messaggio-di-elena-miro-firmato-armando-testa\/"},"modified":"2024-06-04T15:39:21","modified_gmt":"2024-06-04T13:39:21","slug":"candice-huffine-protagonista-del-nuovo-messaggio-di-elena-miro-firmato-armando-testa","status":"publish","type":"post","link":"https:\/\/www.armandotesta.it\/it\/candice-huffine-protagonista-del-nuovo-messaggio-di-elena-miro-firmato-armando-testa\/","title":{"rendered":"CANDICE HUFFINE PROTAGONISTA DEL NUOVO MESSAGGIO DI ELENA MIR\u00d2 FIRMATO ARMANDO TESTA"},"content":{"rendered":"<p>\u201c<strong>UN ABITO \u00c8 BELLO SOLO SE TI STA BENE<\/strong>\u201d: questo \u00e8 il claim del nuovo progetto di comunicazione Primavera Estate 2015 di Elena Mir\u00f2, che vede protagonista Candice Huffine, la famosa top model curvy americana, uno dei volti di spicco dell\u2019ultimo Calendario Pirelli.<\/p><p>A lei il compito di trasferire un messaggio che cambia completamente la prospettiva classica della moda e che rappresenti al meglio la filosofia del brand, puntando al cuore di tutte le donne curvy che amano vestirsi con stile e gusto. <strong>\u00c8 arrivato, infatti, il momento di accendere le luci sul ruolo vero della moda.<\/strong><\/p><p><strong>\u201cUN ABITO \u00c8 BELLO SOLO SE TI STA BENE\u201d<\/strong> d\u00e0 finalmente voce al pensiero delle donne stanche di innamorarsi di bellissimi abiti che per\u00f2, una volta indossati, deludono e perdono il loro fascino, perch\u00e9 incapaci di valorizzarle.<\/p><p>Un manifesto a favore di una moda che mette insieme <strong>stile e vestibilit\u00e0<\/strong>, con la certezza che non sia sufficiente concepire un abito che guarda alle tendenze: occorre soprattutto <strong>valorizzare l\u2019unicit\u00e0 di ogni donna.<\/strong><\/p><p>Fedeli a questa filosofia, <strong>Elena Mir\u00f2<\/strong> e l\u2019agenzia <strong>Armando Testa<\/strong> hanno realizzato il nuovo progetto di comunicazione adv che si fa interprete di un nuovo messaggio, fresco e innovativo per il mondo della moda. Il lancio \u00e8 previsto per il mese di marzo sulle principali testate di moda e attraverso una serie di videoclip per i canali web.<\/p><p>Lo shooting fotografico <strong>Elena Mir\u00f2<\/strong> \u00e8 stato realizzato a Miami dalla fotografa <strong>Signe Vilstrup<\/strong>. Per <strong>Armando Testa<\/strong> hanno lavorato l\u2019art director <strong>Barbara Ghiotti<\/strong> e il copywriter <strong>Pierfabio Iannuzzi<\/strong>, sotto la direzione creativa esecutiva di <strong>Michele Mariani<\/strong>.<\/p>\n\n<ul class=\"wp-block-gallery columns-1 is-cropped wp-block-gallery-1 is-layout-flex wp-block-gallery-is-layout-flex\">\n<li class=\"blocks-gallery-item\">\n <figure>\n  <a href=\"https:\/\/newsroom.armandotesta.it\/\/wp-content\/uploads\/2019\/03\/158751-adv_doppia_miro-aeb01f-original-1425978280.jpg\">\n <img decoding=\"async\" src=\"https:\/\/newsroom.armandotesta.it\/\/wp-content\/uploads\/2019\/03\/158751-adv_doppia_miro-aeb01f-original-1425978280.jpg\" \n         alt=\"\" \n      data-link=\"https:\/\/newsroom.armandotesta.it\/\/wp-content\/uploads\/2019\/03\/158751-adv_doppia_miro-aeb01f-original-1425978280.jpg\" \n       class=\"td-modal-image\"\/>\n  <\/a>\n  <\/figure>\n <\/li><\/ul>\n\n\n<figure class=\"wp-block-embed-youtube wp-block-embed is-type-video is-provider-youtube wp-embed-aspect-16-9 wp-has-aspect-ratio\"><div class=\"wp-block-embed__wrapper\">\n<iframe loading=\"lazy\" title=\"ELENA MIRO&#039; - S\/S 2015 - Fragola\" width=\"500\" height=\"281\" src=\"https:\/\/www.youtube.com\/embed\/OK5Wf6NhOd0?feature=oembed\" frameborder=\"0\" allow=\"accelerometer; autoplay; clipboard-write; encrypted-media; gyroscope; picture-in-picture; web-share\" referrerpolicy=\"strict-origin-when-cross-origin\" allowfullscreen><\/iframe>\n<\/div>\n<\/figure>\n\n<figure class=\"wp-block-embed-youtube wp-block-embed is-type-video is-provider-youtube wp-embed-aspect-16-9 wp-has-aspect-ratio\"><div class=\"wp-block-embed__wrapper\">\n<iframe loading=\"lazy\" title=\"ELENA MIRO&#039; - Spring Summer &#039;15 - Cielo\" width=\"500\" height=\"281\" src=\"https:\/\/www.youtube.com\/embed\/h5KKJYW1o4w?feature=oembed\" frameborder=\"0\" allow=\"accelerometer; autoplay; clipboard-write; encrypted-media; gyroscope; picture-in-picture; web-share\" referrerpolicy=\"strict-origin-when-cross-origin\" allowfullscreen><\/iframe>\n<\/div>\n<\/figure>\n","protected":false},"excerpt":{"rendered":"<p>\u201cUN ABITO \u00c8 BELLO SOLO SE TI STA BENE\u201d: questo \u00e8 il claim del nuovo progetto di comunicazione Primavera Estate 2015 di Elena Mir\u00f2, che vede protagonista Candice Huffine, la famosa top model curvy americana, uno dei volti di spicco dell\u2019ultimo Calendario Pirelli. A lei il compito di trasferire un messaggio che cambia completamente la [&hellip;]<\/p>\n","protected":false},"author":1,"featured_media":19802,"comment_status":"closed","ping_status":"closed","sticky":false,"template":"","format":"standard","meta":{"_acf_changed":false,"inline_featured_image":false,"footnotes":""},"categories":[],"tags":[],"class_list":["post-23830","post","type-post","status-publish","format-standard","has-post-thumbnail","hentry"],"acf":false,"yoast_head":"<!-- This site is optimized with the Yoast SEO plugin v27.5 - https:\/\/yoast.com\/product\/yoast-seo-wordpress\/ -->\n<title>CANDICE HUFFINE PROTAGONISTA DEL NUOVO MESSAGGIO DI ELENA MIR\u00d2 FIRMATO ARMANDO TESTA - Armando Testa<\/title>\n<meta name=\"robots\" content=\"index, follow, max-snippet:-1, max-image-preview:large, max-video-preview:-1\" \/>\n<link rel=\"canonical\" href=\"https:\/\/www.armandotesta.it\/it\/candice-huffine-protagonista-del-nuovo-messaggio-di-elena-miro-firmato-armando-testa\/\" \/>\n<meta property=\"og:locale\" content=\"it_IT\" \/>\n<meta property=\"og:type\" content=\"article\" \/>\n<meta property=\"og:title\" content=\"CANDICE HUFFINE PROTAGONISTA DEL NUOVO MESSAGGIO DI ELENA MIR\u00d2 FIRMATO ARMANDO TESTA - Armando Testa\" \/>\n<meta property=\"og:description\" content=\"\u201cUN ABITO \u00c8 BELLO SOLO SE TI STA BENE\u201d: questo \u00e8 il claim del nuovo progetto di comunicazione Primavera Estate 2015 di Elena Mir\u00f2, che vede protagonista Candice Huffine, la famosa top model curvy americana, uno dei volti di spicco dell\u2019ultimo Calendario Pirelli. A lei il compito di trasferire un messaggio che cambia completamente la [&hellip;]\" \/>\n<meta property=\"og:url\" content=\"https:\/\/www.armandotesta.it\/it\/candice-huffine-protagonista-del-nuovo-messaggio-di-elena-miro-firmato-armando-testa\/\" \/>\n<meta property=\"og:site_name\" content=\"Armando Testa\" \/>\n<meta property=\"article:published_time\" content=\"2015-03-09T13:05:09+00:00\" \/>\n<meta property=\"article:modified_time\" content=\"2024-06-04T13:39:21+00:00\" \/>\n<meta property=\"og:image\" content=\"https:\/\/www.armandotesta.it\/wp-content\/uploads\/2024\/06\/158729-banner-c5c885-original-1425922372.jpg\" \/>\n\t<meta property=\"og:image:width\" content=\"960\" \/>\n\t<meta property=\"og:image:height\" content=\"335\" \/>\n\t<meta property=\"og:image:type\" content=\"image\/jpeg\" \/>\n<meta name=\"author\" content=\"admAT\" \/>\n<meta name=\"twitter:card\" content=\"summary_large_image\" \/>\n<meta name=\"twitter:label1\" content=\"Scritto da\" \/>\n\t<meta name=\"twitter:data1\" content=\"admAT\" \/>\n\t<meta name=\"twitter:label2\" content=\"Tempo di lettura stimato\" \/>\n\t<meta name=\"twitter:data2\" content=\"1 minuto\" \/>\n<script type=\"application\/ld+json\" class=\"yoast-schema-graph\">{\"@context\":\"https:\\\/\\\/schema.org\",\"@graph\":[{\"@type\":\"Article\",\"@id\":\"https:\\\/\\\/www.armandotesta.it\\\/it\\\/candice-huffine-protagonista-del-nuovo-messaggio-di-elena-miro-firmato-armando-testa\\\/#article\",\"isPartOf\":{\"@id\":\"https:\\\/\\\/www.armandotesta.it\\\/it\\\/candice-huffine-protagonista-del-nuovo-messaggio-di-elena-miro-firmato-armando-testa\\\/\"},\"author\":{\"name\":\"admAT\",\"@id\":\"https:\\\/\\\/www.armandotesta.it\\\/it\\\/#\\\/schema\\\/person\\\/46d1d2d167e5f7b857761f0d5183a848\"},\"headline\":\"CANDICE HUFFINE PROTAGONISTA DEL NUOVO MESSAGGIO DI ELENA MIR\u00d2 FIRMATO ARMANDO TESTA\",\"datePublished\":\"2015-03-09T13:05:09+00:00\",\"dateModified\":\"2024-06-04T13:39:21+00:00\",\"mainEntityOfPage\":{\"@id\":\"https:\\\/\\\/www.armandotesta.it\\\/it\\\/candice-huffine-protagonista-del-nuovo-messaggio-di-elena-miro-firmato-armando-testa\\\/\"},\"wordCount\":284,\"publisher\":{\"@id\":\"https:\\\/\\\/www.armandotesta.it\\\/it\\\/#organization\"},\"image\":{\"@id\":\"https:\\\/\\\/www.armandotesta.it\\\/it\\\/candice-huffine-protagonista-del-nuovo-messaggio-di-elena-miro-firmato-armando-testa\\\/#primaryimage\"},\"thumbnailUrl\":\"https:\\\/\\\/www.armandotesta.it\\\/wp-content\\\/uploads\\\/2024\\\/06\\\/158729-banner-c5c885-original-1425922372.jpg\",\"inLanguage\":\"it-IT\"},{\"@type\":\"WebPage\",\"@id\":\"https:\\\/\\\/www.armandotesta.it\\\/it\\\/candice-huffine-protagonista-del-nuovo-messaggio-di-elena-miro-firmato-armando-testa\\\/\",\"url\":\"https:\\\/\\\/www.armandotesta.it\\\/it\\\/candice-huffine-protagonista-del-nuovo-messaggio-di-elena-miro-firmato-armando-testa\\\/\",\"name\":\"CANDICE HUFFINE PROTAGONISTA DEL NUOVO MESSAGGIO DI ELENA MIR\u00d2 FIRMATO ARMANDO TESTA - Armando Testa\",\"isPartOf\":{\"@id\":\"https:\\\/\\\/www.armandotesta.it\\\/it\\\/#website\"},\"primaryImageOfPage\":{\"@id\":\"https:\\\/\\\/www.armandotesta.it\\\/it\\\/candice-huffine-protagonista-del-nuovo-messaggio-di-elena-miro-firmato-armando-testa\\\/#primaryimage\"},\"image\":{\"@id\":\"https:\\\/\\\/www.armandotesta.it\\\/it\\\/candice-huffine-protagonista-del-nuovo-messaggio-di-elena-miro-firmato-armando-testa\\\/#primaryimage\"},\"thumbnailUrl\":\"https:\\\/\\\/www.armandotesta.it\\\/wp-content\\\/uploads\\\/2024\\\/06\\\/158729-banner-c5c885-original-1425922372.jpg\",\"datePublished\":\"2015-03-09T13:05:09+00:00\",\"dateModified\":\"2024-06-04T13:39:21+00:00\",\"breadcrumb\":{\"@id\":\"https:\\\/\\\/www.armandotesta.it\\\/it\\\/candice-huffine-protagonista-del-nuovo-messaggio-di-elena-miro-firmato-armando-testa\\\/#breadcrumb\"},\"inLanguage\":\"it-IT\",\"potentialAction\":[{\"@type\":\"ReadAction\",\"target\":[\"https:\\\/\\\/www.armandotesta.it\\\/it\\\/candice-huffine-protagonista-del-nuovo-messaggio-di-elena-miro-firmato-armando-testa\\\/\"]}]},{\"@type\":\"ImageObject\",\"inLanguage\":\"it-IT\",\"@id\":\"https:\\\/\\\/www.armandotesta.it\\\/it\\\/candice-huffine-protagonista-del-nuovo-messaggio-di-elena-miro-firmato-armando-testa\\\/#primaryimage\",\"url\":\"https:\\\/\\\/www.armandotesta.it\\\/wp-content\\\/uploads\\\/2024\\\/06\\\/158729-banner-c5c885-original-1425922372.jpg\",\"contentUrl\":\"https:\\\/\\\/www.armandotesta.it\\\/wp-content\\\/uploads\\\/2024\\\/06\\\/158729-banner-c5c885-original-1425922372.jpg\",\"width\":960,\"height\":335},{\"@type\":\"BreadcrumbList\",\"@id\":\"https:\\\/\\\/www.armandotesta.it\\\/it\\\/candice-huffine-protagonista-del-nuovo-messaggio-di-elena-miro-firmato-armando-testa\\\/#breadcrumb\",\"itemListElement\":[{\"@type\":\"ListItem\",\"position\":1,\"name\":\"Home\",\"item\":\"https:\\\/\\\/www.armandotesta.it\\\/it\\\/\"},{\"@type\":\"ListItem\",\"position\":2,\"name\":\"CANDICE HUFFINE PROTAGONISTA DEL NUOVO MESSAGGIO DI ELENA MIR\u00d2 FIRMATO ARMANDO TESTA\"}]},{\"@type\":\"WebSite\",\"@id\":\"https:\\\/\\\/www.armandotesta.it\\\/it\\\/#website\",\"url\":\"https:\\\/\\\/www.armandotesta.it\\\/it\\\/\",\"name\":\"Armando Testa\",\"description\":\"\",\"publisher\":{\"@id\":\"https:\\\/\\\/www.armandotesta.it\\\/it\\\/#organization\"},\"potentialAction\":[{\"@type\":\"SearchAction\",\"target\":{\"@type\":\"EntryPoint\",\"urlTemplate\":\"https:\\\/\\\/www.armandotesta.it\\\/it\\\/?s={search_term_string}\"},\"query-input\":{\"@type\":\"PropertyValueSpecification\",\"valueRequired\":true,\"valueName\":\"search_term_string\"}}],\"inLanguage\":\"it-IT\"},{\"@type\":\"Organization\",\"@id\":\"https:\\\/\\\/www.armandotesta.it\\\/it\\\/#organization\",\"name\":\"Armando Testa\",\"url\":\"https:\\\/\\\/www.armandotesta.it\\\/it\\\/\",\"logo\":{\"@type\":\"ImageObject\",\"inLanguage\":\"it-IT\",\"@id\":\"https:\\\/\\\/www.armandotesta.it\\\/it\\\/#\\\/schema\\\/logo\\\/image\\\/\",\"url\":\"https:\\\/\\\/www.armandotesta.it\\\/wp-content\\\/uploads\\\/2024\\\/01\\\/logo-at.png\",\"contentUrl\":\"https:\\\/\\\/www.armandotesta.it\\\/wp-content\\\/uploads\\\/2024\\\/01\\\/logo-at.png\",\"width\":200,\"height\":200,\"caption\":\"Armando Testa\"},\"image\":{\"@id\":\"https:\\\/\\\/www.armandotesta.it\\\/it\\\/#\\\/schema\\\/logo\\\/image\\\/\"}},{\"@type\":\"Person\",\"@id\":\"https:\\\/\\\/www.armandotesta.it\\\/it\\\/#\\\/schema\\\/person\\\/46d1d2d167e5f7b857761f0d5183a848\",\"name\":\"admAT\",\"image\":{\"@type\":\"ImageObject\",\"inLanguage\":\"it-IT\",\"@id\":\"https:\\\/\\\/secure.gravatar.com\\\/avatar\\\/9772e708d87105ee06ea2e627102fade92688c33bb2e0083a7a18b56280f7239?s=96&d=mm&r=g\",\"url\":\"https:\\\/\\\/secure.gravatar.com\\\/avatar\\\/9772e708d87105ee06ea2e627102fade92688c33bb2e0083a7a18b56280f7239?s=96&d=mm&r=g\",\"contentUrl\":\"https:\\\/\\\/secure.gravatar.com\\\/avatar\\\/9772e708d87105ee06ea2e627102fade92688c33bb2e0083a7a18b56280f7239?s=96&d=mm&r=g\",\"caption\":\"admAT\"},\"sameAs\":[\"https:\\\/\\\/www.armandotesta.it\"],\"url\":\"https:\\\/\\\/www.armandotesta.it\\\/it\\\/author\\\/admat\\\/\"}]}<\/script>\n<!-- \/ Yoast SEO plugin. -->","yoast_head_json":{"title":"CANDICE HUFFINE PROTAGONISTA DEL NUOVO MESSAGGIO DI ELENA MIR\u00d2 FIRMATO ARMANDO TESTA - Armando Testa","robots":{"index":"index","follow":"follow","max-snippet":"max-snippet:-1","max-image-preview":"max-image-preview:large","max-video-preview":"max-video-preview:-1"},"canonical":"https:\/\/www.armandotesta.it\/it\/candice-huffine-protagonista-del-nuovo-messaggio-di-elena-miro-firmato-armando-testa\/","og_locale":"it_IT","og_type":"article","og_title":"CANDICE HUFFINE PROTAGONISTA DEL NUOVO MESSAGGIO DI ELENA MIR\u00d2 FIRMATO ARMANDO TESTA - Armando Testa","og_description":"\u201cUN ABITO \u00c8 BELLO SOLO SE TI STA BENE\u201d: questo \u00e8 il claim del nuovo progetto di comunicazione Primavera Estate 2015 di Elena Mir\u00f2, che vede protagonista Candice Huffine, la famosa top model curvy americana, uno dei volti di spicco dell\u2019ultimo Calendario Pirelli. A lei il compito di trasferire un messaggio che cambia completamente la [&hellip;]","og_url":"https:\/\/www.armandotesta.it\/it\/candice-huffine-protagonista-del-nuovo-messaggio-di-elena-miro-firmato-armando-testa\/","og_site_name":"Armando Testa","article_published_time":"2015-03-09T13:05:09+00:00","article_modified_time":"2024-06-04T13:39:21+00:00","og_image":[{"width":960,"height":335,"url":"https:\/\/www.armandotesta.it\/wp-content\/uploads\/2024\/06\/158729-banner-c5c885-original-1425922372.jpg","type":"image\/jpeg"}],"author":"admAT","twitter_card":"summary_large_image","twitter_misc":{"Scritto da":"admAT","Tempo di lettura stimato":"1 minuto"},"schema":{"@context":"https:\/\/schema.org","@graph":[{"@type":"Article","@id":"https:\/\/www.armandotesta.it\/it\/candice-huffine-protagonista-del-nuovo-messaggio-di-elena-miro-firmato-armando-testa\/#article","isPartOf":{"@id":"https:\/\/www.armandotesta.it\/it\/candice-huffine-protagonista-del-nuovo-messaggio-di-elena-miro-firmato-armando-testa\/"},"author":{"name":"admAT","@id":"https:\/\/www.armandotesta.it\/it\/#\/schema\/person\/46d1d2d167e5f7b857761f0d5183a848"},"headline":"CANDICE HUFFINE PROTAGONISTA DEL NUOVO MESSAGGIO DI ELENA MIR\u00d2 FIRMATO ARMANDO TESTA","datePublished":"2015-03-09T13:05:09+00:00","dateModified":"2024-06-04T13:39:21+00:00","mainEntityOfPage":{"@id":"https:\/\/www.armandotesta.it\/it\/candice-huffine-protagonista-del-nuovo-messaggio-di-elena-miro-firmato-armando-testa\/"},"wordCount":284,"publisher":{"@id":"https:\/\/www.armandotesta.it\/it\/#organization"},"image":{"@id":"https:\/\/www.armandotesta.it\/it\/candice-huffine-protagonista-del-nuovo-messaggio-di-elena-miro-firmato-armando-testa\/#primaryimage"},"thumbnailUrl":"https:\/\/www.armandotesta.it\/wp-content\/uploads\/2024\/06\/158729-banner-c5c885-original-1425922372.jpg","inLanguage":"it-IT"},{"@type":"WebPage","@id":"https:\/\/www.armandotesta.it\/it\/candice-huffine-protagonista-del-nuovo-messaggio-di-elena-miro-firmato-armando-testa\/","url":"https:\/\/www.armandotesta.it\/it\/candice-huffine-protagonista-del-nuovo-messaggio-di-elena-miro-firmato-armando-testa\/","name":"CANDICE HUFFINE PROTAGONISTA DEL NUOVO MESSAGGIO DI ELENA MIR\u00d2 FIRMATO ARMANDO TESTA - Armando Testa","isPartOf":{"@id":"https:\/\/www.armandotesta.it\/it\/#website"},"primaryImageOfPage":{"@id":"https:\/\/www.armandotesta.it\/it\/candice-huffine-protagonista-del-nuovo-messaggio-di-elena-miro-firmato-armando-testa\/#primaryimage"},"image":{"@id":"https:\/\/www.armandotesta.it\/it\/candice-huffine-protagonista-del-nuovo-messaggio-di-elena-miro-firmato-armando-testa\/#primaryimage"},"thumbnailUrl":"https:\/\/www.armandotesta.it\/wp-content\/uploads\/2024\/06\/158729-banner-c5c885-original-1425922372.jpg","datePublished":"2015-03-09T13:05:09+00:00","dateModified":"2024-06-04T13:39:21+00:00","breadcrumb":{"@id":"https:\/\/www.armandotesta.it\/it\/candice-huffine-protagonista-del-nuovo-messaggio-di-elena-miro-firmato-armando-testa\/#breadcrumb"},"inLanguage":"it-IT","potentialAction":[{"@type":"ReadAction","target":["https:\/\/www.armandotesta.it\/it\/candice-huffine-protagonista-del-nuovo-messaggio-di-elena-miro-firmato-armando-testa\/"]}]},{"@type":"ImageObject","inLanguage":"it-IT","@id":"https:\/\/www.armandotesta.it\/it\/candice-huffine-protagonista-del-nuovo-messaggio-di-elena-miro-firmato-armando-testa\/#primaryimage","url":"https:\/\/www.armandotesta.it\/wp-content\/uploads\/2024\/06\/158729-banner-c5c885-original-1425922372.jpg","contentUrl":"https:\/\/www.armandotesta.it\/wp-content\/uploads\/2024\/06\/158729-banner-c5c885-original-1425922372.jpg","width":960,"height":335},{"@type":"BreadcrumbList","@id":"https:\/\/www.armandotesta.it\/it\/candice-huffine-protagonista-del-nuovo-messaggio-di-elena-miro-firmato-armando-testa\/#breadcrumb","itemListElement":[{"@type":"ListItem","position":1,"name":"Home","item":"https:\/\/www.armandotesta.it\/it\/"},{"@type":"ListItem","position":2,"name":"CANDICE HUFFINE PROTAGONISTA DEL NUOVO MESSAGGIO DI ELENA MIR\u00d2 FIRMATO ARMANDO TESTA"}]},{"@type":"WebSite","@id":"https:\/\/www.armandotesta.it\/it\/#website","url":"https:\/\/www.armandotesta.it\/it\/","name":"Armando Testa","description":"","publisher":{"@id":"https:\/\/www.armandotesta.it\/it\/#organization"},"potentialAction":[{"@type":"SearchAction","target":{"@type":"EntryPoint","urlTemplate":"https:\/\/www.armandotesta.it\/it\/?s={search_term_string}"},"query-input":{"@type":"PropertyValueSpecification","valueRequired":true,"valueName":"search_term_string"}}],"inLanguage":"it-IT"},{"@type":"Organization","@id":"https:\/\/www.armandotesta.it\/it\/#organization","name":"Armando Testa","url":"https:\/\/www.armandotesta.it\/it\/","logo":{"@type":"ImageObject","inLanguage":"it-IT","@id":"https:\/\/www.armandotesta.it\/it\/#\/schema\/logo\/image\/","url":"https:\/\/www.armandotesta.it\/wp-content\/uploads\/2024\/01\/logo-at.png","contentUrl":"https:\/\/www.armandotesta.it\/wp-content\/uploads\/2024\/01\/logo-at.png","width":200,"height":200,"caption":"Armando Testa"},"image":{"@id":"https:\/\/www.armandotesta.it\/it\/#\/schema\/logo\/image\/"}},{"@type":"Person","@id":"https:\/\/www.armandotesta.it\/it\/#\/schema\/person\/46d1d2d167e5f7b857761f0d5183a848","name":"admAT","image":{"@type":"ImageObject","inLanguage":"it-IT","@id":"https:\/\/secure.gravatar.com\/avatar\/9772e708d87105ee06ea2e627102fade92688c33bb2e0083a7a18b56280f7239?s=96&d=mm&r=g","url":"https:\/\/secure.gravatar.com\/avatar\/9772e708d87105ee06ea2e627102fade92688c33bb2e0083a7a18b56280f7239?s=96&d=mm&r=g","contentUrl":"https:\/\/secure.gravatar.com\/avatar\/9772e708d87105ee06ea2e627102fade92688c33bb2e0083a7a18b56280f7239?s=96&d=mm&r=g","caption":"admAT"},"sameAs":["https:\/\/www.armandotesta.it"],"url":"https:\/\/www.armandotesta.it\/it\/author\/admat\/"}]}},"_links":{"self":[{"href":"https:\/\/www.armandotesta.it\/it\/wp-json\/wp\/v2\/posts\/23830","targetHints":{"allow":["GET"]}}],"collection":[{"href":"https:\/\/www.armandotesta.it\/it\/wp-json\/wp\/v2\/posts"}],"about":[{"href":"https:\/\/www.armandotesta.it\/it\/wp-json\/wp\/v2\/types\/post"}],"author":[{"embeddable":true,"href":"https:\/\/www.armandotesta.it\/it\/wp-json\/wp\/v2\/users\/1"}],"replies":[{"embeddable":true,"href":"https:\/\/www.armandotesta.it\/it\/wp-json\/wp\/v2\/comments?post=23830"}],"version-history":[{"count":1,"href":"https:\/\/www.armandotesta.it\/it\/wp-json\/wp\/v2\/posts\/23830\/revisions"}],"predecessor-version":[{"id":25118,"href":"https:\/\/www.armandotesta.it\/it\/wp-json\/wp\/v2\/posts\/23830\/revisions\/25118"}],"wp:featuredmedia":[{"embeddable":true,"href":"https:\/\/www.armandotesta.it\/it\/wp-json\/wp\/v2\/media\/19802"}],"wp:attachment":[{"href":"https:\/\/www.armandotesta.it\/it\/wp-json\/wp\/v2\/media?parent=23830"}],"wp:term":[{"taxonomy":"category","embeddable":true,"href":"https:\/\/www.armandotesta.it\/it\/wp-json\/wp\/v2\/categories?post=23830"},{"taxonomy":"post_tag","embeddable":true,"href":"https:\/\/www.armandotesta.it\/it\/wp-json\/wp\/v2\/tags?post=23830"}],"curies":[{"name":"wp","href":"https:\/\/api.w.org\/{rel}","templated":true}]}}