{"id":23686,"date":"2015-01-28T15:07:16","date_gmt":"2015-01-28T14:07:16","guid":{"rendered":"https:\/\/www.armandotesta.it\/media-italia-si-aggiudica-la-gara-sea\/"},"modified":"2024-06-04T15:38:56","modified_gmt":"2024-06-04T13:38:56","slug":"media-italia-si-aggiudica-la-gara-sea","status":"publish","type":"post","link":"https:\/\/www.armandotesta.it\/it\/media-italia-si-aggiudica-la-gara-sea\/","title":{"rendered":"MEDIA ITALIA SI AGGIUDICA LA GARA SEA"},"content":{"rendered":"<p>Al termine di una gara SEA, al cui vertice siede  il Presidente Pietro Modiano, ha deciso di concentrare tutte le proprie attivit\u00e0 media assegnando l\u2019incarico a Media Italia, l\u2019incarico avr\u00e0 effetto immediato. Il valore del Budget assegnato \u00e8 di circa 5 Milioni e sar\u00e0 declinato su tutti i media Online ed Offline.<\/p><p>L\u2019incarico conferito a Media Italia, prevede la gestione dei budget media del  <strong>Gruppo SEA<\/strong> (Societ\u00e0 Esercizi Aeroportuali S.p.A.) che  gestiscono e sviluppano gli aeroporti di <em>Milano Malpensa <\/em>e <em>Milano Linate<\/em>, garantendo tutti i servizi e le attivit\u00e0 connessi. Il sistema aeroportuale gestito comprende: l&#8217;aeroporto di <em>Milano Malpensa<\/em>, l&#8217;aeroporto di <em>Milano Linate<\/em>, <em>Milano Malpensa Cargo<\/em> e <em>SEA Energia<\/em>.<\/p><p>Malpensa opera attraverso due scali passeggeri e uno scalo merci: &#8211; <em>Milano Malpensa<\/em>, dedicato a clientela business e leisure su rotte nazionali, internazionali e intercontinentali, con aree destinate a vettori di linea e charter e al traffico low-cost di alta fascia; &#8211; <em>Milano Malpensa Cargo<\/em>, che conferma Malpensa quale primo aeroporto italiano per merce trasportata, e fra i principali scali cargo europei.<br \/> L&#8217;aeroporto di <em>Milano Linate<\/em> \u00e8 lo scalo europeo pi\u00f9 vicino al centro della citt\u00e0 di riferimento, cui \u00e8 collegato dal sistema di trasporto urbano. Lo scalo \u00e8 dedicato ad una clientela frequent flyer su rotte nazionali ed internazionali intra UE di particolare appeal.<\/p>\n\n<ul class=\"wp-block-gallery columns-1 is-cropped wp-block-gallery-1 is-layout-flex wp-block-gallery-is-layout-flex\">\n<li class=\"blocks-gallery-item\">\n   <figure>\n  <a href=\"https:\/\/newsroom.armandotesta.it\/\/wp-content\/uploads\/2019\/03\/120599-5abf466a-8737-4879-a91b-83c20b09b581-mi_b-original-1391175895.jpg\">\n  <img decoding=\"async\" src=\"https:\/\/newsroom.armandotesta.it\/\/wp-content\/uploads\/2019\/03\/120599-5abf466a-8737-4879-a91b-83c20b09b581-mi_b-original-1391175895.jpg\" \n      alt=\"\" \n      data-link=\"https:\/\/newsroom.armandotesta.it\/\/wp-content\/uploads\/2019\/03\/120599-5abf466a-8737-4879-a91b-83c20b09b581-mi_b-original-1391175895.jpg\" \n        class=\"td-modal-image\"\/>\n  <\/a>\n  <\/figure>\n <\/li><\/ul>\n","protected":false},"excerpt":{"rendered":"<p>Al termine di una gara SEA, al cui vertice siede il Presidente Pietro Modiano, ha deciso di concentrare tutte le proprie attivit\u00e0 media assegnando l\u2019incarico a Media Italia, l\u2019incarico avr\u00e0 effetto immediato. Il valore del Budget assegnato \u00e8 di circa 5 Milioni e sar\u00e0 declinato su tutti i media Online ed Offline. L\u2019incarico conferito a [&hellip;]<\/p>\n","protected":false},"author":1,"featured_media":19798,"comment_status":"closed","ping_status":"closed","sticky":false,"template":"","format":"standard","meta":{"_acf_changed":false,"inline_featured_image":false,"footnotes":""},"categories":[],"tags":[],"class_list":["post-23686","post","type-post","status-publish","format-standard","has-post-thumbnail","hentry"],"acf":false,"yoast_head":"<!-- This site is optimized with the Yoast SEO plugin v27.5 - https:\/\/yoast.com\/product\/yoast-seo-wordpress\/ -->\n<title>MEDIA ITALIA SI AGGIUDICA LA GARA SEA - Armando Testa<\/title>\n<meta name=\"robots\" content=\"index, follow, max-snippet:-1, max-image-preview:large, max-video-preview:-1\" \/>\n<link rel=\"canonical\" href=\"https:\/\/www.armandotesta.it\/it\/media-italia-si-aggiudica-la-gara-sea\/\" \/>\n<meta property=\"og:locale\" content=\"it_IT\" \/>\n<meta property=\"og:type\" content=\"article\" \/>\n<meta property=\"og:title\" content=\"MEDIA ITALIA SI AGGIUDICA LA GARA SEA - Armando Testa\" \/>\n<meta property=\"og:description\" content=\"Al termine di una gara SEA, al cui vertice siede il Presidente Pietro Modiano, ha deciso di concentrare tutte le proprie attivit\u00e0 media assegnando l\u2019incarico a Media Italia, l\u2019incarico avr\u00e0 effetto immediato. Il valore del Budget assegnato \u00e8 di circa 5 Milioni e sar\u00e0 declinato su tutti i media Online ed Offline. L\u2019incarico conferito a [&hellip;]\" \/>\n<meta property=\"og:url\" content=\"https:\/\/www.armandotesta.it\/it\/media-italia-si-aggiudica-la-gara-sea\/\" \/>\n<meta property=\"og:site_name\" content=\"Armando Testa\" \/>\n<meta property=\"article:published_time\" content=\"2015-01-28T14:07:16+00:00\" \/>\n<meta property=\"article:modified_time\" content=\"2024-06-04T13:38:56+00:00\" \/>\n<meta property=\"og:image\" content=\"https:\/\/www.armandotesta.it\/wp-content\/uploads\/2024\/06\/120599-5abf466a-8737-4879-a91b-83c20b09b581-mi_b-original-1391175895.jpg\" \/>\n\t<meta property=\"og:image:width\" content=\"1000\" \/>\n\t<meta property=\"og:image:height\" content=\"507\" \/>\n\t<meta property=\"og:image:type\" content=\"image\/jpeg\" \/>\n<meta name=\"author\" content=\"admAT\" \/>\n<meta name=\"twitter:card\" content=\"summary_large_image\" \/>\n<meta name=\"twitter:label1\" content=\"Scritto da\" \/>\n\t<meta name=\"twitter:data1\" content=\"admAT\" \/>\n\t<meta name=\"twitter:label2\" content=\"Tempo di lettura stimato\" \/>\n\t<meta name=\"twitter:data2\" content=\"1 minuto\" \/>\n<script type=\"application\/ld+json\" class=\"yoast-schema-graph\">{\"@context\":\"https:\\\/\\\/schema.org\",\"@graph\":[{\"@type\":\"Article\",\"@id\":\"https:\\\/\\\/www.armandotesta.it\\\/it\\\/media-italia-si-aggiudica-la-gara-sea\\\/#article\",\"isPartOf\":{\"@id\":\"https:\\\/\\\/www.armandotesta.it\\\/it\\\/media-italia-si-aggiudica-la-gara-sea\\\/\"},\"author\":{\"name\":\"admAT\",\"@id\":\"https:\\\/\\\/www.armandotesta.it\\\/it\\\/#\\\/schema\\\/person\\\/46d1d2d167e5f7b857761f0d5183a848\"},\"headline\":\"MEDIA ITALIA SI AGGIUDICA LA GARA SEA\",\"datePublished\":\"2015-01-28T14:07:16+00:00\",\"dateModified\":\"2024-06-04T13:38:56+00:00\",\"mainEntityOfPage\":{\"@id\":\"https:\\\/\\\/www.armandotesta.it\\\/it\\\/media-italia-si-aggiudica-la-gara-sea\\\/\"},\"wordCount\":224,\"publisher\":{\"@id\":\"https:\\\/\\\/www.armandotesta.it\\\/it\\\/#organization\"},\"image\":{\"@id\":\"https:\\\/\\\/www.armandotesta.it\\\/it\\\/media-italia-si-aggiudica-la-gara-sea\\\/#primaryimage\"},\"thumbnailUrl\":\"https:\\\/\\\/www.armandotesta.it\\\/wp-content\\\/uploads\\\/2024\\\/06\\\/120599-5abf466a-8737-4879-a91b-83c20b09b581-mi_b-original-1391175895.jpg\",\"inLanguage\":\"it-IT\"},{\"@type\":\"WebPage\",\"@id\":\"https:\\\/\\\/www.armandotesta.it\\\/it\\\/media-italia-si-aggiudica-la-gara-sea\\\/\",\"url\":\"https:\\\/\\\/www.armandotesta.it\\\/it\\\/media-italia-si-aggiudica-la-gara-sea\\\/\",\"name\":\"MEDIA ITALIA SI AGGIUDICA LA GARA SEA - Armando Testa\",\"isPartOf\":{\"@id\":\"https:\\\/\\\/www.armandotesta.it\\\/it\\\/#website\"},\"primaryImageOfPage\":{\"@id\":\"https:\\\/\\\/www.armandotesta.it\\\/it\\\/media-italia-si-aggiudica-la-gara-sea\\\/#primaryimage\"},\"image\":{\"@id\":\"https:\\\/\\\/www.armandotesta.it\\\/it\\\/media-italia-si-aggiudica-la-gara-sea\\\/#primaryimage\"},\"thumbnailUrl\":\"https:\\\/\\\/www.armandotesta.it\\\/wp-content\\\/uploads\\\/2024\\\/06\\\/120599-5abf466a-8737-4879-a91b-83c20b09b581-mi_b-original-1391175895.jpg\",\"datePublished\":\"2015-01-28T14:07:16+00:00\",\"dateModified\":\"2024-06-04T13:38:56+00:00\",\"breadcrumb\":{\"@id\":\"https:\\\/\\\/www.armandotesta.it\\\/it\\\/media-italia-si-aggiudica-la-gara-sea\\\/#breadcrumb\"},\"inLanguage\":\"it-IT\",\"potentialAction\":[{\"@type\":\"ReadAction\",\"target\":[\"https:\\\/\\\/www.armandotesta.it\\\/it\\\/media-italia-si-aggiudica-la-gara-sea\\\/\"]}]},{\"@type\":\"ImageObject\",\"inLanguage\":\"it-IT\",\"@id\":\"https:\\\/\\\/www.armandotesta.it\\\/it\\\/media-italia-si-aggiudica-la-gara-sea\\\/#primaryimage\",\"url\":\"https:\\\/\\\/www.armandotesta.it\\\/wp-content\\\/uploads\\\/2024\\\/06\\\/120599-5abf466a-8737-4879-a91b-83c20b09b581-mi_b-original-1391175895.jpg\",\"contentUrl\":\"https:\\\/\\\/www.armandotesta.it\\\/wp-content\\\/uploads\\\/2024\\\/06\\\/120599-5abf466a-8737-4879-a91b-83c20b09b581-mi_b-original-1391175895.jpg\",\"width\":1000,\"height\":507},{\"@type\":\"BreadcrumbList\",\"@id\":\"https:\\\/\\\/www.armandotesta.it\\\/it\\\/media-italia-si-aggiudica-la-gara-sea\\\/#breadcrumb\",\"itemListElement\":[{\"@type\":\"ListItem\",\"position\":1,\"name\":\"Home\",\"item\":\"https:\\\/\\\/www.armandotesta.it\\\/it\\\/\"},{\"@type\":\"ListItem\",\"position\":2,\"name\":\"MEDIA ITALIA SI AGGIUDICA LA GARA SEA\"}]},{\"@type\":\"WebSite\",\"@id\":\"https:\\\/\\\/www.armandotesta.it\\\/it\\\/#website\",\"url\":\"https:\\\/\\\/www.armandotesta.it\\\/it\\\/\",\"name\":\"Armando Testa\",\"description\":\"\",\"publisher\":{\"@id\":\"https:\\\/\\\/www.armandotesta.it\\\/it\\\/#organization\"},\"potentialAction\":[{\"@type\":\"SearchAction\",\"target\":{\"@type\":\"EntryPoint\",\"urlTemplate\":\"https:\\\/\\\/www.armandotesta.it\\\/it\\\/?s={search_term_string}\"},\"query-input\":{\"@type\":\"PropertyValueSpecification\",\"valueRequired\":true,\"valueName\":\"search_term_string\"}}],\"inLanguage\":\"it-IT\"},{\"@type\":\"Organization\",\"@id\":\"https:\\\/\\\/www.armandotesta.it\\\/it\\\/#organization\",\"name\":\"Armando Testa\",\"url\":\"https:\\\/\\\/www.armandotesta.it\\\/it\\\/\",\"logo\":{\"@type\":\"ImageObject\",\"inLanguage\":\"it-IT\",\"@id\":\"https:\\\/\\\/www.armandotesta.it\\\/it\\\/#\\\/schema\\\/logo\\\/image\\\/\",\"url\":\"https:\\\/\\\/www.armandotesta.it\\\/wp-content\\\/uploads\\\/2024\\\/01\\\/logo-at.png\",\"contentUrl\":\"https:\\\/\\\/www.armandotesta.it\\\/wp-content\\\/uploads\\\/2024\\\/01\\\/logo-at.png\",\"width\":200,\"height\":200,\"caption\":\"Armando Testa\"},\"image\":{\"@id\":\"https:\\\/\\\/www.armandotesta.it\\\/it\\\/#\\\/schema\\\/logo\\\/image\\\/\"}},{\"@type\":\"Person\",\"@id\":\"https:\\\/\\\/www.armandotesta.it\\\/it\\\/#\\\/schema\\\/person\\\/46d1d2d167e5f7b857761f0d5183a848\",\"name\":\"admAT\",\"image\":{\"@type\":\"ImageObject\",\"inLanguage\":\"it-IT\",\"@id\":\"https:\\\/\\\/secure.gravatar.com\\\/avatar\\\/9772e708d87105ee06ea2e627102fade92688c33bb2e0083a7a18b56280f7239?s=96&d=mm&r=g\",\"url\":\"https:\\\/\\\/secure.gravatar.com\\\/avatar\\\/9772e708d87105ee06ea2e627102fade92688c33bb2e0083a7a18b56280f7239?s=96&d=mm&r=g\",\"contentUrl\":\"https:\\\/\\\/secure.gravatar.com\\\/avatar\\\/9772e708d87105ee06ea2e627102fade92688c33bb2e0083a7a18b56280f7239?s=96&d=mm&r=g\",\"caption\":\"admAT\"},\"sameAs\":[\"https:\\\/\\\/www.armandotesta.it\"],\"url\":\"https:\\\/\\\/www.armandotesta.it\\\/it\\\/author\\\/admat\\\/\"}]}<\/script>\n<!-- \/ Yoast SEO plugin. -->","yoast_head_json":{"title":"MEDIA ITALIA SI AGGIUDICA LA GARA SEA - Armando Testa","robots":{"index":"index","follow":"follow","max-snippet":"max-snippet:-1","max-image-preview":"max-image-preview:large","max-video-preview":"max-video-preview:-1"},"canonical":"https:\/\/www.armandotesta.it\/it\/media-italia-si-aggiudica-la-gara-sea\/","og_locale":"it_IT","og_type":"article","og_title":"MEDIA ITALIA SI AGGIUDICA LA GARA SEA - Armando Testa","og_description":"Al termine di una gara SEA, al cui vertice siede il Presidente Pietro Modiano, ha deciso di concentrare tutte le proprie attivit\u00e0 media assegnando l\u2019incarico a Media Italia, l\u2019incarico avr\u00e0 effetto immediato. Il valore del Budget assegnato \u00e8 di circa 5 Milioni e sar\u00e0 declinato su tutti i media Online ed Offline. L\u2019incarico conferito a [&hellip;]","og_url":"https:\/\/www.armandotesta.it\/it\/media-italia-si-aggiudica-la-gara-sea\/","og_site_name":"Armando Testa","article_published_time":"2015-01-28T14:07:16+00:00","article_modified_time":"2024-06-04T13:38:56+00:00","og_image":[{"width":1000,"height":507,"url":"https:\/\/www.armandotesta.it\/wp-content\/uploads\/2024\/06\/120599-5abf466a-8737-4879-a91b-83c20b09b581-mi_b-original-1391175895.jpg","type":"image\/jpeg"}],"author":"admAT","twitter_card":"summary_large_image","twitter_misc":{"Scritto da":"admAT","Tempo di lettura stimato":"1 minuto"},"schema":{"@context":"https:\/\/schema.org","@graph":[{"@type":"Article","@id":"https:\/\/www.armandotesta.it\/it\/media-italia-si-aggiudica-la-gara-sea\/#article","isPartOf":{"@id":"https:\/\/www.armandotesta.it\/it\/media-italia-si-aggiudica-la-gara-sea\/"},"author":{"name":"admAT","@id":"https:\/\/www.armandotesta.it\/it\/#\/schema\/person\/46d1d2d167e5f7b857761f0d5183a848"},"headline":"MEDIA ITALIA SI AGGIUDICA LA GARA SEA","datePublished":"2015-01-28T14:07:16+00:00","dateModified":"2024-06-04T13:38:56+00:00","mainEntityOfPage":{"@id":"https:\/\/www.armandotesta.it\/it\/media-italia-si-aggiudica-la-gara-sea\/"},"wordCount":224,"publisher":{"@id":"https:\/\/www.armandotesta.it\/it\/#organization"},"image":{"@id":"https:\/\/www.armandotesta.it\/it\/media-italia-si-aggiudica-la-gara-sea\/#primaryimage"},"thumbnailUrl":"https:\/\/www.armandotesta.it\/wp-content\/uploads\/2024\/06\/120599-5abf466a-8737-4879-a91b-83c20b09b581-mi_b-original-1391175895.jpg","inLanguage":"it-IT"},{"@type":"WebPage","@id":"https:\/\/www.armandotesta.it\/it\/media-italia-si-aggiudica-la-gara-sea\/","url":"https:\/\/www.armandotesta.it\/it\/media-italia-si-aggiudica-la-gara-sea\/","name":"MEDIA ITALIA SI AGGIUDICA LA GARA SEA - Armando Testa","isPartOf":{"@id":"https:\/\/www.armandotesta.it\/it\/#website"},"primaryImageOfPage":{"@id":"https:\/\/www.armandotesta.it\/it\/media-italia-si-aggiudica-la-gara-sea\/#primaryimage"},"image":{"@id":"https:\/\/www.armandotesta.it\/it\/media-italia-si-aggiudica-la-gara-sea\/#primaryimage"},"thumbnailUrl":"https:\/\/www.armandotesta.it\/wp-content\/uploads\/2024\/06\/120599-5abf466a-8737-4879-a91b-83c20b09b581-mi_b-original-1391175895.jpg","datePublished":"2015-01-28T14:07:16+00:00","dateModified":"2024-06-04T13:38:56+00:00","breadcrumb":{"@id":"https:\/\/www.armandotesta.it\/it\/media-italia-si-aggiudica-la-gara-sea\/#breadcrumb"},"inLanguage":"it-IT","potentialAction":[{"@type":"ReadAction","target":["https:\/\/www.armandotesta.it\/it\/media-italia-si-aggiudica-la-gara-sea\/"]}]},{"@type":"ImageObject","inLanguage":"it-IT","@id":"https:\/\/www.armandotesta.it\/it\/media-italia-si-aggiudica-la-gara-sea\/#primaryimage","url":"https:\/\/www.armandotesta.it\/wp-content\/uploads\/2024\/06\/120599-5abf466a-8737-4879-a91b-83c20b09b581-mi_b-original-1391175895.jpg","contentUrl":"https:\/\/www.armandotesta.it\/wp-content\/uploads\/2024\/06\/120599-5abf466a-8737-4879-a91b-83c20b09b581-mi_b-original-1391175895.jpg","width":1000,"height":507},{"@type":"BreadcrumbList","@id":"https:\/\/www.armandotesta.it\/it\/media-italia-si-aggiudica-la-gara-sea\/#breadcrumb","itemListElement":[{"@type":"ListItem","position":1,"name":"Home","item":"https:\/\/www.armandotesta.it\/it\/"},{"@type":"ListItem","position":2,"name":"MEDIA ITALIA SI AGGIUDICA LA GARA SEA"}]},{"@type":"WebSite","@id":"https:\/\/www.armandotesta.it\/it\/#website","url":"https:\/\/www.armandotesta.it\/it\/","name":"Armando Testa","description":"","publisher":{"@id":"https:\/\/www.armandotesta.it\/it\/#organization"},"potentialAction":[{"@type":"SearchAction","target":{"@type":"EntryPoint","urlTemplate":"https:\/\/www.armandotesta.it\/it\/?s={search_term_string}"},"query-input":{"@type":"PropertyValueSpecification","valueRequired":true,"valueName":"search_term_string"}}],"inLanguage":"it-IT"},{"@type":"Organization","@id":"https:\/\/www.armandotesta.it\/it\/#organization","name":"Armando Testa","url":"https:\/\/www.armandotesta.it\/it\/","logo":{"@type":"ImageObject","inLanguage":"it-IT","@id":"https:\/\/www.armandotesta.it\/it\/#\/schema\/logo\/image\/","url":"https:\/\/www.armandotesta.it\/wp-content\/uploads\/2024\/01\/logo-at.png","contentUrl":"https:\/\/www.armandotesta.it\/wp-content\/uploads\/2024\/01\/logo-at.png","width":200,"height":200,"caption":"Armando Testa"},"image":{"@id":"https:\/\/www.armandotesta.it\/it\/#\/schema\/logo\/image\/"}},{"@type":"Person","@id":"https:\/\/www.armandotesta.it\/it\/#\/schema\/person\/46d1d2d167e5f7b857761f0d5183a848","name":"admAT","image":{"@type":"ImageObject","inLanguage":"it-IT","@id":"https:\/\/secure.gravatar.com\/avatar\/9772e708d87105ee06ea2e627102fade92688c33bb2e0083a7a18b56280f7239?s=96&d=mm&r=g","url":"https:\/\/secure.gravatar.com\/avatar\/9772e708d87105ee06ea2e627102fade92688c33bb2e0083a7a18b56280f7239?s=96&d=mm&r=g","contentUrl":"https:\/\/secure.gravatar.com\/avatar\/9772e708d87105ee06ea2e627102fade92688c33bb2e0083a7a18b56280f7239?s=96&d=mm&r=g","caption":"admAT"},"sameAs":["https:\/\/www.armandotesta.it"],"url":"https:\/\/www.armandotesta.it\/it\/author\/admat\/"}]}},"_links":{"self":[{"href":"https:\/\/www.armandotesta.it\/it\/wp-json\/wp\/v2\/posts\/23686","targetHints":{"allow":["GET"]}}],"collection":[{"href":"https:\/\/www.armandotesta.it\/it\/wp-json\/wp\/v2\/posts"}],"about":[{"href":"https:\/\/www.armandotesta.it\/it\/wp-json\/wp\/v2\/types\/post"}],"author":[{"embeddable":true,"href":"https:\/\/www.armandotesta.it\/it\/wp-json\/wp\/v2\/users\/1"}],"replies":[{"embeddable":true,"href":"https:\/\/www.armandotesta.it\/it\/wp-json\/wp\/v2\/comments?post=23686"}],"version-history":[{"count":1,"href":"https:\/\/www.armandotesta.it\/it\/wp-json\/wp\/v2\/posts\/23686\/revisions"}],"predecessor-version":[{"id":25079,"href":"https:\/\/www.armandotesta.it\/it\/wp-json\/wp\/v2\/posts\/23686\/revisions\/25079"}],"wp:featuredmedia":[{"embeddable":true,"href":"https:\/\/www.armandotesta.it\/it\/wp-json\/wp\/v2\/media\/19798"}],"wp:attachment":[{"href":"https:\/\/www.armandotesta.it\/it\/wp-json\/wp\/v2\/media?parent=23686"}],"wp:term":[{"taxonomy":"category","embeddable":true,"href":"https:\/\/www.armandotesta.it\/it\/wp-json\/wp\/v2\/categories?post=23686"},{"taxonomy":"post_tag","embeddable":true,"href":"https:\/\/www.armandotesta.it\/it\/wp-json\/wp\/v2\/tags?post=23686"}],"curies":[{"name":"wp","href":"https:\/\/api.w.org\/{rel}","templated":true}]}}