{"id":23643,"date":"2016-05-16T12:30:00","date_gmt":"2016-05-16T10:30:00","guid":{"rendered":"https:\/\/www.armandotesta.it\/testa-digital-hub-lancia-un-giorno-da-eroiveri-la-nuova-campagna-digital-di-amaro-montenegro\/"},"modified":"2024-06-04T15:38:47","modified_gmt":"2024-06-04T13:38:47","slug":"testa-digital-hub-lancia-un-giorno-da-eroiveri-la-nuova-campagna-digital-di-amaro-montenegro","status":"publish","type":"post","link":"https:\/\/www.armandotesta.it\/it\/testa-digital-hub-lancia-un-giorno-da-eroiveri-la-nuova-campagna-digital-di-amaro-montenegro\/","title":{"rendered":"TESTA DIGITAL HUB LANCIA \u201cUN GIORNO DA #EROIVERI\u201d, LA NUOVA CAMPAGNA DIGITAL DI AMARO MONTENEGRO."},"content":{"rendered":"<p>Testa Digital Hub &#8211;  unit del Gruppo Armando Testa dedicata all\u2019innovazione \u2013 lancia oggi \u201cUn Giorno da #Eroiveri\u201d la nuova campagna digital multipiattaforma del brand Amaro Montenegro. Si tratta di un\u2019attivit\u00e0 di engagement digitale che, in continuit\u00e0 con la campagna televisiva #Eroiveri, declina sul target pi\u00f9 giovane il posizionamento dell\u2019amaro italiano per eccellenza, fondato sui valori di lealt\u00e0, amicizia e solidariet\u00e0.<\/p>    <p>Attraverso un video web dal \u201csapore vero\u201d &#8211; perch\u00e9 realizzato anche tramite delle action cam &#8211; la marca racconta le 4 experience da #EROIVERI &#8211; ACQUA, ARIA, TERRA E FUOCO \u2013 che gli utenti potranno vivere presso le sedi di quattro associazioni di volontariato italiane impegnate giornalmente nel salvataggio e salvaguardia degli animali, delle persone e dell\u2019ambiente.<\/p>  <p>Le 4 associazioni protagoniste, Filicudi Wildlife Conservation in Sicilia (Acqua), Reparto Volo Emergenze in Veneto (Aria), Unit\u00e0 Tecnica di Soccorso in Lombardia (Terra) e il Corpo volontari Antincendi Boschivi del Piemonte (Fuoco) al termine dell\u2019iniziativa ospiteranno, come veri ambasciatori dei valori del brand, 4 fortunati gruppi di amici che potranno assaporare insieme a loro il gusto di fare qualcosa per gli altri.<\/p>    <p>La campagna tramite web video, banner display, radio e social porter\u00e0 traffico alla piattaforma di partecipazione <a href=\"http:\/\/www.ungiornodaeroiveri.it\">www.ungiornodaeroiveri.it<\/a> dove gli utenti sceglieranno la propria missione e decideranno se unirsi agli #EROIVERI che quotidianamente operano nei nostri mari, nei boschi, tra i cieli e sulle montagne italiane. Tutte persone reali che quotidianamente mettono a disposizione loro stessi e le loro competenze per fare del bene.<\/p>    <p><br \/><\/p>            <p>SCHEDA CREDITS: UN GIORNO DA #EROIVERI<\/p>    <p>Cliente: Montenegro S.r.l. <\/p>  <p>Agenzia: Testa Digital Hub S.r.l. (Gruppo Armando Testa) <\/p>  <p>Direzione Creativa: Jacopo Morini <\/p>  <p>Direzione Strategica: Massimiliano Rossi <\/p>  <p>Senior Art Director: Francesco Mazzone <\/p>  <p>Senior Copywriter: Pierfabio Iannuzzi <\/p>  <p>Project Management: Mirko Di Gregoli <\/p>  <p>Casa di Produzione: Diaviva S.r.l <\/p>  <p>Regia: Daniele Brunelletti <\/p>  <p>D.O.P: Edoardo Carlo Bolli <\/p>  <p>Hashtag: #EROIVERI<\/p>\n\n<ul class=\"wp-block-gallery columns-1 is-cropped wp-block-gallery-1 is-layout-flex wp-block-gallery-is-layout-flex\">\n<li class=\"blocks-gallery-item\">\n <figure>\n  <a href=\"https:\/\/newsroom.armandotesta.it\/\/wp-content\/uploads\/2019\/03\/210966-TERRA_RGB-d89a94-original-1464359374.jpg\">\n   <img decoding=\"async\" src=\"https:\/\/newsroom.armandotesta.it\/\/wp-content\/uploads\/2019\/03\/210966-TERRA_RGB-d89a94-original-1464359374.jpg\" \n       alt=\"\" \n      data-link=\"https:\/\/newsroom.armandotesta.it\/\/wp-content\/uploads\/2019\/03\/210966-TERRA_RGB-d89a94-original-1464359374.jpg\" \n     class=\"td-modal-image\"\/>\n  <\/a>\n  <\/figure>\n <\/li><li class=\"blocks-gallery-item\">\n <figure>\n  <a href=\"https:\/\/newsroom.armandotesta.it\/\/wp-content\/uploads\/2019\/03\/210965-FUOCO_RGB-512192-original-1464359336.jpg\">\n   <img decoding=\"async\" src=\"https:\/\/newsroom.armandotesta.it\/\/wp-content\/uploads\/2019\/03\/210965-FUOCO_RGB-512192-original-1464359336.jpg\" \n       alt=\"\" \n      data-link=\"https:\/\/newsroom.armandotesta.it\/\/wp-content\/uploads\/2019\/03\/210965-FUOCO_RGB-512192-original-1464359336.jpg\" \n     class=\"td-modal-image\"\/>\n  <\/a>\n  <\/figure>\n <\/li><li class=\"blocks-gallery-item\">\n <figure>\n  <a href=\"https:\/\/newsroom.armandotesta.it\/\/wp-content\/uploads\/2019\/03\/210964-FRAMEFINALE_RGB-f4bf66-original-1464359336.jpg\">\n <img decoding=\"async\" src=\"https:\/\/newsroom.armandotesta.it\/\/wp-content\/uploads\/2019\/03\/210964-FRAMEFINALE_RGB-f4bf66-original-1464359336.jpg\" \n         alt=\"\" \n      data-link=\"https:\/\/newsroom.armandotesta.it\/\/wp-content\/uploads\/2019\/03\/210964-FRAMEFINALE_RGB-f4bf66-original-1464359336.jpg\" \n       class=\"td-modal-image\"\/>\n  <\/a>\n  <\/figure>\n <\/li><li class=\"blocks-gallery-item\">\n <figure>\n  <a href=\"https:\/\/newsroom.armandotesta.it\/\/wp-content\/uploads\/2019\/03\/210963-ACQUA_RGB-e6ef8a-original-1464359299.jpg\">\n   <img decoding=\"async\" src=\"https:\/\/newsroom.armandotesta.it\/\/wp-content\/uploads\/2019\/03\/210963-ACQUA_RGB-e6ef8a-original-1464359299.jpg\" \n       alt=\"\" \n      data-link=\"https:\/\/newsroom.armandotesta.it\/\/wp-content\/uploads\/2019\/03\/210963-ACQUA_RGB-e6ef8a-original-1464359299.jpg\" \n     class=\"td-modal-image\"\/>\n  <\/a>\n  <\/figure>\n <\/li><li class=\"blocks-gallery-item\">\n <figure>\n  <a href=\"https:\/\/newsroom.armandotesta.it\/\/wp-content\/uploads\/2019\/03\/210962-ARIA_RGB-575a7a-original-1464359298.jpg\">\n    <img decoding=\"async\" src=\"https:\/\/newsroom.armandotesta.it\/\/wp-content\/uploads\/2019\/03\/210962-ARIA_RGB-575a7a-original-1464359298.jpg\" \n        alt=\"\" \n      data-link=\"https:\/\/newsroom.armandotesta.it\/\/wp-content\/uploads\/2019\/03\/210962-ARIA_RGB-575a7a-original-1464359298.jpg\" \n      class=\"td-modal-image\"\/>\n  <\/a>\n  <\/figure>\n <\/li><\/ul>\n\n\n<figure class=\"wp-block-embed-youtube wp-block-embed is-type-video is-provider-youtube wp-embed-aspect-16-9 wp-has-aspect-ratio\"><div class=\"wp-block-embed__wrapper\">\n<iframe loading=\"lazy\" title=\"UN GIORNO DA #EROIVERI   80\u201d\" width=\"500\" height=\"281\" src=\"https:\/\/www.youtube.com\/embed\/mlYJebniu7M?feature=oembed\" frameborder=\"0\" allow=\"accelerometer; autoplay; clipboard-write; encrypted-media; gyroscope; picture-in-picture; web-share\" referrerpolicy=\"strict-origin-when-cross-origin\" allowfullscreen><\/iframe>\n<\/div>\n<\/figure>\n","protected":false},"excerpt":{"rendered":"<p>Testa Digital Hub &#8211;  unit del Gruppo Armando Testa dedicata all\u2019innovazione \u2013 lancia oggi \u201cUn Giorno da #Eroiveri\u201d la nuova campagna digital multipiattaforma del brand Amaro Montenegro. Si tratta di un\u2019attivit\u00e0 di engagement digitale che, in continuit\u00e0 con la campagna televisiva #Eroiveri, declina sul target pi\u00f9 giovane il posizionamento dell\u2019amaro italiano per eccellenza, fondato sui valori di lealt\u00e0, amicizia e solidariet\u00e0.<\/p>\n","protected":false},"author":1,"featured_media":19703,"comment_status":"closed","ping_status":"closed","sticky":false,"template":"","format":"standard","meta":{"_acf_changed":false,"inline_featured_image":false,"footnotes":""},"categories":[],"tags":[],"class_list":["post-23643","post","type-post","status-publish","format-standard","has-post-thumbnail","hentry"],"acf":false,"yoast_head":"<!-- This site is optimized with the Yoast SEO plugin v27.5 - https:\/\/yoast.com\/product\/yoast-seo-wordpress\/ -->\n<title>TESTA DIGITAL HUB LANCIA \u201cUN GIORNO DA #EROIVERI\u201d, LA NUOVA CAMPAGNA DIGITAL DI AMARO MONTENEGRO. - Armando Testa<\/title>\n<meta name=\"robots\" content=\"index, follow, max-snippet:-1, max-image-preview:large, max-video-preview:-1\" \/>\n<link rel=\"canonical\" href=\"https:\/\/www.armandotesta.it\/it\/testa-digital-hub-lancia-un-giorno-da-eroiveri-la-nuova-campagna-digital-di-amaro-montenegro\/\" \/>\n<meta property=\"og:locale\" content=\"it_IT\" \/>\n<meta property=\"og:type\" content=\"article\" \/>\n<meta property=\"og:title\" content=\"TESTA DIGITAL HUB LANCIA \u201cUN GIORNO DA #EROIVERI\u201d, LA NUOVA CAMPAGNA DIGITAL DI AMARO MONTENEGRO. - Armando Testa\" \/>\n<meta property=\"og:description\" content=\"Testa Digital Hub - unit del Gruppo Armando Testa dedicata all\u2019innovazione \u2013 lancia oggi \u201cUn Giorno da #Eroiveri\u201d la nuova campagna digital multipiattaforma del brand Amaro Montenegro. Si tratta di un\u2019attivit\u00e0 di engagement digitale che, in continuit\u00e0 con la campagna televisiva #Eroiveri, declina sul target pi\u00f9 giovane il posizionamento dell\u2019amaro italiano per eccellenza, fondato sui valori di lealt\u00e0, amicizia e solidariet\u00e0.\" \/>\n<meta property=\"og:url\" content=\"https:\/\/www.armandotesta.it\/it\/testa-digital-hub-lancia-un-giorno-da-eroiveri-la-nuova-campagna-digital-di-amaro-montenegro\/\" \/>\n<meta property=\"og:site_name\" content=\"Armando Testa\" \/>\n<meta property=\"article:published_time\" content=\"2016-05-16T10:30:00+00:00\" \/>\n<meta property=\"article:modified_time\" content=\"2024-06-04T13:38:47+00:00\" \/>\n<meta property=\"og:image\" content=\"https:\/\/www.armandotesta.it\/wp-content\/uploads\/2024\/06\/210964-FRAMEFINALE_RGB-f4bf66-original-1464359336.jpg\" \/>\n\t<meta property=\"og:image:width\" content=\"1600\" \/>\n\t<meta property=\"og:image:height\" content=\"844\" \/>\n\t<meta property=\"og:image:type\" content=\"image\/jpeg\" \/>\n<meta name=\"author\" content=\"admAT\" \/>\n<meta name=\"twitter:card\" content=\"summary_large_image\" \/>\n<meta name=\"twitter:label1\" content=\"Scritto da\" \/>\n\t<meta name=\"twitter:data1\" content=\"admAT\" \/>\n\t<meta name=\"twitter:label2\" content=\"Tempo di lettura stimato\" \/>\n\t<meta name=\"twitter:data2\" content=\"2 minuti\" \/>\n<script type=\"application\/ld+json\" class=\"yoast-schema-graph\">{\"@context\":\"https:\\\/\\\/schema.org\",\"@graph\":[{\"@type\":\"Article\",\"@id\":\"https:\\\/\\\/www.armandotesta.it\\\/it\\\/testa-digital-hub-lancia-un-giorno-da-eroiveri-la-nuova-campagna-digital-di-amaro-montenegro\\\/#article\",\"isPartOf\":{\"@id\":\"https:\\\/\\\/www.armandotesta.it\\\/it\\\/testa-digital-hub-lancia-un-giorno-da-eroiveri-la-nuova-campagna-digital-di-amaro-montenegro\\\/\"},\"author\":{\"name\":\"admAT\",\"@id\":\"https:\\\/\\\/www.armandotesta.it\\\/it\\\/#\\\/schema\\\/person\\\/46d1d2d167e5f7b857761f0d5183a848\"},\"headline\":\"TESTA DIGITAL HUB LANCIA \u201cUN GIORNO DA #EROIVERI\u201d, LA NUOVA CAMPAGNA DIGITAL DI AMARO MONTENEGRO.\",\"datePublished\":\"2016-05-16T10:30:00+00:00\",\"dateModified\":\"2024-06-04T13:38:47+00:00\",\"mainEntityOfPage\":{\"@id\":\"https:\\\/\\\/www.armandotesta.it\\\/it\\\/testa-digital-hub-lancia-un-giorno-da-eroiveri-la-nuova-campagna-digital-di-amaro-montenegro\\\/\"},\"wordCount\":326,\"publisher\":{\"@id\":\"https:\\\/\\\/www.armandotesta.it\\\/it\\\/#organization\"},\"image\":{\"@id\":\"https:\\\/\\\/www.armandotesta.it\\\/it\\\/testa-digital-hub-lancia-un-giorno-da-eroiveri-la-nuova-campagna-digital-di-amaro-montenegro\\\/#primaryimage\"},\"thumbnailUrl\":\"https:\\\/\\\/www.armandotesta.it\\\/wp-content\\\/uploads\\\/2024\\\/06\\\/210964-FRAMEFINALE_RGB-f4bf66-original-1464359336.jpg\",\"inLanguage\":\"it-IT\"},{\"@type\":\"WebPage\",\"@id\":\"https:\\\/\\\/www.armandotesta.it\\\/it\\\/testa-digital-hub-lancia-un-giorno-da-eroiveri-la-nuova-campagna-digital-di-amaro-montenegro\\\/\",\"url\":\"https:\\\/\\\/www.armandotesta.it\\\/it\\\/testa-digital-hub-lancia-un-giorno-da-eroiveri-la-nuova-campagna-digital-di-amaro-montenegro\\\/\",\"name\":\"TESTA DIGITAL HUB LANCIA \u201cUN GIORNO DA #EROIVERI\u201d, LA NUOVA CAMPAGNA DIGITAL DI AMARO MONTENEGRO. - Armando Testa\",\"isPartOf\":{\"@id\":\"https:\\\/\\\/www.armandotesta.it\\\/it\\\/#website\"},\"primaryImageOfPage\":{\"@id\":\"https:\\\/\\\/www.armandotesta.it\\\/it\\\/testa-digital-hub-lancia-un-giorno-da-eroiveri-la-nuova-campagna-digital-di-amaro-montenegro\\\/#primaryimage\"},\"image\":{\"@id\":\"https:\\\/\\\/www.armandotesta.it\\\/it\\\/testa-digital-hub-lancia-un-giorno-da-eroiveri-la-nuova-campagna-digital-di-amaro-montenegro\\\/#primaryimage\"},\"thumbnailUrl\":\"https:\\\/\\\/www.armandotesta.it\\\/wp-content\\\/uploads\\\/2024\\\/06\\\/210964-FRAMEFINALE_RGB-f4bf66-original-1464359336.jpg\",\"datePublished\":\"2016-05-16T10:30:00+00:00\",\"dateModified\":\"2024-06-04T13:38:47+00:00\",\"breadcrumb\":{\"@id\":\"https:\\\/\\\/www.armandotesta.it\\\/it\\\/testa-digital-hub-lancia-un-giorno-da-eroiveri-la-nuova-campagna-digital-di-amaro-montenegro\\\/#breadcrumb\"},\"inLanguage\":\"it-IT\",\"potentialAction\":[{\"@type\":\"ReadAction\",\"target\":[\"https:\\\/\\\/www.armandotesta.it\\\/it\\\/testa-digital-hub-lancia-un-giorno-da-eroiveri-la-nuova-campagna-digital-di-amaro-montenegro\\\/\"]}]},{\"@type\":\"ImageObject\",\"inLanguage\":\"it-IT\",\"@id\":\"https:\\\/\\\/www.armandotesta.it\\\/it\\\/testa-digital-hub-lancia-un-giorno-da-eroiveri-la-nuova-campagna-digital-di-amaro-montenegro\\\/#primaryimage\",\"url\":\"https:\\\/\\\/www.armandotesta.it\\\/wp-content\\\/uploads\\\/2024\\\/06\\\/210964-FRAMEFINALE_RGB-f4bf66-original-1464359336.jpg\",\"contentUrl\":\"https:\\\/\\\/www.armandotesta.it\\\/wp-content\\\/uploads\\\/2024\\\/06\\\/210964-FRAMEFINALE_RGB-f4bf66-original-1464359336.jpg\",\"width\":1600,\"height\":844},{\"@type\":\"BreadcrumbList\",\"@id\":\"https:\\\/\\\/www.armandotesta.it\\\/it\\\/testa-digital-hub-lancia-un-giorno-da-eroiveri-la-nuova-campagna-digital-di-amaro-montenegro\\\/#breadcrumb\",\"itemListElement\":[{\"@type\":\"ListItem\",\"position\":1,\"name\":\"Home\",\"item\":\"https:\\\/\\\/www.armandotesta.it\\\/it\\\/\"},{\"@type\":\"ListItem\",\"position\":2,\"name\":\"TESTA DIGITAL HUB LANCIA \u201cUN GIORNO DA #EROIVERI\u201d, LA NUOVA CAMPAGNA DIGITAL DI AMARO MONTENEGRO.\"}]},{\"@type\":\"WebSite\",\"@id\":\"https:\\\/\\\/www.armandotesta.it\\\/it\\\/#website\",\"url\":\"https:\\\/\\\/www.armandotesta.it\\\/it\\\/\",\"name\":\"Armando Testa\",\"description\":\"\",\"publisher\":{\"@id\":\"https:\\\/\\\/www.armandotesta.it\\\/it\\\/#organization\"},\"potentialAction\":[{\"@type\":\"SearchAction\",\"target\":{\"@type\":\"EntryPoint\",\"urlTemplate\":\"https:\\\/\\\/www.armandotesta.it\\\/it\\\/?s={search_term_string}\"},\"query-input\":{\"@type\":\"PropertyValueSpecification\",\"valueRequired\":true,\"valueName\":\"search_term_string\"}}],\"inLanguage\":\"it-IT\"},{\"@type\":\"Organization\",\"@id\":\"https:\\\/\\\/www.armandotesta.it\\\/it\\\/#organization\",\"name\":\"Armando Testa\",\"url\":\"https:\\\/\\\/www.armandotesta.it\\\/it\\\/\",\"logo\":{\"@type\":\"ImageObject\",\"inLanguage\":\"it-IT\",\"@id\":\"https:\\\/\\\/www.armandotesta.it\\\/it\\\/#\\\/schema\\\/logo\\\/image\\\/\",\"url\":\"https:\\\/\\\/www.armandotesta.it\\\/wp-content\\\/uploads\\\/2024\\\/01\\\/logo-at.png\",\"contentUrl\":\"https:\\\/\\\/www.armandotesta.it\\\/wp-content\\\/uploads\\\/2024\\\/01\\\/logo-at.png\",\"width\":200,\"height\":200,\"caption\":\"Armando Testa\"},\"image\":{\"@id\":\"https:\\\/\\\/www.armandotesta.it\\\/it\\\/#\\\/schema\\\/logo\\\/image\\\/\"}},{\"@type\":\"Person\",\"@id\":\"https:\\\/\\\/www.armandotesta.it\\\/it\\\/#\\\/schema\\\/person\\\/46d1d2d167e5f7b857761f0d5183a848\",\"name\":\"admAT\",\"image\":{\"@type\":\"ImageObject\",\"inLanguage\":\"it-IT\",\"@id\":\"https:\\\/\\\/secure.gravatar.com\\\/avatar\\\/9772e708d87105ee06ea2e627102fade92688c33bb2e0083a7a18b56280f7239?s=96&d=mm&r=g\",\"url\":\"https:\\\/\\\/secure.gravatar.com\\\/avatar\\\/9772e708d87105ee06ea2e627102fade92688c33bb2e0083a7a18b56280f7239?s=96&d=mm&r=g\",\"contentUrl\":\"https:\\\/\\\/secure.gravatar.com\\\/avatar\\\/9772e708d87105ee06ea2e627102fade92688c33bb2e0083a7a18b56280f7239?s=96&d=mm&r=g\",\"caption\":\"admAT\"},\"sameAs\":[\"https:\\\/\\\/www.armandotesta.it\"],\"url\":\"https:\\\/\\\/www.armandotesta.it\\\/it\\\/author\\\/admat\\\/\"}]}<\/script>\n<!-- \/ Yoast SEO plugin. -->","yoast_head_json":{"title":"TESTA DIGITAL HUB LANCIA \u201cUN GIORNO DA #EROIVERI\u201d, LA NUOVA CAMPAGNA DIGITAL DI AMARO MONTENEGRO. - Armando Testa","robots":{"index":"index","follow":"follow","max-snippet":"max-snippet:-1","max-image-preview":"max-image-preview:large","max-video-preview":"max-video-preview:-1"},"canonical":"https:\/\/www.armandotesta.it\/it\/testa-digital-hub-lancia-un-giorno-da-eroiveri-la-nuova-campagna-digital-di-amaro-montenegro\/","og_locale":"it_IT","og_type":"article","og_title":"TESTA DIGITAL HUB LANCIA \u201cUN GIORNO DA #EROIVERI\u201d, LA NUOVA CAMPAGNA DIGITAL DI AMARO MONTENEGRO. - Armando Testa","og_description":"Testa Digital Hub - unit del Gruppo Armando Testa dedicata all\u2019innovazione \u2013 lancia oggi \u201cUn Giorno da #Eroiveri\u201d la nuova campagna digital multipiattaforma del brand Amaro Montenegro. Si tratta di un\u2019attivit\u00e0 di engagement digitale che, in continuit\u00e0 con la campagna televisiva #Eroiveri, declina sul target pi\u00f9 giovane il posizionamento dell\u2019amaro italiano per eccellenza, fondato sui valori di lealt\u00e0, amicizia e solidariet\u00e0.","og_url":"https:\/\/www.armandotesta.it\/it\/testa-digital-hub-lancia-un-giorno-da-eroiveri-la-nuova-campagna-digital-di-amaro-montenegro\/","og_site_name":"Armando Testa","article_published_time":"2016-05-16T10:30:00+00:00","article_modified_time":"2024-06-04T13:38:47+00:00","og_image":[{"width":1600,"height":844,"url":"https:\/\/www.armandotesta.it\/wp-content\/uploads\/2024\/06\/210964-FRAMEFINALE_RGB-f4bf66-original-1464359336.jpg","type":"image\/jpeg"}],"author":"admAT","twitter_card":"summary_large_image","twitter_misc":{"Scritto da":"admAT","Tempo di lettura stimato":"2 minuti"},"schema":{"@context":"https:\/\/schema.org","@graph":[{"@type":"Article","@id":"https:\/\/www.armandotesta.it\/it\/testa-digital-hub-lancia-un-giorno-da-eroiveri-la-nuova-campagna-digital-di-amaro-montenegro\/#article","isPartOf":{"@id":"https:\/\/www.armandotesta.it\/it\/testa-digital-hub-lancia-un-giorno-da-eroiveri-la-nuova-campagna-digital-di-amaro-montenegro\/"},"author":{"name":"admAT","@id":"https:\/\/www.armandotesta.it\/it\/#\/schema\/person\/46d1d2d167e5f7b857761f0d5183a848"},"headline":"TESTA DIGITAL HUB LANCIA \u201cUN GIORNO DA #EROIVERI\u201d, LA NUOVA CAMPAGNA DIGITAL DI AMARO MONTENEGRO.","datePublished":"2016-05-16T10:30:00+00:00","dateModified":"2024-06-04T13:38:47+00:00","mainEntityOfPage":{"@id":"https:\/\/www.armandotesta.it\/it\/testa-digital-hub-lancia-un-giorno-da-eroiveri-la-nuova-campagna-digital-di-amaro-montenegro\/"},"wordCount":326,"publisher":{"@id":"https:\/\/www.armandotesta.it\/it\/#organization"},"image":{"@id":"https:\/\/www.armandotesta.it\/it\/testa-digital-hub-lancia-un-giorno-da-eroiveri-la-nuova-campagna-digital-di-amaro-montenegro\/#primaryimage"},"thumbnailUrl":"https:\/\/www.armandotesta.it\/wp-content\/uploads\/2024\/06\/210964-FRAMEFINALE_RGB-f4bf66-original-1464359336.jpg","inLanguage":"it-IT"},{"@type":"WebPage","@id":"https:\/\/www.armandotesta.it\/it\/testa-digital-hub-lancia-un-giorno-da-eroiveri-la-nuova-campagna-digital-di-amaro-montenegro\/","url":"https:\/\/www.armandotesta.it\/it\/testa-digital-hub-lancia-un-giorno-da-eroiveri-la-nuova-campagna-digital-di-amaro-montenegro\/","name":"TESTA DIGITAL HUB LANCIA \u201cUN GIORNO DA #EROIVERI\u201d, LA NUOVA CAMPAGNA DIGITAL DI AMARO MONTENEGRO. - Armando Testa","isPartOf":{"@id":"https:\/\/www.armandotesta.it\/it\/#website"},"primaryImageOfPage":{"@id":"https:\/\/www.armandotesta.it\/it\/testa-digital-hub-lancia-un-giorno-da-eroiveri-la-nuova-campagna-digital-di-amaro-montenegro\/#primaryimage"},"image":{"@id":"https:\/\/www.armandotesta.it\/it\/testa-digital-hub-lancia-un-giorno-da-eroiveri-la-nuova-campagna-digital-di-amaro-montenegro\/#primaryimage"},"thumbnailUrl":"https:\/\/www.armandotesta.it\/wp-content\/uploads\/2024\/06\/210964-FRAMEFINALE_RGB-f4bf66-original-1464359336.jpg","datePublished":"2016-05-16T10:30:00+00:00","dateModified":"2024-06-04T13:38:47+00:00","breadcrumb":{"@id":"https:\/\/www.armandotesta.it\/it\/testa-digital-hub-lancia-un-giorno-da-eroiveri-la-nuova-campagna-digital-di-amaro-montenegro\/#breadcrumb"},"inLanguage":"it-IT","potentialAction":[{"@type":"ReadAction","target":["https:\/\/www.armandotesta.it\/it\/testa-digital-hub-lancia-un-giorno-da-eroiveri-la-nuova-campagna-digital-di-amaro-montenegro\/"]}]},{"@type":"ImageObject","inLanguage":"it-IT","@id":"https:\/\/www.armandotesta.it\/it\/testa-digital-hub-lancia-un-giorno-da-eroiveri-la-nuova-campagna-digital-di-amaro-montenegro\/#primaryimage","url":"https:\/\/www.armandotesta.it\/wp-content\/uploads\/2024\/06\/210964-FRAMEFINALE_RGB-f4bf66-original-1464359336.jpg","contentUrl":"https:\/\/www.armandotesta.it\/wp-content\/uploads\/2024\/06\/210964-FRAMEFINALE_RGB-f4bf66-original-1464359336.jpg","width":1600,"height":844},{"@type":"BreadcrumbList","@id":"https:\/\/www.armandotesta.it\/it\/testa-digital-hub-lancia-un-giorno-da-eroiveri-la-nuova-campagna-digital-di-amaro-montenegro\/#breadcrumb","itemListElement":[{"@type":"ListItem","position":1,"name":"Home","item":"https:\/\/www.armandotesta.it\/it\/"},{"@type":"ListItem","position":2,"name":"TESTA DIGITAL HUB LANCIA \u201cUN GIORNO DA #EROIVERI\u201d, LA NUOVA CAMPAGNA DIGITAL DI AMARO MONTENEGRO."}]},{"@type":"WebSite","@id":"https:\/\/www.armandotesta.it\/it\/#website","url":"https:\/\/www.armandotesta.it\/it\/","name":"Armando Testa","description":"","publisher":{"@id":"https:\/\/www.armandotesta.it\/it\/#organization"},"potentialAction":[{"@type":"SearchAction","target":{"@type":"EntryPoint","urlTemplate":"https:\/\/www.armandotesta.it\/it\/?s={search_term_string}"},"query-input":{"@type":"PropertyValueSpecification","valueRequired":true,"valueName":"search_term_string"}}],"inLanguage":"it-IT"},{"@type":"Organization","@id":"https:\/\/www.armandotesta.it\/it\/#organization","name":"Armando Testa","url":"https:\/\/www.armandotesta.it\/it\/","logo":{"@type":"ImageObject","inLanguage":"it-IT","@id":"https:\/\/www.armandotesta.it\/it\/#\/schema\/logo\/image\/","url":"https:\/\/www.armandotesta.it\/wp-content\/uploads\/2024\/01\/logo-at.png","contentUrl":"https:\/\/www.armandotesta.it\/wp-content\/uploads\/2024\/01\/logo-at.png","width":200,"height":200,"caption":"Armando Testa"},"image":{"@id":"https:\/\/www.armandotesta.it\/it\/#\/schema\/logo\/image\/"}},{"@type":"Person","@id":"https:\/\/www.armandotesta.it\/it\/#\/schema\/person\/46d1d2d167e5f7b857761f0d5183a848","name":"admAT","image":{"@type":"ImageObject","inLanguage":"it-IT","@id":"https:\/\/secure.gravatar.com\/avatar\/9772e708d87105ee06ea2e627102fade92688c33bb2e0083a7a18b56280f7239?s=96&d=mm&r=g","url":"https:\/\/secure.gravatar.com\/avatar\/9772e708d87105ee06ea2e627102fade92688c33bb2e0083a7a18b56280f7239?s=96&d=mm&r=g","contentUrl":"https:\/\/secure.gravatar.com\/avatar\/9772e708d87105ee06ea2e627102fade92688c33bb2e0083a7a18b56280f7239?s=96&d=mm&r=g","caption":"admAT"},"sameAs":["https:\/\/www.armandotesta.it"],"url":"https:\/\/www.armandotesta.it\/it\/author\/admat\/"}]}},"_links":{"self":[{"href":"https:\/\/www.armandotesta.it\/it\/wp-json\/wp\/v2\/posts\/23643","targetHints":{"allow":["GET"]}}],"collection":[{"href":"https:\/\/www.armandotesta.it\/it\/wp-json\/wp\/v2\/posts"}],"about":[{"href":"https:\/\/www.armandotesta.it\/it\/wp-json\/wp\/v2\/types\/post"}],"author":[{"embeddable":true,"href":"https:\/\/www.armandotesta.it\/it\/wp-json\/wp\/v2\/users\/1"}],"replies":[{"embeddable":true,"href":"https:\/\/www.armandotesta.it\/it\/wp-json\/wp\/v2\/comments?post=23643"}],"version-history":[{"count":1,"href":"https:\/\/www.armandotesta.it\/it\/wp-json\/wp\/v2\/posts\/23643\/revisions"}],"predecessor-version":[{"id":25062,"href":"https:\/\/www.armandotesta.it\/it\/wp-json\/wp\/v2\/posts\/23643\/revisions\/25062"}],"wp:featuredmedia":[{"embeddable":true,"href":"https:\/\/www.armandotesta.it\/it\/wp-json\/wp\/v2\/media\/19703"}],"wp:attachment":[{"href":"https:\/\/www.armandotesta.it\/it\/wp-json\/wp\/v2\/media?parent=23643"}],"wp:term":[{"taxonomy":"category","embeddable":true,"href":"https:\/\/www.armandotesta.it\/it\/wp-json\/wp\/v2\/categories?post=23643"},{"taxonomy":"post_tag","embeddable":true,"href":"https:\/\/www.armandotesta.it\/it\/wp-json\/wp\/v2\/tags?post=23643"}],"curies":[{"name":"wp","href":"https:\/\/api.w.org\/{rel}","templated":true}]}}